{"id":11889,"date":"2024-10-09T14:44:48","date_gmt":"2024-10-09T14:44:48","guid":{"rendered":"https:\/\/comarcas.vvr.pt\/aveiro\/?p=11889"},"modified":"2024-10-23T15:00:47","modified_gmt":"2024-10-23T15:00:47","slug":"vida-nova-para-o-pior-edificio-da-justica-em-aveiro","status":"publish","type":"post","link":"https:\/\/comarcas.csm.org.pt\/aveiro\/blog\/2024\/10\/09\/vida-nova-para-o-pior-edificio-da-justica-em-aveiro\/","title":{"rendered":"Vida nova para o pior edif\u00edcio da justi\u00e7a em Aveiro"},"content":{"rendered":"<p><!-- \/wp:post-content --><\/p><p><!-- wp:paragraph --><\/p><p>Palacete que at\u00e9 julho de 2023 albergou o Ju\u00edzo de Fam\u00edlia e Menores est\u00e1 agora em obras, que dever\u00e3o ser conclu\u00eddas no pr\u00f3ximo m\u00eas de fevereiro<\/p><p><!-- \/wp:paragraph --><\/p><p><!-- wp:paragraph --><\/p><p>Outrora considerado o caso mais flagrante de falta de condi\u00e7\u00f5es em todo o parque judici\u00e1rio da comarca de Aveiro, o edif\u00edcio que ocupa os n\u00fameros 13 e 15 da Rua E\u00e7a de Queir\u00f3s, no centro da cidade, est\u00e1 finalmente em obras, que v\u00e3o debelar os in\u00fameros problemas h\u00e1 muito tempo identificados e denunciados quer na sua estrutura f\u00edsica, quer na funcionalidade dos servi\u00e7os.<br \/>Os avisos foram feitos nos sucessivos relat\u00f3rios anuais que a comarca fez chegar ao Conselho Superior da Magistratura, sendo manifestada for\u00adte preocupa\u00e7\u00e3o com as condi\u00e7\u00f5es de funcionamento do Ju\u00ed\u00adzo de Fam\u00edlia e Menores de Aveiro, que ali esteve instalado at\u00e9 julho de 2023.<br \/>No relat\u00f3rio de 2022, por exem\u00adplo, o juiz-presidente, Jor\u00adge Bispo, notava que o edif\u00edcio, junto \u00e0s 5 Bicas, \u00abconstitui seguramente a situa\u00e7\u00e3o mais problem\u00e1tica e preocupante de toda a comarca, n\u00e3o se compreendendo a demora na sua resolu\u00e7\u00e3o\u00bb.<\/p><p><!-- \/wp:paragraph --><\/p><p><!-- wp:paragraph --><\/p><p>Leia a not\u00edcia na \u00edntegra no Di\u00e1rio de Aveiro: <a href=\"https:\/\/www.diarioaveiro.pt\/2024\/10\/06\/vida-nova-para-o-pior-edificio-da-justica-em-aveiro\/\">Vida nova para o pior edif\u00edcio da justi\u00e7a em Aveiro (diarioaveiro.pt)<\/a><\/p>","protected":false},"excerpt":{"rendered":"<p>Palacete que at\u00e9 julho de 2023 albergou o Ju\u00edzo de Fam\u00edlia e Menores est\u00e1 agora em obras, que dever\u00e3o ser conclu\u00eddas no pr\u00f3ximo m\u00eas de fevereiro Outrora considerado o caso mais flagrante de falta de&#8230;<\/p>\n","protected":false},"author":1,"featured_media":0,"comment_status":"closed","ping_status":"open","sticky":false,"template":"","format":"standard","meta":{"_tbt_post_transparent":"","_tbt_post_title":"","_tbt_post_layout":"","_tbt_post_sidebar_id":"","_tbt_post_content_style":"","_tbt_post_vertical_padding":"","_tbt_post_feature":"","_tbt_post_feature_position":"","_tbt_post_header":false,"_tbt_post_footer":false},"categories":[1],"tags":[],"class_list":["post-11889","post","type-post","status-publish","format-standard","hentry","category-geral"],"yoast_head":"<!-- This site is optimized with the Yoast SEO plugin v25.6 - https:\/\/yoast.com\/wordpress\/plugins\/seo\/ -->\n<title>Vida nova para o pior edif\u00edcio da justi\u00e7a em Aveiro - Tribunal Judicial da Comarca de Aveiro<\/title>\n<meta name=\"robots\" content=\"index, follow, max-snippet:-1, max-image-preview:large, max-video-preview:-1\" \/>\n<link rel=\"canonical\" href=\"https:\/\/comarcas.csm.org.pt\/aveiro\/blog\/2024\/10\/09\/vida-nova-para-o-pior-edificio-da-justica-em-aveiro\/\" \/>\n<meta property=\"og:locale\" content=\"pt_PT\" \/>\n<meta property=\"og:type\" content=\"article\" \/>\n<meta property=\"og:title\" content=\"Vida nova para o pior edif\u00edcio da justi\u00e7a em Aveiro - Tribunal Judicial da Comarca de Aveiro\" \/>\n<meta property=\"og:description\" content=\"Palacete que at\u00e9 julho de 2023 albergou o Ju\u00edzo de Fam\u00edlia e Menores est\u00e1 agora em obras, que dever\u00e3o ser conclu\u00eddas no pr\u00f3ximo m\u00eas de fevereiro Outrora considerado o caso mais flagrante de falta de...\" \/>\n<meta property=\"og:url\" content=\"https:\/\/comarcas.csm.org.pt\/aveiro\/blog\/2024\/10\/09\/vida-nova-para-o-pior-edificio-da-justica-em-aveiro\/\" \/>\n<meta property=\"og:site_name\" content=\"Tribunal Judicial da Comarca de Aveiro\" \/>\n<meta property=\"article:published_time\" content=\"2024-10-09T14:44:48+00:00\" \/>\n<meta property=\"article:modified_time\" content=\"2024-10-23T15:00:47+00:00\" \/>\n<meta name=\"author\" content=\"admin\" \/>\n<meta name=\"twitter:card\" content=\"summary_large_image\" \/>\n<meta name=\"twitter:label1\" content=\"Escrito por\" \/>\n\t<meta name=\"twitter:data1\" content=\"admin\" \/>\n\t<meta name=\"twitter:label2\" content=\"Tempo estimado de leitura\" \/>\n\t<meta name=\"twitter:data2\" content=\"2 minutos\" \/>\n<script type=\"application\/ld+json\" class=\"yoast-schema-graph\">{\"@context\":\"https:\/\/schema.org\",\"@graph\":[{\"@type\":\"Article\",\"@id\":\"https:\/\/comarcas.csm.org.pt\/aveiro\/blog\/2024\/10\/09\/vida-nova-para-o-pior-edificio-da-justica-em-aveiro\/#article\",\"isPartOf\":{\"@id\":\"https:\/\/comarcas.csm.org.pt\/aveiro\/blog\/2024\/10\/09\/vida-nova-para-o-pior-edificio-da-justica-em-aveiro\/\"},\"author\":{\"name\":\"admin\",\"@id\":\"https:\/\/comarcas.csm.org.pt\/aveiro\/#\/schema\/person\/a5f21f7de084677db8d4f3c7e23e7424\"},\"headline\":\"Vida nova para o pior edif\u00edcio da justi\u00e7a em Aveiro\",\"datePublished\":\"2024-10-09T14:44:48+00:00\",\"dateModified\":\"2024-10-23T15:00:47+00:00\",\"mainEntityOfPage\":{\"@id\":\"https:\/\/comarcas.csm.org.pt\/aveiro\/blog\/2024\/10\/09\/vida-nova-para-o-pior-edificio-da-justica-em-aveiro\/\"},\"wordCount\":231,\"publisher\":{\"@id\":\"https:\/\/comarcas.csm.org.pt\/aveiro\/#organization\"},\"articleSection\":[\"Geral\"],\"inLanguage\":\"pt-PT\"},{\"@type\":\"WebPage\",\"@id\":\"https:\/\/comarcas.csm.org.pt\/aveiro\/blog\/2024\/10\/09\/vida-nova-para-o-pior-edificio-da-justica-em-aveiro\/\",\"url\":\"https:\/\/comarcas.csm.org.pt\/aveiro\/blog\/2024\/10\/09\/vida-nova-para-o-pior-edificio-da-justica-em-aveiro\/\",\"name\":\"Vida nova para o pior edif\u00edcio da justi\u00e7a em Aveiro - Tribunal Judicial da Comarca de Aveiro\",\"isPartOf\":{\"@id\":\"https:\/\/comarcas.csm.org.pt\/aveiro\/#website\"},\"datePublished\":\"2024-10-09T14:44:48+00:00\",\"dateModified\":\"2024-10-23T15:00:47+00:00\",\"breadcrumb\":{\"@id\":\"https:\/\/comarcas.csm.org.pt\/aveiro\/blog\/2024\/10\/09\/vida-nova-para-o-pior-edificio-da-justica-em-aveiro\/#breadcrumb\"},\"inLanguage\":\"pt-PT\",\"potentialAction\":[{\"@type\":\"ReadAction\",\"target\":[\"https:\/\/comarcas.csm.org.pt\/aveiro\/blog\/2024\/10\/09\/vida-nova-para-o-pior-edificio-da-justica-em-aveiro\/\"]}]},{\"@type\":\"BreadcrumbList\",\"@id\":\"https:\/\/comarcas.csm.org.pt\/aveiro\/blog\/2024\/10\/09\/vida-nova-para-o-pior-edificio-da-justica-em-aveiro\/#breadcrumb\",\"itemListElement\":[{\"@type\":\"ListItem\",\"position\":1,\"name\":\"In\u00edcio\",\"item\":\"https:\/\/comarcas.csm.org.pt\/aveiro\/\"},{\"@type\":\"ListItem\",\"position\":2,\"name\":\"Vida nova para o pior edif\u00edcio da justi\u00e7a em Aveiro\"}]},{\"@type\":\"WebSite\",\"@id\":\"https:\/\/comarcas.csm.org.pt\/aveiro\/#website\",\"url\":\"https:\/\/comarcas.csm.org.pt\/aveiro\/\",\"name\":\"Tribunal Judicial da Comarca de Aveiro\",\"description\":\"Tribunal Judicial da Comarca de Aveiro\",\"publisher\":{\"@id\":\"https:\/\/comarcas.csm.org.pt\/aveiro\/#organization\"},\"potentialAction\":[{\"@type\":\"SearchAction\",\"target\":{\"@type\":\"EntryPoint\",\"urlTemplate\":\"https:\/\/comarcas.csm.org.pt\/aveiro\/?s={search_term_string}\"},\"query-input\":{\"@type\":\"PropertyValueSpecification\",\"valueRequired\":true,\"valueName\":\"search_term_string\"}}],\"inLanguage\":\"pt-PT\"},{\"@type\":\"Organization\",\"@id\":\"https:\/\/comarcas.csm.org.pt\/aveiro\/#organization\",\"name\":\"Tribunal Judicial da Comarca de Aveiro\",\"url\":\"https:\/\/comarcas.csm.org.pt\/aveiro\/\",\"logo\":{\"@type\":\"ImageObject\",\"inLanguage\":\"pt-PT\",\"@id\":\"https:\/\/comarcas.csm.org.pt\/aveiro\/#\/schema\/logo\/image\/\",\"url\":\"https:\/\/comarcas.csm.org.pt\/aveiro\/wp-content\/uploads\/sites\/5\/2024\/09\/Aveiro_positivo-horizontal-1.png\",\"contentUrl\":\"https:\/\/comarcas.csm.org.pt\/aveiro\/wp-content\/uploads\/sites\/5\/2024\/09\/Aveiro_positivo-horizontal-1.png\",\"width\":5153,\"height\":890,\"caption\":\"Tribunal Judicial da Comarca de Aveiro\"},\"image\":{\"@id\":\"https:\/\/comarcas.csm.org.pt\/aveiro\/#\/schema\/logo\/image\/\"}},{\"@type\":\"Person\",\"@id\":\"https:\/\/comarcas.csm.org.pt\/aveiro\/#\/schema\/person\/a5f21f7de084677db8d4f3c7e23e7424\",\"name\":\"admin\",\"image\":{\"@type\":\"ImageObject\",\"inLanguage\":\"pt-PT\",\"@id\":\"https:\/\/comarcas.csm.org.pt\/aveiro\/#\/schema\/person\/image\/\",\"url\":\"https:\/\/secure.gravatar.com\/avatar\/a6b5486505bf2315a6f3484736100611c62ce49ded6652aba7457653cf4dbfd2?s=96&d=mm&r=g\",\"contentUrl\":\"https:\/\/secure.gravatar.com\/avatar\/a6b5486505bf2315a6f3484736100611c62ce49ded6652aba7457653cf4dbfd2?s=96&d=mm&r=g\",\"caption\":\"admin\"},\"sameAs\":[\"https:\/\/comarcas.csm.org.pt\/\"],\"url\":\"https:\/\/comarcas.csm.org.pt\/aveiro\/blog\/author\/admin\/\"}]}<\/script>\n<!-- \/ Yoast SEO plugin. -->","yoast_head_json":{"title":"Vida nova para o pior edif\u00edcio da justi\u00e7a em Aveiro - Tribunal Judicial da Comarca de Aveiro","robots":{"index":"index","follow":"follow","max-snippet":"max-snippet:-1","max-image-preview":"max-image-preview:large","max-video-preview":"max-video-preview:-1"},"canonical":"https:\/\/comarcas.csm.org.pt\/aveiro\/blog\/2024\/10\/09\/vida-nova-para-o-pior-edificio-da-justica-em-aveiro\/","og_locale":"pt_PT","og_type":"article","og_title":"Vida nova para o pior edif\u00edcio da justi\u00e7a em Aveiro - Tribunal Judicial da Comarca de Aveiro","og_description":"Palacete que at\u00e9 julho de 2023 albergou o Ju\u00edzo de Fam\u00edlia e Menores est\u00e1 agora em obras, que dever\u00e3o ser conclu\u00eddas no pr\u00f3ximo m\u00eas de fevereiro Outrora considerado o caso mais flagrante de falta de...","og_url":"https:\/\/comarcas.csm.org.pt\/aveiro\/blog\/2024\/10\/09\/vida-nova-para-o-pior-edificio-da-justica-em-aveiro\/","og_site_name":"Tribunal Judicial da Comarca de Aveiro","article_published_time":"2024-10-09T14:44:48+00:00","article_modified_time":"2024-10-23T15:00:47+00:00","author":"admin","twitter_card":"summary_large_image","twitter_misc":{"Escrito por":"admin","Tempo estimado de leitura":"2 minutos"},"schema":{"@context":"https:\/\/schema.org","@graph":[{"@type":"Article","@id":"https:\/\/comarcas.csm.org.pt\/aveiro\/blog\/2024\/10\/09\/vida-nova-para-o-pior-edificio-da-justica-em-aveiro\/#article","isPartOf":{"@id":"https:\/\/comarcas.csm.org.pt\/aveiro\/blog\/2024\/10\/09\/vida-nova-para-o-pior-edificio-da-justica-em-aveiro\/"},"author":{"name":"admin","@id":"https:\/\/comarcas.csm.org.pt\/aveiro\/#\/schema\/person\/a5f21f7de084677db8d4f3c7e23e7424"},"headline":"Vida nova para o pior edif\u00edcio da justi\u00e7a em Aveiro","datePublished":"2024-10-09T14:44:48+00:00","dateModified":"2024-10-23T15:00:47+00:00","mainEntityOfPage":{"@id":"https:\/\/comarcas.csm.org.pt\/aveiro\/blog\/2024\/10\/09\/vida-nova-para-o-pior-edificio-da-justica-em-aveiro\/"},"wordCount":231,"publisher":{"@id":"https:\/\/comarcas.csm.org.pt\/aveiro\/#organization"},"articleSection":["Geral"],"inLanguage":"pt-PT"},{"@type":"WebPage","@id":"https:\/\/comarcas.csm.org.pt\/aveiro\/blog\/2024\/10\/09\/vida-nova-para-o-pior-edificio-da-justica-em-aveiro\/","url":"https:\/\/comarcas.csm.org.pt\/aveiro\/blog\/2024\/10\/09\/vida-nova-para-o-pior-edificio-da-justica-em-aveiro\/","name":"Vida nova para o pior edif\u00edcio da justi\u00e7a em Aveiro - Tribunal Judicial da Comarca de Aveiro","isPartOf":{"@id":"https:\/\/comarcas.csm.org.pt\/aveiro\/#website"},"datePublished":"2024-10-09T14:44:48+00:00","dateModified":"2024-10-23T15:00:47+00:00","breadcrumb":{"@id":"https:\/\/comarcas.csm.org.pt\/aveiro\/blog\/2024\/10\/09\/vida-nova-para-o-pior-edificio-da-justica-em-aveiro\/#breadcrumb"},"inLanguage":"pt-PT","potentialAction":[{"@type":"ReadAction","target":["https:\/\/comarcas.csm.org.pt\/aveiro\/blog\/2024\/10\/09\/vida-nova-para-o-pior-edificio-da-justica-em-aveiro\/"]}]},{"@type":"BreadcrumbList","@id":"https:\/\/comarcas.csm.org.pt\/aveiro\/blog\/2024\/10\/09\/vida-nova-para-o-pior-edificio-da-justica-em-aveiro\/#breadcrumb","itemListElement":[{"@type":"ListItem","position":1,"name":"In\u00edcio","item":"https:\/\/comarcas.csm.org.pt\/aveiro\/"},{"@type":"ListItem","position":2,"name":"Vida nova para o pior edif\u00edcio da justi\u00e7a em Aveiro"}]},{"@type":"WebSite","@id":"https:\/\/comarcas.csm.org.pt\/aveiro\/#website","url":"https:\/\/comarcas.csm.org.pt\/aveiro\/","name":"Tribunal Judicial da Comarca de Aveiro","description":"Tribunal Judicial da Comarca de Aveiro","publisher":{"@id":"https:\/\/comarcas.csm.org.pt\/aveiro\/#organization"},"potentialAction":[{"@type":"SearchAction","target":{"@type":"EntryPoint","urlTemplate":"https:\/\/comarcas.csm.org.pt\/aveiro\/?s={search_term_string}"},"query-input":{"@type":"PropertyValueSpecification","valueRequired":true,"valueName":"search_term_string"}}],"inLanguage":"pt-PT"},{"@type":"Organization","@id":"https:\/\/comarcas.csm.org.pt\/aveiro\/#organization","name":"Tribunal Judicial da Comarca de Aveiro","url":"https:\/\/comarcas.csm.org.pt\/aveiro\/","logo":{"@type":"ImageObject","inLanguage":"pt-PT","@id":"https:\/\/comarcas.csm.org.pt\/aveiro\/#\/schema\/logo\/image\/","url":"https:\/\/comarcas.csm.org.pt\/aveiro\/wp-content\/uploads\/sites\/5\/2024\/09\/Aveiro_positivo-horizontal-1.png","contentUrl":"https:\/\/comarcas.csm.org.pt\/aveiro\/wp-content\/uploads\/sites\/5\/2024\/09\/Aveiro_positivo-horizontal-1.png","width":5153,"height":890,"caption":"Tribunal Judicial da Comarca de Aveiro"},"image":{"@id":"https:\/\/comarcas.csm.org.pt\/aveiro\/#\/schema\/logo\/image\/"}},{"@type":"Person","@id":"https:\/\/comarcas.csm.org.pt\/aveiro\/#\/schema\/person\/a5f21f7de084677db8d4f3c7e23e7424","name":"admin","image":{"@type":"ImageObject","inLanguage":"pt-PT","@id":"https:\/\/comarcas.csm.org.pt\/aveiro\/#\/schema\/person\/image\/","url":"https:\/\/secure.gravatar.com\/avatar\/a6b5486505bf2315a6f3484736100611c62ce49ded6652aba7457653cf4dbfd2?s=96&d=mm&r=g","contentUrl":"https:\/\/secure.gravatar.com\/avatar\/a6b5486505bf2315a6f3484736100611c62ce49ded6652aba7457653cf4dbfd2?s=96&d=mm&r=g","caption":"admin"},"sameAs":["https:\/\/comarcas.csm.org.pt\/"],"url":"https:\/\/comarcas.csm.org.pt\/aveiro\/blog\/author\/admin\/"}]}},"_links":{"self":[{"href":"https:\/\/comarcas.csm.org.pt\/aveiro\/wp-json\/wp\/v2\/posts\/11889","targetHints":{"allow":["GET"]}}],"collection":[{"href":"https:\/\/comarcas.csm.org.pt\/aveiro\/wp-json\/wp\/v2\/posts"}],"about":[{"href":"https:\/\/comarcas.csm.org.pt\/aveiro\/wp-json\/wp\/v2\/types\/post"}],"author":[{"embeddable":true,"href":"https:\/\/comarcas.csm.org.pt\/aveiro\/wp-json\/wp\/v2\/users\/1"}],"replies":[{"embeddable":true,"href":"https:\/\/comarcas.csm.org.pt\/aveiro\/wp-json\/wp\/v2\/comments?post=11889"}],"version-history":[{"count":8,"href":"https:\/\/comarcas.csm.org.pt\/aveiro\/wp-json\/wp\/v2\/posts\/11889\/revisions"}],"predecessor-version":[{"id":11897,"href":"https:\/\/comarcas.csm.org.pt\/aveiro\/wp-json\/wp\/v2\/posts\/11889\/revisions\/11897"}],"wp:attachment":[{"href":"https:\/\/comarcas.csm.org.pt\/aveiro\/wp-json\/wp\/v2\/media?parent=11889"}],"wp:term":[{"taxonomy":"category","embeddable":true,"href":"https:\/\/comarcas.csm.org.pt\/aveiro\/wp-json\/wp\/v2\/categories?post=11889"},{"taxonomy":"post_tag","embeddable":true,"href":"https:\/\/comarcas.csm.org.pt\/aveiro\/wp-json\/wp\/v2\/tags?post=11889"}],"curies":[{"name":"wp","href":"https:\/\/api.w.org\/{rel}","templated":true}]}}