{"id":12003,"date":"2025-06-06T19:12:29","date_gmt":"2025-06-06T19:12:29","guid":{"rendered":"https:\/\/comarcas.csm.org.pt\/aveiro\/?p=12003"},"modified":"2025-06-17T15:03:37","modified_gmt":"2025-06-17T15:03:37","slug":"reuniao-final-de-avaliacao-dos-auditores-de-justica-do-40-o-curso-normal-de-formacao-do-cej-foi-realizada-no-tribunal-judicial-da-comarca-de-aveiro","status":"publish","type":"post","link":"https:\/\/comarcas.csm.org.pt\/aveiro\/blog\/2025\/06\/06\/reuniao-final-de-avaliacao-dos-auditores-de-justica-do-40-o-curso-normal-de-formacao-do-cej-foi-realizada-no-tribunal-judicial-da-comarca-de-aveiro\/","title":{"rendered":"Reuni\u00e3o final de avalia\u00e7\u00e3o dos Auditores de Justi\u00e7a do 40.\u00ba Curso Normal de Forma\u00e7\u00e3o do CEJ foi realizada no Tribunal Judicial da Comarca de Aveiro"},"content":{"rendered":"\t\t<div data-elementor-type=\"wp-post\" data-elementor-id=\"12003\" class=\"elementor elementor-12003\" data-elementor-post-type=\"post\">\n\t\t\t\t<div class=\"elementor-element elementor-element-1657e726 e-flex e-con-boxed e-con e-parent\" data-id=\"1657e726\" data-element_type=\"container\">\n\t\t\t\t\t<div class=\"e-con-inner\">\n\t\t\t\t<div class=\"elementor-element elementor-element-12248b08 elementor-widget elementor-widget-text-editor\" data-id=\"12248b08\" data-element_type=\"widget\" data-widget_type=\"text-editor.default\">\n\t\t\t\t<div class=\"elementor-widget-container\">\n\t\t\t\t\t\t\t\t\t\n<p>No dia 6 de Junho de 2025 realizou-se no Pal\u00e1cio da Justi\u00e7a de Aveiro, a reuni\u00e3o final de avalia\u00e7\u00e3o dos Senhores Auditores de Justi\u00e7a do 40.\u00ba Curso Normal de Forma\u00e7\u00e3o de Magistrados do Centro de Estudos Judici\u00e1rios, colocados nas zonas Norte e Centro.<br \/>Participaram na reuni\u00e3o a Senhora Directora-Adjunta do Centro de Estudos Judici\u00e1rios, Dr.\u00aa\u00a0Patr\u00edcia Cordeiro da Costa, os senhores Coordenadores Regionais de Forma\u00e7\u00e3o e, ainda, os Ju\u00edzes Formadores das regi\u00f5es Norte e Centro.<\/p>\n\n<p>A realiza\u00e7\u00e3o da reuni\u00e3o no Pal\u00e1cio da Justi\u00e7a de Aveiro foi motivada pelo desejo de diversificar os locais das reuni\u00f5es realizadas no \u00e2mbito da\u00a0Forma\u00e7\u00e3o de Magistrados, tendo a cidade de Aveiro localiza\u00e7\u00e3o privilegiada pela sua centralidade, e o Pal\u00e1cio da Justi\u00e7a de Aveiro instala\u00e7\u00f5es dotadas das condi\u00e7\u00f5es t\u00e9cnicas e meios tecnol\u00f3gicos que permitiram reunir os participantes, de forma presencial e com interven\u00e7\u00e3o atrav\u00e9s de meio de comunica\u00e7\u00e3o \u00e0 dist\u00e2ncia.<\/p>\n\n<p>Ap\u00f3s a reuni\u00e3o realizou-se um almo\u00e7o, que contou com a presen\u00e7a do Juiz Presidente da Comarca de Aveiro, Desembargador Jorge Manuel Duarte Bispo, bem como um passeio de barco moliceiro pelos principais canais da cidade.<\/p>\n\t\t\t\t\t\t\t\t<\/div>\n\t\t\t\t<\/div>\n\t\t\t\t\t<\/div>\n\t\t\t\t<\/div>\n\t\t<div class=\"elementor-element elementor-element-02c6941 e-flex e-con-boxed e-con e-parent\" data-id=\"02c6941\" data-element_type=\"container\">\n\t\t\t\t\t<div class=\"e-con-inner\">\n\t\t\t\t<div class=\"elementor-element elementor-element-0c29fea elementor-widget elementor-widget-image-gallery\" data-id=\"0c29fea\" data-element_type=\"widget\" data-widget_type=\"image-gallery.default\">\n\t\t\t\t<div class=\"elementor-widget-container\">\n\t\t\t\t\t\t\t<div class=\"elementor-image-gallery\">\n\t\t\t<div id='gallery-1' class='gallery galleryid-12003 gallery-columns-4 gallery-size-thumbnail'><figure class='gallery-item'>\n\t\t\t<div class='gallery-icon landscape'>\n\t\t\t\t<a data-elementor-open-lightbox=\"yes\" data-elementor-lightbox-slideshow=\"0c29fea\" data-elementor-lightbox-title=\"IMG_20250612_112142\" data-e-action-hash=\"#elementor-action%3Aaction%3Dlightbox%26settings%3DeyJpZCI6MTIxMzcsInVybCI6Imh0dHBzOlwvXC9jb21hcmNhcy5jc20ub3JnLnB0XC9hdmVpcm9cL3dwLWNvbnRlbnRcL3VwbG9hZHNcL3NpdGVzXC81XC8yMDI1XC8wMlwvSU1HXzIwMjUwNjEyXzExMjE0Mi1zY2FsZWQuanBnIiwic2xpZGVzaG93IjoiMGMyOWZlYSJ9\" href='https:\/\/comarcas.csm.org.pt\/aveiro\/wp-content\/uploads\/sites\/5\/2025\/02\/IMG_20250612_112142-scaled.jpg'><img decoding=\"async\" width=\"150\" height=\"150\" src=\"https:\/\/comarcas.csm.org.pt\/aveiro\/wp-content\/uploads\/sites\/5\/2025\/02\/IMG_20250612_112142-150x150.jpg\" class=\"attachment-thumbnail size-thumbnail\" alt=\"\" \/><\/a>\n\t\t\t<\/div><\/figure><figure class='gallery-item'>\n\t\t\t<div class='gallery-icon landscape'>\n\t\t\t\t<a data-elementor-open-lightbox=\"yes\" data-elementor-lightbox-slideshow=\"0c29fea\" data-elementor-lightbox-title=\"IMG_20250612_112112\" data-e-action-hash=\"#elementor-action%3Aaction%3Dlightbox%26settings%3DeyJpZCI6MTIxMzYsInVybCI6Imh0dHBzOlwvXC9jb21hcmNhcy5jc20ub3JnLnB0XC9hdmVpcm9cL3dwLWNvbnRlbnRcL3VwbG9hZHNcL3NpdGVzXC81XC8yMDI1XC8wMlwvSU1HXzIwMjUwNjEyXzExMjExMi1zY2FsZWQuanBnIiwic2xpZGVzaG93IjoiMGMyOWZlYSJ9\" href='https:\/\/comarcas.csm.org.pt\/aveiro\/wp-content\/uploads\/sites\/5\/2025\/02\/IMG_20250612_112112-scaled.jpg'><img decoding=\"async\" width=\"150\" height=\"150\" src=\"https:\/\/comarcas.csm.org.pt\/aveiro\/wp-content\/uploads\/sites\/5\/2025\/02\/IMG_20250612_112112-150x150.jpg\" class=\"attachment-thumbnail size-thumbnail\" alt=\"\" \/><\/a>\n\t\t\t<\/div><\/figure><figure class='gallery-item'>\n\t\t\t<div class='gallery-icon landscape'>\n\t\t\t\t<a data-elementor-open-lightbox=\"yes\" data-elementor-lightbox-slideshow=\"0c29fea\" data-elementor-lightbox-title=\"IMG_20250612_112048\" data-e-action-hash=\"#elementor-action%3Aaction%3Dlightbox%26settings%3DeyJpZCI6MTIxMzUsInVybCI6Imh0dHBzOlwvXC9jb21hcmNhcy5jc20ub3JnLnB0XC9hdmVpcm9cL3dwLWNvbnRlbnRcL3VwbG9hZHNcL3NpdGVzXC81XC8yMDI1XC8wMlwvSU1HXzIwMjUwNjEyXzExMjA0OC1zY2FsZWQuanBnIiwic2xpZGVzaG93IjoiMGMyOWZlYSJ9\" href='https:\/\/comarcas.csm.org.pt\/aveiro\/wp-content\/uploads\/sites\/5\/2025\/02\/IMG_20250612_112048-scaled.jpg'><img decoding=\"async\" width=\"150\" height=\"150\" src=\"https:\/\/comarcas.csm.org.pt\/aveiro\/wp-content\/uploads\/sites\/5\/2025\/02\/IMG_20250612_112048-150x150.jpg\" class=\"attachment-thumbnail size-thumbnail\" alt=\"\" \/><\/a>\n\t\t\t<\/div><\/figure><figure class='gallery-item'>\n\t\t\t<div class='gallery-icon portrait'>\n\t\t\t\t<a data-elementor-open-lightbox=\"yes\" data-elementor-lightbox-slideshow=\"0c29fea\" data-elementor-lightbox-title=\"IMG_7089\" data-e-action-hash=\"#elementor-action%3Aaction%3Dlightbox%26settings%3DeyJpZCI6MTIxMzQsInVybCI6Imh0dHBzOlwvXC9jb21hcmNhcy5jc20ub3JnLnB0XC9hdmVpcm9cL3dwLWNvbnRlbnRcL3VwbG9hZHNcL3NpdGVzXC81XC8yMDI1XC8wMlwvSU1HXzcwODktc2NhbGVkLmpwZyIsInNsaWRlc2hvdyI6IjBjMjlmZWEifQ%3D%3D\" href='https:\/\/comarcas.csm.org.pt\/aveiro\/wp-content\/uploads\/sites\/5\/2025\/02\/IMG_7089-scaled.jpg'><img loading=\"lazy\" decoding=\"async\" width=\"150\" height=\"150\" src=\"https:\/\/comarcas.csm.org.pt\/aveiro\/wp-content\/uploads\/sites\/5\/2025\/02\/IMG_7089-150x150.jpg\" class=\"attachment-thumbnail size-thumbnail\" alt=\"\" \/><\/a>\n\t\t\t<\/div><\/figure>\n\t\t<\/div>\n\t\t<\/div>\n\t\t\t\t\t\t<\/div>\n\t\t\t\t<\/div>\n\t\t\t\t\t<\/div>\n\t\t\t\t<\/div>\n\t\t\t\t<\/div>\n\t\t","protected":false},"excerpt":{"rendered":"<p>No dia 6 de Junho de 2025 realizou-se no Pal\u00e1cio da Justi\u00e7a de Aveiro, a reuni\u00e3o final de avalia\u00e7\u00e3o dos Senhores Auditores de Justi\u00e7a do 40.\u00ba Curso Normal de Forma\u00e7\u00e3o de Magistrados do Centro de&#8230;<\/p>\n","protected":false},"author":4,"featured_media":0,"comment_status":"closed","ping_status":"open","sticky":false,"template":"","format":"standard","meta":{"_tbt_post_transparent":"","_tbt_post_title":"","_tbt_post_layout":"","_tbt_post_sidebar_id":"","_tbt_post_content_style":"","_tbt_post_vertical_padding":"","_tbt_post_feature":"","_tbt_post_feature_position":"","_tbt_post_header":false,"_tbt_post_footer":false},"categories":[1],"tags":[],"class_list":["post-12003","post","type-post","status-publish","format-standard","hentry","category-geral"],"yoast_head":"<!-- This site is optimized with the Yoast SEO plugin v25.6 - https:\/\/yoast.com\/wordpress\/plugins\/seo\/ -->\n<title>Reuni\u00e3o final de avalia\u00e7\u00e3o dos Auditores de Justi\u00e7a do 40.\u00ba Curso Normal de Forma\u00e7\u00e3o do CEJ foi realizada no Tribunal Judicial da Comarca de Aveiro - Tribunal Judicial da Comarca de Aveiro<\/title>\n<meta name=\"description\" content=\"Reuni\u00e3o final de avalia\u00e7\u00e3o dos Auditores de Justi\u00e7a do 40.\u00ba Curso Normal de Forma\u00e7\u00e3o do CEJ foi realizada no Tribunal Judicial da Comarca de Aveiro\" \/>\n<meta name=\"robots\" content=\"index, follow, max-snippet:-1, max-image-preview:large, max-video-preview:-1\" \/>\n<link rel=\"canonical\" href=\"https:\/\/comarcas.csm.org.pt\/aveiro\/blog\/2025\/06\/06\/reuniao-final-de-avaliacao-dos-auditores-de-justica-do-40-o-curso-normal-de-formacao-do-cej-foi-realizada-no-tribunal-judicial-da-comarca-de-aveiro\/\" \/>\n<meta property=\"og:locale\" content=\"pt_PT\" \/>\n<meta property=\"og:type\" content=\"article\" \/>\n<meta property=\"og:title\" content=\"Reuni\u00e3o final de avalia\u00e7\u00e3o dos Auditores de Justi\u00e7a do 40.\u00ba Curso Normal de Forma\u00e7\u00e3o do CEJ foi realizada no Tribunal Judicial da Comarca de Aveiro - Tribunal Judicial da Comarca de Aveiro\" \/>\n<meta property=\"og:description\" content=\"Reuni\u00e3o final de avalia\u00e7\u00e3o dos Auditores de Justi\u00e7a do 40.\u00ba Curso Normal de Forma\u00e7\u00e3o do CEJ foi realizada no Tribunal Judicial da Comarca de Aveiro\" \/>\n<meta property=\"og:url\" content=\"https:\/\/comarcas.csm.org.pt\/aveiro\/blog\/2025\/06\/06\/reuniao-final-de-avaliacao-dos-auditores-de-justica-do-40-o-curso-normal-de-formacao-do-cej-foi-realizada-no-tribunal-judicial-da-comarca-de-aveiro\/\" \/>\n<meta property=\"og:site_name\" content=\"Tribunal Judicial da Comarca de Aveiro\" \/>\n<meta property=\"article:published_time\" content=\"2025-06-06T19:12:29+00:00\" \/>\n<meta property=\"article:modified_time\" content=\"2025-06-17T15:03:37+00:00\" \/>\n<meta property=\"og:image\" content=\"https:\/\/comarcas.csm.org.pt\/aveiro\/wp-content\/uploads\/sites\/5\/2025\/02\/IMG_20250612_112142-150x150.jpg\" \/>\n<meta name=\"author\" content=\"Teresa Marques\" \/>\n<meta name=\"twitter:card\" content=\"summary_large_image\" \/>\n<meta name=\"twitter:label1\" content=\"Escrito por\" \/>\n\t<meta name=\"twitter:data1\" content=\"Teresa Marques\" \/>\n\t<meta name=\"twitter:label2\" content=\"Tempo estimado de leitura\" \/>\n\t<meta name=\"twitter:data2\" content=\"2 minutos\" \/>\n<script type=\"application\/ld+json\" class=\"yoast-schema-graph\">{\"@context\":\"https:\/\/schema.org\",\"@graph\":[{\"@type\":\"Article\",\"@id\":\"https:\/\/comarcas.csm.org.pt\/aveiro\/blog\/2025\/06\/06\/reuniao-final-de-avaliacao-dos-auditores-de-justica-do-40-o-curso-normal-de-formacao-do-cej-foi-realizada-no-tribunal-judicial-da-comarca-de-aveiro\/#article\",\"isPartOf\":{\"@id\":\"https:\/\/comarcas.csm.org.pt\/aveiro\/blog\/2025\/06\/06\/reuniao-final-de-avaliacao-dos-auditores-de-justica-do-40-o-curso-normal-de-formacao-do-cej-foi-realizada-no-tribunal-judicial-da-comarca-de-aveiro\/\"},\"author\":{\"name\":\"Teresa Marques\",\"@id\":\"https:\/\/comarcas.csm.org.pt\/aveiro\/#\/schema\/person\/f47b76aceed6d6c815c9c7977bb8a7a5\"},\"headline\":\"Reuni\u00e3o final de avalia\u00e7\u00e3o dos Auditores de Justi\u00e7a do 40.\u00ba Curso Normal de Forma\u00e7\u00e3o do CEJ foi realizada no Tribunal Judicial da Comarca de Aveiro\",\"datePublished\":\"2025-06-06T19:12:29+00:00\",\"dateModified\":\"2025-06-17T15:03:37+00:00\",\"mainEntityOfPage\":{\"@id\":\"https:\/\/comarcas.csm.org.pt\/aveiro\/blog\/2025\/06\/06\/reuniao-final-de-avaliacao-dos-auditores-de-justica-do-40-o-curso-normal-de-formacao-do-cej-foi-realizada-no-tribunal-judicial-da-comarca-de-aveiro\/\"},\"wordCount\":238,\"publisher\":{\"@id\":\"https:\/\/comarcas.csm.org.pt\/aveiro\/#organization\"},\"image\":{\"@id\":\"https:\/\/comarcas.csm.org.pt\/aveiro\/blog\/2025\/06\/06\/reuniao-final-de-avaliacao-dos-auditores-de-justica-do-40-o-curso-normal-de-formacao-do-cej-foi-realizada-no-tribunal-judicial-da-comarca-de-aveiro\/#primaryimage\"},\"thumbnailUrl\":\"https:\/\/comarcas.csm.org.pt\/aveiro\/wp-content\/uploads\/sites\/5\/2025\/02\/IMG_20250612_112142-150x150.jpg\",\"articleSection\":[\"Geral\"],\"inLanguage\":\"pt-PT\"},{\"@type\":\"WebPage\",\"@id\":\"https:\/\/comarcas.csm.org.pt\/aveiro\/blog\/2025\/06\/06\/reuniao-final-de-avaliacao-dos-auditores-de-justica-do-40-o-curso-normal-de-formacao-do-cej-foi-realizada-no-tribunal-judicial-da-comarca-de-aveiro\/\",\"url\":\"https:\/\/comarcas.csm.org.pt\/aveiro\/blog\/2025\/06\/06\/reuniao-final-de-avaliacao-dos-auditores-de-justica-do-40-o-curso-normal-de-formacao-do-cej-foi-realizada-no-tribunal-judicial-da-comarca-de-aveiro\/\",\"name\":\"Reuni\u00e3o final de avalia\u00e7\u00e3o dos Auditores de Justi\u00e7a do 40.\u00ba Curso Normal de Forma\u00e7\u00e3o do CEJ foi realizada no Tribunal Judicial da Comarca de Aveiro - Tribunal Judicial da Comarca de Aveiro\",\"isPartOf\":{\"@id\":\"https:\/\/comarcas.csm.org.pt\/aveiro\/#website\"},\"primaryImageOfPage\":{\"@id\":\"https:\/\/comarcas.csm.org.pt\/aveiro\/blog\/2025\/06\/06\/reuniao-final-de-avaliacao-dos-auditores-de-justica-do-40-o-curso-normal-de-formacao-do-cej-foi-realizada-no-tribunal-judicial-da-comarca-de-aveiro\/#primaryimage\"},\"image\":{\"@id\":\"https:\/\/comarcas.csm.org.pt\/aveiro\/blog\/2025\/06\/06\/reuniao-final-de-avaliacao-dos-auditores-de-justica-do-40-o-curso-normal-de-formacao-do-cej-foi-realizada-no-tribunal-judicial-da-comarca-de-aveiro\/#primaryimage\"},\"thumbnailUrl\":\"https:\/\/comarcas.csm.org.pt\/aveiro\/wp-content\/uploads\/sites\/5\/2025\/02\/IMG_20250612_112142-150x150.jpg\",\"datePublished\":\"2025-06-06T19:12:29+00:00\",\"dateModified\":\"2025-06-17T15:03:37+00:00\",\"description\":\"Reuni\u00e3o final de avalia\u00e7\u00e3o dos Auditores de Justi\u00e7a do 40.\u00ba Curso Normal de Forma\u00e7\u00e3o do CEJ foi realizada no Tribunal Judicial da Comarca de Aveiro\",\"breadcrumb\":{\"@id\":\"https:\/\/comarcas.csm.org.pt\/aveiro\/blog\/2025\/06\/06\/reuniao-final-de-avaliacao-dos-auditores-de-justica-do-40-o-curso-normal-de-formacao-do-cej-foi-realizada-no-tribunal-judicial-da-comarca-de-aveiro\/#breadcrumb\"},\"inLanguage\":\"pt-PT\",\"potentialAction\":[{\"@type\":\"ReadAction\",\"target\":[\"https:\/\/comarcas.csm.org.pt\/aveiro\/blog\/2025\/06\/06\/reuniao-final-de-avaliacao-dos-auditores-de-justica-do-40-o-curso-normal-de-formacao-do-cej-foi-realizada-no-tribunal-judicial-da-comarca-de-aveiro\/\"]}]},{\"@type\":\"ImageObject\",\"inLanguage\":\"pt-PT\",\"@id\":\"https:\/\/comarcas.csm.org.pt\/aveiro\/blog\/2025\/06\/06\/reuniao-final-de-avaliacao-dos-auditores-de-justica-do-40-o-curso-normal-de-formacao-do-cej-foi-realizada-no-tribunal-judicial-da-comarca-de-aveiro\/#primaryimage\",\"url\":\"https:\/\/comarcas.csm.org.pt\/aveiro\/wp-content\/uploads\/sites\/5\/2025\/02\/IMG_20250612_112142-scaled.jpg\",\"contentUrl\":\"https:\/\/comarcas.csm.org.pt\/aveiro\/wp-content\/uploads\/sites\/5\/2025\/02\/IMG_20250612_112142-scaled.jpg\",\"width\":2560,\"height\":1183},{\"@type\":\"BreadcrumbList\",\"@id\":\"https:\/\/comarcas.csm.org.pt\/aveiro\/blog\/2025\/06\/06\/reuniao-final-de-avaliacao-dos-auditores-de-justica-do-40-o-curso-normal-de-formacao-do-cej-foi-realizada-no-tribunal-judicial-da-comarca-de-aveiro\/#breadcrumb\",\"itemListElement\":[{\"@type\":\"ListItem\",\"position\":1,\"name\":\"In\u00edcio\",\"item\":\"https:\/\/comarcas.csm.org.pt\/aveiro\/\"},{\"@type\":\"ListItem\",\"position\":2,\"name\":\"Reuni\u00e3o final de avalia\u00e7\u00e3o dos Auditores de Justi\u00e7a do 40.\u00ba Curso Normal de Forma\u00e7\u00e3o do CEJ foi realizada no Tribunal Judicial da Comarca de Aveiro\"}]},{\"@type\":\"WebSite\",\"@id\":\"https:\/\/comarcas.csm.org.pt\/aveiro\/#website\",\"url\":\"https:\/\/comarcas.csm.org.pt\/aveiro\/\",\"name\":\"Tribunal Judicial da Comarca de Aveiro\",\"description\":\"Tribunal Judicial da Comarca de Aveiro\",\"publisher\":{\"@id\":\"https:\/\/comarcas.csm.org.pt\/aveiro\/#organization\"},\"potentialAction\":[{\"@type\":\"SearchAction\",\"target\":{\"@type\":\"EntryPoint\",\"urlTemplate\":\"https:\/\/comarcas.csm.org.pt\/aveiro\/?s={search_term_string}\"},\"query-input\":{\"@type\":\"PropertyValueSpecification\",\"valueRequired\":true,\"valueName\":\"search_term_string\"}}],\"inLanguage\":\"pt-PT\"},{\"@type\":\"Organization\",\"@id\":\"https:\/\/comarcas.csm.org.pt\/aveiro\/#organization\",\"name\":\"Tribunal Judicial da Comarca de Aveiro\",\"url\":\"https:\/\/comarcas.csm.org.pt\/aveiro\/\",\"logo\":{\"@type\":\"ImageObject\",\"inLanguage\":\"pt-PT\",\"@id\":\"https:\/\/comarcas.csm.org.pt\/aveiro\/#\/schema\/logo\/image\/\",\"url\":\"https:\/\/comarcas.csm.org.pt\/aveiro\/wp-content\/uploads\/sites\/5\/2024\/09\/Aveiro_positivo-horizontal-1.png\",\"contentUrl\":\"https:\/\/comarcas.csm.org.pt\/aveiro\/wp-content\/uploads\/sites\/5\/2024\/09\/Aveiro_positivo-horizontal-1.png\",\"width\":5153,\"height\":890,\"caption\":\"Tribunal Judicial da Comarca de Aveiro\"},\"image\":{\"@id\":\"https:\/\/comarcas.csm.org.pt\/aveiro\/#\/schema\/logo\/image\/\"}},{\"@type\":\"Person\",\"@id\":\"https:\/\/comarcas.csm.org.pt\/aveiro\/#\/schema\/person\/f47b76aceed6d6c815c9c7977bb8a7a5\",\"name\":\"Teresa Marques\",\"image\":{\"@type\":\"ImageObject\",\"inLanguage\":\"pt-PT\",\"@id\":\"https:\/\/comarcas.csm.org.pt\/aveiro\/#\/schema\/person\/image\/\",\"url\":\"https:\/\/secure.gravatar.com\/avatar\/d30a09e3a926d9cc69b7afad7a0660d114597787266ebc6d1805f330dc2ba49a?s=96&d=mm&r=g\",\"contentUrl\":\"https:\/\/secure.gravatar.com\/avatar\/d30a09e3a926d9cc69b7afad7a0660d114597787266ebc6d1805f330dc2ba49a?s=96&d=mm&r=g\",\"caption\":\"Teresa Marques\"},\"url\":\"https:\/\/comarcas.csm.org.pt\/aveiro\/blog\/author\/teresamarques\/\"}]}<\/script>\n<!-- \/ Yoast SEO plugin. -->","yoast_head_json":{"title":"Reuni\u00e3o final de avalia\u00e7\u00e3o dos Auditores de Justi\u00e7a do 40.\u00ba Curso Normal de Forma\u00e7\u00e3o do CEJ foi realizada no Tribunal Judicial da Comarca de Aveiro - Tribunal Judicial da Comarca de Aveiro","description":"Reuni\u00e3o final de avalia\u00e7\u00e3o dos Auditores de Justi\u00e7a do 40.\u00ba Curso Normal de Forma\u00e7\u00e3o do CEJ foi realizada no Tribunal Judicial da Comarca de Aveiro","robots":{"index":"index","follow":"follow","max-snippet":"max-snippet:-1","max-image-preview":"max-image-preview:large","max-video-preview":"max-video-preview:-1"},"canonical":"https:\/\/comarcas.csm.org.pt\/aveiro\/blog\/2025\/06\/06\/reuniao-final-de-avaliacao-dos-auditores-de-justica-do-40-o-curso-normal-de-formacao-do-cej-foi-realizada-no-tribunal-judicial-da-comarca-de-aveiro\/","og_locale":"pt_PT","og_type":"article","og_title":"Reuni\u00e3o final de avalia\u00e7\u00e3o dos Auditores de Justi\u00e7a do 40.\u00ba Curso Normal de Forma\u00e7\u00e3o do CEJ foi realizada no Tribunal Judicial da Comarca de Aveiro - Tribunal Judicial da Comarca de Aveiro","og_description":"Reuni\u00e3o final de avalia\u00e7\u00e3o dos Auditores de Justi\u00e7a do 40.\u00ba Curso Normal de Forma\u00e7\u00e3o do CEJ foi realizada no Tribunal Judicial da Comarca de Aveiro","og_url":"https:\/\/comarcas.csm.org.pt\/aveiro\/blog\/2025\/06\/06\/reuniao-final-de-avaliacao-dos-auditores-de-justica-do-40-o-curso-normal-de-formacao-do-cej-foi-realizada-no-tribunal-judicial-da-comarca-de-aveiro\/","og_site_name":"Tribunal Judicial da Comarca de Aveiro","article_published_time":"2025-06-06T19:12:29+00:00","article_modified_time":"2025-06-17T15:03:37+00:00","og_image":[{"url":"https:\/\/comarcas.csm.org.pt\/aveiro\/wp-content\/uploads\/sites\/5\/2025\/02\/IMG_20250612_112142-150x150.jpg","type":"","width":"","height":""}],"author":"Teresa Marques","twitter_card":"summary_large_image","twitter_misc":{"Escrito por":"Teresa Marques","Tempo estimado de leitura":"2 minutos"},"schema":{"@context":"https:\/\/schema.org","@graph":[{"@type":"Article","@id":"https:\/\/comarcas.csm.org.pt\/aveiro\/blog\/2025\/06\/06\/reuniao-final-de-avaliacao-dos-auditores-de-justica-do-40-o-curso-normal-de-formacao-do-cej-foi-realizada-no-tribunal-judicial-da-comarca-de-aveiro\/#article","isPartOf":{"@id":"https:\/\/comarcas.csm.org.pt\/aveiro\/blog\/2025\/06\/06\/reuniao-final-de-avaliacao-dos-auditores-de-justica-do-40-o-curso-normal-de-formacao-do-cej-foi-realizada-no-tribunal-judicial-da-comarca-de-aveiro\/"},"author":{"name":"Teresa Marques","@id":"https:\/\/comarcas.csm.org.pt\/aveiro\/#\/schema\/person\/f47b76aceed6d6c815c9c7977bb8a7a5"},"headline":"Reuni\u00e3o final de avalia\u00e7\u00e3o dos Auditores de Justi\u00e7a do 40.\u00ba Curso Normal de Forma\u00e7\u00e3o do CEJ foi realizada no Tribunal Judicial da Comarca de Aveiro","datePublished":"2025-06-06T19:12:29+00:00","dateModified":"2025-06-17T15:03:37+00:00","mainEntityOfPage":{"@id":"https:\/\/comarcas.csm.org.pt\/aveiro\/blog\/2025\/06\/06\/reuniao-final-de-avaliacao-dos-auditores-de-justica-do-40-o-curso-normal-de-formacao-do-cej-foi-realizada-no-tribunal-judicial-da-comarca-de-aveiro\/"},"wordCount":238,"publisher":{"@id":"https:\/\/comarcas.csm.org.pt\/aveiro\/#organization"},"image":{"@id":"https:\/\/comarcas.csm.org.pt\/aveiro\/blog\/2025\/06\/06\/reuniao-final-de-avaliacao-dos-auditores-de-justica-do-40-o-curso-normal-de-formacao-do-cej-foi-realizada-no-tribunal-judicial-da-comarca-de-aveiro\/#primaryimage"},"thumbnailUrl":"https:\/\/comarcas.csm.org.pt\/aveiro\/wp-content\/uploads\/sites\/5\/2025\/02\/IMG_20250612_112142-150x150.jpg","articleSection":["Geral"],"inLanguage":"pt-PT"},{"@type":"WebPage","@id":"https:\/\/comarcas.csm.org.pt\/aveiro\/blog\/2025\/06\/06\/reuniao-final-de-avaliacao-dos-auditores-de-justica-do-40-o-curso-normal-de-formacao-do-cej-foi-realizada-no-tribunal-judicial-da-comarca-de-aveiro\/","url":"https:\/\/comarcas.csm.org.pt\/aveiro\/blog\/2025\/06\/06\/reuniao-final-de-avaliacao-dos-auditores-de-justica-do-40-o-curso-normal-de-formacao-do-cej-foi-realizada-no-tribunal-judicial-da-comarca-de-aveiro\/","name":"Reuni\u00e3o final de avalia\u00e7\u00e3o dos Auditores de Justi\u00e7a do 40.\u00ba Curso Normal de Forma\u00e7\u00e3o do CEJ foi realizada no Tribunal Judicial da Comarca de Aveiro - Tribunal Judicial da Comarca de Aveiro","isPartOf":{"@id":"https:\/\/comarcas.csm.org.pt\/aveiro\/#website"},"primaryImageOfPage":{"@id":"https:\/\/comarcas.csm.org.pt\/aveiro\/blog\/2025\/06\/06\/reuniao-final-de-avaliacao-dos-auditores-de-justica-do-40-o-curso-normal-de-formacao-do-cej-foi-realizada-no-tribunal-judicial-da-comarca-de-aveiro\/#primaryimage"},"image":{"@id":"https:\/\/comarcas.csm.org.pt\/aveiro\/blog\/2025\/06\/06\/reuniao-final-de-avaliacao-dos-auditores-de-justica-do-40-o-curso-normal-de-formacao-do-cej-foi-realizada-no-tribunal-judicial-da-comarca-de-aveiro\/#primaryimage"},"thumbnailUrl":"https:\/\/comarcas.csm.org.pt\/aveiro\/wp-content\/uploads\/sites\/5\/2025\/02\/IMG_20250612_112142-150x150.jpg","datePublished":"2025-06-06T19:12:29+00:00","dateModified":"2025-06-17T15:03:37+00:00","description":"Reuni\u00e3o final de avalia\u00e7\u00e3o dos Auditores de Justi\u00e7a do 40.\u00ba Curso Normal de Forma\u00e7\u00e3o do CEJ foi realizada no Tribunal Judicial da Comarca de Aveiro","breadcrumb":{"@id":"https:\/\/comarcas.csm.org.pt\/aveiro\/blog\/2025\/06\/06\/reuniao-final-de-avaliacao-dos-auditores-de-justica-do-40-o-curso-normal-de-formacao-do-cej-foi-realizada-no-tribunal-judicial-da-comarca-de-aveiro\/#breadcrumb"},"inLanguage":"pt-PT","potentialAction":[{"@type":"ReadAction","target":["https:\/\/comarcas.csm.org.pt\/aveiro\/blog\/2025\/06\/06\/reuniao-final-de-avaliacao-dos-auditores-de-justica-do-40-o-curso-normal-de-formacao-do-cej-foi-realizada-no-tribunal-judicial-da-comarca-de-aveiro\/"]}]},{"@type":"ImageObject","inLanguage":"pt-PT","@id":"https:\/\/comarcas.csm.org.pt\/aveiro\/blog\/2025\/06\/06\/reuniao-final-de-avaliacao-dos-auditores-de-justica-do-40-o-curso-normal-de-formacao-do-cej-foi-realizada-no-tribunal-judicial-da-comarca-de-aveiro\/#primaryimage","url":"https:\/\/comarcas.csm.org.pt\/aveiro\/wp-content\/uploads\/sites\/5\/2025\/02\/IMG_20250612_112142-scaled.jpg","contentUrl":"https:\/\/comarcas.csm.org.pt\/aveiro\/wp-content\/uploads\/sites\/5\/2025\/02\/IMG_20250612_112142-scaled.jpg","width":2560,"height":1183},{"@type":"BreadcrumbList","@id":"https:\/\/comarcas.csm.org.pt\/aveiro\/blog\/2025\/06\/06\/reuniao-final-de-avaliacao-dos-auditores-de-justica-do-40-o-curso-normal-de-formacao-do-cej-foi-realizada-no-tribunal-judicial-da-comarca-de-aveiro\/#breadcrumb","itemListElement":[{"@type":"ListItem","position":1,"name":"In\u00edcio","item":"https:\/\/comarcas.csm.org.pt\/aveiro\/"},{"@type":"ListItem","position":2,"name":"Reuni\u00e3o final de avalia\u00e7\u00e3o dos Auditores de Justi\u00e7a do 40.\u00ba Curso Normal de Forma\u00e7\u00e3o do CEJ foi realizada no Tribunal Judicial da Comarca de Aveiro"}]},{"@type":"WebSite","@id":"https:\/\/comarcas.csm.org.pt\/aveiro\/#website","url":"https:\/\/comarcas.csm.org.pt\/aveiro\/","name":"Tribunal Judicial da Comarca de Aveiro","description":"Tribunal Judicial da Comarca de Aveiro","publisher":{"@id":"https:\/\/comarcas.csm.org.pt\/aveiro\/#organization"},"potentialAction":[{"@type":"SearchAction","target":{"@type":"EntryPoint","urlTemplate":"https:\/\/comarcas.csm.org.pt\/aveiro\/?s={search_term_string}"},"query-input":{"@type":"PropertyValueSpecification","valueRequired":true,"valueName":"search_term_string"}}],"inLanguage":"pt-PT"},{"@type":"Organization","@id":"https:\/\/comarcas.csm.org.pt\/aveiro\/#organization","name":"Tribunal Judicial da Comarca de Aveiro","url":"https:\/\/comarcas.csm.org.pt\/aveiro\/","logo":{"@type":"ImageObject","inLanguage":"pt-PT","@id":"https:\/\/comarcas.csm.org.pt\/aveiro\/#\/schema\/logo\/image\/","url":"https:\/\/comarcas.csm.org.pt\/aveiro\/wp-content\/uploads\/sites\/5\/2024\/09\/Aveiro_positivo-horizontal-1.png","contentUrl":"https:\/\/comarcas.csm.org.pt\/aveiro\/wp-content\/uploads\/sites\/5\/2024\/09\/Aveiro_positivo-horizontal-1.png","width":5153,"height":890,"caption":"Tribunal Judicial da Comarca de Aveiro"},"image":{"@id":"https:\/\/comarcas.csm.org.pt\/aveiro\/#\/schema\/logo\/image\/"}},{"@type":"Person","@id":"https:\/\/comarcas.csm.org.pt\/aveiro\/#\/schema\/person\/f47b76aceed6d6c815c9c7977bb8a7a5","name":"Teresa Marques","image":{"@type":"ImageObject","inLanguage":"pt-PT","@id":"https:\/\/comarcas.csm.org.pt\/aveiro\/#\/schema\/person\/image\/","url":"https:\/\/secure.gravatar.com\/avatar\/d30a09e3a926d9cc69b7afad7a0660d114597787266ebc6d1805f330dc2ba49a?s=96&d=mm&r=g","contentUrl":"https:\/\/secure.gravatar.com\/avatar\/d30a09e3a926d9cc69b7afad7a0660d114597787266ebc6d1805f330dc2ba49a?s=96&d=mm&r=g","caption":"Teresa Marques"},"url":"https:\/\/comarcas.csm.org.pt\/aveiro\/blog\/author\/teresamarques\/"}]}},"_links":{"self":[{"href":"https:\/\/comarcas.csm.org.pt\/aveiro\/wp-json\/wp\/v2\/posts\/12003","targetHints":{"allow":["GET"]}}],"collection":[{"href":"https:\/\/comarcas.csm.org.pt\/aveiro\/wp-json\/wp\/v2\/posts"}],"about":[{"href":"https:\/\/comarcas.csm.org.pt\/aveiro\/wp-json\/wp\/v2\/types\/post"}],"author":[{"embeddable":true,"href":"https:\/\/comarcas.csm.org.pt\/aveiro\/wp-json\/wp\/v2\/users\/4"}],"replies":[{"embeddable":true,"href":"https:\/\/comarcas.csm.org.pt\/aveiro\/wp-json\/wp\/v2\/comments?post=12003"}],"version-history":[{"count":17,"href":"https:\/\/comarcas.csm.org.pt\/aveiro\/wp-json\/wp\/v2\/posts\/12003\/revisions"}],"predecessor-version":[{"id":12245,"href":"https:\/\/comarcas.csm.org.pt\/aveiro\/wp-json\/wp\/v2\/posts\/12003\/revisions\/12245"}],"wp:attachment":[{"href":"https:\/\/comarcas.csm.org.pt\/aveiro\/wp-json\/wp\/v2\/media?parent=12003"}],"wp:term":[{"taxonomy":"category","embeddable":true,"href":"https:\/\/comarcas.csm.org.pt\/aveiro\/wp-json\/wp\/v2\/categories?post=12003"},{"taxonomy":"post_tag","embeddable":true,"href":"https:\/\/comarcas.csm.org.pt\/aveiro\/wp-json\/wp\/v2\/tags?post=12003"}],"curies":[{"name":"wp","href":"https:\/\/api.w.org\/{rel}","templated":true}]}}