{"id":12044,"date":"2025-06-05T17:00:44","date_gmt":"2025-06-05T17:00:44","guid":{"rendered":"https:\/\/comarcas.csm.org.pt\/aveiro\/?p=12044"},"modified":"2025-06-17T14:15:42","modified_gmt":"2025-06-17T14:15:42","slug":"titulo","status":"publish","type":"post","link":"https:\/\/comarcas.csm.org.pt\/aveiro\/blog\/2025\/06\/05\/titulo\/","title":{"rendered":"Tribunal da Rela\u00e7\u00e3o do Porto, visitou o Tribunal Judicial da Comarca de Aveiro, tendo sido realizadas sess\u00f5es descentralizadas."},"content":{"rendered":"\t\t<div data-elementor-type=\"wp-post\" data-elementor-id=\"12044\" class=\"elementor elementor-12044\" data-elementor-post-type=\"post\">\n\t\t\t\t<div class=\"elementor-element elementor-element-16e389d4 e-flex e-con-boxed e-con e-parent\" data-id=\"16e389d4\" data-element_type=\"container\">\n\t\t\t\t\t<div class=\"e-con-inner\">\n\t\t\t\t<div class=\"elementor-element elementor-element-52a72b9 elementor-widget elementor-widget-text-editor\" data-id=\"52a72b9\" data-element_type=\"widget\" data-widget_type=\"text-editor.default\">\n\t\t\t\t<div class=\"elementor-widget-container\">\n\t\t\t\t\t\t\t\t\t<p>No dia 04 de junho de 2025, o Tribunal da Rela\u00e7\u00e3o do Porto efetuou uma visita ao Tribunal e \u00e0 cidade de Aveiro, decorrendo as sess\u00f5es das Sec\u00e7\u00f5es C\u00edveis, de forma conjunta, no Pal\u00e1cio de Justi\u00e7a de Aveiro.<\/p>\n<p>Essa iniciativa, resultado de uma parceria entre ambos os Tribunais, teve subjacente a circunst\u00e2ncia de o Tribunal da Rela\u00e7\u00e3o, para al\u00e9m do Grande Porto, incluir a Comarca de Aveiro, constituindo esta cidade a segunda capital de distrito abrangida pela \u00e1rea de compet\u00eancia territorial daquele Tribunal Superior.<\/p>\n<p>A escolha do Tribunal Judicial da Comarca de Aveiro foi justificada, n\u00e3o s\u00f3 pelo facto de o volume de recursos provenientes da Comarca de Aveiro ser bastante significativo, mas tamb\u00e9m por uma motiva\u00e7\u00e3o adicional de descentraliza\u00e7\u00e3o e aproxima\u00e7\u00e3o, afirmando a dimens\u00e3o do Tribunal da Rela\u00e7\u00e3o do Porto que via para al\u00e9m do Norte portugu\u00eas.<\/p>\n<p>O Tribunal da Rela\u00e7\u00e3o do Porto, ainda que com denomina\u00e7\u00e3o diferente da atual, foi criado em 1582 (<a href=\"https:\/\/www.trp.pt\/historia-da-relacao-do-porto\">https:\/\/www.trp.pt\/historia-da-relacao-do-porto<\/a>\u00a0), sendo que, em mais de 400 anos de hist\u00f3ria, foi a primeira vez que ocorreram sess\u00f5es fora da sua sede oficial, facto que foi real\u00e7ado pelo Presidente da Rela\u00e7\u00e3o do Porto, Juiz Desembargador Jos\u00e9 Igreja Matos.<\/p>\n<p>Estiveram presentes em Aveiro cerca de 50 Ju\u00edzes Desembargadores, que constituem as 2.\u00aa, 3.\u00aa e 5.\u00aa Sec\u00e7\u00f5es C\u00edveis.<\/p>\n<p>Seguiu-se um almo\u00e7o e, no per\u00edodo da tarde, um passeio de barco moliceiro pelos principais canais da cidade, com um breve p\u00e9riplo pelo Bairro da Beira Mar.<\/p>\n<p>Ficou j\u00e1 agendada para o dia 24 de setembro de 2025 iniciativa semelhante, destinada \u00e0s Sec\u00e7\u00f5es Criminais e \u00e0 Sec\u00e7\u00e3o Social.<\/p>\n<p>\u00a0<\/p>\n<p>\u00a0<\/p>\n<p><!-- \/wp:paragraph --><!-- wp:paragraph --><\/p>\n<p><!-- \/wp:paragraph --><\/p>\t\t\t\t\t\t\t\t<\/div>\n\t\t\t\t<\/div>\n\t\t\t\t\t<\/div>\n\t\t\t\t<\/div>\n\t\t<div class=\"elementor-element elementor-element-5044640 e-flex e-con-boxed e-con e-parent\" data-id=\"5044640\" data-element_type=\"container\">\n\t\t\t\t\t<div class=\"e-con-inner\">\n\t\t\t\t<div class=\"elementor-element elementor-element-aefb931 elementor-widget elementor-widget-image-gallery\" data-id=\"aefb931\" data-element_type=\"widget\" data-widget_type=\"image-gallery.default\">\n\t\t\t\t<div class=\"elementor-widget-container\">\n\t\t\t\t\t\t\t<div class=\"elementor-image-gallery\">\n\t\t\t<div id='gallery-1' class='gallery galleryid-12044 gallery-columns-4 gallery-size-thumbnail'><figure class='gallery-item'>\n\t\t\t<div class='gallery-icon landscape'>\n\t\t\t\t<a data-elementor-open-lightbox=\"yes\" data-elementor-lightbox-slideshow=\"aefb931\" data-elementor-lightbox-title=\"Imagem WhatsApp 2025-06-05 \u00e0s 16.23.44_fc9286b5\" data-e-action-hash=\"#elementor-action%3Aaction%3Dlightbox%26settings%3DeyJpZCI6MTIxNzMsInVybCI6Imh0dHBzOlwvXC9jb21hcmNhcy5jc20ub3JnLnB0XC9hdmVpcm9cL3dwLWNvbnRlbnRcL3VwbG9hZHNcL3NpdGVzXC81XC8yMDI1XC8wMlwvSW1hZ2VtLVdoYXRzQXBwLTIwMjUtMDYtMDUtYXMtMTYuMjMuNDRfZmM5Mjg2YjUtMS5qcGciLCJzbGlkZXNob3ciOiJhZWZiOTMxIn0%3D\" href='https:\/\/comarcas.csm.org.pt\/aveiro\/wp-content\/uploads\/sites\/5\/2025\/02\/Imagem-WhatsApp-2025-06-05-as-16.23.44_fc9286b5-1.jpg'><img decoding=\"async\" width=\"150\" height=\"150\" src=\"https:\/\/comarcas.csm.org.pt\/aveiro\/wp-content\/uploads\/sites\/5\/2025\/02\/Imagem-WhatsApp-2025-06-05-as-16.23.44_fc9286b5-1-150x150.jpg\" class=\"attachment-thumbnail size-thumbnail\" alt=\"\" \/><\/a>\n\t\t\t<\/div><\/figure><figure class='gallery-item'>\n\t\t\t<div class='gallery-icon landscape'>\n\t\t\t\t<a data-elementor-open-lightbox=\"yes\" data-elementor-lightbox-slideshow=\"aefb931\" data-elementor-lightbox-title=\"Imagem WhatsApp 2025-06-05 \u00e0s 16.23.24_56388733\" data-e-action-hash=\"#elementor-action%3Aaction%3Dlightbox%26settings%3DeyJpZCI6MTIxNzIsInVybCI6Imh0dHBzOlwvXC9jb21hcmNhcy5jc20ub3JnLnB0XC9hdmVpcm9cL3dwLWNvbnRlbnRcL3VwbG9hZHNcL3NpdGVzXC81XC8yMDI1XC8wMlwvSW1hZ2VtLVdoYXRzQXBwLTIwMjUtMDYtMDUtYXMtMTYuMjMuMjRfNTYzODg3MzMtMS5qcGciLCJzbGlkZXNob3ciOiJhZWZiOTMxIn0%3D\" href='https:\/\/comarcas.csm.org.pt\/aveiro\/wp-content\/uploads\/sites\/5\/2025\/02\/Imagem-WhatsApp-2025-06-05-as-16.23.24_56388733-1.jpg'><img decoding=\"async\" width=\"150\" height=\"150\" src=\"https:\/\/comarcas.csm.org.pt\/aveiro\/wp-content\/uploads\/sites\/5\/2025\/02\/Imagem-WhatsApp-2025-06-05-as-16.23.24_56388733-1-150x150.jpg\" class=\"attachment-thumbnail size-thumbnail\" alt=\"\" \/><\/a>\n\t\t\t<\/div><\/figure><figure class='gallery-item'>\n\t\t\t<div class='gallery-icon landscape'>\n\t\t\t\t<a data-elementor-open-lightbox=\"yes\" data-elementor-lightbox-slideshow=\"aefb931\" data-elementor-lightbox-title=\"Imagem WhatsApp 2025-06-05 \u00e0s 16.23.37_2a13165a\" data-e-action-hash=\"#elementor-action%3Aaction%3Dlightbox%26settings%3DeyJpZCI6MTIxNTksInVybCI6Imh0dHBzOlwvXC9jb21hcmNhcy5jc20ub3JnLnB0XC9hdmVpcm9cL3dwLWNvbnRlbnRcL3VwbG9hZHNcL3NpdGVzXC81XC8yMDI1XC8wMlwvSW1hZ2VtLVdoYXRzQXBwLTIwMjUtMDYtMDUtYXMtMTYuMjMuMzdfMmExMzE2NWEuanBnIiwic2xpZGVzaG93IjoiYWVmYjkzMSJ9\" href='https:\/\/comarcas.csm.org.pt\/aveiro\/wp-content\/uploads\/sites\/5\/2025\/02\/Imagem-WhatsApp-2025-06-05-as-16.23.37_2a13165a.jpg'><img decoding=\"async\" width=\"150\" height=\"150\" src=\"https:\/\/comarcas.csm.org.pt\/aveiro\/wp-content\/uploads\/sites\/5\/2025\/02\/Imagem-WhatsApp-2025-06-05-as-16.23.37_2a13165a-150x150.jpg\" class=\"attachment-thumbnail size-thumbnail\" alt=\"\" \/><\/a>\n\t\t\t<\/div><\/figure><figure class='gallery-item'>\n\t\t\t<div class='gallery-icon portrait'>\n\t\t\t\t<a data-elementor-open-lightbox=\"yes\" data-elementor-lightbox-slideshow=\"aefb931\" data-elementor-lightbox-title=\"Imagem WhatsApp 2025-06-05 \u00e0s 16.22.45_b3310edc\" data-e-action-hash=\"#elementor-action%3Aaction%3Dlightbox%26settings%3DeyJpZCI6MTIxNTcsInVybCI6Imh0dHBzOlwvXC9jb21hcmNhcy5jc20ub3JnLnB0XC9hdmVpcm9cL3dwLWNvbnRlbnRcL3VwbG9hZHNcL3NpdGVzXC81XC8yMDI1XC8wMlwvSW1hZ2VtLVdoYXRzQXBwLTIwMjUtMDYtMDUtYXMtMTYuMjIuNDVfYjMzMTBlZGMtZTE3NTAxNTkxNTkyODYuanBnIiwic2xpZGVzaG93IjoiYWVmYjkzMSJ9\" href='https:\/\/comarcas.csm.org.pt\/aveiro\/wp-content\/uploads\/sites\/5\/2025\/02\/Imagem-WhatsApp-2025-06-05-as-16.22.45_b3310edc-e1750159159286.jpg'><img loading=\"lazy\" decoding=\"async\" width=\"150\" height=\"150\" src=\"https:\/\/comarcas.csm.org.pt\/aveiro\/wp-content\/uploads\/sites\/5\/2025\/02\/Imagem-WhatsApp-2025-06-05-as-16.22.45_b3310edc-150x150.jpg\" class=\"attachment-thumbnail size-thumbnail\" alt=\"\" \/><\/a>\n\t\t\t<\/div><\/figure>\n\t\t<\/div>\n\t\t<\/div>\n\t\t\t\t\t\t<\/div>\n\t\t\t\t<\/div>\n\t\t\t\t\t<\/div>\n\t\t\t\t<\/div>\n\t\t\t\t<\/div>\n\t\t","protected":false},"excerpt":{"rendered":"<p>No dia 04 de junho de 2025, o Tribunal da Rela\u00e7\u00e3o do Porto efetuou uma visita ao Tribunal e \u00e0 cidade de Aveiro, decorrendo as sess\u00f5es das Sec\u00e7\u00f5es C\u00edveis, de forma conjunta, no Pal\u00e1cio de&#8230;<\/p>\n","protected":false},"author":4,"featured_media":12157,"comment_status":"closed","ping_status":"open","sticky":false,"template":"","format":"standard","meta":{"_tbt_post_transparent":"","_tbt_post_title":"","_tbt_post_layout":"","_tbt_post_sidebar_id":"","_tbt_post_content_style":"","_tbt_post_vertical_padding":"","_tbt_post_feature":"","_tbt_post_feature_position":"","_tbt_post_header":false,"_tbt_post_footer":false},"categories":[1,5],"tags":[],"class_list":["post-12044","post","type-post","status-publish","format-standard","has-post-thumbnail","hentry","category-geral","category-noticias"],"yoast_head":"<!-- This site is optimized with the Yoast SEO plugin v25.6 - https:\/\/yoast.com\/wordpress\/plugins\/seo\/ -->\n<title>Tribunal da Rela\u00e7\u00e3o do Porto, visitou o Tribunal Judicial da Comarca de Aveiro, tendo sido realizadas sess\u00f5es descentralizadas. - Tribunal Judicial da Comarca de Aveiro<\/title>\n<meta name=\"robots\" content=\"index, follow, max-snippet:-1, max-image-preview:large, max-video-preview:-1\" \/>\n<link rel=\"canonical\" href=\"https:\/\/comarcas.csm.org.pt\/aveiro\/blog\/2025\/06\/05\/titulo\/\" \/>\n<meta property=\"og:locale\" content=\"pt_PT\" \/>\n<meta property=\"og:type\" content=\"article\" \/>\n<meta property=\"og:title\" content=\"Tribunal da Rela\u00e7\u00e3o do Porto, visitou o Tribunal Judicial da Comarca de Aveiro, tendo sido realizadas sess\u00f5es descentralizadas. - Tribunal Judicial da Comarca de Aveiro\" \/>\n<meta property=\"og:description\" content=\"No dia 04 de junho de 2025, o Tribunal da Rela\u00e7\u00e3o do Porto efetuou uma visita ao Tribunal e \u00e0 cidade de Aveiro, decorrendo as sess\u00f5es das Sec\u00e7\u00f5es C\u00edveis, de forma conjunta, no Pal\u00e1cio de...\" \/>\n<meta property=\"og:url\" content=\"https:\/\/comarcas.csm.org.pt\/aveiro\/blog\/2025\/06\/05\/titulo\/\" \/>\n<meta property=\"og:site_name\" content=\"Tribunal Judicial da Comarca de Aveiro\" \/>\n<meta property=\"article:published_time\" content=\"2025-06-05T17:00:44+00:00\" \/>\n<meta property=\"article:modified_time\" content=\"2025-06-17T14:15:42+00:00\" \/>\n<meta property=\"og:image\" content=\"https:\/\/comarcas.csm.org.pt\/aveiro\/wp-content\/uploads\/sites\/5\/2025\/02\/Imagem-WhatsApp-2025-06-05-as-16.22.45_b3310edc-e1750159159286.jpg\" \/>\n\t<meta property=\"og:image:width\" content=\"300\" \/>\n\t<meta property=\"og:image:height\" content=\"447\" \/>\n\t<meta property=\"og:image:type\" content=\"image\/jpeg\" \/>\n<meta name=\"author\" content=\"Teresa Marques\" \/>\n<meta name=\"twitter:card\" content=\"summary_large_image\" \/>\n<meta name=\"twitter:label1\" content=\"Escrito por\" \/>\n\t<meta name=\"twitter:data1\" content=\"Teresa Marques\" \/>\n\t<meta name=\"twitter:label2\" content=\"Tempo estimado de leitura\" \/>\n\t<meta name=\"twitter:data2\" content=\"3 minutos\" \/>\n<script type=\"application\/ld+json\" class=\"yoast-schema-graph\">{\"@context\":\"https:\/\/schema.org\",\"@graph\":[{\"@type\":\"Article\",\"@id\":\"https:\/\/comarcas.csm.org.pt\/aveiro\/blog\/2025\/06\/05\/titulo\/#article\",\"isPartOf\":{\"@id\":\"https:\/\/comarcas.csm.org.pt\/aveiro\/blog\/2025\/06\/05\/titulo\/\"},\"author\":{\"name\":\"Teresa Marques\",\"@id\":\"https:\/\/comarcas.csm.org.pt\/aveiro\/#\/schema\/person\/f47b76aceed6d6c815c9c7977bb8a7a5\"},\"headline\":\"Tribunal da Rela\u00e7\u00e3o do Porto, visitou o Tribunal Judicial da Comarca de Aveiro, tendo sido realizadas sess\u00f5es descentralizadas.\",\"datePublished\":\"2025-06-05T17:00:44+00:00\",\"dateModified\":\"2025-06-17T14:15:42+00:00\",\"mainEntityOfPage\":{\"@id\":\"https:\/\/comarcas.csm.org.pt\/aveiro\/blog\/2025\/06\/05\/titulo\/\"},\"wordCount\":303,\"publisher\":{\"@id\":\"https:\/\/comarcas.csm.org.pt\/aveiro\/#organization\"},\"image\":{\"@id\":\"https:\/\/comarcas.csm.org.pt\/aveiro\/blog\/2025\/06\/05\/titulo\/#primaryimage\"},\"thumbnailUrl\":\"https:\/\/comarcas.csm.org.pt\/aveiro\/wp-content\/uploads\/sites\/5\/2025\/02\/Imagem-WhatsApp-2025-06-05-as-16.22.45_b3310edc-e1750159159286.jpg\",\"articleSection\":[\"Geral\",\"Not\u00edcias\"],\"inLanguage\":\"pt-PT\"},{\"@type\":\"WebPage\",\"@id\":\"https:\/\/comarcas.csm.org.pt\/aveiro\/blog\/2025\/06\/05\/titulo\/\",\"url\":\"https:\/\/comarcas.csm.org.pt\/aveiro\/blog\/2025\/06\/05\/titulo\/\",\"name\":\"Tribunal da Rela\u00e7\u00e3o do Porto, visitou o Tribunal Judicial da Comarca de Aveiro, tendo sido realizadas sess\u00f5es descentralizadas. - Tribunal Judicial da Comarca de Aveiro\",\"isPartOf\":{\"@id\":\"https:\/\/comarcas.csm.org.pt\/aveiro\/#website\"},\"primaryImageOfPage\":{\"@id\":\"https:\/\/comarcas.csm.org.pt\/aveiro\/blog\/2025\/06\/05\/titulo\/#primaryimage\"},\"image\":{\"@id\":\"https:\/\/comarcas.csm.org.pt\/aveiro\/blog\/2025\/06\/05\/titulo\/#primaryimage\"},\"thumbnailUrl\":\"https:\/\/comarcas.csm.org.pt\/aveiro\/wp-content\/uploads\/sites\/5\/2025\/02\/Imagem-WhatsApp-2025-06-05-as-16.22.45_b3310edc-e1750159159286.jpg\",\"datePublished\":\"2025-06-05T17:00:44+00:00\",\"dateModified\":\"2025-06-17T14:15:42+00:00\",\"breadcrumb\":{\"@id\":\"https:\/\/comarcas.csm.org.pt\/aveiro\/blog\/2025\/06\/05\/titulo\/#breadcrumb\"},\"inLanguage\":\"pt-PT\",\"potentialAction\":[{\"@type\":\"ReadAction\",\"target\":[\"https:\/\/comarcas.csm.org.pt\/aveiro\/blog\/2025\/06\/05\/titulo\/\"]}]},{\"@type\":\"ImageObject\",\"inLanguage\":\"pt-PT\",\"@id\":\"https:\/\/comarcas.csm.org.pt\/aveiro\/blog\/2025\/06\/05\/titulo\/#primaryimage\",\"url\":\"https:\/\/comarcas.csm.org.pt\/aveiro\/wp-content\/uploads\/sites\/5\/2025\/02\/Imagem-WhatsApp-2025-06-05-as-16.22.45_b3310edc-e1750159159286.jpg\",\"contentUrl\":\"https:\/\/comarcas.csm.org.pt\/aveiro\/wp-content\/uploads\/sites\/5\/2025\/02\/Imagem-WhatsApp-2025-06-05-as-16.22.45_b3310edc-e1750159159286.jpg\",\"width\":300,\"height\":447},{\"@type\":\"BreadcrumbList\",\"@id\":\"https:\/\/comarcas.csm.org.pt\/aveiro\/blog\/2025\/06\/05\/titulo\/#breadcrumb\",\"itemListElement\":[{\"@type\":\"ListItem\",\"position\":1,\"name\":\"In\u00edcio\",\"item\":\"https:\/\/comarcas.csm.org.pt\/aveiro\/\"},{\"@type\":\"ListItem\",\"position\":2,\"name\":\"Tribunal da Rela\u00e7\u00e3o do Porto, visitou o Tribunal Judicial da Comarca de Aveiro, tendo sido realizadas sess\u00f5es descentralizadas.\"}]},{\"@type\":\"WebSite\",\"@id\":\"https:\/\/comarcas.csm.org.pt\/aveiro\/#website\",\"url\":\"https:\/\/comarcas.csm.org.pt\/aveiro\/\",\"name\":\"Tribunal Judicial da Comarca de Aveiro\",\"description\":\"Tribunal Judicial da Comarca de Aveiro\",\"publisher\":{\"@id\":\"https:\/\/comarcas.csm.org.pt\/aveiro\/#organization\"},\"potentialAction\":[{\"@type\":\"SearchAction\",\"target\":{\"@type\":\"EntryPoint\",\"urlTemplate\":\"https:\/\/comarcas.csm.org.pt\/aveiro\/?s={search_term_string}\"},\"query-input\":{\"@type\":\"PropertyValueSpecification\",\"valueRequired\":true,\"valueName\":\"search_term_string\"}}],\"inLanguage\":\"pt-PT\"},{\"@type\":\"Organization\",\"@id\":\"https:\/\/comarcas.csm.org.pt\/aveiro\/#organization\",\"name\":\"Tribunal Judicial da Comarca de Aveiro\",\"url\":\"https:\/\/comarcas.csm.org.pt\/aveiro\/\",\"logo\":{\"@type\":\"ImageObject\",\"inLanguage\":\"pt-PT\",\"@id\":\"https:\/\/comarcas.csm.org.pt\/aveiro\/#\/schema\/logo\/image\/\",\"url\":\"https:\/\/comarcas.csm.org.pt\/aveiro\/wp-content\/uploads\/sites\/5\/2024\/09\/Aveiro_positivo-horizontal-1.png\",\"contentUrl\":\"https:\/\/comarcas.csm.org.pt\/aveiro\/wp-content\/uploads\/sites\/5\/2024\/09\/Aveiro_positivo-horizontal-1.png\",\"width\":5153,\"height\":890,\"caption\":\"Tribunal Judicial da Comarca de Aveiro\"},\"image\":{\"@id\":\"https:\/\/comarcas.csm.org.pt\/aveiro\/#\/schema\/logo\/image\/\"}},{\"@type\":\"Person\",\"@id\":\"https:\/\/comarcas.csm.org.pt\/aveiro\/#\/schema\/person\/f47b76aceed6d6c815c9c7977bb8a7a5\",\"name\":\"Teresa Marques\",\"image\":{\"@type\":\"ImageObject\",\"inLanguage\":\"pt-PT\",\"@id\":\"https:\/\/comarcas.csm.org.pt\/aveiro\/#\/schema\/person\/image\/\",\"url\":\"https:\/\/secure.gravatar.com\/avatar\/d30a09e3a926d9cc69b7afad7a0660d114597787266ebc6d1805f330dc2ba49a?s=96&d=mm&r=g\",\"contentUrl\":\"https:\/\/secure.gravatar.com\/avatar\/d30a09e3a926d9cc69b7afad7a0660d114597787266ebc6d1805f330dc2ba49a?s=96&d=mm&r=g\",\"caption\":\"Teresa Marques\"},\"url\":\"https:\/\/comarcas.csm.org.pt\/aveiro\/blog\/author\/teresamarques\/\"}]}<\/script>\n<!-- \/ Yoast SEO plugin. -->","yoast_head_json":{"title":"Tribunal da Rela\u00e7\u00e3o do Porto, visitou o Tribunal Judicial da Comarca de Aveiro, tendo sido realizadas sess\u00f5es descentralizadas. - Tribunal Judicial da Comarca de Aveiro","robots":{"index":"index","follow":"follow","max-snippet":"max-snippet:-1","max-image-preview":"max-image-preview:large","max-video-preview":"max-video-preview:-1"},"canonical":"https:\/\/comarcas.csm.org.pt\/aveiro\/blog\/2025\/06\/05\/titulo\/","og_locale":"pt_PT","og_type":"article","og_title":"Tribunal da Rela\u00e7\u00e3o do Porto, visitou o Tribunal Judicial da Comarca de Aveiro, tendo sido realizadas sess\u00f5es descentralizadas. - Tribunal Judicial da Comarca de Aveiro","og_description":"No dia 04 de junho de 2025, o Tribunal da Rela\u00e7\u00e3o do Porto efetuou uma visita ao Tribunal e \u00e0 cidade de Aveiro, decorrendo as sess\u00f5es das Sec\u00e7\u00f5es C\u00edveis, de forma conjunta, no Pal\u00e1cio de...","og_url":"https:\/\/comarcas.csm.org.pt\/aveiro\/blog\/2025\/06\/05\/titulo\/","og_site_name":"Tribunal Judicial da Comarca de Aveiro","article_published_time":"2025-06-05T17:00:44+00:00","article_modified_time":"2025-06-17T14:15:42+00:00","og_image":[{"width":300,"height":447,"url":"https:\/\/comarcas.csm.org.pt\/aveiro\/wp-content\/uploads\/sites\/5\/2025\/02\/Imagem-WhatsApp-2025-06-05-as-16.22.45_b3310edc-e1750159159286.jpg","type":"image\/jpeg"}],"author":"Teresa Marques","twitter_card":"summary_large_image","twitter_misc":{"Escrito por":"Teresa Marques","Tempo estimado de leitura":"3 minutos"},"schema":{"@context":"https:\/\/schema.org","@graph":[{"@type":"Article","@id":"https:\/\/comarcas.csm.org.pt\/aveiro\/blog\/2025\/06\/05\/titulo\/#article","isPartOf":{"@id":"https:\/\/comarcas.csm.org.pt\/aveiro\/blog\/2025\/06\/05\/titulo\/"},"author":{"name":"Teresa Marques","@id":"https:\/\/comarcas.csm.org.pt\/aveiro\/#\/schema\/person\/f47b76aceed6d6c815c9c7977bb8a7a5"},"headline":"Tribunal da Rela\u00e7\u00e3o do Porto, visitou o Tribunal Judicial da Comarca de Aveiro, tendo sido realizadas sess\u00f5es descentralizadas.","datePublished":"2025-06-05T17:00:44+00:00","dateModified":"2025-06-17T14:15:42+00:00","mainEntityOfPage":{"@id":"https:\/\/comarcas.csm.org.pt\/aveiro\/blog\/2025\/06\/05\/titulo\/"},"wordCount":303,"publisher":{"@id":"https:\/\/comarcas.csm.org.pt\/aveiro\/#organization"},"image":{"@id":"https:\/\/comarcas.csm.org.pt\/aveiro\/blog\/2025\/06\/05\/titulo\/#primaryimage"},"thumbnailUrl":"https:\/\/comarcas.csm.org.pt\/aveiro\/wp-content\/uploads\/sites\/5\/2025\/02\/Imagem-WhatsApp-2025-06-05-as-16.22.45_b3310edc-e1750159159286.jpg","articleSection":["Geral","Not\u00edcias"],"inLanguage":"pt-PT"},{"@type":"WebPage","@id":"https:\/\/comarcas.csm.org.pt\/aveiro\/blog\/2025\/06\/05\/titulo\/","url":"https:\/\/comarcas.csm.org.pt\/aveiro\/blog\/2025\/06\/05\/titulo\/","name":"Tribunal da Rela\u00e7\u00e3o do Porto, visitou o Tribunal Judicial da Comarca de Aveiro, tendo sido realizadas sess\u00f5es descentralizadas. - Tribunal Judicial da Comarca de Aveiro","isPartOf":{"@id":"https:\/\/comarcas.csm.org.pt\/aveiro\/#website"},"primaryImageOfPage":{"@id":"https:\/\/comarcas.csm.org.pt\/aveiro\/blog\/2025\/06\/05\/titulo\/#primaryimage"},"image":{"@id":"https:\/\/comarcas.csm.org.pt\/aveiro\/blog\/2025\/06\/05\/titulo\/#primaryimage"},"thumbnailUrl":"https:\/\/comarcas.csm.org.pt\/aveiro\/wp-content\/uploads\/sites\/5\/2025\/02\/Imagem-WhatsApp-2025-06-05-as-16.22.45_b3310edc-e1750159159286.jpg","datePublished":"2025-06-05T17:00:44+00:00","dateModified":"2025-06-17T14:15:42+00:00","breadcrumb":{"@id":"https:\/\/comarcas.csm.org.pt\/aveiro\/blog\/2025\/06\/05\/titulo\/#breadcrumb"},"inLanguage":"pt-PT","potentialAction":[{"@type":"ReadAction","target":["https:\/\/comarcas.csm.org.pt\/aveiro\/blog\/2025\/06\/05\/titulo\/"]}]},{"@type":"ImageObject","inLanguage":"pt-PT","@id":"https:\/\/comarcas.csm.org.pt\/aveiro\/blog\/2025\/06\/05\/titulo\/#primaryimage","url":"https:\/\/comarcas.csm.org.pt\/aveiro\/wp-content\/uploads\/sites\/5\/2025\/02\/Imagem-WhatsApp-2025-06-05-as-16.22.45_b3310edc-e1750159159286.jpg","contentUrl":"https:\/\/comarcas.csm.org.pt\/aveiro\/wp-content\/uploads\/sites\/5\/2025\/02\/Imagem-WhatsApp-2025-06-05-as-16.22.45_b3310edc-e1750159159286.jpg","width":300,"height":447},{"@type":"BreadcrumbList","@id":"https:\/\/comarcas.csm.org.pt\/aveiro\/blog\/2025\/06\/05\/titulo\/#breadcrumb","itemListElement":[{"@type":"ListItem","position":1,"name":"In\u00edcio","item":"https:\/\/comarcas.csm.org.pt\/aveiro\/"},{"@type":"ListItem","position":2,"name":"Tribunal da Rela\u00e7\u00e3o do Porto, visitou o Tribunal Judicial da Comarca de Aveiro, tendo sido realizadas sess\u00f5es descentralizadas."}]},{"@type":"WebSite","@id":"https:\/\/comarcas.csm.org.pt\/aveiro\/#website","url":"https:\/\/comarcas.csm.org.pt\/aveiro\/","name":"Tribunal Judicial da Comarca de Aveiro","description":"Tribunal Judicial da Comarca de Aveiro","publisher":{"@id":"https:\/\/comarcas.csm.org.pt\/aveiro\/#organization"},"potentialAction":[{"@type":"SearchAction","target":{"@type":"EntryPoint","urlTemplate":"https:\/\/comarcas.csm.org.pt\/aveiro\/?s={search_term_string}"},"query-input":{"@type":"PropertyValueSpecification","valueRequired":true,"valueName":"search_term_string"}}],"inLanguage":"pt-PT"},{"@type":"Organization","@id":"https:\/\/comarcas.csm.org.pt\/aveiro\/#organization","name":"Tribunal Judicial da Comarca de Aveiro","url":"https:\/\/comarcas.csm.org.pt\/aveiro\/","logo":{"@type":"ImageObject","inLanguage":"pt-PT","@id":"https:\/\/comarcas.csm.org.pt\/aveiro\/#\/schema\/logo\/image\/","url":"https:\/\/comarcas.csm.org.pt\/aveiro\/wp-content\/uploads\/sites\/5\/2024\/09\/Aveiro_positivo-horizontal-1.png","contentUrl":"https:\/\/comarcas.csm.org.pt\/aveiro\/wp-content\/uploads\/sites\/5\/2024\/09\/Aveiro_positivo-horizontal-1.png","width":5153,"height":890,"caption":"Tribunal Judicial da Comarca de Aveiro"},"image":{"@id":"https:\/\/comarcas.csm.org.pt\/aveiro\/#\/schema\/logo\/image\/"}},{"@type":"Person","@id":"https:\/\/comarcas.csm.org.pt\/aveiro\/#\/schema\/person\/f47b76aceed6d6c815c9c7977bb8a7a5","name":"Teresa Marques","image":{"@type":"ImageObject","inLanguage":"pt-PT","@id":"https:\/\/comarcas.csm.org.pt\/aveiro\/#\/schema\/person\/image\/","url":"https:\/\/secure.gravatar.com\/avatar\/d30a09e3a926d9cc69b7afad7a0660d114597787266ebc6d1805f330dc2ba49a?s=96&d=mm&r=g","contentUrl":"https:\/\/secure.gravatar.com\/avatar\/d30a09e3a926d9cc69b7afad7a0660d114597787266ebc6d1805f330dc2ba49a?s=96&d=mm&r=g","caption":"Teresa Marques"},"url":"https:\/\/comarcas.csm.org.pt\/aveiro\/blog\/author\/teresamarques\/"}]}},"_links":{"self":[{"href":"https:\/\/comarcas.csm.org.pt\/aveiro\/wp-json\/wp\/v2\/posts\/12044","targetHints":{"allow":["GET"]}}],"collection":[{"href":"https:\/\/comarcas.csm.org.pt\/aveiro\/wp-json\/wp\/v2\/posts"}],"about":[{"href":"https:\/\/comarcas.csm.org.pt\/aveiro\/wp-json\/wp\/v2\/types\/post"}],"author":[{"embeddable":true,"href":"https:\/\/comarcas.csm.org.pt\/aveiro\/wp-json\/wp\/v2\/users\/4"}],"replies":[{"embeddable":true,"href":"https:\/\/comarcas.csm.org.pt\/aveiro\/wp-json\/wp\/v2\/comments?post=12044"}],"version-history":[{"count":33,"href":"https:\/\/comarcas.csm.org.pt\/aveiro\/wp-json\/wp\/v2\/posts\/12044\/revisions"}],"predecessor-version":[{"id":12199,"href":"https:\/\/comarcas.csm.org.pt\/aveiro\/wp-json\/wp\/v2\/posts\/12044\/revisions\/12199"}],"wp:featuredmedia":[{"embeddable":true,"href":"https:\/\/comarcas.csm.org.pt\/aveiro\/wp-json\/wp\/v2\/media\/12157"}],"wp:attachment":[{"href":"https:\/\/comarcas.csm.org.pt\/aveiro\/wp-json\/wp\/v2\/media?parent=12044"}],"wp:term":[{"taxonomy":"category","embeddable":true,"href":"https:\/\/comarcas.csm.org.pt\/aveiro\/wp-json\/wp\/v2\/categories?post=12044"},{"taxonomy":"post_tag","embeddable":true,"href":"https:\/\/comarcas.csm.org.pt\/aveiro\/wp-json\/wp\/v2\/tags?post=12044"}],"curies":[{"name":"wp","href":"https:\/\/api.w.org\/{rel}","templated":true}]}}