{"id":12607,"date":"2025-12-19T12:24:21","date_gmt":"2025-12-19T12:24:21","guid":{"rendered":"https:\/\/comarcas.csm.org.pt\/aveiro\/?p=12607"},"modified":"2025-12-19T12:24:23","modified_gmt":"2025-12-19T12:24:23","slug":"consulte-nesta-area-as-principais-noticias-de-destaque-nos-jornais","status":"publish","type":"post","link":"https:\/\/comarcas.csm.org.pt\/aveiro\/blog\/2025\/12\/19\/consulte-nesta-area-as-principais-noticias-de-destaque-nos-jornais\/","title":{"rendered":"Consulte nesta \u00e1rea, as principais not\u00edcias de destaque nos jornais"},"content":{"rendered":"\t\t<div data-elementor-type=\"wp-post\" data-elementor-id=\"12607\" class=\"elementor elementor-12607\" data-elementor-post-type=\"post\">\n\t\t\t\t<div class=\"elementor-element elementor-element-70f11d9 e-flex e-con-boxed e-con e-parent\" data-id=\"70f11d9\" data-element_type=\"container\">\n\t\t\t\t\t<div class=\"e-con-inner\">\n\t\t\t\t<div class=\"elementor-element elementor-element-914bde1 elementor-widget elementor-widget-text-editor\" data-id=\"914bde1\" data-element_type=\"widget\" data-widget_type=\"text-editor.default\">\n\t\t\t\t<div class=\"elementor-widget-container\">\n\t\t\t\t\t\t\t\t\t<h5><strong>Consulte Aqui as \u00faltimas not\u00edcias de destaque na Imprensa Nacional e local, sobre a Comarca de Aveiro:<\/strong><\/h5><hr \/><p><strong style=\"letter-spacing: 0.3px;\">DATA: 19\/12\/2025<\/strong><\/p><p><a href=\"https:\/\/cnnportugal.iol.pt\/airpods\/apple\/roubaram-um-carro-em-ovar-mas-foram-apanhados-porque-tinham-airpods-da-apple\/20251218\/69441d67d34e2bd5c6d54684\">Roubaram um carro em Ovar mas foram apanhados porque tinham AirPods &#8211; CNN Portugal<\/a><\/p><p><strong style=\"letter-spacing: 0.3px;\">DATA: 18\/12\/2025<\/strong><\/p><p><a href=\"https:\/\/portocanal.sapo.pt\/noticia\/371019\">Sogra e nora com penas agravadas por maus tratos a idosos em Oliveira de Azem\u00e9is<\/a><\/p><p><strong style=\"letter-spacing: 0.3px;\">DATA: 15\/12\/2025<\/strong><\/p><p><a href=\"https:\/\/sicnoticias.pt\/programas\/casos-de-policia\/2025-12-13-video-morte-de-vereadora-de-vagos-justica-tenta-perceber-o-que-leva-uma-crianca-a-matar-a-mae-4b739ef3\">Morte de vereadora de Vagos: justi\u00e7a tenta perceber o que leva uma crian\u00e7a a matar a m\u00e3e &#8211; SIC Not\u00edcias<\/a><\/p><p><strong style=\"letter-spacing: 0.3px;\">DATA: 26\/11\/2025<\/strong><\/p><p><a href=\"https:\/\/sicnoticias.pt\/pais\/2025-11-25-militar-da-gnr-de-aveiro-suspeito-de-tentar-receber-dinheiro-por-trabalhos-ficticios-46897ac6\">Militar da GNR de Aveiro suspeito de tentar receber dinheiro por trabalhos fict\u00edcios &#8211; SIC Not\u00edcias<\/a><\/p><p><strong style=\"letter-spacing: 0.3px;\">DATA: 24\/11\/2025<\/strong><\/p><p><a href=\"https:\/\/portocanal.sapo.pt\/noticia\/370066#goog_rewarded\">Adiado in\u00edcio de julgamento de grupo acusado de furto e vicia\u00e7\u00e3o de carros na Feira<\/a><\/p><p><a href=\"https:\/\/www.jn.pt\/justica\/artigo\/prisao-preventiva-para-mae-e-filho-suspeitos-de-trafico-de-droga\/18022904\">Pris\u00e3o preventiva para m\u00e3e e filho suspeitos de tr\u00e1fico de droga &#8211; JN<\/a><\/p><p><strong style=\"letter-spacing: 0.3px;\">DATA: 18\/11\/2025<\/strong><\/p><p>O Di\u00e1rio de Aveiro, destaca o seguinte: <a href=\"https:\/\/www.noticiasdeaveiro.pt\/bairrada-5-anos-de-prisao-com-pena-suspensa-para-assaltante-cumplice-condenado-a-1-ano-a-cumprir\/\">Bairrada: 5 anos de pris\u00e3o com pena suspensa para assaltante \/ C\u00famplice condenado a 1 ano a cumprir &#8211; Not\u00edcias de Aveiro<\/a><\/p><p><strong style=\"letter-spacing: 0.3px;\">DATA: 13\/11\/2025<\/strong><\/p><p>No Di\u00e1rio de Aveiro, pode ler-se que o Tribunal de Aveiro come\u00e7ou a julgar um acidente de Trabalho Mortal que ocorreu a 5 de julho de 2017: <a href=\"https:\/\/www.diarioaveiro.pt\/2025\/11\/11\/tribunal-de-aveiro-comecou-a-julgar-acidente-de-trabalho-mortal\/\">Tribunal de Aveiro come\u00e7ou a julgar acidente de trabalho mortal<\/a><\/p><p><strong style=\"letter-spacing: 0.3px;\">DATA: 11\/11\/2025<\/strong><\/p><p>O Di\u00e1rio de Aveiro destaca que come\u00e7ou esta segunda-feira, dia 10\/11\/2025, o julgamento de um homem acusado de matar testemunha e provocar inc\u00eandio em escrit\u00f3rio de advogado. A not\u00edcia pode ser consultada no seguinte atalho: <a href=\"https:\/\/diariodistrito.sapo.pt\/homem-julgado-em-aveiro-por-matar-testemunha-e-incendiar-escritorio-de-advogado\/\">Julgamento homic\u00eddio Aveiro testemunha esfaqueada em mar\u00e7o &#8211; Di\u00e1rio do Distrito<\/a><\/p><p><strong style=\"letter-spacing: 0.3px;\">DATA: 23<\/strong><strong style=\"letter-spacing: 0.3px;\">\/10\/2025<\/strong><\/p><p>O Di\u00e1rio de Aveiro destaca v\u00e1rias not\u00edcias sobre a Comarca e decis\u00f5es proferidas, cujos <em>prints<\/em> poder\u00e1 consultar infra <span style=\"text-decoration: underline;\">(clique em cada imagem para aceder):<\/span><\/p><p><a href=\"https:\/\/comarcas.csm.org.pt\/aveiro\/wp-content\/uploads\/sites\/5\/2025\/10\/WhatsApp-Image-2025-10-23-at-17.00.11.jpeg\"><img decoding=\"async\" class=\"alignleft\" src=\"https:\/\/comarcas.csm.org.pt\/aveiro\/wp-content\/uploads\/sites\/5\/2025\/10\/WhatsApp-Image-2025-10-23-at-17.00.11-300x267.jpeg\" \/><\/a><\/p><p><a href=\"https:\/\/comarcas.csm.org.pt\/aveiro\/wp-content\/uploads\/sites\/5\/2025\/10\/WhatsApp-Image-2025-10-23-at-17.00.10.jpeg\"><img decoding=\"async\" class=\"alignleft\" src=\"https:\/\/comarcas.csm.org.pt\/aveiro\/wp-content\/uploads\/sites\/5\/2025\/10\/WhatsApp-Image-2025-10-23-at-17.00.10-137x300.jpeg\" alt=\"\" width=\"137\" height=\"300\" \/><\/a><\/p><p><strong style=\"letter-spacing: 0.3px;\"> <a href=\"https:\/\/comarcas.csm.org.pt\/aveiro\/wp-content\/uploads\/sites\/5\/2025\/10\/WhatsApp-Image-2025-10-23-at-15.58.07.jpeg\"><img fetchpriority=\"high\" decoding=\"async\" class=\"alignleft\" src=\"https:\/\/comarcas.csm.org.pt\/aveiro\/wp-content\/uploads\/sites\/5\/2025\/10\/WhatsApp-Image-2025-10-23-at-15.58.07-172x300.jpeg\" alt=\"\" width=\"172\" height=\"300\" \/><\/a><\/strong><\/p><p><strong style=\"letter-spacing: 0.3px;\">\u00a0<\/strong><\/p><p><strong style=\"letter-spacing: 0.3px;\">\u00a0<\/strong><\/p><p><strong style=\"letter-spacing: 0.3px;\">\u00a0<\/strong><\/p><p><strong style=\"letter-spacing: 0.3px;\">\u00a0<\/strong><\/p><p><strong style=\"letter-spacing: 0.3px;\">\u00a0<\/strong><\/p><p><strong style=\"letter-spacing: 0.3px;\">\u00a0<\/strong><\/p><p><strong style=\"letter-spacing: 0.3px;\">\u00a0<\/strong><\/p><p><strong style=\"letter-spacing: 0.3px;\">DATA: 21<\/strong><strong style=\"letter-spacing: 0.3px;\">\/10\/2025<\/strong><\/p><p><span style=\"text-decoration: underline;\"><a href=\"https:\/\/observador.pt\/2025\/10\/20\/detido-suspeito-de-violar-ex-companheira-em-santa-maria-da-feira\/\">Detido suspeito de violar ex-mulher em Santa Maria da Feira \u2013 Observador<\/a><\/span><\/p><p><span style=\"text-decoration: underline;\"><a href=\"https:\/\/www.cmjornal.pt\/portugal\/detalhe\/comecou-o-julgamento-do-casal-suspeito-de-raptar-e-extorquir-40-mil-euros-a-empresario-em-vale-de-cambra\">Come\u00e7ou o julgamento do casal suspeito de raptar e extorquir 40 mil euros a empres\u00e1rio em Vale de Cambra &#8211; Portugal &#8211; Correio da Manh\u00e3<\/a><\/span><\/p><p><span style=\"text-decoration: underline;\"><a href=\"https:\/\/www.nowcanal.pt\/ultimas\/detalhe\/homem-condenado-por-furto-assassinou-testemunha-do-processo-com-20-facadas\">Homem condenado por furto assassinou testemunha do processo com 20 facadas &#8211; \u00daltimas &#8211; Now<\/a><\/span><\/p><p><strong style=\"letter-spacing: 0.3px;\">DATA: 14<\/strong><strong style=\"letter-spacing: 0.3px;\">\/10\/2025<\/strong><\/p><p><a href=\"https:\/\/observador.pt\/2025\/10\/13\/familiares-da-gravida-da-murtosa-absolvidas-de-difamar-homem-julgado-por-homicidio\/\"><span style=\"text-decoration: underline;\">Familiares da gr\u00e1vida da Murtosa absolvidas de difamar homem julgado por homic\u00eddio<\/span><\/a><\/p><p><a href=\"https:\/\/www.noticiasdeaveiro.pt\/quatro-anos-de-cadeia-para-emprega-de-limpeza-que-furtou-patroa\/\"><span style=\"text-decoration: underline;\">Quatro anos de cadeia para empregada de limpeza que furtou<\/span><\/a><a href=\"https:\/\/www.noticiasdeaveiro.pt\/quatro-anos-de-cadeia-para-emprega-de-limpeza-que-furtou-patroa\/\"><span style=\"text-decoration: underline;\"> patroa<\/span><\/a><\/p><p><strong style=\"letter-spacing: 0.3px;\">DATA: 22<\/strong><strong style=\"letter-spacing: 0.3px;\">\/07\/2025<\/strong><\/p><div><a href=\"https:\/\/www.diarioaveiro.pt\/2025\/09\/18\/tribunal-de-aveiro-comecou-a-julgar-homem-acusado-de-raptar-e-violar-cunhada\/\"><span style=\"text-decoration: underline;\">Teve hoje in\u00edcio no Tribunal de Aveiro, o julgamento de um homem acusado de raptar e violar cunhada.<\/span><\/a><\/div><div>\u00a0<\/div><div><strong style=\"letter-spacing: 0.3px;\">\u00a0<\/strong><\/div><div><strong style=\"letter-spacing: 0.3px;\">DATA: 22<\/strong><strong style=\"letter-spacing: 0.3px;\">\/07\/2025<\/strong><\/div><div>\u00a0<\/div><div><span style=\"text-decoration: underline;\"><a style=\"background-color: #ffffff; letter-spacing: 0.3px;\" href=\"https:\/\/cnnportugal.iol.pt\/violacao\/condenacao\/condenado-por-90-crimes-de-violacao-da-filha-menor-ilhavo-o-que-se-passou\/20250721\/687e4ae2d34e3f0baea0c00a\">Condenado por 90 crimes de viola\u00e7\u00e3o da filha menor: \u00cdlhavo, o que se passou &#8211; CNN Portugal<\/a><\/span><\/div><div>\u00a0<\/div><div><strong style=\"letter-spacing: 0.3px;\">DATA: 15 e 16<\/strong><strong style=\"letter-spacing: 0.3px;\">\/07\/2025<\/strong><\/div><div><strong>\u00a0<\/strong><\/div><div><p><span style=\"text-decoration: underline;\"><a href=\"https:\/\/www.noticiasdeaveiro.pt\/homem-condenado-a-19-anos-e-9-meses-de-cadeia-pelo-homicidio-da-companheira-a-quem-deu-acido-sulfurico\/\">Homem condenado a 19 anos e 9 meses de cadeia pelo homic\u00eddio da companheira, a quem deu \u00e1cido sulf\u00farico &#8211; Not\u00edcias de Aveiro<\/a><\/span><\/p><\/div><div><p><span style=\"text-decoration: underline;\"><a href=\"https:\/\/cnnportugal.iol.pt\/cocaina\/prisao\/empresario-condenado-a-sete-anos-de-prisao-por-importacao-de-115-toneladas-de-cocaina\/20250715\/6876267ad34ef72ee4485505\">Empres\u00e1rio condenado a sete anos de pris\u00e3o por importa\u00e7\u00e3o de 260 quilos de coca\u00edna &#8211; CNN Portugal<\/a><\/span><\/p><\/div><div><span style=\"text-decoration: underline;\"><a href=\"https:\/\/www.sabado.pt\/portugal\/detalhe\/empresario-condenado-a-sete-anos-de-prisao-por-importacao-de-115-toneladas-de-cocaina\">Empres\u00e1rio condenado a sete anos de pris\u00e3o por importa\u00e7\u00e3o de 115 toneladas de coca\u00edna &#8211; Portugal &#8211; S\u00c1BADO<\/a><\/span><\/div><div><span style=\"text-decoration: underline;\"><a href=\"https:\/\/www.noticiasdeaveiro.pt\/12-anos-e-9-meses-de-cadeia-para-pai-que-violou-a-filha-menor\/\">12 anos e 9 meses de cadeia para pai que violou a filha menor &#8211; Not\u00edcias de Aveiro<\/a><\/span><\/div><div>\u00a0<\/div><p><strong style=\"letter-spacing: 0.3px;\">DATA: 14<\/strong><strong style=\"letter-spacing: 0.3px;\">\/07\/2025<\/strong><\/p><p><span style=\"text-decoration: underline;\"><a style=\"background-color: #ffffff; letter-spacing: 0.3px;\" href=\"https:\/\/terranova.pt\/noticias\/politica\/greve-de-magistrados-do-ministerio-publico-paralisa-atividade-na-comarca-de\">Greve de magistrados do Minist\u00e9rio P\u00fablico paralisa atividade na comarca de Aveiro. | Terra Nova<\/a><\/span><\/p><div><strong>DATA: 07<\/strong><strong>\/07\/2025<\/strong><br \/><strong><br \/><\/strong><\/div><div><span style=\"text-decoration: underline;\"><a href=\"https:\/\/sicnoticias.pt\/pais\/2025-07-07-video-gravida-da-murtosa-tribunal-anuncia-esta-terca-feira-se-condena-ou-absolve-fernando-valente-cea2dca4\">Gr\u00e1vida da Murtosa: tribunal anuncia esta ter\u00e7a-feira se condena ou absolve Fernando Valente &#8211; SIC Not\u00edcias<\/a><\/span><\/div><div>\u00a0<\/div><div><span style=\"text-decoration: underline;\"><a href=\"https:\/\/rr.pt\/noticia\/pais\/2025\/07\/07\/sem-corpo-sem-confissao-leitura-da-sentenca-do-caso-da-gravida-da-murtosa-e-amanha\/431807\/\">Sem corpo, sem confiss\u00e3o. Come\u00e7a leitura da senten\u00e7a do caso da gr\u00e1vida da Murtosa &#8211; Renascen\u00e7a<\/a><\/span><\/div><div>\u00a0<\/div><div><span style=\"text-decoration: underline;\"><a href=\"https:\/\/www.noticiasdeaveiro.pt\/adiada-leitura-do-acordao-do-caso-das-agressoes-nas-festas-de-mamodeiro\/\">Adiada leitura do ac\u00f3rd\u00e3o do caso das agress\u00f5es nas festas de Mamodeiro &#8211; Not\u00edcias de Aveiro<\/a><\/span><\/div><div>\u00a0<\/div><div><strong>DATA: 02<\/strong><strong>\/07\/2025<\/strong><br \/><strong><br \/><\/strong><\/div><div><span style=\"text-decoration: underline;\"><a href=\"https:\/\/cnnportugal.iol.pt\/gravida-da-murtosa\/testemunha-gravida-da-murtosa\/mp-investiga-alegada-tortura-a-testemunha-no-caso-de-homicidio-de-gravida-da-murtosa\/20250702\/68650fafd34ef72ee447d7b7\">MP investiga alegada tortura a testemunha no caso de homic\u00eddio de gr\u00e1vida da Murtosa &#8211; CNN Portugal<\/a><\/span><\/div><div>\u00a0<\/div><div><strong>DATA: 25\/06\/2025<\/strong><strong><br \/><\/strong><\/div><div><strong>\u00a0<\/strong><\/div><p><span style=\"text-decoration: underline;\"><a href=\"https:\/\/terranova.pt\/noticias\/sociedade\/aveiro-direitos-humanos-e-violencia-domestica-em-jornada-de-reflexao\">Aveiro: &#8220;Direitos humanos e viol\u00eancia dom\u00e9stica&#8221; em jornada de reflex\u00e3o. | Terra Nova<\/a><\/span><\/p><p><span style=\"text-decoration: underline;\"><a href=\"https:\/\/www.noticiasdeaveiro.pt\/ovar-relacao-mantem-condenacao-de-bancaria-a-6-anos-e-4-meses-de-prisao-por-desviar-dinheiro-de-familiares\/\">Ovar: Rela\u00e7\u00e3o mant\u00e9m condena\u00e7\u00e3o de banc\u00e1ria a 6 anos e 4 meses de pris\u00e3o por desviar dinheiro de familiares &#8211; Not\u00edcias de Aveiro<\/a><\/span><\/p><p><span style=\"text-decoration: underline;\"><a href=\"https:\/\/www.ovarnews.pt\/tribunal-da-relacao-nega-recurso-bancaria-de-ovar-por-desviar-dinheiro-de-familiares\/\">Tribunal da Rela\u00e7\u00e3o nega recurso de banc\u00e1ria de Ovar por desviar dinheiro de familiares \u2013 OvarNews<\/a><\/span><\/p>\t\t\t\t\t\t\t\t<\/div>\n\t\t\t\t<\/div>\n\t\t\t\t\t<\/div>\n\t\t\t\t<\/div>\n\t\t\t\t<\/div>\n\t\t","protected":false},"excerpt":{"rendered":"<p>Consulte Aqui as \u00faltimas not\u00edcias de destaque na Imprensa Nacional e local, sobre a Comarca de Aveiro: DATA: 19\/12\/2025 Roubaram um carro em Ovar mas foram apanhados porque tinham AirPods &#8211; CNN Portugal DATA: 18\/12\/2025&#8230;<\/p>\n","protected":false},"author":4,"featured_media":0,"comment_status":"closed","ping_status":"open","sticky":false,"template":"","format":"standard","meta":{"_tbt_post_transparent":"","_tbt_post_title":"","_tbt_post_layout":"","_tbt_post_sidebar_id":"","_tbt_post_content_style":"","_tbt_post_vertical_padding":"","_tbt_post_feature":"","_tbt_post_feature_position":"","_tbt_post_header":false,"_tbt_post_footer":false},"categories":[1,5],"tags":[],"class_list":["post-12607","post","type-post","status-publish","format-standard","hentry","category-geral","category-noticias"],"yoast_head":"<!-- This site is optimized with the Yoast SEO plugin v25.6 - https:\/\/yoast.com\/wordpress\/plugins\/seo\/ -->\n<title>Consulte nesta \u00e1rea, as principais not\u00edcias de destaque nos jornais - Tribunal Judicial da Comarca de Aveiro<\/title>\n<meta name=\"robots\" content=\"index, follow, max-snippet:-1, max-image-preview:large, max-video-preview:-1\" \/>\n<link rel=\"canonical\" href=\"https:\/\/comarcas.csm.org.pt\/aveiro\/blog\/2025\/12\/19\/consulte-nesta-area-as-principais-noticias-de-destaque-nos-jornais\/\" \/>\n<meta property=\"og:locale\" content=\"pt_PT\" \/>\n<meta property=\"og:type\" content=\"article\" \/>\n<meta property=\"og:title\" content=\"Consulte nesta \u00e1rea, as principais not\u00edcias de destaque nos jornais - Tribunal Judicial da Comarca de Aveiro\" \/>\n<meta property=\"og:description\" content=\"Consulte Aqui as \u00faltimas not\u00edcias de destaque na Imprensa Nacional e local, sobre a Comarca de Aveiro: DATA: 19\/12\/2025 Roubaram um carro em Ovar mas foram apanhados porque tinham AirPods &#8211; CNN Portugal DATA: 18\/12\/2025...\" \/>\n<meta property=\"og:url\" content=\"https:\/\/comarcas.csm.org.pt\/aveiro\/blog\/2025\/12\/19\/consulte-nesta-area-as-principais-noticias-de-destaque-nos-jornais\/\" \/>\n<meta property=\"og:site_name\" content=\"Tribunal Judicial da Comarca de Aveiro\" \/>\n<meta property=\"article:published_time\" content=\"2025-12-19T12:24:21+00:00\" \/>\n<meta property=\"article:modified_time\" content=\"2025-12-19T12:24:23+00:00\" \/>\n<meta property=\"og:image\" content=\"https:\/\/comarcas.csm.org.pt\/aveiro\/wp-content\/uploads\/sites\/5\/2025\/10\/WhatsApp-Image-2025-10-23-at-17.00.11-300x267.jpeg\" \/>\n<meta name=\"author\" content=\"Teresa Marques\" \/>\n<meta name=\"twitter:card\" content=\"summary_large_image\" \/>\n<meta name=\"twitter:label1\" content=\"Escrito por\" \/>\n\t<meta name=\"twitter:data1\" content=\"Teresa Marques\" \/>\n\t<meta name=\"twitter:label2\" content=\"Tempo estimado de leitura\" \/>\n\t<meta name=\"twitter:data2\" content=\"4 minutos\" \/>\n<script type=\"application\/ld+json\" class=\"yoast-schema-graph\">{\"@context\":\"https:\/\/schema.org\",\"@graph\":[{\"@type\":\"Article\",\"@id\":\"https:\/\/comarcas.csm.org.pt\/aveiro\/blog\/2025\/12\/19\/consulte-nesta-area-as-principais-noticias-de-destaque-nos-jornais\/#article\",\"isPartOf\":{\"@id\":\"https:\/\/comarcas.csm.org.pt\/aveiro\/blog\/2025\/12\/19\/consulte-nesta-area-as-principais-noticias-de-destaque-nos-jornais\/\"},\"author\":{\"name\":\"Teresa Marques\",\"@id\":\"https:\/\/comarcas.csm.org.pt\/aveiro\/#\/schema\/person\/f47b76aceed6d6c815c9c7977bb8a7a5\"},\"headline\":\"Consulte nesta \u00e1rea, as principais not\u00edcias de destaque nos jornais\",\"datePublished\":\"2025-12-19T12:24:21+00:00\",\"dateModified\":\"2025-12-19T12:24:23+00:00\",\"mainEntityOfPage\":{\"@id\":\"https:\/\/comarcas.csm.org.pt\/aveiro\/blog\/2025\/12\/19\/consulte-nesta-area-as-principais-noticias-de-destaque-nos-jornais\/\"},\"wordCount\":651,\"publisher\":{\"@id\":\"https:\/\/comarcas.csm.org.pt\/aveiro\/#organization\"},\"image\":{\"@id\":\"https:\/\/comarcas.csm.org.pt\/aveiro\/blog\/2025\/12\/19\/consulte-nesta-area-as-principais-noticias-de-destaque-nos-jornais\/#primaryimage\"},\"thumbnailUrl\":\"https:\/\/comarcas.csm.org.pt\/aveiro\/wp-content\/uploads\/sites\/5\/2025\/10\/WhatsApp-Image-2025-10-23-at-17.00.11-300x267.jpeg\",\"articleSection\":[\"Geral\",\"Not\u00edcias\"],\"inLanguage\":\"pt-PT\"},{\"@type\":\"WebPage\",\"@id\":\"https:\/\/comarcas.csm.org.pt\/aveiro\/blog\/2025\/12\/19\/consulte-nesta-area-as-principais-noticias-de-destaque-nos-jornais\/\",\"url\":\"https:\/\/comarcas.csm.org.pt\/aveiro\/blog\/2025\/12\/19\/consulte-nesta-area-as-principais-noticias-de-destaque-nos-jornais\/\",\"name\":\"Consulte nesta \u00e1rea, as principais not\u00edcias de destaque nos jornais - Tribunal Judicial da Comarca de Aveiro\",\"isPartOf\":{\"@id\":\"https:\/\/comarcas.csm.org.pt\/aveiro\/#website\"},\"primaryImageOfPage\":{\"@id\":\"https:\/\/comarcas.csm.org.pt\/aveiro\/blog\/2025\/12\/19\/consulte-nesta-area-as-principais-noticias-de-destaque-nos-jornais\/#primaryimage\"},\"image\":{\"@id\":\"https:\/\/comarcas.csm.org.pt\/aveiro\/blog\/2025\/12\/19\/consulte-nesta-area-as-principais-noticias-de-destaque-nos-jornais\/#primaryimage\"},\"thumbnailUrl\":\"https:\/\/comarcas.csm.org.pt\/aveiro\/wp-content\/uploads\/sites\/5\/2025\/10\/WhatsApp-Image-2025-10-23-at-17.00.11-300x267.jpeg\",\"datePublished\":\"2025-12-19T12:24:21+00:00\",\"dateModified\":\"2025-12-19T12:24:23+00:00\",\"breadcrumb\":{\"@id\":\"https:\/\/comarcas.csm.org.pt\/aveiro\/blog\/2025\/12\/19\/consulte-nesta-area-as-principais-noticias-de-destaque-nos-jornais\/#breadcrumb\"},\"inLanguage\":\"pt-PT\",\"potentialAction\":[{\"@type\":\"ReadAction\",\"target\":[\"https:\/\/comarcas.csm.org.pt\/aveiro\/blog\/2025\/12\/19\/consulte-nesta-area-as-principais-noticias-de-destaque-nos-jornais\/\"]}]},{\"@type\":\"ImageObject\",\"inLanguage\":\"pt-PT\",\"@id\":\"https:\/\/comarcas.csm.org.pt\/aveiro\/blog\/2025\/12\/19\/consulte-nesta-area-as-principais-noticias-de-destaque-nos-jornais\/#primaryimage\",\"url\":\"https:\/\/comarcas.csm.org.pt\/aveiro\/wp-content\/uploads\/sites\/5\/2025\/10\/WhatsApp-Image-2025-10-23-at-17.00.11-300x267.jpeg\",\"contentUrl\":\"https:\/\/comarcas.csm.org.pt\/aveiro\/wp-content\/uploads\/sites\/5\/2025\/10\/WhatsApp-Image-2025-10-23-at-17.00.11-300x267.jpeg\"},{\"@type\":\"BreadcrumbList\",\"@id\":\"https:\/\/comarcas.csm.org.pt\/aveiro\/blog\/2025\/12\/19\/consulte-nesta-area-as-principais-noticias-de-destaque-nos-jornais\/#breadcrumb\",\"itemListElement\":[{\"@type\":\"ListItem\",\"position\":1,\"name\":\"In\u00edcio\",\"item\":\"https:\/\/comarcas.csm.org.pt\/aveiro\/\"},{\"@type\":\"ListItem\",\"position\":2,\"name\":\"Consulte nesta \u00e1rea, as principais not\u00edcias de destaque nos jornais\"}]},{\"@type\":\"WebSite\",\"@id\":\"https:\/\/comarcas.csm.org.pt\/aveiro\/#website\",\"url\":\"https:\/\/comarcas.csm.org.pt\/aveiro\/\",\"name\":\"Tribunal Judicial da Comarca de Aveiro\",\"description\":\"Tribunal Judicial da Comarca de Aveiro\",\"publisher\":{\"@id\":\"https:\/\/comarcas.csm.org.pt\/aveiro\/#organization\"},\"potentialAction\":[{\"@type\":\"SearchAction\",\"target\":{\"@type\":\"EntryPoint\",\"urlTemplate\":\"https:\/\/comarcas.csm.org.pt\/aveiro\/?s={search_term_string}\"},\"query-input\":{\"@type\":\"PropertyValueSpecification\",\"valueRequired\":true,\"valueName\":\"search_term_string\"}}],\"inLanguage\":\"pt-PT\"},{\"@type\":\"Organization\",\"@id\":\"https:\/\/comarcas.csm.org.pt\/aveiro\/#organization\",\"name\":\"Tribunal Judicial da Comarca de Aveiro\",\"url\":\"https:\/\/comarcas.csm.org.pt\/aveiro\/\",\"logo\":{\"@type\":\"ImageObject\",\"inLanguage\":\"pt-PT\",\"@id\":\"https:\/\/comarcas.csm.org.pt\/aveiro\/#\/schema\/logo\/image\/\",\"url\":\"https:\/\/comarcas.csm.org.pt\/aveiro\/wp-content\/uploads\/sites\/5\/2024\/09\/Aveiro_positivo-horizontal-1.png\",\"contentUrl\":\"https:\/\/comarcas.csm.org.pt\/aveiro\/wp-content\/uploads\/sites\/5\/2024\/09\/Aveiro_positivo-horizontal-1.png\",\"width\":5153,\"height\":890,\"caption\":\"Tribunal Judicial da Comarca de Aveiro\"},\"image\":{\"@id\":\"https:\/\/comarcas.csm.org.pt\/aveiro\/#\/schema\/logo\/image\/\"}},{\"@type\":\"Person\",\"@id\":\"https:\/\/comarcas.csm.org.pt\/aveiro\/#\/schema\/person\/f47b76aceed6d6c815c9c7977bb8a7a5\",\"name\":\"Teresa Marques\",\"image\":{\"@type\":\"ImageObject\",\"inLanguage\":\"pt-PT\",\"@id\":\"https:\/\/comarcas.csm.org.pt\/aveiro\/#\/schema\/person\/image\/\",\"url\":\"https:\/\/secure.gravatar.com\/avatar\/d30a09e3a926d9cc69b7afad7a0660d114597787266ebc6d1805f330dc2ba49a?s=96&d=mm&r=g\",\"contentUrl\":\"https:\/\/secure.gravatar.com\/avatar\/d30a09e3a926d9cc69b7afad7a0660d114597787266ebc6d1805f330dc2ba49a?s=96&d=mm&r=g\",\"caption\":\"Teresa Marques\"},\"url\":\"https:\/\/comarcas.csm.org.pt\/aveiro\/blog\/author\/teresamarques\/\"}]}<\/script>\n<!-- \/ Yoast SEO plugin. -->","yoast_head_json":{"title":"Consulte nesta \u00e1rea, as principais not\u00edcias de destaque nos jornais - Tribunal Judicial da Comarca de Aveiro","robots":{"index":"index","follow":"follow","max-snippet":"max-snippet:-1","max-image-preview":"max-image-preview:large","max-video-preview":"max-video-preview:-1"},"canonical":"https:\/\/comarcas.csm.org.pt\/aveiro\/blog\/2025\/12\/19\/consulte-nesta-area-as-principais-noticias-de-destaque-nos-jornais\/","og_locale":"pt_PT","og_type":"article","og_title":"Consulte nesta \u00e1rea, as principais not\u00edcias de destaque nos jornais - Tribunal Judicial da Comarca de Aveiro","og_description":"Consulte Aqui as \u00faltimas not\u00edcias de destaque na Imprensa Nacional e local, sobre a Comarca de Aveiro: DATA: 19\/12\/2025 Roubaram um carro em Ovar mas foram apanhados porque tinham AirPods &#8211; CNN Portugal DATA: 18\/12\/2025...","og_url":"https:\/\/comarcas.csm.org.pt\/aveiro\/blog\/2025\/12\/19\/consulte-nesta-area-as-principais-noticias-de-destaque-nos-jornais\/","og_site_name":"Tribunal Judicial da Comarca de Aveiro","article_published_time":"2025-12-19T12:24:21+00:00","article_modified_time":"2025-12-19T12:24:23+00:00","og_image":[{"url":"https:\/\/comarcas.csm.org.pt\/aveiro\/wp-content\/uploads\/sites\/5\/2025\/10\/WhatsApp-Image-2025-10-23-at-17.00.11-300x267.jpeg","type":"","width":"","height":""}],"author":"Teresa Marques","twitter_card":"summary_large_image","twitter_misc":{"Escrito por":"Teresa Marques","Tempo estimado de leitura":"4 minutos"},"schema":{"@context":"https:\/\/schema.org","@graph":[{"@type":"Article","@id":"https:\/\/comarcas.csm.org.pt\/aveiro\/blog\/2025\/12\/19\/consulte-nesta-area-as-principais-noticias-de-destaque-nos-jornais\/#article","isPartOf":{"@id":"https:\/\/comarcas.csm.org.pt\/aveiro\/blog\/2025\/12\/19\/consulte-nesta-area-as-principais-noticias-de-destaque-nos-jornais\/"},"author":{"name":"Teresa Marques","@id":"https:\/\/comarcas.csm.org.pt\/aveiro\/#\/schema\/person\/f47b76aceed6d6c815c9c7977bb8a7a5"},"headline":"Consulte nesta \u00e1rea, as principais not\u00edcias de destaque nos jornais","datePublished":"2025-12-19T12:24:21+00:00","dateModified":"2025-12-19T12:24:23+00:00","mainEntityOfPage":{"@id":"https:\/\/comarcas.csm.org.pt\/aveiro\/blog\/2025\/12\/19\/consulte-nesta-area-as-principais-noticias-de-destaque-nos-jornais\/"},"wordCount":651,"publisher":{"@id":"https:\/\/comarcas.csm.org.pt\/aveiro\/#organization"},"image":{"@id":"https:\/\/comarcas.csm.org.pt\/aveiro\/blog\/2025\/12\/19\/consulte-nesta-area-as-principais-noticias-de-destaque-nos-jornais\/#primaryimage"},"thumbnailUrl":"https:\/\/comarcas.csm.org.pt\/aveiro\/wp-content\/uploads\/sites\/5\/2025\/10\/WhatsApp-Image-2025-10-23-at-17.00.11-300x267.jpeg","articleSection":["Geral","Not\u00edcias"],"inLanguage":"pt-PT"},{"@type":"WebPage","@id":"https:\/\/comarcas.csm.org.pt\/aveiro\/blog\/2025\/12\/19\/consulte-nesta-area-as-principais-noticias-de-destaque-nos-jornais\/","url":"https:\/\/comarcas.csm.org.pt\/aveiro\/blog\/2025\/12\/19\/consulte-nesta-area-as-principais-noticias-de-destaque-nos-jornais\/","name":"Consulte nesta \u00e1rea, as principais not\u00edcias de destaque nos jornais - Tribunal Judicial da Comarca de Aveiro","isPartOf":{"@id":"https:\/\/comarcas.csm.org.pt\/aveiro\/#website"},"primaryImageOfPage":{"@id":"https:\/\/comarcas.csm.org.pt\/aveiro\/blog\/2025\/12\/19\/consulte-nesta-area-as-principais-noticias-de-destaque-nos-jornais\/#primaryimage"},"image":{"@id":"https:\/\/comarcas.csm.org.pt\/aveiro\/blog\/2025\/12\/19\/consulte-nesta-area-as-principais-noticias-de-destaque-nos-jornais\/#primaryimage"},"thumbnailUrl":"https:\/\/comarcas.csm.org.pt\/aveiro\/wp-content\/uploads\/sites\/5\/2025\/10\/WhatsApp-Image-2025-10-23-at-17.00.11-300x267.jpeg","datePublished":"2025-12-19T12:24:21+00:00","dateModified":"2025-12-19T12:24:23+00:00","breadcrumb":{"@id":"https:\/\/comarcas.csm.org.pt\/aveiro\/blog\/2025\/12\/19\/consulte-nesta-area-as-principais-noticias-de-destaque-nos-jornais\/#breadcrumb"},"inLanguage":"pt-PT","potentialAction":[{"@type":"ReadAction","target":["https:\/\/comarcas.csm.org.pt\/aveiro\/blog\/2025\/12\/19\/consulte-nesta-area-as-principais-noticias-de-destaque-nos-jornais\/"]}]},{"@type":"ImageObject","inLanguage":"pt-PT","@id":"https:\/\/comarcas.csm.org.pt\/aveiro\/blog\/2025\/12\/19\/consulte-nesta-area-as-principais-noticias-de-destaque-nos-jornais\/#primaryimage","url":"https:\/\/comarcas.csm.org.pt\/aveiro\/wp-content\/uploads\/sites\/5\/2025\/10\/WhatsApp-Image-2025-10-23-at-17.00.11-300x267.jpeg","contentUrl":"https:\/\/comarcas.csm.org.pt\/aveiro\/wp-content\/uploads\/sites\/5\/2025\/10\/WhatsApp-Image-2025-10-23-at-17.00.11-300x267.jpeg"},{"@type":"BreadcrumbList","@id":"https:\/\/comarcas.csm.org.pt\/aveiro\/blog\/2025\/12\/19\/consulte-nesta-area-as-principais-noticias-de-destaque-nos-jornais\/#breadcrumb","itemListElement":[{"@type":"ListItem","position":1,"name":"In\u00edcio","item":"https:\/\/comarcas.csm.org.pt\/aveiro\/"},{"@type":"ListItem","position":2,"name":"Consulte nesta \u00e1rea, as principais not\u00edcias de destaque nos jornais"}]},{"@type":"WebSite","@id":"https:\/\/comarcas.csm.org.pt\/aveiro\/#website","url":"https:\/\/comarcas.csm.org.pt\/aveiro\/","name":"Tribunal Judicial da Comarca de Aveiro","description":"Tribunal Judicial da Comarca de Aveiro","publisher":{"@id":"https:\/\/comarcas.csm.org.pt\/aveiro\/#organization"},"potentialAction":[{"@type":"SearchAction","target":{"@type":"EntryPoint","urlTemplate":"https:\/\/comarcas.csm.org.pt\/aveiro\/?s={search_term_string}"},"query-input":{"@type":"PropertyValueSpecification","valueRequired":true,"valueName":"search_term_string"}}],"inLanguage":"pt-PT"},{"@type":"Organization","@id":"https:\/\/comarcas.csm.org.pt\/aveiro\/#organization","name":"Tribunal Judicial da Comarca de Aveiro","url":"https:\/\/comarcas.csm.org.pt\/aveiro\/","logo":{"@type":"ImageObject","inLanguage":"pt-PT","@id":"https:\/\/comarcas.csm.org.pt\/aveiro\/#\/schema\/logo\/image\/","url":"https:\/\/comarcas.csm.org.pt\/aveiro\/wp-content\/uploads\/sites\/5\/2024\/09\/Aveiro_positivo-horizontal-1.png","contentUrl":"https:\/\/comarcas.csm.org.pt\/aveiro\/wp-content\/uploads\/sites\/5\/2024\/09\/Aveiro_positivo-horizontal-1.png","width":5153,"height":890,"caption":"Tribunal Judicial da Comarca de Aveiro"},"image":{"@id":"https:\/\/comarcas.csm.org.pt\/aveiro\/#\/schema\/logo\/image\/"}},{"@type":"Person","@id":"https:\/\/comarcas.csm.org.pt\/aveiro\/#\/schema\/person\/f47b76aceed6d6c815c9c7977bb8a7a5","name":"Teresa Marques","image":{"@type":"ImageObject","inLanguage":"pt-PT","@id":"https:\/\/comarcas.csm.org.pt\/aveiro\/#\/schema\/person\/image\/","url":"https:\/\/secure.gravatar.com\/avatar\/d30a09e3a926d9cc69b7afad7a0660d114597787266ebc6d1805f330dc2ba49a?s=96&d=mm&r=g","contentUrl":"https:\/\/secure.gravatar.com\/avatar\/d30a09e3a926d9cc69b7afad7a0660d114597787266ebc6d1805f330dc2ba49a?s=96&d=mm&r=g","caption":"Teresa Marques"},"url":"https:\/\/comarcas.csm.org.pt\/aveiro\/blog\/author\/teresamarques\/"}]}},"_links":{"self":[{"href":"https:\/\/comarcas.csm.org.pt\/aveiro\/wp-json\/wp\/v2\/posts\/12607","targetHints":{"allow":["GET"]}}],"collection":[{"href":"https:\/\/comarcas.csm.org.pt\/aveiro\/wp-json\/wp\/v2\/posts"}],"about":[{"href":"https:\/\/comarcas.csm.org.pt\/aveiro\/wp-json\/wp\/v2\/types\/post"}],"author":[{"embeddable":true,"href":"https:\/\/comarcas.csm.org.pt\/aveiro\/wp-json\/wp\/v2\/users\/4"}],"replies":[{"embeddable":true,"href":"https:\/\/comarcas.csm.org.pt\/aveiro\/wp-json\/wp\/v2\/comments?post=12607"}],"version-history":[{"count":102,"href":"https:\/\/comarcas.csm.org.pt\/aveiro\/wp-json\/wp\/v2\/posts\/12607\/revisions"}],"predecessor-version":[{"id":13014,"href":"https:\/\/comarcas.csm.org.pt\/aveiro\/wp-json\/wp\/v2\/posts\/12607\/revisions\/13014"}],"wp:attachment":[{"href":"https:\/\/comarcas.csm.org.pt\/aveiro\/wp-json\/wp\/v2\/media?parent=12607"}],"wp:term":[{"taxonomy":"category","embeddable":true,"href":"https:\/\/comarcas.csm.org.pt\/aveiro\/wp-json\/wp\/v2\/categories?post=12607"},{"taxonomy":"post_tag","embeddable":true,"href":"https:\/\/comarcas.csm.org.pt\/aveiro\/wp-json\/wp\/v2\/tags?post=12607"}],"curies":[{"name":"wp","href":"https:\/\/api.w.org\/{rel}","templated":true}]}}