{"id":12719,"date":"2025-07-08T12:49:27","date_gmt":"2025-07-08T12:49:27","guid":{"rendered":"https:\/\/comarcas.csm.org.pt\/aveiro\/?p=12719"},"modified":"2025-07-09T13:55:39","modified_gmt":"2025-07-09T13:55:39","slug":"jantar-de-homenagem-assinala-saida-do-juiz-desembargador-jorge-manuel-duarte-bispo-da-presidencia-da-comarca-de-aveiro","status":"publish","type":"post","link":"https:\/\/comarcas.csm.org.pt\/aveiro\/blog\/2025\/07\/08\/jantar-de-homenagem-assinala-saida-do-juiz-desembargador-jorge-manuel-duarte-bispo-da-presidencia-da-comarca-de-aveiro\/","title":{"rendered":"Jantar de Homenagem, assinala sa\u00edda do Juiz Desembargador Jorge Manuel Duarte Bispo, da Presid\u00eancia da Comarca de Aveiro"},"content":{"rendered":"\t\t<div data-elementor-type=\"wp-post\" data-elementor-id=\"12719\" class=\"elementor elementor-12719\" data-elementor-post-type=\"post\">\n\t\t\t\t<div class=\"elementor-element elementor-element-1657e726 e-flex e-con-boxed e-con e-parent\" data-id=\"1657e726\" data-element_type=\"container\">\n\t\t\t\t\t<div class=\"e-con-inner\">\n\t\t\t\t<div class=\"elementor-element elementor-element-12248b08 elementor-widget elementor-widget-text-editor\" data-id=\"12248b08\" data-element_type=\"widget\" data-widget_type=\"text-editor.default\">\n\t\t\t\t<div class=\"elementor-widget-container\">\n\t\t\t\t\t\t\t\t\t<p>No passado dia 4 de Julho de 2025, realizou-se em Vagos um jantar conv\u00edvio com o objetivo de assinalar o t\u00e9rmino da comiss\u00e3o de Servi\u00e7o do atual Juiz Presidente da Comarca, Desembargador Jorge Manuel Duarte Bispo que, em setembro, dar\u00e1 lugar ao Dr. Carlos Alberto Casas Azevedo.<\/p>\n<p>Num ambiente claramente envolvido pela emo\u00e7\u00e3o, foram proferidos discursos e palavras de estima, apre\u00e7o e reconhecimento pelo trabalho e obra desenvolvidos, real\u00e7ando as qualidades humanas e a forma exemplar e \u00edntegra com que liderou, de forma serena e agregadora, e que, apesar dos desafios que se fizeram sentir, permitiram que o seu mandato fosse pautado por um percurso que chega ao final com o sentido de dever cumprido, onde a \u00e9tica e a sua compet\u00eancia profissional ter\u00e3o deixado a sua marca.<\/p>\n<p><span style=\"letter-spacing: 0.3px;\">A singela, mas sentida homenagem que contou com a presen\u00e7a de Magistrados\/as, Procuradores\/as, Assessores\/as e Funcion\u00e1rios\/as, constitui um marco de celebra\u00e7\u00e3o do percurso profissional pautado por desafios ultrapassados, s\u00f3 poss\u00edveis de concretizar por algu\u00e9m com t\u00e3o elevado sentido de Justi\u00e7a.<\/span><\/p>\n<p><span style=\"letter-spacing: 0.3px;\">O Senhor Desembargador Jorge Manuel Duarte Bispo, regressar\u00e1 em setembro ao Tribunal da Rela\u00e7\u00e3o de Guimar\u00e3es, mas deixar\u00e1, para sempre, uma marca institucional na Comarca de Aveiro, onde o seu brio profissional e as suas caracter\u00edsticas \u00fanicas, jamais o far\u00e3o esquecer.&nbsp;<\/span><\/p>\n<p><span style=\"letter-spacing: 0.3px;\">A Comarca de Aveiro, eternamente reconhecida, deseja-lhe as maiores felicidades, pessoais e profissionais.<\/span><\/p>\n<p><!-- \/wp:gallery --><\/p>\t\t\t\t\t\t\t\t<\/div>\n\t\t\t\t<\/div>\n\t\t\t\t\t<\/div>\n\t\t\t\t<\/div>\n\t\t<div class=\"elementor-element elementor-element-8d98644 e-grid e-con-boxed e-con e-parent\" data-id=\"8d98644\" data-element_type=\"container\">\n\t\t\t\t\t<div class=\"e-con-inner\">\n\t\t\t\t<div class=\"elementor-element elementor-element-e6e9fc6 elementor-widget elementor-widget-image\" data-id=\"e6e9fc6\" data-element_type=\"widget\" data-widget_type=\"image.default\">\n\t\t\t\t<div class=\"elementor-widget-container\">\n\t\t\t\t\t\t\t\t\t\t\t\t\t\t\t<img decoding=\"async\" width=\"150\" height=\"150\" src=\"https:\/\/comarcas.csm.org.pt\/aveiro\/wp-content\/uploads\/sites\/5\/2025\/07\/40f0bb03-0677-4b81-b105-893a59b15622-150x150.jpg\" class=\"attachment-thumbnail size-thumbnail wp-image-12750\" alt=\"\" \/>\t\t\t\t\t\t\t\t\t\t\t\t\t\t\t<\/div>\n\t\t\t\t<\/div>\n\t\t\t\t<div class=\"elementor-element elementor-element-08e9b89 elementor-widget elementor-widget-image\" data-id=\"08e9b89\" data-element_type=\"widget\" data-widget_type=\"image.default\">\n\t\t\t\t<div class=\"elementor-widget-container\">\n\t\t\t\t\t\t\t\t\t\t\t\t\t\t\t<img decoding=\"async\" width=\"150\" height=\"150\" src=\"https:\/\/comarcas.csm.org.pt\/aveiro\/wp-content\/uploads\/sites\/5\/2025\/07\/0b17082d-4b05-47a2-b9d5-8f901135c5db-150x150.jpg\" class=\"attachment-thumbnail size-thumbnail wp-image-12747\" alt=\"\" \/>\t\t\t\t\t\t\t\t\t\t\t\t\t\t\t<\/div>\n\t\t\t\t<\/div>\n\t\t\t\t<div class=\"elementor-element elementor-element-8700b7a elementor-widget elementor-widget-image\" data-id=\"8700b7a\" data-element_type=\"widget\" data-widget_type=\"image.default\">\n\t\t\t\t<div class=\"elementor-widget-container\">\n\t\t\t\t\t\t\t\t\t\t\t\t\t\t\t<img decoding=\"async\" width=\"150\" height=\"150\" src=\"https:\/\/comarcas.csm.org.pt\/aveiro\/wp-content\/uploads\/sites\/5\/2025\/07\/14fbacd1-0496-41d8-a356-05ac25f887c8-150x150.jpg\" class=\"attachment-thumbnail size-thumbnail wp-image-12748\" alt=\"\" \/>\t\t\t\t\t\t\t\t\t\t\t\t\t\t\t<\/div>\n\t\t\t\t<\/div>\n\t\t\t\t\t<\/div>\n\t\t\t\t<\/div>\n\t\t<div class=\"elementor-element elementor-element-ee881d1 e-grid e-con-boxed e-con e-parent\" data-id=\"ee881d1\" data-element_type=\"container\">\n\t\t\t\t\t<div class=\"e-con-inner\">\n\t\t\t\t<div class=\"elementor-element elementor-element-b21e35b elementor-widget elementor-widget-image\" data-id=\"b21e35b\" data-element_type=\"widget\" data-widget_type=\"image.default\">\n\t\t\t\t<div class=\"elementor-widget-container\">\n\t\t\t\t\t\t\t\t\t\t\t\t\t\t\t<img loading=\"lazy\" decoding=\"async\" width=\"150\" height=\"150\" src=\"https:\/\/comarcas.csm.org.pt\/aveiro\/wp-content\/uploads\/sites\/5\/2025\/07\/5aa8c7f5-b967-4b19-ad6c-69f95680d581-150x150.jpg\" class=\"attachment-thumbnail size-thumbnail wp-image-12749\" alt=\"\" \/>\t\t\t\t\t\t\t\t\t\t\t\t\t\t\t<\/div>\n\t\t\t\t<\/div>\n\t\t\t\t<div class=\"elementor-element elementor-element-b1e1d0a elementor-widget elementor-widget-image\" data-id=\"b1e1d0a\" data-element_type=\"widget\" data-widget_type=\"image.default\">\n\t\t\t\t<div class=\"elementor-widget-container\">\n\t\t\t\t\t\t\t\t\t\t\t\t\t\t\t<img loading=\"lazy\" decoding=\"async\" width=\"150\" height=\"150\" src=\"https:\/\/comarcas.csm.org.pt\/aveiro\/wp-content\/uploads\/sites\/5\/2025\/07\/f47bc04e-a690-4a30-8125-bd4a8a9a2910-150x150.jpg\" class=\"attachment-thumbnail size-thumbnail wp-image-12746\" alt=\"\" \/>\t\t\t\t\t\t\t\t\t\t\t\t\t\t\t<\/div>\n\t\t\t\t<\/div>\n\t\t\t\t\t<\/div>\n\t\t\t\t<\/div>\n\t\t\t\t<\/div>\n\t\t","protected":false},"excerpt":{"rendered":"<p>No passado dia 4 de Julho de 2025, realizou-se em Vagos um jantar conv\u00edvio com o objetivo de assinalar o t\u00e9rmino da comiss\u00e3o de Servi\u00e7o do atual Juiz Presidente da Comarca, Desembargador Jorge Manuel Duarte&#8230;<\/p>\n","protected":false},"author":4,"featured_media":0,"comment_status":"closed","ping_status":"open","sticky":false,"template":"","format":"standard","meta":{"_tbt_post_transparent":"","_tbt_post_title":"","_tbt_post_layout":"","_tbt_post_sidebar_id":"","_tbt_post_content_style":"","_tbt_post_vertical_padding":"","_tbt_post_feature":"","_tbt_post_feature_position":"","_tbt_post_header":false,"_tbt_post_footer":false},"categories":[1,5],"tags":[],"class_list":["post-12719","post","type-post","status-publish","format-standard","hentry","category-geral","category-noticias"],"yoast_head":"<!-- This site is optimized with the Yoast SEO plugin v25.6 - https:\/\/yoast.com\/wordpress\/plugins\/seo\/ -->\n<title>Jantar de Homenagem, assinala sa\u00edda do Juiz Desembargador Jorge Manuel Duarte Bispo, da Presid\u00eancia da Comarca de Aveiro - Tribunal Judicial da Comarca de Aveiro<\/title>\n<meta name=\"description\" content=\"Reuni\u00e3o final de avalia\u00e7\u00e3o dos Auditores de Justi\u00e7a do 40.\u00ba Curso Normal de Forma\u00e7\u00e3o do CEJ foi realizada no Tribunal Judicial da Comarca de Aveiro\" \/>\n<meta name=\"robots\" content=\"index, follow, max-snippet:-1, max-image-preview:large, max-video-preview:-1\" \/>\n<link rel=\"canonical\" href=\"https:\/\/comarcas.csm.org.pt\/aveiro\/blog\/2025\/07\/08\/jantar-de-homenagem-assinala-saida-do-juiz-desembargador-jorge-manuel-duarte-bispo-da-presidencia-da-comarca-de-aveiro\/\" \/>\n<meta property=\"og:locale\" content=\"pt_PT\" \/>\n<meta property=\"og:type\" content=\"article\" \/>\n<meta property=\"og:title\" content=\"Jantar de Homenagem, assinala sa\u00edda do Juiz Desembargador Jorge Manuel Duarte Bispo, da Presid\u00eancia da Comarca de Aveiro - Tribunal Judicial da Comarca de Aveiro\" \/>\n<meta property=\"og:description\" content=\"Reuni\u00e3o final de avalia\u00e7\u00e3o dos Auditores de Justi\u00e7a do 40.\u00ba Curso Normal de Forma\u00e7\u00e3o do CEJ foi realizada no Tribunal Judicial da Comarca de Aveiro\" \/>\n<meta property=\"og:url\" content=\"https:\/\/comarcas.csm.org.pt\/aveiro\/blog\/2025\/07\/08\/jantar-de-homenagem-assinala-saida-do-juiz-desembargador-jorge-manuel-duarte-bispo-da-presidencia-da-comarca-de-aveiro\/\" \/>\n<meta property=\"og:site_name\" content=\"Tribunal Judicial da Comarca de Aveiro\" \/>\n<meta property=\"article:published_time\" content=\"2025-07-08T12:49:27+00:00\" \/>\n<meta property=\"article:modified_time\" content=\"2025-07-09T13:55:39+00:00\" \/>\n<meta property=\"og:image\" content=\"https:\/\/comarcas.csm.org.pt\/aveiro\/wp-content\/uploads\/sites\/5\/2025\/07\/40f0bb03-0677-4b81-b105-893a59b15622.jpg\" \/>\n\t<meta property=\"og:image:width\" content=\"1600\" \/>\n\t<meta property=\"og:image:height\" content=\"737\" \/>\n\t<meta property=\"og:image:type\" content=\"image\/jpeg\" \/>\n<meta name=\"author\" content=\"Teresa Marques\" \/>\n<meta name=\"twitter:card\" content=\"summary_large_image\" \/>\n<meta name=\"twitter:label1\" content=\"Escrito por\" \/>\n\t<meta name=\"twitter:data1\" content=\"Teresa Marques\" \/>\n\t<meta name=\"twitter:label2\" content=\"Tempo estimado de leitura\" \/>\n\t<meta name=\"twitter:data2\" content=\"3 minutos\" \/>\n<script type=\"application\/ld+json\" class=\"yoast-schema-graph\">{\"@context\":\"https:\/\/schema.org\",\"@graph\":[{\"@type\":\"Article\",\"@id\":\"https:\/\/comarcas.csm.org.pt\/aveiro\/blog\/2025\/07\/08\/jantar-de-homenagem-assinala-saida-do-juiz-desembargador-jorge-manuel-duarte-bispo-da-presidencia-da-comarca-de-aveiro\/#article\",\"isPartOf\":{\"@id\":\"https:\/\/comarcas.csm.org.pt\/aveiro\/blog\/2025\/07\/08\/jantar-de-homenagem-assinala-saida-do-juiz-desembargador-jorge-manuel-duarte-bispo-da-presidencia-da-comarca-de-aveiro\/\"},\"author\":{\"name\":\"Teresa Marques\",\"@id\":\"https:\/\/comarcas.csm.org.pt\/aveiro\/#\/schema\/person\/f47b76aceed6d6c815c9c7977bb8a7a5\"},\"headline\":\"Jantar de Homenagem, assinala sa\u00edda do Juiz Desembargador Jorge Manuel Duarte Bispo, da Presid\u00eancia da Comarca de Aveiro\",\"datePublished\":\"2025-07-08T12:49:27+00:00\",\"dateModified\":\"2025-07-09T13:55:39+00:00\",\"mainEntityOfPage\":{\"@id\":\"https:\/\/comarcas.csm.org.pt\/aveiro\/blog\/2025\/07\/08\/jantar-de-homenagem-assinala-saida-do-juiz-desembargador-jorge-manuel-duarte-bispo-da-presidencia-da-comarca-de-aveiro\/\"},\"wordCount\":265,\"publisher\":{\"@id\":\"https:\/\/comarcas.csm.org.pt\/aveiro\/#organization\"},\"image\":{\"@id\":\"https:\/\/comarcas.csm.org.pt\/aveiro\/blog\/2025\/07\/08\/jantar-de-homenagem-assinala-saida-do-juiz-desembargador-jorge-manuel-duarte-bispo-da-presidencia-da-comarca-de-aveiro\/#primaryimage\"},\"thumbnailUrl\":\"https:\/\/comarcas.csm.org.pt\/aveiro\/wp-content\/uploads\/sites\/5\/2025\/07\/40f0bb03-0677-4b81-b105-893a59b15622-150x150.jpg\",\"articleSection\":[\"Geral\",\"Not\u00edcias\"],\"inLanguage\":\"pt-PT\"},{\"@type\":\"WebPage\",\"@id\":\"https:\/\/comarcas.csm.org.pt\/aveiro\/blog\/2025\/07\/08\/jantar-de-homenagem-assinala-saida-do-juiz-desembargador-jorge-manuel-duarte-bispo-da-presidencia-da-comarca-de-aveiro\/\",\"url\":\"https:\/\/comarcas.csm.org.pt\/aveiro\/blog\/2025\/07\/08\/jantar-de-homenagem-assinala-saida-do-juiz-desembargador-jorge-manuel-duarte-bispo-da-presidencia-da-comarca-de-aveiro\/\",\"name\":\"Jantar de Homenagem, assinala sa\u00edda do Juiz Desembargador Jorge Manuel Duarte Bispo, da Presid\u00eancia da Comarca de Aveiro - Tribunal Judicial da Comarca de Aveiro\",\"isPartOf\":{\"@id\":\"https:\/\/comarcas.csm.org.pt\/aveiro\/#website\"},\"primaryImageOfPage\":{\"@id\":\"https:\/\/comarcas.csm.org.pt\/aveiro\/blog\/2025\/07\/08\/jantar-de-homenagem-assinala-saida-do-juiz-desembargador-jorge-manuel-duarte-bispo-da-presidencia-da-comarca-de-aveiro\/#primaryimage\"},\"image\":{\"@id\":\"https:\/\/comarcas.csm.org.pt\/aveiro\/blog\/2025\/07\/08\/jantar-de-homenagem-assinala-saida-do-juiz-desembargador-jorge-manuel-duarte-bispo-da-presidencia-da-comarca-de-aveiro\/#primaryimage\"},\"thumbnailUrl\":\"https:\/\/comarcas.csm.org.pt\/aveiro\/wp-content\/uploads\/sites\/5\/2025\/07\/40f0bb03-0677-4b81-b105-893a59b15622-150x150.jpg\",\"datePublished\":\"2025-07-08T12:49:27+00:00\",\"dateModified\":\"2025-07-09T13:55:39+00:00\",\"description\":\"Reuni\u00e3o final de avalia\u00e7\u00e3o dos Auditores de Justi\u00e7a do 40.\u00ba Curso Normal de Forma\u00e7\u00e3o do CEJ foi realizada no Tribunal Judicial da Comarca de Aveiro\",\"breadcrumb\":{\"@id\":\"https:\/\/comarcas.csm.org.pt\/aveiro\/blog\/2025\/07\/08\/jantar-de-homenagem-assinala-saida-do-juiz-desembargador-jorge-manuel-duarte-bispo-da-presidencia-da-comarca-de-aveiro\/#breadcrumb\"},\"inLanguage\":\"pt-PT\",\"potentialAction\":[{\"@type\":\"ReadAction\",\"target\":[\"https:\/\/comarcas.csm.org.pt\/aveiro\/blog\/2025\/07\/08\/jantar-de-homenagem-assinala-saida-do-juiz-desembargador-jorge-manuel-duarte-bispo-da-presidencia-da-comarca-de-aveiro\/\"]}]},{\"@type\":\"ImageObject\",\"inLanguage\":\"pt-PT\",\"@id\":\"https:\/\/comarcas.csm.org.pt\/aveiro\/blog\/2025\/07\/08\/jantar-de-homenagem-assinala-saida-do-juiz-desembargador-jorge-manuel-duarte-bispo-da-presidencia-da-comarca-de-aveiro\/#primaryimage\",\"url\":\"https:\/\/comarcas.csm.org.pt\/aveiro\/wp-content\/uploads\/sites\/5\/2025\/07\/40f0bb03-0677-4b81-b105-893a59b15622.jpg\",\"contentUrl\":\"https:\/\/comarcas.csm.org.pt\/aveiro\/wp-content\/uploads\/sites\/5\/2025\/07\/40f0bb03-0677-4b81-b105-893a59b15622.jpg\",\"width\":1600,\"height\":737},{\"@type\":\"BreadcrumbList\",\"@id\":\"https:\/\/comarcas.csm.org.pt\/aveiro\/blog\/2025\/07\/08\/jantar-de-homenagem-assinala-saida-do-juiz-desembargador-jorge-manuel-duarte-bispo-da-presidencia-da-comarca-de-aveiro\/#breadcrumb\",\"itemListElement\":[{\"@type\":\"ListItem\",\"position\":1,\"name\":\"In\u00edcio\",\"item\":\"https:\/\/comarcas.csm.org.pt\/aveiro\/\"},{\"@type\":\"ListItem\",\"position\":2,\"name\":\"Jantar de Homenagem, assinala sa\u00edda do Juiz Desembargador Jorge Manuel Duarte Bispo, da Presid\u00eancia da Comarca de Aveiro\"}]},{\"@type\":\"WebSite\",\"@id\":\"https:\/\/comarcas.csm.org.pt\/aveiro\/#website\",\"url\":\"https:\/\/comarcas.csm.org.pt\/aveiro\/\",\"name\":\"Tribunal Judicial da Comarca de Aveiro\",\"description\":\"Tribunal Judicial da Comarca de Aveiro\",\"publisher\":{\"@id\":\"https:\/\/comarcas.csm.org.pt\/aveiro\/#organization\"},\"potentialAction\":[{\"@type\":\"SearchAction\",\"target\":{\"@type\":\"EntryPoint\",\"urlTemplate\":\"https:\/\/comarcas.csm.org.pt\/aveiro\/?s={search_term_string}\"},\"query-input\":{\"@type\":\"PropertyValueSpecification\",\"valueRequired\":true,\"valueName\":\"search_term_string\"}}],\"inLanguage\":\"pt-PT\"},{\"@type\":\"Organization\",\"@id\":\"https:\/\/comarcas.csm.org.pt\/aveiro\/#organization\",\"name\":\"Tribunal Judicial da Comarca de Aveiro\",\"url\":\"https:\/\/comarcas.csm.org.pt\/aveiro\/\",\"logo\":{\"@type\":\"ImageObject\",\"inLanguage\":\"pt-PT\",\"@id\":\"https:\/\/comarcas.csm.org.pt\/aveiro\/#\/schema\/logo\/image\/\",\"url\":\"https:\/\/comarcas.csm.org.pt\/aveiro\/wp-content\/uploads\/sites\/5\/2024\/09\/Aveiro_positivo-horizontal-1.png\",\"contentUrl\":\"https:\/\/comarcas.csm.org.pt\/aveiro\/wp-content\/uploads\/sites\/5\/2024\/09\/Aveiro_positivo-horizontal-1.png\",\"width\":5153,\"height\":890,\"caption\":\"Tribunal Judicial da Comarca de Aveiro\"},\"image\":{\"@id\":\"https:\/\/comarcas.csm.org.pt\/aveiro\/#\/schema\/logo\/image\/\"}},{\"@type\":\"Person\",\"@id\":\"https:\/\/comarcas.csm.org.pt\/aveiro\/#\/schema\/person\/f47b76aceed6d6c815c9c7977bb8a7a5\",\"name\":\"Teresa Marques\",\"image\":{\"@type\":\"ImageObject\",\"inLanguage\":\"pt-PT\",\"@id\":\"https:\/\/comarcas.csm.org.pt\/aveiro\/#\/schema\/person\/image\/\",\"url\":\"https:\/\/secure.gravatar.com\/avatar\/d30a09e3a926d9cc69b7afad7a0660d114597787266ebc6d1805f330dc2ba49a?s=96&d=mm&r=g\",\"contentUrl\":\"https:\/\/secure.gravatar.com\/avatar\/d30a09e3a926d9cc69b7afad7a0660d114597787266ebc6d1805f330dc2ba49a?s=96&d=mm&r=g\",\"caption\":\"Teresa Marques\"},\"url\":\"https:\/\/comarcas.csm.org.pt\/aveiro\/blog\/author\/teresamarques\/\"}]}<\/script>\n<!-- \/ Yoast SEO plugin. -->","yoast_head_json":{"title":"Jantar de Homenagem, assinala sa\u00edda do Juiz Desembargador Jorge Manuel Duarte Bispo, da Presid\u00eancia da Comarca de Aveiro - Tribunal Judicial da Comarca de Aveiro","description":"Reuni\u00e3o final de avalia\u00e7\u00e3o dos Auditores de Justi\u00e7a do 40.\u00ba Curso Normal de Forma\u00e7\u00e3o do CEJ foi realizada no Tribunal Judicial da Comarca de Aveiro","robots":{"index":"index","follow":"follow","max-snippet":"max-snippet:-1","max-image-preview":"max-image-preview:large","max-video-preview":"max-video-preview:-1"},"canonical":"https:\/\/comarcas.csm.org.pt\/aveiro\/blog\/2025\/07\/08\/jantar-de-homenagem-assinala-saida-do-juiz-desembargador-jorge-manuel-duarte-bispo-da-presidencia-da-comarca-de-aveiro\/","og_locale":"pt_PT","og_type":"article","og_title":"Jantar de Homenagem, assinala sa\u00edda do Juiz Desembargador Jorge Manuel Duarte Bispo, da Presid\u00eancia da Comarca de Aveiro - Tribunal Judicial da Comarca de Aveiro","og_description":"Reuni\u00e3o final de avalia\u00e7\u00e3o dos Auditores de Justi\u00e7a do 40.\u00ba Curso Normal de Forma\u00e7\u00e3o do CEJ foi realizada no Tribunal Judicial da Comarca de Aveiro","og_url":"https:\/\/comarcas.csm.org.pt\/aveiro\/blog\/2025\/07\/08\/jantar-de-homenagem-assinala-saida-do-juiz-desembargador-jorge-manuel-duarte-bispo-da-presidencia-da-comarca-de-aveiro\/","og_site_name":"Tribunal Judicial da Comarca de Aveiro","article_published_time":"2025-07-08T12:49:27+00:00","article_modified_time":"2025-07-09T13:55:39+00:00","og_image":[{"width":1600,"height":737,"url":"https:\/\/comarcas.csm.org.pt\/aveiro\/wp-content\/uploads\/sites\/5\/2025\/07\/40f0bb03-0677-4b81-b105-893a59b15622.jpg","type":"image\/jpeg"}],"author":"Teresa Marques","twitter_card":"summary_large_image","twitter_misc":{"Escrito por":"Teresa Marques","Tempo estimado de leitura":"3 minutos"},"schema":{"@context":"https:\/\/schema.org","@graph":[{"@type":"Article","@id":"https:\/\/comarcas.csm.org.pt\/aveiro\/blog\/2025\/07\/08\/jantar-de-homenagem-assinala-saida-do-juiz-desembargador-jorge-manuel-duarte-bispo-da-presidencia-da-comarca-de-aveiro\/#article","isPartOf":{"@id":"https:\/\/comarcas.csm.org.pt\/aveiro\/blog\/2025\/07\/08\/jantar-de-homenagem-assinala-saida-do-juiz-desembargador-jorge-manuel-duarte-bispo-da-presidencia-da-comarca-de-aveiro\/"},"author":{"name":"Teresa Marques","@id":"https:\/\/comarcas.csm.org.pt\/aveiro\/#\/schema\/person\/f47b76aceed6d6c815c9c7977bb8a7a5"},"headline":"Jantar de Homenagem, assinala sa\u00edda do Juiz Desembargador Jorge Manuel Duarte Bispo, da Presid\u00eancia da Comarca de Aveiro","datePublished":"2025-07-08T12:49:27+00:00","dateModified":"2025-07-09T13:55:39+00:00","mainEntityOfPage":{"@id":"https:\/\/comarcas.csm.org.pt\/aveiro\/blog\/2025\/07\/08\/jantar-de-homenagem-assinala-saida-do-juiz-desembargador-jorge-manuel-duarte-bispo-da-presidencia-da-comarca-de-aveiro\/"},"wordCount":265,"publisher":{"@id":"https:\/\/comarcas.csm.org.pt\/aveiro\/#organization"},"image":{"@id":"https:\/\/comarcas.csm.org.pt\/aveiro\/blog\/2025\/07\/08\/jantar-de-homenagem-assinala-saida-do-juiz-desembargador-jorge-manuel-duarte-bispo-da-presidencia-da-comarca-de-aveiro\/#primaryimage"},"thumbnailUrl":"https:\/\/comarcas.csm.org.pt\/aveiro\/wp-content\/uploads\/sites\/5\/2025\/07\/40f0bb03-0677-4b81-b105-893a59b15622-150x150.jpg","articleSection":["Geral","Not\u00edcias"],"inLanguage":"pt-PT"},{"@type":"WebPage","@id":"https:\/\/comarcas.csm.org.pt\/aveiro\/blog\/2025\/07\/08\/jantar-de-homenagem-assinala-saida-do-juiz-desembargador-jorge-manuel-duarte-bispo-da-presidencia-da-comarca-de-aveiro\/","url":"https:\/\/comarcas.csm.org.pt\/aveiro\/blog\/2025\/07\/08\/jantar-de-homenagem-assinala-saida-do-juiz-desembargador-jorge-manuel-duarte-bispo-da-presidencia-da-comarca-de-aveiro\/","name":"Jantar de Homenagem, assinala sa\u00edda do Juiz Desembargador Jorge Manuel Duarte Bispo, da Presid\u00eancia da Comarca de Aveiro - Tribunal Judicial da Comarca de Aveiro","isPartOf":{"@id":"https:\/\/comarcas.csm.org.pt\/aveiro\/#website"},"primaryImageOfPage":{"@id":"https:\/\/comarcas.csm.org.pt\/aveiro\/blog\/2025\/07\/08\/jantar-de-homenagem-assinala-saida-do-juiz-desembargador-jorge-manuel-duarte-bispo-da-presidencia-da-comarca-de-aveiro\/#primaryimage"},"image":{"@id":"https:\/\/comarcas.csm.org.pt\/aveiro\/blog\/2025\/07\/08\/jantar-de-homenagem-assinala-saida-do-juiz-desembargador-jorge-manuel-duarte-bispo-da-presidencia-da-comarca-de-aveiro\/#primaryimage"},"thumbnailUrl":"https:\/\/comarcas.csm.org.pt\/aveiro\/wp-content\/uploads\/sites\/5\/2025\/07\/40f0bb03-0677-4b81-b105-893a59b15622-150x150.jpg","datePublished":"2025-07-08T12:49:27+00:00","dateModified":"2025-07-09T13:55:39+00:00","description":"Reuni\u00e3o final de avalia\u00e7\u00e3o dos Auditores de Justi\u00e7a do 40.\u00ba Curso Normal de Forma\u00e7\u00e3o do CEJ foi realizada no Tribunal Judicial da Comarca de Aveiro","breadcrumb":{"@id":"https:\/\/comarcas.csm.org.pt\/aveiro\/blog\/2025\/07\/08\/jantar-de-homenagem-assinala-saida-do-juiz-desembargador-jorge-manuel-duarte-bispo-da-presidencia-da-comarca-de-aveiro\/#breadcrumb"},"inLanguage":"pt-PT","potentialAction":[{"@type":"ReadAction","target":["https:\/\/comarcas.csm.org.pt\/aveiro\/blog\/2025\/07\/08\/jantar-de-homenagem-assinala-saida-do-juiz-desembargador-jorge-manuel-duarte-bispo-da-presidencia-da-comarca-de-aveiro\/"]}]},{"@type":"ImageObject","inLanguage":"pt-PT","@id":"https:\/\/comarcas.csm.org.pt\/aveiro\/blog\/2025\/07\/08\/jantar-de-homenagem-assinala-saida-do-juiz-desembargador-jorge-manuel-duarte-bispo-da-presidencia-da-comarca-de-aveiro\/#primaryimage","url":"https:\/\/comarcas.csm.org.pt\/aveiro\/wp-content\/uploads\/sites\/5\/2025\/07\/40f0bb03-0677-4b81-b105-893a59b15622.jpg","contentUrl":"https:\/\/comarcas.csm.org.pt\/aveiro\/wp-content\/uploads\/sites\/5\/2025\/07\/40f0bb03-0677-4b81-b105-893a59b15622.jpg","width":1600,"height":737},{"@type":"BreadcrumbList","@id":"https:\/\/comarcas.csm.org.pt\/aveiro\/blog\/2025\/07\/08\/jantar-de-homenagem-assinala-saida-do-juiz-desembargador-jorge-manuel-duarte-bispo-da-presidencia-da-comarca-de-aveiro\/#breadcrumb","itemListElement":[{"@type":"ListItem","position":1,"name":"In\u00edcio","item":"https:\/\/comarcas.csm.org.pt\/aveiro\/"},{"@type":"ListItem","position":2,"name":"Jantar de Homenagem, assinala sa\u00edda do Juiz Desembargador Jorge Manuel Duarte Bispo, da Presid\u00eancia da Comarca de Aveiro"}]},{"@type":"WebSite","@id":"https:\/\/comarcas.csm.org.pt\/aveiro\/#website","url":"https:\/\/comarcas.csm.org.pt\/aveiro\/","name":"Tribunal Judicial da Comarca de Aveiro","description":"Tribunal Judicial da Comarca de Aveiro","publisher":{"@id":"https:\/\/comarcas.csm.org.pt\/aveiro\/#organization"},"potentialAction":[{"@type":"SearchAction","target":{"@type":"EntryPoint","urlTemplate":"https:\/\/comarcas.csm.org.pt\/aveiro\/?s={search_term_string}"},"query-input":{"@type":"PropertyValueSpecification","valueRequired":true,"valueName":"search_term_string"}}],"inLanguage":"pt-PT"},{"@type":"Organization","@id":"https:\/\/comarcas.csm.org.pt\/aveiro\/#organization","name":"Tribunal Judicial da Comarca de Aveiro","url":"https:\/\/comarcas.csm.org.pt\/aveiro\/","logo":{"@type":"ImageObject","inLanguage":"pt-PT","@id":"https:\/\/comarcas.csm.org.pt\/aveiro\/#\/schema\/logo\/image\/","url":"https:\/\/comarcas.csm.org.pt\/aveiro\/wp-content\/uploads\/sites\/5\/2024\/09\/Aveiro_positivo-horizontal-1.png","contentUrl":"https:\/\/comarcas.csm.org.pt\/aveiro\/wp-content\/uploads\/sites\/5\/2024\/09\/Aveiro_positivo-horizontal-1.png","width":5153,"height":890,"caption":"Tribunal Judicial da Comarca de Aveiro"},"image":{"@id":"https:\/\/comarcas.csm.org.pt\/aveiro\/#\/schema\/logo\/image\/"}},{"@type":"Person","@id":"https:\/\/comarcas.csm.org.pt\/aveiro\/#\/schema\/person\/f47b76aceed6d6c815c9c7977bb8a7a5","name":"Teresa Marques","image":{"@type":"ImageObject","inLanguage":"pt-PT","@id":"https:\/\/comarcas.csm.org.pt\/aveiro\/#\/schema\/person\/image\/","url":"https:\/\/secure.gravatar.com\/avatar\/d30a09e3a926d9cc69b7afad7a0660d114597787266ebc6d1805f330dc2ba49a?s=96&d=mm&r=g","contentUrl":"https:\/\/secure.gravatar.com\/avatar\/d30a09e3a926d9cc69b7afad7a0660d114597787266ebc6d1805f330dc2ba49a?s=96&d=mm&r=g","caption":"Teresa Marques"},"url":"https:\/\/comarcas.csm.org.pt\/aveiro\/blog\/author\/teresamarques\/"}]}},"_links":{"self":[{"href":"https:\/\/comarcas.csm.org.pt\/aveiro\/wp-json\/wp\/v2\/posts\/12719","targetHints":{"allow":["GET"]}}],"collection":[{"href":"https:\/\/comarcas.csm.org.pt\/aveiro\/wp-json\/wp\/v2\/posts"}],"about":[{"href":"https:\/\/comarcas.csm.org.pt\/aveiro\/wp-json\/wp\/v2\/types\/post"}],"author":[{"embeddable":true,"href":"https:\/\/comarcas.csm.org.pt\/aveiro\/wp-json\/wp\/v2\/users\/4"}],"replies":[{"embeddable":true,"href":"https:\/\/comarcas.csm.org.pt\/aveiro\/wp-json\/wp\/v2\/comments?post=12719"}],"version-history":[{"count":16,"href":"https:\/\/comarcas.csm.org.pt\/aveiro\/wp-json\/wp\/v2\/posts\/12719\/revisions"}],"predecessor-version":[{"id":12753,"href":"https:\/\/comarcas.csm.org.pt\/aveiro\/wp-json\/wp\/v2\/posts\/12719\/revisions\/12753"}],"wp:attachment":[{"href":"https:\/\/comarcas.csm.org.pt\/aveiro\/wp-json\/wp\/v2\/media?parent=12719"}],"wp:term":[{"taxonomy":"category","embeddable":true,"href":"https:\/\/comarcas.csm.org.pt\/aveiro\/wp-json\/wp\/v2\/categories?post=12719"},{"taxonomy":"post_tag","embeddable":true,"href":"https:\/\/comarcas.csm.org.pt\/aveiro\/wp-json\/wp\/v2\/tags?post=12719"}],"curies":[{"name":"wp","href":"https:\/\/api.w.org\/{rel}","templated":true}]}}