{"id":13015,"date":"2025-12-19T18:18:37","date_gmt":"2025-12-19T18:18:37","guid":{"rendered":"https:\/\/comarcas.csm.org.pt\/aveiro\/?p=13015"},"modified":"2025-12-23T15:08:05","modified_gmt":"2025-12-23T15:08:05","slug":"https-comarcas-csm-org-pt-aveiro-blog-2025-12-19-comarca-de-aveiro-promove-iniciativa-solidaria-no-ambito-do-jantar-de-natal","status":"publish","type":"post","link":"https:\/\/comarcas.csm.org.pt\/aveiro\/blog\/2025\/12\/19\/https-comarcas-csm-org-pt-aveiro-blog-2025-12-19-comarca-de-aveiro-promove-iniciativa-solidaria-no-ambito-do-jantar-de-natal\/","title":{"rendered":"Comarca de Aveiro promove iniciativa solid\u00e1ria no \u00e2mbito do Jantar de Natal"},"content":{"rendered":"\t\t<div data-elementor-type=\"wp-post\" data-elementor-id=\"13015\" class=\"elementor elementor-13015\" data-elementor-post-type=\"post\">\n\t\t\t\t<div class=\"elementor-element elementor-element-16e389d4 e-flex e-con-boxed e-con e-parent\" data-id=\"16e389d4\" data-element_type=\"container\">\n\t\t\t\t\t<div class=\"e-con-inner\">\n\t\t\t\t<div class=\"elementor-element elementor-element-52a72b9 elementor-widget elementor-widget-text-editor\" data-id=\"52a72b9\" data-element_type=\"widget\" data-widget_type=\"text-editor.default\">\n\t\t\t\t<div class=\"elementor-widget-container\">\n\t\t\t\t\t\t\t\t\t<p><span style=\"letter-spacing: 0.3px;\">O Jantar de Natal da Comarca de Aveiro, realizado no dia <\/span><strong style=\"letter-spacing: 0.3px;\" data-start=\"535\" data-end=\"561\">17 de dezembro de 2025<\/strong><span style=\"letter-spacing: 0.3px;\">, registou uma forte ades\u00e3o e constituiu um momento de conv\u00edvio e partilha entre Magistrados, Oficiais de Justi\u00e7a e demais colaboradores.<\/span><\/p>\n<p data-start=\"700\" data-end=\"1128\">Por iniciativa da Comarca de Aveiro, o conv\u00edvio integrou uma <strong data-start=\"761\" data-end=\"779\">a\u00e7\u00e3o solid\u00e1ria<\/strong>, tendo apelado \u00e0 entrega de donativos em alternativa \u00e0 tradicional troca de presentes.\u00a0<\/p>\n<p data-start=\"700\" data-end=\"1128\">O total dos donativos monet\u00e1rios, atingiu o valor global de 750 euros e reverteu equitativamente, a favor de duas institui\u00e7\u00f5es representativas dos Polos da Comarca: a <strong data-start=\"958\" data-end=\"1013\">RAP \u2013 Resposta de Apoio Psicol\u00f3gico do Espa\u00e7o Trevo<\/strong>, no Polo de Santa Maria da Feira e a <strong data-start=\"1052\" data-end=\"1108\">Casa de Acolhimento Residencial da C\u00e1ritas de Aveiro<\/strong>, no Polo de Aveiro.<\/p>\n<p data-start=\"1130\" data-end=\"1784\">No dia <strong data-start=\"1137\" data-end=\"1163\">19 de dezembro de 2025<\/strong>, nas instala\u00e7\u00f5es do edif\u00edcio afeto aos \u00d3rg\u00e3os de Gest\u00e3o da Comarca, o Senhor <strong style=\"letter-spacing: 0.3px;\" data-start=\"1712\" data-end=\"1783\">Juiz Presidente da Comarca, Desembargador Jorge Manuel Duarte Bispo<\/strong><span style=\"letter-spacing: 0.3px;\">\u00a0entregou ao<\/span><span style=\"letter-spacing: 0.3px;\">\u00a0<\/span><strong style=\"letter-spacing: 0.3px;\" data-start=\"1346\" data-end=\"1418\">Presidente da Dire\u00e7\u00e3o da C\u00e1ritas de Aveiro, Di\u00e1cono Jos\u00e9 Marinho Vaz<\/strong><span style=\"letter-spacing: 0.3px;\">, acompanhado pela <\/span><strong style=\"letter-spacing: 0.3px;\" data-start=\"1437\" data-end=\"1457\">Dra. Isabel Lemos<\/strong><span style=\"letter-spacing: 0.3px;\">, metade do valor apurado e a <\/span><span style=\"letter-spacing: 0.3px;\" data-start=\"1461\" data-end=\"1501\">totalidade dos brinquedos angariados<\/span><span style=\"letter-spacing: 0.3px;\">, a fim de serem distribu\u00eddos pelas crian\u00e7as que se encontram na Casa de Acolhimento Residencial e ao cuidado da C\u00e1ritas de Aveiro.<\/span><\/p>\n<p data-start=\"1130\" data-end=\"1784\"><span style=\"letter-spacing: 0.3px;\">A Comarca de Aveiro manifesta o seu orgulho e satisfa\u00e7\u00e3o pela iniciativa promovida e reafirma o seu compromisso em <\/span>dar continuidade a a\u00e7\u00f5es solid\u00e1rias id\u00eanticas<span style=\"letter-spacing: 0.3px;\">, contribuindo para uma <strong>Justi\u00e7a mais pr\u00f3xima da Comunidade.<\/strong><\/span><\/p>\n<p><!-- \/wp:paragraph --><!-- wp:paragraph --><\/p>\n<p><!-- \/wp:paragraph --><\/p>\t\t\t\t\t\t\t\t<\/div>\n\t\t\t\t<\/div>\n\t\t\t\t\t<\/div>\n\t\t\t\t<\/div>\n\t\t<div class=\"elementor-element elementor-element-5044640 e-flex e-con-boxed e-con e-parent\" data-id=\"5044640\" data-element_type=\"container\">\n\t\t\t\t\t<div class=\"e-con-inner\">\n\t\t\t\t<div class=\"elementor-element elementor-element-aefb931 elementor-widget elementor-widget-image-gallery\" data-id=\"aefb931\" data-element_type=\"widget\" data-widget_type=\"image-gallery.default\">\n\t\t\t\t<div class=\"elementor-widget-container\">\n\t\t\t\t\t\t\t<div class=\"elementor-image-gallery\">\n\t\t\t<div id='gallery-1' class='gallery galleryid-13015 gallery-columns-4 gallery-size-thumbnail'><figure class='gallery-item'>\n\t\t\t<div class='gallery-icon landscape'>\n\t\t\t\t<a data-elementor-open-lightbox=\"yes\" data-elementor-lightbox-slideshow=\"aefb931\" data-elementor-lightbox-title=\"WhatsApp Image 2025-12-19 at 18.01.53 (2)\" data-e-action-hash=\"#elementor-action%3Aaction%3Dlightbox%26settings%3DeyJpZCI6MTMwMzIsInVybCI6Imh0dHBzOlwvXC9jb21hcmNhcy5jc20ub3JnLnB0XC9hdmVpcm9cL3dwLWNvbnRlbnRcL3VwbG9hZHNcL3NpdGVzXC81XC8yMDI1XC8xMlwvV2hhdHNBcHAtSW1hZ2UtMjAyNS0xMi0xOS1hdC0xOC4wMS41My0yLTEuanBlZyIsInNsaWRlc2hvdyI6ImFlZmI5MzEifQ%3D%3D\" href='https:\/\/comarcas.csm.org.pt\/aveiro\/wp-content\/uploads\/sites\/5\/2025\/12\/WhatsApp-Image-2025-12-19-at-18.01.53-2-1.jpeg'><img decoding=\"async\" width=\"150\" height=\"150\" src=\"https:\/\/comarcas.csm.org.pt\/aveiro\/wp-content\/uploads\/sites\/5\/2025\/12\/WhatsApp-Image-2025-12-19-at-18.01.53-2-1-150x150.jpeg\" class=\"attachment-thumbnail size-thumbnail\" alt=\"\" \/><\/a>\n\t\t\t<\/div><\/figure><figure class='gallery-item'>\n\t\t\t<div class='gallery-icon landscape'>\n\t\t\t\t<a data-elementor-open-lightbox=\"yes\" data-elementor-lightbox-slideshow=\"aefb931\" data-elementor-lightbox-title=\"WhatsApp Image 2025-12-19 at 18.01.53 (3)\" data-e-action-hash=\"#elementor-action%3Aaction%3Dlightbox%26settings%3DeyJpZCI6MTMwMzMsInVybCI6Imh0dHBzOlwvXC9jb21hcmNhcy5jc20ub3JnLnB0XC9hdmVpcm9cL3dwLWNvbnRlbnRcL3VwbG9hZHNcL3NpdGVzXC81XC8yMDI1XC8xMlwvV2hhdHNBcHAtSW1hZ2UtMjAyNS0xMi0xOS1hdC0xOC4wMS41My0zLTEuanBlZyIsInNsaWRlc2hvdyI6ImFlZmI5MzEifQ%3D%3D\" href='https:\/\/comarcas.csm.org.pt\/aveiro\/wp-content\/uploads\/sites\/5\/2025\/12\/WhatsApp-Image-2025-12-19-at-18.01.53-3-1.jpeg'><img decoding=\"async\" width=\"150\" height=\"150\" src=\"https:\/\/comarcas.csm.org.pt\/aveiro\/wp-content\/uploads\/sites\/5\/2025\/12\/WhatsApp-Image-2025-12-19-at-18.01.53-3-1-150x150.jpeg\" class=\"attachment-thumbnail size-thumbnail\" alt=\"\" \/><\/a>\n\t\t\t<\/div><\/figure><figure class='gallery-item'>\n\t\t\t<div class='gallery-icon portrait'>\n\t\t\t\t<a data-elementor-open-lightbox=\"yes\" data-elementor-lightbox-slideshow=\"aefb931\" data-elementor-lightbox-title=\"WhatsApp Image 2025-12-19 at 18.01.53\" data-e-action-hash=\"#elementor-action%3Aaction%3Dlightbox%26settings%3DeyJpZCI6MTMwMzQsInVybCI6Imh0dHBzOlwvXC9jb21hcmNhcy5jc20ub3JnLnB0XC9hdmVpcm9cL3dwLWNvbnRlbnRcL3VwbG9hZHNcL3NpdGVzXC81XC8yMDI1XC8xMlwvV2hhdHNBcHAtSW1hZ2UtMjAyNS0xMi0xOS1hdC0xOC4wMS41My0xLmpwZWciLCJzbGlkZXNob3ciOiJhZWZiOTMxIn0%3D\" href='https:\/\/comarcas.csm.org.pt\/aveiro\/wp-content\/uploads\/sites\/5\/2025\/12\/WhatsApp-Image-2025-12-19-at-18.01.53-1.jpeg'><img decoding=\"async\" width=\"150\" height=\"150\" src=\"https:\/\/comarcas.csm.org.pt\/aveiro\/wp-content\/uploads\/sites\/5\/2025\/12\/WhatsApp-Image-2025-12-19-at-18.01.53-1-150x150.jpeg\" class=\"attachment-thumbnail size-thumbnail\" alt=\"\" \/><\/a>\n\t\t\t<\/div><\/figure><figure class='gallery-item'>\n\t\t\t<div class='gallery-icon landscape'>\n\t\t\t\t<a data-elementor-open-lightbox=\"yes\" data-elementor-lightbox-slideshow=\"aefb931\" data-elementor-lightbox-title=\"WhatsApp Image 2025-12-19 at 18.01.54\" data-e-action-hash=\"#elementor-action%3Aaction%3Dlightbox%26settings%3DeyJpZCI6MTMwMzUsInVybCI6Imh0dHBzOlwvXC9jb21hcmNhcy5jc20ub3JnLnB0XC9hdmVpcm9cL3dwLWNvbnRlbnRcL3VwbG9hZHNcL3NpdGVzXC81XC8yMDI1XC8xMlwvV2hhdHNBcHAtSW1hZ2UtMjAyNS0xMi0xOS1hdC0xOC4wMS41NC0xLmpwZWciLCJzbGlkZXNob3ciOiJhZWZiOTMxIn0%3D\" href='https:\/\/comarcas.csm.org.pt\/aveiro\/wp-content\/uploads\/sites\/5\/2025\/12\/WhatsApp-Image-2025-12-19-at-18.01.54-1.jpeg'><img loading=\"lazy\" decoding=\"async\" width=\"150\" height=\"150\" src=\"https:\/\/comarcas.csm.org.pt\/aveiro\/wp-content\/uploads\/sites\/5\/2025\/12\/WhatsApp-Image-2025-12-19-at-18.01.54-1-150x150.jpeg\" class=\"attachment-thumbnail size-thumbnail\" alt=\"\" \/><\/a>\n\t\t\t<\/div><\/figure><figure class='gallery-item'>\n\t\t\t<div class='gallery-icon portrait'>\n\t\t\t\t<a data-elementor-open-lightbox=\"yes\" data-elementor-lightbox-slideshow=\"aefb931\" data-elementor-lightbox-title=\"WhatsApp Image 2025-12-19 at 18.03.22 (1)\" data-e-action-hash=\"#elementor-action%3Aaction%3Dlightbox%26settings%3DeyJpZCI6MTMwMzgsInVybCI6Imh0dHBzOlwvXC9jb21hcmNhcy5jc20ub3JnLnB0XC9hdmVpcm9cL3dwLWNvbnRlbnRcL3VwbG9hZHNcL3NpdGVzXC81XC8yMDI1XC8xMlwvV2hhdHNBcHAtSW1hZ2UtMjAyNS0xMi0xOS1hdC0xOC4wMy4yMi0xLTEuanBlZyIsInNsaWRlc2hvdyI6ImFlZmI5MzEifQ%3D%3D\" href='https:\/\/comarcas.csm.org.pt\/aveiro\/wp-content\/uploads\/sites\/5\/2025\/12\/WhatsApp-Image-2025-12-19-at-18.03.22-1-1.jpeg'><img loading=\"lazy\" decoding=\"async\" width=\"150\" height=\"150\" src=\"https:\/\/comarcas.csm.org.pt\/aveiro\/wp-content\/uploads\/sites\/5\/2025\/12\/WhatsApp-Image-2025-12-19-at-18.03.22-1-1-150x150.jpeg\" class=\"attachment-thumbnail size-thumbnail\" alt=\"\" \/><\/a>\n\t\t\t<\/div><\/figure><figure class='gallery-item'>\n\t\t\t<div class='gallery-icon portrait'>\n\t\t\t\t<a data-elementor-open-lightbox=\"yes\" data-elementor-lightbox-slideshow=\"aefb931\" data-elementor-lightbox-title=\"WhatsApp Image 2025-12-19 at 18.03.21\" data-e-action-hash=\"#elementor-action%3Aaction%3Dlightbox%26settings%3DeyJpZCI6MTMwMzcsInVybCI6Imh0dHBzOlwvXC9jb21hcmNhcy5jc20ub3JnLnB0XC9hdmVpcm9cL3dwLWNvbnRlbnRcL3VwbG9hZHNcL3NpdGVzXC81XC8yMDI1XC8xMlwvV2hhdHNBcHAtSW1hZ2UtMjAyNS0xMi0xOS1hdC0xOC4wMy4yMS0yLmpwZWciLCJzbGlkZXNob3ciOiJhZWZiOTMxIn0%3D\" href='https:\/\/comarcas.csm.org.pt\/aveiro\/wp-content\/uploads\/sites\/5\/2025\/12\/WhatsApp-Image-2025-12-19-at-18.03.21-2.jpeg'><img loading=\"lazy\" decoding=\"async\" width=\"150\" height=\"150\" src=\"https:\/\/comarcas.csm.org.pt\/aveiro\/wp-content\/uploads\/sites\/5\/2025\/12\/WhatsApp-Image-2025-12-19-at-18.03.21-2-150x150.jpeg\" class=\"attachment-thumbnail size-thumbnail\" alt=\"\" \/><\/a>\n\t\t\t<\/div><\/figure><figure class='gallery-item'>\n\t\t\t<div class='gallery-icon portrait'>\n\t\t\t\t<a data-elementor-open-lightbox=\"yes\" data-elementor-lightbox-slideshow=\"aefb931\" data-elementor-lightbox-title=\"WhatsApp Image 2025-12-19 at 18.03.22\" data-e-action-hash=\"#elementor-action%3Aaction%3Dlightbox%26settings%3DeyJpZCI6MTMwMzksInVybCI6Imh0dHBzOlwvXC9jb21hcmNhcy5jc20ub3JnLnB0XC9hdmVpcm9cL3dwLWNvbnRlbnRcL3VwbG9hZHNcL3NpdGVzXC81XC8yMDI1XC8xMlwvV2hhdHNBcHAtSW1hZ2UtMjAyNS0xMi0xOS1hdC0xOC4wMy4yMi0yLmpwZWciLCJzbGlkZXNob3ciOiJhZWZiOTMxIn0%3D\" href='https:\/\/comarcas.csm.org.pt\/aveiro\/wp-content\/uploads\/sites\/5\/2025\/12\/WhatsApp-Image-2025-12-19-at-18.03.22-2.jpeg'><img loading=\"lazy\" decoding=\"async\" width=\"150\" height=\"150\" src=\"https:\/\/comarcas.csm.org.pt\/aveiro\/wp-content\/uploads\/sites\/5\/2025\/12\/WhatsApp-Image-2025-12-19-at-18.03.22-2-150x150.jpeg\" class=\"attachment-thumbnail size-thumbnail\" alt=\"\" \/><\/a>\n\t\t\t<\/div><\/figure>\n\t\t<\/div>\n\t\t<\/div>\n\t\t\t\t\t\t<\/div>\n\t\t\t\t<\/div>\n\t\t\t\t\t<\/div>\n\t\t\t\t<\/div>\n\t\t\t\t<\/div>\n\t\t","protected":false},"excerpt":{"rendered":"<p>O Jantar de Natal da Comarca de Aveiro, realizado no dia 17 de dezembro de 2025, registou uma forte ades\u00e3o e constituiu um momento de conv\u00edvio e partilha entre Magistrados, Oficiais de Justi\u00e7a e demais&#8230;<\/p>\n","protected":false},"author":4,"featured_media":13027,"comment_status":"closed","ping_status":"open","sticky":false,"template":"","format":"standard","meta":{"_tbt_post_transparent":"","_tbt_post_title":"","_tbt_post_layout":"","_tbt_post_sidebar_id":"","_tbt_post_content_style":"","_tbt_post_vertical_padding":"","_tbt_post_feature":"","_tbt_post_feature_position":"","_tbt_post_header":false,"_tbt_post_footer":false},"categories":[2,1,5],"tags":[],"class_list":["post-13015","post","type-post","status-publish","format-standard","has-post-thumbnail","hentry","category-eventos","category-geral","category-noticias"],"yoast_head":"<!-- This site is optimized with the Yoast SEO plugin v25.6 - https:\/\/yoast.com\/wordpress\/plugins\/seo\/ -->\n<title>Comarca de Aveiro promove iniciativa solid\u00e1ria no \u00e2mbito do Jantar de Natal - Tribunal Judicial da Comarca de Aveiro<\/title>\n<meta name=\"robots\" content=\"index, follow, max-snippet:-1, max-image-preview:large, max-video-preview:-1\" \/>\n<link rel=\"canonical\" href=\"https:\/\/comarcas.csm.org.pt\/aveiro\/blog\/2025\/12\/19\/https-comarcas-csm-org-pt-aveiro-blog-2025-12-19-comarca-de-aveiro-promove-iniciativa-solidaria-no-ambito-do-jantar-de-natal\/\" \/>\n<meta property=\"og:locale\" content=\"pt_PT\" \/>\n<meta property=\"og:type\" content=\"article\" \/>\n<meta property=\"og:title\" content=\"Comarca de Aveiro promove iniciativa solid\u00e1ria no \u00e2mbito do Jantar de Natal - Tribunal Judicial da Comarca de Aveiro\" \/>\n<meta property=\"og:description\" content=\"O Jantar de Natal da Comarca de Aveiro, realizado no dia 17 de dezembro de 2025, registou uma forte ades\u00e3o e constituiu um momento de conv\u00edvio e partilha entre Magistrados, Oficiais de Justi\u00e7a e demais...\" \/>\n<meta property=\"og:url\" content=\"https:\/\/comarcas.csm.org.pt\/aveiro\/blog\/2025\/12\/19\/https-comarcas-csm-org-pt-aveiro-blog-2025-12-19-comarca-de-aveiro-promove-iniciativa-solidaria-no-ambito-do-jantar-de-natal\/\" \/>\n<meta property=\"og:site_name\" content=\"Tribunal Judicial da Comarca de Aveiro\" \/>\n<meta property=\"article:published_time\" content=\"2025-12-19T18:18:37+00:00\" \/>\n<meta property=\"article:modified_time\" content=\"2025-12-23T15:08:05+00:00\" \/>\n<meta property=\"og:image\" content=\"https:\/\/comarcas.csm.org.pt\/aveiro\/wp-content\/uploads\/sites\/5\/2025\/12\/WhatsApp-Image-2025-12-19-at-18.01.54-e1766354770265.jpeg\" \/>\n\t<meta property=\"og:image:width\" content=\"1600\" \/>\n\t<meta property=\"og:image:height\" content=\"1013\" \/>\n\t<meta property=\"og:image:type\" content=\"image\/jpeg\" \/>\n<meta name=\"author\" content=\"Teresa Marques\" \/>\n<meta name=\"twitter:card\" content=\"summary_large_image\" \/>\n<meta name=\"twitter:label1\" content=\"Escrito por\" \/>\n\t<meta name=\"twitter:data1\" content=\"Teresa Marques\" \/>\n\t<meta name=\"twitter:label2\" content=\"Tempo estimado de leitura\" \/>\n\t<meta name=\"twitter:data2\" content=\"3 minutos\" \/>\n<script type=\"application\/ld+json\" class=\"yoast-schema-graph\">{\"@context\":\"https:\/\/schema.org\",\"@graph\":[{\"@type\":\"Article\",\"@id\":\"https:\/\/comarcas.csm.org.pt\/aveiro\/blog\/2025\/12\/19\/https-comarcas-csm-org-pt-aveiro-blog-2025-12-19-comarca-de-aveiro-promove-iniciativa-solidaria-no-ambito-do-jantar-de-natal\/#article\",\"isPartOf\":{\"@id\":\"https:\/\/comarcas.csm.org.pt\/aveiro\/blog\/2025\/12\/19\/https-comarcas-csm-org-pt-aveiro-blog-2025-12-19-comarca-de-aveiro-promove-iniciativa-solidaria-no-ambito-do-jantar-de-natal\/\"},\"author\":{\"name\":\"Teresa Marques\",\"@id\":\"https:\/\/comarcas.csm.org.pt\/aveiro\/#\/schema\/person\/f47b76aceed6d6c815c9c7977bb8a7a5\"},\"headline\":\"Comarca de Aveiro promove iniciativa solid\u00e1ria no \u00e2mbito do Jantar de Natal\",\"datePublished\":\"2025-12-19T18:18:37+00:00\",\"dateModified\":\"2025-12-23T15:08:05+00:00\",\"mainEntityOfPage\":{\"@id\":\"https:\/\/comarcas.csm.org.pt\/aveiro\/blog\/2025\/12\/19\/https-comarcas-csm-org-pt-aveiro-blog-2025-12-19-comarca-de-aveiro-promove-iniciativa-solidaria-no-ambito-do-jantar-de-natal\/\"},\"wordCount\":261,\"publisher\":{\"@id\":\"https:\/\/comarcas.csm.org.pt\/aveiro\/#organization\"},\"image\":{\"@id\":\"https:\/\/comarcas.csm.org.pt\/aveiro\/blog\/2025\/12\/19\/https-comarcas-csm-org-pt-aveiro-blog-2025-12-19-comarca-de-aveiro-promove-iniciativa-solidaria-no-ambito-do-jantar-de-natal\/#primaryimage\"},\"thumbnailUrl\":\"https:\/\/comarcas.csm.org.pt\/aveiro\/wp-content\/uploads\/sites\/5\/2025\/12\/WhatsApp-Image-2025-12-19-at-18.01.54-e1766354770265.jpeg\",\"articleSection\":[\"Eventos\",\"Geral\",\"Not\u00edcias\"],\"inLanguage\":\"pt-PT\"},{\"@type\":\"WebPage\",\"@id\":\"https:\/\/comarcas.csm.org.pt\/aveiro\/blog\/2025\/12\/19\/https-comarcas-csm-org-pt-aveiro-blog-2025-12-19-comarca-de-aveiro-promove-iniciativa-solidaria-no-ambito-do-jantar-de-natal\/\",\"url\":\"https:\/\/comarcas.csm.org.pt\/aveiro\/blog\/2025\/12\/19\/https-comarcas-csm-org-pt-aveiro-blog-2025-12-19-comarca-de-aveiro-promove-iniciativa-solidaria-no-ambito-do-jantar-de-natal\/\",\"name\":\"Comarca de Aveiro promove iniciativa solid\u00e1ria no \u00e2mbito do Jantar de Natal - Tribunal Judicial da Comarca de Aveiro\",\"isPartOf\":{\"@id\":\"https:\/\/comarcas.csm.org.pt\/aveiro\/#website\"},\"primaryImageOfPage\":{\"@id\":\"https:\/\/comarcas.csm.org.pt\/aveiro\/blog\/2025\/12\/19\/https-comarcas-csm-org-pt-aveiro-blog-2025-12-19-comarca-de-aveiro-promove-iniciativa-solidaria-no-ambito-do-jantar-de-natal\/#primaryimage\"},\"image\":{\"@id\":\"https:\/\/comarcas.csm.org.pt\/aveiro\/blog\/2025\/12\/19\/https-comarcas-csm-org-pt-aveiro-blog-2025-12-19-comarca-de-aveiro-promove-iniciativa-solidaria-no-ambito-do-jantar-de-natal\/#primaryimage\"},\"thumbnailUrl\":\"https:\/\/comarcas.csm.org.pt\/aveiro\/wp-content\/uploads\/sites\/5\/2025\/12\/WhatsApp-Image-2025-12-19-at-18.01.54-e1766354770265.jpeg\",\"datePublished\":\"2025-12-19T18:18:37+00:00\",\"dateModified\":\"2025-12-23T15:08:05+00:00\",\"breadcrumb\":{\"@id\":\"https:\/\/comarcas.csm.org.pt\/aveiro\/blog\/2025\/12\/19\/https-comarcas-csm-org-pt-aveiro-blog-2025-12-19-comarca-de-aveiro-promove-iniciativa-solidaria-no-ambito-do-jantar-de-natal\/#breadcrumb\"},\"inLanguage\":\"pt-PT\",\"potentialAction\":[{\"@type\":\"ReadAction\",\"target\":[\"https:\/\/comarcas.csm.org.pt\/aveiro\/blog\/2025\/12\/19\/https-comarcas-csm-org-pt-aveiro-blog-2025-12-19-comarca-de-aveiro-promove-iniciativa-solidaria-no-ambito-do-jantar-de-natal\/\"]}]},{\"@type\":\"ImageObject\",\"inLanguage\":\"pt-PT\",\"@id\":\"https:\/\/comarcas.csm.org.pt\/aveiro\/blog\/2025\/12\/19\/https-comarcas-csm-org-pt-aveiro-blog-2025-12-19-comarca-de-aveiro-promove-iniciativa-solidaria-no-ambito-do-jantar-de-natal\/#primaryimage\",\"url\":\"https:\/\/comarcas.csm.org.pt\/aveiro\/wp-content\/uploads\/sites\/5\/2025\/12\/WhatsApp-Image-2025-12-19-at-18.01.54-e1766354770265.jpeg\",\"contentUrl\":\"https:\/\/comarcas.csm.org.pt\/aveiro\/wp-content\/uploads\/sites\/5\/2025\/12\/WhatsApp-Image-2025-12-19-at-18.01.54-e1766354770265.jpeg\",\"width\":1600,\"height\":1013},{\"@type\":\"BreadcrumbList\",\"@id\":\"https:\/\/comarcas.csm.org.pt\/aveiro\/blog\/2025\/12\/19\/https-comarcas-csm-org-pt-aveiro-blog-2025-12-19-comarca-de-aveiro-promove-iniciativa-solidaria-no-ambito-do-jantar-de-natal\/#breadcrumb\",\"itemListElement\":[{\"@type\":\"ListItem\",\"position\":1,\"name\":\"In\u00edcio\",\"item\":\"https:\/\/comarcas.csm.org.pt\/aveiro\/\"},{\"@type\":\"ListItem\",\"position\":2,\"name\":\"Comarca de Aveiro promove iniciativa solid\u00e1ria no \u00e2mbito do Jantar de Natal\"}]},{\"@type\":\"WebSite\",\"@id\":\"https:\/\/comarcas.csm.org.pt\/aveiro\/#website\",\"url\":\"https:\/\/comarcas.csm.org.pt\/aveiro\/\",\"name\":\"Tribunal Judicial da Comarca de Aveiro\",\"description\":\"Tribunal Judicial da Comarca de Aveiro\",\"publisher\":{\"@id\":\"https:\/\/comarcas.csm.org.pt\/aveiro\/#organization\"},\"potentialAction\":[{\"@type\":\"SearchAction\",\"target\":{\"@type\":\"EntryPoint\",\"urlTemplate\":\"https:\/\/comarcas.csm.org.pt\/aveiro\/?s={search_term_string}\"},\"query-input\":{\"@type\":\"PropertyValueSpecification\",\"valueRequired\":true,\"valueName\":\"search_term_string\"}}],\"inLanguage\":\"pt-PT\"},{\"@type\":\"Organization\",\"@id\":\"https:\/\/comarcas.csm.org.pt\/aveiro\/#organization\",\"name\":\"Tribunal Judicial da Comarca de Aveiro\",\"url\":\"https:\/\/comarcas.csm.org.pt\/aveiro\/\",\"logo\":{\"@type\":\"ImageObject\",\"inLanguage\":\"pt-PT\",\"@id\":\"https:\/\/comarcas.csm.org.pt\/aveiro\/#\/schema\/logo\/image\/\",\"url\":\"https:\/\/comarcas.csm.org.pt\/aveiro\/wp-content\/uploads\/sites\/5\/2024\/09\/Aveiro_positivo-horizontal-1.png\",\"contentUrl\":\"https:\/\/comarcas.csm.org.pt\/aveiro\/wp-content\/uploads\/sites\/5\/2024\/09\/Aveiro_positivo-horizontal-1.png\",\"width\":5153,\"height\":890,\"caption\":\"Tribunal Judicial da Comarca de Aveiro\"},\"image\":{\"@id\":\"https:\/\/comarcas.csm.org.pt\/aveiro\/#\/schema\/logo\/image\/\"}},{\"@type\":\"Person\",\"@id\":\"https:\/\/comarcas.csm.org.pt\/aveiro\/#\/schema\/person\/f47b76aceed6d6c815c9c7977bb8a7a5\",\"name\":\"Teresa Marques\",\"image\":{\"@type\":\"ImageObject\",\"inLanguage\":\"pt-PT\",\"@id\":\"https:\/\/comarcas.csm.org.pt\/aveiro\/#\/schema\/person\/image\/\",\"url\":\"https:\/\/secure.gravatar.com\/avatar\/d30a09e3a926d9cc69b7afad7a0660d114597787266ebc6d1805f330dc2ba49a?s=96&d=mm&r=g\",\"contentUrl\":\"https:\/\/secure.gravatar.com\/avatar\/d30a09e3a926d9cc69b7afad7a0660d114597787266ebc6d1805f330dc2ba49a?s=96&d=mm&r=g\",\"caption\":\"Teresa Marques\"},\"url\":\"https:\/\/comarcas.csm.org.pt\/aveiro\/blog\/author\/teresamarques\/\"}]}<\/script>\n<!-- \/ Yoast SEO plugin. -->","yoast_head_json":{"title":"Comarca de Aveiro promove iniciativa solid\u00e1ria no \u00e2mbito do Jantar de Natal - Tribunal Judicial da Comarca de Aveiro","robots":{"index":"index","follow":"follow","max-snippet":"max-snippet:-1","max-image-preview":"max-image-preview:large","max-video-preview":"max-video-preview:-1"},"canonical":"https:\/\/comarcas.csm.org.pt\/aveiro\/blog\/2025\/12\/19\/https-comarcas-csm-org-pt-aveiro-blog-2025-12-19-comarca-de-aveiro-promove-iniciativa-solidaria-no-ambito-do-jantar-de-natal\/","og_locale":"pt_PT","og_type":"article","og_title":"Comarca de Aveiro promove iniciativa solid\u00e1ria no \u00e2mbito do Jantar de Natal - Tribunal Judicial da Comarca de Aveiro","og_description":"O Jantar de Natal da Comarca de Aveiro, realizado no dia 17 de dezembro de 2025, registou uma forte ades\u00e3o e constituiu um momento de conv\u00edvio e partilha entre Magistrados, Oficiais de Justi\u00e7a e demais...","og_url":"https:\/\/comarcas.csm.org.pt\/aveiro\/blog\/2025\/12\/19\/https-comarcas-csm-org-pt-aveiro-blog-2025-12-19-comarca-de-aveiro-promove-iniciativa-solidaria-no-ambito-do-jantar-de-natal\/","og_site_name":"Tribunal Judicial da Comarca de Aveiro","article_published_time":"2025-12-19T18:18:37+00:00","article_modified_time":"2025-12-23T15:08:05+00:00","og_image":[{"width":1600,"height":1013,"url":"https:\/\/comarcas.csm.org.pt\/aveiro\/wp-content\/uploads\/sites\/5\/2025\/12\/WhatsApp-Image-2025-12-19-at-18.01.54-e1766354770265.jpeg","type":"image\/jpeg"}],"author":"Teresa Marques","twitter_card":"summary_large_image","twitter_misc":{"Escrito por":"Teresa Marques","Tempo estimado de leitura":"3 minutos"},"schema":{"@context":"https:\/\/schema.org","@graph":[{"@type":"Article","@id":"https:\/\/comarcas.csm.org.pt\/aveiro\/blog\/2025\/12\/19\/https-comarcas-csm-org-pt-aveiro-blog-2025-12-19-comarca-de-aveiro-promove-iniciativa-solidaria-no-ambito-do-jantar-de-natal\/#article","isPartOf":{"@id":"https:\/\/comarcas.csm.org.pt\/aveiro\/blog\/2025\/12\/19\/https-comarcas-csm-org-pt-aveiro-blog-2025-12-19-comarca-de-aveiro-promove-iniciativa-solidaria-no-ambito-do-jantar-de-natal\/"},"author":{"name":"Teresa Marques","@id":"https:\/\/comarcas.csm.org.pt\/aveiro\/#\/schema\/person\/f47b76aceed6d6c815c9c7977bb8a7a5"},"headline":"Comarca de Aveiro promove iniciativa solid\u00e1ria no \u00e2mbito do Jantar de Natal","datePublished":"2025-12-19T18:18:37+00:00","dateModified":"2025-12-23T15:08:05+00:00","mainEntityOfPage":{"@id":"https:\/\/comarcas.csm.org.pt\/aveiro\/blog\/2025\/12\/19\/https-comarcas-csm-org-pt-aveiro-blog-2025-12-19-comarca-de-aveiro-promove-iniciativa-solidaria-no-ambito-do-jantar-de-natal\/"},"wordCount":261,"publisher":{"@id":"https:\/\/comarcas.csm.org.pt\/aveiro\/#organization"},"image":{"@id":"https:\/\/comarcas.csm.org.pt\/aveiro\/blog\/2025\/12\/19\/https-comarcas-csm-org-pt-aveiro-blog-2025-12-19-comarca-de-aveiro-promove-iniciativa-solidaria-no-ambito-do-jantar-de-natal\/#primaryimage"},"thumbnailUrl":"https:\/\/comarcas.csm.org.pt\/aveiro\/wp-content\/uploads\/sites\/5\/2025\/12\/WhatsApp-Image-2025-12-19-at-18.01.54-e1766354770265.jpeg","articleSection":["Eventos","Geral","Not\u00edcias"],"inLanguage":"pt-PT"},{"@type":"WebPage","@id":"https:\/\/comarcas.csm.org.pt\/aveiro\/blog\/2025\/12\/19\/https-comarcas-csm-org-pt-aveiro-blog-2025-12-19-comarca-de-aveiro-promove-iniciativa-solidaria-no-ambito-do-jantar-de-natal\/","url":"https:\/\/comarcas.csm.org.pt\/aveiro\/blog\/2025\/12\/19\/https-comarcas-csm-org-pt-aveiro-blog-2025-12-19-comarca-de-aveiro-promove-iniciativa-solidaria-no-ambito-do-jantar-de-natal\/","name":"Comarca de Aveiro promove iniciativa solid\u00e1ria no \u00e2mbito do Jantar de Natal - Tribunal Judicial da Comarca de Aveiro","isPartOf":{"@id":"https:\/\/comarcas.csm.org.pt\/aveiro\/#website"},"primaryImageOfPage":{"@id":"https:\/\/comarcas.csm.org.pt\/aveiro\/blog\/2025\/12\/19\/https-comarcas-csm-org-pt-aveiro-blog-2025-12-19-comarca-de-aveiro-promove-iniciativa-solidaria-no-ambito-do-jantar-de-natal\/#primaryimage"},"image":{"@id":"https:\/\/comarcas.csm.org.pt\/aveiro\/blog\/2025\/12\/19\/https-comarcas-csm-org-pt-aveiro-blog-2025-12-19-comarca-de-aveiro-promove-iniciativa-solidaria-no-ambito-do-jantar-de-natal\/#primaryimage"},"thumbnailUrl":"https:\/\/comarcas.csm.org.pt\/aveiro\/wp-content\/uploads\/sites\/5\/2025\/12\/WhatsApp-Image-2025-12-19-at-18.01.54-e1766354770265.jpeg","datePublished":"2025-12-19T18:18:37+00:00","dateModified":"2025-12-23T15:08:05+00:00","breadcrumb":{"@id":"https:\/\/comarcas.csm.org.pt\/aveiro\/blog\/2025\/12\/19\/https-comarcas-csm-org-pt-aveiro-blog-2025-12-19-comarca-de-aveiro-promove-iniciativa-solidaria-no-ambito-do-jantar-de-natal\/#breadcrumb"},"inLanguage":"pt-PT","potentialAction":[{"@type":"ReadAction","target":["https:\/\/comarcas.csm.org.pt\/aveiro\/blog\/2025\/12\/19\/https-comarcas-csm-org-pt-aveiro-blog-2025-12-19-comarca-de-aveiro-promove-iniciativa-solidaria-no-ambito-do-jantar-de-natal\/"]}]},{"@type":"ImageObject","inLanguage":"pt-PT","@id":"https:\/\/comarcas.csm.org.pt\/aveiro\/blog\/2025\/12\/19\/https-comarcas-csm-org-pt-aveiro-blog-2025-12-19-comarca-de-aveiro-promove-iniciativa-solidaria-no-ambito-do-jantar-de-natal\/#primaryimage","url":"https:\/\/comarcas.csm.org.pt\/aveiro\/wp-content\/uploads\/sites\/5\/2025\/12\/WhatsApp-Image-2025-12-19-at-18.01.54-e1766354770265.jpeg","contentUrl":"https:\/\/comarcas.csm.org.pt\/aveiro\/wp-content\/uploads\/sites\/5\/2025\/12\/WhatsApp-Image-2025-12-19-at-18.01.54-e1766354770265.jpeg","width":1600,"height":1013},{"@type":"BreadcrumbList","@id":"https:\/\/comarcas.csm.org.pt\/aveiro\/blog\/2025\/12\/19\/https-comarcas-csm-org-pt-aveiro-blog-2025-12-19-comarca-de-aveiro-promove-iniciativa-solidaria-no-ambito-do-jantar-de-natal\/#breadcrumb","itemListElement":[{"@type":"ListItem","position":1,"name":"In\u00edcio","item":"https:\/\/comarcas.csm.org.pt\/aveiro\/"},{"@type":"ListItem","position":2,"name":"Comarca de Aveiro promove iniciativa solid\u00e1ria no \u00e2mbito do Jantar de Natal"}]},{"@type":"WebSite","@id":"https:\/\/comarcas.csm.org.pt\/aveiro\/#website","url":"https:\/\/comarcas.csm.org.pt\/aveiro\/","name":"Tribunal Judicial da Comarca de Aveiro","description":"Tribunal Judicial da Comarca de Aveiro","publisher":{"@id":"https:\/\/comarcas.csm.org.pt\/aveiro\/#organization"},"potentialAction":[{"@type":"SearchAction","target":{"@type":"EntryPoint","urlTemplate":"https:\/\/comarcas.csm.org.pt\/aveiro\/?s={search_term_string}"},"query-input":{"@type":"PropertyValueSpecification","valueRequired":true,"valueName":"search_term_string"}}],"inLanguage":"pt-PT"},{"@type":"Organization","@id":"https:\/\/comarcas.csm.org.pt\/aveiro\/#organization","name":"Tribunal Judicial da Comarca de Aveiro","url":"https:\/\/comarcas.csm.org.pt\/aveiro\/","logo":{"@type":"ImageObject","inLanguage":"pt-PT","@id":"https:\/\/comarcas.csm.org.pt\/aveiro\/#\/schema\/logo\/image\/","url":"https:\/\/comarcas.csm.org.pt\/aveiro\/wp-content\/uploads\/sites\/5\/2024\/09\/Aveiro_positivo-horizontal-1.png","contentUrl":"https:\/\/comarcas.csm.org.pt\/aveiro\/wp-content\/uploads\/sites\/5\/2024\/09\/Aveiro_positivo-horizontal-1.png","width":5153,"height":890,"caption":"Tribunal Judicial da Comarca de Aveiro"},"image":{"@id":"https:\/\/comarcas.csm.org.pt\/aveiro\/#\/schema\/logo\/image\/"}},{"@type":"Person","@id":"https:\/\/comarcas.csm.org.pt\/aveiro\/#\/schema\/person\/f47b76aceed6d6c815c9c7977bb8a7a5","name":"Teresa Marques","image":{"@type":"ImageObject","inLanguage":"pt-PT","@id":"https:\/\/comarcas.csm.org.pt\/aveiro\/#\/schema\/person\/image\/","url":"https:\/\/secure.gravatar.com\/avatar\/d30a09e3a926d9cc69b7afad7a0660d114597787266ebc6d1805f330dc2ba49a?s=96&d=mm&r=g","contentUrl":"https:\/\/secure.gravatar.com\/avatar\/d30a09e3a926d9cc69b7afad7a0660d114597787266ebc6d1805f330dc2ba49a?s=96&d=mm&r=g","caption":"Teresa Marques"},"url":"https:\/\/comarcas.csm.org.pt\/aveiro\/blog\/author\/teresamarques\/"}]}},"_links":{"self":[{"href":"https:\/\/comarcas.csm.org.pt\/aveiro\/wp-json\/wp\/v2\/posts\/13015","targetHints":{"allow":["GET"]}}],"collection":[{"href":"https:\/\/comarcas.csm.org.pt\/aveiro\/wp-json\/wp\/v2\/posts"}],"about":[{"href":"https:\/\/comarcas.csm.org.pt\/aveiro\/wp-json\/wp\/v2\/types\/post"}],"author":[{"embeddable":true,"href":"https:\/\/comarcas.csm.org.pt\/aveiro\/wp-json\/wp\/v2\/users\/4"}],"replies":[{"embeddable":true,"href":"https:\/\/comarcas.csm.org.pt\/aveiro\/wp-json\/wp\/v2\/comments?post=13015"}],"version-history":[{"count":22,"href":"https:\/\/comarcas.csm.org.pt\/aveiro\/wp-json\/wp\/v2\/posts\/13015\/revisions"}],"predecessor-version":[{"id":13088,"href":"https:\/\/comarcas.csm.org.pt\/aveiro\/wp-json\/wp\/v2\/posts\/13015\/revisions\/13088"}],"wp:featuredmedia":[{"embeddable":true,"href":"https:\/\/comarcas.csm.org.pt\/aveiro\/wp-json\/wp\/v2\/media\/13027"}],"wp:attachment":[{"href":"https:\/\/comarcas.csm.org.pt\/aveiro\/wp-json\/wp\/v2\/media?parent=13015"}],"wp:term":[{"taxonomy":"category","embeddable":true,"href":"https:\/\/comarcas.csm.org.pt\/aveiro\/wp-json\/wp\/v2\/categories?post=13015"},{"taxonomy":"post_tag","embeddable":true,"href":"https:\/\/comarcas.csm.org.pt\/aveiro\/wp-json\/wp\/v2\/tags?post=13015"}],"curies":[{"name":"wp","href":"https:\/\/api.w.org\/{rel}","templated":true}]}}