{"id":13090,"date":"2026-04-17T13:07:00","date_gmt":"2026-04-17T13:07:00","guid":{"rendered":"https:\/\/comarcas.csm.org.pt\/aveiro\/?p=13090"},"modified":"2026-04-17T16:03:07","modified_gmt":"2026-04-17T16:03:07","slug":"consulte-nesta-area-as-principais-noticias-de-destaque-nos-jornais-do-ano-2026-acerca-da-comarca-de-aveiro","status":"publish","type":"post","link":"https:\/\/comarcas.csm.org.pt\/aveiro\/blog\/2026\/04\/17\/consulte-nesta-area-as-principais-noticias-de-destaque-nos-jornais-do-ano-2026-acerca-da-comarca-de-aveiro\/","title":{"rendered":"Consulte nesta \u00e1rea as principais not\u00edcias de destaque nos jornais do Ano 2026, acerca da Comarca de Aveiro"},"content":{"rendered":"\t\t<div data-elementor-type=\"wp-post\" data-elementor-id=\"13090\" class=\"elementor elementor-13090\" data-elementor-post-type=\"post\">\n\t\t\t\t<div class=\"elementor-element elementor-element-70f11d9 e-flex e-con-boxed e-con e-parent\" data-id=\"70f11d9\" data-element_type=\"container\">\n\t\t\t\t\t<div class=\"e-con-inner\">\n\t\t\t\t<div class=\"elementor-element elementor-element-914bde1 elementor-widget elementor-widget-text-editor\" data-id=\"914bde1\" data-element_type=\"widget\" data-widget_type=\"text-editor.default\">\n\t\t\t\t<div class=\"elementor-widget-container\">\n\t\t\t\t\t\t\t\t\t<h5><strong>Consulte Aqui as \u00faltimas not\u00edcias de destaque na Imprensa Nacional e local, sobre a Comarca de Aveiro:<\/strong><\/h5><hr \/><p><strong style=\"letter-spacing: 0.3px;\">DATA: 17\/04\/2026<\/strong><\/p><p><a href=\"https:\/\/expresso.pt\/justica\/2026-04-17-jovem-que-matou-mae-em-vagos-condenado-a-tres-anos-de-internamento-em-regime-fechado-6a2b7550\">Jovem que matou m\u00e3e em Vagos condenado a tr\u00eas anos de internamento em regime fechado &#8211; Expresso<\/a><\/p><p><a href=\"https:\/\/www.diarioaveiro.pt\/2026\/04\/17\/menor-acusado-de-matar-a-mae-em-vagos-ouve-hoje-a-decisao-do-tribunal-de-aveiro\/\">Menor acusado de matar a m\u00e3e em Vagos ouve hoje a decis\u00e3o do Tribunal de Aveiro<\/a><\/p><p><strong style=\"letter-spacing: 0.3px;\">DATA: 27\/02\/2026<\/strong><\/p><p><a href=\"https:\/\/sapo.pt\/artigo\/homem-absolvido-de-tentar-matar-vizinho-com-catana-69a098ce193466e8057ec96e\">Homem absolvido de tentar matar vizinho com catana<\/a><\/p><p><strong style=\"letter-spacing: 0.3px;\">DATA: 26\/02\/2026<\/strong><\/p><p><a href=\"https:\/\/noticiasdocentro.pt\/ex-autarca-de-oliveira-de-azemeis-nega-crimes-de-prevaricacao\/#goog_rewarded\">Ex-autarca de Oliveira de Azem\u00e9is nega crimes de prevarica\u00e7\u00e3o &#8211; Not\u00edcias do Centro<\/a><\/p><p><strong style=\"letter-spacing: 0.3px;\">DATA: 30\/01\/2026<\/strong><\/p><p><a href=\"https:\/\/cnnportugal.iol.pt\/gnr\/alcool\/cinco-militares-da-gnr-apanhados-alcoolizados-durante-o-servico\/20260129\/697b570ed34e0ec52ec2e248\">Cinco militares da GNR apanhados alcoolizados durante o servi\u00e7o &#8211; CNN Portugal<\/a><\/p><p><a href=\"https:\/\/www.diarioaveiro.pt\/2026\/01\/29\/prisao-suspensa-para-mulher-que-esfaqueou-alegada-amante-do-marido-na-murtosa\/\">Pris\u00e3o suspensa para mulher que esfaqueou alegada amante do marido na Murtosa<\/a><\/p><p><a href=\"https:\/\/www.defesadeespinho.pt\/4500\/4500-espinho\/tres-detidos-por-suspeita-do-crime-de-furto\/\">Tr\u00eas detidos por suspeita do crime de furto \u2013 Defesa de Espinho<\/a><\/p><p><a href=\"https:\/\/www.diarioaveiro.pt\/2026\/01\/29\/prisao-suspensa-para-mulher-que-esfaqueou-alegada-amante-do-marido-na-murtosa\/\">Pris\u00e3o suspensa para mulher que esfaqueou alegada amante do marido na Murtosa<\/a><\/p><p><a href=\"https:\/\/www.jn.pt\/justica\/artigo\/mariscadora-condenada-a-pena-suspensa-por-tentar-matar-suposta-amante-do-marido\/18046102\">Mariscadora condenada a pena suspensa por tentar matar suposta amante do marido &#8211; JN<\/a><\/p><p><strong style=\"letter-spacing: 0.3px;\">DATA: 09\/01\/2026<\/strong><\/p><p><a href=\"https:\/\/www.nowcanal.pt\/ultimas\/detalhe\/familia-de-monica-silva-deposita-confianca-no-recurso-do-ministerio-publico\">Fam\u00edlia de M\u00f3nica Silva deposita confian\u00e7a no recurso do Minist\u00e9rio P\u00fablico &#8211; \u00daltimas &#8211; Now<\/a><\/p>\t\t\t\t\t\t\t\t<\/div>\n\t\t\t\t<\/div>\n\t\t\t\t\t<\/div>\n\t\t\t\t<\/div>\n\t\t\t\t<\/div>\n\t\t","protected":false},"excerpt":{"rendered":"<p>Consulte Aqui as \u00faltimas not\u00edcias de destaque na Imprensa Nacional e local, sobre a Comarca de Aveiro: DATA: 17\/04\/2026 Jovem que matou m\u00e3e em Vagos condenado a tr\u00eas anos de internamento em regime fechado &#8211;&#8230;<\/p>\n","protected":false},"author":4,"featured_media":0,"comment_status":"closed","ping_status":"open","sticky":false,"template":"","format":"standard","meta":{"_tbt_post_transparent":"","_tbt_post_title":"","_tbt_post_layout":"","_tbt_post_sidebar_id":"","_tbt_post_content_style":"","_tbt_post_vertical_padding":"","_tbt_post_feature":"","_tbt_post_feature_position":"","_tbt_post_header":false,"_tbt_post_footer":false},"categories":[1,5],"tags":[],"class_list":["post-13090","post","type-post","status-publish","format-standard","hentry","category-geral","category-noticias"],"yoast_head":"<!-- This site is optimized with the Yoast SEO plugin v25.6 - https:\/\/yoast.com\/wordpress\/plugins\/seo\/ -->\n<title>Consulte nesta \u00e1rea as principais not\u00edcias de destaque nos jornais do Ano 2026, acerca da Comarca de Aveiro - Tribunal Judicial da Comarca de Aveiro<\/title>\n<meta name=\"robots\" content=\"index, follow, max-snippet:-1, max-image-preview:large, max-video-preview:-1\" \/>\n<link rel=\"canonical\" href=\"https:\/\/comarcas.csm.org.pt\/aveiro\/blog\/2026\/04\/17\/consulte-nesta-area-as-principais-noticias-de-destaque-nos-jornais-do-ano-2026-acerca-da-comarca-de-aveiro\/\" \/>\n<meta property=\"og:locale\" content=\"pt_PT\" \/>\n<meta property=\"og:type\" content=\"article\" \/>\n<meta property=\"og:title\" content=\"Consulte nesta \u00e1rea as principais not\u00edcias de destaque nos jornais do Ano 2026, acerca da Comarca de Aveiro - Tribunal Judicial da Comarca de Aveiro\" \/>\n<meta property=\"og:description\" content=\"Consulte Aqui as \u00faltimas not\u00edcias de destaque na Imprensa Nacional e local, sobre a Comarca de Aveiro: DATA: 17\/04\/2026 Jovem que matou m\u00e3e em Vagos condenado a tr\u00eas anos de internamento em regime fechado &#8211;...\" \/>\n<meta property=\"og:url\" content=\"https:\/\/comarcas.csm.org.pt\/aveiro\/blog\/2026\/04\/17\/consulte-nesta-area-as-principais-noticias-de-destaque-nos-jornais-do-ano-2026-acerca-da-comarca-de-aveiro\/\" \/>\n<meta property=\"og:site_name\" content=\"Tribunal Judicial da Comarca de Aveiro\" \/>\n<meta property=\"article:published_time\" content=\"2026-04-17T13:07:00+00:00\" \/>\n<meta property=\"article:modified_time\" content=\"2026-04-17T16:03:07+00:00\" \/>\n<meta name=\"author\" content=\"Teresa Marques\" \/>\n<meta name=\"twitter:card\" content=\"summary_large_image\" \/>\n<meta name=\"twitter:label1\" content=\"Escrito por\" \/>\n\t<meta name=\"twitter:data1\" content=\"Teresa Marques\" \/>\n\t<meta name=\"twitter:label2\" content=\"Tempo estimado de leitura\" \/>\n\t<meta name=\"twitter:data2\" content=\"1 minuto\" \/>\n<script type=\"application\/ld+json\" class=\"yoast-schema-graph\">{\"@context\":\"https:\/\/schema.org\",\"@graph\":[{\"@type\":\"Article\",\"@id\":\"https:\/\/comarcas.csm.org.pt\/aveiro\/blog\/2026\/04\/17\/consulte-nesta-area-as-principais-noticias-de-destaque-nos-jornais-do-ano-2026-acerca-da-comarca-de-aveiro\/#article\",\"isPartOf\":{\"@id\":\"https:\/\/comarcas.csm.org.pt\/aveiro\/blog\/2026\/04\/17\/consulte-nesta-area-as-principais-noticias-de-destaque-nos-jornais-do-ano-2026-acerca-da-comarca-de-aveiro\/\"},\"author\":{\"name\":\"Teresa Marques\",\"@id\":\"https:\/\/comarcas.csm.org.pt\/aveiro\/#\/schema\/person\/f47b76aceed6d6c815c9c7977bb8a7a5\"},\"headline\":\"Consulte nesta \u00e1rea as principais not\u00edcias de destaque nos jornais do Ano 2026, acerca da Comarca de Aveiro\",\"datePublished\":\"2026-04-17T13:07:00+00:00\",\"dateModified\":\"2026-04-17T16:03:07+00:00\",\"mainEntityOfPage\":{\"@id\":\"https:\/\/comarcas.csm.org.pt\/aveiro\/blog\/2026\/04\/17\/consulte-nesta-area-as-principais-noticias-de-destaque-nos-jornais-do-ano-2026-acerca-da-comarca-de-aveiro\/\"},\"wordCount\":187,\"publisher\":{\"@id\":\"https:\/\/comarcas.csm.org.pt\/aveiro\/#organization\"},\"articleSection\":[\"Geral\",\"Not\u00edcias\"],\"inLanguage\":\"pt-PT\"},{\"@type\":\"WebPage\",\"@id\":\"https:\/\/comarcas.csm.org.pt\/aveiro\/blog\/2026\/04\/17\/consulte-nesta-area-as-principais-noticias-de-destaque-nos-jornais-do-ano-2026-acerca-da-comarca-de-aveiro\/\",\"url\":\"https:\/\/comarcas.csm.org.pt\/aveiro\/blog\/2026\/04\/17\/consulte-nesta-area-as-principais-noticias-de-destaque-nos-jornais-do-ano-2026-acerca-da-comarca-de-aveiro\/\",\"name\":\"Consulte nesta \u00e1rea as principais not\u00edcias de destaque nos jornais do Ano 2026, acerca da Comarca de Aveiro - Tribunal Judicial da Comarca de Aveiro\",\"isPartOf\":{\"@id\":\"https:\/\/comarcas.csm.org.pt\/aveiro\/#website\"},\"datePublished\":\"2026-04-17T13:07:00+00:00\",\"dateModified\":\"2026-04-17T16:03:07+00:00\",\"breadcrumb\":{\"@id\":\"https:\/\/comarcas.csm.org.pt\/aveiro\/blog\/2026\/04\/17\/consulte-nesta-area-as-principais-noticias-de-destaque-nos-jornais-do-ano-2026-acerca-da-comarca-de-aveiro\/#breadcrumb\"},\"inLanguage\":\"pt-PT\",\"potentialAction\":[{\"@type\":\"ReadAction\",\"target\":[\"https:\/\/comarcas.csm.org.pt\/aveiro\/blog\/2026\/04\/17\/consulte-nesta-area-as-principais-noticias-de-destaque-nos-jornais-do-ano-2026-acerca-da-comarca-de-aveiro\/\"]}]},{\"@type\":\"BreadcrumbList\",\"@id\":\"https:\/\/comarcas.csm.org.pt\/aveiro\/blog\/2026\/04\/17\/consulte-nesta-area-as-principais-noticias-de-destaque-nos-jornais-do-ano-2026-acerca-da-comarca-de-aveiro\/#breadcrumb\",\"itemListElement\":[{\"@type\":\"ListItem\",\"position\":1,\"name\":\"In\u00edcio\",\"item\":\"https:\/\/comarcas.csm.org.pt\/aveiro\/\"},{\"@type\":\"ListItem\",\"position\":2,\"name\":\"Consulte nesta \u00e1rea as principais not\u00edcias de destaque nos jornais do Ano 2026, acerca da Comarca de Aveiro\"}]},{\"@type\":\"WebSite\",\"@id\":\"https:\/\/comarcas.csm.org.pt\/aveiro\/#website\",\"url\":\"https:\/\/comarcas.csm.org.pt\/aveiro\/\",\"name\":\"Tribunal Judicial da Comarca de Aveiro\",\"description\":\"Tribunal Judicial da Comarca de Aveiro\",\"publisher\":{\"@id\":\"https:\/\/comarcas.csm.org.pt\/aveiro\/#organization\"},\"potentialAction\":[{\"@type\":\"SearchAction\",\"target\":{\"@type\":\"EntryPoint\",\"urlTemplate\":\"https:\/\/comarcas.csm.org.pt\/aveiro\/?s={search_term_string}\"},\"query-input\":{\"@type\":\"PropertyValueSpecification\",\"valueRequired\":true,\"valueName\":\"search_term_string\"}}],\"inLanguage\":\"pt-PT\"},{\"@type\":\"Organization\",\"@id\":\"https:\/\/comarcas.csm.org.pt\/aveiro\/#organization\",\"name\":\"Tribunal Judicial da Comarca de Aveiro\",\"url\":\"https:\/\/comarcas.csm.org.pt\/aveiro\/\",\"logo\":{\"@type\":\"ImageObject\",\"inLanguage\":\"pt-PT\",\"@id\":\"https:\/\/comarcas.csm.org.pt\/aveiro\/#\/schema\/logo\/image\/\",\"url\":\"https:\/\/comarcas.csm.org.pt\/aveiro\/wp-content\/uploads\/sites\/5\/2024\/09\/Aveiro_positivo-horizontal-1.png\",\"contentUrl\":\"https:\/\/comarcas.csm.org.pt\/aveiro\/wp-content\/uploads\/sites\/5\/2024\/09\/Aveiro_positivo-horizontal-1.png\",\"width\":5153,\"height\":890,\"caption\":\"Tribunal Judicial da Comarca de Aveiro\"},\"image\":{\"@id\":\"https:\/\/comarcas.csm.org.pt\/aveiro\/#\/schema\/logo\/image\/\"}},{\"@type\":\"Person\",\"@id\":\"https:\/\/comarcas.csm.org.pt\/aveiro\/#\/schema\/person\/f47b76aceed6d6c815c9c7977bb8a7a5\",\"name\":\"Teresa Marques\",\"image\":{\"@type\":\"ImageObject\",\"inLanguage\":\"pt-PT\",\"@id\":\"https:\/\/comarcas.csm.org.pt\/aveiro\/#\/schema\/person\/image\/\",\"url\":\"https:\/\/secure.gravatar.com\/avatar\/d30a09e3a926d9cc69b7afad7a0660d114597787266ebc6d1805f330dc2ba49a?s=96&d=mm&r=g\",\"contentUrl\":\"https:\/\/secure.gravatar.com\/avatar\/d30a09e3a926d9cc69b7afad7a0660d114597787266ebc6d1805f330dc2ba49a?s=96&d=mm&r=g\",\"caption\":\"Teresa Marques\"},\"url\":\"https:\/\/comarcas.csm.org.pt\/aveiro\/blog\/author\/teresamarques\/\"}]}<\/script>\n<!-- \/ Yoast SEO plugin. -->","yoast_head_json":{"title":"Consulte nesta \u00e1rea as principais not\u00edcias de destaque nos jornais do Ano 2026, acerca da Comarca de Aveiro - Tribunal Judicial da Comarca de Aveiro","robots":{"index":"index","follow":"follow","max-snippet":"max-snippet:-1","max-image-preview":"max-image-preview:large","max-video-preview":"max-video-preview:-1"},"canonical":"https:\/\/comarcas.csm.org.pt\/aveiro\/blog\/2026\/04\/17\/consulte-nesta-area-as-principais-noticias-de-destaque-nos-jornais-do-ano-2026-acerca-da-comarca-de-aveiro\/","og_locale":"pt_PT","og_type":"article","og_title":"Consulte nesta \u00e1rea as principais not\u00edcias de destaque nos jornais do Ano 2026, acerca da Comarca de Aveiro - Tribunal Judicial da Comarca de Aveiro","og_description":"Consulte Aqui as \u00faltimas not\u00edcias de destaque na Imprensa Nacional e local, sobre a Comarca de Aveiro: DATA: 17\/04\/2026 Jovem que matou m\u00e3e em Vagos condenado a tr\u00eas anos de internamento em regime fechado &#8211;...","og_url":"https:\/\/comarcas.csm.org.pt\/aveiro\/blog\/2026\/04\/17\/consulte-nesta-area-as-principais-noticias-de-destaque-nos-jornais-do-ano-2026-acerca-da-comarca-de-aveiro\/","og_site_name":"Tribunal Judicial da Comarca de Aveiro","article_published_time":"2026-04-17T13:07:00+00:00","article_modified_time":"2026-04-17T16:03:07+00:00","author":"Teresa Marques","twitter_card":"summary_large_image","twitter_misc":{"Escrito por":"Teresa Marques","Tempo estimado de leitura":"1 minuto"},"schema":{"@context":"https:\/\/schema.org","@graph":[{"@type":"Article","@id":"https:\/\/comarcas.csm.org.pt\/aveiro\/blog\/2026\/04\/17\/consulte-nesta-area-as-principais-noticias-de-destaque-nos-jornais-do-ano-2026-acerca-da-comarca-de-aveiro\/#article","isPartOf":{"@id":"https:\/\/comarcas.csm.org.pt\/aveiro\/blog\/2026\/04\/17\/consulte-nesta-area-as-principais-noticias-de-destaque-nos-jornais-do-ano-2026-acerca-da-comarca-de-aveiro\/"},"author":{"name":"Teresa Marques","@id":"https:\/\/comarcas.csm.org.pt\/aveiro\/#\/schema\/person\/f47b76aceed6d6c815c9c7977bb8a7a5"},"headline":"Consulte nesta \u00e1rea as principais not\u00edcias de destaque nos jornais do Ano 2026, acerca da Comarca de Aveiro","datePublished":"2026-04-17T13:07:00+00:00","dateModified":"2026-04-17T16:03:07+00:00","mainEntityOfPage":{"@id":"https:\/\/comarcas.csm.org.pt\/aveiro\/blog\/2026\/04\/17\/consulte-nesta-area-as-principais-noticias-de-destaque-nos-jornais-do-ano-2026-acerca-da-comarca-de-aveiro\/"},"wordCount":187,"publisher":{"@id":"https:\/\/comarcas.csm.org.pt\/aveiro\/#organization"},"articleSection":["Geral","Not\u00edcias"],"inLanguage":"pt-PT"},{"@type":"WebPage","@id":"https:\/\/comarcas.csm.org.pt\/aveiro\/blog\/2026\/04\/17\/consulte-nesta-area-as-principais-noticias-de-destaque-nos-jornais-do-ano-2026-acerca-da-comarca-de-aveiro\/","url":"https:\/\/comarcas.csm.org.pt\/aveiro\/blog\/2026\/04\/17\/consulte-nesta-area-as-principais-noticias-de-destaque-nos-jornais-do-ano-2026-acerca-da-comarca-de-aveiro\/","name":"Consulte nesta \u00e1rea as principais not\u00edcias de destaque nos jornais do Ano 2026, acerca da Comarca de Aveiro - Tribunal Judicial da Comarca de Aveiro","isPartOf":{"@id":"https:\/\/comarcas.csm.org.pt\/aveiro\/#website"},"datePublished":"2026-04-17T13:07:00+00:00","dateModified":"2026-04-17T16:03:07+00:00","breadcrumb":{"@id":"https:\/\/comarcas.csm.org.pt\/aveiro\/blog\/2026\/04\/17\/consulte-nesta-area-as-principais-noticias-de-destaque-nos-jornais-do-ano-2026-acerca-da-comarca-de-aveiro\/#breadcrumb"},"inLanguage":"pt-PT","potentialAction":[{"@type":"ReadAction","target":["https:\/\/comarcas.csm.org.pt\/aveiro\/blog\/2026\/04\/17\/consulte-nesta-area-as-principais-noticias-de-destaque-nos-jornais-do-ano-2026-acerca-da-comarca-de-aveiro\/"]}]},{"@type":"BreadcrumbList","@id":"https:\/\/comarcas.csm.org.pt\/aveiro\/blog\/2026\/04\/17\/consulte-nesta-area-as-principais-noticias-de-destaque-nos-jornais-do-ano-2026-acerca-da-comarca-de-aveiro\/#breadcrumb","itemListElement":[{"@type":"ListItem","position":1,"name":"In\u00edcio","item":"https:\/\/comarcas.csm.org.pt\/aveiro\/"},{"@type":"ListItem","position":2,"name":"Consulte nesta \u00e1rea as principais not\u00edcias de destaque nos jornais do Ano 2026, acerca da Comarca de Aveiro"}]},{"@type":"WebSite","@id":"https:\/\/comarcas.csm.org.pt\/aveiro\/#website","url":"https:\/\/comarcas.csm.org.pt\/aveiro\/","name":"Tribunal Judicial da Comarca de Aveiro","description":"Tribunal Judicial da Comarca de Aveiro","publisher":{"@id":"https:\/\/comarcas.csm.org.pt\/aveiro\/#organization"},"potentialAction":[{"@type":"SearchAction","target":{"@type":"EntryPoint","urlTemplate":"https:\/\/comarcas.csm.org.pt\/aveiro\/?s={search_term_string}"},"query-input":{"@type":"PropertyValueSpecification","valueRequired":true,"valueName":"search_term_string"}}],"inLanguage":"pt-PT"},{"@type":"Organization","@id":"https:\/\/comarcas.csm.org.pt\/aveiro\/#organization","name":"Tribunal Judicial da Comarca de Aveiro","url":"https:\/\/comarcas.csm.org.pt\/aveiro\/","logo":{"@type":"ImageObject","inLanguage":"pt-PT","@id":"https:\/\/comarcas.csm.org.pt\/aveiro\/#\/schema\/logo\/image\/","url":"https:\/\/comarcas.csm.org.pt\/aveiro\/wp-content\/uploads\/sites\/5\/2024\/09\/Aveiro_positivo-horizontal-1.png","contentUrl":"https:\/\/comarcas.csm.org.pt\/aveiro\/wp-content\/uploads\/sites\/5\/2024\/09\/Aveiro_positivo-horizontal-1.png","width":5153,"height":890,"caption":"Tribunal Judicial da Comarca de Aveiro"},"image":{"@id":"https:\/\/comarcas.csm.org.pt\/aveiro\/#\/schema\/logo\/image\/"}},{"@type":"Person","@id":"https:\/\/comarcas.csm.org.pt\/aveiro\/#\/schema\/person\/f47b76aceed6d6c815c9c7977bb8a7a5","name":"Teresa Marques","image":{"@type":"ImageObject","inLanguage":"pt-PT","@id":"https:\/\/comarcas.csm.org.pt\/aveiro\/#\/schema\/person\/image\/","url":"https:\/\/secure.gravatar.com\/avatar\/d30a09e3a926d9cc69b7afad7a0660d114597787266ebc6d1805f330dc2ba49a?s=96&d=mm&r=g","contentUrl":"https:\/\/secure.gravatar.com\/avatar\/d30a09e3a926d9cc69b7afad7a0660d114597787266ebc6d1805f330dc2ba49a?s=96&d=mm&r=g","caption":"Teresa Marques"},"url":"https:\/\/comarcas.csm.org.pt\/aveiro\/blog\/author\/teresamarques\/"}]}},"_links":{"self":[{"href":"https:\/\/comarcas.csm.org.pt\/aveiro\/wp-json\/wp\/v2\/posts\/13090","targetHints":{"allow":["GET"]}}],"collection":[{"href":"https:\/\/comarcas.csm.org.pt\/aveiro\/wp-json\/wp\/v2\/posts"}],"about":[{"href":"https:\/\/comarcas.csm.org.pt\/aveiro\/wp-json\/wp\/v2\/types\/post"}],"author":[{"embeddable":true,"href":"https:\/\/comarcas.csm.org.pt\/aveiro\/wp-json\/wp\/v2\/users\/4"}],"replies":[{"embeddable":true,"href":"https:\/\/comarcas.csm.org.pt\/aveiro\/wp-json\/wp\/v2\/comments?post=13090"}],"version-history":[{"count":16,"href":"https:\/\/comarcas.csm.org.pt\/aveiro\/wp-json\/wp\/v2\/posts\/13090\/revisions"}],"predecessor-version":[{"id":13276,"href":"https:\/\/comarcas.csm.org.pt\/aveiro\/wp-json\/wp\/v2\/posts\/13090\/revisions\/13276"}],"wp:attachment":[{"href":"https:\/\/comarcas.csm.org.pt\/aveiro\/wp-json\/wp\/v2\/media?parent=13090"}],"wp:term":[{"taxonomy":"category","embeddable":true,"href":"https:\/\/comarcas.csm.org.pt\/aveiro\/wp-json\/wp\/v2\/categories?post=13090"},{"taxonomy":"post_tag","embeddable":true,"href":"https:\/\/comarcas.csm.org.pt\/aveiro\/wp-json\/wp\/v2\/tags?post=13090"}],"curies":[{"name":"wp","href":"https:\/\/api.w.org\/{rel}","templated":true}]}}