{"id":13099,"date":"2026-01-30T16:30:44","date_gmt":"2026-01-30T16:30:44","guid":{"rendered":"https:\/\/comarcas.csm.org.pt\/aveiro\/?p=13099"},"modified":"2026-01-30T16:36:29","modified_gmt":"2026-01-30T16:36:29","slug":"comarca-de-aveiro-entregou-donativos-na-sequencia-de-iniciativa-solidaria","status":"publish","type":"post","link":"https:\/\/comarcas.csm.org.pt\/aveiro\/blog\/2026\/01\/30\/comarca-de-aveiro-entregou-donativos-na-sequencia-de-iniciativa-solidaria\/","title":{"rendered":"Comarca de Aveiro entregou donativos na sequ\u00eancia de iniciativa solid\u00e1ria"},"content":{"rendered":"\t\t<div data-elementor-type=\"wp-post\" data-elementor-id=\"13099\" class=\"elementor elementor-13099\" data-elementor-post-type=\"post\">\n\t\t\t\t<div class=\"elementor-element elementor-element-2a4c21e e-flex e-con-boxed e-con e-parent\" data-id=\"2a4c21e\" data-element_type=\"container\">\n\t\t\t\t\t<div class=\"e-con-inner\">\n\t\t<div class=\"elementor-element elementor-element-3607af3 e-con-full e-flex e-con e-child\" data-id=\"3607af3\" data-element_type=\"container\">\n\t\t\t\t<div class=\"elementor-element elementor-element-26f8d46 elementor-widget elementor-widget-image\" data-id=\"26f8d46\" data-element_type=\"widget\" data-widget_type=\"image.default\">\n\t\t\t\t<div class=\"elementor-widget-container\">\n\t\t\t\t\t\t\t\t\t\t\t\t\t\t\t<img fetchpriority=\"high\" decoding=\"async\" width=\"768\" height=\"1024\" src=\"https:\/\/comarcas.csm.org.pt\/aveiro\/wp-content\/uploads\/sites\/5\/2026\/01\/PHOTO-2026-01-13-12-37-49-768x1024.jpg\" class=\"attachment-large size-large wp-image-13104\" alt=\"\" srcset=\"https:\/\/comarcas.csm.org.pt\/aveiro\/wp-content\/uploads\/sites\/5\/2026\/01\/PHOTO-2026-01-13-12-37-49-768x1024.jpg 768w, https:\/\/comarcas.csm.org.pt\/aveiro\/wp-content\/uploads\/sites\/5\/2026\/01\/PHOTO-2026-01-13-12-37-49-225x300.jpg 225w, https:\/\/comarcas.csm.org.pt\/aveiro\/wp-content\/uploads\/sites\/5\/2026\/01\/PHOTO-2026-01-13-12-37-49-1152x1536.jpg 1152w, https:\/\/comarcas.csm.org.pt\/aveiro\/wp-content\/uploads\/sites\/5\/2026\/01\/PHOTO-2026-01-13-12-37-49.jpg 1200w\" sizes=\"(max-width: 768px) 100vw, 768px\" \/>\t\t\t\t\t\t\t\t\t\t\t\t\t\t\t<\/div>\n\t\t\t\t<\/div>\n\t\t\t\t<\/div>\n\t\t<div class=\"elementor-element elementor-element-c6ef43b e-con-full e-flex e-con e-child\" data-id=\"c6ef43b\" data-element_type=\"container\">\n\t\t\t\t<div class=\"elementor-element elementor-element-c9b06fb elementor-widget elementor-widget-text-editor\" data-id=\"c9b06fb\" data-element_type=\"widget\" data-widget_type=\"text-editor.default\">\n\t\t\t\t<div class=\"elementor-widget-container\">\n\t\t\t\t\t\t\t\t\t<p>No \u00e2mbito da Iniciativa Solid\u00e1ria da Comarca de Aveiro associada a jantar de Natal, veio a ser reunido o donativo monet\u00e1rio de 510\u20ac a reverter a favor da institui\u00e7\u00e3o representativa do Polo de Santa Maria da Feira : RAP &#8211; Resposta de Apoio Psicol\u00f3gico a Crian\u00e7as e Jovens do ESPA\u00c7O TREVO .<\/p><p>No dia 13 de Janeiro de 2026, nas instala\u00e7\u00f5es do Espa\u00e7o Trevo, a Senhora Juiz Coordenadora, Dra Sara Maia, acompanhada pela Senhora Procuradora da Rep\u00fablica no Ju\u00edzo de Fam\u00edlia e Menores de Santa Maria da Feira, Dra Ana Isabel Rodrigues, entregaram \u00e1 Coordenadora do Espa\u00e7o Trevo, Dra Mariana Magalh\u00e3es, o montante reunido.<\/p><p>Toda a equipa manifestou agrado pela visita e renovou o seu sincero agradecimento.<\/p>\t\t\t\t\t\t\t\t<\/div>\n\t\t\t\t<\/div>\n\t\t\t\t<\/div>\n\t\t\t\t\t<\/div>\n\t\t\t\t<\/div>\n\t\t<div class=\"elementor-element elementor-element-4462dba e-grid e-con-boxed e-con e-parent\" data-id=\"4462dba\" data-element_type=\"container\">\n\t\t\t\t\t<div class=\"e-con-inner\">\n\t\t\t\t<div class=\"elementor-element elementor-element-0e6259f elementor-widget elementor-widget-image\" data-id=\"0e6259f\" data-element_type=\"widget\" data-widget_type=\"image.default\">\n\t\t\t\t<div class=\"elementor-widget-container\">\n\t\t\t\t\t\t\t\t\t\t\t\t\t\t\t<img decoding=\"async\" width=\"768\" height=\"1024\" src=\"https:\/\/comarcas.csm.org.pt\/aveiro\/wp-content\/uploads\/sites\/5\/2026\/01\/PHOTO-2026-01-13-12-37-47-768x1024.jpg\" class=\"attachment-large size-large wp-image-13102\" alt=\"\" srcset=\"https:\/\/comarcas.csm.org.pt\/aveiro\/wp-content\/uploads\/sites\/5\/2026\/01\/PHOTO-2026-01-13-12-37-47-768x1024.jpg 768w, https:\/\/comarcas.csm.org.pt\/aveiro\/wp-content\/uploads\/sites\/5\/2026\/01\/PHOTO-2026-01-13-12-37-47-225x300.jpg 225w, https:\/\/comarcas.csm.org.pt\/aveiro\/wp-content\/uploads\/sites\/5\/2026\/01\/PHOTO-2026-01-13-12-37-47-1152x1536.jpg 1152w, https:\/\/comarcas.csm.org.pt\/aveiro\/wp-content\/uploads\/sites\/5\/2026\/01\/PHOTO-2026-01-13-12-37-47.jpg 1200w\" sizes=\"(max-width: 768px) 100vw, 768px\" \/>\t\t\t\t\t\t\t\t\t\t\t\t\t\t\t<\/div>\n\t\t\t\t<\/div>\n\t\t\t\t<div class=\"elementor-element elementor-element-3857384 elementor-widget elementor-widget-image\" data-id=\"3857384\" data-element_type=\"widget\" data-widget_type=\"image.default\">\n\t\t\t\t<div class=\"elementor-widget-container\">\n\t\t\t\t\t\t\t\t\t\t\t\t\t\t\t<img decoding=\"async\" width=\"768\" height=\"1024\" src=\"https:\/\/comarcas.csm.org.pt\/aveiro\/wp-content\/uploads\/sites\/5\/2026\/01\/PHOTO-2026-01-13-12-37-48-768x1024.jpg\" class=\"attachment-large size-large wp-image-13103\" alt=\"\" srcset=\"https:\/\/comarcas.csm.org.pt\/aveiro\/wp-content\/uploads\/sites\/5\/2026\/01\/PHOTO-2026-01-13-12-37-48-768x1024.jpg 768w, https:\/\/comarcas.csm.org.pt\/aveiro\/wp-content\/uploads\/sites\/5\/2026\/01\/PHOTO-2026-01-13-12-37-48-225x300.jpg 225w, https:\/\/comarcas.csm.org.pt\/aveiro\/wp-content\/uploads\/sites\/5\/2026\/01\/PHOTO-2026-01-13-12-37-48-1152x1536.jpg 1152w, https:\/\/comarcas.csm.org.pt\/aveiro\/wp-content\/uploads\/sites\/5\/2026\/01\/PHOTO-2026-01-13-12-37-48.jpg 1200w\" sizes=\"(max-width: 768px) 100vw, 768px\" \/>\t\t\t\t\t\t\t\t\t\t\t\t\t\t\t<\/div>\n\t\t\t\t<\/div>\n\t\t\t\t<div class=\"elementor-element elementor-element-7449a64 elementor-widget elementor-widget-image\" data-id=\"7449a64\" data-element_type=\"widget\" data-widget_type=\"image.default\">\n\t\t\t\t<div class=\"elementor-widget-container\">\n\t\t\t\t\t\t\t\t\t\t\t\t\t\t\t<img loading=\"lazy\" decoding=\"async\" width=\"768\" height=\"1024\" src=\"https:\/\/comarcas.csm.org.pt\/aveiro\/wp-content\/uploads\/sites\/5\/2026\/01\/PHOTO-2026-01-13-12-37-46-768x1024.jpg\" class=\"attachment-large size-large wp-image-13101\" alt=\"\" srcset=\"https:\/\/comarcas.csm.org.pt\/aveiro\/wp-content\/uploads\/sites\/5\/2026\/01\/PHOTO-2026-01-13-12-37-46-768x1024.jpg 768w, https:\/\/comarcas.csm.org.pt\/aveiro\/wp-content\/uploads\/sites\/5\/2026\/01\/PHOTO-2026-01-13-12-37-46-225x300.jpg 225w, https:\/\/comarcas.csm.org.pt\/aveiro\/wp-content\/uploads\/sites\/5\/2026\/01\/PHOTO-2026-01-13-12-37-46-1152x1536.jpg 1152w, https:\/\/comarcas.csm.org.pt\/aveiro\/wp-content\/uploads\/sites\/5\/2026\/01\/PHOTO-2026-01-13-12-37-46.jpg 1200w\" sizes=\"(max-width: 768px) 100vw, 768px\" \/>\t\t\t\t\t\t\t\t\t\t\t\t\t\t\t<\/div>\n\t\t\t\t<\/div>\n\t\t\t\t\t<\/div>\n\t\t\t\t<\/div>\n\t\t\t\t<\/div>\n\t\t","protected":false},"excerpt":{"rendered":"<p>No \u00e2mbito da Iniciativa Solid\u00e1ria da Comarca de Aveiro associada a jantar de Natal, veio a ser reunido o donativo monet\u00e1rio de 510\u20ac a reverter a favor da institui\u00e7\u00e3o representativa do Polo de Santa Maria&#8230;<\/p>\n","protected":false},"author":4,"featured_media":0,"comment_status":"closed","ping_status":"open","sticky":false,"template":"","format":"standard","meta":{"_tbt_post_transparent":"","_tbt_post_title":"","_tbt_post_layout":"","_tbt_post_sidebar_id":"","_tbt_post_content_style":"","_tbt_post_vertical_padding":"","_tbt_post_feature":"","_tbt_post_feature_position":"","_tbt_post_header":false,"_tbt_post_footer":false},"categories":[1],"tags":[],"class_list":["post-13099","post","type-post","status-publish","format-standard","hentry","category-geral"],"yoast_head":"<!-- This site is optimized with the Yoast SEO plugin v25.6 - https:\/\/yoast.com\/wordpress\/plugins\/seo\/ -->\n<title>Comarca de Aveiro entregou donativos na sequ\u00eancia de iniciativa solid\u00e1ria - Tribunal Judicial da Comarca de Aveiro<\/title>\n<meta name=\"robots\" content=\"index, follow, max-snippet:-1, max-image-preview:large, max-video-preview:-1\" \/>\n<link rel=\"canonical\" href=\"https:\/\/comarcas.csm.org.pt\/aveiro\/blog\/2026\/01\/30\/comarca-de-aveiro-entregou-donativos-na-sequencia-de-iniciativa-solidaria\/\" \/>\n<meta property=\"og:locale\" content=\"pt_PT\" \/>\n<meta property=\"og:type\" content=\"article\" \/>\n<meta property=\"og:title\" content=\"Comarca de Aveiro entregou donativos na sequ\u00eancia de iniciativa solid\u00e1ria - Tribunal Judicial da Comarca de Aveiro\" \/>\n<meta property=\"og:description\" content=\"No \u00e2mbito da Iniciativa Solid\u00e1ria da Comarca de Aveiro associada a jantar de Natal, veio a ser reunido o donativo monet\u00e1rio de 510\u20ac a reverter a favor da institui\u00e7\u00e3o representativa do Polo de Santa Maria...\" \/>\n<meta property=\"og:url\" content=\"https:\/\/comarcas.csm.org.pt\/aveiro\/blog\/2026\/01\/30\/comarca-de-aveiro-entregou-donativos-na-sequencia-de-iniciativa-solidaria\/\" \/>\n<meta property=\"og:site_name\" content=\"Tribunal Judicial da Comarca de Aveiro\" \/>\n<meta property=\"article:published_time\" content=\"2026-01-30T16:30:44+00:00\" \/>\n<meta property=\"article:modified_time\" content=\"2026-01-30T16:36:29+00:00\" \/>\n<meta property=\"og:image\" content=\"https:\/\/comarcas.csm.org.pt\/aveiro\/wp-content\/uploads\/sites\/5\/2026\/01\/PHOTO-2026-01-13-12-37-49-768x1024.jpg\" \/>\n<meta name=\"author\" content=\"Teresa Marques\" \/>\n<meta name=\"twitter:card\" content=\"summary_large_image\" \/>\n<meta name=\"twitter:label1\" content=\"Escrito por\" \/>\n\t<meta name=\"twitter:data1\" content=\"Teresa Marques\" \/>\n\t<meta name=\"twitter:label2\" content=\"Tempo estimado de leitura\" \/>\n\t<meta name=\"twitter:data2\" content=\"2 minutos\" \/>\n<script type=\"application\/ld+json\" class=\"yoast-schema-graph\">{\"@context\":\"https:\/\/schema.org\",\"@graph\":[{\"@type\":\"Article\",\"@id\":\"https:\/\/comarcas.csm.org.pt\/aveiro\/blog\/2026\/01\/30\/comarca-de-aveiro-entregou-donativos-na-sequencia-de-iniciativa-solidaria\/#article\",\"isPartOf\":{\"@id\":\"https:\/\/comarcas.csm.org.pt\/aveiro\/blog\/2026\/01\/30\/comarca-de-aveiro-entregou-donativos-na-sequencia-de-iniciativa-solidaria\/\"},\"author\":{\"name\":\"Teresa Marques\",\"@id\":\"https:\/\/comarcas.csm.org.pt\/aveiro\/#\/schema\/person\/f47b76aceed6d6c815c9c7977bb8a7a5\"},\"headline\":\"Comarca de Aveiro entregou donativos na sequ\u00eancia de iniciativa solid\u00e1ria\",\"datePublished\":\"2026-01-30T16:30:44+00:00\",\"dateModified\":\"2026-01-30T16:36:29+00:00\",\"mainEntityOfPage\":{\"@id\":\"https:\/\/comarcas.csm.org.pt\/aveiro\/blog\/2026\/01\/30\/comarca-de-aveiro-entregou-donativos-na-sequencia-de-iniciativa-solidaria\/\"},\"wordCount\":136,\"publisher\":{\"@id\":\"https:\/\/comarcas.csm.org.pt\/aveiro\/#organization\"},\"image\":{\"@id\":\"https:\/\/comarcas.csm.org.pt\/aveiro\/blog\/2026\/01\/30\/comarca-de-aveiro-entregou-donativos-na-sequencia-de-iniciativa-solidaria\/#primaryimage\"},\"thumbnailUrl\":\"https:\/\/comarcas.csm.org.pt\/aveiro\/wp-content\/uploads\/sites\/5\/2026\/01\/PHOTO-2026-01-13-12-37-49-768x1024.jpg\",\"articleSection\":[\"Geral\"],\"inLanguage\":\"pt-PT\"},{\"@type\":\"WebPage\",\"@id\":\"https:\/\/comarcas.csm.org.pt\/aveiro\/blog\/2026\/01\/30\/comarca-de-aveiro-entregou-donativos-na-sequencia-de-iniciativa-solidaria\/\",\"url\":\"https:\/\/comarcas.csm.org.pt\/aveiro\/blog\/2026\/01\/30\/comarca-de-aveiro-entregou-donativos-na-sequencia-de-iniciativa-solidaria\/\",\"name\":\"Comarca de Aveiro entregou donativos na sequ\u00eancia de iniciativa solid\u00e1ria - Tribunal Judicial da Comarca de Aveiro\",\"isPartOf\":{\"@id\":\"https:\/\/comarcas.csm.org.pt\/aveiro\/#website\"},\"primaryImageOfPage\":{\"@id\":\"https:\/\/comarcas.csm.org.pt\/aveiro\/blog\/2026\/01\/30\/comarca-de-aveiro-entregou-donativos-na-sequencia-de-iniciativa-solidaria\/#primaryimage\"},\"image\":{\"@id\":\"https:\/\/comarcas.csm.org.pt\/aveiro\/blog\/2026\/01\/30\/comarca-de-aveiro-entregou-donativos-na-sequencia-de-iniciativa-solidaria\/#primaryimage\"},\"thumbnailUrl\":\"https:\/\/comarcas.csm.org.pt\/aveiro\/wp-content\/uploads\/sites\/5\/2026\/01\/PHOTO-2026-01-13-12-37-49-768x1024.jpg\",\"datePublished\":\"2026-01-30T16:30:44+00:00\",\"dateModified\":\"2026-01-30T16:36:29+00:00\",\"breadcrumb\":{\"@id\":\"https:\/\/comarcas.csm.org.pt\/aveiro\/blog\/2026\/01\/30\/comarca-de-aveiro-entregou-donativos-na-sequencia-de-iniciativa-solidaria\/#breadcrumb\"},\"inLanguage\":\"pt-PT\",\"potentialAction\":[{\"@type\":\"ReadAction\",\"target\":[\"https:\/\/comarcas.csm.org.pt\/aveiro\/blog\/2026\/01\/30\/comarca-de-aveiro-entregou-donativos-na-sequencia-de-iniciativa-solidaria\/\"]}]},{\"@type\":\"ImageObject\",\"inLanguage\":\"pt-PT\",\"@id\":\"https:\/\/comarcas.csm.org.pt\/aveiro\/blog\/2026\/01\/30\/comarca-de-aveiro-entregou-donativos-na-sequencia-de-iniciativa-solidaria\/#primaryimage\",\"url\":\"https:\/\/comarcas.csm.org.pt\/aveiro\/wp-content\/uploads\/sites\/5\/2026\/01\/PHOTO-2026-01-13-12-37-49.jpg\",\"contentUrl\":\"https:\/\/comarcas.csm.org.pt\/aveiro\/wp-content\/uploads\/sites\/5\/2026\/01\/PHOTO-2026-01-13-12-37-49.jpg\",\"width\":1200,\"height\":1600},{\"@type\":\"BreadcrumbList\",\"@id\":\"https:\/\/comarcas.csm.org.pt\/aveiro\/blog\/2026\/01\/30\/comarca-de-aveiro-entregou-donativos-na-sequencia-de-iniciativa-solidaria\/#breadcrumb\",\"itemListElement\":[{\"@type\":\"ListItem\",\"position\":1,\"name\":\"In\u00edcio\",\"item\":\"https:\/\/comarcas.csm.org.pt\/aveiro\/\"},{\"@type\":\"ListItem\",\"position\":2,\"name\":\"Comarca de Aveiro entregou donativos na sequ\u00eancia de iniciativa solid\u00e1ria\"}]},{\"@type\":\"WebSite\",\"@id\":\"https:\/\/comarcas.csm.org.pt\/aveiro\/#website\",\"url\":\"https:\/\/comarcas.csm.org.pt\/aveiro\/\",\"name\":\"Tribunal Judicial da Comarca de Aveiro\",\"description\":\"Tribunal Judicial da Comarca de Aveiro\",\"publisher\":{\"@id\":\"https:\/\/comarcas.csm.org.pt\/aveiro\/#organization\"},\"potentialAction\":[{\"@type\":\"SearchAction\",\"target\":{\"@type\":\"EntryPoint\",\"urlTemplate\":\"https:\/\/comarcas.csm.org.pt\/aveiro\/?s={search_term_string}\"},\"query-input\":{\"@type\":\"PropertyValueSpecification\",\"valueRequired\":true,\"valueName\":\"search_term_string\"}}],\"inLanguage\":\"pt-PT\"},{\"@type\":\"Organization\",\"@id\":\"https:\/\/comarcas.csm.org.pt\/aveiro\/#organization\",\"name\":\"Tribunal Judicial da Comarca de Aveiro\",\"url\":\"https:\/\/comarcas.csm.org.pt\/aveiro\/\",\"logo\":{\"@type\":\"ImageObject\",\"inLanguage\":\"pt-PT\",\"@id\":\"https:\/\/comarcas.csm.org.pt\/aveiro\/#\/schema\/logo\/image\/\",\"url\":\"https:\/\/comarcas.csm.org.pt\/aveiro\/wp-content\/uploads\/sites\/5\/2024\/09\/Aveiro_positivo-horizontal-1.png\",\"contentUrl\":\"https:\/\/comarcas.csm.org.pt\/aveiro\/wp-content\/uploads\/sites\/5\/2024\/09\/Aveiro_positivo-horizontal-1.png\",\"width\":5153,\"height\":890,\"caption\":\"Tribunal Judicial da Comarca de Aveiro\"},\"image\":{\"@id\":\"https:\/\/comarcas.csm.org.pt\/aveiro\/#\/schema\/logo\/image\/\"}},{\"@type\":\"Person\",\"@id\":\"https:\/\/comarcas.csm.org.pt\/aveiro\/#\/schema\/person\/f47b76aceed6d6c815c9c7977bb8a7a5\",\"name\":\"Teresa Marques\",\"image\":{\"@type\":\"ImageObject\",\"inLanguage\":\"pt-PT\",\"@id\":\"https:\/\/comarcas.csm.org.pt\/aveiro\/#\/schema\/person\/image\/\",\"url\":\"https:\/\/secure.gravatar.com\/avatar\/d30a09e3a926d9cc69b7afad7a0660d114597787266ebc6d1805f330dc2ba49a?s=96&d=mm&r=g\",\"contentUrl\":\"https:\/\/secure.gravatar.com\/avatar\/d30a09e3a926d9cc69b7afad7a0660d114597787266ebc6d1805f330dc2ba49a?s=96&d=mm&r=g\",\"caption\":\"Teresa Marques\"},\"url\":\"https:\/\/comarcas.csm.org.pt\/aveiro\/blog\/author\/teresamarques\/\"}]}<\/script>\n<!-- \/ Yoast SEO plugin. -->","yoast_head_json":{"title":"Comarca de Aveiro entregou donativos na sequ\u00eancia de iniciativa solid\u00e1ria - Tribunal Judicial da Comarca de Aveiro","robots":{"index":"index","follow":"follow","max-snippet":"max-snippet:-1","max-image-preview":"max-image-preview:large","max-video-preview":"max-video-preview:-1"},"canonical":"https:\/\/comarcas.csm.org.pt\/aveiro\/blog\/2026\/01\/30\/comarca-de-aveiro-entregou-donativos-na-sequencia-de-iniciativa-solidaria\/","og_locale":"pt_PT","og_type":"article","og_title":"Comarca de Aveiro entregou donativos na sequ\u00eancia de iniciativa solid\u00e1ria - Tribunal Judicial da Comarca de Aveiro","og_description":"No \u00e2mbito da Iniciativa Solid\u00e1ria da Comarca de Aveiro associada a jantar de Natal, veio a ser reunido o donativo monet\u00e1rio de 510\u20ac a reverter a favor da institui\u00e7\u00e3o representativa do Polo de Santa Maria...","og_url":"https:\/\/comarcas.csm.org.pt\/aveiro\/blog\/2026\/01\/30\/comarca-de-aveiro-entregou-donativos-na-sequencia-de-iniciativa-solidaria\/","og_site_name":"Tribunal Judicial da Comarca de Aveiro","article_published_time":"2026-01-30T16:30:44+00:00","article_modified_time":"2026-01-30T16:36:29+00:00","og_image":[{"url":"https:\/\/comarcas.csm.org.pt\/aveiro\/wp-content\/uploads\/sites\/5\/2026\/01\/PHOTO-2026-01-13-12-37-49-768x1024.jpg","type":"","width":"","height":""}],"author":"Teresa Marques","twitter_card":"summary_large_image","twitter_misc":{"Escrito por":"Teresa Marques","Tempo estimado de leitura":"2 minutos"},"schema":{"@context":"https:\/\/schema.org","@graph":[{"@type":"Article","@id":"https:\/\/comarcas.csm.org.pt\/aveiro\/blog\/2026\/01\/30\/comarca-de-aveiro-entregou-donativos-na-sequencia-de-iniciativa-solidaria\/#article","isPartOf":{"@id":"https:\/\/comarcas.csm.org.pt\/aveiro\/blog\/2026\/01\/30\/comarca-de-aveiro-entregou-donativos-na-sequencia-de-iniciativa-solidaria\/"},"author":{"name":"Teresa Marques","@id":"https:\/\/comarcas.csm.org.pt\/aveiro\/#\/schema\/person\/f47b76aceed6d6c815c9c7977bb8a7a5"},"headline":"Comarca de Aveiro entregou donativos na sequ\u00eancia de iniciativa solid\u00e1ria","datePublished":"2026-01-30T16:30:44+00:00","dateModified":"2026-01-30T16:36:29+00:00","mainEntityOfPage":{"@id":"https:\/\/comarcas.csm.org.pt\/aveiro\/blog\/2026\/01\/30\/comarca-de-aveiro-entregou-donativos-na-sequencia-de-iniciativa-solidaria\/"},"wordCount":136,"publisher":{"@id":"https:\/\/comarcas.csm.org.pt\/aveiro\/#organization"},"image":{"@id":"https:\/\/comarcas.csm.org.pt\/aveiro\/blog\/2026\/01\/30\/comarca-de-aveiro-entregou-donativos-na-sequencia-de-iniciativa-solidaria\/#primaryimage"},"thumbnailUrl":"https:\/\/comarcas.csm.org.pt\/aveiro\/wp-content\/uploads\/sites\/5\/2026\/01\/PHOTO-2026-01-13-12-37-49-768x1024.jpg","articleSection":["Geral"],"inLanguage":"pt-PT"},{"@type":"WebPage","@id":"https:\/\/comarcas.csm.org.pt\/aveiro\/blog\/2026\/01\/30\/comarca-de-aveiro-entregou-donativos-na-sequencia-de-iniciativa-solidaria\/","url":"https:\/\/comarcas.csm.org.pt\/aveiro\/blog\/2026\/01\/30\/comarca-de-aveiro-entregou-donativos-na-sequencia-de-iniciativa-solidaria\/","name":"Comarca de Aveiro entregou donativos na sequ\u00eancia de iniciativa solid\u00e1ria - Tribunal Judicial da Comarca de Aveiro","isPartOf":{"@id":"https:\/\/comarcas.csm.org.pt\/aveiro\/#website"},"primaryImageOfPage":{"@id":"https:\/\/comarcas.csm.org.pt\/aveiro\/blog\/2026\/01\/30\/comarca-de-aveiro-entregou-donativos-na-sequencia-de-iniciativa-solidaria\/#primaryimage"},"image":{"@id":"https:\/\/comarcas.csm.org.pt\/aveiro\/blog\/2026\/01\/30\/comarca-de-aveiro-entregou-donativos-na-sequencia-de-iniciativa-solidaria\/#primaryimage"},"thumbnailUrl":"https:\/\/comarcas.csm.org.pt\/aveiro\/wp-content\/uploads\/sites\/5\/2026\/01\/PHOTO-2026-01-13-12-37-49-768x1024.jpg","datePublished":"2026-01-30T16:30:44+00:00","dateModified":"2026-01-30T16:36:29+00:00","breadcrumb":{"@id":"https:\/\/comarcas.csm.org.pt\/aveiro\/blog\/2026\/01\/30\/comarca-de-aveiro-entregou-donativos-na-sequencia-de-iniciativa-solidaria\/#breadcrumb"},"inLanguage":"pt-PT","potentialAction":[{"@type":"ReadAction","target":["https:\/\/comarcas.csm.org.pt\/aveiro\/blog\/2026\/01\/30\/comarca-de-aveiro-entregou-donativos-na-sequencia-de-iniciativa-solidaria\/"]}]},{"@type":"ImageObject","inLanguage":"pt-PT","@id":"https:\/\/comarcas.csm.org.pt\/aveiro\/blog\/2026\/01\/30\/comarca-de-aveiro-entregou-donativos-na-sequencia-de-iniciativa-solidaria\/#primaryimage","url":"https:\/\/comarcas.csm.org.pt\/aveiro\/wp-content\/uploads\/sites\/5\/2026\/01\/PHOTO-2026-01-13-12-37-49.jpg","contentUrl":"https:\/\/comarcas.csm.org.pt\/aveiro\/wp-content\/uploads\/sites\/5\/2026\/01\/PHOTO-2026-01-13-12-37-49.jpg","width":1200,"height":1600},{"@type":"BreadcrumbList","@id":"https:\/\/comarcas.csm.org.pt\/aveiro\/blog\/2026\/01\/30\/comarca-de-aveiro-entregou-donativos-na-sequencia-de-iniciativa-solidaria\/#breadcrumb","itemListElement":[{"@type":"ListItem","position":1,"name":"In\u00edcio","item":"https:\/\/comarcas.csm.org.pt\/aveiro\/"},{"@type":"ListItem","position":2,"name":"Comarca de Aveiro entregou donativos na sequ\u00eancia de iniciativa solid\u00e1ria"}]},{"@type":"WebSite","@id":"https:\/\/comarcas.csm.org.pt\/aveiro\/#website","url":"https:\/\/comarcas.csm.org.pt\/aveiro\/","name":"Tribunal Judicial da Comarca de Aveiro","description":"Tribunal Judicial da Comarca de Aveiro","publisher":{"@id":"https:\/\/comarcas.csm.org.pt\/aveiro\/#organization"},"potentialAction":[{"@type":"SearchAction","target":{"@type":"EntryPoint","urlTemplate":"https:\/\/comarcas.csm.org.pt\/aveiro\/?s={search_term_string}"},"query-input":{"@type":"PropertyValueSpecification","valueRequired":true,"valueName":"search_term_string"}}],"inLanguage":"pt-PT"},{"@type":"Organization","@id":"https:\/\/comarcas.csm.org.pt\/aveiro\/#organization","name":"Tribunal Judicial da Comarca de Aveiro","url":"https:\/\/comarcas.csm.org.pt\/aveiro\/","logo":{"@type":"ImageObject","inLanguage":"pt-PT","@id":"https:\/\/comarcas.csm.org.pt\/aveiro\/#\/schema\/logo\/image\/","url":"https:\/\/comarcas.csm.org.pt\/aveiro\/wp-content\/uploads\/sites\/5\/2024\/09\/Aveiro_positivo-horizontal-1.png","contentUrl":"https:\/\/comarcas.csm.org.pt\/aveiro\/wp-content\/uploads\/sites\/5\/2024\/09\/Aveiro_positivo-horizontal-1.png","width":5153,"height":890,"caption":"Tribunal Judicial da Comarca de Aveiro"},"image":{"@id":"https:\/\/comarcas.csm.org.pt\/aveiro\/#\/schema\/logo\/image\/"}},{"@type":"Person","@id":"https:\/\/comarcas.csm.org.pt\/aveiro\/#\/schema\/person\/f47b76aceed6d6c815c9c7977bb8a7a5","name":"Teresa Marques","image":{"@type":"ImageObject","inLanguage":"pt-PT","@id":"https:\/\/comarcas.csm.org.pt\/aveiro\/#\/schema\/person\/image\/","url":"https:\/\/secure.gravatar.com\/avatar\/d30a09e3a926d9cc69b7afad7a0660d114597787266ebc6d1805f330dc2ba49a?s=96&d=mm&r=g","contentUrl":"https:\/\/secure.gravatar.com\/avatar\/d30a09e3a926d9cc69b7afad7a0660d114597787266ebc6d1805f330dc2ba49a?s=96&d=mm&r=g","caption":"Teresa Marques"},"url":"https:\/\/comarcas.csm.org.pt\/aveiro\/blog\/author\/teresamarques\/"}]}},"_links":{"self":[{"href":"https:\/\/comarcas.csm.org.pt\/aveiro\/wp-json\/wp\/v2\/posts\/13099","targetHints":{"allow":["GET"]}}],"collection":[{"href":"https:\/\/comarcas.csm.org.pt\/aveiro\/wp-json\/wp\/v2\/posts"}],"about":[{"href":"https:\/\/comarcas.csm.org.pt\/aveiro\/wp-json\/wp\/v2\/types\/post"}],"author":[{"embeddable":true,"href":"https:\/\/comarcas.csm.org.pt\/aveiro\/wp-json\/wp\/v2\/users\/4"}],"replies":[{"embeddable":true,"href":"https:\/\/comarcas.csm.org.pt\/aveiro\/wp-json\/wp\/v2\/comments?post=13099"}],"version-history":[{"count":4,"href":"https:\/\/comarcas.csm.org.pt\/aveiro\/wp-json\/wp\/v2\/posts\/13099\/revisions"}],"predecessor-version":[{"id":13107,"href":"https:\/\/comarcas.csm.org.pt\/aveiro\/wp-json\/wp\/v2\/posts\/13099\/revisions\/13107"}],"wp:attachment":[{"href":"https:\/\/comarcas.csm.org.pt\/aveiro\/wp-json\/wp\/v2\/media?parent=13099"}],"wp:term":[{"taxonomy":"category","embeddable":true,"href":"https:\/\/comarcas.csm.org.pt\/aveiro\/wp-json\/wp\/v2\/categories?post=13099"},{"taxonomy":"post_tag","embeddable":true,"href":"https:\/\/comarcas.csm.org.pt\/aveiro\/wp-json\/wp\/v2\/tags?post=13099"}],"curies":[{"name":"wp","href":"https:\/\/api.w.org\/{rel}","templated":true}]}}