{"id":13134,"date":"2026-02-11T17:09:45","date_gmt":"2026-02-11T17:09:45","guid":{"rendered":"https:\/\/comarcas.csm.org.pt\/aveiro\/?p=13134"},"modified":"2026-02-11T17:26:11","modified_gmt":"2026-02-11T17:26:11","slug":"realizacao-de-palestra-justica-em-portugal-ocorreu-na-escola-jose-estevao","status":"publish","type":"post","link":"https:\/\/comarcas.csm.org.pt\/aveiro\/blog\/2026\/02\/11\/realizacao-de-palestra-justica-em-portugal-ocorreu-na-escola-jose-estevao\/","title":{"rendered":"Realiza\u00e7\u00e3o de Palestra &#8211; Justi\u00e7a em Portugal, ocorreu na Escola Jos\u00e9 Estev\u00e3o."},"content":{"rendered":"\t\t<div data-elementor-type=\"wp-post\" data-elementor-id=\"13134\" class=\"elementor elementor-13134\" data-elementor-post-type=\"post\">\n\t\t\t\t<div class=\"elementor-element elementor-element-2a4c21e e-flex e-con-boxed e-con e-parent\" data-id=\"2a4c21e\" data-element_type=\"container\">\n\t\t\t\t\t<div class=\"e-con-inner\">\n\t\t<div class=\"elementor-element elementor-element-3607af3 e-con-full e-flex e-con e-child\" data-id=\"3607af3\" data-element_type=\"container\">\n\t\t\t\t<div class=\"elementor-element elementor-element-26f8d46 elementor-widget elementor-widget-image\" data-id=\"26f8d46\" data-element_type=\"widget\" data-widget_type=\"image.default\">\n\t\t\t\t<div class=\"elementor-widget-container\">\n\t\t\t\t\t\t\t\t\t\t\t\t\t\t\t<img fetchpriority=\"high\" decoding=\"async\" width=\"926\" height=\"635\" src=\"https:\/\/comarcas.csm.org.pt\/aveiro\/wp-content\/uploads\/sites\/5\/2026\/02\/WhatsApp-Image-2026-02-11-at-16.32.34.jpeg\" class=\"attachment-large size-large wp-image-13137\" alt=\"\" srcset=\"https:\/\/comarcas.csm.org.pt\/aveiro\/wp-content\/uploads\/sites\/5\/2026\/02\/WhatsApp-Image-2026-02-11-at-16.32.34.jpeg 926w, https:\/\/comarcas.csm.org.pt\/aveiro\/wp-content\/uploads\/sites\/5\/2026\/02\/WhatsApp-Image-2026-02-11-at-16.32.34-300x206.jpeg 300w, https:\/\/comarcas.csm.org.pt\/aveiro\/wp-content\/uploads\/sites\/5\/2026\/02\/WhatsApp-Image-2026-02-11-at-16.32.34-768x527.jpeg 768w\" sizes=\"(max-width: 926px) 100vw, 926px\" \/>\t\t\t\t\t\t\t\t\t\t\t\t\t\t\t<\/div>\n\t\t\t\t<\/div>\n\t\t\t\t<\/div>\n\t\t<div class=\"elementor-element elementor-element-c6ef43b e-con-full e-flex e-con e-child\" data-id=\"c6ef43b\" data-element_type=\"container\">\n\t\t\t\t<div class=\"elementor-element elementor-element-c9b06fb elementor-widget elementor-widget-text-editor\" data-id=\"c9b06fb\" data-element_type=\"widget\" data-widget_type=\"text-editor.default\">\n\t\t\t\t<div class=\"elementor-widget-container\">\n\t\t\t\t\t\t\t\t\t<p>No passado dia 3 de fevereiro de 2026, na sequ\u00eancia de uma iniciativa de alunos do ensino secund\u00e1rio da Escola Jos\u00e9 Estev\u00e3o em Aveiro, realizou-se uma palestra naquela escola, na qual participaram o Coordenador do Minist\u00e9rio P\u00fablico da Comarca de Aveiro, Ad\u00e3o Carvalho e, em representa\u00e7\u00e3o do Juiz Presidente, a Juiz de Direito do Ju\u00edzo Local Criminal de Aveiro, Rita Albuquerque Queir\u00f3s.<\/p><p><br>Os magistrados tiveram a oportunidade de explicar aos jovens a org\u00e2nica do tribunal, dando a conhecer a sua estrutura e funcionamento. Foram tamb\u00e9m esclarecidos os diferentes pap\u00e9is dos operadores judici\u00e1rios, permitindo aos participantes compreender melhor como se desenvolve a atividade judicial e a import\u00e2ncia de cada interveniente no sistema de justi\u00e7a.<\/p>\n<p>Durante a Palestra, os jovens puderam ainda colocar quest\u00f5es aos magistrados, num momento de di\u00e1logo, tendo sido alertados para mat\u00e9rias de especial relevo para a sua faixa et\u00e1ria, nomeadamente: o tr\u00e1fico e consumo de estupefacientes, a viol\u00eancia no namoro, os perigos associados ao uso das redes sociais e a partilha de dados pessoais e de imagens.<\/p>\t\t\t\t\t\t\t\t<\/div>\n\t\t\t\t<\/div>\n\t\t\t\t<\/div>\n\t\t\t\t\t<\/div>\n\t\t\t\t<\/div>\n\t\t<div class=\"elementor-element elementor-element-4462dba e-grid e-con-boxed e-con e-parent\" data-id=\"4462dba\" data-element_type=\"container\">\n\t\t\t\t\t<div class=\"e-con-inner\">\n\t\t\t\t<div class=\"elementor-element elementor-element-0e6259f elementor-widget elementor-widget-image\" data-id=\"0e6259f\" data-element_type=\"widget\" data-widget_type=\"image.default\">\n\t\t\t\t<div class=\"elementor-widget-container\">\n\t\t\t\t\t\t\t\t\t\t\t\t\t\t\t<img decoding=\"async\" width=\"1024\" height=\"683\" src=\"https:\/\/comarcas.csm.org.pt\/aveiro\/wp-content\/uploads\/sites\/5\/2026\/02\/WhatsApp-Image-2026-02-11-at-16.30.27-1024x683.jpeg\" class=\"attachment-large size-large wp-image-13138\" alt=\"\" srcset=\"https:\/\/comarcas.csm.org.pt\/aveiro\/wp-content\/uploads\/sites\/5\/2026\/02\/WhatsApp-Image-2026-02-11-at-16.30.27-1024x683.jpeg 1024w, https:\/\/comarcas.csm.org.pt\/aveiro\/wp-content\/uploads\/sites\/5\/2026\/02\/WhatsApp-Image-2026-02-11-at-16.30.27-300x200.jpeg 300w, https:\/\/comarcas.csm.org.pt\/aveiro\/wp-content\/uploads\/sites\/5\/2026\/02\/WhatsApp-Image-2026-02-11-at-16.30.27-768x512.jpeg 768w, https:\/\/comarcas.csm.org.pt\/aveiro\/wp-content\/uploads\/sites\/5\/2026\/02\/WhatsApp-Image-2026-02-11-at-16.30.27.jpeg 1536w\" sizes=\"(max-width: 1024px) 100vw, 1024px\" \/>\t\t\t\t\t\t\t\t\t\t\t\t\t\t\t<\/div>\n\t\t\t\t<\/div>\n\t\t\t\t\t<\/div>\n\t\t\t\t<\/div>\n\t\t\t\t<\/div>\n\t\t","protected":false},"excerpt":{"rendered":"<p>No passado dia 3 de fevereiro de 2026, na sequ\u00eancia de uma iniciativa de alunos do ensino secund\u00e1rio da Escola Jos\u00e9 Estev\u00e3o em Aveiro, realizou-se uma palestra naquela escola, na qual participaram o Coordenador do&#8230;<\/p>\n","protected":false},"author":4,"featured_media":0,"comment_status":"closed","ping_status":"open","sticky":false,"template":"","format":"standard","meta":{"_tbt_post_transparent":"","_tbt_post_title":"","_tbt_post_layout":"","_tbt_post_sidebar_id":"","_tbt_post_content_style":"","_tbt_post_vertical_padding":"","_tbt_post_feature":"","_tbt_post_feature_position":"","_tbt_post_header":false,"_tbt_post_footer":false},"categories":[1],"tags":[],"class_list":["post-13134","post","type-post","status-publish","format-standard","hentry","category-geral"],"yoast_head":"<!-- This site is optimized with the Yoast SEO plugin v25.6 - https:\/\/yoast.com\/wordpress\/plugins\/seo\/ -->\n<title>Realiza\u00e7\u00e3o de Palestra - Justi\u00e7a em Portugal, ocorreu na Escola Jos\u00e9 Estev\u00e3o. - Tribunal Judicial da Comarca de Aveiro<\/title>\n<meta name=\"robots\" content=\"index, follow, max-snippet:-1, max-image-preview:large, max-video-preview:-1\" \/>\n<link rel=\"canonical\" href=\"https:\/\/comarcas.csm.org.pt\/aveiro\/blog\/2026\/02\/11\/realizacao-de-palestra-justica-em-portugal-ocorreu-na-escola-jose-estevao\/\" \/>\n<meta property=\"og:locale\" content=\"pt_PT\" \/>\n<meta property=\"og:type\" content=\"article\" \/>\n<meta property=\"og:title\" content=\"Realiza\u00e7\u00e3o de Palestra - Justi\u00e7a em Portugal, ocorreu na Escola Jos\u00e9 Estev\u00e3o. - Tribunal Judicial da Comarca de Aveiro\" \/>\n<meta property=\"og:description\" content=\"No passado dia 3 de fevereiro de 2026, na sequ\u00eancia de uma iniciativa de alunos do ensino secund\u00e1rio da Escola Jos\u00e9 Estev\u00e3o em Aveiro, realizou-se uma palestra naquela escola, na qual participaram o Coordenador do...\" \/>\n<meta property=\"og:url\" content=\"https:\/\/comarcas.csm.org.pt\/aveiro\/blog\/2026\/02\/11\/realizacao-de-palestra-justica-em-portugal-ocorreu-na-escola-jose-estevao\/\" \/>\n<meta property=\"og:site_name\" content=\"Tribunal Judicial da Comarca de Aveiro\" \/>\n<meta property=\"article:published_time\" content=\"2026-02-11T17:09:45+00:00\" \/>\n<meta property=\"article:modified_time\" content=\"2026-02-11T17:26:11+00:00\" \/>\n<meta property=\"og:image\" content=\"https:\/\/comarcas.csm.org.pt\/aveiro\/wp-content\/uploads\/sites\/5\/2026\/02\/WhatsApp-Image-2026-02-11-at-16.32.34.jpeg\" \/>\n<meta name=\"author\" content=\"Teresa Marques\" \/>\n<meta name=\"twitter:card\" content=\"summary_large_image\" \/>\n<meta name=\"twitter:label1\" content=\"Escrito por\" \/>\n\t<meta name=\"twitter:data1\" content=\"Teresa Marques\" \/>\n\t<meta name=\"twitter:label2\" content=\"Tempo estimado de leitura\" \/>\n\t<meta name=\"twitter:data2\" content=\"2 minutos\" \/>\n<script type=\"application\/ld+json\" class=\"yoast-schema-graph\">{\"@context\":\"https:\/\/schema.org\",\"@graph\":[{\"@type\":\"Article\",\"@id\":\"https:\/\/comarcas.csm.org.pt\/aveiro\/blog\/2026\/02\/11\/realizacao-de-palestra-justica-em-portugal-ocorreu-na-escola-jose-estevao\/#article\",\"isPartOf\":{\"@id\":\"https:\/\/comarcas.csm.org.pt\/aveiro\/blog\/2026\/02\/11\/realizacao-de-palestra-justica-em-portugal-ocorreu-na-escola-jose-estevao\/\"},\"author\":{\"name\":\"Teresa Marques\",\"@id\":\"https:\/\/comarcas.csm.org.pt\/aveiro\/#\/schema\/person\/f47b76aceed6d6c815c9c7977bb8a7a5\"},\"headline\":\"Realiza\u00e7\u00e3o de Palestra &#8211; Justi\u00e7a em Portugal, ocorreu na Escola Jos\u00e9 Estev\u00e3o.\",\"datePublished\":\"2026-02-11T17:09:45+00:00\",\"dateModified\":\"2026-02-11T17:26:11+00:00\",\"mainEntityOfPage\":{\"@id\":\"https:\/\/comarcas.csm.org.pt\/aveiro\/blog\/2026\/02\/11\/realizacao-de-palestra-justica-em-portugal-ocorreu-na-escola-jose-estevao\/\"},\"wordCount\":203,\"publisher\":{\"@id\":\"https:\/\/comarcas.csm.org.pt\/aveiro\/#organization\"},\"image\":{\"@id\":\"https:\/\/comarcas.csm.org.pt\/aveiro\/blog\/2026\/02\/11\/realizacao-de-palestra-justica-em-portugal-ocorreu-na-escola-jose-estevao\/#primaryimage\"},\"thumbnailUrl\":\"https:\/\/comarcas.csm.org.pt\/aveiro\/wp-content\/uploads\/sites\/5\/2026\/02\/WhatsApp-Image-2026-02-11-at-16.32.34.jpeg\",\"articleSection\":[\"Geral\"],\"inLanguage\":\"pt-PT\"},{\"@type\":\"WebPage\",\"@id\":\"https:\/\/comarcas.csm.org.pt\/aveiro\/blog\/2026\/02\/11\/realizacao-de-palestra-justica-em-portugal-ocorreu-na-escola-jose-estevao\/\",\"url\":\"https:\/\/comarcas.csm.org.pt\/aveiro\/blog\/2026\/02\/11\/realizacao-de-palestra-justica-em-portugal-ocorreu-na-escola-jose-estevao\/\",\"name\":\"Realiza\u00e7\u00e3o de Palestra - Justi\u00e7a em Portugal, ocorreu na Escola Jos\u00e9 Estev\u00e3o. - Tribunal Judicial da Comarca de Aveiro\",\"isPartOf\":{\"@id\":\"https:\/\/comarcas.csm.org.pt\/aveiro\/#website\"},\"primaryImageOfPage\":{\"@id\":\"https:\/\/comarcas.csm.org.pt\/aveiro\/blog\/2026\/02\/11\/realizacao-de-palestra-justica-em-portugal-ocorreu-na-escola-jose-estevao\/#primaryimage\"},\"image\":{\"@id\":\"https:\/\/comarcas.csm.org.pt\/aveiro\/blog\/2026\/02\/11\/realizacao-de-palestra-justica-em-portugal-ocorreu-na-escola-jose-estevao\/#primaryimage\"},\"thumbnailUrl\":\"https:\/\/comarcas.csm.org.pt\/aveiro\/wp-content\/uploads\/sites\/5\/2026\/02\/WhatsApp-Image-2026-02-11-at-16.32.34.jpeg\",\"datePublished\":\"2026-02-11T17:09:45+00:00\",\"dateModified\":\"2026-02-11T17:26:11+00:00\",\"breadcrumb\":{\"@id\":\"https:\/\/comarcas.csm.org.pt\/aveiro\/blog\/2026\/02\/11\/realizacao-de-palestra-justica-em-portugal-ocorreu-na-escola-jose-estevao\/#breadcrumb\"},\"inLanguage\":\"pt-PT\",\"potentialAction\":[{\"@type\":\"ReadAction\",\"target\":[\"https:\/\/comarcas.csm.org.pt\/aveiro\/blog\/2026\/02\/11\/realizacao-de-palestra-justica-em-portugal-ocorreu-na-escola-jose-estevao\/\"]}]},{\"@type\":\"ImageObject\",\"inLanguage\":\"pt-PT\",\"@id\":\"https:\/\/comarcas.csm.org.pt\/aveiro\/blog\/2026\/02\/11\/realizacao-de-palestra-justica-em-portugal-ocorreu-na-escola-jose-estevao\/#primaryimage\",\"url\":\"https:\/\/comarcas.csm.org.pt\/aveiro\/wp-content\/uploads\/sites\/5\/2026\/02\/WhatsApp-Image-2026-02-11-at-16.32.34.jpeg\",\"contentUrl\":\"https:\/\/comarcas.csm.org.pt\/aveiro\/wp-content\/uploads\/sites\/5\/2026\/02\/WhatsApp-Image-2026-02-11-at-16.32.34.jpeg\",\"width\":926,\"height\":635},{\"@type\":\"BreadcrumbList\",\"@id\":\"https:\/\/comarcas.csm.org.pt\/aveiro\/blog\/2026\/02\/11\/realizacao-de-palestra-justica-em-portugal-ocorreu-na-escola-jose-estevao\/#breadcrumb\",\"itemListElement\":[{\"@type\":\"ListItem\",\"position\":1,\"name\":\"In\u00edcio\",\"item\":\"https:\/\/comarcas.csm.org.pt\/aveiro\/\"},{\"@type\":\"ListItem\",\"position\":2,\"name\":\"Realiza\u00e7\u00e3o de Palestra &#8211; Justi\u00e7a em Portugal, ocorreu na Escola Jos\u00e9 Estev\u00e3o.\"}]},{\"@type\":\"WebSite\",\"@id\":\"https:\/\/comarcas.csm.org.pt\/aveiro\/#website\",\"url\":\"https:\/\/comarcas.csm.org.pt\/aveiro\/\",\"name\":\"Tribunal Judicial da Comarca de Aveiro\",\"description\":\"Tribunal Judicial da Comarca de Aveiro\",\"publisher\":{\"@id\":\"https:\/\/comarcas.csm.org.pt\/aveiro\/#organization\"},\"potentialAction\":[{\"@type\":\"SearchAction\",\"target\":{\"@type\":\"EntryPoint\",\"urlTemplate\":\"https:\/\/comarcas.csm.org.pt\/aveiro\/?s={search_term_string}\"},\"query-input\":{\"@type\":\"PropertyValueSpecification\",\"valueRequired\":true,\"valueName\":\"search_term_string\"}}],\"inLanguage\":\"pt-PT\"},{\"@type\":\"Organization\",\"@id\":\"https:\/\/comarcas.csm.org.pt\/aveiro\/#organization\",\"name\":\"Tribunal Judicial da Comarca de Aveiro\",\"url\":\"https:\/\/comarcas.csm.org.pt\/aveiro\/\",\"logo\":{\"@type\":\"ImageObject\",\"inLanguage\":\"pt-PT\",\"@id\":\"https:\/\/comarcas.csm.org.pt\/aveiro\/#\/schema\/logo\/image\/\",\"url\":\"https:\/\/comarcas.csm.org.pt\/aveiro\/wp-content\/uploads\/sites\/5\/2024\/09\/Aveiro_positivo-horizontal-1.png\",\"contentUrl\":\"https:\/\/comarcas.csm.org.pt\/aveiro\/wp-content\/uploads\/sites\/5\/2024\/09\/Aveiro_positivo-horizontal-1.png\",\"width\":5153,\"height\":890,\"caption\":\"Tribunal Judicial da Comarca de Aveiro\"},\"image\":{\"@id\":\"https:\/\/comarcas.csm.org.pt\/aveiro\/#\/schema\/logo\/image\/\"}},{\"@type\":\"Person\",\"@id\":\"https:\/\/comarcas.csm.org.pt\/aveiro\/#\/schema\/person\/f47b76aceed6d6c815c9c7977bb8a7a5\",\"name\":\"Teresa Marques\",\"image\":{\"@type\":\"ImageObject\",\"inLanguage\":\"pt-PT\",\"@id\":\"https:\/\/comarcas.csm.org.pt\/aveiro\/#\/schema\/person\/image\/\",\"url\":\"https:\/\/secure.gravatar.com\/avatar\/d30a09e3a926d9cc69b7afad7a0660d114597787266ebc6d1805f330dc2ba49a?s=96&d=mm&r=g\",\"contentUrl\":\"https:\/\/secure.gravatar.com\/avatar\/d30a09e3a926d9cc69b7afad7a0660d114597787266ebc6d1805f330dc2ba49a?s=96&d=mm&r=g\",\"caption\":\"Teresa Marques\"},\"url\":\"https:\/\/comarcas.csm.org.pt\/aveiro\/blog\/author\/teresamarques\/\"}]}<\/script>\n<!-- \/ Yoast SEO plugin. -->","yoast_head_json":{"title":"Realiza\u00e7\u00e3o de Palestra - Justi\u00e7a em Portugal, ocorreu na Escola Jos\u00e9 Estev\u00e3o. - Tribunal Judicial da Comarca de Aveiro","robots":{"index":"index","follow":"follow","max-snippet":"max-snippet:-1","max-image-preview":"max-image-preview:large","max-video-preview":"max-video-preview:-1"},"canonical":"https:\/\/comarcas.csm.org.pt\/aveiro\/blog\/2026\/02\/11\/realizacao-de-palestra-justica-em-portugal-ocorreu-na-escola-jose-estevao\/","og_locale":"pt_PT","og_type":"article","og_title":"Realiza\u00e7\u00e3o de Palestra - Justi\u00e7a em Portugal, ocorreu na Escola Jos\u00e9 Estev\u00e3o. - Tribunal Judicial da Comarca de Aveiro","og_description":"No passado dia 3 de fevereiro de 2026, na sequ\u00eancia de uma iniciativa de alunos do ensino secund\u00e1rio da Escola Jos\u00e9 Estev\u00e3o em Aveiro, realizou-se uma palestra naquela escola, na qual participaram o Coordenador do...","og_url":"https:\/\/comarcas.csm.org.pt\/aveiro\/blog\/2026\/02\/11\/realizacao-de-palestra-justica-em-portugal-ocorreu-na-escola-jose-estevao\/","og_site_name":"Tribunal Judicial da Comarca de Aveiro","article_published_time":"2026-02-11T17:09:45+00:00","article_modified_time":"2026-02-11T17:26:11+00:00","og_image":[{"url":"https:\/\/comarcas.csm.org.pt\/aveiro\/wp-content\/uploads\/sites\/5\/2026\/02\/WhatsApp-Image-2026-02-11-at-16.32.34.jpeg","type":"","width":"","height":""}],"author":"Teresa Marques","twitter_card":"summary_large_image","twitter_misc":{"Escrito por":"Teresa Marques","Tempo estimado de leitura":"2 minutos"},"schema":{"@context":"https:\/\/schema.org","@graph":[{"@type":"Article","@id":"https:\/\/comarcas.csm.org.pt\/aveiro\/blog\/2026\/02\/11\/realizacao-de-palestra-justica-em-portugal-ocorreu-na-escola-jose-estevao\/#article","isPartOf":{"@id":"https:\/\/comarcas.csm.org.pt\/aveiro\/blog\/2026\/02\/11\/realizacao-de-palestra-justica-em-portugal-ocorreu-na-escola-jose-estevao\/"},"author":{"name":"Teresa Marques","@id":"https:\/\/comarcas.csm.org.pt\/aveiro\/#\/schema\/person\/f47b76aceed6d6c815c9c7977bb8a7a5"},"headline":"Realiza\u00e7\u00e3o de Palestra &#8211; Justi\u00e7a em Portugal, ocorreu na Escola Jos\u00e9 Estev\u00e3o.","datePublished":"2026-02-11T17:09:45+00:00","dateModified":"2026-02-11T17:26:11+00:00","mainEntityOfPage":{"@id":"https:\/\/comarcas.csm.org.pt\/aveiro\/blog\/2026\/02\/11\/realizacao-de-palestra-justica-em-portugal-ocorreu-na-escola-jose-estevao\/"},"wordCount":203,"publisher":{"@id":"https:\/\/comarcas.csm.org.pt\/aveiro\/#organization"},"image":{"@id":"https:\/\/comarcas.csm.org.pt\/aveiro\/blog\/2026\/02\/11\/realizacao-de-palestra-justica-em-portugal-ocorreu-na-escola-jose-estevao\/#primaryimage"},"thumbnailUrl":"https:\/\/comarcas.csm.org.pt\/aveiro\/wp-content\/uploads\/sites\/5\/2026\/02\/WhatsApp-Image-2026-02-11-at-16.32.34.jpeg","articleSection":["Geral"],"inLanguage":"pt-PT"},{"@type":"WebPage","@id":"https:\/\/comarcas.csm.org.pt\/aveiro\/blog\/2026\/02\/11\/realizacao-de-palestra-justica-em-portugal-ocorreu-na-escola-jose-estevao\/","url":"https:\/\/comarcas.csm.org.pt\/aveiro\/blog\/2026\/02\/11\/realizacao-de-palestra-justica-em-portugal-ocorreu-na-escola-jose-estevao\/","name":"Realiza\u00e7\u00e3o de Palestra - Justi\u00e7a em Portugal, ocorreu na Escola Jos\u00e9 Estev\u00e3o. - Tribunal Judicial da Comarca de Aveiro","isPartOf":{"@id":"https:\/\/comarcas.csm.org.pt\/aveiro\/#website"},"primaryImageOfPage":{"@id":"https:\/\/comarcas.csm.org.pt\/aveiro\/blog\/2026\/02\/11\/realizacao-de-palestra-justica-em-portugal-ocorreu-na-escola-jose-estevao\/#primaryimage"},"image":{"@id":"https:\/\/comarcas.csm.org.pt\/aveiro\/blog\/2026\/02\/11\/realizacao-de-palestra-justica-em-portugal-ocorreu-na-escola-jose-estevao\/#primaryimage"},"thumbnailUrl":"https:\/\/comarcas.csm.org.pt\/aveiro\/wp-content\/uploads\/sites\/5\/2026\/02\/WhatsApp-Image-2026-02-11-at-16.32.34.jpeg","datePublished":"2026-02-11T17:09:45+00:00","dateModified":"2026-02-11T17:26:11+00:00","breadcrumb":{"@id":"https:\/\/comarcas.csm.org.pt\/aveiro\/blog\/2026\/02\/11\/realizacao-de-palestra-justica-em-portugal-ocorreu-na-escola-jose-estevao\/#breadcrumb"},"inLanguage":"pt-PT","potentialAction":[{"@type":"ReadAction","target":["https:\/\/comarcas.csm.org.pt\/aveiro\/blog\/2026\/02\/11\/realizacao-de-palestra-justica-em-portugal-ocorreu-na-escola-jose-estevao\/"]}]},{"@type":"ImageObject","inLanguage":"pt-PT","@id":"https:\/\/comarcas.csm.org.pt\/aveiro\/blog\/2026\/02\/11\/realizacao-de-palestra-justica-em-portugal-ocorreu-na-escola-jose-estevao\/#primaryimage","url":"https:\/\/comarcas.csm.org.pt\/aveiro\/wp-content\/uploads\/sites\/5\/2026\/02\/WhatsApp-Image-2026-02-11-at-16.32.34.jpeg","contentUrl":"https:\/\/comarcas.csm.org.pt\/aveiro\/wp-content\/uploads\/sites\/5\/2026\/02\/WhatsApp-Image-2026-02-11-at-16.32.34.jpeg","width":926,"height":635},{"@type":"BreadcrumbList","@id":"https:\/\/comarcas.csm.org.pt\/aveiro\/blog\/2026\/02\/11\/realizacao-de-palestra-justica-em-portugal-ocorreu-na-escola-jose-estevao\/#breadcrumb","itemListElement":[{"@type":"ListItem","position":1,"name":"In\u00edcio","item":"https:\/\/comarcas.csm.org.pt\/aveiro\/"},{"@type":"ListItem","position":2,"name":"Realiza\u00e7\u00e3o de Palestra &#8211; Justi\u00e7a em Portugal, ocorreu na Escola Jos\u00e9 Estev\u00e3o."}]},{"@type":"WebSite","@id":"https:\/\/comarcas.csm.org.pt\/aveiro\/#website","url":"https:\/\/comarcas.csm.org.pt\/aveiro\/","name":"Tribunal Judicial da Comarca de Aveiro","description":"Tribunal Judicial da Comarca de Aveiro","publisher":{"@id":"https:\/\/comarcas.csm.org.pt\/aveiro\/#organization"},"potentialAction":[{"@type":"SearchAction","target":{"@type":"EntryPoint","urlTemplate":"https:\/\/comarcas.csm.org.pt\/aveiro\/?s={search_term_string}"},"query-input":{"@type":"PropertyValueSpecification","valueRequired":true,"valueName":"search_term_string"}}],"inLanguage":"pt-PT"},{"@type":"Organization","@id":"https:\/\/comarcas.csm.org.pt\/aveiro\/#organization","name":"Tribunal Judicial da Comarca de Aveiro","url":"https:\/\/comarcas.csm.org.pt\/aveiro\/","logo":{"@type":"ImageObject","inLanguage":"pt-PT","@id":"https:\/\/comarcas.csm.org.pt\/aveiro\/#\/schema\/logo\/image\/","url":"https:\/\/comarcas.csm.org.pt\/aveiro\/wp-content\/uploads\/sites\/5\/2024\/09\/Aveiro_positivo-horizontal-1.png","contentUrl":"https:\/\/comarcas.csm.org.pt\/aveiro\/wp-content\/uploads\/sites\/5\/2024\/09\/Aveiro_positivo-horizontal-1.png","width":5153,"height":890,"caption":"Tribunal Judicial da Comarca de Aveiro"},"image":{"@id":"https:\/\/comarcas.csm.org.pt\/aveiro\/#\/schema\/logo\/image\/"}},{"@type":"Person","@id":"https:\/\/comarcas.csm.org.pt\/aveiro\/#\/schema\/person\/f47b76aceed6d6c815c9c7977bb8a7a5","name":"Teresa Marques","image":{"@type":"ImageObject","inLanguage":"pt-PT","@id":"https:\/\/comarcas.csm.org.pt\/aveiro\/#\/schema\/person\/image\/","url":"https:\/\/secure.gravatar.com\/avatar\/d30a09e3a926d9cc69b7afad7a0660d114597787266ebc6d1805f330dc2ba49a?s=96&d=mm&r=g","contentUrl":"https:\/\/secure.gravatar.com\/avatar\/d30a09e3a926d9cc69b7afad7a0660d114597787266ebc6d1805f330dc2ba49a?s=96&d=mm&r=g","caption":"Teresa Marques"},"url":"https:\/\/comarcas.csm.org.pt\/aveiro\/blog\/author\/teresamarques\/"}]}},"_links":{"self":[{"href":"https:\/\/comarcas.csm.org.pt\/aveiro\/wp-json\/wp\/v2\/posts\/13134","targetHints":{"allow":["GET"]}}],"collection":[{"href":"https:\/\/comarcas.csm.org.pt\/aveiro\/wp-json\/wp\/v2\/posts"}],"about":[{"href":"https:\/\/comarcas.csm.org.pt\/aveiro\/wp-json\/wp\/v2\/types\/post"}],"author":[{"embeddable":true,"href":"https:\/\/comarcas.csm.org.pt\/aveiro\/wp-json\/wp\/v2\/users\/4"}],"replies":[{"embeddable":true,"href":"https:\/\/comarcas.csm.org.pt\/aveiro\/wp-json\/wp\/v2\/comments?post=13134"}],"version-history":[{"count":5,"href":"https:\/\/comarcas.csm.org.pt\/aveiro\/wp-json\/wp\/v2\/posts\/13134\/revisions"}],"predecessor-version":[{"id":13142,"href":"https:\/\/comarcas.csm.org.pt\/aveiro\/wp-json\/wp\/v2\/posts\/13134\/revisions\/13142"}],"wp:attachment":[{"href":"https:\/\/comarcas.csm.org.pt\/aveiro\/wp-json\/wp\/v2\/media?parent=13134"}],"wp:term":[{"taxonomy":"category","embeddable":true,"href":"https:\/\/comarcas.csm.org.pt\/aveiro\/wp-json\/wp\/v2\/categories?post=13134"},{"taxonomy":"post_tag","embeddable":true,"href":"https:\/\/comarcas.csm.org.pt\/aveiro\/wp-json\/wp\/v2\/tags?post=13134"}],"curies":[{"name":"wp","href":"https:\/\/api.w.org\/{rel}","templated":true}]}}