{"id":13144,"date":"2026-02-27T16:25:05","date_gmt":"2026-02-27T16:25:05","guid":{"rendered":"https:\/\/comarcas.csm.org.pt\/aveiro\/?p=13144"},"modified":"2026-02-27T17:10:01","modified_gmt":"2026-02-27T17:10:01","slug":"celebracao-dos-61-anos-do-palacio-da-justica-de-oliveira-de-azemeis","status":"publish","type":"post","link":"https:\/\/comarcas.csm.org.pt\/aveiro\/blog\/2026\/02\/27\/celebracao-dos-61-anos-do-palacio-da-justica-de-oliveira-de-azemeis\/","title":{"rendered":"Celebra\u00e7\u00e3o dos 61 anos do Pal\u00e1cio da Justi\u00e7a de Oliveira de Azem\u00e9is."},"content":{"rendered":"\t\t<div data-elementor-type=\"wp-post\" data-elementor-id=\"13144\" class=\"elementor elementor-13144\" data-elementor-post-type=\"post\">\n\t\t\t\t<div class=\"elementor-element elementor-element-2a4c21e e-flex e-con-boxed e-con e-parent\" data-id=\"2a4c21e\" data-element_type=\"container\">\n\t\t\t\t\t<div class=\"e-con-inner\">\n\t\t<div class=\"elementor-element elementor-element-c6ef43b e-con-full e-flex e-con e-child\" data-id=\"c6ef43b\" data-element_type=\"container\">\n\t\t\t\t<div class=\"elementor-element elementor-element-c9b06fb elementor-widget elementor-widget-text-editor\" data-id=\"c9b06fb\" data-element_type=\"widget\" data-widget_type=\"text-editor.default\">\n\t\t\t\t<div class=\"elementor-widget-container\">\n\t\t\t\t\t\t\t\t\t<p data-start=\"194\" data-end=\"626\">O Pal\u00e1cio da Justi\u00e7a de Oliveira de Azem\u00e9is assinalou, no passado dia 20 de fevereiro, o 61.\u00ba anivers\u00e1rio da sua inaugura\u00e7\u00e3o, com uma cerim\u00f3nia que contou com a presen\u00e7a do Juiz Presidente da Comarca, Desembargador Jorge Bispo e do Vice-Presidente do Conselho Superior da Magistratura, Juiz Conselheiro Lu\u00eds Azevedo Mendes, entre outras individualidades.<\/p><p data-start=\"194\" data-end=\"626\">O programa incluiu uma visita \u00e0s instala\u00e7\u00f5es, a reposi\u00e7\u00e3o da placa comemorativa de 1965 e uma sess\u00e3o solene evocativa da hist\u00f3ria e do papel institucional do edif\u00edcio.<\/p><p data-start=\"628\" data-end=\"840\">Durante a cerim\u00f3nia foi ainda prestada homenagem a Antunes Varela, grande impulsionador do atual C\u00f3digo Civil e do programa de moderniza\u00e7\u00e3o dos Tribunais que contou com a presen\u00e7a do seu filho.<\/p><p data-start=\"842\" data-end=\"1266\">Na sess\u00e3o, foi destacada a relev\u00e2ncia hist\u00f3rica e arquitet\u00f3nica do Pal\u00e1cio da Justi\u00e7a, inaugurado em 1965 e projetado pelo arquiteto Carlos Ramos, bem como o papel que o edif\u00edcio tem desempenhado ao longo de d\u00e9cadas ao servi\u00e7o da justi\u00e7a. Foi igualmente sublinhada a necessidade de uma interven\u00e7\u00e3o de requalifica\u00e7\u00e3o do im\u00f3vel, considerada essencial para garantir condi\u00e7\u00f5es adequadas de trabalho e de atendimento aos cidad\u00e3os.<\/p><p data-start=\"842\" data-end=\"1266\">A not\u00edcia foi destaque na Imprensa e redes sociais e pode ser consultada infra:<\/p><p data-start=\"842\" data-end=\"1266\"><span style=\"text-decoration: underline; color: #0000ff;\"><strong><a style=\"color: #0000ff; text-decoration: underline;\" href=\"https:\/\/csm.org.pt\/palacio-da-justica-de-oliveira-de-azemeis-assinala-61-anos-com-apelo-a-requalificacao-do-edificio\/\">61 anos do Pal\u00e1cio da Justi\u00e7a de Oliveira de Azem\u00e9is<\/a> <\/strong><\/span>&#8211; Conselho Superior da Magistratura<\/p><p data-start=\"842\" data-end=\"1266\"><span style=\"text-decoration: underline; color: #0000ff;\"><strong><a style=\"color: #0000ff; text-decoration: underline;\" href=\"https:\/\/correiodeazemeis.sapo.pt\/noticias\/palacio-da-justica-de-oliveira-de-azemeis-celebra-61-anos-com-apelo-a-requalificacao-e-homenagem-historica\">Pal\u00e1cio da Justi\u00e7a de Oliveira de Azem\u00e9is celebra 61 anos com apelo \u00e0 requalifica\u00e7\u00e3o e homenagem hist\u00f3rica<\/a><\/strong><\/span> &#8211; Correio de Azem\u00e9is<\/p><p data-start=\"842\" data-end=\"1266\"><a href=\"https:\/\/sapo.pt\/artigo\/a-dignidade-do-edificado-como-pilar-da-justica-e-da-democracia-699edad7969a2ad5470de231\"><span style=\"text-decoration: underline; color: #0000ff;\"><strong>A dignidade do edificado como pilar da justi\u00e7a e da democracia<\/strong><\/span><\/a> &#8211; Not\u00edcias Sapo<\/p><p data-start=\"842\" data-end=\"1266\">\u00a0<\/p>\t\t\t\t\t\t\t\t<\/div>\n\t\t\t\t<\/div>\n\t\t\t\t<\/div>\n\t\t\t\t\t<\/div>\n\t\t\t\t<\/div>\n\t\t\t\t<\/div>\n\t\t","protected":false},"excerpt":{"rendered":"<p>O Pal\u00e1cio da Justi\u00e7a de Oliveira de Azem\u00e9is assinalou, no passado dia 20 de fevereiro, o 61.\u00ba anivers\u00e1rio da sua inaugura\u00e7\u00e3o, com uma cerim\u00f3nia que contou com a presen\u00e7a do Juiz Presidente da Comarca, Desembargador&#8230;<\/p>\n","protected":false},"author":4,"featured_media":0,"comment_status":"closed","ping_status":"open","sticky":false,"template":"","format":"standard","meta":{"_tbt_post_transparent":"","_tbt_post_title":"","_tbt_post_layout":"","_tbt_post_sidebar_id":"","_tbt_post_content_style":"","_tbt_post_vertical_padding":"","_tbt_post_feature":"","_tbt_post_feature_position":"","_tbt_post_header":false,"_tbt_post_footer":false},"categories":[1],"tags":[],"class_list":["post-13144","post","type-post","status-publish","format-standard","hentry","category-geral"],"yoast_head":"<!-- This site is optimized with the Yoast SEO plugin v25.6 - https:\/\/yoast.com\/wordpress\/plugins\/seo\/ -->\n<title>Celebra\u00e7\u00e3o dos 61 anos do Pal\u00e1cio da Justi\u00e7a de Oliveira de Azem\u00e9is. - Tribunal Judicial da Comarca de Aveiro<\/title>\n<meta name=\"robots\" content=\"index, follow, max-snippet:-1, max-image-preview:large, max-video-preview:-1\" \/>\n<link rel=\"canonical\" href=\"https:\/\/comarcas.csm.org.pt\/aveiro\/blog\/2026\/02\/27\/celebracao-dos-61-anos-do-palacio-da-justica-de-oliveira-de-azemeis\/\" \/>\n<meta property=\"og:locale\" content=\"pt_PT\" \/>\n<meta property=\"og:type\" content=\"article\" \/>\n<meta property=\"og:title\" content=\"Celebra\u00e7\u00e3o dos 61 anos do Pal\u00e1cio da Justi\u00e7a de Oliveira de Azem\u00e9is. - Tribunal Judicial da Comarca de Aveiro\" \/>\n<meta property=\"og:description\" content=\"O Pal\u00e1cio da Justi\u00e7a de Oliveira de Azem\u00e9is assinalou, no passado dia 20 de fevereiro, o 61.\u00ba anivers\u00e1rio da sua inaugura\u00e7\u00e3o, com uma cerim\u00f3nia que contou com a presen\u00e7a do Juiz Presidente da Comarca, Desembargador...\" \/>\n<meta property=\"og:url\" content=\"https:\/\/comarcas.csm.org.pt\/aveiro\/blog\/2026\/02\/27\/celebracao-dos-61-anos-do-palacio-da-justica-de-oliveira-de-azemeis\/\" \/>\n<meta property=\"og:site_name\" content=\"Tribunal Judicial da Comarca de Aveiro\" \/>\n<meta property=\"article:published_time\" content=\"2026-02-27T16:25:05+00:00\" \/>\n<meta property=\"article:modified_time\" content=\"2026-02-27T17:10:01+00:00\" \/>\n<meta name=\"author\" content=\"Teresa Marques\" \/>\n<meta name=\"twitter:card\" content=\"summary_large_image\" \/>\n<meta name=\"twitter:label1\" content=\"Escrito por\" \/>\n\t<meta name=\"twitter:data1\" content=\"Teresa Marques\" \/>\n\t<meta name=\"twitter:label2\" content=\"Tempo estimado de leitura\" \/>\n\t<meta name=\"twitter:data2\" content=\"2 minutos\" \/>\n<script type=\"application\/ld+json\" class=\"yoast-schema-graph\">{\"@context\":\"https:\/\/schema.org\",\"@graph\":[{\"@type\":\"Article\",\"@id\":\"https:\/\/comarcas.csm.org.pt\/aveiro\/blog\/2026\/02\/27\/celebracao-dos-61-anos-do-palacio-da-justica-de-oliveira-de-azemeis\/#article\",\"isPartOf\":{\"@id\":\"https:\/\/comarcas.csm.org.pt\/aveiro\/blog\/2026\/02\/27\/celebracao-dos-61-anos-do-palacio-da-justica-de-oliveira-de-azemeis\/\"},\"author\":{\"name\":\"Teresa Marques\",\"@id\":\"https:\/\/comarcas.csm.org.pt\/aveiro\/#\/schema\/person\/f47b76aceed6d6c815c9c7977bb8a7a5\"},\"headline\":\"Celebra\u00e7\u00e3o dos 61 anos do Pal\u00e1cio da Justi\u00e7a de Oliveira de Azem\u00e9is.\",\"datePublished\":\"2026-02-27T16:25:05+00:00\",\"dateModified\":\"2026-02-27T17:10:01+00:00\",\"mainEntityOfPage\":{\"@id\":\"https:\/\/comarcas.csm.org.pt\/aveiro\/blog\/2026\/02\/27\/celebracao-dos-61-anos-do-palacio-da-justica-de-oliveira-de-azemeis\/\"},\"wordCount\":291,\"publisher\":{\"@id\":\"https:\/\/comarcas.csm.org.pt\/aveiro\/#organization\"},\"articleSection\":[\"Geral\"],\"inLanguage\":\"pt-PT\"},{\"@type\":\"WebPage\",\"@id\":\"https:\/\/comarcas.csm.org.pt\/aveiro\/blog\/2026\/02\/27\/celebracao-dos-61-anos-do-palacio-da-justica-de-oliveira-de-azemeis\/\",\"url\":\"https:\/\/comarcas.csm.org.pt\/aveiro\/blog\/2026\/02\/27\/celebracao-dos-61-anos-do-palacio-da-justica-de-oliveira-de-azemeis\/\",\"name\":\"Celebra\u00e7\u00e3o dos 61 anos do Pal\u00e1cio da Justi\u00e7a de Oliveira de Azem\u00e9is. - Tribunal Judicial da Comarca de Aveiro\",\"isPartOf\":{\"@id\":\"https:\/\/comarcas.csm.org.pt\/aveiro\/#website\"},\"datePublished\":\"2026-02-27T16:25:05+00:00\",\"dateModified\":\"2026-02-27T17:10:01+00:00\",\"breadcrumb\":{\"@id\":\"https:\/\/comarcas.csm.org.pt\/aveiro\/blog\/2026\/02\/27\/celebracao-dos-61-anos-do-palacio-da-justica-de-oliveira-de-azemeis\/#breadcrumb\"},\"inLanguage\":\"pt-PT\",\"potentialAction\":[{\"@type\":\"ReadAction\",\"target\":[\"https:\/\/comarcas.csm.org.pt\/aveiro\/blog\/2026\/02\/27\/celebracao-dos-61-anos-do-palacio-da-justica-de-oliveira-de-azemeis\/\"]}]},{\"@type\":\"BreadcrumbList\",\"@id\":\"https:\/\/comarcas.csm.org.pt\/aveiro\/blog\/2026\/02\/27\/celebracao-dos-61-anos-do-palacio-da-justica-de-oliveira-de-azemeis\/#breadcrumb\",\"itemListElement\":[{\"@type\":\"ListItem\",\"position\":1,\"name\":\"In\u00edcio\",\"item\":\"https:\/\/comarcas.csm.org.pt\/aveiro\/\"},{\"@type\":\"ListItem\",\"position\":2,\"name\":\"Celebra\u00e7\u00e3o dos 61 anos do Pal\u00e1cio da Justi\u00e7a de Oliveira de Azem\u00e9is.\"}]},{\"@type\":\"WebSite\",\"@id\":\"https:\/\/comarcas.csm.org.pt\/aveiro\/#website\",\"url\":\"https:\/\/comarcas.csm.org.pt\/aveiro\/\",\"name\":\"Tribunal Judicial da Comarca de Aveiro\",\"description\":\"Tribunal Judicial da Comarca de Aveiro\",\"publisher\":{\"@id\":\"https:\/\/comarcas.csm.org.pt\/aveiro\/#organization\"},\"potentialAction\":[{\"@type\":\"SearchAction\",\"target\":{\"@type\":\"EntryPoint\",\"urlTemplate\":\"https:\/\/comarcas.csm.org.pt\/aveiro\/?s={search_term_string}\"},\"query-input\":{\"@type\":\"PropertyValueSpecification\",\"valueRequired\":true,\"valueName\":\"search_term_string\"}}],\"inLanguage\":\"pt-PT\"},{\"@type\":\"Organization\",\"@id\":\"https:\/\/comarcas.csm.org.pt\/aveiro\/#organization\",\"name\":\"Tribunal Judicial da Comarca de Aveiro\",\"url\":\"https:\/\/comarcas.csm.org.pt\/aveiro\/\",\"logo\":{\"@type\":\"ImageObject\",\"inLanguage\":\"pt-PT\",\"@id\":\"https:\/\/comarcas.csm.org.pt\/aveiro\/#\/schema\/logo\/image\/\",\"url\":\"https:\/\/comarcas.csm.org.pt\/aveiro\/wp-content\/uploads\/sites\/5\/2024\/09\/Aveiro_positivo-horizontal-1.png\",\"contentUrl\":\"https:\/\/comarcas.csm.org.pt\/aveiro\/wp-content\/uploads\/sites\/5\/2024\/09\/Aveiro_positivo-horizontal-1.png\",\"width\":5153,\"height\":890,\"caption\":\"Tribunal Judicial da Comarca de Aveiro\"},\"image\":{\"@id\":\"https:\/\/comarcas.csm.org.pt\/aveiro\/#\/schema\/logo\/image\/\"}},{\"@type\":\"Person\",\"@id\":\"https:\/\/comarcas.csm.org.pt\/aveiro\/#\/schema\/person\/f47b76aceed6d6c815c9c7977bb8a7a5\",\"name\":\"Teresa Marques\",\"image\":{\"@type\":\"ImageObject\",\"inLanguage\":\"pt-PT\",\"@id\":\"https:\/\/comarcas.csm.org.pt\/aveiro\/#\/schema\/person\/image\/\",\"url\":\"https:\/\/secure.gravatar.com\/avatar\/d30a09e3a926d9cc69b7afad7a0660d114597787266ebc6d1805f330dc2ba49a?s=96&d=mm&r=g\",\"contentUrl\":\"https:\/\/secure.gravatar.com\/avatar\/d30a09e3a926d9cc69b7afad7a0660d114597787266ebc6d1805f330dc2ba49a?s=96&d=mm&r=g\",\"caption\":\"Teresa Marques\"},\"url\":\"https:\/\/comarcas.csm.org.pt\/aveiro\/blog\/author\/teresamarques\/\"}]}<\/script>\n<!-- \/ Yoast SEO plugin. -->","yoast_head_json":{"title":"Celebra\u00e7\u00e3o dos 61 anos do Pal\u00e1cio da Justi\u00e7a de Oliveira de Azem\u00e9is. - Tribunal Judicial da Comarca de Aveiro","robots":{"index":"index","follow":"follow","max-snippet":"max-snippet:-1","max-image-preview":"max-image-preview:large","max-video-preview":"max-video-preview:-1"},"canonical":"https:\/\/comarcas.csm.org.pt\/aveiro\/blog\/2026\/02\/27\/celebracao-dos-61-anos-do-palacio-da-justica-de-oliveira-de-azemeis\/","og_locale":"pt_PT","og_type":"article","og_title":"Celebra\u00e7\u00e3o dos 61 anos do Pal\u00e1cio da Justi\u00e7a de Oliveira de Azem\u00e9is. - Tribunal Judicial da Comarca de Aveiro","og_description":"O Pal\u00e1cio da Justi\u00e7a de Oliveira de Azem\u00e9is assinalou, no passado dia 20 de fevereiro, o 61.\u00ba anivers\u00e1rio da sua inaugura\u00e7\u00e3o, com uma cerim\u00f3nia que contou com a presen\u00e7a do Juiz Presidente da Comarca, Desembargador...","og_url":"https:\/\/comarcas.csm.org.pt\/aveiro\/blog\/2026\/02\/27\/celebracao-dos-61-anos-do-palacio-da-justica-de-oliveira-de-azemeis\/","og_site_name":"Tribunal Judicial da Comarca de Aveiro","article_published_time":"2026-02-27T16:25:05+00:00","article_modified_time":"2026-02-27T17:10:01+00:00","author":"Teresa Marques","twitter_card":"summary_large_image","twitter_misc":{"Escrito por":"Teresa Marques","Tempo estimado de leitura":"2 minutos"},"schema":{"@context":"https:\/\/schema.org","@graph":[{"@type":"Article","@id":"https:\/\/comarcas.csm.org.pt\/aveiro\/blog\/2026\/02\/27\/celebracao-dos-61-anos-do-palacio-da-justica-de-oliveira-de-azemeis\/#article","isPartOf":{"@id":"https:\/\/comarcas.csm.org.pt\/aveiro\/blog\/2026\/02\/27\/celebracao-dos-61-anos-do-palacio-da-justica-de-oliveira-de-azemeis\/"},"author":{"name":"Teresa Marques","@id":"https:\/\/comarcas.csm.org.pt\/aveiro\/#\/schema\/person\/f47b76aceed6d6c815c9c7977bb8a7a5"},"headline":"Celebra\u00e7\u00e3o dos 61 anos do Pal\u00e1cio da Justi\u00e7a de Oliveira de Azem\u00e9is.","datePublished":"2026-02-27T16:25:05+00:00","dateModified":"2026-02-27T17:10:01+00:00","mainEntityOfPage":{"@id":"https:\/\/comarcas.csm.org.pt\/aveiro\/blog\/2026\/02\/27\/celebracao-dos-61-anos-do-palacio-da-justica-de-oliveira-de-azemeis\/"},"wordCount":291,"publisher":{"@id":"https:\/\/comarcas.csm.org.pt\/aveiro\/#organization"},"articleSection":["Geral"],"inLanguage":"pt-PT"},{"@type":"WebPage","@id":"https:\/\/comarcas.csm.org.pt\/aveiro\/blog\/2026\/02\/27\/celebracao-dos-61-anos-do-palacio-da-justica-de-oliveira-de-azemeis\/","url":"https:\/\/comarcas.csm.org.pt\/aveiro\/blog\/2026\/02\/27\/celebracao-dos-61-anos-do-palacio-da-justica-de-oliveira-de-azemeis\/","name":"Celebra\u00e7\u00e3o dos 61 anos do Pal\u00e1cio da Justi\u00e7a de Oliveira de Azem\u00e9is. - Tribunal Judicial da Comarca de Aveiro","isPartOf":{"@id":"https:\/\/comarcas.csm.org.pt\/aveiro\/#website"},"datePublished":"2026-02-27T16:25:05+00:00","dateModified":"2026-02-27T17:10:01+00:00","breadcrumb":{"@id":"https:\/\/comarcas.csm.org.pt\/aveiro\/blog\/2026\/02\/27\/celebracao-dos-61-anos-do-palacio-da-justica-de-oliveira-de-azemeis\/#breadcrumb"},"inLanguage":"pt-PT","potentialAction":[{"@type":"ReadAction","target":["https:\/\/comarcas.csm.org.pt\/aveiro\/blog\/2026\/02\/27\/celebracao-dos-61-anos-do-palacio-da-justica-de-oliveira-de-azemeis\/"]}]},{"@type":"BreadcrumbList","@id":"https:\/\/comarcas.csm.org.pt\/aveiro\/blog\/2026\/02\/27\/celebracao-dos-61-anos-do-palacio-da-justica-de-oliveira-de-azemeis\/#breadcrumb","itemListElement":[{"@type":"ListItem","position":1,"name":"In\u00edcio","item":"https:\/\/comarcas.csm.org.pt\/aveiro\/"},{"@type":"ListItem","position":2,"name":"Celebra\u00e7\u00e3o dos 61 anos do Pal\u00e1cio da Justi\u00e7a de Oliveira de Azem\u00e9is."}]},{"@type":"WebSite","@id":"https:\/\/comarcas.csm.org.pt\/aveiro\/#website","url":"https:\/\/comarcas.csm.org.pt\/aveiro\/","name":"Tribunal Judicial da Comarca de Aveiro","description":"Tribunal Judicial da Comarca de Aveiro","publisher":{"@id":"https:\/\/comarcas.csm.org.pt\/aveiro\/#organization"},"potentialAction":[{"@type":"SearchAction","target":{"@type":"EntryPoint","urlTemplate":"https:\/\/comarcas.csm.org.pt\/aveiro\/?s={search_term_string}"},"query-input":{"@type":"PropertyValueSpecification","valueRequired":true,"valueName":"search_term_string"}}],"inLanguage":"pt-PT"},{"@type":"Organization","@id":"https:\/\/comarcas.csm.org.pt\/aveiro\/#organization","name":"Tribunal Judicial da Comarca de Aveiro","url":"https:\/\/comarcas.csm.org.pt\/aveiro\/","logo":{"@type":"ImageObject","inLanguage":"pt-PT","@id":"https:\/\/comarcas.csm.org.pt\/aveiro\/#\/schema\/logo\/image\/","url":"https:\/\/comarcas.csm.org.pt\/aveiro\/wp-content\/uploads\/sites\/5\/2024\/09\/Aveiro_positivo-horizontal-1.png","contentUrl":"https:\/\/comarcas.csm.org.pt\/aveiro\/wp-content\/uploads\/sites\/5\/2024\/09\/Aveiro_positivo-horizontal-1.png","width":5153,"height":890,"caption":"Tribunal Judicial da Comarca de Aveiro"},"image":{"@id":"https:\/\/comarcas.csm.org.pt\/aveiro\/#\/schema\/logo\/image\/"}},{"@type":"Person","@id":"https:\/\/comarcas.csm.org.pt\/aveiro\/#\/schema\/person\/f47b76aceed6d6c815c9c7977bb8a7a5","name":"Teresa Marques","image":{"@type":"ImageObject","inLanguage":"pt-PT","@id":"https:\/\/comarcas.csm.org.pt\/aveiro\/#\/schema\/person\/image\/","url":"https:\/\/secure.gravatar.com\/avatar\/d30a09e3a926d9cc69b7afad7a0660d114597787266ebc6d1805f330dc2ba49a?s=96&d=mm&r=g","contentUrl":"https:\/\/secure.gravatar.com\/avatar\/d30a09e3a926d9cc69b7afad7a0660d114597787266ebc6d1805f330dc2ba49a?s=96&d=mm&r=g","caption":"Teresa Marques"},"url":"https:\/\/comarcas.csm.org.pt\/aveiro\/blog\/author\/teresamarques\/"}]}},"_links":{"self":[{"href":"https:\/\/comarcas.csm.org.pt\/aveiro\/wp-json\/wp\/v2\/posts\/13144","targetHints":{"allow":["GET"]}}],"collection":[{"href":"https:\/\/comarcas.csm.org.pt\/aveiro\/wp-json\/wp\/v2\/posts"}],"about":[{"href":"https:\/\/comarcas.csm.org.pt\/aveiro\/wp-json\/wp\/v2\/types\/post"}],"author":[{"embeddable":true,"href":"https:\/\/comarcas.csm.org.pt\/aveiro\/wp-json\/wp\/v2\/users\/4"}],"replies":[{"embeddable":true,"href":"https:\/\/comarcas.csm.org.pt\/aveiro\/wp-json\/wp\/v2\/comments?post=13144"}],"version-history":[{"count":16,"href":"https:\/\/comarcas.csm.org.pt\/aveiro\/wp-json\/wp\/v2\/posts\/13144\/revisions"}],"predecessor-version":[{"id":13166,"href":"https:\/\/comarcas.csm.org.pt\/aveiro\/wp-json\/wp\/v2\/posts\/13144\/revisions\/13166"}],"wp:attachment":[{"href":"https:\/\/comarcas.csm.org.pt\/aveiro\/wp-json\/wp\/v2\/media?parent=13144"}],"wp:term":[{"taxonomy":"category","embeddable":true,"href":"https:\/\/comarcas.csm.org.pt\/aveiro\/wp-json\/wp\/v2\/categories?post=13144"},{"taxonomy":"post_tag","embeddable":true,"href":"https:\/\/comarcas.csm.org.pt\/aveiro\/wp-json\/wp\/v2\/tags?post=13144"}],"curies":[{"name":"wp","href":"https:\/\/api.w.org\/{rel}","templated":true}]}}