{"id":13172,"date":"2026-03-09T13:10:55","date_gmt":"2026-03-09T13:10:55","guid":{"rendered":"https:\/\/comarcas.csm.org.pt\/aveiro\/?p=13172"},"modified":"2026-03-09T13:43:59","modified_gmt":"2026-03-09T13:43:59","slug":"consulte-nesta-o-relatorio-anual-do-ano-2025-da-comarca-de-aveiro","status":"publish","type":"post","link":"https:\/\/comarcas.csm.org.pt\/aveiro\/blog\/2026\/03\/09\/consulte-nesta-o-relatorio-anual-do-ano-2025-da-comarca-de-aveiro\/","title":{"rendered":"Consulte nesta \u00e1rea o Relat\u00f3rio Anual do ano 2025, da Comarca de Aveiro"},"content":{"rendered":"\t\t<div data-elementor-type=\"wp-post\" data-elementor-id=\"13172\" class=\"elementor elementor-13172\" data-elementor-post-type=\"post\">\n\t\t\t\t<div class=\"elementor-element elementor-element-70f11d9 e-flex e-con-boxed e-con e-parent\" data-id=\"70f11d9\" data-element_type=\"container\">\n\t\t\t\t\t<div class=\"e-con-inner\">\n\t\t\t\t<div class=\"elementor-element elementor-element-914bde1 elementor-widget elementor-widget-text-editor\" data-id=\"914bde1\" data-element_type=\"widget\" data-widget_type=\"text-editor.default\">\n\t\t\t\t<div class=\"elementor-widget-container\">\n\t\t\t\t\t\t\t\t\t<h5><b>O Relat\u00f3rio Anual da Comarca de Aveiro relativo ao ano 2025, remetido ao Conselho Superior da Magistratura, j\u00e1 pode ser consultado no seguinte endere\u00e7o:<\/b><\/h5><div><b>\u00a0<\/b><\/div><div><a href=\"https:\/\/comarcas.csm.org.pt\/aveiro\/wp-content\/uploads\/sites\/5\/2026\/03\/Relatorio-Anual-do-Tribunal-Judicial-da-Comarca-de-Aveiro-2025.pdf\"><b><img fetchpriority=\"high\" decoding=\"async\" class=\"alignnone size-medium wp-image-13179\" src=\"https:\/\/comarcas.csm.org.pt\/aveiro\/wp-content\/uploads\/sites\/5\/2026\/03\/Palacio_orgaos-de-Gestao-300x207.png\" alt=\"\" width=\"300\" height=\"207\" srcset=\"https:\/\/comarcas.csm.org.pt\/aveiro\/wp-content\/uploads\/sites\/5\/2026\/03\/Palacio_orgaos-de-Gestao-300x207.png 300w, https:\/\/comarcas.csm.org.pt\/aveiro\/wp-content\/uploads\/sites\/5\/2026\/03\/Palacio_orgaos-de-Gestao.png 548w\" sizes=\"(max-width: 300px) 100vw, 300px\" \/><\/b><\/a><\/div><div><b>\u00a0<\/b><\/div><div><a style=\"background-color: #ffffff; letter-spacing: 0.3px;\" href=\"https:\/\/comarcas.csm.org.pt\/aveiro\/instrumentos-de-gestao\/\">Relat\u00f3rio Anual da Comarca de Aveiro 2025<\/a><span style=\"letter-spacing: 0.3px;\">.<\/span><\/div>\t\t\t\t\t\t\t\t<\/div>\n\t\t\t\t<\/div>\n\t\t\t\t\t<\/div>\n\t\t\t\t<\/div>\n\t\t\t\t<\/div>\n\t\t","protected":false},"excerpt":{"rendered":"<p>O Relat\u00f3rio Anual da Comarca de Aveiro relativo ao ano 2025, remetido ao Conselho Superior da Magistratura, j\u00e1 pode ser consultado no seguinte endere\u00e7o: \u00a0\u00a0Relat\u00f3rio Anual da Comarca de Aveiro 2025.<\/p>\n","protected":false},"author":4,"featured_media":0,"comment_status":"closed","ping_status":"open","sticky":false,"template":"","format":"standard","meta":{"_tbt_post_transparent":"","_tbt_post_title":"","_tbt_post_layout":"","_tbt_post_sidebar_id":"","_tbt_post_content_style":"","_tbt_post_vertical_padding":"","_tbt_post_feature":"","_tbt_post_feature_position":"","_tbt_post_header":false,"_tbt_post_footer":false},"categories":[1,5],"tags":[],"class_list":["post-13172","post","type-post","status-publish","format-standard","hentry","category-geral","category-noticias"],"yoast_head":"<!-- This site is optimized with the Yoast SEO plugin v25.6 - https:\/\/yoast.com\/wordpress\/plugins\/seo\/ -->\n<title>Consulte nesta \u00e1rea o Relat\u00f3rio Anual do ano 2025, da Comarca de Aveiro - Tribunal Judicial da Comarca de Aveiro<\/title>\n<meta name=\"robots\" content=\"index, follow, max-snippet:-1, max-image-preview:large, max-video-preview:-1\" \/>\n<link rel=\"canonical\" href=\"https:\/\/comarcas.csm.org.pt\/aveiro\/blog\/2026\/03\/09\/consulte-nesta-o-relatorio-anual-do-ano-2025-da-comarca-de-aveiro\/\" \/>\n<meta property=\"og:locale\" content=\"pt_PT\" \/>\n<meta property=\"og:type\" content=\"article\" \/>\n<meta property=\"og:title\" content=\"Consulte nesta \u00e1rea o Relat\u00f3rio Anual do ano 2025, da Comarca de Aveiro - Tribunal Judicial da Comarca de Aveiro\" \/>\n<meta property=\"og:description\" content=\"O Relat\u00f3rio Anual da Comarca de Aveiro relativo ao ano 2025, remetido ao Conselho Superior da Magistratura, j\u00e1 pode ser consultado no seguinte endere\u00e7o: \u00a0\u00a0Relat\u00f3rio Anual da Comarca de Aveiro 2025.\" \/>\n<meta property=\"og:url\" content=\"https:\/\/comarcas.csm.org.pt\/aveiro\/blog\/2026\/03\/09\/consulte-nesta-o-relatorio-anual-do-ano-2025-da-comarca-de-aveiro\/\" \/>\n<meta property=\"og:site_name\" content=\"Tribunal Judicial da Comarca de Aveiro\" \/>\n<meta property=\"article:published_time\" content=\"2026-03-09T13:10:55+00:00\" \/>\n<meta property=\"article:modified_time\" content=\"2026-03-09T13:43:59+00:00\" \/>\n<meta property=\"og:image\" content=\"https:\/\/comarcas.csm.org.pt\/aveiro\/wp-content\/uploads\/sites\/5\/2026\/03\/Palacio_orgaos-de-Gestao-300x207.png\" \/>\n<meta name=\"author\" content=\"Teresa Marques\" \/>\n<meta name=\"twitter:card\" content=\"summary_large_image\" \/>\n<meta name=\"twitter:label1\" content=\"Escrito por\" \/>\n\t<meta name=\"twitter:data1\" content=\"Teresa Marques\" \/>\n\t<meta name=\"twitter:label2\" content=\"Tempo estimado de leitura\" \/>\n\t<meta name=\"twitter:data2\" content=\"1 minuto\" \/>\n<script type=\"application\/ld+json\" class=\"yoast-schema-graph\">{\"@context\":\"https:\/\/schema.org\",\"@graph\":[{\"@type\":\"Article\",\"@id\":\"https:\/\/comarcas.csm.org.pt\/aveiro\/blog\/2026\/03\/09\/consulte-nesta-o-relatorio-anual-do-ano-2025-da-comarca-de-aveiro\/#article\",\"isPartOf\":{\"@id\":\"https:\/\/comarcas.csm.org.pt\/aveiro\/blog\/2026\/03\/09\/consulte-nesta-o-relatorio-anual-do-ano-2025-da-comarca-de-aveiro\/\"},\"author\":{\"name\":\"Teresa Marques\",\"@id\":\"https:\/\/comarcas.csm.org.pt\/aveiro\/#\/schema\/person\/f47b76aceed6d6c815c9c7977bb8a7a5\"},\"headline\":\"Consulte nesta \u00e1rea o Relat\u00f3rio Anual do ano 2025, da Comarca de Aveiro\",\"datePublished\":\"2026-03-09T13:10:55+00:00\",\"dateModified\":\"2026-03-09T13:43:59+00:00\",\"mainEntityOfPage\":{\"@id\":\"https:\/\/comarcas.csm.org.pt\/aveiro\/blog\/2026\/03\/09\/consulte-nesta-o-relatorio-anual-do-ano-2025-da-comarca-de-aveiro\/\"},\"wordCount\":45,\"publisher\":{\"@id\":\"https:\/\/comarcas.csm.org.pt\/aveiro\/#organization\"},\"image\":{\"@id\":\"https:\/\/comarcas.csm.org.pt\/aveiro\/blog\/2026\/03\/09\/consulte-nesta-o-relatorio-anual-do-ano-2025-da-comarca-de-aveiro\/#primaryimage\"},\"thumbnailUrl\":\"https:\/\/comarcas.csm.org.pt\/aveiro\/wp-content\/uploads\/sites\/5\/2026\/03\/Palacio_orgaos-de-Gestao-300x207.png\",\"articleSection\":[\"Geral\",\"Not\u00edcias\"],\"inLanguage\":\"pt-PT\"},{\"@type\":\"WebPage\",\"@id\":\"https:\/\/comarcas.csm.org.pt\/aveiro\/blog\/2026\/03\/09\/consulte-nesta-o-relatorio-anual-do-ano-2025-da-comarca-de-aveiro\/\",\"url\":\"https:\/\/comarcas.csm.org.pt\/aveiro\/blog\/2026\/03\/09\/consulte-nesta-o-relatorio-anual-do-ano-2025-da-comarca-de-aveiro\/\",\"name\":\"Consulte nesta \u00e1rea o Relat\u00f3rio Anual do ano 2025, da Comarca de Aveiro - Tribunal Judicial da Comarca de Aveiro\",\"isPartOf\":{\"@id\":\"https:\/\/comarcas.csm.org.pt\/aveiro\/#website\"},\"primaryImageOfPage\":{\"@id\":\"https:\/\/comarcas.csm.org.pt\/aveiro\/blog\/2026\/03\/09\/consulte-nesta-o-relatorio-anual-do-ano-2025-da-comarca-de-aveiro\/#primaryimage\"},\"image\":{\"@id\":\"https:\/\/comarcas.csm.org.pt\/aveiro\/blog\/2026\/03\/09\/consulte-nesta-o-relatorio-anual-do-ano-2025-da-comarca-de-aveiro\/#primaryimage\"},\"thumbnailUrl\":\"https:\/\/comarcas.csm.org.pt\/aveiro\/wp-content\/uploads\/sites\/5\/2026\/03\/Palacio_orgaos-de-Gestao-300x207.png\",\"datePublished\":\"2026-03-09T13:10:55+00:00\",\"dateModified\":\"2026-03-09T13:43:59+00:00\",\"breadcrumb\":{\"@id\":\"https:\/\/comarcas.csm.org.pt\/aveiro\/blog\/2026\/03\/09\/consulte-nesta-o-relatorio-anual-do-ano-2025-da-comarca-de-aveiro\/#breadcrumb\"},\"inLanguage\":\"pt-PT\",\"potentialAction\":[{\"@type\":\"ReadAction\",\"target\":[\"https:\/\/comarcas.csm.org.pt\/aveiro\/blog\/2026\/03\/09\/consulte-nesta-o-relatorio-anual-do-ano-2025-da-comarca-de-aveiro\/\"]}]},{\"@type\":\"ImageObject\",\"inLanguage\":\"pt-PT\",\"@id\":\"https:\/\/comarcas.csm.org.pt\/aveiro\/blog\/2026\/03\/09\/consulte-nesta-o-relatorio-anual-do-ano-2025-da-comarca-de-aveiro\/#primaryimage\",\"url\":\"https:\/\/comarcas.csm.org.pt\/aveiro\/wp-content\/uploads\/sites\/5\/2026\/03\/Palacio_orgaos-de-Gestao.png\",\"contentUrl\":\"https:\/\/comarcas.csm.org.pt\/aveiro\/wp-content\/uploads\/sites\/5\/2026\/03\/Palacio_orgaos-de-Gestao.png\",\"width\":548,\"height\":378},{\"@type\":\"BreadcrumbList\",\"@id\":\"https:\/\/comarcas.csm.org.pt\/aveiro\/blog\/2026\/03\/09\/consulte-nesta-o-relatorio-anual-do-ano-2025-da-comarca-de-aveiro\/#breadcrumb\",\"itemListElement\":[{\"@type\":\"ListItem\",\"position\":1,\"name\":\"In\u00edcio\",\"item\":\"https:\/\/comarcas.csm.org.pt\/aveiro\/\"},{\"@type\":\"ListItem\",\"position\":2,\"name\":\"Consulte nesta \u00e1rea o Relat\u00f3rio Anual do ano 2025, da Comarca de Aveiro\"}]},{\"@type\":\"WebSite\",\"@id\":\"https:\/\/comarcas.csm.org.pt\/aveiro\/#website\",\"url\":\"https:\/\/comarcas.csm.org.pt\/aveiro\/\",\"name\":\"Tribunal Judicial da Comarca de Aveiro\",\"description\":\"Tribunal Judicial da Comarca de Aveiro\",\"publisher\":{\"@id\":\"https:\/\/comarcas.csm.org.pt\/aveiro\/#organization\"},\"potentialAction\":[{\"@type\":\"SearchAction\",\"target\":{\"@type\":\"EntryPoint\",\"urlTemplate\":\"https:\/\/comarcas.csm.org.pt\/aveiro\/?s={search_term_string}\"},\"query-input\":{\"@type\":\"PropertyValueSpecification\",\"valueRequired\":true,\"valueName\":\"search_term_string\"}}],\"inLanguage\":\"pt-PT\"},{\"@type\":\"Organization\",\"@id\":\"https:\/\/comarcas.csm.org.pt\/aveiro\/#organization\",\"name\":\"Tribunal Judicial da Comarca de Aveiro\",\"url\":\"https:\/\/comarcas.csm.org.pt\/aveiro\/\",\"logo\":{\"@type\":\"ImageObject\",\"inLanguage\":\"pt-PT\",\"@id\":\"https:\/\/comarcas.csm.org.pt\/aveiro\/#\/schema\/logo\/image\/\",\"url\":\"https:\/\/comarcas.csm.org.pt\/aveiro\/wp-content\/uploads\/sites\/5\/2024\/09\/Aveiro_positivo-horizontal-1.png\",\"contentUrl\":\"https:\/\/comarcas.csm.org.pt\/aveiro\/wp-content\/uploads\/sites\/5\/2024\/09\/Aveiro_positivo-horizontal-1.png\",\"width\":5153,\"height\":890,\"caption\":\"Tribunal Judicial da Comarca de Aveiro\"},\"image\":{\"@id\":\"https:\/\/comarcas.csm.org.pt\/aveiro\/#\/schema\/logo\/image\/\"}},{\"@type\":\"Person\",\"@id\":\"https:\/\/comarcas.csm.org.pt\/aveiro\/#\/schema\/person\/f47b76aceed6d6c815c9c7977bb8a7a5\",\"name\":\"Teresa Marques\",\"image\":{\"@type\":\"ImageObject\",\"inLanguage\":\"pt-PT\",\"@id\":\"https:\/\/comarcas.csm.org.pt\/aveiro\/#\/schema\/person\/image\/\",\"url\":\"https:\/\/secure.gravatar.com\/avatar\/d30a09e3a926d9cc69b7afad7a0660d114597787266ebc6d1805f330dc2ba49a?s=96&d=mm&r=g\",\"contentUrl\":\"https:\/\/secure.gravatar.com\/avatar\/d30a09e3a926d9cc69b7afad7a0660d114597787266ebc6d1805f330dc2ba49a?s=96&d=mm&r=g\",\"caption\":\"Teresa Marques\"},\"url\":\"https:\/\/comarcas.csm.org.pt\/aveiro\/blog\/author\/teresamarques\/\"}]}<\/script>\n<!-- \/ Yoast SEO plugin. -->","yoast_head_json":{"title":"Consulte nesta \u00e1rea o Relat\u00f3rio Anual do ano 2025, da Comarca de Aveiro - Tribunal Judicial da Comarca de Aveiro","robots":{"index":"index","follow":"follow","max-snippet":"max-snippet:-1","max-image-preview":"max-image-preview:large","max-video-preview":"max-video-preview:-1"},"canonical":"https:\/\/comarcas.csm.org.pt\/aveiro\/blog\/2026\/03\/09\/consulte-nesta-o-relatorio-anual-do-ano-2025-da-comarca-de-aveiro\/","og_locale":"pt_PT","og_type":"article","og_title":"Consulte nesta \u00e1rea o Relat\u00f3rio Anual do ano 2025, da Comarca de Aveiro - Tribunal Judicial da Comarca de Aveiro","og_description":"O Relat\u00f3rio Anual da Comarca de Aveiro relativo ao ano 2025, remetido ao Conselho Superior da Magistratura, j\u00e1 pode ser consultado no seguinte endere\u00e7o: \u00a0\u00a0Relat\u00f3rio Anual da Comarca de Aveiro 2025.","og_url":"https:\/\/comarcas.csm.org.pt\/aveiro\/blog\/2026\/03\/09\/consulte-nesta-o-relatorio-anual-do-ano-2025-da-comarca-de-aveiro\/","og_site_name":"Tribunal Judicial da Comarca de Aveiro","article_published_time":"2026-03-09T13:10:55+00:00","article_modified_time":"2026-03-09T13:43:59+00:00","og_image":[{"url":"https:\/\/comarcas.csm.org.pt\/aveiro\/wp-content\/uploads\/sites\/5\/2026\/03\/Palacio_orgaos-de-Gestao-300x207.png","type":"","width":"","height":""}],"author":"Teresa Marques","twitter_card":"summary_large_image","twitter_misc":{"Escrito por":"Teresa Marques","Tempo estimado de leitura":"1 minuto"},"schema":{"@context":"https:\/\/schema.org","@graph":[{"@type":"Article","@id":"https:\/\/comarcas.csm.org.pt\/aveiro\/blog\/2026\/03\/09\/consulte-nesta-o-relatorio-anual-do-ano-2025-da-comarca-de-aveiro\/#article","isPartOf":{"@id":"https:\/\/comarcas.csm.org.pt\/aveiro\/blog\/2026\/03\/09\/consulte-nesta-o-relatorio-anual-do-ano-2025-da-comarca-de-aveiro\/"},"author":{"name":"Teresa Marques","@id":"https:\/\/comarcas.csm.org.pt\/aveiro\/#\/schema\/person\/f47b76aceed6d6c815c9c7977bb8a7a5"},"headline":"Consulte nesta \u00e1rea o Relat\u00f3rio Anual do ano 2025, da Comarca de Aveiro","datePublished":"2026-03-09T13:10:55+00:00","dateModified":"2026-03-09T13:43:59+00:00","mainEntityOfPage":{"@id":"https:\/\/comarcas.csm.org.pt\/aveiro\/blog\/2026\/03\/09\/consulte-nesta-o-relatorio-anual-do-ano-2025-da-comarca-de-aveiro\/"},"wordCount":45,"publisher":{"@id":"https:\/\/comarcas.csm.org.pt\/aveiro\/#organization"},"image":{"@id":"https:\/\/comarcas.csm.org.pt\/aveiro\/blog\/2026\/03\/09\/consulte-nesta-o-relatorio-anual-do-ano-2025-da-comarca-de-aveiro\/#primaryimage"},"thumbnailUrl":"https:\/\/comarcas.csm.org.pt\/aveiro\/wp-content\/uploads\/sites\/5\/2026\/03\/Palacio_orgaos-de-Gestao-300x207.png","articleSection":["Geral","Not\u00edcias"],"inLanguage":"pt-PT"},{"@type":"WebPage","@id":"https:\/\/comarcas.csm.org.pt\/aveiro\/blog\/2026\/03\/09\/consulte-nesta-o-relatorio-anual-do-ano-2025-da-comarca-de-aveiro\/","url":"https:\/\/comarcas.csm.org.pt\/aveiro\/blog\/2026\/03\/09\/consulte-nesta-o-relatorio-anual-do-ano-2025-da-comarca-de-aveiro\/","name":"Consulte nesta \u00e1rea o Relat\u00f3rio Anual do ano 2025, da Comarca de Aveiro - Tribunal Judicial da Comarca de Aveiro","isPartOf":{"@id":"https:\/\/comarcas.csm.org.pt\/aveiro\/#website"},"primaryImageOfPage":{"@id":"https:\/\/comarcas.csm.org.pt\/aveiro\/blog\/2026\/03\/09\/consulte-nesta-o-relatorio-anual-do-ano-2025-da-comarca-de-aveiro\/#primaryimage"},"image":{"@id":"https:\/\/comarcas.csm.org.pt\/aveiro\/blog\/2026\/03\/09\/consulte-nesta-o-relatorio-anual-do-ano-2025-da-comarca-de-aveiro\/#primaryimage"},"thumbnailUrl":"https:\/\/comarcas.csm.org.pt\/aveiro\/wp-content\/uploads\/sites\/5\/2026\/03\/Palacio_orgaos-de-Gestao-300x207.png","datePublished":"2026-03-09T13:10:55+00:00","dateModified":"2026-03-09T13:43:59+00:00","breadcrumb":{"@id":"https:\/\/comarcas.csm.org.pt\/aveiro\/blog\/2026\/03\/09\/consulte-nesta-o-relatorio-anual-do-ano-2025-da-comarca-de-aveiro\/#breadcrumb"},"inLanguage":"pt-PT","potentialAction":[{"@type":"ReadAction","target":["https:\/\/comarcas.csm.org.pt\/aveiro\/blog\/2026\/03\/09\/consulte-nesta-o-relatorio-anual-do-ano-2025-da-comarca-de-aveiro\/"]}]},{"@type":"ImageObject","inLanguage":"pt-PT","@id":"https:\/\/comarcas.csm.org.pt\/aveiro\/blog\/2026\/03\/09\/consulte-nesta-o-relatorio-anual-do-ano-2025-da-comarca-de-aveiro\/#primaryimage","url":"https:\/\/comarcas.csm.org.pt\/aveiro\/wp-content\/uploads\/sites\/5\/2026\/03\/Palacio_orgaos-de-Gestao.png","contentUrl":"https:\/\/comarcas.csm.org.pt\/aveiro\/wp-content\/uploads\/sites\/5\/2026\/03\/Palacio_orgaos-de-Gestao.png","width":548,"height":378},{"@type":"BreadcrumbList","@id":"https:\/\/comarcas.csm.org.pt\/aveiro\/blog\/2026\/03\/09\/consulte-nesta-o-relatorio-anual-do-ano-2025-da-comarca-de-aveiro\/#breadcrumb","itemListElement":[{"@type":"ListItem","position":1,"name":"In\u00edcio","item":"https:\/\/comarcas.csm.org.pt\/aveiro\/"},{"@type":"ListItem","position":2,"name":"Consulte nesta \u00e1rea o Relat\u00f3rio Anual do ano 2025, da Comarca de Aveiro"}]},{"@type":"WebSite","@id":"https:\/\/comarcas.csm.org.pt\/aveiro\/#website","url":"https:\/\/comarcas.csm.org.pt\/aveiro\/","name":"Tribunal Judicial da Comarca de Aveiro","description":"Tribunal Judicial da Comarca de Aveiro","publisher":{"@id":"https:\/\/comarcas.csm.org.pt\/aveiro\/#organization"},"potentialAction":[{"@type":"SearchAction","target":{"@type":"EntryPoint","urlTemplate":"https:\/\/comarcas.csm.org.pt\/aveiro\/?s={search_term_string}"},"query-input":{"@type":"PropertyValueSpecification","valueRequired":true,"valueName":"search_term_string"}}],"inLanguage":"pt-PT"},{"@type":"Organization","@id":"https:\/\/comarcas.csm.org.pt\/aveiro\/#organization","name":"Tribunal Judicial da Comarca de Aveiro","url":"https:\/\/comarcas.csm.org.pt\/aveiro\/","logo":{"@type":"ImageObject","inLanguage":"pt-PT","@id":"https:\/\/comarcas.csm.org.pt\/aveiro\/#\/schema\/logo\/image\/","url":"https:\/\/comarcas.csm.org.pt\/aveiro\/wp-content\/uploads\/sites\/5\/2024\/09\/Aveiro_positivo-horizontal-1.png","contentUrl":"https:\/\/comarcas.csm.org.pt\/aveiro\/wp-content\/uploads\/sites\/5\/2024\/09\/Aveiro_positivo-horizontal-1.png","width":5153,"height":890,"caption":"Tribunal Judicial da Comarca de Aveiro"},"image":{"@id":"https:\/\/comarcas.csm.org.pt\/aveiro\/#\/schema\/logo\/image\/"}},{"@type":"Person","@id":"https:\/\/comarcas.csm.org.pt\/aveiro\/#\/schema\/person\/f47b76aceed6d6c815c9c7977bb8a7a5","name":"Teresa Marques","image":{"@type":"ImageObject","inLanguage":"pt-PT","@id":"https:\/\/comarcas.csm.org.pt\/aveiro\/#\/schema\/person\/image\/","url":"https:\/\/secure.gravatar.com\/avatar\/d30a09e3a926d9cc69b7afad7a0660d114597787266ebc6d1805f330dc2ba49a?s=96&d=mm&r=g","contentUrl":"https:\/\/secure.gravatar.com\/avatar\/d30a09e3a926d9cc69b7afad7a0660d114597787266ebc6d1805f330dc2ba49a?s=96&d=mm&r=g","caption":"Teresa Marques"},"url":"https:\/\/comarcas.csm.org.pt\/aveiro\/blog\/author\/teresamarques\/"}]}},"_links":{"self":[{"href":"https:\/\/comarcas.csm.org.pt\/aveiro\/wp-json\/wp\/v2\/posts\/13172","targetHints":{"allow":["GET"]}}],"collection":[{"href":"https:\/\/comarcas.csm.org.pt\/aveiro\/wp-json\/wp\/v2\/posts"}],"about":[{"href":"https:\/\/comarcas.csm.org.pt\/aveiro\/wp-json\/wp\/v2\/types\/post"}],"author":[{"embeddable":true,"href":"https:\/\/comarcas.csm.org.pt\/aveiro\/wp-json\/wp\/v2\/users\/4"}],"replies":[{"embeddable":true,"href":"https:\/\/comarcas.csm.org.pt\/aveiro\/wp-json\/wp\/v2\/comments?post=13172"}],"version-history":[{"count":8,"href":"https:\/\/comarcas.csm.org.pt\/aveiro\/wp-json\/wp\/v2\/posts\/13172\/revisions"}],"predecessor-version":[{"id":13183,"href":"https:\/\/comarcas.csm.org.pt\/aveiro\/wp-json\/wp\/v2\/posts\/13172\/revisions\/13183"}],"wp:attachment":[{"href":"https:\/\/comarcas.csm.org.pt\/aveiro\/wp-json\/wp\/v2\/media?parent=13172"}],"wp:term":[{"taxonomy":"category","embeddable":true,"href":"https:\/\/comarcas.csm.org.pt\/aveiro\/wp-json\/wp\/v2\/categories?post=13172"},{"taxonomy":"post_tag","embeddable":true,"href":"https:\/\/comarcas.csm.org.pt\/aveiro\/wp-json\/wp\/v2\/tags?post=13172"}],"curies":[{"name":"wp","href":"https:\/\/api.w.org\/{rel}","templated":true}]}}