{"id":13228,"date":"2026-04-21T14:05:45","date_gmt":"2026-04-21T14:05:45","guid":{"rendered":"https:\/\/comarcas.csm.org.pt\/aveiro\/?p=13228"},"modified":"2026-04-21T14:16:56","modified_gmt":"2026-04-21T14:16:56","slug":"louvores-comarca-de-aveiro","status":"publish","type":"post","link":"https:\/\/comarcas.csm.org.pt\/aveiro\/blog\/2026\/04\/21\/louvores-comarca-de-aveiro\/","title":{"rendered":"Louvores | Comarca de Aveiro"},"content":{"rendered":"\t\t<div data-elementor-type=\"wp-post\" data-elementor-id=\"13228\" class=\"elementor elementor-13228\" data-elementor-post-type=\"post\">\n\t\t\t\t<div class=\"elementor-element elementor-element-70f11d9 e-flex e-con-boxed e-con e-parent\" data-id=\"70f11d9\" data-element_type=\"container\">\n\t\t\t\t\t<div class=\"e-con-inner\">\n\t\t\t\t<div class=\"elementor-element elementor-element-914bde1 elementor-widget elementor-widget-text-editor\" data-id=\"914bde1\" data-element_type=\"widget\" data-widget_type=\"text-editor.default\">\n\t\t\t\t<div class=\"elementor-widget-container\">\n\t\t\t\t\t\t\t\t\t<h4><b>Poder\u00e1 consultar nesta \u00e1rea os louvores, recentemente atribu\u00eddos a Magistrados e Funcion\u00e1rios da Comarca de Aveiro, decorrentes das fun\u00e7\u00f5es desempenhadas na Comarca de Aveiro:<\/b><\/h4><h6>\u00e0 Administradora judici\u00e1ria, Dr.\u00aa <strong>Carla Maria Afonso Martins<\/strong>: <span style=\"text-decoration: underline;\"><a href=\"https:\/\/diariodarepublica.pt\/dr\/detalhe\/louvor-extrato\/264-2026-1087228973\">Louvor (extrato) n.\u00ba 264\/2026, de 21 de abril | DR<\/a><\/span><\/h6><h6>Aos funcion\u00e1rios do <strong>Gabinete de Apoio aos \u00d3rg\u00e3os de Gest\u00e3o<\/strong>:<span style=\"text-decoration: underline;\"> <a style=\"letter-spacing: 0.3px;\" href=\"https:\/\/eur01.safelinks.protection.outlook.com\/?url=https%3A%2F%2Fdiariodarepublica.pt%2Fdr%2Fdetalhe%2Flouvor-extrato%2F234-2026-1086390168&amp;data=05%7C02%7Cteresa.g.marques%40tribunais.org.pt%7C10e3b381e9d14527ac8a08de9c6567a2%7Ce110dd6741ff4c948301b3f8dfdf8119%7C0%7C0%7C639120156500577246%7CUnknown%7CTWFpbGZsb3d8eyJFbXB0eU1hcGkiOnRydWUsIlYiOiIwLjAuMDAwMCIsIlAiOiJXaW4zMiIsIkFOIjoiTWFpbCIsIldUIjoyfQ%3D%3D%7C0%7C%7C%7C&amp;sdata=zXMpafs4HHOzw37%2FWE7kprGs9X79pY5s1aTQs1A9XyA%3D&amp;reserved=0\">Louvor (extrato) n.\u00ba 234\/2026, de 17 de abril | DR<\/a><\/span><\/h6><h6><span class=\"\" tabindex=\"0\" data-expression=\"\">Ao Senhor Juiz de Direito <strong>Dr. Carlos Alberto Casas Azevedo,<\/strong> em virtude da sua promo\u00e7\u00e3o a Juiz Desembargador: <span style=\"text-decoration: underline;\"><a href=\"https:\/\/diariodarepublica.pt\/dr\/detalhe\/aviso-extrato\/26432-2025-941565521\">Aviso (extrato) n.\u00ba 26432\/2025\/2, de 22 de outubro <\/a><\/span><\/span><span style=\"text-decoration: underline;\">| DR<\/span><\/h6><h6>\u00c0 Senhora Ju\u00edza de Direito <strong>Dr.\u00aa Ana Cl\u00e1udia Nogueira de S\u00e1 Rosas de Castro<\/strong>, <span class=\"\" tabindex=\"0\" data-expression=\"\">em virtude da sua promo\u00e7\u00e3o a Ju\u00edza Desembargadora: <\/span><span style=\"text-decoration: underline;\"><a href=\"https:\/\/diariodarepublica.pt\/dr\/detalhe\/louvor\/501-2023-230097558\"><span class=\"\" tabindex=\"0\" data-expression=\"\">Louvor n.\u00ba 501\/2023, de 14 de dezembro<\/span><\/a><\/span><\/h6>\t\t\t\t\t\t\t\t<\/div>\n\t\t\t\t<\/div>\n\t\t\t\t\t<\/div>\n\t\t\t\t<\/div>\n\t\t\t\t<\/div>\n\t\t","protected":false},"excerpt":{"rendered":"<p>Poder\u00e1 consultar nesta \u00e1rea os louvores, recentemente atribu\u00eddos a Magistrados e Funcion\u00e1rios da Comarca de Aveiro, decorrentes das fun\u00e7\u00f5es desempenhadas na Comarca de Aveiro: \u00e0 Administradora judici\u00e1ria, Dr.\u00aa Carla Maria Afonso Martins: Louvor (extrato) n.\u00ba&#8230;<\/p>\n","protected":false},"author":4,"featured_media":0,"comment_status":"closed","ping_status":"open","sticky":false,"template":"","format":"standard","meta":{"_tbt_post_transparent":"","_tbt_post_title":"","_tbt_post_layout":"","_tbt_post_sidebar_id":"","_tbt_post_content_style":"","_tbt_post_vertical_padding":"","_tbt_post_feature":"","_tbt_post_feature_position":"","_tbt_post_header":false,"_tbt_post_footer":false},"categories":[1,5],"tags":[],"class_list":["post-13228","post","type-post","status-publish","format-standard","hentry","category-geral","category-noticias"],"yoast_head":"<!-- This site is optimized with the Yoast SEO plugin v25.6 - https:\/\/yoast.com\/wordpress\/plugins\/seo\/ -->\n<title>Louvores | Comarca de Aveiro - Tribunal Judicial da Comarca de Aveiro<\/title>\n<meta name=\"robots\" content=\"index, follow, max-snippet:-1, max-image-preview:large, max-video-preview:-1\" \/>\n<link rel=\"canonical\" href=\"https:\/\/comarcas.csm.org.pt\/aveiro\/blog\/2026\/04\/21\/louvores-comarca-de-aveiro\/\" \/>\n<meta property=\"og:locale\" content=\"pt_PT\" \/>\n<meta property=\"og:type\" content=\"article\" \/>\n<meta property=\"og:title\" content=\"Louvores | Comarca de Aveiro - Tribunal Judicial da Comarca de Aveiro\" \/>\n<meta property=\"og:description\" content=\"Poder\u00e1 consultar nesta \u00e1rea os louvores, recentemente atribu\u00eddos a Magistrados e Funcion\u00e1rios da Comarca de Aveiro, decorrentes das fun\u00e7\u00f5es desempenhadas na Comarca de Aveiro: \u00e0 Administradora judici\u00e1ria, Dr.\u00aa Carla Maria Afonso Martins: Louvor (extrato) n.\u00ba...\" \/>\n<meta property=\"og:url\" content=\"https:\/\/comarcas.csm.org.pt\/aveiro\/blog\/2026\/04\/21\/louvores-comarca-de-aveiro\/\" \/>\n<meta property=\"og:site_name\" content=\"Tribunal Judicial da Comarca de Aveiro\" \/>\n<meta property=\"article:published_time\" content=\"2026-04-21T14:05:45+00:00\" \/>\n<meta property=\"article:modified_time\" content=\"2026-04-21T14:16:56+00:00\" \/>\n<meta name=\"author\" content=\"Teresa Marques\" \/>\n<meta name=\"twitter:card\" content=\"summary_large_image\" \/>\n<meta name=\"twitter:label1\" content=\"Escrito por\" \/>\n\t<meta name=\"twitter:data1\" content=\"Teresa Marques\" \/>\n\t<meta name=\"twitter:label2\" content=\"Tempo estimado de leitura\" \/>\n\t<meta name=\"twitter:data2\" content=\"1 minuto\" \/>\n<script type=\"application\/ld+json\" class=\"yoast-schema-graph\">{\"@context\":\"https:\/\/schema.org\",\"@graph\":[{\"@type\":\"Article\",\"@id\":\"https:\/\/comarcas.csm.org.pt\/aveiro\/blog\/2026\/04\/21\/louvores-comarca-de-aveiro\/#article\",\"isPartOf\":{\"@id\":\"https:\/\/comarcas.csm.org.pt\/aveiro\/blog\/2026\/04\/21\/louvores-comarca-de-aveiro\/\"},\"author\":{\"name\":\"Teresa Marques\",\"@id\":\"https:\/\/comarcas.csm.org.pt\/aveiro\/#\/schema\/person\/f47b76aceed6d6c815c9c7977bb8a7a5\"},\"headline\":\"Louvores | Comarca de Aveiro\",\"datePublished\":\"2026-04-21T14:05:45+00:00\",\"dateModified\":\"2026-04-21T14:16:56+00:00\",\"mainEntityOfPage\":{\"@id\":\"https:\/\/comarcas.csm.org.pt\/aveiro\/blog\/2026\/04\/21\/louvores-comarca-de-aveiro\/\"},\"wordCount\":122,\"publisher\":{\"@id\":\"https:\/\/comarcas.csm.org.pt\/aveiro\/#organization\"},\"articleSection\":[\"Geral\",\"Not\u00edcias\"],\"inLanguage\":\"pt-PT\"},{\"@type\":\"WebPage\",\"@id\":\"https:\/\/comarcas.csm.org.pt\/aveiro\/blog\/2026\/04\/21\/louvores-comarca-de-aveiro\/\",\"url\":\"https:\/\/comarcas.csm.org.pt\/aveiro\/blog\/2026\/04\/21\/louvores-comarca-de-aveiro\/\",\"name\":\"Louvores | Comarca de Aveiro - Tribunal Judicial da Comarca de Aveiro\",\"isPartOf\":{\"@id\":\"https:\/\/comarcas.csm.org.pt\/aveiro\/#website\"},\"datePublished\":\"2026-04-21T14:05:45+00:00\",\"dateModified\":\"2026-04-21T14:16:56+00:00\",\"breadcrumb\":{\"@id\":\"https:\/\/comarcas.csm.org.pt\/aveiro\/blog\/2026\/04\/21\/louvores-comarca-de-aveiro\/#breadcrumb\"},\"inLanguage\":\"pt-PT\",\"potentialAction\":[{\"@type\":\"ReadAction\",\"target\":[\"https:\/\/comarcas.csm.org.pt\/aveiro\/blog\/2026\/04\/21\/louvores-comarca-de-aveiro\/\"]}]},{\"@type\":\"BreadcrumbList\",\"@id\":\"https:\/\/comarcas.csm.org.pt\/aveiro\/blog\/2026\/04\/21\/louvores-comarca-de-aveiro\/#breadcrumb\",\"itemListElement\":[{\"@type\":\"ListItem\",\"position\":1,\"name\":\"In\u00edcio\",\"item\":\"https:\/\/comarcas.csm.org.pt\/aveiro\/\"},{\"@type\":\"ListItem\",\"position\":2,\"name\":\"Louvores | Comarca de Aveiro\"}]},{\"@type\":\"WebSite\",\"@id\":\"https:\/\/comarcas.csm.org.pt\/aveiro\/#website\",\"url\":\"https:\/\/comarcas.csm.org.pt\/aveiro\/\",\"name\":\"Tribunal Judicial da Comarca de Aveiro\",\"description\":\"Tribunal Judicial da Comarca de Aveiro\",\"publisher\":{\"@id\":\"https:\/\/comarcas.csm.org.pt\/aveiro\/#organization\"},\"potentialAction\":[{\"@type\":\"SearchAction\",\"target\":{\"@type\":\"EntryPoint\",\"urlTemplate\":\"https:\/\/comarcas.csm.org.pt\/aveiro\/?s={search_term_string}\"},\"query-input\":{\"@type\":\"PropertyValueSpecification\",\"valueRequired\":true,\"valueName\":\"search_term_string\"}}],\"inLanguage\":\"pt-PT\"},{\"@type\":\"Organization\",\"@id\":\"https:\/\/comarcas.csm.org.pt\/aveiro\/#organization\",\"name\":\"Tribunal Judicial da Comarca de Aveiro\",\"url\":\"https:\/\/comarcas.csm.org.pt\/aveiro\/\",\"logo\":{\"@type\":\"ImageObject\",\"inLanguage\":\"pt-PT\",\"@id\":\"https:\/\/comarcas.csm.org.pt\/aveiro\/#\/schema\/logo\/image\/\",\"url\":\"https:\/\/comarcas.csm.org.pt\/aveiro\/wp-content\/uploads\/sites\/5\/2024\/09\/Aveiro_positivo-horizontal-1.png\",\"contentUrl\":\"https:\/\/comarcas.csm.org.pt\/aveiro\/wp-content\/uploads\/sites\/5\/2024\/09\/Aveiro_positivo-horizontal-1.png\",\"width\":5153,\"height\":890,\"caption\":\"Tribunal Judicial da Comarca de Aveiro\"},\"image\":{\"@id\":\"https:\/\/comarcas.csm.org.pt\/aveiro\/#\/schema\/logo\/image\/\"}},{\"@type\":\"Person\",\"@id\":\"https:\/\/comarcas.csm.org.pt\/aveiro\/#\/schema\/person\/f47b76aceed6d6c815c9c7977bb8a7a5\",\"name\":\"Teresa Marques\",\"image\":{\"@type\":\"ImageObject\",\"inLanguage\":\"pt-PT\",\"@id\":\"https:\/\/comarcas.csm.org.pt\/aveiro\/#\/schema\/person\/image\/\",\"url\":\"https:\/\/secure.gravatar.com\/avatar\/d30a09e3a926d9cc69b7afad7a0660d114597787266ebc6d1805f330dc2ba49a?s=96&d=mm&r=g\",\"contentUrl\":\"https:\/\/secure.gravatar.com\/avatar\/d30a09e3a926d9cc69b7afad7a0660d114597787266ebc6d1805f330dc2ba49a?s=96&d=mm&r=g\",\"caption\":\"Teresa Marques\"},\"url\":\"https:\/\/comarcas.csm.org.pt\/aveiro\/blog\/author\/teresamarques\/\"}]}<\/script>\n<!-- \/ Yoast SEO plugin. -->","yoast_head_json":{"title":"Louvores | Comarca de Aveiro - Tribunal Judicial da Comarca de Aveiro","robots":{"index":"index","follow":"follow","max-snippet":"max-snippet:-1","max-image-preview":"max-image-preview:large","max-video-preview":"max-video-preview:-1"},"canonical":"https:\/\/comarcas.csm.org.pt\/aveiro\/blog\/2026\/04\/21\/louvores-comarca-de-aveiro\/","og_locale":"pt_PT","og_type":"article","og_title":"Louvores | Comarca de Aveiro - Tribunal Judicial da Comarca de Aveiro","og_description":"Poder\u00e1 consultar nesta \u00e1rea os louvores, recentemente atribu\u00eddos a Magistrados e Funcion\u00e1rios da Comarca de Aveiro, decorrentes das fun\u00e7\u00f5es desempenhadas na Comarca de Aveiro: \u00e0 Administradora judici\u00e1ria, Dr.\u00aa Carla Maria Afonso Martins: Louvor (extrato) n.\u00ba...","og_url":"https:\/\/comarcas.csm.org.pt\/aveiro\/blog\/2026\/04\/21\/louvores-comarca-de-aveiro\/","og_site_name":"Tribunal Judicial da Comarca de Aveiro","article_published_time":"2026-04-21T14:05:45+00:00","article_modified_time":"2026-04-21T14:16:56+00:00","author":"Teresa Marques","twitter_card":"summary_large_image","twitter_misc":{"Escrito por":"Teresa Marques","Tempo estimado de leitura":"1 minuto"},"schema":{"@context":"https:\/\/schema.org","@graph":[{"@type":"Article","@id":"https:\/\/comarcas.csm.org.pt\/aveiro\/blog\/2026\/04\/21\/louvores-comarca-de-aveiro\/#article","isPartOf":{"@id":"https:\/\/comarcas.csm.org.pt\/aveiro\/blog\/2026\/04\/21\/louvores-comarca-de-aveiro\/"},"author":{"name":"Teresa Marques","@id":"https:\/\/comarcas.csm.org.pt\/aveiro\/#\/schema\/person\/f47b76aceed6d6c815c9c7977bb8a7a5"},"headline":"Louvores | Comarca de Aveiro","datePublished":"2026-04-21T14:05:45+00:00","dateModified":"2026-04-21T14:16:56+00:00","mainEntityOfPage":{"@id":"https:\/\/comarcas.csm.org.pt\/aveiro\/blog\/2026\/04\/21\/louvores-comarca-de-aveiro\/"},"wordCount":122,"publisher":{"@id":"https:\/\/comarcas.csm.org.pt\/aveiro\/#organization"},"articleSection":["Geral","Not\u00edcias"],"inLanguage":"pt-PT"},{"@type":"WebPage","@id":"https:\/\/comarcas.csm.org.pt\/aveiro\/blog\/2026\/04\/21\/louvores-comarca-de-aveiro\/","url":"https:\/\/comarcas.csm.org.pt\/aveiro\/blog\/2026\/04\/21\/louvores-comarca-de-aveiro\/","name":"Louvores | Comarca de Aveiro - Tribunal Judicial da Comarca de Aveiro","isPartOf":{"@id":"https:\/\/comarcas.csm.org.pt\/aveiro\/#website"},"datePublished":"2026-04-21T14:05:45+00:00","dateModified":"2026-04-21T14:16:56+00:00","breadcrumb":{"@id":"https:\/\/comarcas.csm.org.pt\/aveiro\/blog\/2026\/04\/21\/louvores-comarca-de-aveiro\/#breadcrumb"},"inLanguage":"pt-PT","potentialAction":[{"@type":"ReadAction","target":["https:\/\/comarcas.csm.org.pt\/aveiro\/blog\/2026\/04\/21\/louvores-comarca-de-aveiro\/"]}]},{"@type":"BreadcrumbList","@id":"https:\/\/comarcas.csm.org.pt\/aveiro\/blog\/2026\/04\/21\/louvores-comarca-de-aveiro\/#breadcrumb","itemListElement":[{"@type":"ListItem","position":1,"name":"In\u00edcio","item":"https:\/\/comarcas.csm.org.pt\/aveiro\/"},{"@type":"ListItem","position":2,"name":"Louvores | Comarca de Aveiro"}]},{"@type":"WebSite","@id":"https:\/\/comarcas.csm.org.pt\/aveiro\/#website","url":"https:\/\/comarcas.csm.org.pt\/aveiro\/","name":"Tribunal Judicial da Comarca de Aveiro","description":"Tribunal Judicial da Comarca de Aveiro","publisher":{"@id":"https:\/\/comarcas.csm.org.pt\/aveiro\/#organization"},"potentialAction":[{"@type":"SearchAction","target":{"@type":"EntryPoint","urlTemplate":"https:\/\/comarcas.csm.org.pt\/aveiro\/?s={search_term_string}"},"query-input":{"@type":"PropertyValueSpecification","valueRequired":true,"valueName":"search_term_string"}}],"inLanguage":"pt-PT"},{"@type":"Organization","@id":"https:\/\/comarcas.csm.org.pt\/aveiro\/#organization","name":"Tribunal Judicial da Comarca de Aveiro","url":"https:\/\/comarcas.csm.org.pt\/aveiro\/","logo":{"@type":"ImageObject","inLanguage":"pt-PT","@id":"https:\/\/comarcas.csm.org.pt\/aveiro\/#\/schema\/logo\/image\/","url":"https:\/\/comarcas.csm.org.pt\/aveiro\/wp-content\/uploads\/sites\/5\/2024\/09\/Aveiro_positivo-horizontal-1.png","contentUrl":"https:\/\/comarcas.csm.org.pt\/aveiro\/wp-content\/uploads\/sites\/5\/2024\/09\/Aveiro_positivo-horizontal-1.png","width":5153,"height":890,"caption":"Tribunal Judicial da Comarca de Aveiro"},"image":{"@id":"https:\/\/comarcas.csm.org.pt\/aveiro\/#\/schema\/logo\/image\/"}},{"@type":"Person","@id":"https:\/\/comarcas.csm.org.pt\/aveiro\/#\/schema\/person\/f47b76aceed6d6c815c9c7977bb8a7a5","name":"Teresa Marques","image":{"@type":"ImageObject","inLanguage":"pt-PT","@id":"https:\/\/comarcas.csm.org.pt\/aveiro\/#\/schema\/person\/image\/","url":"https:\/\/secure.gravatar.com\/avatar\/d30a09e3a926d9cc69b7afad7a0660d114597787266ebc6d1805f330dc2ba49a?s=96&d=mm&r=g","contentUrl":"https:\/\/secure.gravatar.com\/avatar\/d30a09e3a926d9cc69b7afad7a0660d114597787266ebc6d1805f330dc2ba49a?s=96&d=mm&r=g","caption":"Teresa Marques"},"url":"https:\/\/comarcas.csm.org.pt\/aveiro\/blog\/author\/teresamarques\/"}]}},"_links":{"self":[{"href":"https:\/\/comarcas.csm.org.pt\/aveiro\/wp-json\/wp\/v2\/posts\/13228","targetHints":{"allow":["GET"]}}],"collection":[{"href":"https:\/\/comarcas.csm.org.pt\/aveiro\/wp-json\/wp\/v2\/posts"}],"about":[{"href":"https:\/\/comarcas.csm.org.pt\/aveiro\/wp-json\/wp\/v2\/types\/post"}],"author":[{"embeddable":true,"href":"https:\/\/comarcas.csm.org.pt\/aveiro\/wp-json\/wp\/v2\/users\/4"}],"replies":[{"embeddable":true,"href":"https:\/\/comarcas.csm.org.pt\/aveiro\/wp-json\/wp\/v2\/comments?post=13228"}],"version-history":[{"count":13,"href":"https:\/\/comarcas.csm.org.pt\/aveiro\/wp-json\/wp\/v2\/posts\/13228\/revisions"}],"predecessor-version":[{"id":13328,"href":"https:\/\/comarcas.csm.org.pt\/aveiro\/wp-json\/wp\/v2\/posts\/13228\/revisions\/13328"}],"wp:attachment":[{"href":"https:\/\/comarcas.csm.org.pt\/aveiro\/wp-json\/wp\/v2\/media?parent=13228"}],"wp:term":[{"taxonomy":"category","embeddable":true,"href":"https:\/\/comarcas.csm.org.pt\/aveiro\/wp-json\/wp\/v2\/categories?post=13228"},{"taxonomy":"post_tag","embeddable":true,"href":"https:\/\/comarcas.csm.org.pt\/aveiro\/wp-json\/wp\/v2\/tags?post=13228"}],"curies":[{"name":"wp","href":"https:\/\/api.w.org\/{rel}","templated":true}]}}