{"id":14038,"date":"2026-03-08T00:10:00","date_gmt":"2026-03-08T00:10:00","guid":{"rendered":"https:\/\/comarcas.csm.org.pt\/braga\/?p=14038"},"modified":"2026-03-07T23:40:13","modified_gmt":"2026-03-07T23:40:13","slug":"dia-internacional-da-mulher","status":"publish","type":"post","link":"https:\/\/comarcas.csm.org.pt\/braga\/blog\/2026\/03\/08\/dia-internacional-da-mulher\/","title":{"rendered":"Dia Internacional da Mulher"},"content":{"rendered":"\n<p>Neste Dia Internacional da Mulher, destacamos a Comarca de Braga como um exemplo do papel determinante da mulher na sociedade, na vida profissional e na vida familiar.&nbsp;<\/p>\n\n\n\n<p>Liderada por tr\u00eas mulheres em fun\u00e7\u00f5es de particular responsabilidade&nbsp;\u2013&nbsp;Filipa Afonso Aguiar, Juiz Presidente,&nbsp;Maria&nbsp;Goretti&nbsp;Vicente Pereira,&nbsp;Procuradora-Geral Adjunta Coordenadora, Irene Amorim Morgado Pires, Administradora Judici\u00e1ria \u2013 a Comarca&nbsp;reflete a resili\u00eancia e a determina\u00e7\u00e3o&nbsp;da&nbsp;lideran\u00e7a feminina.&nbsp;<\/p>\n\n\n\n<p>Afirma-se ainda pela presen\u00e7a de muitas mulheres no desempenho das mais variadas fun\u00e7\u00f5es&nbsp;\u2013&nbsp;Magistradas&nbsp;Judiciais e do Minist\u00e9rio P\u00fablico, assessoras, funcion\u00e1rias judiciais, assistentes t\u00e9cnicas e demais trabalhadoras&nbsp;\u2013 que&nbsp;com o seu empenho di\u00e1rio, pessoal e profissional, contribuem de forma decisiva para o funcionamento da Justi\u00e7a e dos nossos&nbsp;Tribunais.&nbsp;<\/p>\n\n\n\n<p>Por isso, neste&nbsp;dia Internacional&nbsp;da Mulher, a Comarca expressa a todas as&nbsp;mulheres, especialmente \u00e0s&nbsp;nossas, um sincero reconhecimento.&nbsp;<\/p>\n\n\n\n<p>Votos de um dia especialmente feliz.&nbsp;<\/p>\n\n\n\n<figure class=\"wp-block-image size-large\"><img fetchpriority=\"high\" decoding=\"async\" width=\"1024\" height=\"400\" src=\"https:\/\/comarcas.csm.org.pt\/braga\/wp-content\/uploads\/sites\/9\/2026\/03\/banner-1024x400.jpg\" alt=\"\" class=\"wp-image-14039\" srcset=\"https:\/\/comarcas.csm.org.pt\/braga\/wp-content\/uploads\/sites\/9\/2026\/03\/banner-1024x400.jpg 1024w, https:\/\/comarcas.csm.org.pt\/braga\/wp-content\/uploads\/sites\/9\/2026\/03\/banner-300x117.jpg 300w, https:\/\/comarcas.csm.org.pt\/braga\/wp-content\/uploads\/sites\/9\/2026\/03\/banner-768x300.jpg 768w, https:\/\/comarcas.csm.org.pt\/braga\/wp-content\/uploads\/sites\/9\/2026\/03\/banner-1536x600.jpg 1536w, https:\/\/comarcas.csm.org.pt\/braga\/wp-content\/uploads\/sites\/9\/2026\/03\/banner.jpg 2048w\" sizes=\"(max-width: 1024px) 100vw, 1024px\" \/><\/figure>\n","protected":false},"excerpt":{"rendered":"<p>Neste Dia Internacional da Mulher, destacamos a Comarca de Braga como um exemplo do papel determinante da mulher na sociedade, na vida profissional e na vida familiar.&nbsp; Liderada por tr\u00eas mulheres em fun\u00e7\u00f5es de particular&#8230;<\/p>\n","protected":false},"author":9,"featured_media":0,"comment_status":"closed","ping_status":"open","sticky":false,"template":"","format":"standard","meta":{"_tbt_post_transparent":"","_tbt_post_title":"","_tbt_post_layout":"","_tbt_post_sidebar_id":"","_tbt_post_content_style":"","_tbt_post_vertical_padding":"","_tbt_post_feature":"","_tbt_post_feature_position":"","_tbt_post_header":false,"_tbt_post_footer":false},"categories":[1],"tags":[],"class_list":["post-14038","post","type-post","status-publish","format-standard","hentry","category-geral"],"yoast_head":"<!-- This site is optimized with the Yoast SEO plugin v25.6 - https:\/\/yoast.com\/wordpress\/plugins\/seo\/ -->\n<title>Dia Internacional da Mulher - Tribunal Judicial da Comarca de Braga<\/title>\n<meta name=\"robots\" content=\"index, follow, max-snippet:-1, max-image-preview:large, max-video-preview:-1\" \/>\n<link rel=\"canonical\" href=\"https:\/\/comarcas.csm.org.pt\/braga\/blog\/2026\/03\/08\/dia-internacional-da-mulher\/\" \/>\n<meta property=\"og:locale\" content=\"pt_PT\" \/>\n<meta property=\"og:type\" content=\"article\" \/>\n<meta property=\"og:title\" content=\"Dia Internacional da Mulher - Tribunal Judicial da Comarca de Braga\" \/>\n<meta property=\"og:description\" content=\"Neste Dia Internacional da Mulher, destacamos a Comarca de Braga como um exemplo do papel determinante da mulher na sociedade, na vida profissional e na vida familiar.&nbsp; Liderada por tr\u00eas mulheres em fun\u00e7\u00f5es de particular...\" \/>\n<meta property=\"og:url\" content=\"https:\/\/comarcas.csm.org.pt\/braga\/blog\/2026\/03\/08\/dia-internacional-da-mulher\/\" \/>\n<meta property=\"og:site_name\" content=\"Tribunal Judicial da Comarca de Braga\" \/>\n<meta property=\"article:published_time\" content=\"2026-03-08T00:10:00+00:00\" \/>\n<meta property=\"og:image\" content=\"https:\/\/comarcas.csm.org.pt\/braga\/wp-content\/uploads\/sites\/9\/2026\/03\/banner.jpg\" \/>\n\t<meta property=\"og:image:width\" content=\"2048\" \/>\n\t<meta property=\"og:image:height\" content=\"800\" \/>\n\t<meta property=\"og:image:type\" content=\"image\/jpeg\" \/>\n<meta name=\"author\" content=\"braga\" \/>\n<meta name=\"twitter:card\" content=\"summary_large_image\" \/>\n<meta name=\"twitter:label1\" content=\"Escrito por\" \/>\n\t<meta name=\"twitter:data1\" content=\"braga\" \/>\n\t<meta name=\"twitter:label2\" content=\"Tempo estimado de leitura\" \/>\n\t<meta name=\"twitter:data2\" content=\"1 minuto\" \/>\n<script type=\"application\/ld+json\" class=\"yoast-schema-graph\">{\"@context\":\"https:\/\/schema.org\",\"@graph\":[{\"@type\":\"Article\",\"@id\":\"https:\/\/comarcas.csm.org.pt\/braga\/blog\/2026\/03\/08\/dia-internacional-da-mulher\/#article\",\"isPartOf\":{\"@id\":\"https:\/\/comarcas.csm.org.pt\/braga\/blog\/2026\/03\/08\/dia-internacional-da-mulher\/\"},\"author\":{\"name\":\"braga\",\"@id\":\"https:\/\/comarcas.csm.org.pt\/braga\/#\/schema\/person\/ea498082ee400eb551d99ed5dee89b91\"},\"headline\":\"Dia Internacional da Mulher\",\"datePublished\":\"2026-03-08T00:10:00+00:00\",\"mainEntityOfPage\":{\"@id\":\"https:\/\/comarcas.csm.org.pt\/braga\/blog\/2026\/03\/08\/dia-internacional-da-mulher\/\"},\"wordCount\":182,\"publisher\":{\"@id\":\"https:\/\/comarcas.csm.org.pt\/braga\/#organization\"},\"image\":{\"@id\":\"https:\/\/comarcas.csm.org.pt\/braga\/blog\/2026\/03\/08\/dia-internacional-da-mulher\/#primaryimage\"},\"thumbnailUrl\":\"https:\/\/comarcas.csm.org.pt\/braga\/wp-content\/uploads\/sites\/9\/2026\/03\/banner-1024x400.jpg\",\"articleSection\":[\"Geral\"],\"inLanguage\":\"pt-PT\"},{\"@type\":\"WebPage\",\"@id\":\"https:\/\/comarcas.csm.org.pt\/braga\/blog\/2026\/03\/08\/dia-internacional-da-mulher\/\",\"url\":\"https:\/\/comarcas.csm.org.pt\/braga\/blog\/2026\/03\/08\/dia-internacional-da-mulher\/\",\"name\":\"Dia Internacional da Mulher - Tribunal Judicial da Comarca de Braga\",\"isPartOf\":{\"@id\":\"https:\/\/comarcas.csm.org.pt\/braga\/#website\"},\"primaryImageOfPage\":{\"@id\":\"https:\/\/comarcas.csm.org.pt\/braga\/blog\/2026\/03\/08\/dia-internacional-da-mulher\/#primaryimage\"},\"image\":{\"@id\":\"https:\/\/comarcas.csm.org.pt\/braga\/blog\/2026\/03\/08\/dia-internacional-da-mulher\/#primaryimage\"},\"thumbnailUrl\":\"https:\/\/comarcas.csm.org.pt\/braga\/wp-content\/uploads\/sites\/9\/2026\/03\/banner-1024x400.jpg\",\"datePublished\":\"2026-03-08T00:10:00+00:00\",\"breadcrumb\":{\"@id\":\"https:\/\/comarcas.csm.org.pt\/braga\/blog\/2026\/03\/08\/dia-internacional-da-mulher\/#breadcrumb\"},\"inLanguage\":\"pt-PT\",\"potentialAction\":[{\"@type\":\"ReadAction\",\"target\":[\"https:\/\/comarcas.csm.org.pt\/braga\/blog\/2026\/03\/08\/dia-internacional-da-mulher\/\"]}]},{\"@type\":\"ImageObject\",\"inLanguage\":\"pt-PT\",\"@id\":\"https:\/\/comarcas.csm.org.pt\/braga\/blog\/2026\/03\/08\/dia-internacional-da-mulher\/#primaryimage\",\"url\":\"https:\/\/comarcas.csm.org.pt\/braga\/wp-content\/uploads\/sites\/9\/2026\/03\/banner.jpg\",\"contentUrl\":\"https:\/\/comarcas.csm.org.pt\/braga\/wp-content\/uploads\/sites\/9\/2026\/03\/banner.jpg\",\"width\":2048,\"height\":800},{\"@type\":\"BreadcrumbList\",\"@id\":\"https:\/\/comarcas.csm.org.pt\/braga\/blog\/2026\/03\/08\/dia-internacional-da-mulher\/#breadcrumb\",\"itemListElement\":[{\"@type\":\"ListItem\",\"position\":1,\"name\":\"In\u00edcio\",\"item\":\"https:\/\/comarcas.csm.org.pt\/braga\/\"},{\"@type\":\"ListItem\",\"position\":2,\"name\":\"Dia Internacional da Mulher\"}]},{\"@type\":\"WebSite\",\"@id\":\"https:\/\/comarcas.csm.org.pt\/braga\/#website\",\"url\":\"https:\/\/comarcas.csm.org.pt\/braga\/\",\"name\":\"Tribunal Judicial da Comarca de Braga\",\"description\":\"Tribunal Judicial da Comarca de Aveiro\",\"publisher\":{\"@id\":\"https:\/\/comarcas.csm.org.pt\/braga\/#organization\"},\"potentialAction\":[{\"@type\":\"SearchAction\",\"target\":{\"@type\":\"EntryPoint\",\"urlTemplate\":\"https:\/\/comarcas.csm.org.pt\/braga\/?s={search_term_string}\"},\"query-input\":{\"@type\":\"PropertyValueSpecification\",\"valueRequired\":true,\"valueName\":\"search_term_string\"}}],\"inLanguage\":\"pt-PT\"},{\"@type\":\"Organization\",\"@id\":\"https:\/\/comarcas.csm.org.pt\/braga\/#organization\",\"name\":\"Tribunal Judicial da Comarca de Braga\",\"url\":\"https:\/\/comarcas.csm.org.pt\/braga\/\",\"logo\":{\"@type\":\"ImageObject\",\"inLanguage\":\"pt-PT\",\"@id\":\"https:\/\/comarcas.csm.org.pt\/braga\/#\/schema\/logo\/image\/\",\"url\":\"https:\/\/comarcas.csm.org.pt\/braga\/wp-content\/uploads\/sites\/9\/2024\/11\/Braga_positivo-horizontal.png\",\"contentUrl\":\"https:\/\/comarcas.csm.org.pt\/braga\/wp-content\/uploads\/sites\/9\/2024\/11\/Braga_positivo-horizontal.png\",\"width\":4720,\"height\":933,\"caption\":\"Tribunal Judicial da Comarca de Braga\"},\"image\":{\"@id\":\"https:\/\/comarcas.csm.org.pt\/braga\/#\/schema\/logo\/image\/\"}},{\"@type\":\"Person\",\"@id\":\"https:\/\/comarcas.csm.org.pt\/braga\/#\/schema\/person\/ea498082ee400eb551d99ed5dee89b91\",\"name\":\"braga\",\"image\":{\"@type\":\"ImageObject\",\"inLanguage\":\"pt-PT\",\"@id\":\"https:\/\/comarcas.csm.org.pt\/braga\/#\/schema\/person\/image\/\",\"url\":\"https:\/\/secure.gravatar.com\/avatar\/0898b27c4d16a61a35fd6b9541806980937a5edd308a54bcd4c18fb91bb1a332?s=96&d=mm&r=g\",\"contentUrl\":\"https:\/\/secure.gravatar.com\/avatar\/0898b27c4d16a61a35fd6b9541806980937a5edd308a54bcd4c18fb91bb1a332?s=96&d=mm&r=g\",\"caption\":\"braga\"},\"url\":\"https:\/\/comarcas.csm.org.pt\/braga\/blog\/author\/braga\/\"}]}<\/script>\n<!-- \/ Yoast SEO plugin. -->","yoast_head_json":{"title":"Dia Internacional da Mulher - Tribunal Judicial da Comarca de Braga","robots":{"index":"index","follow":"follow","max-snippet":"max-snippet:-1","max-image-preview":"max-image-preview:large","max-video-preview":"max-video-preview:-1"},"canonical":"https:\/\/comarcas.csm.org.pt\/braga\/blog\/2026\/03\/08\/dia-internacional-da-mulher\/","og_locale":"pt_PT","og_type":"article","og_title":"Dia Internacional da Mulher - Tribunal Judicial da Comarca de Braga","og_description":"Neste Dia Internacional da Mulher, destacamos a Comarca de Braga como um exemplo do papel determinante da mulher na sociedade, na vida profissional e na vida familiar.&nbsp; Liderada por tr\u00eas mulheres em fun\u00e7\u00f5es de particular...","og_url":"https:\/\/comarcas.csm.org.pt\/braga\/blog\/2026\/03\/08\/dia-internacional-da-mulher\/","og_site_name":"Tribunal Judicial da Comarca de Braga","article_published_time":"2026-03-08T00:10:00+00:00","og_image":[{"width":2048,"height":800,"url":"https:\/\/comarcas.csm.org.pt\/braga\/wp-content\/uploads\/sites\/9\/2026\/03\/banner.jpg","type":"image\/jpeg"}],"author":"braga","twitter_card":"summary_large_image","twitter_misc":{"Escrito por":"braga","Tempo estimado de leitura":"1 minuto"},"schema":{"@context":"https:\/\/schema.org","@graph":[{"@type":"Article","@id":"https:\/\/comarcas.csm.org.pt\/braga\/blog\/2026\/03\/08\/dia-internacional-da-mulher\/#article","isPartOf":{"@id":"https:\/\/comarcas.csm.org.pt\/braga\/blog\/2026\/03\/08\/dia-internacional-da-mulher\/"},"author":{"name":"braga","@id":"https:\/\/comarcas.csm.org.pt\/braga\/#\/schema\/person\/ea498082ee400eb551d99ed5dee89b91"},"headline":"Dia Internacional da Mulher","datePublished":"2026-03-08T00:10:00+00:00","mainEntityOfPage":{"@id":"https:\/\/comarcas.csm.org.pt\/braga\/blog\/2026\/03\/08\/dia-internacional-da-mulher\/"},"wordCount":182,"publisher":{"@id":"https:\/\/comarcas.csm.org.pt\/braga\/#organization"},"image":{"@id":"https:\/\/comarcas.csm.org.pt\/braga\/blog\/2026\/03\/08\/dia-internacional-da-mulher\/#primaryimage"},"thumbnailUrl":"https:\/\/comarcas.csm.org.pt\/braga\/wp-content\/uploads\/sites\/9\/2026\/03\/banner-1024x400.jpg","articleSection":["Geral"],"inLanguage":"pt-PT"},{"@type":"WebPage","@id":"https:\/\/comarcas.csm.org.pt\/braga\/blog\/2026\/03\/08\/dia-internacional-da-mulher\/","url":"https:\/\/comarcas.csm.org.pt\/braga\/blog\/2026\/03\/08\/dia-internacional-da-mulher\/","name":"Dia Internacional da Mulher - Tribunal Judicial da Comarca de Braga","isPartOf":{"@id":"https:\/\/comarcas.csm.org.pt\/braga\/#website"},"primaryImageOfPage":{"@id":"https:\/\/comarcas.csm.org.pt\/braga\/blog\/2026\/03\/08\/dia-internacional-da-mulher\/#primaryimage"},"image":{"@id":"https:\/\/comarcas.csm.org.pt\/braga\/blog\/2026\/03\/08\/dia-internacional-da-mulher\/#primaryimage"},"thumbnailUrl":"https:\/\/comarcas.csm.org.pt\/braga\/wp-content\/uploads\/sites\/9\/2026\/03\/banner-1024x400.jpg","datePublished":"2026-03-08T00:10:00+00:00","breadcrumb":{"@id":"https:\/\/comarcas.csm.org.pt\/braga\/blog\/2026\/03\/08\/dia-internacional-da-mulher\/#breadcrumb"},"inLanguage":"pt-PT","potentialAction":[{"@type":"ReadAction","target":["https:\/\/comarcas.csm.org.pt\/braga\/blog\/2026\/03\/08\/dia-internacional-da-mulher\/"]}]},{"@type":"ImageObject","inLanguage":"pt-PT","@id":"https:\/\/comarcas.csm.org.pt\/braga\/blog\/2026\/03\/08\/dia-internacional-da-mulher\/#primaryimage","url":"https:\/\/comarcas.csm.org.pt\/braga\/wp-content\/uploads\/sites\/9\/2026\/03\/banner.jpg","contentUrl":"https:\/\/comarcas.csm.org.pt\/braga\/wp-content\/uploads\/sites\/9\/2026\/03\/banner.jpg","width":2048,"height":800},{"@type":"BreadcrumbList","@id":"https:\/\/comarcas.csm.org.pt\/braga\/blog\/2026\/03\/08\/dia-internacional-da-mulher\/#breadcrumb","itemListElement":[{"@type":"ListItem","position":1,"name":"In\u00edcio","item":"https:\/\/comarcas.csm.org.pt\/braga\/"},{"@type":"ListItem","position":2,"name":"Dia Internacional da Mulher"}]},{"@type":"WebSite","@id":"https:\/\/comarcas.csm.org.pt\/braga\/#website","url":"https:\/\/comarcas.csm.org.pt\/braga\/","name":"Tribunal Judicial da Comarca de Braga","description":"Tribunal Judicial da Comarca de Aveiro","publisher":{"@id":"https:\/\/comarcas.csm.org.pt\/braga\/#organization"},"potentialAction":[{"@type":"SearchAction","target":{"@type":"EntryPoint","urlTemplate":"https:\/\/comarcas.csm.org.pt\/braga\/?s={search_term_string}"},"query-input":{"@type":"PropertyValueSpecification","valueRequired":true,"valueName":"search_term_string"}}],"inLanguage":"pt-PT"},{"@type":"Organization","@id":"https:\/\/comarcas.csm.org.pt\/braga\/#organization","name":"Tribunal Judicial da Comarca de Braga","url":"https:\/\/comarcas.csm.org.pt\/braga\/","logo":{"@type":"ImageObject","inLanguage":"pt-PT","@id":"https:\/\/comarcas.csm.org.pt\/braga\/#\/schema\/logo\/image\/","url":"https:\/\/comarcas.csm.org.pt\/braga\/wp-content\/uploads\/sites\/9\/2024\/11\/Braga_positivo-horizontal.png","contentUrl":"https:\/\/comarcas.csm.org.pt\/braga\/wp-content\/uploads\/sites\/9\/2024\/11\/Braga_positivo-horizontal.png","width":4720,"height":933,"caption":"Tribunal Judicial da Comarca de Braga"},"image":{"@id":"https:\/\/comarcas.csm.org.pt\/braga\/#\/schema\/logo\/image\/"}},{"@type":"Person","@id":"https:\/\/comarcas.csm.org.pt\/braga\/#\/schema\/person\/ea498082ee400eb551d99ed5dee89b91","name":"braga","image":{"@type":"ImageObject","inLanguage":"pt-PT","@id":"https:\/\/comarcas.csm.org.pt\/braga\/#\/schema\/person\/image\/","url":"https:\/\/secure.gravatar.com\/avatar\/0898b27c4d16a61a35fd6b9541806980937a5edd308a54bcd4c18fb91bb1a332?s=96&d=mm&r=g","contentUrl":"https:\/\/secure.gravatar.com\/avatar\/0898b27c4d16a61a35fd6b9541806980937a5edd308a54bcd4c18fb91bb1a332?s=96&d=mm&r=g","caption":"braga"},"url":"https:\/\/comarcas.csm.org.pt\/braga\/blog\/author\/braga\/"}]}},"_links":{"self":[{"href":"https:\/\/comarcas.csm.org.pt\/braga\/wp-json\/wp\/v2\/posts\/14038","targetHints":{"allow":["GET"]}}],"collection":[{"href":"https:\/\/comarcas.csm.org.pt\/braga\/wp-json\/wp\/v2\/posts"}],"about":[{"href":"https:\/\/comarcas.csm.org.pt\/braga\/wp-json\/wp\/v2\/types\/post"}],"author":[{"embeddable":true,"href":"https:\/\/comarcas.csm.org.pt\/braga\/wp-json\/wp\/v2\/users\/9"}],"replies":[{"embeddable":true,"href":"https:\/\/comarcas.csm.org.pt\/braga\/wp-json\/wp\/v2\/comments?post=14038"}],"version-history":[{"count":1,"href":"https:\/\/comarcas.csm.org.pt\/braga\/wp-json\/wp\/v2\/posts\/14038\/revisions"}],"predecessor-version":[{"id":14040,"href":"https:\/\/comarcas.csm.org.pt\/braga\/wp-json\/wp\/v2\/posts\/14038\/revisions\/14040"}],"wp:attachment":[{"href":"https:\/\/comarcas.csm.org.pt\/braga\/wp-json\/wp\/v2\/media?parent=14038"}],"wp:term":[{"taxonomy":"category","embeddable":true,"href":"https:\/\/comarcas.csm.org.pt\/braga\/wp-json\/wp\/v2\/categories?post=14038"},{"taxonomy":"post_tag","embeddable":true,"href":"https:\/\/comarcas.csm.org.pt\/braga\/wp-json\/wp\/v2\/tags?post=14038"}],"curies":[{"name":"wp","href":"https:\/\/api.w.org\/{rel}","templated":true}]}}