{"id":14070,"date":"2026-03-11T22:13:03","date_gmt":"2026-03-11T22:13:03","guid":{"rendered":"https:\/\/comarcas.csm.org.pt\/braga\/?p=14070"},"modified":"2026-03-11T22:14:37","modified_gmt":"2026-03-11T22:14:37","slug":"visita-do-presidente-da-republica-a-guimaraes","status":"publish","type":"post","link":"https:\/\/comarcas.csm.org.pt\/braga\/blog\/2026\/03\/11\/visita-do-presidente-da-republica-a-guimaraes\/","title":{"rendered":"Visita do Presidente da Rep\u00fablica a Guimar\u00e3es"},"content":{"rendered":"\n<p>No passado dia 10 de mar\u00e7o de 2026, a Comarca de Braga fez-se representar, atrav\u00e9s da presen\u00e7a da Senhora Ju\u00edza Presidente, Filipa Afonso Aguiar, na visita do Presidente da Rep\u00fablica, Ant\u00f3nio Jos\u00e9 Seguro, \u00e0 cidade de Guimar\u00e3es \u2013 Capital Verde Europeia 2026.<\/p>\n\n\n\n<p>Acompanhado pela Ministra do Ambiente e Energia, Maria da Gra\u00e7a Carvalho, o Presidente da Rep\u00fablica visitou o Laborat\u00f3rio da Paisagem \u2013 Associa\u00e7\u00e3o para a Promo\u00e7\u00e3o do Desenvolvimento Sustent\u00e1vel, fundada pela C\u00e2mara Municipal de Guimar\u00e3es, pela Universidade do Minho e pela Universidade de Tr\u00e1s-os-Montes e Alto Douro \u2013 onde foram apresentados projetos e iniciativas desenvolvidos naquele espa\u00e7o nas \u00e1reas da sustentabilidade e da inova\u00e7\u00e3o ambiental.<\/p>\n\n\n\n<p>A sess\u00e3o prosseguiu com a apresenta\u00e7\u00e3o de Guimar\u00e3es 26 \u2013 Capital Verde Europeia, momento dedicado \u00e0 divulga\u00e7\u00e3o dos objetivos e das linhas orientadoras desta iniciativa.<\/p>\n\n\n\n<p>Ao Laborat\u00f3rio da Paisagem, pelo trabalho desenvolvido em prol da sustentabilidade e da inova\u00e7\u00e3o ambiental, a Comarca de Braga dirige uma palavra de reconhecimento, manifestando-se atenta \u00e0s iniciativas culturais, sociais e territoriais onde se insere.<\/p>\n\n\n\n<figure class=\"wp-block-gallery aligncenter has-nested-images columns-default is-cropped wp-block-gallery-1 is-layout-flex wp-block-gallery-is-layout-flex\">\n<figure class=\"wp-block-image size-large\"><img fetchpriority=\"high\" decoding=\"async\" width=\"240\" height=\"320\" data-id=\"14073\" src=\"https:\/\/comarcas.csm.org.pt\/braga\/wp-content\/uploads\/sites\/9\/2026\/03\/IMG_0135-rotated.jpeg\" alt=\"\" class=\"wp-image-14073\" srcset=\"https:\/\/comarcas.csm.org.pt\/braga\/wp-content\/uploads\/sites\/9\/2026\/03\/IMG_0135-rotated.jpeg 240w, https:\/\/comarcas.csm.org.pt\/braga\/wp-content\/uploads\/sites\/9\/2026\/03\/IMG_0135-225x300.jpeg 225w\" sizes=\"(max-width: 240px) 100vw, 240px\" \/><\/figure>\n\n\n\n<figure class=\"wp-block-image size-large\"><img decoding=\"async\" width=\"320\" height=\"214\" data-id=\"14071\" src=\"https:\/\/comarcas.csm.org.pt\/braga\/wp-content\/uploads\/sites\/9\/2026\/03\/IMG_0142.jpg\" alt=\"\" class=\"wp-image-14071\" srcset=\"https:\/\/comarcas.csm.org.pt\/braga\/wp-content\/uploads\/sites\/9\/2026\/03\/IMG_0142.jpg 320w, https:\/\/comarcas.csm.org.pt\/braga\/wp-content\/uploads\/sites\/9\/2026\/03\/IMG_0142-300x201.jpg 300w\" sizes=\"(max-width: 320px) 100vw, 320px\" \/><\/figure>\n\n\n\n<figure class=\"wp-block-image size-large\"><img decoding=\"async\" width=\"1024\" height=\"683\" data-id=\"14072\" src=\"https:\/\/comarcas.csm.org.pt\/braga\/wp-content\/uploads\/sites\/9\/2026\/03\/IMG_0143-1024x683.jpg\" alt=\"\" class=\"wp-image-14072\" srcset=\"https:\/\/comarcas.csm.org.pt\/braga\/wp-content\/uploads\/sites\/9\/2026\/03\/IMG_0143-1024x683.jpg 1024w, https:\/\/comarcas.csm.org.pt\/braga\/wp-content\/uploads\/sites\/9\/2026\/03\/IMG_0143-300x200.jpg 300w, https:\/\/comarcas.csm.org.pt\/braga\/wp-content\/uploads\/sites\/9\/2026\/03\/IMG_0143-768x512.jpg 768w, https:\/\/comarcas.csm.org.pt\/braga\/wp-content\/uploads\/sites\/9\/2026\/03\/IMG_0143-1536x1025.jpg 1536w, https:\/\/comarcas.csm.org.pt\/braga\/wp-content\/uploads\/sites\/9\/2026\/03\/IMG_0143.jpg 2048w\" sizes=\"(max-width: 1024px) 100vw, 1024px\" \/><\/figure>\n\n\n\n<figure class=\"wp-block-image size-large\"><img loading=\"lazy\" decoding=\"async\" width=\"1024\" height=\"683\" data-id=\"14074\" src=\"https:\/\/comarcas.csm.org.pt\/braga\/wp-content\/uploads\/sites\/9\/2026\/03\/IMG_0138-1024x683.jpg\" alt=\"\" class=\"wp-image-14074\" srcset=\"https:\/\/comarcas.csm.org.pt\/braga\/wp-content\/uploads\/sites\/9\/2026\/03\/IMG_0138-1024x683.jpg 1024w, https:\/\/comarcas.csm.org.pt\/braga\/wp-content\/uploads\/sites\/9\/2026\/03\/IMG_0138-300x200.jpg 300w, https:\/\/comarcas.csm.org.pt\/braga\/wp-content\/uploads\/sites\/9\/2026\/03\/IMG_0138-768x512.jpg 768w, https:\/\/comarcas.csm.org.pt\/braga\/wp-content\/uploads\/sites\/9\/2026\/03\/IMG_0138-1536x1024.jpg 1536w, https:\/\/comarcas.csm.org.pt\/braga\/wp-content\/uploads\/sites\/9\/2026\/03\/IMG_0138.jpg 2048w\" sizes=\"(max-width: 1024px) 100vw, 1024px\" \/><\/figure>\n<\/figure>\n","protected":false},"excerpt":{"rendered":"<p>No passado dia 10 de mar\u00e7o de 2026, a Comarca de Braga fez-se representar, atrav\u00e9s da presen\u00e7a da Senhora Ju\u00edza Presidente, Filipa Afonso Aguiar, na visita do Presidente da Rep\u00fablica, Ant\u00f3nio Jos\u00e9 Seguro, \u00e0 cidade&#8230;<\/p>\n","protected":false},"author":9,"featured_media":0,"comment_status":"closed","ping_status":"open","sticky":false,"template":"","format":"standard","meta":{"_tbt_post_transparent":"","_tbt_post_title":"","_tbt_post_layout":"","_tbt_post_sidebar_id":"","_tbt_post_content_style":"","_tbt_post_vertical_padding":"","_tbt_post_feature":"","_tbt_post_feature_position":"","_tbt_post_header":false,"_tbt_post_footer":false},"categories":[1],"tags":[],"class_list":["post-14070","post","type-post","status-publish","format-standard","hentry","category-geral"],"yoast_head":"<!-- This site is optimized with the Yoast SEO plugin v25.6 - https:\/\/yoast.com\/wordpress\/plugins\/seo\/ -->\n<title>Visita do Presidente da Rep\u00fablica a Guimar\u00e3es - Tribunal Judicial da Comarca de Braga<\/title>\n<meta name=\"robots\" content=\"index, follow, max-snippet:-1, max-image-preview:large, max-video-preview:-1\" \/>\n<link rel=\"canonical\" href=\"https:\/\/comarcas.csm.org.pt\/braga\/blog\/2026\/03\/11\/visita-do-presidente-da-republica-a-guimaraes\/\" \/>\n<meta property=\"og:locale\" content=\"pt_PT\" \/>\n<meta property=\"og:type\" content=\"article\" \/>\n<meta property=\"og:title\" content=\"Visita do Presidente da Rep\u00fablica a Guimar\u00e3es - Tribunal Judicial da Comarca de Braga\" \/>\n<meta property=\"og:description\" content=\"No passado dia 10 de mar\u00e7o de 2026, a Comarca de Braga fez-se representar, atrav\u00e9s da presen\u00e7a da Senhora Ju\u00edza Presidente, Filipa Afonso Aguiar, na visita do Presidente da Rep\u00fablica, Ant\u00f3nio Jos\u00e9 Seguro, \u00e0 cidade...\" \/>\n<meta property=\"og:url\" content=\"https:\/\/comarcas.csm.org.pt\/braga\/blog\/2026\/03\/11\/visita-do-presidente-da-republica-a-guimaraes\/\" \/>\n<meta property=\"og:site_name\" content=\"Tribunal Judicial da Comarca de Braga\" \/>\n<meta property=\"article:published_time\" content=\"2026-03-11T22:13:03+00:00\" \/>\n<meta property=\"article:modified_time\" content=\"2026-03-11T22:14:37+00:00\" \/>\n<meta property=\"og:image\" content=\"https:\/\/comarcas.csm.org.pt\/braga\/wp-content\/uploads\/sites\/9\/2026\/03\/IMG_0135-rotated.jpeg\" \/>\n\t<meta property=\"og:image:width\" content=\"240\" \/>\n\t<meta property=\"og:image:height\" content=\"320\" \/>\n\t<meta property=\"og:image:type\" content=\"image\/jpeg\" \/>\n<meta name=\"author\" content=\"braga\" \/>\n<meta name=\"twitter:card\" content=\"summary_large_image\" \/>\n<meta name=\"twitter:label1\" content=\"Escrito por\" \/>\n\t<meta name=\"twitter:data1\" content=\"braga\" \/>\n\t<meta name=\"twitter:label2\" content=\"Tempo estimado de leitura\" \/>\n\t<meta name=\"twitter:data2\" content=\"2 minutos\" \/>\n<script type=\"application\/ld+json\" class=\"yoast-schema-graph\">{\"@context\":\"https:\/\/schema.org\",\"@graph\":[{\"@type\":\"Article\",\"@id\":\"https:\/\/comarcas.csm.org.pt\/braga\/blog\/2026\/03\/11\/visita-do-presidente-da-republica-a-guimaraes\/#article\",\"isPartOf\":{\"@id\":\"https:\/\/comarcas.csm.org.pt\/braga\/blog\/2026\/03\/11\/visita-do-presidente-da-republica-a-guimaraes\/\"},\"author\":{\"name\":\"braga\",\"@id\":\"https:\/\/comarcas.csm.org.pt\/braga\/#\/schema\/person\/ea498082ee400eb551d99ed5dee89b91\"},\"headline\":\"Visita do Presidente da Rep\u00fablica a Guimar\u00e3es\",\"datePublished\":\"2026-03-11T22:13:03+00:00\",\"dateModified\":\"2026-03-11T22:14:37+00:00\",\"mainEntityOfPage\":{\"@id\":\"https:\/\/comarcas.csm.org.pt\/braga\/blog\/2026\/03\/11\/visita-do-presidente-da-republica-a-guimaraes\/\"},\"wordCount\":189,\"publisher\":{\"@id\":\"https:\/\/comarcas.csm.org.pt\/braga\/#organization\"},\"image\":{\"@id\":\"https:\/\/comarcas.csm.org.pt\/braga\/blog\/2026\/03\/11\/visita-do-presidente-da-republica-a-guimaraes\/#primaryimage\"},\"thumbnailUrl\":\"https:\/\/comarcas.csm.org.pt\/braga\/wp-content\/uploads\/sites\/9\/2026\/03\/IMG_0135-rotated.jpeg\",\"articleSection\":[\"Geral\"],\"inLanguage\":\"pt-PT\"},{\"@type\":\"WebPage\",\"@id\":\"https:\/\/comarcas.csm.org.pt\/braga\/blog\/2026\/03\/11\/visita-do-presidente-da-republica-a-guimaraes\/\",\"url\":\"https:\/\/comarcas.csm.org.pt\/braga\/blog\/2026\/03\/11\/visita-do-presidente-da-republica-a-guimaraes\/\",\"name\":\"Visita do Presidente da Rep\u00fablica a Guimar\u00e3es - Tribunal Judicial da Comarca de Braga\",\"isPartOf\":{\"@id\":\"https:\/\/comarcas.csm.org.pt\/braga\/#website\"},\"primaryImageOfPage\":{\"@id\":\"https:\/\/comarcas.csm.org.pt\/braga\/blog\/2026\/03\/11\/visita-do-presidente-da-republica-a-guimaraes\/#primaryimage\"},\"image\":{\"@id\":\"https:\/\/comarcas.csm.org.pt\/braga\/blog\/2026\/03\/11\/visita-do-presidente-da-republica-a-guimaraes\/#primaryimage\"},\"thumbnailUrl\":\"https:\/\/comarcas.csm.org.pt\/braga\/wp-content\/uploads\/sites\/9\/2026\/03\/IMG_0135-rotated.jpeg\",\"datePublished\":\"2026-03-11T22:13:03+00:00\",\"dateModified\":\"2026-03-11T22:14:37+00:00\",\"breadcrumb\":{\"@id\":\"https:\/\/comarcas.csm.org.pt\/braga\/blog\/2026\/03\/11\/visita-do-presidente-da-republica-a-guimaraes\/#breadcrumb\"},\"inLanguage\":\"pt-PT\",\"potentialAction\":[{\"@type\":\"ReadAction\",\"target\":[\"https:\/\/comarcas.csm.org.pt\/braga\/blog\/2026\/03\/11\/visita-do-presidente-da-republica-a-guimaraes\/\"]}]},{\"@type\":\"ImageObject\",\"inLanguage\":\"pt-PT\",\"@id\":\"https:\/\/comarcas.csm.org.pt\/braga\/blog\/2026\/03\/11\/visita-do-presidente-da-republica-a-guimaraes\/#primaryimage\",\"url\":\"https:\/\/comarcas.csm.org.pt\/braga\/wp-content\/uploads\/sites\/9\/2026\/03\/IMG_0135-rotated.jpeg\",\"contentUrl\":\"https:\/\/comarcas.csm.org.pt\/braga\/wp-content\/uploads\/sites\/9\/2026\/03\/IMG_0135-rotated.jpeg\",\"width\":240,\"height\":320},{\"@type\":\"BreadcrumbList\",\"@id\":\"https:\/\/comarcas.csm.org.pt\/braga\/blog\/2026\/03\/11\/visita-do-presidente-da-republica-a-guimaraes\/#breadcrumb\",\"itemListElement\":[{\"@type\":\"ListItem\",\"position\":1,\"name\":\"In\u00edcio\",\"item\":\"https:\/\/comarcas.csm.org.pt\/braga\/\"},{\"@type\":\"ListItem\",\"position\":2,\"name\":\"Visita do Presidente da Rep\u00fablica a Guimar\u00e3es\"}]},{\"@type\":\"WebSite\",\"@id\":\"https:\/\/comarcas.csm.org.pt\/braga\/#website\",\"url\":\"https:\/\/comarcas.csm.org.pt\/braga\/\",\"name\":\"Tribunal Judicial da Comarca de Braga\",\"description\":\"Tribunal Judicial da Comarca de Aveiro\",\"publisher\":{\"@id\":\"https:\/\/comarcas.csm.org.pt\/braga\/#organization\"},\"potentialAction\":[{\"@type\":\"SearchAction\",\"target\":{\"@type\":\"EntryPoint\",\"urlTemplate\":\"https:\/\/comarcas.csm.org.pt\/braga\/?s={search_term_string}\"},\"query-input\":{\"@type\":\"PropertyValueSpecification\",\"valueRequired\":true,\"valueName\":\"search_term_string\"}}],\"inLanguage\":\"pt-PT\"},{\"@type\":\"Organization\",\"@id\":\"https:\/\/comarcas.csm.org.pt\/braga\/#organization\",\"name\":\"Tribunal Judicial da Comarca de Braga\",\"url\":\"https:\/\/comarcas.csm.org.pt\/braga\/\",\"logo\":{\"@type\":\"ImageObject\",\"inLanguage\":\"pt-PT\",\"@id\":\"https:\/\/comarcas.csm.org.pt\/braga\/#\/schema\/logo\/image\/\",\"url\":\"https:\/\/comarcas.csm.org.pt\/braga\/wp-content\/uploads\/sites\/9\/2024\/11\/Braga_positivo-horizontal.png\",\"contentUrl\":\"https:\/\/comarcas.csm.org.pt\/braga\/wp-content\/uploads\/sites\/9\/2024\/11\/Braga_positivo-horizontal.png\",\"width\":4720,\"height\":933,\"caption\":\"Tribunal Judicial da Comarca de Braga\"},\"image\":{\"@id\":\"https:\/\/comarcas.csm.org.pt\/braga\/#\/schema\/logo\/image\/\"}},{\"@type\":\"Person\",\"@id\":\"https:\/\/comarcas.csm.org.pt\/braga\/#\/schema\/person\/ea498082ee400eb551d99ed5dee89b91\",\"name\":\"braga\",\"image\":{\"@type\":\"ImageObject\",\"inLanguage\":\"pt-PT\",\"@id\":\"https:\/\/comarcas.csm.org.pt\/braga\/#\/schema\/person\/image\/\",\"url\":\"https:\/\/secure.gravatar.com\/avatar\/0898b27c4d16a61a35fd6b9541806980937a5edd308a54bcd4c18fb91bb1a332?s=96&d=mm&r=g\",\"contentUrl\":\"https:\/\/secure.gravatar.com\/avatar\/0898b27c4d16a61a35fd6b9541806980937a5edd308a54bcd4c18fb91bb1a332?s=96&d=mm&r=g\",\"caption\":\"braga\"},\"url\":\"https:\/\/comarcas.csm.org.pt\/braga\/blog\/author\/braga\/\"}]}<\/script>\n<!-- \/ Yoast SEO plugin. -->","yoast_head_json":{"title":"Visita do Presidente da Rep\u00fablica a Guimar\u00e3es - Tribunal Judicial da Comarca de Braga","robots":{"index":"index","follow":"follow","max-snippet":"max-snippet:-1","max-image-preview":"max-image-preview:large","max-video-preview":"max-video-preview:-1"},"canonical":"https:\/\/comarcas.csm.org.pt\/braga\/blog\/2026\/03\/11\/visita-do-presidente-da-republica-a-guimaraes\/","og_locale":"pt_PT","og_type":"article","og_title":"Visita do Presidente da Rep\u00fablica a Guimar\u00e3es - Tribunal Judicial da Comarca de Braga","og_description":"No passado dia 10 de mar\u00e7o de 2026, a Comarca de Braga fez-se representar, atrav\u00e9s da presen\u00e7a da Senhora Ju\u00edza Presidente, Filipa Afonso Aguiar, na visita do Presidente da Rep\u00fablica, Ant\u00f3nio Jos\u00e9 Seguro, \u00e0 cidade...","og_url":"https:\/\/comarcas.csm.org.pt\/braga\/blog\/2026\/03\/11\/visita-do-presidente-da-republica-a-guimaraes\/","og_site_name":"Tribunal Judicial da Comarca de Braga","article_published_time":"2026-03-11T22:13:03+00:00","article_modified_time":"2026-03-11T22:14:37+00:00","og_image":[{"width":240,"height":320,"url":"https:\/\/comarcas.csm.org.pt\/braga\/wp-content\/uploads\/sites\/9\/2026\/03\/IMG_0135-rotated.jpeg","type":"image\/jpeg"}],"author":"braga","twitter_card":"summary_large_image","twitter_misc":{"Escrito por":"braga","Tempo estimado de leitura":"2 minutos"},"schema":{"@context":"https:\/\/schema.org","@graph":[{"@type":"Article","@id":"https:\/\/comarcas.csm.org.pt\/braga\/blog\/2026\/03\/11\/visita-do-presidente-da-republica-a-guimaraes\/#article","isPartOf":{"@id":"https:\/\/comarcas.csm.org.pt\/braga\/blog\/2026\/03\/11\/visita-do-presidente-da-republica-a-guimaraes\/"},"author":{"name":"braga","@id":"https:\/\/comarcas.csm.org.pt\/braga\/#\/schema\/person\/ea498082ee400eb551d99ed5dee89b91"},"headline":"Visita do Presidente da Rep\u00fablica a Guimar\u00e3es","datePublished":"2026-03-11T22:13:03+00:00","dateModified":"2026-03-11T22:14:37+00:00","mainEntityOfPage":{"@id":"https:\/\/comarcas.csm.org.pt\/braga\/blog\/2026\/03\/11\/visita-do-presidente-da-republica-a-guimaraes\/"},"wordCount":189,"publisher":{"@id":"https:\/\/comarcas.csm.org.pt\/braga\/#organization"},"image":{"@id":"https:\/\/comarcas.csm.org.pt\/braga\/blog\/2026\/03\/11\/visita-do-presidente-da-republica-a-guimaraes\/#primaryimage"},"thumbnailUrl":"https:\/\/comarcas.csm.org.pt\/braga\/wp-content\/uploads\/sites\/9\/2026\/03\/IMG_0135-rotated.jpeg","articleSection":["Geral"],"inLanguage":"pt-PT"},{"@type":"WebPage","@id":"https:\/\/comarcas.csm.org.pt\/braga\/blog\/2026\/03\/11\/visita-do-presidente-da-republica-a-guimaraes\/","url":"https:\/\/comarcas.csm.org.pt\/braga\/blog\/2026\/03\/11\/visita-do-presidente-da-republica-a-guimaraes\/","name":"Visita do Presidente da Rep\u00fablica a Guimar\u00e3es - Tribunal Judicial da Comarca de Braga","isPartOf":{"@id":"https:\/\/comarcas.csm.org.pt\/braga\/#website"},"primaryImageOfPage":{"@id":"https:\/\/comarcas.csm.org.pt\/braga\/blog\/2026\/03\/11\/visita-do-presidente-da-republica-a-guimaraes\/#primaryimage"},"image":{"@id":"https:\/\/comarcas.csm.org.pt\/braga\/blog\/2026\/03\/11\/visita-do-presidente-da-republica-a-guimaraes\/#primaryimage"},"thumbnailUrl":"https:\/\/comarcas.csm.org.pt\/braga\/wp-content\/uploads\/sites\/9\/2026\/03\/IMG_0135-rotated.jpeg","datePublished":"2026-03-11T22:13:03+00:00","dateModified":"2026-03-11T22:14:37+00:00","breadcrumb":{"@id":"https:\/\/comarcas.csm.org.pt\/braga\/blog\/2026\/03\/11\/visita-do-presidente-da-republica-a-guimaraes\/#breadcrumb"},"inLanguage":"pt-PT","potentialAction":[{"@type":"ReadAction","target":["https:\/\/comarcas.csm.org.pt\/braga\/blog\/2026\/03\/11\/visita-do-presidente-da-republica-a-guimaraes\/"]}]},{"@type":"ImageObject","inLanguage":"pt-PT","@id":"https:\/\/comarcas.csm.org.pt\/braga\/blog\/2026\/03\/11\/visita-do-presidente-da-republica-a-guimaraes\/#primaryimage","url":"https:\/\/comarcas.csm.org.pt\/braga\/wp-content\/uploads\/sites\/9\/2026\/03\/IMG_0135-rotated.jpeg","contentUrl":"https:\/\/comarcas.csm.org.pt\/braga\/wp-content\/uploads\/sites\/9\/2026\/03\/IMG_0135-rotated.jpeg","width":240,"height":320},{"@type":"BreadcrumbList","@id":"https:\/\/comarcas.csm.org.pt\/braga\/blog\/2026\/03\/11\/visita-do-presidente-da-republica-a-guimaraes\/#breadcrumb","itemListElement":[{"@type":"ListItem","position":1,"name":"In\u00edcio","item":"https:\/\/comarcas.csm.org.pt\/braga\/"},{"@type":"ListItem","position":2,"name":"Visita do Presidente da Rep\u00fablica a Guimar\u00e3es"}]},{"@type":"WebSite","@id":"https:\/\/comarcas.csm.org.pt\/braga\/#website","url":"https:\/\/comarcas.csm.org.pt\/braga\/","name":"Tribunal Judicial da Comarca de Braga","description":"Tribunal Judicial da Comarca de Aveiro","publisher":{"@id":"https:\/\/comarcas.csm.org.pt\/braga\/#organization"},"potentialAction":[{"@type":"SearchAction","target":{"@type":"EntryPoint","urlTemplate":"https:\/\/comarcas.csm.org.pt\/braga\/?s={search_term_string}"},"query-input":{"@type":"PropertyValueSpecification","valueRequired":true,"valueName":"search_term_string"}}],"inLanguage":"pt-PT"},{"@type":"Organization","@id":"https:\/\/comarcas.csm.org.pt\/braga\/#organization","name":"Tribunal Judicial da Comarca de Braga","url":"https:\/\/comarcas.csm.org.pt\/braga\/","logo":{"@type":"ImageObject","inLanguage":"pt-PT","@id":"https:\/\/comarcas.csm.org.pt\/braga\/#\/schema\/logo\/image\/","url":"https:\/\/comarcas.csm.org.pt\/braga\/wp-content\/uploads\/sites\/9\/2024\/11\/Braga_positivo-horizontal.png","contentUrl":"https:\/\/comarcas.csm.org.pt\/braga\/wp-content\/uploads\/sites\/9\/2024\/11\/Braga_positivo-horizontal.png","width":4720,"height":933,"caption":"Tribunal Judicial da Comarca de Braga"},"image":{"@id":"https:\/\/comarcas.csm.org.pt\/braga\/#\/schema\/logo\/image\/"}},{"@type":"Person","@id":"https:\/\/comarcas.csm.org.pt\/braga\/#\/schema\/person\/ea498082ee400eb551d99ed5dee89b91","name":"braga","image":{"@type":"ImageObject","inLanguage":"pt-PT","@id":"https:\/\/comarcas.csm.org.pt\/braga\/#\/schema\/person\/image\/","url":"https:\/\/secure.gravatar.com\/avatar\/0898b27c4d16a61a35fd6b9541806980937a5edd308a54bcd4c18fb91bb1a332?s=96&d=mm&r=g","contentUrl":"https:\/\/secure.gravatar.com\/avatar\/0898b27c4d16a61a35fd6b9541806980937a5edd308a54bcd4c18fb91bb1a332?s=96&d=mm&r=g","caption":"braga"},"url":"https:\/\/comarcas.csm.org.pt\/braga\/blog\/author\/braga\/"}]}},"_links":{"self":[{"href":"https:\/\/comarcas.csm.org.pt\/braga\/wp-json\/wp\/v2\/posts\/14070","targetHints":{"allow":["GET"]}}],"collection":[{"href":"https:\/\/comarcas.csm.org.pt\/braga\/wp-json\/wp\/v2\/posts"}],"about":[{"href":"https:\/\/comarcas.csm.org.pt\/braga\/wp-json\/wp\/v2\/types\/post"}],"author":[{"embeddable":true,"href":"https:\/\/comarcas.csm.org.pt\/braga\/wp-json\/wp\/v2\/users\/9"}],"replies":[{"embeddable":true,"href":"https:\/\/comarcas.csm.org.pt\/braga\/wp-json\/wp\/v2\/comments?post=14070"}],"version-history":[{"count":2,"href":"https:\/\/comarcas.csm.org.pt\/braga\/wp-json\/wp\/v2\/posts\/14070\/revisions"}],"predecessor-version":[{"id":14076,"href":"https:\/\/comarcas.csm.org.pt\/braga\/wp-json\/wp\/v2\/posts\/14070\/revisions\/14076"}],"wp:attachment":[{"href":"https:\/\/comarcas.csm.org.pt\/braga\/wp-json\/wp\/v2\/media?parent=14070"}],"wp:term":[{"taxonomy":"category","embeddable":true,"href":"https:\/\/comarcas.csm.org.pt\/braga\/wp-json\/wp\/v2\/categories?post=14070"},{"taxonomy":"post_tag","embeddable":true,"href":"https:\/\/comarcas.csm.org.pt\/braga\/wp-json\/wp\/v2\/tags?post=14070"}],"curies":[{"name":"wp","href":"https:\/\/api.w.org\/{rel}","templated":true}]}}