{"id":11997,"date":"2025-06-20T16:00:42","date_gmt":"2025-06-20T16:00:42","guid":{"rendered":"https:\/\/comarcas.csm.org.pt\/braganca\/?p=11997"},"modified":"2025-10-12T21:29:31","modified_gmt":"2025-10-12T21:29:31","slug":"titulo-que-queremos","status":"publish","type":"post","link":"https:\/\/comarcas.csm.org.pt\/braganca\/blog\/2025\/06\/20\/titulo-que-queremos\/","title":{"rendered":"Cerim\u00f3nia Comemorativa do 1.\u00ba Anivers\u00e1rio do CNIJ e celebra\u00e7\u00e3o dos 20 anos de coopera\u00e7\u00e3o entre a cidade de Bragan\u00e7a e a Faculdade de Direito da Universidade de Lisboa"},"content":{"rendered":"\t\t<div data-elementor-type=\"wp-post\" data-elementor-id=\"11997\" class=\"elementor elementor-11997\" data-elementor-post-type=\"post\">\n\t\t\t\t<div class=\"elementor-element elementor-element-3fd1a9a7 e-flex e-con-boxed e-con e-parent\" data-id=\"3fd1a9a7\" data-element_type=\"container\">\n\t\t\t\t\t<div class=\"e-con-inner\">\n\t\t\t\t<div class=\"elementor-element elementor-element-2efe9f05 elementor-widget elementor-widget-text-editor\" data-id=\"2efe9f05\" data-element_type=\"widget\" data-widget_type=\"text-editor.default\">\n\t\t\t\t<div class=\"elementor-widget-container\">\n\t\t\t\t\t\t\t\t\t<p><a href=\"https:\/\/comarcas.csm.org.pt\/braganca\/wp-content\/uploads\/sites\/10\/2025\/06\/CONVITE-1.o-Aniversario-do-CNIJ-Braganca-212x300.png\" target=\"_blank\"><\/a>O Exmo. Sr. Presidente da C\u00e2mara Municipal de Bragan\u00e7a, Paulo Xavier, e o Diretor da Faculdade de Direito de Lisboa, Eduardo Vera-Cruz Pinto, convidam V. Ex.\u00aa para a <u>Cerim\u00f3nia Comemorativa do 1.\u00ba Anivers\u00e1rio do Centro Nacional de Inova\u00e7\u00e3o Jur\u00eddica (CNIJ)<\/u>&nbsp;e para a <u>celebra\u00e7\u00e3o dos 20 anos de coopera\u00e7\u00e3o entre a cidade de Bragan\u00e7a e a Faculdade de Direito da Universidade de Lisboa<\/u>, que decorrer\u00e1 no dia <strong>27 de junho<\/strong>, pelas <strong>16h00<\/strong>, no <strong>edif\u00edcio-sede do Centro Nacional de Inova\u00e7\u00e3o Jur\u00eddica<\/strong>, situado na Rua dos Combatentes da Grande Guerra, n.\u00ba 146, 5300-111 &#8211; Bragan\u00e7a.&nbsp;<\/p>\n<p>Solicita-se <strong>confirma\u00e7\u00e3o <\/strong>da sua presen\u00e7a <strong>at\u00e9 ao dia 25 de junho<\/strong>, atrav\u00e9s dos seguintes contactos: <a href=\"mailto:gap@cm-braganca.pt\">gap@cm-braganca.pt<\/a> ou 273 304 216.&nbsp;<\/p>\t\t\t\t\t\t\t\t<\/div>\n\t\t\t\t<\/div>\n\t\t\t\t\t<\/div>\n\t\t\t\t<\/div>\n\t\t\t\t<\/div>\n\t\t","protected":false},"excerpt":{"rendered":"<p>O Exmo. Sr. Presidente da C\u00e2mara Municipal de Bragan\u00e7a, Paulo Xavier, e o Diretor da Faculdade de Direito de Lisboa, Eduardo Vera-Cruz Pinto, convidam V. Ex.\u00aa para a Cerim\u00f3nia Comemorativa do 1.\u00ba Anivers\u00e1rio do Centro&#8230;<\/p>\n","protected":false},"author":10,"featured_media":0,"comment_status":"closed","ping_status":"open","sticky":false,"template":"","format":"standard","meta":{"_tbt_post_transparent":"","_tbt_post_title":"","_tbt_post_layout":"","_tbt_post_sidebar_id":"","_tbt_post_content_style":"","_tbt_post_vertical_padding":"","_tbt_post_feature":"","_tbt_post_feature_position":"","_tbt_post_header":false,"_tbt_post_footer":false},"categories":[2,1,5],"tags":[30,31],"class_list":["post-11997","post","type-post","status-publish","format-standard","hentry","category-eventos","category-geral","category-noticias","tag-convite","tag-eventos-comarca"],"yoast_head":"<!-- This site is optimized with the Yoast SEO plugin v25.6 - https:\/\/yoast.com\/wordpress\/plugins\/seo\/ -->\n<title>Cerim\u00f3nia Comemorativa do 1.\u00ba Anivers\u00e1rio do CNIJ e celebra\u00e7\u00e3o dos 20 anos de coopera\u00e7\u00e3o entre a cidade de Bragan\u00e7a e a Faculdade de Direito da Universidade de Lisboa - Tribunal Judicial da Comarca de Bragan\u00e7a<\/title>\n<meta name=\"robots\" content=\"index, follow, max-snippet:-1, max-image-preview:large, max-video-preview:-1\" \/>\n<link rel=\"canonical\" href=\"https:\/\/comarcas.csm.org.pt\/braganca\/blog\/2025\/06\/20\/titulo-que-queremos\/\" \/>\n<meta property=\"og:locale\" content=\"pt_PT\" \/>\n<meta property=\"og:type\" content=\"article\" \/>\n<meta property=\"og:title\" content=\"Cerim\u00f3nia Comemorativa do 1.\u00ba Anivers\u00e1rio do CNIJ e celebra\u00e7\u00e3o dos 20 anos de coopera\u00e7\u00e3o entre a cidade de Bragan\u00e7a e a Faculdade de Direito da Universidade de Lisboa - Tribunal Judicial da Comarca de Bragan\u00e7a\" \/>\n<meta property=\"og:description\" content=\"O Exmo. Sr. Presidente da C\u00e2mara Municipal de Bragan\u00e7a, Paulo Xavier, e o Diretor da Faculdade de Direito de Lisboa, Eduardo Vera-Cruz Pinto, convidam V. Ex.\u00aa para a Cerim\u00f3nia Comemorativa do 1.\u00ba Anivers\u00e1rio do Centro...\" \/>\n<meta property=\"og:url\" content=\"https:\/\/comarcas.csm.org.pt\/braganca\/blog\/2025\/06\/20\/titulo-que-queremos\/\" \/>\n<meta property=\"og:site_name\" content=\"Tribunal Judicial da Comarca de Bragan\u00e7a\" \/>\n<meta property=\"article:published_time\" content=\"2025-06-20T16:00:42+00:00\" \/>\n<meta property=\"article:modified_time\" content=\"2025-10-12T21:29:31+00:00\" \/>\n<meta name=\"author\" content=\"braganca\" \/>\n<meta name=\"twitter:card\" content=\"summary_large_image\" \/>\n<meta name=\"twitter:label1\" content=\"Escrito por\" \/>\n\t<meta name=\"twitter:data1\" content=\"braganca\" \/>\n\t<meta name=\"twitter:label2\" content=\"Tempo estimado de leitura\" \/>\n\t<meta name=\"twitter:data2\" content=\"1 minuto\" \/>\n<script type=\"application\/ld+json\" class=\"yoast-schema-graph\">{\"@context\":\"https:\/\/schema.org\",\"@graph\":[{\"@type\":\"Article\",\"@id\":\"https:\/\/comarcas.csm.org.pt\/braganca\/blog\/2025\/06\/20\/titulo-que-queremos\/#article\",\"isPartOf\":{\"@id\":\"https:\/\/comarcas.csm.org.pt\/braganca\/blog\/2025\/06\/20\/titulo-que-queremos\/\"},\"author\":{\"name\":\"braganca\",\"@id\":\"https:\/\/comarcas.csm.org.pt\/braganca\/#\/schema\/person\/830e822f517a9c6a53780b64e418a648\"},\"headline\":\"Cerim\u00f3nia Comemorativa do 1.\u00ba Anivers\u00e1rio do CNIJ e celebra\u00e7\u00e3o dos 20 anos de coopera\u00e7\u00e3o entre a cidade de Bragan\u00e7a e a Faculdade de Direito da Universidade de Lisboa\",\"datePublished\":\"2025-06-20T16:00:42+00:00\",\"dateModified\":\"2025-10-12T21:29:31+00:00\",\"mainEntityOfPage\":{\"@id\":\"https:\/\/comarcas.csm.org.pt\/braganca\/blog\/2025\/06\/20\/titulo-que-queremos\/\"},\"wordCount\":157,\"publisher\":{\"@id\":\"https:\/\/comarcas.csm.org.pt\/braganca\/#organization\"},\"keywords\":[\"Convite\",\"Eventos Comarca\"],\"articleSection\":[\"Eventos\",\"Geral\",\"Not\u00edcias\"],\"inLanguage\":\"pt-PT\"},{\"@type\":\"WebPage\",\"@id\":\"https:\/\/comarcas.csm.org.pt\/braganca\/blog\/2025\/06\/20\/titulo-que-queremos\/\",\"url\":\"https:\/\/comarcas.csm.org.pt\/braganca\/blog\/2025\/06\/20\/titulo-que-queremos\/\",\"name\":\"Cerim\u00f3nia Comemorativa do 1.\u00ba Anivers\u00e1rio do CNIJ e celebra\u00e7\u00e3o dos 20 anos de coopera\u00e7\u00e3o entre a cidade de Bragan\u00e7a e a Faculdade de Direito da Universidade de Lisboa - Tribunal Judicial da Comarca de Bragan\u00e7a\",\"isPartOf\":{\"@id\":\"https:\/\/comarcas.csm.org.pt\/braganca\/#website\"},\"datePublished\":\"2025-06-20T16:00:42+00:00\",\"dateModified\":\"2025-10-12T21:29:31+00:00\",\"breadcrumb\":{\"@id\":\"https:\/\/comarcas.csm.org.pt\/braganca\/blog\/2025\/06\/20\/titulo-que-queremos\/#breadcrumb\"},\"inLanguage\":\"pt-PT\",\"potentialAction\":[{\"@type\":\"ReadAction\",\"target\":[\"https:\/\/comarcas.csm.org.pt\/braganca\/blog\/2025\/06\/20\/titulo-que-queremos\/\"]}]},{\"@type\":\"BreadcrumbList\",\"@id\":\"https:\/\/comarcas.csm.org.pt\/braganca\/blog\/2025\/06\/20\/titulo-que-queremos\/#breadcrumb\",\"itemListElement\":[{\"@type\":\"ListItem\",\"position\":1,\"name\":\"In\u00edcio\",\"item\":\"https:\/\/comarcas.csm.org.pt\/braganca\/\"},{\"@type\":\"ListItem\",\"position\":2,\"name\":\"Cerim\u00f3nia Comemorativa do 1.\u00ba Anivers\u00e1rio do CNIJ e celebra\u00e7\u00e3o dos 20 anos de coopera\u00e7\u00e3o entre a cidade de Bragan\u00e7a e a Faculdade de Direito da Universidade de Lisboa\"}]},{\"@type\":\"WebSite\",\"@id\":\"https:\/\/comarcas.csm.org.pt\/braganca\/#website\",\"url\":\"https:\/\/comarcas.csm.org.pt\/braganca\/\",\"name\":\"Tribunal Judicial da Comarca de Bragan\u00e7a\",\"description\":\"Tribunal Judicial da Comarca de Bragan\u00e7a\",\"publisher\":{\"@id\":\"https:\/\/comarcas.csm.org.pt\/braganca\/#organization\"},\"potentialAction\":[{\"@type\":\"SearchAction\",\"target\":{\"@type\":\"EntryPoint\",\"urlTemplate\":\"https:\/\/comarcas.csm.org.pt\/braganca\/?s={search_term_string}\"},\"query-input\":{\"@type\":\"PropertyValueSpecification\",\"valueRequired\":true,\"valueName\":\"search_term_string\"}}],\"inLanguage\":\"pt-PT\"},{\"@type\":\"Organization\",\"@id\":\"https:\/\/comarcas.csm.org.pt\/braganca\/#organization\",\"name\":\"Tribunal Judicial da Comarca de Bragan\u00e7a\",\"url\":\"https:\/\/comarcas.csm.org.pt\/braganca\/\",\"logo\":{\"@type\":\"ImageObject\",\"inLanguage\":\"pt-PT\",\"@id\":\"https:\/\/comarcas.csm.org.pt\/braganca\/#\/schema\/logo\/image\/\",\"url\":\"https:\/\/comarcas.csm.org.pt\/braganca\/wp-content\/uploads\/sites\/10\/2024\/11\/Braganca_positivo-horizontal.png\",\"contentUrl\":\"https:\/\/comarcas.csm.org.pt\/braganca\/wp-content\/uploads\/sites\/10\/2024\/11\/Braganca_positivo-horizontal.png\",\"width\":4317,\"height\":971,\"caption\":\"Tribunal Judicial da Comarca de Bragan\u00e7a\"},\"image\":{\"@id\":\"https:\/\/comarcas.csm.org.pt\/braganca\/#\/schema\/logo\/image\/\"}},{\"@type\":\"Person\",\"@id\":\"https:\/\/comarcas.csm.org.pt\/braganca\/#\/schema\/person\/830e822f517a9c6a53780b64e418a648\",\"name\":\"braganca\",\"image\":{\"@type\":\"ImageObject\",\"inLanguage\":\"pt-PT\",\"@id\":\"https:\/\/comarcas.csm.org.pt\/braganca\/#\/schema\/person\/image\/\",\"url\":\"https:\/\/secure.gravatar.com\/avatar\/ad3f612555e18b96f5d4fcb2902d52bde29c4e9f9418a0745fd5f8f236399b1a?s=96&d=mm&r=g\",\"contentUrl\":\"https:\/\/secure.gravatar.com\/avatar\/ad3f612555e18b96f5d4fcb2902d52bde29c4e9f9418a0745fd5f8f236399b1a?s=96&d=mm&r=g\",\"caption\":\"braganca\"},\"url\":\"https:\/\/comarcas.csm.org.pt\/braganca\/blog\/author\/braganca\/\"}]}<\/script>\n<!-- \/ Yoast SEO plugin. -->","yoast_head_json":{"title":"Cerim\u00f3nia Comemorativa do 1.\u00ba Anivers\u00e1rio do CNIJ e celebra\u00e7\u00e3o dos 20 anos de coopera\u00e7\u00e3o entre a cidade de Bragan\u00e7a e a Faculdade de Direito da Universidade de Lisboa - Tribunal Judicial da Comarca de Bragan\u00e7a","robots":{"index":"index","follow":"follow","max-snippet":"max-snippet:-1","max-image-preview":"max-image-preview:large","max-video-preview":"max-video-preview:-1"},"canonical":"https:\/\/comarcas.csm.org.pt\/braganca\/blog\/2025\/06\/20\/titulo-que-queremos\/","og_locale":"pt_PT","og_type":"article","og_title":"Cerim\u00f3nia Comemorativa do 1.\u00ba Anivers\u00e1rio do CNIJ e celebra\u00e7\u00e3o dos 20 anos de coopera\u00e7\u00e3o entre a cidade de Bragan\u00e7a e a Faculdade de Direito da Universidade de Lisboa - Tribunal Judicial da Comarca de Bragan\u00e7a","og_description":"O Exmo. Sr. Presidente da C\u00e2mara Municipal de Bragan\u00e7a, Paulo Xavier, e o Diretor da Faculdade de Direito de Lisboa, Eduardo Vera-Cruz Pinto, convidam V. Ex.\u00aa para a Cerim\u00f3nia Comemorativa do 1.\u00ba Anivers\u00e1rio do Centro...","og_url":"https:\/\/comarcas.csm.org.pt\/braganca\/blog\/2025\/06\/20\/titulo-que-queremos\/","og_site_name":"Tribunal Judicial da Comarca de Bragan\u00e7a","article_published_time":"2025-06-20T16:00:42+00:00","article_modified_time":"2025-10-12T21:29:31+00:00","author":"braganca","twitter_card":"summary_large_image","twitter_misc":{"Escrito por":"braganca","Tempo estimado de leitura":"1 minuto"},"schema":{"@context":"https:\/\/schema.org","@graph":[{"@type":"Article","@id":"https:\/\/comarcas.csm.org.pt\/braganca\/blog\/2025\/06\/20\/titulo-que-queremos\/#article","isPartOf":{"@id":"https:\/\/comarcas.csm.org.pt\/braganca\/blog\/2025\/06\/20\/titulo-que-queremos\/"},"author":{"name":"braganca","@id":"https:\/\/comarcas.csm.org.pt\/braganca\/#\/schema\/person\/830e822f517a9c6a53780b64e418a648"},"headline":"Cerim\u00f3nia Comemorativa do 1.\u00ba Anivers\u00e1rio do CNIJ e celebra\u00e7\u00e3o dos 20 anos de coopera\u00e7\u00e3o entre a cidade de Bragan\u00e7a e a Faculdade de Direito da Universidade de Lisboa","datePublished":"2025-06-20T16:00:42+00:00","dateModified":"2025-10-12T21:29:31+00:00","mainEntityOfPage":{"@id":"https:\/\/comarcas.csm.org.pt\/braganca\/blog\/2025\/06\/20\/titulo-que-queremos\/"},"wordCount":157,"publisher":{"@id":"https:\/\/comarcas.csm.org.pt\/braganca\/#organization"},"keywords":["Convite","Eventos Comarca"],"articleSection":["Eventos","Geral","Not\u00edcias"],"inLanguage":"pt-PT"},{"@type":"WebPage","@id":"https:\/\/comarcas.csm.org.pt\/braganca\/blog\/2025\/06\/20\/titulo-que-queremos\/","url":"https:\/\/comarcas.csm.org.pt\/braganca\/blog\/2025\/06\/20\/titulo-que-queremos\/","name":"Cerim\u00f3nia Comemorativa do 1.\u00ba Anivers\u00e1rio do CNIJ e celebra\u00e7\u00e3o dos 20 anos de coopera\u00e7\u00e3o entre a cidade de Bragan\u00e7a e a Faculdade de Direito da Universidade de Lisboa - Tribunal Judicial da Comarca de Bragan\u00e7a","isPartOf":{"@id":"https:\/\/comarcas.csm.org.pt\/braganca\/#website"},"datePublished":"2025-06-20T16:00:42+00:00","dateModified":"2025-10-12T21:29:31+00:00","breadcrumb":{"@id":"https:\/\/comarcas.csm.org.pt\/braganca\/blog\/2025\/06\/20\/titulo-que-queremos\/#breadcrumb"},"inLanguage":"pt-PT","potentialAction":[{"@type":"ReadAction","target":["https:\/\/comarcas.csm.org.pt\/braganca\/blog\/2025\/06\/20\/titulo-que-queremos\/"]}]},{"@type":"BreadcrumbList","@id":"https:\/\/comarcas.csm.org.pt\/braganca\/blog\/2025\/06\/20\/titulo-que-queremos\/#breadcrumb","itemListElement":[{"@type":"ListItem","position":1,"name":"In\u00edcio","item":"https:\/\/comarcas.csm.org.pt\/braganca\/"},{"@type":"ListItem","position":2,"name":"Cerim\u00f3nia Comemorativa do 1.\u00ba Anivers\u00e1rio do CNIJ e celebra\u00e7\u00e3o dos 20 anos de coopera\u00e7\u00e3o entre a cidade de Bragan\u00e7a e a Faculdade de Direito da Universidade de Lisboa"}]},{"@type":"WebSite","@id":"https:\/\/comarcas.csm.org.pt\/braganca\/#website","url":"https:\/\/comarcas.csm.org.pt\/braganca\/","name":"Tribunal Judicial da Comarca de Bragan\u00e7a","description":"Tribunal Judicial da Comarca de Bragan\u00e7a","publisher":{"@id":"https:\/\/comarcas.csm.org.pt\/braganca\/#organization"},"potentialAction":[{"@type":"SearchAction","target":{"@type":"EntryPoint","urlTemplate":"https:\/\/comarcas.csm.org.pt\/braganca\/?s={search_term_string}"},"query-input":{"@type":"PropertyValueSpecification","valueRequired":true,"valueName":"search_term_string"}}],"inLanguage":"pt-PT"},{"@type":"Organization","@id":"https:\/\/comarcas.csm.org.pt\/braganca\/#organization","name":"Tribunal Judicial da Comarca de Bragan\u00e7a","url":"https:\/\/comarcas.csm.org.pt\/braganca\/","logo":{"@type":"ImageObject","inLanguage":"pt-PT","@id":"https:\/\/comarcas.csm.org.pt\/braganca\/#\/schema\/logo\/image\/","url":"https:\/\/comarcas.csm.org.pt\/braganca\/wp-content\/uploads\/sites\/10\/2024\/11\/Braganca_positivo-horizontal.png","contentUrl":"https:\/\/comarcas.csm.org.pt\/braganca\/wp-content\/uploads\/sites\/10\/2024\/11\/Braganca_positivo-horizontal.png","width":4317,"height":971,"caption":"Tribunal Judicial da Comarca de Bragan\u00e7a"},"image":{"@id":"https:\/\/comarcas.csm.org.pt\/braganca\/#\/schema\/logo\/image\/"}},{"@type":"Person","@id":"https:\/\/comarcas.csm.org.pt\/braganca\/#\/schema\/person\/830e822f517a9c6a53780b64e418a648","name":"braganca","image":{"@type":"ImageObject","inLanguage":"pt-PT","@id":"https:\/\/comarcas.csm.org.pt\/braganca\/#\/schema\/person\/image\/","url":"https:\/\/secure.gravatar.com\/avatar\/ad3f612555e18b96f5d4fcb2902d52bde29c4e9f9418a0745fd5f8f236399b1a?s=96&d=mm&r=g","contentUrl":"https:\/\/secure.gravatar.com\/avatar\/ad3f612555e18b96f5d4fcb2902d52bde29c4e9f9418a0745fd5f8f236399b1a?s=96&d=mm&r=g","caption":"braganca"},"url":"https:\/\/comarcas.csm.org.pt\/braganca\/blog\/author\/braganca\/"}]}},"_links":{"self":[{"href":"https:\/\/comarcas.csm.org.pt\/braganca\/wp-json\/wp\/v2\/posts\/11997","targetHints":{"allow":["GET"]}}],"collection":[{"href":"https:\/\/comarcas.csm.org.pt\/braganca\/wp-json\/wp\/v2\/posts"}],"about":[{"href":"https:\/\/comarcas.csm.org.pt\/braganca\/wp-json\/wp\/v2\/types\/post"}],"author":[{"embeddable":true,"href":"https:\/\/comarcas.csm.org.pt\/braganca\/wp-json\/wp\/v2\/users\/10"}],"replies":[{"embeddable":true,"href":"https:\/\/comarcas.csm.org.pt\/braganca\/wp-json\/wp\/v2\/comments?post=11997"}],"version-history":[{"count":19,"href":"https:\/\/comarcas.csm.org.pt\/braganca\/wp-json\/wp\/v2\/posts\/11997\/revisions"}],"predecessor-version":[{"id":12225,"href":"https:\/\/comarcas.csm.org.pt\/braganca\/wp-json\/wp\/v2\/posts\/11997\/revisions\/12225"}],"wp:attachment":[{"href":"https:\/\/comarcas.csm.org.pt\/braganca\/wp-json\/wp\/v2\/media?parent=11997"}],"wp:term":[{"taxonomy":"category","embeddable":true,"href":"https:\/\/comarcas.csm.org.pt\/braganca\/wp-json\/wp\/v2\/categories?post=11997"},{"taxonomy":"post_tag","embeddable":true,"href":"https:\/\/comarcas.csm.org.pt\/braganca\/wp-json\/wp\/v2\/tags?post=11997"}],"curies":[{"name":"wp","href":"https:\/\/api.w.org\/{rel}","templated":true}]}}