{"id":12267,"date":"2025-10-12T23:25:06","date_gmt":"2025-10-12T23:25:06","guid":{"rendered":"https:\/\/comarcas.csm.org.pt\/braganca\/?p=12267"},"modified":"2026-04-20T23:19:01","modified_gmt":"2026-04-20T23:19:01","slug":"nucleo-de-mogadouro-alteracao-temporaria-do-local-para-a-realizacao-de-julgamentos-diligencias","status":"publish","type":"post","link":"https:\/\/comarcas.csm.org.pt\/braganca\/blog\/2025\/10\/12\/nucleo-de-mogadouro-alteracao-temporaria-do-local-para-a-realizacao-de-julgamentos-diligencias\/","title":{"rendered":"N\u00facleo de Mogadouro &#8211; altera\u00e7\u00e3o tempor\u00e1ria do local para a realiza\u00e7\u00e3o de julgamentos\/dilig\u00eancias"},"content":{"rendered":"\t\t<div data-elementor-type=\"wp-post\" data-elementor-id=\"12267\" class=\"elementor elementor-12267\" data-elementor-post-type=\"post\">\n\t\t\t\t<div class=\"elementor-element elementor-element-a47f62d e-grid e-con-boxed e-con e-parent\" data-id=\"a47f62d\" data-element_type=\"container\">\n\t\t\t\t\t<div class=\"e-con-inner\">\n\t\t\t\t<div class=\"elementor-element elementor-element-4fe43d3 elementor-widget elementor-widget-image\" data-id=\"4fe43d3\" data-element_type=\"widget\" data-widget_type=\"image.default\">\n\t\t\t\t<div class=\"elementor-widget-container\">\n\t\t\t\t\t\t\t\t\t\t\t\t\t\t\t<img fetchpriority=\"high\" decoding=\"async\" width=\"512\" height=\"251\" src=\"https:\/\/comarcas.csm.org.pt\/braganca\/wp-content\/uploads\/sites\/10\/2025\/10\/Mogadouro-Casa-das-Artes.jpg\" class=\"attachment-large size-large wp-image-12262\" alt=\"\" srcset=\"https:\/\/comarcas.csm.org.pt\/braganca\/wp-content\/uploads\/sites\/10\/2025\/10\/Mogadouro-Casa-das-Artes.jpg 512w, https:\/\/comarcas.csm.org.pt\/braganca\/wp-content\/uploads\/sites\/10\/2025\/10\/Mogadouro-Casa-das-Artes-300x147.jpg 300w\" sizes=\"(max-width: 512px) 100vw, 512px\" \/>\t\t\t\t\t\t\t\t\t\t\t\t\t\t\t<\/div>\n\t\t\t\t<\/div>\n\t\t\t\t<div class=\"elementor-element elementor-element-eaec553 elementor-widget elementor-widget-text-editor\" data-id=\"eaec553\" data-element_type=\"widget\" data-widget_type=\"text-editor.default\">\n\t\t\t\t<div class=\"elementor-widget-container\">\n\t\t\t\t\t\t\t\t\t<p style=\"text-align: left\"><strong>NOTA INFORMATIVA<\/strong><\/p>\n<p>Para conhecimento geral, informa-se que, no \u00e2mbito das obras de requalifica\u00e7\u00e3o atualmente em curso em todo o edif\u00edcio do Pal\u00e1cio da Justi\u00e7a de Mogadouro, e em particular da interven\u00e7\u00e3o na sala de audi\u00eancias, as dilig\u00eancias\/julgamentos, ser\u00e3o realizadas, provisoriamente, nas instala\u00e7\u00f5es da \u00abCasa das Artes\u00bb, edif\u00edcio cont\u00edguo a este Tribunal.<\/p>\n<p>Solicita-se a colabora\u00e7\u00e3o e compreens\u00e3o de todos os intervenientes e utentes durante o per\u00edodo de execu\u00e7\u00e3o das referidas obras.<\/p>\n<p>A Juiz Presidente do Tribunal Judicial da Comarca de Bragan\u00e7a,<\/p>\n<p>Juiz Desembargadora, H<em>erm\u00ednia N\u00e9ri de Oliveira<\/em><\/p>\t\t\t\t\t\t\t\t<\/div>\n\t\t\t\t<\/div>\n\t\t\t\t\t<\/div>\n\t\t\t\t<\/div>\n\t\t\t\t<\/div>\n\t\t","protected":false},"excerpt":{"rendered":"<p>NOTA INFORMATIVA Para conhecimento geral, informa-se que, no \u00e2mbito das obras de requalifica\u00e7\u00e3o atualmente em curso em todo o edif\u00edcio do Pal\u00e1cio da Justi\u00e7a de Mogadouro, e em particular da interven\u00e7\u00e3o na sala de audi\u00eancias,&#8230;<\/p>\n","protected":false},"author":10,"featured_media":0,"comment_status":"closed","ping_status":"open","sticky":false,"template":"","format":"standard","meta":{"_tbt_post_transparent":"","_tbt_post_title":"","_tbt_post_layout":"","_tbt_post_sidebar_id":"","_tbt_post_content_style":"","_tbt_post_vertical_padding":"","_tbt_post_feature":"","_tbt_post_feature_position":"","_tbt_post_header":false,"_tbt_post_footer":false},"categories":[1],"tags":[],"class_list":["post-12267","post","type-post","status-publish","format-standard","hentry","category-geral"],"yoast_head":"<!-- This site is optimized with the Yoast SEO plugin v25.6 - https:\/\/yoast.com\/wordpress\/plugins\/seo\/ -->\n<title>N\u00facleo de Mogadouro - altera\u00e7\u00e3o tempor\u00e1ria do local para a realiza\u00e7\u00e3o de julgamentos\/dilig\u00eancias - Tribunal Judicial da Comarca de Bragan\u00e7a<\/title>\n<meta name=\"robots\" content=\"index, follow, max-snippet:-1, max-image-preview:large, max-video-preview:-1\" \/>\n<link rel=\"canonical\" href=\"https:\/\/comarcas.csm.org.pt\/braganca\/blog\/2025\/10\/12\/nucleo-de-mogadouro-alteracao-temporaria-do-local-para-a-realizacao-de-julgamentos-diligencias\/\" \/>\n<meta property=\"og:locale\" content=\"pt_PT\" \/>\n<meta property=\"og:type\" content=\"article\" \/>\n<meta property=\"og:title\" content=\"N\u00facleo de Mogadouro - altera\u00e7\u00e3o tempor\u00e1ria do local para a realiza\u00e7\u00e3o de julgamentos\/dilig\u00eancias - Tribunal Judicial da Comarca de Bragan\u00e7a\" \/>\n<meta property=\"og:description\" content=\"NOTA INFORMATIVA Para conhecimento geral, informa-se que, no \u00e2mbito das obras de requalifica\u00e7\u00e3o atualmente em curso em todo o edif\u00edcio do Pal\u00e1cio da Justi\u00e7a de Mogadouro, e em particular da interven\u00e7\u00e3o na sala de audi\u00eancias,...\" \/>\n<meta property=\"og:url\" content=\"https:\/\/comarcas.csm.org.pt\/braganca\/blog\/2025\/10\/12\/nucleo-de-mogadouro-alteracao-temporaria-do-local-para-a-realizacao-de-julgamentos-diligencias\/\" \/>\n<meta property=\"og:site_name\" content=\"Tribunal Judicial da Comarca de Bragan\u00e7a\" \/>\n<meta property=\"article:published_time\" content=\"2025-10-12T23:25:06+00:00\" \/>\n<meta property=\"article:modified_time\" content=\"2026-04-20T23:19:01+00:00\" \/>\n<meta property=\"og:image\" content=\"https:\/\/comarcas.csm.org.pt\/braganca\/wp-content\/uploads\/sites\/10\/2025\/10\/Mogadouro-Casa-das-Artes.jpg\" \/>\n\t<meta property=\"og:image:width\" content=\"512\" \/>\n\t<meta property=\"og:image:height\" content=\"251\" \/>\n\t<meta property=\"og:image:type\" content=\"image\/jpeg\" \/>\n<meta name=\"author\" content=\"braganca\" \/>\n<meta name=\"twitter:card\" content=\"summary_large_image\" \/>\n<meta name=\"twitter:label1\" content=\"Escrito por\" \/>\n\t<meta name=\"twitter:data1\" content=\"braganca\" \/>\n\t<meta name=\"twitter:label2\" content=\"Tempo estimado de leitura\" \/>\n\t<meta name=\"twitter:data2\" content=\"1 minuto\" \/>\n<script type=\"application\/ld+json\" class=\"yoast-schema-graph\">{\"@context\":\"https:\/\/schema.org\",\"@graph\":[{\"@type\":\"Article\",\"@id\":\"https:\/\/comarcas.csm.org.pt\/braganca\/blog\/2025\/10\/12\/nucleo-de-mogadouro-alteracao-temporaria-do-local-para-a-realizacao-de-julgamentos-diligencias\/#article\",\"isPartOf\":{\"@id\":\"https:\/\/comarcas.csm.org.pt\/braganca\/blog\/2025\/10\/12\/nucleo-de-mogadouro-alteracao-temporaria-do-local-para-a-realizacao-de-julgamentos-diligencias\/\"},\"author\":{\"name\":\"braganca\",\"@id\":\"https:\/\/comarcas.csm.org.pt\/braganca\/#\/schema\/person\/830e822f517a9c6a53780b64e418a648\"},\"headline\":\"N\u00facleo de Mogadouro &#8211; altera\u00e7\u00e3o tempor\u00e1ria do local para a realiza\u00e7\u00e3o de julgamentos\/dilig\u00eancias\",\"datePublished\":\"2025-10-12T23:25:06+00:00\",\"dateModified\":\"2026-04-20T23:19:01+00:00\",\"mainEntityOfPage\":{\"@id\":\"https:\/\/comarcas.csm.org.pt\/braganca\/blog\/2025\/10\/12\/nucleo-de-mogadouro-alteracao-temporaria-do-local-para-a-realizacao-de-julgamentos-diligencias\/\"},\"wordCount\":124,\"publisher\":{\"@id\":\"https:\/\/comarcas.csm.org.pt\/braganca\/#organization\"},\"image\":{\"@id\":\"https:\/\/comarcas.csm.org.pt\/braganca\/blog\/2025\/10\/12\/nucleo-de-mogadouro-alteracao-temporaria-do-local-para-a-realizacao-de-julgamentos-diligencias\/#primaryimage\"},\"thumbnailUrl\":\"https:\/\/comarcas.csm.org.pt\/braganca\/wp-content\/uploads\/sites\/10\/2025\/10\/Mogadouro-Casa-das-Artes.jpg\",\"articleSection\":[\"Geral\"],\"inLanguage\":\"pt-PT\"},{\"@type\":\"WebPage\",\"@id\":\"https:\/\/comarcas.csm.org.pt\/braganca\/blog\/2025\/10\/12\/nucleo-de-mogadouro-alteracao-temporaria-do-local-para-a-realizacao-de-julgamentos-diligencias\/\",\"url\":\"https:\/\/comarcas.csm.org.pt\/braganca\/blog\/2025\/10\/12\/nucleo-de-mogadouro-alteracao-temporaria-do-local-para-a-realizacao-de-julgamentos-diligencias\/\",\"name\":\"N\u00facleo de Mogadouro - altera\u00e7\u00e3o tempor\u00e1ria do local para a realiza\u00e7\u00e3o de julgamentos\/dilig\u00eancias - Tribunal Judicial da Comarca de Bragan\u00e7a\",\"isPartOf\":{\"@id\":\"https:\/\/comarcas.csm.org.pt\/braganca\/#website\"},\"primaryImageOfPage\":{\"@id\":\"https:\/\/comarcas.csm.org.pt\/braganca\/blog\/2025\/10\/12\/nucleo-de-mogadouro-alteracao-temporaria-do-local-para-a-realizacao-de-julgamentos-diligencias\/#primaryimage\"},\"image\":{\"@id\":\"https:\/\/comarcas.csm.org.pt\/braganca\/blog\/2025\/10\/12\/nucleo-de-mogadouro-alteracao-temporaria-do-local-para-a-realizacao-de-julgamentos-diligencias\/#primaryimage\"},\"thumbnailUrl\":\"https:\/\/comarcas.csm.org.pt\/braganca\/wp-content\/uploads\/sites\/10\/2025\/10\/Mogadouro-Casa-das-Artes.jpg\",\"datePublished\":\"2025-10-12T23:25:06+00:00\",\"dateModified\":\"2026-04-20T23:19:01+00:00\",\"breadcrumb\":{\"@id\":\"https:\/\/comarcas.csm.org.pt\/braganca\/blog\/2025\/10\/12\/nucleo-de-mogadouro-alteracao-temporaria-do-local-para-a-realizacao-de-julgamentos-diligencias\/#breadcrumb\"},\"inLanguage\":\"pt-PT\",\"potentialAction\":[{\"@type\":\"ReadAction\",\"target\":[\"https:\/\/comarcas.csm.org.pt\/braganca\/blog\/2025\/10\/12\/nucleo-de-mogadouro-alteracao-temporaria-do-local-para-a-realizacao-de-julgamentos-diligencias\/\"]}]},{\"@type\":\"ImageObject\",\"inLanguage\":\"pt-PT\",\"@id\":\"https:\/\/comarcas.csm.org.pt\/braganca\/blog\/2025\/10\/12\/nucleo-de-mogadouro-alteracao-temporaria-do-local-para-a-realizacao-de-julgamentos-diligencias\/#primaryimage\",\"url\":\"https:\/\/comarcas.csm.org.pt\/braganca\/wp-content\/uploads\/sites\/10\/2025\/10\/Mogadouro-Casa-das-Artes.jpg\",\"contentUrl\":\"https:\/\/comarcas.csm.org.pt\/braganca\/wp-content\/uploads\/sites\/10\/2025\/10\/Mogadouro-Casa-das-Artes.jpg\",\"width\":512,\"height\":251},{\"@type\":\"BreadcrumbList\",\"@id\":\"https:\/\/comarcas.csm.org.pt\/braganca\/blog\/2025\/10\/12\/nucleo-de-mogadouro-alteracao-temporaria-do-local-para-a-realizacao-de-julgamentos-diligencias\/#breadcrumb\",\"itemListElement\":[{\"@type\":\"ListItem\",\"position\":1,\"name\":\"In\u00edcio\",\"item\":\"https:\/\/comarcas.csm.org.pt\/braganca\/\"},{\"@type\":\"ListItem\",\"position\":2,\"name\":\"N\u00facleo de Mogadouro &#8211; altera\u00e7\u00e3o tempor\u00e1ria do local para a realiza\u00e7\u00e3o de julgamentos\/dilig\u00eancias\"}]},{\"@type\":\"WebSite\",\"@id\":\"https:\/\/comarcas.csm.org.pt\/braganca\/#website\",\"url\":\"https:\/\/comarcas.csm.org.pt\/braganca\/\",\"name\":\"Tribunal Judicial da Comarca de Bragan\u00e7a\",\"description\":\"Tribunal Judicial da Comarca de Bragan\u00e7a\",\"publisher\":{\"@id\":\"https:\/\/comarcas.csm.org.pt\/braganca\/#organization\"},\"potentialAction\":[{\"@type\":\"SearchAction\",\"target\":{\"@type\":\"EntryPoint\",\"urlTemplate\":\"https:\/\/comarcas.csm.org.pt\/braganca\/?s={search_term_string}\"},\"query-input\":{\"@type\":\"PropertyValueSpecification\",\"valueRequired\":true,\"valueName\":\"search_term_string\"}}],\"inLanguage\":\"pt-PT\"},{\"@type\":\"Organization\",\"@id\":\"https:\/\/comarcas.csm.org.pt\/braganca\/#organization\",\"name\":\"Tribunal Judicial da Comarca de Bragan\u00e7a\",\"url\":\"https:\/\/comarcas.csm.org.pt\/braganca\/\",\"logo\":{\"@type\":\"ImageObject\",\"inLanguage\":\"pt-PT\",\"@id\":\"https:\/\/comarcas.csm.org.pt\/braganca\/#\/schema\/logo\/image\/\",\"url\":\"https:\/\/comarcas.csm.org.pt\/braganca\/wp-content\/uploads\/sites\/10\/2024\/11\/Braganca_positivo-horizontal.png\",\"contentUrl\":\"https:\/\/comarcas.csm.org.pt\/braganca\/wp-content\/uploads\/sites\/10\/2024\/11\/Braganca_positivo-horizontal.png\",\"width\":4317,\"height\":971,\"caption\":\"Tribunal Judicial da Comarca de Bragan\u00e7a\"},\"image\":{\"@id\":\"https:\/\/comarcas.csm.org.pt\/braganca\/#\/schema\/logo\/image\/\"}},{\"@type\":\"Person\",\"@id\":\"https:\/\/comarcas.csm.org.pt\/braganca\/#\/schema\/person\/830e822f517a9c6a53780b64e418a648\",\"name\":\"braganca\",\"image\":{\"@type\":\"ImageObject\",\"inLanguage\":\"pt-PT\",\"@id\":\"https:\/\/comarcas.csm.org.pt\/braganca\/#\/schema\/person\/image\/\",\"url\":\"https:\/\/secure.gravatar.com\/avatar\/ad3f612555e18b96f5d4fcb2902d52bde29c4e9f9418a0745fd5f8f236399b1a?s=96&d=mm&r=g\",\"contentUrl\":\"https:\/\/secure.gravatar.com\/avatar\/ad3f612555e18b96f5d4fcb2902d52bde29c4e9f9418a0745fd5f8f236399b1a?s=96&d=mm&r=g\",\"caption\":\"braganca\"},\"url\":\"https:\/\/comarcas.csm.org.pt\/braganca\/blog\/author\/braganca\/\"}]}<\/script>\n<!-- \/ Yoast SEO plugin. -->","yoast_head_json":{"title":"N\u00facleo de Mogadouro - altera\u00e7\u00e3o tempor\u00e1ria do local para a realiza\u00e7\u00e3o de julgamentos\/dilig\u00eancias - Tribunal Judicial da Comarca de Bragan\u00e7a","robots":{"index":"index","follow":"follow","max-snippet":"max-snippet:-1","max-image-preview":"max-image-preview:large","max-video-preview":"max-video-preview:-1"},"canonical":"https:\/\/comarcas.csm.org.pt\/braganca\/blog\/2025\/10\/12\/nucleo-de-mogadouro-alteracao-temporaria-do-local-para-a-realizacao-de-julgamentos-diligencias\/","og_locale":"pt_PT","og_type":"article","og_title":"N\u00facleo de Mogadouro - altera\u00e7\u00e3o tempor\u00e1ria do local para a realiza\u00e7\u00e3o de julgamentos\/dilig\u00eancias - Tribunal Judicial da Comarca de Bragan\u00e7a","og_description":"NOTA INFORMATIVA Para conhecimento geral, informa-se que, no \u00e2mbito das obras de requalifica\u00e7\u00e3o atualmente em curso em todo o edif\u00edcio do Pal\u00e1cio da Justi\u00e7a de Mogadouro, e em particular da interven\u00e7\u00e3o na sala de audi\u00eancias,...","og_url":"https:\/\/comarcas.csm.org.pt\/braganca\/blog\/2025\/10\/12\/nucleo-de-mogadouro-alteracao-temporaria-do-local-para-a-realizacao-de-julgamentos-diligencias\/","og_site_name":"Tribunal Judicial da Comarca de Bragan\u00e7a","article_published_time":"2025-10-12T23:25:06+00:00","article_modified_time":"2026-04-20T23:19:01+00:00","og_image":[{"width":512,"height":251,"url":"https:\/\/comarcas.csm.org.pt\/braganca\/wp-content\/uploads\/sites\/10\/2025\/10\/Mogadouro-Casa-das-Artes.jpg","type":"image\/jpeg"}],"author":"braganca","twitter_card":"summary_large_image","twitter_misc":{"Escrito por":"braganca","Tempo estimado de leitura":"1 minuto"},"schema":{"@context":"https:\/\/schema.org","@graph":[{"@type":"Article","@id":"https:\/\/comarcas.csm.org.pt\/braganca\/blog\/2025\/10\/12\/nucleo-de-mogadouro-alteracao-temporaria-do-local-para-a-realizacao-de-julgamentos-diligencias\/#article","isPartOf":{"@id":"https:\/\/comarcas.csm.org.pt\/braganca\/blog\/2025\/10\/12\/nucleo-de-mogadouro-alteracao-temporaria-do-local-para-a-realizacao-de-julgamentos-diligencias\/"},"author":{"name":"braganca","@id":"https:\/\/comarcas.csm.org.pt\/braganca\/#\/schema\/person\/830e822f517a9c6a53780b64e418a648"},"headline":"N\u00facleo de Mogadouro &#8211; altera\u00e7\u00e3o tempor\u00e1ria do local para a realiza\u00e7\u00e3o de julgamentos\/dilig\u00eancias","datePublished":"2025-10-12T23:25:06+00:00","dateModified":"2026-04-20T23:19:01+00:00","mainEntityOfPage":{"@id":"https:\/\/comarcas.csm.org.pt\/braganca\/blog\/2025\/10\/12\/nucleo-de-mogadouro-alteracao-temporaria-do-local-para-a-realizacao-de-julgamentos-diligencias\/"},"wordCount":124,"publisher":{"@id":"https:\/\/comarcas.csm.org.pt\/braganca\/#organization"},"image":{"@id":"https:\/\/comarcas.csm.org.pt\/braganca\/blog\/2025\/10\/12\/nucleo-de-mogadouro-alteracao-temporaria-do-local-para-a-realizacao-de-julgamentos-diligencias\/#primaryimage"},"thumbnailUrl":"https:\/\/comarcas.csm.org.pt\/braganca\/wp-content\/uploads\/sites\/10\/2025\/10\/Mogadouro-Casa-das-Artes.jpg","articleSection":["Geral"],"inLanguage":"pt-PT"},{"@type":"WebPage","@id":"https:\/\/comarcas.csm.org.pt\/braganca\/blog\/2025\/10\/12\/nucleo-de-mogadouro-alteracao-temporaria-do-local-para-a-realizacao-de-julgamentos-diligencias\/","url":"https:\/\/comarcas.csm.org.pt\/braganca\/blog\/2025\/10\/12\/nucleo-de-mogadouro-alteracao-temporaria-do-local-para-a-realizacao-de-julgamentos-diligencias\/","name":"N\u00facleo de Mogadouro - altera\u00e7\u00e3o tempor\u00e1ria do local para a realiza\u00e7\u00e3o de julgamentos\/dilig\u00eancias - Tribunal Judicial da Comarca de Bragan\u00e7a","isPartOf":{"@id":"https:\/\/comarcas.csm.org.pt\/braganca\/#website"},"primaryImageOfPage":{"@id":"https:\/\/comarcas.csm.org.pt\/braganca\/blog\/2025\/10\/12\/nucleo-de-mogadouro-alteracao-temporaria-do-local-para-a-realizacao-de-julgamentos-diligencias\/#primaryimage"},"image":{"@id":"https:\/\/comarcas.csm.org.pt\/braganca\/blog\/2025\/10\/12\/nucleo-de-mogadouro-alteracao-temporaria-do-local-para-a-realizacao-de-julgamentos-diligencias\/#primaryimage"},"thumbnailUrl":"https:\/\/comarcas.csm.org.pt\/braganca\/wp-content\/uploads\/sites\/10\/2025\/10\/Mogadouro-Casa-das-Artes.jpg","datePublished":"2025-10-12T23:25:06+00:00","dateModified":"2026-04-20T23:19:01+00:00","breadcrumb":{"@id":"https:\/\/comarcas.csm.org.pt\/braganca\/blog\/2025\/10\/12\/nucleo-de-mogadouro-alteracao-temporaria-do-local-para-a-realizacao-de-julgamentos-diligencias\/#breadcrumb"},"inLanguage":"pt-PT","potentialAction":[{"@type":"ReadAction","target":["https:\/\/comarcas.csm.org.pt\/braganca\/blog\/2025\/10\/12\/nucleo-de-mogadouro-alteracao-temporaria-do-local-para-a-realizacao-de-julgamentos-diligencias\/"]}]},{"@type":"ImageObject","inLanguage":"pt-PT","@id":"https:\/\/comarcas.csm.org.pt\/braganca\/blog\/2025\/10\/12\/nucleo-de-mogadouro-alteracao-temporaria-do-local-para-a-realizacao-de-julgamentos-diligencias\/#primaryimage","url":"https:\/\/comarcas.csm.org.pt\/braganca\/wp-content\/uploads\/sites\/10\/2025\/10\/Mogadouro-Casa-das-Artes.jpg","contentUrl":"https:\/\/comarcas.csm.org.pt\/braganca\/wp-content\/uploads\/sites\/10\/2025\/10\/Mogadouro-Casa-das-Artes.jpg","width":512,"height":251},{"@type":"BreadcrumbList","@id":"https:\/\/comarcas.csm.org.pt\/braganca\/blog\/2025\/10\/12\/nucleo-de-mogadouro-alteracao-temporaria-do-local-para-a-realizacao-de-julgamentos-diligencias\/#breadcrumb","itemListElement":[{"@type":"ListItem","position":1,"name":"In\u00edcio","item":"https:\/\/comarcas.csm.org.pt\/braganca\/"},{"@type":"ListItem","position":2,"name":"N\u00facleo de Mogadouro &#8211; altera\u00e7\u00e3o tempor\u00e1ria do local para a realiza\u00e7\u00e3o de julgamentos\/dilig\u00eancias"}]},{"@type":"WebSite","@id":"https:\/\/comarcas.csm.org.pt\/braganca\/#website","url":"https:\/\/comarcas.csm.org.pt\/braganca\/","name":"Tribunal Judicial da Comarca de Bragan\u00e7a","description":"Tribunal Judicial da Comarca de Bragan\u00e7a","publisher":{"@id":"https:\/\/comarcas.csm.org.pt\/braganca\/#organization"},"potentialAction":[{"@type":"SearchAction","target":{"@type":"EntryPoint","urlTemplate":"https:\/\/comarcas.csm.org.pt\/braganca\/?s={search_term_string}"},"query-input":{"@type":"PropertyValueSpecification","valueRequired":true,"valueName":"search_term_string"}}],"inLanguage":"pt-PT"},{"@type":"Organization","@id":"https:\/\/comarcas.csm.org.pt\/braganca\/#organization","name":"Tribunal Judicial da Comarca de Bragan\u00e7a","url":"https:\/\/comarcas.csm.org.pt\/braganca\/","logo":{"@type":"ImageObject","inLanguage":"pt-PT","@id":"https:\/\/comarcas.csm.org.pt\/braganca\/#\/schema\/logo\/image\/","url":"https:\/\/comarcas.csm.org.pt\/braganca\/wp-content\/uploads\/sites\/10\/2024\/11\/Braganca_positivo-horizontal.png","contentUrl":"https:\/\/comarcas.csm.org.pt\/braganca\/wp-content\/uploads\/sites\/10\/2024\/11\/Braganca_positivo-horizontal.png","width":4317,"height":971,"caption":"Tribunal Judicial da Comarca de Bragan\u00e7a"},"image":{"@id":"https:\/\/comarcas.csm.org.pt\/braganca\/#\/schema\/logo\/image\/"}},{"@type":"Person","@id":"https:\/\/comarcas.csm.org.pt\/braganca\/#\/schema\/person\/830e822f517a9c6a53780b64e418a648","name":"braganca","image":{"@type":"ImageObject","inLanguage":"pt-PT","@id":"https:\/\/comarcas.csm.org.pt\/braganca\/#\/schema\/person\/image\/","url":"https:\/\/secure.gravatar.com\/avatar\/ad3f612555e18b96f5d4fcb2902d52bde29c4e9f9418a0745fd5f8f236399b1a?s=96&d=mm&r=g","contentUrl":"https:\/\/secure.gravatar.com\/avatar\/ad3f612555e18b96f5d4fcb2902d52bde29c4e9f9418a0745fd5f8f236399b1a?s=96&d=mm&r=g","caption":"braganca"},"url":"https:\/\/comarcas.csm.org.pt\/braganca\/blog\/author\/braganca\/"}]}},"_links":{"self":[{"href":"https:\/\/comarcas.csm.org.pt\/braganca\/wp-json\/wp\/v2\/posts\/12267","targetHints":{"allow":["GET"]}}],"collection":[{"href":"https:\/\/comarcas.csm.org.pt\/braganca\/wp-json\/wp\/v2\/posts"}],"about":[{"href":"https:\/\/comarcas.csm.org.pt\/braganca\/wp-json\/wp\/v2\/types\/post"}],"author":[{"embeddable":true,"href":"https:\/\/comarcas.csm.org.pt\/braganca\/wp-json\/wp\/v2\/users\/10"}],"replies":[{"embeddable":true,"href":"https:\/\/comarcas.csm.org.pt\/braganca\/wp-json\/wp\/v2\/comments?post=12267"}],"version-history":[{"count":8,"href":"https:\/\/comarcas.csm.org.pt\/braganca\/wp-json\/wp\/v2\/posts\/12267\/revisions"}],"predecessor-version":[{"id":12945,"href":"https:\/\/comarcas.csm.org.pt\/braganca\/wp-json\/wp\/v2\/posts\/12267\/revisions\/12945"}],"wp:attachment":[{"href":"https:\/\/comarcas.csm.org.pt\/braganca\/wp-json\/wp\/v2\/media?parent=12267"}],"wp:term":[{"taxonomy":"category","embeddable":true,"href":"https:\/\/comarcas.csm.org.pt\/braganca\/wp-json\/wp\/v2\/categories?post=12267"},{"taxonomy":"post_tag","embeddable":true,"href":"https:\/\/comarcas.csm.org.pt\/braganca\/wp-json\/wp\/v2\/tags?post=12267"}],"curies":[{"name":"wp","href":"https:\/\/api.w.org\/{rel}","templated":true}]}}