{"id":12305,"date":"2025-10-16T13:55:27","date_gmt":"2025-10-16T13:55:27","guid":{"rendered":"https:\/\/comarcas.csm.org.pt\/braganca\/?p=12305"},"modified":"2025-10-16T13:58:56","modified_gmt":"2025-10-16T13:58:56","slug":"novos-orgaos-de-gestao-visitam-estabelecimento-prisional-de-izeda","status":"publish","type":"post","link":"https:\/\/comarcas.csm.org.pt\/braganca\/blog\/2025\/10\/16\/novos-orgaos-de-gestao-visitam-estabelecimento-prisional-de-izeda\/","title":{"rendered":"nOVOS \u00d3RG\u00c3OS DE GEST\u00c3O VISITAM ESTABELECIMENTO PRISIONAL DE IZEDA"},"content":{"rendered":"\t\t<div data-elementor-type=\"wp-post\" data-elementor-id=\"12305\" class=\"elementor elementor-12305\" data-elementor-post-type=\"post\">\n\t\t\t\t<div class=\"elementor-element elementor-element-a47f62d e-grid e-con-boxed e-con e-parent\" data-id=\"a47f62d\" data-element_type=\"container\">\n\t\t\t\t\t<div class=\"e-con-inner\">\n\t\t\t\t<div class=\"elementor-element elementor-element-4fe43d3 elementor-widget elementor-widget-image\" data-id=\"4fe43d3\" data-element_type=\"widget\" data-widget_type=\"image.default\">\n\t\t\t\t<div class=\"elementor-widget-container\">\n\t\t\t\t\t\t\t\t\t\t\t\t\t\t\t<img fetchpriority=\"high\" decoding=\"async\" width=\"1024\" height=\"768\" src=\"https:\/\/comarcas.csm.org.pt\/braganca\/wp-content\/uploads\/sites\/10\/2025\/10\/OG-EP-Izeda-1024x768.jpg\" class=\"attachment-large size-large wp-image-12295\" alt=\"Visita dos \u00d3rg\u00e3os de Gest\u00e3o da Comarca de Bragan\u00e7a ao estabelecimento Prisional de Izeda\" srcset=\"https:\/\/comarcas.csm.org.pt\/braganca\/wp-content\/uploads\/sites\/10\/2025\/10\/OG-EP-Izeda-1024x768.jpg 1024w, https:\/\/comarcas.csm.org.pt\/braganca\/wp-content\/uploads\/sites\/10\/2025\/10\/OG-EP-Izeda-300x225.jpg 300w, https:\/\/comarcas.csm.org.pt\/braganca\/wp-content\/uploads\/sites\/10\/2025\/10\/OG-EP-Izeda-768x576.jpg 768w, https:\/\/comarcas.csm.org.pt\/braganca\/wp-content\/uploads\/sites\/10\/2025\/10\/OG-EP-Izeda-1536x1152.jpg 1536w, https:\/\/comarcas.csm.org.pt\/braganca\/wp-content\/uploads\/sites\/10\/2025\/10\/OG-EP-Izeda.jpg 1600w\" sizes=\"(max-width: 1024px) 100vw, 1024px\" \/>\t\t\t\t\t\t\t\t\t\t\t\t\t\t\t<\/div>\n\t\t\t\t<\/div>\n\t\t\t\t<div class=\"elementor-element elementor-element-eaec553 elementor-widget elementor-widget-text-editor\" data-id=\"eaec553\" data-element_type=\"widget\" data-widget_type=\"text-editor.default\">\n\t\t\t\t<div class=\"elementor-widget-container\">\n\t\t\t\t\t\t\t\t\t<p>No \u00e2mbito das suas recentes fun\u00e7\u00f5es, iniciadas em setembro, os \u00d3rg\u00e3os de Gest\u00e3o da Comarca de Bragan\u00e7a realizaram, no passado dia 17 de setembro de 2025, uma visita institucional ao Estabelecimento Prisional de Izeda.<\/p><p>A iniciativa teve como objetivo promover a apresenta\u00e7\u00e3o formal da nova equipa de gest\u00e3o junto da dire\u00e7\u00e3o do EP de Izeda, tendo o mesmo decorrido num ambiente cordial e colaborativo. A visita incluiu um percurso pelas instala\u00e7\u00f5es, acompanhado pelo Senhor Diretor, respetivos Adjuntos e Chefe dos Guardas Prisionais, culminando numa reuni\u00e3o de trabalho.<\/p><p>A Dire\u00e7\u00e3o do Estabelecimento Prisional destacou a relev\u00e2ncia e utilidade da iniciativa, manifestando-se lisonjeada pelo gesto e sublinhando a abertura e disponibilidade demonstradas pelo Tribunal Judicial da Comarca de Bragan\u00e7a para aprofundar rela\u00e7\u00f5es institucionais com as entidades locais.<\/p>\t\t\t\t\t\t\t\t<\/div>\n\t\t\t\t<\/div>\n\t\t\t\t\t<\/div>\n\t\t\t\t<\/div>\n\t\t\t\t<\/div>\n\t\t","protected":false},"excerpt":{"rendered":"<p>No \u00e2mbito das suas recentes fun\u00e7\u00f5es, iniciadas em setembro, os \u00d3rg\u00e3os de Gest\u00e3o da Comarca de Bragan\u00e7a realizaram, no passado dia 17 de setembro de 2025, uma visita institucional ao Estabelecimento Prisional de Izeda. A&#8230;<\/p>\n","protected":false},"author":10,"featured_media":0,"comment_status":"closed","ping_status":"open","sticky":false,"template":"","format":"standard","meta":{"_tbt_post_transparent":"","_tbt_post_title":"","_tbt_post_layout":"","_tbt_post_sidebar_id":"","_tbt_post_content_style":"","_tbt_post_vertical_padding":"","_tbt_post_feature":"","_tbt_post_feature_position":"","_tbt_post_header":false,"_tbt_post_footer":false},"categories":[1],"tags":[],"class_list":["post-12305","post","type-post","status-publish","format-standard","hentry","category-geral"],"yoast_head":"<!-- This site is optimized with the Yoast SEO plugin v25.6 - https:\/\/yoast.com\/wordpress\/plugins\/seo\/ -->\n<title>nOVOS \u00d3RG\u00c3OS DE GEST\u00c3O VISITAM ESTABELECIMENTO PRISIONAL DE IZEDA - Tribunal Judicial da Comarca de Bragan\u00e7a<\/title>\n<meta name=\"robots\" content=\"index, follow, max-snippet:-1, max-image-preview:large, max-video-preview:-1\" \/>\n<link rel=\"canonical\" href=\"https:\/\/comarcas.csm.org.pt\/braganca\/blog\/2025\/10\/16\/novos-orgaos-de-gestao-visitam-estabelecimento-prisional-de-izeda\/\" \/>\n<meta property=\"og:locale\" content=\"pt_PT\" \/>\n<meta property=\"og:type\" content=\"article\" \/>\n<meta property=\"og:title\" content=\"nOVOS \u00d3RG\u00c3OS DE GEST\u00c3O VISITAM ESTABELECIMENTO PRISIONAL DE IZEDA - Tribunal Judicial da Comarca de Bragan\u00e7a\" \/>\n<meta property=\"og:description\" content=\"No \u00e2mbito das suas recentes fun\u00e7\u00f5es, iniciadas em setembro, os \u00d3rg\u00e3os de Gest\u00e3o da Comarca de Bragan\u00e7a realizaram, no passado dia 17 de setembro de 2025, uma visita institucional ao Estabelecimento Prisional de Izeda. A...\" \/>\n<meta property=\"og:url\" content=\"https:\/\/comarcas.csm.org.pt\/braganca\/blog\/2025\/10\/16\/novos-orgaos-de-gestao-visitam-estabelecimento-prisional-de-izeda\/\" \/>\n<meta property=\"og:site_name\" content=\"Tribunal Judicial da Comarca de Bragan\u00e7a\" \/>\n<meta property=\"article:published_time\" content=\"2025-10-16T13:55:27+00:00\" \/>\n<meta property=\"article:modified_time\" content=\"2025-10-16T13:58:56+00:00\" \/>\n<meta property=\"og:image\" content=\"https:\/\/comarcas.csm.org.pt\/braganca\/wp-content\/uploads\/sites\/10\/2025\/10\/OG-EP-Izeda.jpg\" \/>\n\t<meta property=\"og:image:width\" content=\"1600\" \/>\n\t<meta property=\"og:image:height\" content=\"1200\" \/>\n\t<meta property=\"og:image:type\" content=\"image\/jpeg\" \/>\n<meta name=\"author\" content=\"braganca\" \/>\n<meta name=\"twitter:card\" content=\"summary_large_image\" \/>\n<meta name=\"twitter:label1\" content=\"Escrito por\" \/>\n\t<meta name=\"twitter:data1\" content=\"braganca\" \/>\n\t<meta name=\"twitter:label2\" content=\"Tempo estimado de leitura\" \/>\n\t<meta name=\"twitter:data2\" content=\"1 minuto\" \/>\n<script type=\"application\/ld+json\" class=\"yoast-schema-graph\">{\"@context\":\"https:\/\/schema.org\",\"@graph\":[{\"@type\":\"Article\",\"@id\":\"https:\/\/comarcas.csm.org.pt\/braganca\/blog\/2025\/10\/16\/novos-orgaos-de-gestao-visitam-estabelecimento-prisional-de-izeda\/#article\",\"isPartOf\":{\"@id\":\"https:\/\/comarcas.csm.org.pt\/braganca\/blog\/2025\/10\/16\/novos-orgaos-de-gestao-visitam-estabelecimento-prisional-de-izeda\/\"},\"author\":{\"name\":\"braganca\",\"@id\":\"https:\/\/comarcas.csm.org.pt\/braganca\/#\/schema\/person\/830e822f517a9c6a53780b64e418a648\"},\"headline\":\"nOVOS \u00d3RG\u00c3OS DE GEST\u00c3O VISITAM ESTABELECIMENTO PRISIONAL DE IZEDA\",\"datePublished\":\"2025-10-16T13:55:27+00:00\",\"dateModified\":\"2025-10-16T13:58:56+00:00\",\"mainEntityOfPage\":{\"@id\":\"https:\/\/comarcas.csm.org.pt\/braganca\/blog\/2025\/10\/16\/novos-orgaos-de-gestao-visitam-estabelecimento-prisional-de-izeda\/\"},\"wordCount\":147,\"publisher\":{\"@id\":\"https:\/\/comarcas.csm.org.pt\/braganca\/#organization\"},\"image\":{\"@id\":\"https:\/\/comarcas.csm.org.pt\/braganca\/blog\/2025\/10\/16\/novos-orgaos-de-gestao-visitam-estabelecimento-prisional-de-izeda\/#primaryimage\"},\"thumbnailUrl\":\"https:\/\/comarcas.csm.org.pt\/braganca\/wp-content\/uploads\/sites\/10\/2025\/10\/OG-EP-Izeda-1024x768.jpg\",\"articleSection\":[\"Geral\"],\"inLanguage\":\"pt-PT\"},{\"@type\":\"WebPage\",\"@id\":\"https:\/\/comarcas.csm.org.pt\/braganca\/blog\/2025\/10\/16\/novos-orgaos-de-gestao-visitam-estabelecimento-prisional-de-izeda\/\",\"url\":\"https:\/\/comarcas.csm.org.pt\/braganca\/blog\/2025\/10\/16\/novos-orgaos-de-gestao-visitam-estabelecimento-prisional-de-izeda\/\",\"name\":\"nOVOS \u00d3RG\u00c3OS DE GEST\u00c3O VISITAM ESTABELECIMENTO PRISIONAL DE IZEDA - Tribunal Judicial da Comarca de Bragan\u00e7a\",\"isPartOf\":{\"@id\":\"https:\/\/comarcas.csm.org.pt\/braganca\/#website\"},\"primaryImageOfPage\":{\"@id\":\"https:\/\/comarcas.csm.org.pt\/braganca\/blog\/2025\/10\/16\/novos-orgaos-de-gestao-visitam-estabelecimento-prisional-de-izeda\/#primaryimage\"},\"image\":{\"@id\":\"https:\/\/comarcas.csm.org.pt\/braganca\/blog\/2025\/10\/16\/novos-orgaos-de-gestao-visitam-estabelecimento-prisional-de-izeda\/#primaryimage\"},\"thumbnailUrl\":\"https:\/\/comarcas.csm.org.pt\/braganca\/wp-content\/uploads\/sites\/10\/2025\/10\/OG-EP-Izeda-1024x768.jpg\",\"datePublished\":\"2025-10-16T13:55:27+00:00\",\"dateModified\":\"2025-10-16T13:58:56+00:00\",\"breadcrumb\":{\"@id\":\"https:\/\/comarcas.csm.org.pt\/braganca\/blog\/2025\/10\/16\/novos-orgaos-de-gestao-visitam-estabelecimento-prisional-de-izeda\/#breadcrumb\"},\"inLanguage\":\"pt-PT\",\"potentialAction\":[{\"@type\":\"ReadAction\",\"target\":[\"https:\/\/comarcas.csm.org.pt\/braganca\/blog\/2025\/10\/16\/novos-orgaos-de-gestao-visitam-estabelecimento-prisional-de-izeda\/\"]}]},{\"@type\":\"ImageObject\",\"inLanguage\":\"pt-PT\",\"@id\":\"https:\/\/comarcas.csm.org.pt\/braganca\/blog\/2025\/10\/16\/novos-orgaos-de-gestao-visitam-estabelecimento-prisional-de-izeda\/#primaryimage\",\"url\":\"https:\/\/comarcas.csm.org.pt\/braganca\/wp-content\/uploads\/sites\/10\/2025\/10\/OG-EP-Izeda.jpg\",\"contentUrl\":\"https:\/\/comarcas.csm.org.pt\/braganca\/wp-content\/uploads\/sites\/10\/2025\/10\/OG-EP-Izeda.jpg\",\"width\":1600,\"height\":1200,\"caption\":\"Visita dos \u00d3rg\u00e3os de Gest\u00e3o da Comarca de Bragan\u00e7a ao estabelecimento Prisional de Izeda\"},{\"@type\":\"BreadcrumbList\",\"@id\":\"https:\/\/comarcas.csm.org.pt\/braganca\/blog\/2025\/10\/16\/novos-orgaos-de-gestao-visitam-estabelecimento-prisional-de-izeda\/#breadcrumb\",\"itemListElement\":[{\"@type\":\"ListItem\",\"position\":1,\"name\":\"In\u00edcio\",\"item\":\"https:\/\/comarcas.csm.org.pt\/braganca\/\"},{\"@type\":\"ListItem\",\"position\":2,\"name\":\"nOVOS \u00d3RG\u00c3OS DE GEST\u00c3O VISITAM ESTABELECIMENTO PRISIONAL DE IZEDA\"}]},{\"@type\":\"WebSite\",\"@id\":\"https:\/\/comarcas.csm.org.pt\/braganca\/#website\",\"url\":\"https:\/\/comarcas.csm.org.pt\/braganca\/\",\"name\":\"Tribunal Judicial da Comarca de Bragan\u00e7a\",\"description\":\"Tribunal Judicial da Comarca de Bragan\u00e7a\",\"publisher\":{\"@id\":\"https:\/\/comarcas.csm.org.pt\/braganca\/#organization\"},\"potentialAction\":[{\"@type\":\"SearchAction\",\"target\":{\"@type\":\"EntryPoint\",\"urlTemplate\":\"https:\/\/comarcas.csm.org.pt\/braganca\/?s={search_term_string}\"},\"query-input\":{\"@type\":\"PropertyValueSpecification\",\"valueRequired\":true,\"valueName\":\"search_term_string\"}}],\"inLanguage\":\"pt-PT\"},{\"@type\":\"Organization\",\"@id\":\"https:\/\/comarcas.csm.org.pt\/braganca\/#organization\",\"name\":\"Tribunal Judicial da Comarca de Bragan\u00e7a\",\"url\":\"https:\/\/comarcas.csm.org.pt\/braganca\/\",\"logo\":{\"@type\":\"ImageObject\",\"inLanguage\":\"pt-PT\",\"@id\":\"https:\/\/comarcas.csm.org.pt\/braganca\/#\/schema\/logo\/image\/\",\"url\":\"https:\/\/comarcas.csm.org.pt\/braganca\/wp-content\/uploads\/sites\/10\/2024\/11\/Braganca_positivo-horizontal.png\",\"contentUrl\":\"https:\/\/comarcas.csm.org.pt\/braganca\/wp-content\/uploads\/sites\/10\/2024\/11\/Braganca_positivo-horizontal.png\",\"width\":4317,\"height\":971,\"caption\":\"Tribunal Judicial da Comarca de Bragan\u00e7a\"},\"image\":{\"@id\":\"https:\/\/comarcas.csm.org.pt\/braganca\/#\/schema\/logo\/image\/\"}},{\"@type\":\"Person\",\"@id\":\"https:\/\/comarcas.csm.org.pt\/braganca\/#\/schema\/person\/830e822f517a9c6a53780b64e418a648\",\"name\":\"braganca\",\"image\":{\"@type\":\"ImageObject\",\"inLanguage\":\"pt-PT\",\"@id\":\"https:\/\/comarcas.csm.org.pt\/braganca\/#\/schema\/person\/image\/\",\"url\":\"https:\/\/secure.gravatar.com\/avatar\/ad3f612555e18b96f5d4fcb2902d52bde29c4e9f9418a0745fd5f8f236399b1a?s=96&d=mm&r=g\",\"contentUrl\":\"https:\/\/secure.gravatar.com\/avatar\/ad3f612555e18b96f5d4fcb2902d52bde29c4e9f9418a0745fd5f8f236399b1a?s=96&d=mm&r=g\",\"caption\":\"braganca\"},\"url\":\"https:\/\/comarcas.csm.org.pt\/braganca\/blog\/author\/braganca\/\"}]}<\/script>\n<!-- \/ Yoast SEO plugin. -->","yoast_head_json":{"title":"nOVOS \u00d3RG\u00c3OS DE GEST\u00c3O VISITAM ESTABELECIMENTO PRISIONAL DE IZEDA - Tribunal Judicial da Comarca de Bragan\u00e7a","robots":{"index":"index","follow":"follow","max-snippet":"max-snippet:-1","max-image-preview":"max-image-preview:large","max-video-preview":"max-video-preview:-1"},"canonical":"https:\/\/comarcas.csm.org.pt\/braganca\/blog\/2025\/10\/16\/novos-orgaos-de-gestao-visitam-estabelecimento-prisional-de-izeda\/","og_locale":"pt_PT","og_type":"article","og_title":"nOVOS \u00d3RG\u00c3OS DE GEST\u00c3O VISITAM ESTABELECIMENTO PRISIONAL DE IZEDA - Tribunal Judicial da Comarca de Bragan\u00e7a","og_description":"No \u00e2mbito das suas recentes fun\u00e7\u00f5es, iniciadas em setembro, os \u00d3rg\u00e3os de Gest\u00e3o da Comarca de Bragan\u00e7a realizaram, no passado dia 17 de setembro de 2025, uma visita institucional ao Estabelecimento Prisional de Izeda. A...","og_url":"https:\/\/comarcas.csm.org.pt\/braganca\/blog\/2025\/10\/16\/novos-orgaos-de-gestao-visitam-estabelecimento-prisional-de-izeda\/","og_site_name":"Tribunal Judicial da Comarca de Bragan\u00e7a","article_published_time":"2025-10-16T13:55:27+00:00","article_modified_time":"2025-10-16T13:58:56+00:00","og_image":[{"width":1600,"height":1200,"url":"https:\/\/comarcas.csm.org.pt\/braganca\/wp-content\/uploads\/sites\/10\/2025\/10\/OG-EP-Izeda.jpg","type":"image\/jpeg"}],"author":"braganca","twitter_card":"summary_large_image","twitter_misc":{"Escrito por":"braganca","Tempo estimado de leitura":"1 minuto"},"schema":{"@context":"https:\/\/schema.org","@graph":[{"@type":"Article","@id":"https:\/\/comarcas.csm.org.pt\/braganca\/blog\/2025\/10\/16\/novos-orgaos-de-gestao-visitam-estabelecimento-prisional-de-izeda\/#article","isPartOf":{"@id":"https:\/\/comarcas.csm.org.pt\/braganca\/blog\/2025\/10\/16\/novos-orgaos-de-gestao-visitam-estabelecimento-prisional-de-izeda\/"},"author":{"name":"braganca","@id":"https:\/\/comarcas.csm.org.pt\/braganca\/#\/schema\/person\/830e822f517a9c6a53780b64e418a648"},"headline":"nOVOS \u00d3RG\u00c3OS DE GEST\u00c3O VISITAM ESTABELECIMENTO PRISIONAL DE IZEDA","datePublished":"2025-10-16T13:55:27+00:00","dateModified":"2025-10-16T13:58:56+00:00","mainEntityOfPage":{"@id":"https:\/\/comarcas.csm.org.pt\/braganca\/blog\/2025\/10\/16\/novos-orgaos-de-gestao-visitam-estabelecimento-prisional-de-izeda\/"},"wordCount":147,"publisher":{"@id":"https:\/\/comarcas.csm.org.pt\/braganca\/#organization"},"image":{"@id":"https:\/\/comarcas.csm.org.pt\/braganca\/blog\/2025\/10\/16\/novos-orgaos-de-gestao-visitam-estabelecimento-prisional-de-izeda\/#primaryimage"},"thumbnailUrl":"https:\/\/comarcas.csm.org.pt\/braganca\/wp-content\/uploads\/sites\/10\/2025\/10\/OG-EP-Izeda-1024x768.jpg","articleSection":["Geral"],"inLanguage":"pt-PT"},{"@type":"WebPage","@id":"https:\/\/comarcas.csm.org.pt\/braganca\/blog\/2025\/10\/16\/novos-orgaos-de-gestao-visitam-estabelecimento-prisional-de-izeda\/","url":"https:\/\/comarcas.csm.org.pt\/braganca\/blog\/2025\/10\/16\/novos-orgaos-de-gestao-visitam-estabelecimento-prisional-de-izeda\/","name":"nOVOS \u00d3RG\u00c3OS DE GEST\u00c3O VISITAM ESTABELECIMENTO PRISIONAL DE IZEDA - Tribunal Judicial da Comarca de Bragan\u00e7a","isPartOf":{"@id":"https:\/\/comarcas.csm.org.pt\/braganca\/#website"},"primaryImageOfPage":{"@id":"https:\/\/comarcas.csm.org.pt\/braganca\/blog\/2025\/10\/16\/novos-orgaos-de-gestao-visitam-estabelecimento-prisional-de-izeda\/#primaryimage"},"image":{"@id":"https:\/\/comarcas.csm.org.pt\/braganca\/blog\/2025\/10\/16\/novos-orgaos-de-gestao-visitam-estabelecimento-prisional-de-izeda\/#primaryimage"},"thumbnailUrl":"https:\/\/comarcas.csm.org.pt\/braganca\/wp-content\/uploads\/sites\/10\/2025\/10\/OG-EP-Izeda-1024x768.jpg","datePublished":"2025-10-16T13:55:27+00:00","dateModified":"2025-10-16T13:58:56+00:00","breadcrumb":{"@id":"https:\/\/comarcas.csm.org.pt\/braganca\/blog\/2025\/10\/16\/novos-orgaos-de-gestao-visitam-estabelecimento-prisional-de-izeda\/#breadcrumb"},"inLanguage":"pt-PT","potentialAction":[{"@type":"ReadAction","target":["https:\/\/comarcas.csm.org.pt\/braganca\/blog\/2025\/10\/16\/novos-orgaos-de-gestao-visitam-estabelecimento-prisional-de-izeda\/"]}]},{"@type":"ImageObject","inLanguage":"pt-PT","@id":"https:\/\/comarcas.csm.org.pt\/braganca\/blog\/2025\/10\/16\/novos-orgaos-de-gestao-visitam-estabelecimento-prisional-de-izeda\/#primaryimage","url":"https:\/\/comarcas.csm.org.pt\/braganca\/wp-content\/uploads\/sites\/10\/2025\/10\/OG-EP-Izeda.jpg","contentUrl":"https:\/\/comarcas.csm.org.pt\/braganca\/wp-content\/uploads\/sites\/10\/2025\/10\/OG-EP-Izeda.jpg","width":1600,"height":1200,"caption":"Visita dos \u00d3rg\u00e3os de Gest\u00e3o da Comarca de Bragan\u00e7a ao estabelecimento Prisional de Izeda"},{"@type":"BreadcrumbList","@id":"https:\/\/comarcas.csm.org.pt\/braganca\/blog\/2025\/10\/16\/novos-orgaos-de-gestao-visitam-estabelecimento-prisional-de-izeda\/#breadcrumb","itemListElement":[{"@type":"ListItem","position":1,"name":"In\u00edcio","item":"https:\/\/comarcas.csm.org.pt\/braganca\/"},{"@type":"ListItem","position":2,"name":"nOVOS \u00d3RG\u00c3OS DE GEST\u00c3O VISITAM ESTABELECIMENTO PRISIONAL DE IZEDA"}]},{"@type":"WebSite","@id":"https:\/\/comarcas.csm.org.pt\/braganca\/#website","url":"https:\/\/comarcas.csm.org.pt\/braganca\/","name":"Tribunal Judicial da Comarca de Bragan\u00e7a","description":"Tribunal Judicial da Comarca de Bragan\u00e7a","publisher":{"@id":"https:\/\/comarcas.csm.org.pt\/braganca\/#organization"},"potentialAction":[{"@type":"SearchAction","target":{"@type":"EntryPoint","urlTemplate":"https:\/\/comarcas.csm.org.pt\/braganca\/?s={search_term_string}"},"query-input":{"@type":"PropertyValueSpecification","valueRequired":true,"valueName":"search_term_string"}}],"inLanguage":"pt-PT"},{"@type":"Organization","@id":"https:\/\/comarcas.csm.org.pt\/braganca\/#organization","name":"Tribunal Judicial da Comarca de Bragan\u00e7a","url":"https:\/\/comarcas.csm.org.pt\/braganca\/","logo":{"@type":"ImageObject","inLanguage":"pt-PT","@id":"https:\/\/comarcas.csm.org.pt\/braganca\/#\/schema\/logo\/image\/","url":"https:\/\/comarcas.csm.org.pt\/braganca\/wp-content\/uploads\/sites\/10\/2024\/11\/Braganca_positivo-horizontal.png","contentUrl":"https:\/\/comarcas.csm.org.pt\/braganca\/wp-content\/uploads\/sites\/10\/2024\/11\/Braganca_positivo-horizontal.png","width":4317,"height":971,"caption":"Tribunal Judicial da Comarca de Bragan\u00e7a"},"image":{"@id":"https:\/\/comarcas.csm.org.pt\/braganca\/#\/schema\/logo\/image\/"}},{"@type":"Person","@id":"https:\/\/comarcas.csm.org.pt\/braganca\/#\/schema\/person\/830e822f517a9c6a53780b64e418a648","name":"braganca","image":{"@type":"ImageObject","inLanguage":"pt-PT","@id":"https:\/\/comarcas.csm.org.pt\/braganca\/#\/schema\/person\/image\/","url":"https:\/\/secure.gravatar.com\/avatar\/ad3f612555e18b96f5d4fcb2902d52bde29c4e9f9418a0745fd5f8f236399b1a?s=96&d=mm&r=g","contentUrl":"https:\/\/secure.gravatar.com\/avatar\/ad3f612555e18b96f5d4fcb2902d52bde29c4e9f9418a0745fd5f8f236399b1a?s=96&d=mm&r=g","caption":"braganca"},"url":"https:\/\/comarcas.csm.org.pt\/braganca\/blog\/author\/braganca\/"}]}},"_links":{"self":[{"href":"https:\/\/comarcas.csm.org.pt\/braganca\/wp-json\/wp\/v2\/posts\/12305","targetHints":{"allow":["GET"]}}],"collection":[{"href":"https:\/\/comarcas.csm.org.pt\/braganca\/wp-json\/wp\/v2\/posts"}],"about":[{"href":"https:\/\/comarcas.csm.org.pt\/braganca\/wp-json\/wp\/v2\/types\/post"}],"author":[{"embeddable":true,"href":"https:\/\/comarcas.csm.org.pt\/braganca\/wp-json\/wp\/v2\/users\/10"}],"replies":[{"embeddable":true,"href":"https:\/\/comarcas.csm.org.pt\/braganca\/wp-json\/wp\/v2\/comments?post=12305"}],"version-history":[{"count":3,"href":"https:\/\/comarcas.csm.org.pt\/braganca\/wp-json\/wp\/v2\/posts\/12305\/revisions"}],"predecessor-version":[{"id":12308,"href":"https:\/\/comarcas.csm.org.pt\/braganca\/wp-json\/wp\/v2\/posts\/12305\/revisions\/12308"}],"wp:attachment":[{"href":"https:\/\/comarcas.csm.org.pt\/braganca\/wp-json\/wp\/v2\/media?parent=12305"}],"wp:term":[{"taxonomy":"category","embeddable":true,"href":"https:\/\/comarcas.csm.org.pt\/braganca\/wp-json\/wp\/v2\/categories?post=12305"},{"taxonomy":"post_tag","embeddable":true,"href":"https:\/\/comarcas.csm.org.pt\/braganca\/wp-json\/wp\/v2\/tags?post=12305"}],"curies":[{"name":"wp","href":"https:\/\/api.w.org\/{rel}","templated":true}]}}