{"id":12623,"date":"2025-12-09T10:33:07","date_gmt":"2025-12-09T10:33:07","guid":{"rendered":"https:\/\/comarcas.csm.org.pt\/braganca\/?p=12623"},"modified":"2025-12-09T10:41:56","modified_gmt":"2025-12-09T10:41:56","slug":"elementor-12623","status":"publish","type":"post","link":"https:\/\/comarcas.csm.org.pt\/braganca\/blog\/2025\/12\/09\/elementor-12623\/","title":{"rendered":"Promo\u00e7\u00e3o de iniciativas (abertura do Tribunal \u00e0 Comunidade)"},"content":{"rendered":"\t\t<div data-elementor-type=\"wp-post\" data-elementor-id=\"12623\" class=\"elementor elementor-12623\" data-elementor-post-type=\"post\">\n\t\t\t\t<div class=\"elementor-element elementor-element-37a7cc2 e-flex e-con-boxed e-con e-parent\" data-id=\"37a7cc2\" data-element_type=\"container\">\n\t\t\t\t\t<div class=\"e-con-inner\">\n\t\t\t\t<div class=\"elementor-element elementor-element-562ce49 elementor-widget elementor-widget-heading\" data-id=\"562ce49\" data-element_type=\"widget\" data-widget_type=\"heading.default\">\n\t\t\t\t<div class=\"elementor-widget-container\">\n\t\t\t\t\t<h2 class=\"elementor-heading-title elementor-size-default\">Iniciativa Solid\u00e1ria de Natal - Minist\u00e9rio P\u00fablico e Tribunal Judicial da Comarca de Bragan\u00e7a<\/h2>\t\t\t\t<\/div>\n\t\t\t\t<\/div>\n\t\t\t\t\t<\/div>\n\t\t\t\t<\/div>\n\t\t<div class=\"elementor-element elementor-element-30b0f2d e-flex e-con-boxed e-con e-parent\" data-id=\"30b0f2d\" data-element_type=\"container\">\n\t\t\t\t\t<div class=\"e-con-inner\">\n\t\t\t\t<div class=\"elementor-element elementor-element-e98da88 elementor-widget elementor-widget-text-editor\" data-id=\"e98da88\" data-element_type=\"widget\" data-widget_type=\"text-editor.default\">\n\t\t\t\t<div class=\"elementor-widget-container\">\n\t\t\t\t\t\t\t\t\t<p>O Minist\u00e9rio P\u00fablico junto da Comarca de Bragan\u00e7a e o Tribunal Judicial da Comarca de Bragan\u00e7a t\u00eam a honra de apresentar a Vossas Excel\u00eancias iniciativa solid\u00e1ria de Natal, que tem como objetivo proporcionar um momento especial \u00e0s crian\u00e7as e jovens apoiadas, acolhidas e acompanhadas pelas Institui\u00e7\u00f5es que integram a Comarca de Bragan\u00e7a, num esp\u00edrito de partilha da magia do Natal e de aproxima\u00e7\u00e3o \u00e0s entidades e \u00e0 comunidade.<\/p><p>Este ano a Procuradoria da Rep\u00fablica da Comarca de Bragan\u00e7a est\u00e1 a organizar uma campanha informal de recolha de bens essenciais e presentes de Natal junto do Tribunal Judicial da Comarca de Bragan\u00e7a e demais N\u00facleos \/ Ju\u00edzos de Proximidade, bem como com todas as pessoas e entidades que desejem contribuir para um Natal mais feliz e acolhedor para as crian\u00e7as e jovens que mais precisam.<\/p><p>Assim, gostar\u00edamos de convidar Vossas Excel\u00eancias a participarem neste gesto conjunto de Natal.<\/p><p>Para concretiza\u00e7\u00e3o da iniciativa solid\u00e1ria de Natal, foram solicitadas \u00e0s Institui\u00e7\u00f5es da Comarca quais eram as necessidades das Institui\u00e7\u00f5es e desejos das crian\u00e7as e jovens, <em>conforme lista infra<\/em>:<\/p><p>\u00a0\u00a0\u00a0\u00a0\u00a0\u00a0\u00a0\u00a0\u00a0\u00a0\u00a0 1<strong><u>&#8211; Obra Kolping Bragan\u00e7a<\/u><\/strong>, que \u00e9 uma institui\u00e7\u00e3o que acolhe rapazes e raparigas, foram indicados:<\/p><p>\u00a0\u00a0\u00a0\u00a0\u00a0\u00a0\u00a0\u00a0\u00a0\u00a0\u00a0\u00a0\u00a0\u00a0\u00a0\u00a0\u00a0\u00a0\u00a0\u00a0\u00a0\u00a0\u00a0 &#8211; Produtos de higiene (champ\u00f4, gel de banho, escovas de dentes, pasta de dentes, creme corporal, desodorizante\u2026)<\/p><p>\u00a0\u00a0\u00a0\u00a0\u00a0\u00a0\u00a0\u00a0\u00a0\u00a0\u00a0\u00a0\u00a0\u00a0\u00a0\u00a0\u00a0\u00a0\u00a0\u00a0\u00a0\u00a0\u00a0 -Bens alimentares de primeira necessidade;<\/p><p>\u00a0\u00a0\u00a0\u00a0\u00a0\u00a0\u00a0\u00a0\u00a0\u00a0\u00a0\u00a0\u00a0\u00a0\u00a0\u00a0\u00a0\u00a0\u00a0\u00a0\u00a0\u00a0\u00a0 -Fatos de treino, roupa desportiva do tamanho 4 anos, 6 anos, 10 anos, 12 anos, at\u00e9 ao XL;<\/p><p>\u00a0\u00a0\u00a0\u00a0\u00a0\u00a0\u00a0\u00a0\u00a0\u00a0\u00a0 &#8211; chocolates\/ bolas de futebol, um jogo de tabuleiro, marcadores, l\u00e1pis de cera, \u00e1lbuns para pintar\/colorir, uma coluna de som para a institui\u00e7\u00e3o, peluches, jogos de cartas, plasticina.<\/p><p>**<\/p><ol start=\"2\"><li><strong><u>Funda\u00e7\u00e3o Casa de Trabalho em Bragan\u00e7a<\/u><\/strong>, que \u00e9 uma institui\u00e7\u00e3o que acolhe 26 rapazes jovens entre os 11 e os 21 anos, foram indicados:<\/li><\/ol><p>\u00a0\u00a0\u00a0\u00a0\u00a0\u00a0\u00a0\u00a0\u00a0\u00a0\u00a0 -Bens essenciais: Len\u00e7\u00f3is e edred\u00f5es para o inverno;<\/p><p>\u00a0\u00a0\u00a0\u00a0\u00a0\u00a0\u00a0\u00a0\u00a0\u00a0\u00a0 &#8211; Fatos de treino, sapatilhas (Tamanhos 40, 42, 44), casacos (Tamanhos 40, L e XL);<\/p><p>\u00a0\u00a0\u00a0\u00a0\u00a0\u00a0\u00a0\u00a0\u00a0\u00a0\u00a0 &#8211; Chocolates, bolas de futebol, bandas desenhadas, jogos de cartas, uma playstation com jogos ou consola com jogos e comandos, carros telecomandados, coluna de som, phones sem fio.<\/p><p>**<\/p><ol start=\"3\"><li><strong><u> Lar S. Francisco em Bragan\u00e7a<\/u><\/strong>, que \u00e9 uma institui\u00e7\u00e3o que acolhe 19 jovens raparigas entre os 9 e os 20 anos, foram indicados:<\/li><\/ol><p>\u00a0\u00a0\u00a0\u00a0\u00a0\u00a0\u00a0\u00a0\u00a0\u00a0\u00a0 -Bens essenciais: Resguardos descart\u00e1veis para camas individuais, almofadas, edred\u00f5es, len\u00e7\u00f3is polares para camas individuais, produtos de higiene feminina, secador de cabelo, prancha de cabelo;<\/p><p>\u00a0\u00a0\u00a0\u00a0\u00a0\u00a0\u00a0\u00a0\u00a0\u00a0\u00a0 -Bens para a institui\u00e7\u00e3o: micro-ondas, varinha m\u00e1gica, robot, batedeira, fervedor el\u00e9trico, frigideira, jogo de tigelas inox, tostadeira, torradeira;<\/p><p>\u00a0\u00a0\u00a0\u00a0\u00a0\u00a0\u00a0\u00a0\u00a0\u00a0\u00a0 &#8211; as 19 meninas e jovens pediram canetas giras e tem\u00e1ticas coloridas, kit\u2019s e artigos de maquilhagem\/Beleza: batons, l\u00e1pis de olhos, cremes de m\u00e3os, miniaturas de perfumes, cremes, sombras, r\u00edmel, cremes para os carac\u00f3is de cabelo.<\/p><p>**<\/p><ol start=\"4\"><li><strong><u> Casa Abrigo em Bragan\u00e7a<\/u><\/strong>, que acolhe crian\u00e7as e jovens de todo pa\u00eds, foram indicados:<\/li><\/ol><p>&#8211; Bens essenciais: talheres, micro-ondas, travessas, tabuleiros, tupperwares, tigelas de sopa, copos, canecas, saladeiras, batedeira, varinha m\u00e1gica, aspirador, computador;<\/p><p>&#8211; Phones com e sem fios, chocolates (muitos!), um cami\u00e3o de crian\u00e7a com atrelado, roupa quente para crian\u00e7as, brinquedos, tablet\u2019s, bolas de futebol em espuma, um jogo de tabuleiro, marcadores, l\u00e1pis de cera, \u00e1lbuns para pintar\/colorir, peluches, jogos de cartas, plasticina.<\/p><p>**<\/p><ol start=\"5\"><li><strong><u> FFAM- MONCORVO, <\/u><\/strong>que acolhe 8 jovens raparigas dos 14 aos 17 anos, foram indicados:<\/li><\/ol><p>-Bens essenciais: Robot de cozinha- batedeira; um tablet ou um computador;<\/p><p>&#8211; fatos de treino e casacos tamanhos S e M, perfumes de baunilha, maquilhagem, canetas, marcadores, creme corporal, chocolates e doces de Natal.<\/p><p>**<\/p><ol start=\"6\"><li><strong><u> CENTRO D. AB\u00cdLIO-MACEDO DE CAVALEIROS<\/u><\/strong>, que acolhe crian\u00e7as e jovens (24), foram indicados:<\/li><\/ol><p>\u00a0\u00a0\u00a0\u00a0\u00a0\u00a0\u00a0\u00a0\u00a0\u00a0\u00a0 -Bens essenciais: bens alimentares para composi\u00e7\u00e3o de cabazes natal\u00edcios para as crian\u00e7as levarem para as fam\u00edlias com quem ir\u00e3o passar o Natal, chocolates, frutos secos, azeite, aletria, ovos, a\u00e7\u00facar, massa, arroz, \u2026<\/p><p>&#8211; Fatos de treino de cores neutras do tamanho 1 ano at\u00e9 ao tamanho 12 anos;<\/p><p>&#8211; chocolates\/ bolas de futebol, um jogo de tabuleiro, marcadores, l\u00e1pis \u00a0\u00a0\u00a0\u00a0\u00a0\u00a0\u00a0\u00a0\u00a0 de cera, \u00e1lbuns para pintar\/colorir, peluches, carrinhos, bonecas, jogos de cartas, plasticina.<\/p><p>**<\/p><ol start=\"7\"><li>7<strong><u>. CAT MIRANDELA, <\/u><\/strong>que acolhe crian\u00e7as e jovens, foram indicados:<\/li><\/ol><p>\u00a0\u00a0\u00a0\u00a0\u00a0\u00a0\u00a0\u00a0\u00a0\u00a0\u00a0\u00a0\u00a0\u00a0\u00a0\u00a0\u00a0\u00a0\u00a0\u00a0\u00a0\u00a0\u00a0 -Bens essenciais: Um Nebulizador para sa\u00fade respirat\u00f3ria, Uma Torradeira; Uma M\u00e1quina de cortar cabelos, Uma Tostadeira, Um Fervedor de \u00e1gua el\u00e9trico.<\/p><p>\u00a0\u00a0\u00a0\u00a0\u00a0\u00a0\u00a0\u00a0\u00a0\u00a0\u00a0 &#8211; Para as crian\u00e7as: brinquedo interativo para os 19 meses, um beb\u00e9 nenuco, um homem arranha, brinquedo com estimula\u00e7\u00e3o sensorial, caixa de maquilhagem para os 6 anos, um jogo de tabuleiro, chuteiras tamanho 37, um rel\u00f3gio, phones sem fio (2), carro telecomandado, colunas de som sem fio (2).<\/p><p>Para que possamos preparar os donativos de forma adequada e garantir que cada faixa et\u00e1ria de crian\u00e7as e jovens receba algo \u00fatil e que v\u00e1 ao encontro das suas necessidades, do agrado de cada um(a), na medida do que todos(as) possamos reunir, solicitamos, se poss\u00edvel, a entrega dos bens e donativos at\u00e9 ao pr\u00f3ximo dia <strong><u>10 de dezembro de 2025, pelas 12h30<\/u><\/strong>, <strong>no Gabinete da Exma. Sra. Coordenadora do Minist\u00e9rio P\u00fablico da Comarca de Bragan\u00e7a [Tribunal Judicial da Comarca de Bragan\u00e7a (sede)]<\/strong> e\/ou nos gabinetes dos(as) Senhores(as) Procuradores(as) dos v\u00e1rios Ju\u00edzos de Compet\u00eancia Gen\u00e9rica e dos Ju\u00edzos de Proximidade que integram a Comarca.<\/p><p>Previsivelmente entre os dias 11, 12, 15, 16 e 17 de dezembro\u00a0 (de modo a que todas ou o maior n\u00famero de crian\u00e7as e jovens possam estar presentes nas institui\u00e7\u00f5es respetivas, precavendo eventuais per\u00edodos de f\u00e9rias que se avizinham), ser\u00e1 efetuada a entrega dos bens\/presentes para as crian\u00e7as e jovens, antes do dia de Natal.<\/p><p>Agradecemos antecipadamente a disponibilidade, solidariedade, generosidade e inexced\u00edvel colabora\u00e7\u00e3o de Vossas Excel\u00eancias e ficamos inteiramente \u00e0 disposi\u00e7\u00e3o para qualquer esclarecimento adicional.<\/p><p>Indicamos para tudo quanto entendam necess\u00e1rio os contactos telef\u00f3nicos da Exma. Senhora Procuradora da Rep\u00fablica Coordenadora da Comarca de Bragan\u00e7a, Dra. Filipa Ara\u00fajo (93\u00a0489 58 40) e da Exma. Senhora Procuradora da Rep\u00fablica junto do Ju\u00edzo Central C\u00edvel e Criminal de Bragan\u00e7a e Ju\u00edzo Local C\u00edvel de Bragan\u00e7a, Dra. Am\u00e9lie Fernandes (91\u00a0104 44 91).<\/p><p>Com os nossos mais amistosos cumprimentos e sauda\u00e7\u00f5es natal\u00edcias, e elevada estima profissional e pessoal,<\/p><p>As Procuradoras da Rep\u00fablica,<\/p><p><em>Filipa Ara\u00fajo<\/em><\/p><p><em>Am\u00e9lie Fernandes<\/em><\/p>\t\t\t\t\t\t\t\t<\/div>\n\t\t\t\t<\/div>\n\t\t\t\t\t<\/div>\n\t\t\t\t<\/div>\n\t\t\t\t<\/div>\n\t\t","protected":false},"excerpt":{"rendered":"<p>Iniciativa Solid\u00e1ria de Natal &#8211; Minist\u00e9rio P\u00fablico e Tribunal Judicial da Comarca de Bragan\u00e7a<\/p>\n","protected":false},"author":10,"featured_media":0,"comment_status":"closed","ping_status":"open","sticky":false,"template":"","format":"standard","meta":{"_tbt_post_transparent":"","_tbt_post_title":"","_tbt_post_layout":"","_tbt_post_sidebar_id":"","_tbt_post_content_style":"","_tbt_post_vertical_padding":"","_tbt_post_feature":"","_tbt_post_feature_position":"","_tbt_post_header":false,"_tbt_post_footer":false},"categories":[1],"tags":[],"class_list":["post-12623","post","type-post","status-publish","format-standard","hentry","category-geral"],"yoast_head":"<!-- This site is optimized with the Yoast SEO plugin v25.6 - https:\/\/yoast.com\/wordpress\/plugins\/seo\/ -->\n<title>Promo\u00e7\u00e3o de iniciativas (abertura do Tribunal \u00e0 Comunidade) - Tribunal Judicial da Comarca de Bragan\u00e7a<\/title>\n<meta name=\"robots\" content=\"index, follow, max-snippet:-1, max-image-preview:large, max-video-preview:-1\" \/>\n<link rel=\"canonical\" href=\"https:\/\/comarcas.csm.org.pt\/braganca\/blog\/2025\/12\/09\/elementor-12623\/\" \/>\n<meta property=\"og:locale\" content=\"pt_PT\" \/>\n<meta property=\"og:type\" content=\"article\" \/>\n<meta property=\"og:title\" content=\"Promo\u00e7\u00e3o de iniciativas (abertura do Tribunal \u00e0 Comunidade) - Tribunal Judicial da Comarca de Bragan\u00e7a\" \/>\n<meta property=\"og:description\" content=\"Iniciativa Solid\u00e1ria de Natal - Minist\u00e9rio P\u00fablico e Tribunal Judicial da Comarca de Bragan\u00e7a\" \/>\n<meta property=\"og:url\" content=\"https:\/\/comarcas.csm.org.pt\/braganca\/blog\/2025\/12\/09\/elementor-12623\/\" \/>\n<meta property=\"og:site_name\" content=\"Tribunal Judicial da Comarca de Bragan\u00e7a\" \/>\n<meta property=\"article:published_time\" content=\"2025-12-09T10:33:07+00:00\" \/>\n<meta property=\"article:modified_time\" content=\"2025-12-09T10:41:56+00:00\" \/>\n<meta name=\"author\" content=\"braganca\" \/>\n<meta name=\"twitter:card\" content=\"summary_large_image\" \/>\n<meta name=\"twitter:label1\" content=\"Escrito por\" \/>\n\t<meta name=\"twitter:data1\" content=\"braganca\" \/>\n\t<meta name=\"twitter:label2\" content=\"Tempo estimado de leitura\" \/>\n\t<meta name=\"twitter:data2\" content=\"6 minutos\" \/>\n<script type=\"application\/ld+json\" class=\"yoast-schema-graph\">{\"@context\":\"https:\/\/schema.org\",\"@graph\":[{\"@type\":\"Article\",\"@id\":\"https:\/\/comarcas.csm.org.pt\/braganca\/blog\/2025\/12\/09\/elementor-12623\/#article\",\"isPartOf\":{\"@id\":\"https:\/\/comarcas.csm.org.pt\/braganca\/blog\/2025\/12\/09\/elementor-12623\/\"},\"author\":{\"name\":\"braganca\",\"@id\":\"https:\/\/comarcas.csm.org.pt\/braganca\/#\/schema\/person\/830e822f517a9c6a53780b64e418a648\"},\"headline\":\"Promo\u00e7\u00e3o de iniciativas (abertura do Tribunal \u00e0 Comunidade)\",\"datePublished\":\"2025-12-09T10:33:07+00:00\",\"dateModified\":\"2025-12-09T10:41:56+00:00\",\"mainEntityOfPage\":{\"@id\":\"https:\/\/comarcas.csm.org.pt\/braganca\/blog\/2025\/12\/09\/elementor-12623\/\"},\"wordCount\":1080,\"publisher\":{\"@id\":\"https:\/\/comarcas.csm.org.pt\/braganca\/#organization\"},\"articleSection\":[\"Geral\"],\"inLanguage\":\"pt-PT\"},{\"@type\":\"WebPage\",\"@id\":\"https:\/\/comarcas.csm.org.pt\/braganca\/blog\/2025\/12\/09\/elementor-12623\/\",\"url\":\"https:\/\/comarcas.csm.org.pt\/braganca\/blog\/2025\/12\/09\/elementor-12623\/\",\"name\":\"Promo\u00e7\u00e3o de iniciativas (abertura do Tribunal \u00e0 Comunidade) - Tribunal Judicial da Comarca de Bragan\u00e7a\",\"isPartOf\":{\"@id\":\"https:\/\/comarcas.csm.org.pt\/braganca\/#website\"},\"datePublished\":\"2025-12-09T10:33:07+00:00\",\"dateModified\":\"2025-12-09T10:41:56+00:00\",\"breadcrumb\":{\"@id\":\"https:\/\/comarcas.csm.org.pt\/braganca\/blog\/2025\/12\/09\/elementor-12623\/#breadcrumb\"},\"inLanguage\":\"pt-PT\",\"potentialAction\":[{\"@type\":\"ReadAction\",\"target\":[\"https:\/\/comarcas.csm.org.pt\/braganca\/blog\/2025\/12\/09\/elementor-12623\/\"]}]},{\"@type\":\"BreadcrumbList\",\"@id\":\"https:\/\/comarcas.csm.org.pt\/braganca\/blog\/2025\/12\/09\/elementor-12623\/#breadcrumb\",\"itemListElement\":[{\"@type\":\"ListItem\",\"position\":1,\"name\":\"In\u00edcio\",\"item\":\"https:\/\/comarcas.csm.org.pt\/braganca\/\"},{\"@type\":\"ListItem\",\"position\":2,\"name\":\"Promo\u00e7\u00e3o de iniciativas (abertura do Tribunal \u00e0 Comunidade)\"}]},{\"@type\":\"WebSite\",\"@id\":\"https:\/\/comarcas.csm.org.pt\/braganca\/#website\",\"url\":\"https:\/\/comarcas.csm.org.pt\/braganca\/\",\"name\":\"Tribunal Judicial da Comarca de Bragan\u00e7a\",\"description\":\"Tribunal Judicial da Comarca de Bragan\u00e7a\",\"publisher\":{\"@id\":\"https:\/\/comarcas.csm.org.pt\/braganca\/#organization\"},\"potentialAction\":[{\"@type\":\"SearchAction\",\"target\":{\"@type\":\"EntryPoint\",\"urlTemplate\":\"https:\/\/comarcas.csm.org.pt\/braganca\/?s={search_term_string}\"},\"query-input\":{\"@type\":\"PropertyValueSpecification\",\"valueRequired\":true,\"valueName\":\"search_term_string\"}}],\"inLanguage\":\"pt-PT\"},{\"@type\":\"Organization\",\"@id\":\"https:\/\/comarcas.csm.org.pt\/braganca\/#organization\",\"name\":\"Tribunal Judicial da Comarca de Bragan\u00e7a\",\"url\":\"https:\/\/comarcas.csm.org.pt\/braganca\/\",\"logo\":{\"@type\":\"ImageObject\",\"inLanguage\":\"pt-PT\",\"@id\":\"https:\/\/comarcas.csm.org.pt\/braganca\/#\/schema\/logo\/image\/\",\"url\":\"https:\/\/comarcas.csm.org.pt\/braganca\/wp-content\/uploads\/sites\/10\/2024\/11\/Braganca_positivo-horizontal.png\",\"contentUrl\":\"https:\/\/comarcas.csm.org.pt\/braganca\/wp-content\/uploads\/sites\/10\/2024\/11\/Braganca_positivo-horizontal.png\",\"width\":4317,\"height\":971,\"caption\":\"Tribunal Judicial da Comarca de Bragan\u00e7a\"},\"image\":{\"@id\":\"https:\/\/comarcas.csm.org.pt\/braganca\/#\/schema\/logo\/image\/\"}},{\"@type\":\"Person\",\"@id\":\"https:\/\/comarcas.csm.org.pt\/braganca\/#\/schema\/person\/830e822f517a9c6a53780b64e418a648\",\"name\":\"braganca\",\"image\":{\"@type\":\"ImageObject\",\"inLanguage\":\"pt-PT\",\"@id\":\"https:\/\/comarcas.csm.org.pt\/braganca\/#\/schema\/person\/image\/\",\"url\":\"https:\/\/secure.gravatar.com\/avatar\/ad3f612555e18b96f5d4fcb2902d52bde29c4e9f9418a0745fd5f8f236399b1a?s=96&d=mm&r=g\",\"contentUrl\":\"https:\/\/secure.gravatar.com\/avatar\/ad3f612555e18b96f5d4fcb2902d52bde29c4e9f9418a0745fd5f8f236399b1a?s=96&d=mm&r=g\",\"caption\":\"braganca\"},\"url\":\"https:\/\/comarcas.csm.org.pt\/braganca\/blog\/author\/braganca\/\"}]}<\/script>\n<!-- \/ Yoast SEO plugin. -->","yoast_head_json":{"title":"Promo\u00e7\u00e3o de iniciativas (abertura do Tribunal \u00e0 Comunidade) - Tribunal Judicial da Comarca de Bragan\u00e7a","robots":{"index":"index","follow":"follow","max-snippet":"max-snippet:-1","max-image-preview":"max-image-preview:large","max-video-preview":"max-video-preview:-1"},"canonical":"https:\/\/comarcas.csm.org.pt\/braganca\/blog\/2025\/12\/09\/elementor-12623\/","og_locale":"pt_PT","og_type":"article","og_title":"Promo\u00e7\u00e3o de iniciativas (abertura do Tribunal \u00e0 Comunidade) - Tribunal Judicial da Comarca de Bragan\u00e7a","og_description":"Iniciativa Solid\u00e1ria de Natal - Minist\u00e9rio P\u00fablico e Tribunal Judicial da Comarca de Bragan\u00e7a","og_url":"https:\/\/comarcas.csm.org.pt\/braganca\/blog\/2025\/12\/09\/elementor-12623\/","og_site_name":"Tribunal Judicial da Comarca de Bragan\u00e7a","article_published_time":"2025-12-09T10:33:07+00:00","article_modified_time":"2025-12-09T10:41:56+00:00","author":"braganca","twitter_card":"summary_large_image","twitter_misc":{"Escrito por":"braganca","Tempo estimado de leitura":"6 minutos"},"schema":{"@context":"https:\/\/schema.org","@graph":[{"@type":"Article","@id":"https:\/\/comarcas.csm.org.pt\/braganca\/blog\/2025\/12\/09\/elementor-12623\/#article","isPartOf":{"@id":"https:\/\/comarcas.csm.org.pt\/braganca\/blog\/2025\/12\/09\/elementor-12623\/"},"author":{"name":"braganca","@id":"https:\/\/comarcas.csm.org.pt\/braganca\/#\/schema\/person\/830e822f517a9c6a53780b64e418a648"},"headline":"Promo\u00e7\u00e3o de iniciativas (abertura do Tribunal \u00e0 Comunidade)","datePublished":"2025-12-09T10:33:07+00:00","dateModified":"2025-12-09T10:41:56+00:00","mainEntityOfPage":{"@id":"https:\/\/comarcas.csm.org.pt\/braganca\/blog\/2025\/12\/09\/elementor-12623\/"},"wordCount":1080,"publisher":{"@id":"https:\/\/comarcas.csm.org.pt\/braganca\/#organization"},"articleSection":["Geral"],"inLanguage":"pt-PT"},{"@type":"WebPage","@id":"https:\/\/comarcas.csm.org.pt\/braganca\/blog\/2025\/12\/09\/elementor-12623\/","url":"https:\/\/comarcas.csm.org.pt\/braganca\/blog\/2025\/12\/09\/elementor-12623\/","name":"Promo\u00e7\u00e3o de iniciativas (abertura do Tribunal \u00e0 Comunidade) - Tribunal Judicial da Comarca de Bragan\u00e7a","isPartOf":{"@id":"https:\/\/comarcas.csm.org.pt\/braganca\/#website"},"datePublished":"2025-12-09T10:33:07+00:00","dateModified":"2025-12-09T10:41:56+00:00","breadcrumb":{"@id":"https:\/\/comarcas.csm.org.pt\/braganca\/blog\/2025\/12\/09\/elementor-12623\/#breadcrumb"},"inLanguage":"pt-PT","potentialAction":[{"@type":"ReadAction","target":["https:\/\/comarcas.csm.org.pt\/braganca\/blog\/2025\/12\/09\/elementor-12623\/"]}]},{"@type":"BreadcrumbList","@id":"https:\/\/comarcas.csm.org.pt\/braganca\/blog\/2025\/12\/09\/elementor-12623\/#breadcrumb","itemListElement":[{"@type":"ListItem","position":1,"name":"In\u00edcio","item":"https:\/\/comarcas.csm.org.pt\/braganca\/"},{"@type":"ListItem","position":2,"name":"Promo\u00e7\u00e3o de iniciativas (abertura do Tribunal \u00e0 Comunidade)"}]},{"@type":"WebSite","@id":"https:\/\/comarcas.csm.org.pt\/braganca\/#website","url":"https:\/\/comarcas.csm.org.pt\/braganca\/","name":"Tribunal Judicial da Comarca de Bragan\u00e7a","description":"Tribunal Judicial da Comarca de Bragan\u00e7a","publisher":{"@id":"https:\/\/comarcas.csm.org.pt\/braganca\/#organization"},"potentialAction":[{"@type":"SearchAction","target":{"@type":"EntryPoint","urlTemplate":"https:\/\/comarcas.csm.org.pt\/braganca\/?s={search_term_string}"},"query-input":{"@type":"PropertyValueSpecification","valueRequired":true,"valueName":"search_term_string"}}],"inLanguage":"pt-PT"},{"@type":"Organization","@id":"https:\/\/comarcas.csm.org.pt\/braganca\/#organization","name":"Tribunal Judicial da Comarca de Bragan\u00e7a","url":"https:\/\/comarcas.csm.org.pt\/braganca\/","logo":{"@type":"ImageObject","inLanguage":"pt-PT","@id":"https:\/\/comarcas.csm.org.pt\/braganca\/#\/schema\/logo\/image\/","url":"https:\/\/comarcas.csm.org.pt\/braganca\/wp-content\/uploads\/sites\/10\/2024\/11\/Braganca_positivo-horizontal.png","contentUrl":"https:\/\/comarcas.csm.org.pt\/braganca\/wp-content\/uploads\/sites\/10\/2024\/11\/Braganca_positivo-horizontal.png","width":4317,"height":971,"caption":"Tribunal Judicial da Comarca de Bragan\u00e7a"},"image":{"@id":"https:\/\/comarcas.csm.org.pt\/braganca\/#\/schema\/logo\/image\/"}},{"@type":"Person","@id":"https:\/\/comarcas.csm.org.pt\/braganca\/#\/schema\/person\/830e822f517a9c6a53780b64e418a648","name":"braganca","image":{"@type":"ImageObject","inLanguage":"pt-PT","@id":"https:\/\/comarcas.csm.org.pt\/braganca\/#\/schema\/person\/image\/","url":"https:\/\/secure.gravatar.com\/avatar\/ad3f612555e18b96f5d4fcb2902d52bde29c4e9f9418a0745fd5f8f236399b1a?s=96&d=mm&r=g","contentUrl":"https:\/\/secure.gravatar.com\/avatar\/ad3f612555e18b96f5d4fcb2902d52bde29c4e9f9418a0745fd5f8f236399b1a?s=96&d=mm&r=g","caption":"braganca"},"url":"https:\/\/comarcas.csm.org.pt\/braganca\/blog\/author\/braganca\/"}]}},"_links":{"self":[{"href":"https:\/\/comarcas.csm.org.pt\/braganca\/wp-json\/wp\/v2\/posts\/12623","targetHints":{"allow":["GET"]}}],"collection":[{"href":"https:\/\/comarcas.csm.org.pt\/braganca\/wp-json\/wp\/v2\/posts"}],"about":[{"href":"https:\/\/comarcas.csm.org.pt\/braganca\/wp-json\/wp\/v2\/types\/post"}],"author":[{"embeddable":true,"href":"https:\/\/comarcas.csm.org.pt\/braganca\/wp-json\/wp\/v2\/users\/10"}],"replies":[{"embeddable":true,"href":"https:\/\/comarcas.csm.org.pt\/braganca\/wp-json\/wp\/v2\/comments?post=12623"}],"version-history":[{"count":13,"href":"https:\/\/comarcas.csm.org.pt\/braganca\/wp-json\/wp\/v2\/posts\/12623\/revisions"}],"predecessor-version":[{"id":12636,"href":"https:\/\/comarcas.csm.org.pt\/braganca\/wp-json\/wp\/v2\/posts\/12623\/revisions\/12636"}],"wp:attachment":[{"href":"https:\/\/comarcas.csm.org.pt\/braganca\/wp-json\/wp\/v2\/media?parent=12623"}],"wp:term":[{"taxonomy":"category","embeddable":true,"href":"https:\/\/comarcas.csm.org.pt\/braganca\/wp-json\/wp\/v2\/categories?post=12623"},{"taxonomy":"post_tag","embeddable":true,"href":"https:\/\/comarcas.csm.org.pt\/braganca\/wp-json\/wp\/v2\/tags?post=12623"}],"curies":[{"name":"wp","href":"https:\/\/api.w.org\/{rel}","templated":true}]}}