{"id":12857,"date":"2025-10-10T14:32:50","date_gmt":"2025-10-10T14:32:50","guid":{"rendered":"https:\/\/comarcas.csm.org.pt\/braganca\/?p=12857"},"modified":"2026-02-06T14:38:22","modified_gmt":"2026-02-06T14:38:22","slug":"conferencia-inteligencia-artificial-e-tribunais","status":"publish","type":"post","link":"https:\/\/comarcas.csm.org.pt\/braganca\/blog\/2025\/10\/10\/conferencia-inteligencia-artificial-e-tribunais\/","title":{"rendered":"Confer\u00eancia \u201cIntelig\u00eancia Artificial e Tribunais\u201d"},"content":{"rendered":"\n<p>Realizou-se, nos dias 26 e 27 de setembro, a confer\u00eancia \u201cIntelig\u00eancia Artificial e Tribunais\u201d, que decorreu no Centro Nacional de Inova\u00e7\u00e3o Jur\u00eddica (CNIJ), em Bragan\u00e7a.<\/p>\n\n\n\n<p><br>A iniciativa foi organizada conjuntamente pelo Conselho Superior da Magistratura e pelo Centro Nacional de Inova\u00e7\u00e3o Jur\u00eddica, em parceria com a C\u00e2mara Municipal de Bragan\u00e7a, e contou com o apoio institucional da Faculdade de Direito da Universidade de Lisboa, da Universidade do Minho, da Universidade de Lisboa e do Minist\u00e9rio P\u00fablico.<\/p>\n\n\n\n<p><br>Este encontro reuniu ju\u00edzes, magistrados do Minist\u00e9rio P\u00fablico, acad\u00e9micos, investigadores e profissionais envolvidos na transforma\u00e7\u00e3o digital da Justi\u00e7a, para refletir sobre o impacto das tecnologias emergentes.<\/p>\n\n\n\n<p><br>Durante dois dias, os participantes tiveram a oportunidade de assistir a pain\u00e9is tem\u00e1ticos sobre regula\u00e7\u00e3o, ciberseguran\u00e7a, direitos fundamentais e aplica\u00e7\u00e3o de ferramentas de intelig\u00eancia artificial na Justi\u00e7a, com a interven\u00e7\u00e3o de especialistas destas \u00e1reas. O programa integrou ainda a apresenta\u00e7\u00e3o do projeto \u201cLLM Am\u00e1lia ao servi\u00e7o da Justi\u00e7a\u201d, debatido por representantes da Universidade do Minho, do Servi\u00e7o de Inform\u00e1tica do CSM e da Universidade Cat\u00f3lica Portuguesa.<\/p>\n\n\n\n<p><br>A decorrer durante todo o evento, esteve uma Feira Tecnol\u00f3gica, com demonstra\u00e7\u00e3o de solu\u00e7\u00f5es inovadoras desenvolvidas na \u00e1rea da transforma\u00e7\u00e3o digital da justi\u00e7a.<\/p>\n\n\n\n<figure class=\"wp-block-image size-full\"><img fetchpriority=\"high\" decoding=\"async\" width=\"980\" height=\"400\" src=\"https:\/\/comarcas.csm.org.pt\/braganca\/wp-content\/uploads\/sites\/10\/2025\/10\/banner_ia_tribunais_set25.png\" alt=\"\" class=\"wp-image-12859\" srcset=\"https:\/\/comarcas.csm.org.pt\/braganca\/wp-content\/uploads\/sites\/10\/2025\/10\/banner_ia_tribunais_set25.png 980w, https:\/\/comarcas.csm.org.pt\/braganca\/wp-content\/uploads\/sites\/10\/2025\/10\/banner_ia_tribunais_set25-300x122.png 300w, https:\/\/comarcas.csm.org.pt\/braganca\/wp-content\/uploads\/sites\/10\/2025\/10\/banner_ia_tribunais_set25-768x313.png 768w\" sizes=\"(max-width: 980px) 100vw, 980px\" \/><\/figure>\n\n\n\n<p><br><\/p>\n","protected":false},"excerpt":{"rendered":"<p>Realizou-se, nos dias 26 e 27 de setembro, a confer\u00eancia \u201cIntelig\u00eancia Artificial e Tribunais\u201d, que decorreu no Centro Nacional de Inova\u00e7\u00e3o Jur\u00eddica (CNIJ), em Bragan\u00e7a. A iniciativa foi organizada conjuntamente pelo Conselho Superior da Magistratura&#8230;<\/p>\n","protected":false},"author":10,"featured_media":0,"comment_status":"closed","ping_status":"open","sticky":false,"template":"","format":"standard","meta":{"_tbt_post_transparent":"","_tbt_post_title":"","_tbt_post_layout":"","_tbt_post_sidebar_id":"","_tbt_post_content_style":"","_tbt_post_vertical_padding":"","_tbt_post_feature":"","_tbt_post_feature_position":"","_tbt_post_header":false,"_tbt_post_footer":false},"categories":[1],"tags":[],"class_list":["post-12857","post","type-post","status-publish","format-standard","hentry","category-geral"],"yoast_head":"<!-- This site is optimized with the Yoast SEO plugin v25.6 - https:\/\/yoast.com\/wordpress\/plugins\/seo\/ -->\n<title>Confer\u00eancia \u201cIntelig\u00eancia Artificial e Tribunais\u201d - Tribunal Judicial da Comarca de Bragan\u00e7a<\/title>\n<meta name=\"robots\" content=\"index, follow, max-snippet:-1, max-image-preview:large, max-video-preview:-1\" \/>\n<link rel=\"canonical\" href=\"https:\/\/comarcas.csm.org.pt\/braganca\/blog\/2025\/10\/10\/conferencia-inteligencia-artificial-e-tribunais\/\" \/>\n<meta property=\"og:locale\" content=\"pt_PT\" \/>\n<meta property=\"og:type\" content=\"article\" \/>\n<meta property=\"og:title\" content=\"Confer\u00eancia \u201cIntelig\u00eancia Artificial e Tribunais\u201d - Tribunal Judicial da Comarca de Bragan\u00e7a\" \/>\n<meta property=\"og:description\" content=\"Realizou-se, nos dias 26 e 27 de setembro, a confer\u00eancia \u201cIntelig\u00eancia Artificial e Tribunais\u201d, que decorreu no Centro Nacional de Inova\u00e7\u00e3o Jur\u00eddica (CNIJ), em Bragan\u00e7a. A iniciativa foi organizada conjuntamente pelo Conselho Superior da Magistratura...\" \/>\n<meta property=\"og:url\" content=\"https:\/\/comarcas.csm.org.pt\/braganca\/blog\/2025\/10\/10\/conferencia-inteligencia-artificial-e-tribunais\/\" \/>\n<meta property=\"og:site_name\" content=\"Tribunal Judicial da Comarca de Bragan\u00e7a\" \/>\n<meta property=\"article:published_time\" content=\"2025-10-10T14:32:50+00:00\" \/>\n<meta property=\"article:modified_time\" content=\"2026-02-06T14:38:22+00:00\" \/>\n<meta property=\"og:image\" content=\"https:\/\/comarcas.csm.org.pt\/braganca\/wp-content\/uploads\/sites\/10\/2025\/10\/banner_ia_tribunais_set25.png\" \/>\n\t<meta property=\"og:image:width\" content=\"980\" \/>\n\t<meta property=\"og:image:height\" content=\"400\" \/>\n\t<meta property=\"og:image:type\" content=\"image\/png\" \/>\n<meta name=\"author\" content=\"braganca\" \/>\n<meta name=\"twitter:card\" content=\"summary_large_image\" \/>\n<meta name=\"twitter:label1\" content=\"Escrito por\" \/>\n\t<meta name=\"twitter:data1\" content=\"braganca\" \/>\n\t<meta name=\"twitter:label2\" content=\"Tempo estimado de leitura\" \/>\n\t<meta name=\"twitter:data2\" content=\"2 minutos\" \/>\n<script type=\"application\/ld+json\" class=\"yoast-schema-graph\">{\"@context\":\"https:\/\/schema.org\",\"@graph\":[{\"@type\":\"Article\",\"@id\":\"https:\/\/comarcas.csm.org.pt\/braganca\/blog\/2025\/10\/10\/conferencia-inteligencia-artificial-e-tribunais\/#article\",\"isPartOf\":{\"@id\":\"https:\/\/comarcas.csm.org.pt\/braganca\/blog\/2025\/10\/10\/conferencia-inteligencia-artificial-e-tribunais\/\"},\"author\":{\"name\":\"braganca\",\"@id\":\"https:\/\/comarcas.csm.org.pt\/braganca\/#\/schema\/person\/830e822f517a9c6a53780b64e418a648\"},\"headline\":\"Confer\u00eancia \u201cIntelig\u00eancia Artificial e Tribunais\u201d\",\"datePublished\":\"2025-10-10T14:32:50+00:00\",\"dateModified\":\"2026-02-06T14:38:22+00:00\",\"mainEntityOfPage\":{\"@id\":\"https:\/\/comarcas.csm.org.pt\/braganca\/blog\/2025\/10\/10\/conferencia-inteligencia-artificial-e-tribunais\/\"},\"wordCount\":233,\"publisher\":{\"@id\":\"https:\/\/comarcas.csm.org.pt\/braganca\/#organization\"},\"image\":{\"@id\":\"https:\/\/comarcas.csm.org.pt\/braganca\/blog\/2025\/10\/10\/conferencia-inteligencia-artificial-e-tribunais\/#primaryimage\"},\"thumbnailUrl\":\"https:\/\/comarcas.csm.org.pt\/braganca\/wp-content\/uploads\/sites\/10\/2025\/10\/banner_ia_tribunais_set25.png\",\"articleSection\":[\"Geral\"],\"inLanguage\":\"pt-PT\"},{\"@type\":\"WebPage\",\"@id\":\"https:\/\/comarcas.csm.org.pt\/braganca\/blog\/2025\/10\/10\/conferencia-inteligencia-artificial-e-tribunais\/\",\"url\":\"https:\/\/comarcas.csm.org.pt\/braganca\/blog\/2025\/10\/10\/conferencia-inteligencia-artificial-e-tribunais\/\",\"name\":\"Confer\u00eancia \u201cIntelig\u00eancia Artificial e Tribunais\u201d - Tribunal Judicial da Comarca de Bragan\u00e7a\",\"isPartOf\":{\"@id\":\"https:\/\/comarcas.csm.org.pt\/braganca\/#website\"},\"primaryImageOfPage\":{\"@id\":\"https:\/\/comarcas.csm.org.pt\/braganca\/blog\/2025\/10\/10\/conferencia-inteligencia-artificial-e-tribunais\/#primaryimage\"},\"image\":{\"@id\":\"https:\/\/comarcas.csm.org.pt\/braganca\/blog\/2025\/10\/10\/conferencia-inteligencia-artificial-e-tribunais\/#primaryimage\"},\"thumbnailUrl\":\"https:\/\/comarcas.csm.org.pt\/braganca\/wp-content\/uploads\/sites\/10\/2025\/10\/banner_ia_tribunais_set25.png\",\"datePublished\":\"2025-10-10T14:32:50+00:00\",\"dateModified\":\"2026-02-06T14:38:22+00:00\",\"breadcrumb\":{\"@id\":\"https:\/\/comarcas.csm.org.pt\/braganca\/blog\/2025\/10\/10\/conferencia-inteligencia-artificial-e-tribunais\/#breadcrumb\"},\"inLanguage\":\"pt-PT\",\"potentialAction\":[{\"@type\":\"ReadAction\",\"target\":[\"https:\/\/comarcas.csm.org.pt\/braganca\/blog\/2025\/10\/10\/conferencia-inteligencia-artificial-e-tribunais\/\"]}]},{\"@type\":\"ImageObject\",\"inLanguage\":\"pt-PT\",\"@id\":\"https:\/\/comarcas.csm.org.pt\/braganca\/blog\/2025\/10\/10\/conferencia-inteligencia-artificial-e-tribunais\/#primaryimage\",\"url\":\"https:\/\/comarcas.csm.org.pt\/braganca\/wp-content\/uploads\/sites\/10\/2025\/10\/banner_ia_tribunais_set25.png\",\"contentUrl\":\"https:\/\/comarcas.csm.org.pt\/braganca\/wp-content\/uploads\/sites\/10\/2025\/10\/banner_ia_tribunais_set25.png\",\"width\":980,\"height\":400},{\"@type\":\"BreadcrumbList\",\"@id\":\"https:\/\/comarcas.csm.org.pt\/braganca\/blog\/2025\/10\/10\/conferencia-inteligencia-artificial-e-tribunais\/#breadcrumb\",\"itemListElement\":[{\"@type\":\"ListItem\",\"position\":1,\"name\":\"In\u00edcio\",\"item\":\"https:\/\/comarcas.csm.org.pt\/braganca\/\"},{\"@type\":\"ListItem\",\"position\":2,\"name\":\"Confer\u00eancia \u201cIntelig\u00eancia Artificial e Tribunais\u201d\"}]},{\"@type\":\"WebSite\",\"@id\":\"https:\/\/comarcas.csm.org.pt\/braganca\/#website\",\"url\":\"https:\/\/comarcas.csm.org.pt\/braganca\/\",\"name\":\"Tribunal Judicial da Comarca de Bragan\u00e7a\",\"description\":\"Tribunal Judicial da Comarca de Bragan\u00e7a\",\"publisher\":{\"@id\":\"https:\/\/comarcas.csm.org.pt\/braganca\/#organization\"},\"potentialAction\":[{\"@type\":\"SearchAction\",\"target\":{\"@type\":\"EntryPoint\",\"urlTemplate\":\"https:\/\/comarcas.csm.org.pt\/braganca\/?s={search_term_string}\"},\"query-input\":{\"@type\":\"PropertyValueSpecification\",\"valueRequired\":true,\"valueName\":\"search_term_string\"}}],\"inLanguage\":\"pt-PT\"},{\"@type\":\"Organization\",\"@id\":\"https:\/\/comarcas.csm.org.pt\/braganca\/#organization\",\"name\":\"Tribunal Judicial da Comarca de Bragan\u00e7a\",\"url\":\"https:\/\/comarcas.csm.org.pt\/braganca\/\",\"logo\":{\"@type\":\"ImageObject\",\"inLanguage\":\"pt-PT\",\"@id\":\"https:\/\/comarcas.csm.org.pt\/braganca\/#\/schema\/logo\/image\/\",\"url\":\"https:\/\/comarcas.csm.org.pt\/braganca\/wp-content\/uploads\/sites\/10\/2024\/11\/Braganca_positivo-horizontal.png\",\"contentUrl\":\"https:\/\/comarcas.csm.org.pt\/braganca\/wp-content\/uploads\/sites\/10\/2024\/11\/Braganca_positivo-horizontal.png\",\"width\":4317,\"height\":971,\"caption\":\"Tribunal Judicial da Comarca de Bragan\u00e7a\"},\"image\":{\"@id\":\"https:\/\/comarcas.csm.org.pt\/braganca\/#\/schema\/logo\/image\/\"}},{\"@type\":\"Person\",\"@id\":\"https:\/\/comarcas.csm.org.pt\/braganca\/#\/schema\/person\/830e822f517a9c6a53780b64e418a648\",\"name\":\"braganca\",\"image\":{\"@type\":\"ImageObject\",\"inLanguage\":\"pt-PT\",\"@id\":\"https:\/\/comarcas.csm.org.pt\/braganca\/#\/schema\/person\/image\/\",\"url\":\"https:\/\/secure.gravatar.com\/avatar\/ad3f612555e18b96f5d4fcb2902d52bde29c4e9f9418a0745fd5f8f236399b1a?s=96&d=mm&r=g\",\"contentUrl\":\"https:\/\/secure.gravatar.com\/avatar\/ad3f612555e18b96f5d4fcb2902d52bde29c4e9f9418a0745fd5f8f236399b1a?s=96&d=mm&r=g\",\"caption\":\"braganca\"},\"url\":\"https:\/\/comarcas.csm.org.pt\/braganca\/blog\/author\/braganca\/\"}]}<\/script>\n<!-- \/ Yoast SEO plugin. -->","yoast_head_json":{"title":"Confer\u00eancia \u201cIntelig\u00eancia Artificial e Tribunais\u201d - Tribunal Judicial da Comarca de Bragan\u00e7a","robots":{"index":"index","follow":"follow","max-snippet":"max-snippet:-1","max-image-preview":"max-image-preview:large","max-video-preview":"max-video-preview:-1"},"canonical":"https:\/\/comarcas.csm.org.pt\/braganca\/blog\/2025\/10\/10\/conferencia-inteligencia-artificial-e-tribunais\/","og_locale":"pt_PT","og_type":"article","og_title":"Confer\u00eancia \u201cIntelig\u00eancia Artificial e Tribunais\u201d - Tribunal Judicial da Comarca de Bragan\u00e7a","og_description":"Realizou-se, nos dias 26 e 27 de setembro, a confer\u00eancia \u201cIntelig\u00eancia Artificial e Tribunais\u201d, que decorreu no Centro Nacional de Inova\u00e7\u00e3o Jur\u00eddica (CNIJ), em Bragan\u00e7a. A iniciativa foi organizada conjuntamente pelo Conselho Superior da Magistratura...","og_url":"https:\/\/comarcas.csm.org.pt\/braganca\/blog\/2025\/10\/10\/conferencia-inteligencia-artificial-e-tribunais\/","og_site_name":"Tribunal Judicial da Comarca de Bragan\u00e7a","article_published_time":"2025-10-10T14:32:50+00:00","article_modified_time":"2026-02-06T14:38:22+00:00","og_image":[{"width":980,"height":400,"url":"https:\/\/comarcas.csm.org.pt\/braganca\/wp-content\/uploads\/sites\/10\/2025\/10\/banner_ia_tribunais_set25.png","type":"image\/png"}],"author":"braganca","twitter_card":"summary_large_image","twitter_misc":{"Escrito por":"braganca","Tempo estimado de leitura":"2 minutos"},"schema":{"@context":"https:\/\/schema.org","@graph":[{"@type":"Article","@id":"https:\/\/comarcas.csm.org.pt\/braganca\/blog\/2025\/10\/10\/conferencia-inteligencia-artificial-e-tribunais\/#article","isPartOf":{"@id":"https:\/\/comarcas.csm.org.pt\/braganca\/blog\/2025\/10\/10\/conferencia-inteligencia-artificial-e-tribunais\/"},"author":{"name":"braganca","@id":"https:\/\/comarcas.csm.org.pt\/braganca\/#\/schema\/person\/830e822f517a9c6a53780b64e418a648"},"headline":"Confer\u00eancia \u201cIntelig\u00eancia Artificial e Tribunais\u201d","datePublished":"2025-10-10T14:32:50+00:00","dateModified":"2026-02-06T14:38:22+00:00","mainEntityOfPage":{"@id":"https:\/\/comarcas.csm.org.pt\/braganca\/blog\/2025\/10\/10\/conferencia-inteligencia-artificial-e-tribunais\/"},"wordCount":233,"publisher":{"@id":"https:\/\/comarcas.csm.org.pt\/braganca\/#organization"},"image":{"@id":"https:\/\/comarcas.csm.org.pt\/braganca\/blog\/2025\/10\/10\/conferencia-inteligencia-artificial-e-tribunais\/#primaryimage"},"thumbnailUrl":"https:\/\/comarcas.csm.org.pt\/braganca\/wp-content\/uploads\/sites\/10\/2025\/10\/banner_ia_tribunais_set25.png","articleSection":["Geral"],"inLanguage":"pt-PT"},{"@type":"WebPage","@id":"https:\/\/comarcas.csm.org.pt\/braganca\/blog\/2025\/10\/10\/conferencia-inteligencia-artificial-e-tribunais\/","url":"https:\/\/comarcas.csm.org.pt\/braganca\/blog\/2025\/10\/10\/conferencia-inteligencia-artificial-e-tribunais\/","name":"Confer\u00eancia \u201cIntelig\u00eancia Artificial e Tribunais\u201d - Tribunal Judicial da Comarca de Bragan\u00e7a","isPartOf":{"@id":"https:\/\/comarcas.csm.org.pt\/braganca\/#website"},"primaryImageOfPage":{"@id":"https:\/\/comarcas.csm.org.pt\/braganca\/blog\/2025\/10\/10\/conferencia-inteligencia-artificial-e-tribunais\/#primaryimage"},"image":{"@id":"https:\/\/comarcas.csm.org.pt\/braganca\/blog\/2025\/10\/10\/conferencia-inteligencia-artificial-e-tribunais\/#primaryimage"},"thumbnailUrl":"https:\/\/comarcas.csm.org.pt\/braganca\/wp-content\/uploads\/sites\/10\/2025\/10\/banner_ia_tribunais_set25.png","datePublished":"2025-10-10T14:32:50+00:00","dateModified":"2026-02-06T14:38:22+00:00","breadcrumb":{"@id":"https:\/\/comarcas.csm.org.pt\/braganca\/blog\/2025\/10\/10\/conferencia-inteligencia-artificial-e-tribunais\/#breadcrumb"},"inLanguage":"pt-PT","potentialAction":[{"@type":"ReadAction","target":["https:\/\/comarcas.csm.org.pt\/braganca\/blog\/2025\/10\/10\/conferencia-inteligencia-artificial-e-tribunais\/"]}]},{"@type":"ImageObject","inLanguage":"pt-PT","@id":"https:\/\/comarcas.csm.org.pt\/braganca\/blog\/2025\/10\/10\/conferencia-inteligencia-artificial-e-tribunais\/#primaryimage","url":"https:\/\/comarcas.csm.org.pt\/braganca\/wp-content\/uploads\/sites\/10\/2025\/10\/banner_ia_tribunais_set25.png","contentUrl":"https:\/\/comarcas.csm.org.pt\/braganca\/wp-content\/uploads\/sites\/10\/2025\/10\/banner_ia_tribunais_set25.png","width":980,"height":400},{"@type":"BreadcrumbList","@id":"https:\/\/comarcas.csm.org.pt\/braganca\/blog\/2025\/10\/10\/conferencia-inteligencia-artificial-e-tribunais\/#breadcrumb","itemListElement":[{"@type":"ListItem","position":1,"name":"In\u00edcio","item":"https:\/\/comarcas.csm.org.pt\/braganca\/"},{"@type":"ListItem","position":2,"name":"Confer\u00eancia \u201cIntelig\u00eancia Artificial e Tribunais\u201d"}]},{"@type":"WebSite","@id":"https:\/\/comarcas.csm.org.pt\/braganca\/#website","url":"https:\/\/comarcas.csm.org.pt\/braganca\/","name":"Tribunal Judicial da Comarca de Bragan\u00e7a","description":"Tribunal Judicial da Comarca de Bragan\u00e7a","publisher":{"@id":"https:\/\/comarcas.csm.org.pt\/braganca\/#organization"},"potentialAction":[{"@type":"SearchAction","target":{"@type":"EntryPoint","urlTemplate":"https:\/\/comarcas.csm.org.pt\/braganca\/?s={search_term_string}"},"query-input":{"@type":"PropertyValueSpecification","valueRequired":true,"valueName":"search_term_string"}}],"inLanguage":"pt-PT"},{"@type":"Organization","@id":"https:\/\/comarcas.csm.org.pt\/braganca\/#organization","name":"Tribunal Judicial da Comarca de Bragan\u00e7a","url":"https:\/\/comarcas.csm.org.pt\/braganca\/","logo":{"@type":"ImageObject","inLanguage":"pt-PT","@id":"https:\/\/comarcas.csm.org.pt\/braganca\/#\/schema\/logo\/image\/","url":"https:\/\/comarcas.csm.org.pt\/braganca\/wp-content\/uploads\/sites\/10\/2024\/11\/Braganca_positivo-horizontal.png","contentUrl":"https:\/\/comarcas.csm.org.pt\/braganca\/wp-content\/uploads\/sites\/10\/2024\/11\/Braganca_positivo-horizontal.png","width":4317,"height":971,"caption":"Tribunal Judicial da Comarca de Bragan\u00e7a"},"image":{"@id":"https:\/\/comarcas.csm.org.pt\/braganca\/#\/schema\/logo\/image\/"}},{"@type":"Person","@id":"https:\/\/comarcas.csm.org.pt\/braganca\/#\/schema\/person\/830e822f517a9c6a53780b64e418a648","name":"braganca","image":{"@type":"ImageObject","inLanguage":"pt-PT","@id":"https:\/\/comarcas.csm.org.pt\/braganca\/#\/schema\/person\/image\/","url":"https:\/\/secure.gravatar.com\/avatar\/ad3f612555e18b96f5d4fcb2902d52bde29c4e9f9418a0745fd5f8f236399b1a?s=96&d=mm&r=g","contentUrl":"https:\/\/secure.gravatar.com\/avatar\/ad3f612555e18b96f5d4fcb2902d52bde29c4e9f9418a0745fd5f8f236399b1a?s=96&d=mm&r=g","caption":"braganca"},"url":"https:\/\/comarcas.csm.org.pt\/braganca\/blog\/author\/braganca\/"}]}},"_links":{"self":[{"href":"https:\/\/comarcas.csm.org.pt\/braganca\/wp-json\/wp\/v2\/posts\/12857","targetHints":{"allow":["GET"]}}],"collection":[{"href":"https:\/\/comarcas.csm.org.pt\/braganca\/wp-json\/wp\/v2\/posts"}],"about":[{"href":"https:\/\/comarcas.csm.org.pt\/braganca\/wp-json\/wp\/v2\/types\/post"}],"author":[{"embeddable":true,"href":"https:\/\/comarcas.csm.org.pt\/braganca\/wp-json\/wp\/v2\/users\/10"}],"replies":[{"embeddable":true,"href":"https:\/\/comarcas.csm.org.pt\/braganca\/wp-json\/wp\/v2\/comments?post=12857"}],"version-history":[{"count":2,"href":"https:\/\/comarcas.csm.org.pt\/braganca\/wp-json\/wp\/v2\/posts\/12857\/revisions"}],"predecessor-version":[{"id":12860,"href":"https:\/\/comarcas.csm.org.pt\/braganca\/wp-json\/wp\/v2\/posts\/12857\/revisions\/12860"}],"wp:attachment":[{"href":"https:\/\/comarcas.csm.org.pt\/braganca\/wp-json\/wp\/v2\/media?parent=12857"}],"wp:term":[{"taxonomy":"category","embeddable":true,"href":"https:\/\/comarcas.csm.org.pt\/braganca\/wp-json\/wp\/v2\/categories?post=12857"},{"taxonomy":"post_tag","embeddable":true,"href":"https:\/\/comarcas.csm.org.pt\/braganca\/wp-json\/wp\/v2\/tags?post=12857"}],"curies":[{"name":"wp","href":"https:\/\/api.w.org\/{rel}","templated":true}]}}