{"id":12876,"date":"2026-03-06T14:58:55","date_gmt":"2026-03-06T14:58:55","guid":{"rendered":"https:\/\/comarcas.csm.org.pt\/braganca\/?p=12876"},"modified":"2026-03-16T15:07:46","modified_gmt":"2026-03-16T15:07:46","slug":"%f0%9d%90%82%f0%9d%90%9e%f0%9d%90%ab%f0%9d%90%a2%f0%9d%90%a6o%f0%9d%90%a7%f0%9d%90%a2%f0%9d%90%9a-%f0%9d%90%9d%f0%9d%90%a8-%f0%9d%9f%8f%f0%9d%9f%95-o-%f0%9d%90%80%f0%9d%90%a7%f0%9d%90%a2%f0%9d%90%af","status":"publish","type":"post","link":"https:\/\/comarcas.csm.org.pt\/braganca\/blog\/2026\/03\/06\/%f0%9d%90%82%f0%9d%90%9e%f0%9d%90%ab%f0%9d%90%a2%f0%9d%90%a6o%f0%9d%90%a7%f0%9d%90%a2%f0%9d%90%9a-%f0%9d%90%9d%f0%9d%90%a8-%f0%9d%9f%8f%f0%9d%9f%95-o-%f0%9d%90%80%f0%9d%90%a7%f0%9d%90%a2%f0%9d%90%af\/","title":{"rendered":"\ud835\udc02\ud835\udc1e\ud835\udc2b\ud835\udc22\ud835\udc26\u00f3\ud835\udc27\ud835\udc22\ud835\udc1a \ud835\udc1d\ud835\udc28 \ud835\udfcf\ud835\udfd5.\u00ba \ud835\udc00\ud835\udc27\ud835\udc22\ud835\udc2f\ud835\udc1e\ud835\udc2b\ud835\udc2c\u00e1\ud835\udc2b\ud835\udc22\ud835\udc28 \ud835\udc1d\ud835\udc28 \ud835\udc02\ud835\udc28\ud835\udc26\ud835\udc1a\ud835\udc27\ud835\udc1d\ud835\udc28 \ud835\udc13\ud835\udc1e\ud835\udc2b\ud835\udc2b\ud835\udc22\ud835\udc2d\ud835\udc28\ud835\udc2b\ud835\udc22\ud835\udc1a\ud835\udc25 \ud835\udc1d\ud835\udc1e \ud835\udc01\ud835\udc2b\ud835\udc1a\ud835\udc20\ud835\udc1a\ud835\udc27\u00e7\ud835\udc1a \ud835\udc1d\ud835\udc1a \ud835\udc06\ud835\udc2e\ud835\udc1a\ud835\udc2b\ud835\udc1d\ud835\udc1a \ud835\udc0d\ud835\udc1a\ud835\udc1c\ud835\udc22\ud835\udc28\ud835\udc27\ud835\udc1a\ud835\udc25 \ud835\udc11\ud835\udc1e\ud835\udc29\ud835\udc2e\ud835\udc1b\ud835\udc25\ud835\udc22\ud835\udc1c\ud835\udc1a\ud835\udc27\ud835\udc1a"},"content":{"rendered":"\n<p>No dia 24 de fevereiro, decorreu do concelho de Freixo de Espada \u00e0 Cinta, as celebra\u00e7\u00f5es do 17.\u00ba anivers\u00e1rio do Comando Territorial de Bragan\u00e7a da GNR.<\/p>\n\n\n\n<p>O Tribunal da Comarca de Bragan\u00e7a este representado neste dia pelos tr\u00eas elementos do \u00d3rg\u00e3os de Gest\u00e3o da Comarca, a Sra. Juiz Presidente &#8211; Juiz Desembargadora Dra. Herm\u00ednia Oliveira, a Sra. Procuradora Coordenadora \u2013 Dra. Filipa Parente, e o Sr. Administrador Judici\u00e1rio \u2013 Dr. Mauricio Morais.<\/p>\n\n\n\n<figure class=\"wp-block-image size-large\"><img fetchpriority=\"high\" decoding=\"async\" width=\"1024\" height=\"682\" src=\"https:\/\/comarcas.csm.org.pt\/braganca\/wp-content\/uploads\/sites\/10\/2026\/03\/643730439_1334851405339356_7734676733181844844_n-1024x682.jpg\" alt=\"\" class=\"wp-image-12877\" srcset=\"https:\/\/comarcas.csm.org.pt\/braganca\/wp-content\/uploads\/sites\/10\/2026\/03\/643730439_1334851405339356_7734676733181844844_n-1024x682.jpg 1024w, https:\/\/comarcas.csm.org.pt\/braganca\/wp-content\/uploads\/sites\/10\/2026\/03\/643730439_1334851405339356_7734676733181844844_n-300x200.jpg 300w, https:\/\/comarcas.csm.org.pt\/braganca\/wp-content\/uploads\/sites\/10\/2026\/03\/643730439_1334851405339356_7734676733181844844_n-768x512.jpg 768w, https:\/\/comarcas.csm.org.pt\/braganca\/wp-content\/uploads\/sites\/10\/2026\/03\/643730439_1334851405339356_7734676733181844844_n-1536x1023.jpg 1536w, https:\/\/comarcas.csm.org.pt\/braganca\/wp-content\/uploads\/sites\/10\/2026\/03\/643730439_1334851405339356_7734676733181844844_n.jpg 1600w\" sizes=\"(max-width: 1024px) 100vw, 1024px\" \/><\/figure>\n","protected":false},"excerpt":{"rendered":"<p>No dia 24 de fevereiro, decorreu do concelho de Freixo de Espada \u00e0 Cinta, as celebra\u00e7\u00f5es do 17.\u00ba anivers\u00e1rio do Comando Territorial de Bragan\u00e7a da GNR. O Tribunal da Comarca de Bragan\u00e7a este representado neste&#8230;<\/p>\n","protected":false},"author":10,"featured_media":0,"comment_status":"closed","ping_status":"open","sticky":false,"template":"","format":"standard","meta":{"_tbt_post_transparent":"","_tbt_post_title":"","_tbt_post_layout":"","_tbt_post_sidebar_id":"","_tbt_post_content_style":"","_tbt_post_vertical_padding":"","_tbt_post_feature":"","_tbt_post_feature_position":"","_tbt_post_header":false,"_tbt_post_footer":false},"categories":[1],"tags":[],"class_list":["post-12876","post","type-post","status-publish","format-standard","hentry","category-geral"],"yoast_head":"<!-- This site is optimized with the Yoast SEO plugin v25.6 - https:\/\/yoast.com\/wordpress\/plugins\/seo\/ -->\n<title>\ud835\udc02\ud835\udc1e\ud835\udc2b\ud835\udc22\ud835\udc26\u00f3\ud835\udc27\ud835\udc22\ud835\udc1a \ud835\udc1d\ud835\udc28 \ud835\udfcf\ud835\udfd5.\u00ba \ud835\udc00\ud835\udc27\ud835\udc22\ud835\udc2f\ud835\udc1e\ud835\udc2b\ud835\udc2c\u00e1\ud835\udc2b\ud835\udc22\ud835\udc28 \ud835\udc1d\ud835\udc28 \ud835\udc02\ud835\udc28\ud835\udc26\ud835\udc1a\ud835\udc27\ud835\udc1d\ud835\udc28 \ud835\udc13\ud835\udc1e\ud835\udc2b\ud835\udc2b\ud835\udc22\ud835\udc2d\ud835\udc28\ud835\udc2b\ud835\udc22\ud835\udc1a\ud835\udc25 \ud835\udc1d\ud835\udc1e \ud835\udc01\ud835\udc2b\ud835\udc1a\ud835\udc20\ud835\udc1a\ud835\udc27\u00e7\ud835\udc1a \ud835\udc1d\ud835\udc1a \ud835\udc06\ud835\udc2e\ud835\udc1a\ud835\udc2b\ud835\udc1d\ud835\udc1a \ud835\udc0d\ud835\udc1a\ud835\udc1c\ud835\udc22\ud835\udc28\ud835\udc27\ud835\udc1a\ud835\udc25 \ud835\udc11\ud835\udc1e\ud835\udc29\ud835\udc2e\ud835\udc1b\ud835\udc25\ud835\udc22\ud835\udc1c\ud835\udc1a\ud835\udc27\ud835\udc1a - Tribunal Judicial da Comarca de Bragan\u00e7a<\/title>\n<meta name=\"robots\" content=\"index, follow, max-snippet:-1, max-image-preview:large, max-video-preview:-1\" \/>\n<link rel=\"canonical\" href=\"https:\/\/comarcas.csm.org.pt\/braganca\/blog\/2026\/03\/06\/\ud835\udc02\ud835\udc1e\ud835\udc2b\ud835\udc22\ud835\udc26o\ud835\udc27\ud835\udc22\ud835\udc1a-\ud835\udc1d\ud835\udc28-\ud835\udfcf\ud835\udfd5-o-\ud835\udc00\ud835\udc27\ud835\udc22\ud835\udc2f\/\" \/>\n<meta property=\"og:locale\" content=\"pt_PT\" \/>\n<meta property=\"og:type\" content=\"article\" \/>\n<meta property=\"og:title\" content=\"\ud835\udc02\ud835\udc1e\ud835\udc2b\ud835\udc22\ud835\udc26\u00f3\ud835\udc27\ud835\udc22\ud835\udc1a \ud835\udc1d\ud835\udc28 \ud835\udfcf\ud835\udfd5.\u00ba \ud835\udc00\ud835\udc27\ud835\udc22\ud835\udc2f\ud835\udc1e\ud835\udc2b\ud835\udc2c\u00e1\ud835\udc2b\ud835\udc22\ud835\udc28 \ud835\udc1d\ud835\udc28 \ud835\udc02\ud835\udc28\ud835\udc26\ud835\udc1a\ud835\udc27\ud835\udc1d\ud835\udc28 \ud835\udc13\ud835\udc1e\ud835\udc2b\ud835\udc2b\ud835\udc22\ud835\udc2d\ud835\udc28\ud835\udc2b\ud835\udc22\ud835\udc1a\ud835\udc25 \ud835\udc1d\ud835\udc1e \ud835\udc01\ud835\udc2b\ud835\udc1a\ud835\udc20\ud835\udc1a\ud835\udc27\u00e7\ud835\udc1a \ud835\udc1d\ud835\udc1a \ud835\udc06\ud835\udc2e\ud835\udc1a\ud835\udc2b\ud835\udc1d\ud835\udc1a \ud835\udc0d\ud835\udc1a\ud835\udc1c\ud835\udc22\ud835\udc28\ud835\udc27\ud835\udc1a\ud835\udc25 \ud835\udc11\ud835\udc1e\ud835\udc29\ud835\udc2e\ud835\udc1b\ud835\udc25\ud835\udc22\ud835\udc1c\ud835\udc1a\ud835\udc27\ud835\udc1a - Tribunal Judicial da Comarca de Bragan\u00e7a\" \/>\n<meta property=\"og:description\" content=\"No dia 24 de fevereiro, decorreu do concelho de Freixo de Espada \u00e0 Cinta, as celebra\u00e7\u00f5es do 17.\u00ba anivers\u00e1rio do Comando Territorial de Bragan\u00e7a da GNR. O Tribunal da Comarca de Bragan\u00e7a este representado neste...\" \/>\n<meta property=\"og:url\" content=\"https:\/\/comarcas.csm.org.pt\/braganca\/blog\/2026\/03\/06\/\ud835\udc02\ud835\udc1e\ud835\udc2b\ud835\udc22\ud835\udc26o\ud835\udc27\ud835\udc22\ud835\udc1a-\ud835\udc1d\ud835\udc28-\ud835\udfcf\ud835\udfd5-o-\ud835\udc00\ud835\udc27\ud835\udc22\ud835\udc2f\/\" \/>\n<meta property=\"og:site_name\" content=\"Tribunal Judicial da Comarca de Bragan\u00e7a\" \/>\n<meta property=\"article:published_time\" content=\"2026-03-06T14:58:55+00:00\" \/>\n<meta property=\"article:modified_time\" content=\"2026-03-16T15:07:46+00:00\" \/>\n<meta property=\"og:image\" content=\"https:\/\/comarcas.csm.org.pt\/braganca\/wp-content\/uploads\/sites\/10\/2026\/03\/643730439_1334851405339356_7734676733181844844_n.jpg\" \/>\n\t<meta property=\"og:image:width\" content=\"1600\" \/>\n\t<meta property=\"og:image:height\" content=\"1066\" \/>\n\t<meta property=\"og:image:type\" content=\"image\/jpeg\" \/>\n<meta name=\"author\" content=\"braganca\" \/>\n<meta name=\"twitter:card\" content=\"summary_large_image\" \/>\n<meta name=\"twitter:label1\" content=\"Escrito por\" \/>\n\t<meta name=\"twitter:data1\" content=\"braganca\" \/>\n\t<meta name=\"twitter:label2\" content=\"Tempo estimado de leitura\" \/>\n\t<meta name=\"twitter:data2\" content=\"1 minuto\" \/>\n<script type=\"application\/ld+json\" class=\"yoast-schema-graph\">{\"@context\":\"https:\/\/schema.org\",\"@graph\":[{\"@type\":\"Article\",\"@id\":\"https:\/\/comarcas.csm.org.pt\/braganca\/blog\/2026\/03\/06\/%f0%9d%90%82%f0%9d%90%9e%f0%9d%90%ab%f0%9d%90%a2%f0%9d%90%a6o%f0%9d%90%a7%f0%9d%90%a2%f0%9d%90%9a-%f0%9d%90%9d%f0%9d%90%a8-%f0%9d%9f%8f%f0%9d%9f%95-o-%f0%9d%90%80%f0%9d%90%a7%f0%9d%90%a2%f0%9d%90%af\/#article\",\"isPartOf\":{\"@id\":\"https:\/\/comarcas.csm.org.pt\/braganca\/blog\/2026\/03\/06\/%f0%9d%90%82%f0%9d%90%9e%f0%9d%90%ab%f0%9d%90%a2%f0%9d%90%a6o%f0%9d%90%a7%f0%9d%90%a2%f0%9d%90%9a-%f0%9d%90%9d%f0%9d%90%a8-%f0%9d%9f%8f%f0%9d%9f%95-o-%f0%9d%90%80%f0%9d%90%a7%f0%9d%90%a2%f0%9d%90%af\/\"},\"author\":{\"name\":\"braganca\",\"@id\":\"https:\/\/comarcas.csm.org.pt\/braganca\/#\/schema\/person\/830e822f517a9c6a53780b64e418a648\"},\"headline\":\"\ud835\udc02\ud835\udc1e\ud835\udc2b\ud835\udc22\ud835\udc26\u00f3\ud835\udc27\ud835\udc22\ud835\udc1a \ud835\udc1d\ud835\udc28 \ud835\udfcf\ud835\udfd5.\u00ba \ud835\udc00\ud835\udc27\ud835\udc22\ud835\udc2f\ud835\udc1e\ud835\udc2b\ud835\udc2c\u00e1\ud835\udc2b\ud835\udc22\ud835\udc28 \ud835\udc1d\ud835\udc28 \ud835\udc02\ud835\udc28\ud835\udc26\ud835\udc1a\ud835\udc27\ud835\udc1d\ud835\udc28 \ud835\udc13\ud835\udc1e\ud835\udc2b\ud835\udc2b\ud835\udc22\ud835\udc2d\ud835\udc28\ud835\udc2b\ud835\udc22\ud835\udc1a\ud835\udc25 \ud835\udc1d\ud835\udc1e \ud835\udc01\ud835\udc2b\ud835\udc1a\ud835\udc20\ud835\udc1a\ud835\udc27\u00e7\ud835\udc1a \ud835\udc1d\ud835\udc1a \ud835\udc06\ud835\udc2e\ud835\udc1a\ud835\udc2b\ud835\udc1d\ud835\udc1a \ud835\udc0d\ud835\udc1a\ud835\udc1c\ud835\udc22\ud835\udc28\ud835\udc27\ud835\udc1a\ud835\udc25 \ud835\udc11\ud835\udc1e\ud835\udc29\ud835\udc2e\ud835\udc1b\ud835\udc25\ud835\udc22\ud835\udc1c\ud835\udc1a\ud835\udc27\ud835\udc1a\",\"datePublished\":\"2026-03-06T14:58:55+00:00\",\"dateModified\":\"2026-03-16T15:07:46+00:00\",\"mainEntityOfPage\":{\"@id\":\"https:\/\/comarcas.csm.org.pt\/braganca\/blog\/2026\/03\/06\/%f0%9d%90%82%f0%9d%90%9e%f0%9d%90%ab%f0%9d%90%a2%f0%9d%90%a6o%f0%9d%90%a7%f0%9d%90%a2%f0%9d%90%9a-%f0%9d%90%9d%f0%9d%90%a8-%f0%9d%9f%8f%f0%9d%9f%95-o-%f0%9d%90%80%f0%9d%90%a7%f0%9d%90%a2%f0%9d%90%af\/\"},\"wordCount\":76,\"publisher\":{\"@id\":\"https:\/\/comarcas.csm.org.pt\/braganca\/#organization\"},\"image\":{\"@id\":\"https:\/\/comarcas.csm.org.pt\/braganca\/blog\/2026\/03\/06\/%f0%9d%90%82%f0%9d%90%9e%f0%9d%90%ab%f0%9d%90%a2%f0%9d%90%a6o%f0%9d%90%a7%f0%9d%90%a2%f0%9d%90%9a-%f0%9d%90%9d%f0%9d%90%a8-%f0%9d%9f%8f%f0%9d%9f%95-o-%f0%9d%90%80%f0%9d%90%a7%f0%9d%90%a2%f0%9d%90%af\/#primaryimage\"},\"thumbnailUrl\":\"https:\/\/comarcas.csm.org.pt\/braganca\/wp-content\/uploads\/sites\/10\/2026\/03\/643730439_1334851405339356_7734676733181844844_n-1024x682.jpg\",\"articleSection\":[\"Geral\"],\"inLanguage\":\"pt-PT\"},{\"@type\":\"WebPage\",\"@id\":\"https:\/\/comarcas.csm.org.pt\/braganca\/blog\/2026\/03\/06\/%f0%9d%90%82%f0%9d%90%9e%f0%9d%90%ab%f0%9d%90%a2%f0%9d%90%a6o%f0%9d%90%a7%f0%9d%90%a2%f0%9d%90%9a-%f0%9d%90%9d%f0%9d%90%a8-%f0%9d%9f%8f%f0%9d%9f%95-o-%f0%9d%90%80%f0%9d%90%a7%f0%9d%90%a2%f0%9d%90%af\/\",\"url\":\"https:\/\/comarcas.csm.org.pt\/braganca\/blog\/2026\/03\/06\/%f0%9d%90%82%f0%9d%90%9e%f0%9d%90%ab%f0%9d%90%a2%f0%9d%90%a6o%f0%9d%90%a7%f0%9d%90%a2%f0%9d%90%9a-%f0%9d%90%9d%f0%9d%90%a8-%f0%9d%9f%8f%f0%9d%9f%95-o-%f0%9d%90%80%f0%9d%90%a7%f0%9d%90%a2%f0%9d%90%af\/\",\"name\":\"\ud835\udc02\ud835\udc1e\ud835\udc2b\ud835\udc22\ud835\udc26\u00f3\ud835\udc27\ud835\udc22\ud835\udc1a \ud835\udc1d\ud835\udc28 \ud835\udfcf\ud835\udfd5.\u00ba \ud835\udc00\ud835\udc27\ud835\udc22\ud835\udc2f\ud835\udc1e\ud835\udc2b\ud835\udc2c\u00e1\ud835\udc2b\ud835\udc22\ud835\udc28 \ud835\udc1d\ud835\udc28 \ud835\udc02\ud835\udc28\ud835\udc26\ud835\udc1a\ud835\udc27\ud835\udc1d\ud835\udc28 \ud835\udc13\ud835\udc1e\ud835\udc2b\ud835\udc2b\ud835\udc22\ud835\udc2d\ud835\udc28\ud835\udc2b\ud835\udc22\ud835\udc1a\ud835\udc25 \ud835\udc1d\ud835\udc1e \ud835\udc01\ud835\udc2b\ud835\udc1a\ud835\udc20\ud835\udc1a\ud835\udc27\u00e7\ud835\udc1a \ud835\udc1d\ud835\udc1a \ud835\udc06\ud835\udc2e\ud835\udc1a\ud835\udc2b\ud835\udc1d\ud835\udc1a \ud835\udc0d\ud835\udc1a\ud835\udc1c\ud835\udc22\ud835\udc28\ud835\udc27\ud835\udc1a\ud835\udc25 \ud835\udc11\ud835\udc1e\ud835\udc29\ud835\udc2e\ud835\udc1b\ud835\udc25\ud835\udc22\ud835\udc1c\ud835\udc1a\ud835\udc27\ud835\udc1a - Tribunal Judicial da Comarca de Bragan\u00e7a\",\"isPartOf\":{\"@id\":\"https:\/\/comarcas.csm.org.pt\/braganca\/#website\"},\"primaryImageOfPage\":{\"@id\":\"https:\/\/comarcas.csm.org.pt\/braganca\/blog\/2026\/03\/06\/%f0%9d%90%82%f0%9d%90%9e%f0%9d%90%ab%f0%9d%90%a2%f0%9d%90%a6o%f0%9d%90%a7%f0%9d%90%a2%f0%9d%90%9a-%f0%9d%90%9d%f0%9d%90%a8-%f0%9d%9f%8f%f0%9d%9f%95-o-%f0%9d%90%80%f0%9d%90%a7%f0%9d%90%a2%f0%9d%90%af\/#primaryimage\"},\"image\":{\"@id\":\"https:\/\/comarcas.csm.org.pt\/braganca\/blog\/2026\/03\/06\/%f0%9d%90%82%f0%9d%90%9e%f0%9d%90%ab%f0%9d%90%a2%f0%9d%90%a6o%f0%9d%90%a7%f0%9d%90%a2%f0%9d%90%9a-%f0%9d%90%9d%f0%9d%90%a8-%f0%9d%9f%8f%f0%9d%9f%95-o-%f0%9d%90%80%f0%9d%90%a7%f0%9d%90%a2%f0%9d%90%af\/#primaryimage\"},\"thumbnailUrl\":\"https:\/\/comarcas.csm.org.pt\/braganca\/wp-content\/uploads\/sites\/10\/2026\/03\/643730439_1334851405339356_7734676733181844844_n-1024x682.jpg\",\"datePublished\":\"2026-03-06T14:58:55+00:00\",\"dateModified\":\"2026-03-16T15:07:46+00:00\",\"breadcrumb\":{\"@id\":\"https:\/\/comarcas.csm.org.pt\/braganca\/blog\/2026\/03\/06\/%f0%9d%90%82%f0%9d%90%9e%f0%9d%90%ab%f0%9d%90%a2%f0%9d%90%a6o%f0%9d%90%a7%f0%9d%90%a2%f0%9d%90%9a-%f0%9d%90%9d%f0%9d%90%a8-%f0%9d%9f%8f%f0%9d%9f%95-o-%f0%9d%90%80%f0%9d%90%a7%f0%9d%90%a2%f0%9d%90%af\/#breadcrumb\"},\"inLanguage\":\"pt-PT\",\"potentialAction\":[{\"@type\":\"ReadAction\",\"target\":[\"https:\/\/comarcas.csm.org.pt\/braganca\/blog\/2026\/03\/06\/%f0%9d%90%82%f0%9d%90%9e%f0%9d%90%ab%f0%9d%90%a2%f0%9d%90%a6o%f0%9d%90%a7%f0%9d%90%a2%f0%9d%90%9a-%f0%9d%90%9d%f0%9d%90%a8-%f0%9d%9f%8f%f0%9d%9f%95-o-%f0%9d%90%80%f0%9d%90%a7%f0%9d%90%a2%f0%9d%90%af\/\"]}]},{\"@type\":\"ImageObject\",\"inLanguage\":\"pt-PT\",\"@id\":\"https:\/\/comarcas.csm.org.pt\/braganca\/blog\/2026\/03\/06\/%f0%9d%90%82%f0%9d%90%9e%f0%9d%90%ab%f0%9d%90%a2%f0%9d%90%a6o%f0%9d%90%a7%f0%9d%90%a2%f0%9d%90%9a-%f0%9d%90%9d%f0%9d%90%a8-%f0%9d%9f%8f%f0%9d%9f%95-o-%f0%9d%90%80%f0%9d%90%a7%f0%9d%90%a2%f0%9d%90%af\/#primaryimage\",\"url\":\"https:\/\/comarcas.csm.org.pt\/braganca\/wp-content\/uploads\/sites\/10\/2026\/03\/643730439_1334851405339356_7734676733181844844_n.jpg\",\"contentUrl\":\"https:\/\/comarcas.csm.org.pt\/braganca\/wp-content\/uploads\/sites\/10\/2026\/03\/643730439_1334851405339356_7734676733181844844_n.jpg\",\"width\":1600,\"height\":1066},{\"@type\":\"BreadcrumbList\",\"@id\":\"https:\/\/comarcas.csm.org.pt\/braganca\/blog\/2026\/03\/06\/%f0%9d%90%82%f0%9d%90%9e%f0%9d%90%ab%f0%9d%90%a2%f0%9d%90%a6o%f0%9d%90%a7%f0%9d%90%a2%f0%9d%90%9a-%f0%9d%90%9d%f0%9d%90%a8-%f0%9d%9f%8f%f0%9d%9f%95-o-%f0%9d%90%80%f0%9d%90%a7%f0%9d%90%a2%f0%9d%90%af\/#breadcrumb\",\"itemListElement\":[{\"@type\":\"ListItem\",\"position\":1,\"name\":\"In\u00edcio\",\"item\":\"https:\/\/comarcas.csm.org.pt\/braganca\/\"},{\"@type\":\"ListItem\",\"position\":2,\"name\":\"\ud835\udc02\ud835\udc1e\ud835\udc2b\ud835\udc22\ud835\udc26\u00f3\ud835\udc27\ud835\udc22\ud835\udc1a \ud835\udc1d\ud835\udc28 \ud835\udfcf\ud835\udfd5.\u00ba \ud835\udc00\ud835\udc27\ud835\udc22\ud835\udc2f\ud835\udc1e\ud835\udc2b\ud835\udc2c\u00e1\ud835\udc2b\ud835\udc22\ud835\udc28 \ud835\udc1d\ud835\udc28 \ud835\udc02\ud835\udc28\ud835\udc26\ud835\udc1a\ud835\udc27\ud835\udc1d\ud835\udc28 \ud835\udc13\ud835\udc1e\ud835\udc2b\ud835\udc2b\ud835\udc22\ud835\udc2d\ud835\udc28\ud835\udc2b\ud835\udc22\ud835\udc1a\ud835\udc25 \ud835\udc1d\ud835\udc1e \ud835\udc01\ud835\udc2b\ud835\udc1a\ud835\udc20\ud835\udc1a\ud835\udc27\u00e7\ud835\udc1a \ud835\udc1d\ud835\udc1a \ud835\udc06\ud835\udc2e\ud835\udc1a\ud835\udc2b\ud835\udc1d\ud835\udc1a \ud835\udc0d\ud835\udc1a\ud835\udc1c\ud835\udc22\ud835\udc28\ud835\udc27\ud835\udc1a\ud835\udc25 \ud835\udc11\ud835\udc1e\ud835\udc29\ud835\udc2e\ud835\udc1b\ud835\udc25\ud835\udc22\ud835\udc1c\ud835\udc1a\ud835\udc27\ud835\udc1a\"}]},{\"@type\":\"WebSite\",\"@id\":\"https:\/\/comarcas.csm.org.pt\/braganca\/#website\",\"url\":\"https:\/\/comarcas.csm.org.pt\/braganca\/\",\"name\":\"Tribunal Judicial da Comarca de Bragan\u00e7a\",\"description\":\"Tribunal Judicial da Comarca de Bragan\u00e7a\",\"publisher\":{\"@id\":\"https:\/\/comarcas.csm.org.pt\/braganca\/#organization\"},\"potentialAction\":[{\"@type\":\"SearchAction\",\"target\":{\"@type\":\"EntryPoint\",\"urlTemplate\":\"https:\/\/comarcas.csm.org.pt\/braganca\/?s={search_term_string}\"},\"query-input\":{\"@type\":\"PropertyValueSpecification\",\"valueRequired\":true,\"valueName\":\"search_term_string\"}}],\"inLanguage\":\"pt-PT\"},{\"@type\":\"Organization\",\"@id\":\"https:\/\/comarcas.csm.org.pt\/braganca\/#organization\",\"name\":\"Tribunal Judicial da Comarca de Bragan\u00e7a\",\"url\":\"https:\/\/comarcas.csm.org.pt\/braganca\/\",\"logo\":{\"@type\":\"ImageObject\",\"inLanguage\":\"pt-PT\",\"@id\":\"https:\/\/comarcas.csm.org.pt\/braganca\/#\/schema\/logo\/image\/\",\"url\":\"https:\/\/comarcas.csm.org.pt\/braganca\/wp-content\/uploads\/sites\/10\/2024\/11\/Braganca_positivo-horizontal.png\",\"contentUrl\":\"https:\/\/comarcas.csm.org.pt\/braganca\/wp-content\/uploads\/sites\/10\/2024\/11\/Braganca_positivo-horizontal.png\",\"width\":4317,\"height\":971,\"caption\":\"Tribunal Judicial da Comarca de Bragan\u00e7a\"},\"image\":{\"@id\":\"https:\/\/comarcas.csm.org.pt\/braganca\/#\/schema\/logo\/image\/\"}},{\"@type\":\"Person\",\"@id\":\"https:\/\/comarcas.csm.org.pt\/braganca\/#\/schema\/person\/830e822f517a9c6a53780b64e418a648\",\"name\":\"braganca\",\"image\":{\"@type\":\"ImageObject\",\"inLanguage\":\"pt-PT\",\"@id\":\"https:\/\/comarcas.csm.org.pt\/braganca\/#\/schema\/person\/image\/\",\"url\":\"https:\/\/secure.gravatar.com\/avatar\/ad3f612555e18b96f5d4fcb2902d52bde29c4e9f9418a0745fd5f8f236399b1a?s=96&d=mm&r=g\",\"contentUrl\":\"https:\/\/secure.gravatar.com\/avatar\/ad3f612555e18b96f5d4fcb2902d52bde29c4e9f9418a0745fd5f8f236399b1a?s=96&d=mm&r=g\",\"caption\":\"braganca\"},\"url\":\"https:\/\/comarcas.csm.org.pt\/braganca\/blog\/author\/braganca\/\"}]}<\/script>\n<!-- \/ Yoast SEO plugin. -->","yoast_head_json":{"title":"\ud835\udc02\ud835\udc1e\ud835\udc2b\ud835\udc22\ud835\udc26\u00f3\ud835\udc27\ud835\udc22\ud835\udc1a \ud835\udc1d\ud835\udc28 \ud835\udfcf\ud835\udfd5.\u00ba \ud835\udc00\ud835\udc27\ud835\udc22\ud835\udc2f\ud835\udc1e\ud835\udc2b\ud835\udc2c\u00e1\ud835\udc2b\ud835\udc22\ud835\udc28 \ud835\udc1d\ud835\udc28 \ud835\udc02\ud835\udc28\ud835\udc26\ud835\udc1a\ud835\udc27\ud835\udc1d\ud835\udc28 \ud835\udc13\ud835\udc1e\ud835\udc2b\ud835\udc2b\ud835\udc22\ud835\udc2d\ud835\udc28\ud835\udc2b\ud835\udc22\ud835\udc1a\ud835\udc25 \ud835\udc1d\ud835\udc1e \ud835\udc01\ud835\udc2b\ud835\udc1a\ud835\udc20\ud835\udc1a\ud835\udc27\u00e7\ud835\udc1a \ud835\udc1d\ud835\udc1a \ud835\udc06\ud835\udc2e\ud835\udc1a\ud835\udc2b\ud835\udc1d\ud835\udc1a \ud835\udc0d\ud835\udc1a\ud835\udc1c\ud835\udc22\ud835\udc28\ud835\udc27\ud835\udc1a\ud835\udc25 \ud835\udc11\ud835\udc1e\ud835\udc29\ud835\udc2e\ud835\udc1b\ud835\udc25\ud835\udc22\ud835\udc1c\ud835\udc1a\ud835\udc27\ud835\udc1a - Tribunal Judicial da Comarca de Bragan\u00e7a","robots":{"index":"index","follow":"follow","max-snippet":"max-snippet:-1","max-image-preview":"max-image-preview:large","max-video-preview":"max-video-preview:-1"},"canonical":"https:\/\/comarcas.csm.org.pt\/braganca\/blog\/2026\/03\/06\/\ud835\udc02\ud835\udc1e\ud835\udc2b\ud835\udc22\ud835\udc26o\ud835\udc27\ud835\udc22\ud835\udc1a-\ud835\udc1d\ud835\udc28-\ud835\udfcf\ud835\udfd5-o-\ud835\udc00\ud835\udc27\ud835\udc22\ud835\udc2f\/","og_locale":"pt_PT","og_type":"article","og_title":"\ud835\udc02\ud835\udc1e\ud835\udc2b\ud835\udc22\ud835\udc26\u00f3\ud835\udc27\ud835\udc22\ud835\udc1a \ud835\udc1d\ud835\udc28 \ud835\udfcf\ud835\udfd5.\u00ba \ud835\udc00\ud835\udc27\ud835\udc22\ud835\udc2f\ud835\udc1e\ud835\udc2b\ud835\udc2c\u00e1\ud835\udc2b\ud835\udc22\ud835\udc28 \ud835\udc1d\ud835\udc28 \ud835\udc02\ud835\udc28\ud835\udc26\ud835\udc1a\ud835\udc27\ud835\udc1d\ud835\udc28 \ud835\udc13\ud835\udc1e\ud835\udc2b\ud835\udc2b\ud835\udc22\ud835\udc2d\ud835\udc28\ud835\udc2b\ud835\udc22\ud835\udc1a\ud835\udc25 \ud835\udc1d\ud835\udc1e \ud835\udc01\ud835\udc2b\ud835\udc1a\ud835\udc20\ud835\udc1a\ud835\udc27\u00e7\ud835\udc1a \ud835\udc1d\ud835\udc1a \ud835\udc06\ud835\udc2e\ud835\udc1a\ud835\udc2b\ud835\udc1d\ud835\udc1a \ud835\udc0d\ud835\udc1a\ud835\udc1c\ud835\udc22\ud835\udc28\ud835\udc27\ud835\udc1a\ud835\udc25 \ud835\udc11\ud835\udc1e\ud835\udc29\ud835\udc2e\ud835\udc1b\ud835\udc25\ud835\udc22\ud835\udc1c\ud835\udc1a\ud835\udc27\ud835\udc1a - Tribunal Judicial da Comarca de Bragan\u00e7a","og_description":"No dia 24 de fevereiro, decorreu do concelho de Freixo de Espada \u00e0 Cinta, as celebra\u00e7\u00f5es do 17.\u00ba anivers\u00e1rio do Comando Territorial de Bragan\u00e7a da GNR. O Tribunal da Comarca de Bragan\u00e7a este representado neste...","og_url":"https:\/\/comarcas.csm.org.pt\/braganca\/blog\/2026\/03\/06\/\ud835\udc02\ud835\udc1e\ud835\udc2b\ud835\udc22\ud835\udc26o\ud835\udc27\ud835\udc22\ud835\udc1a-\ud835\udc1d\ud835\udc28-\ud835\udfcf\ud835\udfd5-o-\ud835\udc00\ud835\udc27\ud835\udc22\ud835\udc2f\/","og_site_name":"Tribunal Judicial da Comarca de Bragan\u00e7a","article_published_time":"2026-03-06T14:58:55+00:00","article_modified_time":"2026-03-16T15:07:46+00:00","og_image":[{"width":1600,"height":1066,"url":"https:\/\/comarcas.csm.org.pt\/braganca\/wp-content\/uploads\/sites\/10\/2026\/03\/643730439_1334851405339356_7734676733181844844_n.jpg","type":"image\/jpeg"}],"author":"braganca","twitter_card":"summary_large_image","twitter_misc":{"Escrito por":"braganca","Tempo estimado de leitura":"1 minuto"},"schema":{"@context":"https:\/\/schema.org","@graph":[{"@type":"Article","@id":"https:\/\/comarcas.csm.org.pt\/braganca\/blog\/2026\/03\/06\/%f0%9d%90%82%f0%9d%90%9e%f0%9d%90%ab%f0%9d%90%a2%f0%9d%90%a6o%f0%9d%90%a7%f0%9d%90%a2%f0%9d%90%9a-%f0%9d%90%9d%f0%9d%90%a8-%f0%9d%9f%8f%f0%9d%9f%95-o-%f0%9d%90%80%f0%9d%90%a7%f0%9d%90%a2%f0%9d%90%af\/#article","isPartOf":{"@id":"https:\/\/comarcas.csm.org.pt\/braganca\/blog\/2026\/03\/06\/%f0%9d%90%82%f0%9d%90%9e%f0%9d%90%ab%f0%9d%90%a2%f0%9d%90%a6o%f0%9d%90%a7%f0%9d%90%a2%f0%9d%90%9a-%f0%9d%90%9d%f0%9d%90%a8-%f0%9d%9f%8f%f0%9d%9f%95-o-%f0%9d%90%80%f0%9d%90%a7%f0%9d%90%a2%f0%9d%90%af\/"},"author":{"name":"braganca","@id":"https:\/\/comarcas.csm.org.pt\/braganca\/#\/schema\/person\/830e822f517a9c6a53780b64e418a648"},"headline":"\ud835\udc02\ud835\udc1e\ud835\udc2b\ud835\udc22\ud835\udc26\u00f3\ud835\udc27\ud835\udc22\ud835\udc1a \ud835\udc1d\ud835\udc28 \ud835\udfcf\ud835\udfd5.\u00ba \ud835\udc00\ud835\udc27\ud835\udc22\ud835\udc2f\ud835\udc1e\ud835\udc2b\ud835\udc2c\u00e1\ud835\udc2b\ud835\udc22\ud835\udc28 \ud835\udc1d\ud835\udc28 \ud835\udc02\ud835\udc28\ud835\udc26\ud835\udc1a\ud835\udc27\ud835\udc1d\ud835\udc28 \ud835\udc13\ud835\udc1e\ud835\udc2b\ud835\udc2b\ud835\udc22\ud835\udc2d\ud835\udc28\ud835\udc2b\ud835\udc22\ud835\udc1a\ud835\udc25 \ud835\udc1d\ud835\udc1e \ud835\udc01\ud835\udc2b\ud835\udc1a\ud835\udc20\ud835\udc1a\ud835\udc27\u00e7\ud835\udc1a \ud835\udc1d\ud835\udc1a \ud835\udc06\ud835\udc2e\ud835\udc1a\ud835\udc2b\ud835\udc1d\ud835\udc1a \ud835\udc0d\ud835\udc1a\ud835\udc1c\ud835\udc22\ud835\udc28\ud835\udc27\ud835\udc1a\ud835\udc25 \ud835\udc11\ud835\udc1e\ud835\udc29\ud835\udc2e\ud835\udc1b\ud835\udc25\ud835\udc22\ud835\udc1c\ud835\udc1a\ud835\udc27\ud835\udc1a","datePublished":"2026-03-06T14:58:55+00:00","dateModified":"2026-03-16T15:07:46+00:00","mainEntityOfPage":{"@id":"https:\/\/comarcas.csm.org.pt\/braganca\/blog\/2026\/03\/06\/%f0%9d%90%82%f0%9d%90%9e%f0%9d%90%ab%f0%9d%90%a2%f0%9d%90%a6o%f0%9d%90%a7%f0%9d%90%a2%f0%9d%90%9a-%f0%9d%90%9d%f0%9d%90%a8-%f0%9d%9f%8f%f0%9d%9f%95-o-%f0%9d%90%80%f0%9d%90%a7%f0%9d%90%a2%f0%9d%90%af\/"},"wordCount":76,"publisher":{"@id":"https:\/\/comarcas.csm.org.pt\/braganca\/#organization"},"image":{"@id":"https:\/\/comarcas.csm.org.pt\/braganca\/blog\/2026\/03\/06\/%f0%9d%90%82%f0%9d%90%9e%f0%9d%90%ab%f0%9d%90%a2%f0%9d%90%a6o%f0%9d%90%a7%f0%9d%90%a2%f0%9d%90%9a-%f0%9d%90%9d%f0%9d%90%a8-%f0%9d%9f%8f%f0%9d%9f%95-o-%f0%9d%90%80%f0%9d%90%a7%f0%9d%90%a2%f0%9d%90%af\/#primaryimage"},"thumbnailUrl":"https:\/\/comarcas.csm.org.pt\/braganca\/wp-content\/uploads\/sites\/10\/2026\/03\/643730439_1334851405339356_7734676733181844844_n-1024x682.jpg","articleSection":["Geral"],"inLanguage":"pt-PT"},{"@type":"WebPage","@id":"https:\/\/comarcas.csm.org.pt\/braganca\/blog\/2026\/03\/06\/%f0%9d%90%82%f0%9d%90%9e%f0%9d%90%ab%f0%9d%90%a2%f0%9d%90%a6o%f0%9d%90%a7%f0%9d%90%a2%f0%9d%90%9a-%f0%9d%90%9d%f0%9d%90%a8-%f0%9d%9f%8f%f0%9d%9f%95-o-%f0%9d%90%80%f0%9d%90%a7%f0%9d%90%a2%f0%9d%90%af\/","url":"https:\/\/comarcas.csm.org.pt\/braganca\/blog\/2026\/03\/06\/%f0%9d%90%82%f0%9d%90%9e%f0%9d%90%ab%f0%9d%90%a2%f0%9d%90%a6o%f0%9d%90%a7%f0%9d%90%a2%f0%9d%90%9a-%f0%9d%90%9d%f0%9d%90%a8-%f0%9d%9f%8f%f0%9d%9f%95-o-%f0%9d%90%80%f0%9d%90%a7%f0%9d%90%a2%f0%9d%90%af\/","name":"\ud835\udc02\ud835\udc1e\ud835\udc2b\ud835\udc22\ud835\udc26\u00f3\ud835\udc27\ud835\udc22\ud835\udc1a \ud835\udc1d\ud835\udc28 \ud835\udfcf\ud835\udfd5.\u00ba \ud835\udc00\ud835\udc27\ud835\udc22\ud835\udc2f\ud835\udc1e\ud835\udc2b\ud835\udc2c\u00e1\ud835\udc2b\ud835\udc22\ud835\udc28 \ud835\udc1d\ud835\udc28 \ud835\udc02\ud835\udc28\ud835\udc26\ud835\udc1a\ud835\udc27\ud835\udc1d\ud835\udc28 \ud835\udc13\ud835\udc1e\ud835\udc2b\ud835\udc2b\ud835\udc22\ud835\udc2d\ud835\udc28\ud835\udc2b\ud835\udc22\ud835\udc1a\ud835\udc25 \ud835\udc1d\ud835\udc1e \ud835\udc01\ud835\udc2b\ud835\udc1a\ud835\udc20\ud835\udc1a\ud835\udc27\u00e7\ud835\udc1a \ud835\udc1d\ud835\udc1a \ud835\udc06\ud835\udc2e\ud835\udc1a\ud835\udc2b\ud835\udc1d\ud835\udc1a \ud835\udc0d\ud835\udc1a\ud835\udc1c\ud835\udc22\ud835\udc28\ud835\udc27\ud835\udc1a\ud835\udc25 \ud835\udc11\ud835\udc1e\ud835\udc29\ud835\udc2e\ud835\udc1b\ud835\udc25\ud835\udc22\ud835\udc1c\ud835\udc1a\ud835\udc27\ud835\udc1a - Tribunal Judicial da Comarca de Bragan\u00e7a","isPartOf":{"@id":"https:\/\/comarcas.csm.org.pt\/braganca\/#website"},"primaryImageOfPage":{"@id":"https:\/\/comarcas.csm.org.pt\/braganca\/blog\/2026\/03\/06\/%f0%9d%90%82%f0%9d%90%9e%f0%9d%90%ab%f0%9d%90%a2%f0%9d%90%a6o%f0%9d%90%a7%f0%9d%90%a2%f0%9d%90%9a-%f0%9d%90%9d%f0%9d%90%a8-%f0%9d%9f%8f%f0%9d%9f%95-o-%f0%9d%90%80%f0%9d%90%a7%f0%9d%90%a2%f0%9d%90%af\/#primaryimage"},"image":{"@id":"https:\/\/comarcas.csm.org.pt\/braganca\/blog\/2026\/03\/06\/%f0%9d%90%82%f0%9d%90%9e%f0%9d%90%ab%f0%9d%90%a2%f0%9d%90%a6o%f0%9d%90%a7%f0%9d%90%a2%f0%9d%90%9a-%f0%9d%90%9d%f0%9d%90%a8-%f0%9d%9f%8f%f0%9d%9f%95-o-%f0%9d%90%80%f0%9d%90%a7%f0%9d%90%a2%f0%9d%90%af\/#primaryimage"},"thumbnailUrl":"https:\/\/comarcas.csm.org.pt\/braganca\/wp-content\/uploads\/sites\/10\/2026\/03\/643730439_1334851405339356_7734676733181844844_n-1024x682.jpg","datePublished":"2026-03-06T14:58:55+00:00","dateModified":"2026-03-16T15:07:46+00:00","breadcrumb":{"@id":"https:\/\/comarcas.csm.org.pt\/braganca\/blog\/2026\/03\/06\/%f0%9d%90%82%f0%9d%90%9e%f0%9d%90%ab%f0%9d%90%a2%f0%9d%90%a6o%f0%9d%90%a7%f0%9d%90%a2%f0%9d%90%9a-%f0%9d%90%9d%f0%9d%90%a8-%f0%9d%9f%8f%f0%9d%9f%95-o-%f0%9d%90%80%f0%9d%90%a7%f0%9d%90%a2%f0%9d%90%af\/#breadcrumb"},"inLanguage":"pt-PT","potentialAction":[{"@type":"ReadAction","target":["https:\/\/comarcas.csm.org.pt\/braganca\/blog\/2026\/03\/06\/%f0%9d%90%82%f0%9d%90%9e%f0%9d%90%ab%f0%9d%90%a2%f0%9d%90%a6o%f0%9d%90%a7%f0%9d%90%a2%f0%9d%90%9a-%f0%9d%90%9d%f0%9d%90%a8-%f0%9d%9f%8f%f0%9d%9f%95-o-%f0%9d%90%80%f0%9d%90%a7%f0%9d%90%a2%f0%9d%90%af\/"]}]},{"@type":"ImageObject","inLanguage":"pt-PT","@id":"https:\/\/comarcas.csm.org.pt\/braganca\/blog\/2026\/03\/06\/%f0%9d%90%82%f0%9d%90%9e%f0%9d%90%ab%f0%9d%90%a2%f0%9d%90%a6o%f0%9d%90%a7%f0%9d%90%a2%f0%9d%90%9a-%f0%9d%90%9d%f0%9d%90%a8-%f0%9d%9f%8f%f0%9d%9f%95-o-%f0%9d%90%80%f0%9d%90%a7%f0%9d%90%a2%f0%9d%90%af\/#primaryimage","url":"https:\/\/comarcas.csm.org.pt\/braganca\/wp-content\/uploads\/sites\/10\/2026\/03\/643730439_1334851405339356_7734676733181844844_n.jpg","contentUrl":"https:\/\/comarcas.csm.org.pt\/braganca\/wp-content\/uploads\/sites\/10\/2026\/03\/643730439_1334851405339356_7734676733181844844_n.jpg","width":1600,"height":1066},{"@type":"BreadcrumbList","@id":"https:\/\/comarcas.csm.org.pt\/braganca\/blog\/2026\/03\/06\/%f0%9d%90%82%f0%9d%90%9e%f0%9d%90%ab%f0%9d%90%a2%f0%9d%90%a6o%f0%9d%90%a7%f0%9d%90%a2%f0%9d%90%9a-%f0%9d%90%9d%f0%9d%90%a8-%f0%9d%9f%8f%f0%9d%9f%95-o-%f0%9d%90%80%f0%9d%90%a7%f0%9d%90%a2%f0%9d%90%af\/#breadcrumb","itemListElement":[{"@type":"ListItem","position":1,"name":"In\u00edcio","item":"https:\/\/comarcas.csm.org.pt\/braganca\/"},{"@type":"ListItem","position":2,"name":"\ud835\udc02\ud835\udc1e\ud835\udc2b\ud835\udc22\ud835\udc26\u00f3\ud835\udc27\ud835\udc22\ud835\udc1a \ud835\udc1d\ud835\udc28 \ud835\udfcf\ud835\udfd5.\u00ba \ud835\udc00\ud835\udc27\ud835\udc22\ud835\udc2f\ud835\udc1e\ud835\udc2b\ud835\udc2c\u00e1\ud835\udc2b\ud835\udc22\ud835\udc28 \ud835\udc1d\ud835\udc28 \ud835\udc02\ud835\udc28\ud835\udc26\ud835\udc1a\ud835\udc27\ud835\udc1d\ud835\udc28 \ud835\udc13\ud835\udc1e\ud835\udc2b\ud835\udc2b\ud835\udc22\ud835\udc2d\ud835\udc28\ud835\udc2b\ud835\udc22\ud835\udc1a\ud835\udc25 \ud835\udc1d\ud835\udc1e \ud835\udc01\ud835\udc2b\ud835\udc1a\ud835\udc20\ud835\udc1a\ud835\udc27\u00e7\ud835\udc1a \ud835\udc1d\ud835\udc1a \ud835\udc06\ud835\udc2e\ud835\udc1a\ud835\udc2b\ud835\udc1d\ud835\udc1a \ud835\udc0d\ud835\udc1a\ud835\udc1c\ud835\udc22\ud835\udc28\ud835\udc27\ud835\udc1a\ud835\udc25 \ud835\udc11\ud835\udc1e\ud835\udc29\ud835\udc2e\ud835\udc1b\ud835\udc25\ud835\udc22\ud835\udc1c\ud835\udc1a\ud835\udc27\ud835\udc1a"}]},{"@type":"WebSite","@id":"https:\/\/comarcas.csm.org.pt\/braganca\/#website","url":"https:\/\/comarcas.csm.org.pt\/braganca\/","name":"Tribunal Judicial da Comarca de Bragan\u00e7a","description":"Tribunal Judicial da Comarca de Bragan\u00e7a","publisher":{"@id":"https:\/\/comarcas.csm.org.pt\/braganca\/#organization"},"potentialAction":[{"@type":"SearchAction","target":{"@type":"EntryPoint","urlTemplate":"https:\/\/comarcas.csm.org.pt\/braganca\/?s={search_term_string}"},"query-input":{"@type":"PropertyValueSpecification","valueRequired":true,"valueName":"search_term_string"}}],"inLanguage":"pt-PT"},{"@type":"Organization","@id":"https:\/\/comarcas.csm.org.pt\/braganca\/#organization","name":"Tribunal Judicial da Comarca de Bragan\u00e7a","url":"https:\/\/comarcas.csm.org.pt\/braganca\/","logo":{"@type":"ImageObject","inLanguage":"pt-PT","@id":"https:\/\/comarcas.csm.org.pt\/braganca\/#\/schema\/logo\/image\/","url":"https:\/\/comarcas.csm.org.pt\/braganca\/wp-content\/uploads\/sites\/10\/2024\/11\/Braganca_positivo-horizontal.png","contentUrl":"https:\/\/comarcas.csm.org.pt\/braganca\/wp-content\/uploads\/sites\/10\/2024\/11\/Braganca_positivo-horizontal.png","width":4317,"height":971,"caption":"Tribunal Judicial da Comarca de Bragan\u00e7a"},"image":{"@id":"https:\/\/comarcas.csm.org.pt\/braganca\/#\/schema\/logo\/image\/"}},{"@type":"Person","@id":"https:\/\/comarcas.csm.org.pt\/braganca\/#\/schema\/person\/830e822f517a9c6a53780b64e418a648","name":"braganca","image":{"@type":"ImageObject","inLanguage":"pt-PT","@id":"https:\/\/comarcas.csm.org.pt\/braganca\/#\/schema\/person\/image\/","url":"https:\/\/secure.gravatar.com\/avatar\/ad3f612555e18b96f5d4fcb2902d52bde29c4e9f9418a0745fd5f8f236399b1a?s=96&d=mm&r=g","contentUrl":"https:\/\/secure.gravatar.com\/avatar\/ad3f612555e18b96f5d4fcb2902d52bde29c4e9f9418a0745fd5f8f236399b1a?s=96&d=mm&r=g","caption":"braganca"},"url":"https:\/\/comarcas.csm.org.pt\/braganca\/blog\/author\/braganca\/"}]}},"_links":{"self":[{"href":"https:\/\/comarcas.csm.org.pt\/braganca\/wp-json\/wp\/v2\/posts\/12876","targetHints":{"allow":["GET"]}}],"collection":[{"href":"https:\/\/comarcas.csm.org.pt\/braganca\/wp-json\/wp\/v2\/posts"}],"about":[{"href":"https:\/\/comarcas.csm.org.pt\/braganca\/wp-json\/wp\/v2\/types\/post"}],"author":[{"embeddable":true,"href":"https:\/\/comarcas.csm.org.pt\/braganca\/wp-json\/wp\/v2\/users\/10"}],"replies":[{"embeddable":true,"href":"https:\/\/comarcas.csm.org.pt\/braganca\/wp-json\/wp\/v2\/comments?post=12876"}],"version-history":[{"count":1,"href":"https:\/\/comarcas.csm.org.pt\/braganca\/wp-json\/wp\/v2\/posts\/12876\/revisions"}],"predecessor-version":[{"id":12878,"href":"https:\/\/comarcas.csm.org.pt\/braganca\/wp-json\/wp\/v2\/posts\/12876\/revisions\/12878"}],"wp:attachment":[{"href":"https:\/\/comarcas.csm.org.pt\/braganca\/wp-json\/wp\/v2\/media?parent=12876"}],"wp:term":[{"taxonomy":"category","embeddable":true,"href":"https:\/\/comarcas.csm.org.pt\/braganca\/wp-json\/wp\/v2\/categories?post=12876"},{"taxonomy":"post_tag","embeddable":true,"href":"https:\/\/comarcas.csm.org.pt\/braganca\/wp-json\/wp\/v2\/tags?post=12876"}],"curies":[{"name":"wp","href":"https:\/\/api.w.org\/{rel}","templated":true}]}}