{"id":12879,"date":"2026-03-02T11:43:00","date_gmt":"2026-03-02T11:43:00","guid":{"rendered":"https:\/\/comarcas.csm.org.pt\/braganca\/?p=12879"},"modified":"2026-03-17T14:33:45","modified_gmt":"2026-03-17T14:33:45","slug":"braganca-celebracao-dos-561-anos-como-cidade","status":"publish","type":"post","link":"https:\/\/comarcas.csm.org.pt\/braganca\/blog\/2026\/03\/02\/braganca-celebracao-dos-561-anos-como-cidade\/","title":{"rendered":"Bragan\u00e7a: celebra\u00e7\u00e3o dos 562 anos como Cidade"},"content":{"rendered":"\n<p>As comemora\u00e7\u00f5es do 562.\u00ba anivers\u00e1rio da eleva\u00e7\u00e3o de Bragan\u00e7a a cidade, assinaladas no dia 20 de fevereiro, integraram um conjunto de iniciativas de natureza cultural e institucional, com destaque para a realiza\u00e7\u00e3o de uma Sess\u00e3o Solene no Teatro Municipal de Bragan\u00e7a, durante a qual foram atribu\u00eddas distin\u00e7\u00f5es a personalidades e entidades pelo seu contributo relevante para o desenvolvimento do concelho.<\/p>\n\n\n\n<p>O programa incluiu, ainda, momentos culturais, nomeadamente a apresenta\u00e7\u00e3o de uma obra evocativa da mem\u00f3ria hist\u00f3rica da regi\u00e3o e um concerto comemorativo, prolongando-se as celebra\u00e7\u00f5es nos dias subsequentes com diversas iniciativas de car\u00e1ter art\u00edstico e comunit\u00e1rio.<\/p>\n\n\n\n<p>Na referida Sess\u00e3o Solene estiveram presentes os tr\u00eas membros do \u00d3rg\u00e3o de Gest\u00e3o do Tribunal Judicial da Comarca de Bragan\u00e7a,  a Senhora Juiz Presidente, a Senhora Magistrada Coordenadora do Minist\u00e9rio P\u00fablico e o Senhor Administrador Judici\u00e1rio, assinalando, assim, institucionalmente a import\u00e2ncia da efem\u00e9ride.<\/p>\n\n\n\n<figure class=\"wp-block-image size-large\"><img fetchpriority=\"high\" decoding=\"async\" width=\"1024\" height=\"683\" src=\"https:\/\/comarcas.csm.org.pt\/braganca\/wp-content\/uploads\/sites\/10\/2026\/03\/Braganca_-652-1024x683.jpg\" alt=\"\" class=\"wp-image-12895\" srcset=\"https:\/\/comarcas.csm.org.pt\/braganca\/wp-content\/uploads\/sites\/10\/2026\/03\/Braganca_-652-1024x683.jpg 1024w, https:\/\/comarcas.csm.org.pt\/braganca\/wp-content\/uploads\/sites\/10\/2026\/03\/Braganca_-652-300x200.jpg 300w, https:\/\/comarcas.csm.org.pt\/braganca\/wp-content\/uploads\/sites\/10\/2026\/03\/Braganca_-652-768x512.jpg 768w, https:\/\/comarcas.csm.org.pt\/braganca\/wp-content\/uploads\/sites\/10\/2026\/03\/Braganca_-652-1536x1024.jpg 1536w, https:\/\/comarcas.csm.org.pt\/braganca\/wp-content\/uploads\/sites\/10\/2026\/03\/Braganca_-652-2048x1365.jpg 2048w\" sizes=\"(max-width: 1024px) 100vw, 1024px\" \/><\/figure>\n","protected":false},"excerpt":{"rendered":"<p>As comemora\u00e7\u00f5es do 562.\u00ba anivers\u00e1rio da eleva\u00e7\u00e3o de Bragan\u00e7a a cidade, assinaladas no dia 20 de fevereiro, integraram um conjunto de iniciativas de natureza cultural e institucional, com destaque para a realiza\u00e7\u00e3o de uma Sess\u00e3o&#8230;<\/p>\n","protected":false},"author":10,"featured_media":0,"comment_status":"closed","ping_status":"open","sticky":false,"template":"","format":"standard","meta":{"_tbt_post_transparent":"","_tbt_post_title":"","_tbt_post_layout":"","_tbt_post_sidebar_id":"","_tbt_post_content_style":"","_tbt_post_vertical_padding":"","_tbt_post_feature":"","_tbt_post_feature_position":"","_tbt_post_header":false,"_tbt_post_footer":false},"categories":[1],"tags":[],"class_list":["post-12879","post","type-post","status-publish","format-standard","hentry","category-geral"],"yoast_head":"<!-- This site is optimized with the Yoast SEO plugin v25.6 - https:\/\/yoast.com\/wordpress\/plugins\/seo\/ -->\n<title>Bragan\u00e7a: celebra\u00e7\u00e3o dos 562 anos como Cidade - Tribunal Judicial da Comarca de Bragan\u00e7a<\/title>\n<meta name=\"robots\" content=\"index, follow, max-snippet:-1, max-image-preview:large, max-video-preview:-1\" \/>\n<link rel=\"canonical\" href=\"https:\/\/comarcas.csm.org.pt\/braganca\/blog\/2026\/03\/02\/braganca-celebracao-dos-561-anos-como-cidade\/\" \/>\n<meta property=\"og:locale\" content=\"pt_PT\" \/>\n<meta property=\"og:type\" content=\"article\" \/>\n<meta property=\"og:title\" content=\"Bragan\u00e7a: celebra\u00e7\u00e3o dos 562 anos como Cidade - Tribunal Judicial da Comarca de Bragan\u00e7a\" \/>\n<meta property=\"og:description\" content=\"As comemora\u00e7\u00f5es do 562.\u00ba anivers\u00e1rio da eleva\u00e7\u00e3o de Bragan\u00e7a a cidade, assinaladas no dia 20 de fevereiro, integraram um conjunto de iniciativas de natureza cultural e institucional, com destaque para a realiza\u00e7\u00e3o de uma Sess\u00e3o...\" \/>\n<meta property=\"og:url\" content=\"https:\/\/comarcas.csm.org.pt\/braganca\/blog\/2026\/03\/02\/braganca-celebracao-dos-561-anos-como-cidade\/\" \/>\n<meta property=\"og:site_name\" content=\"Tribunal Judicial da Comarca de Bragan\u00e7a\" \/>\n<meta property=\"article:published_time\" content=\"2026-03-02T11:43:00+00:00\" \/>\n<meta property=\"article:modified_time\" content=\"2026-03-17T14:33:45+00:00\" \/>\n<meta property=\"og:image\" content=\"https:\/\/comarcas.csm.org.pt\/braganca\/wp-content\/uploads\/sites\/10\/2026\/03\/Braganca_-652.jpg\" \/>\n\t<meta property=\"og:image:width\" content=\"2400\" \/>\n\t<meta property=\"og:image:height\" content=\"1600\" \/>\n\t<meta property=\"og:image:type\" content=\"image\/jpeg\" \/>\n<meta name=\"author\" content=\"braganca\" \/>\n<meta name=\"twitter:card\" content=\"summary_large_image\" \/>\n<meta name=\"twitter:label1\" content=\"Escrito por\" \/>\n\t<meta name=\"twitter:data1\" content=\"braganca\" \/>\n\t<meta name=\"twitter:label2\" content=\"Tempo estimado de leitura\" \/>\n\t<meta name=\"twitter:data2\" content=\"1 minuto\" \/>\n<script type=\"application\/ld+json\" class=\"yoast-schema-graph\">{\"@context\":\"https:\/\/schema.org\",\"@graph\":[{\"@type\":\"Article\",\"@id\":\"https:\/\/comarcas.csm.org.pt\/braganca\/blog\/2026\/03\/02\/braganca-celebracao-dos-561-anos-como-cidade\/#article\",\"isPartOf\":{\"@id\":\"https:\/\/comarcas.csm.org.pt\/braganca\/blog\/2026\/03\/02\/braganca-celebracao-dos-561-anos-como-cidade\/\"},\"author\":{\"name\":\"braganca\",\"@id\":\"https:\/\/comarcas.csm.org.pt\/braganca\/#\/schema\/person\/830e822f517a9c6a53780b64e418a648\"},\"headline\":\"Bragan\u00e7a: celebra\u00e7\u00e3o dos 562 anos como Cidade\",\"datePublished\":\"2026-03-02T11:43:00+00:00\",\"dateModified\":\"2026-03-17T14:33:45+00:00\",\"mainEntityOfPage\":{\"@id\":\"https:\/\/comarcas.csm.org.pt\/braganca\/blog\/2026\/03\/02\/braganca-celebracao-dos-561-anos-como-cidade\/\"},\"wordCount\":172,\"publisher\":{\"@id\":\"https:\/\/comarcas.csm.org.pt\/braganca\/#organization\"},\"image\":{\"@id\":\"https:\/\/comarcas.csm.org.pt\/braganca\/blog\/2026\/03\/02\/braganca-celebracao-dos-561-anos-como-cidade\/#primaryimage\"},\"thumbnailUrl\":\"https:\/\/comarcas.csm.org.pt\/braganca\/wp-content\/uploads\/sites\/10\/2026\/03\/Braganca_-652-1024x683.jpg\",\"articleSection\":[\"Geral\"],\"inLanguage\":\"pt-PT\"},{\"@type\":\"WebPage\",\"@id\":\"https:\/\/comarcas.csm.org.pt\/braganca\/blog\/2026\/03\/02\/braganca-celebracao-dos-561-anos-como-cidade\/\",\"url\":\"https:\/\/comarcas.csm.org.pt\/braganca\/blog\/2026\/03\/02\/braganca-celebracao-dos-561-anos-como-cidade\/\",\"name\":\"Bragan\u00e7a: celebra\u00e7\u00e3o dos 562 anos como Cidade - Tribunal Judicial da Comarca de Bragan\u00e7a\",\"isPartOf\":{\"@id\":\"https:\/\/comarcas.csm.org.pt\/braganca\/#website\"},\"primaryImageOfPage\":{\"@id\":\"https:\/\/comarcas.csm.org.pt\/braganca\/blog\/2026\/03\/02\/braganca-celebracao-dos-561-anos-como-cidade\/#primaryimage\"},\"image\":{\"@id\":\"https:\/\/comarcas.csm.org.pt\/braganca\/blog\/2026\/03\/02\/braganca-celebracao-dos-561-anos-como-cidade\/#primaryimage\"},\"thumbnailUrl\":\"https:\/\/comarcas.csm.org.pt\/braganca\/wp-content\/uploads\/sites\/10\/2026\/03\/Braganca_-652-1024x683.jpg\",\"datePublished\":\"2026-03-02T11:43:00+00:00\",\"dateModified\":\"2026-03-17T14:33:45+00:00\",\"breadcrumb\":{\"@id\":\"https:\/\/comarcas.csm.org.pt\/braganca\/blog\/2026\/03\/02\/braganca-celebracao-dos-561-anos-como-cidade\/#breadcrumb\"},\"inLanguage\":\"pt-PT\",\"potentialAction\":[{\"@type\":\"ReadAction\",\"target\":[\"https:\/\/comarcas.csm.org.pt\/braganca\/blog\/2026\/03\/02\/braganca-celebracao-dos-561-anos-como-cidade\/\"]}]},{\"@type\":\"ImageObject\",\"inLanguage\":\"pt-PT\",\"@id\":\"https:\/\/comarcas.csm.org.pt\/braganca\/blog\/2026\/03\/02\/braganca-celebracao-dos-561-anos-como-cidade\/#primaryimage\",\"url\":\"https:\/\/comarcas.csm.org.pt\/braganca\/wp-content\/uploads\/sites\/10\/2026\/03\/Braganca_-652.jpg\",\"contentUrl\":\"https:\/\/comarcas.csm.org.pt\/braganca\/wp-content\/uploads\/sites\/10\/2026\/03\/Braganca_-652.jpg\",\"width\":2400,\"height\":1600},{\"@type\":\"BreadcrumbList\",\"@id\":\"https:\/\/comarcas.csm.org.pt\/braganca\/blog\/2026\/03\/02\/braganca-celebracao-dos-561-anos-como-cidade\/#breadcrumb\",\"itemListElement\":[{\"@type\":\"ListItem\",\"position\":1,\"name\":\"In\u00edcio\",\"item\":\"https:\/\/comarcas.csm.org.pt\/braganca\/\"},{\"@type\":\"ListItem\",\"position\":2,\"name\":\"Bragan\u00e7a: celebra\u00e7\u00e3o dos 562 anos como Cidade\"}]},{\"@type\":\"WebSite\",\"@id\":\"https:\/\/comarcas.csm.org.pt\/braganca\/#website\",\"url\":\"https:\/\/comarcas.csm.org.pt\/braganca\/\",\"name\":\"Tribunal Judicial da Comarca de Bragan\u00e7a\",\"description\":\"Tribunal Judicial da Comarca de Bragan\u00e7a\",\"publisher\":{\"@id\":\"https:\/\/comarcas.csm.org.pt\/braganca\/#organization\"},\"potentialAction\":[{\"@type\":\"SearchAction\",\"target\":{\"@type\":\"EntryPoint\",\"urlTemplate\":\"https:\/\/comarcas.csm.org.pt\/braganca\/?s={search_term_string}\"},\"query-input\":{\"@type\":\"PropertyValueSpecification\",\"valueRequired\":true,\"valueName\":\"search_term_string\"}}],\"inLanguage\":\"pt-PT\"},{\"@type\":\"Organization\",\"@id\":\"https:\/\/comarcas.csm.org.pt\/braganca\/#organization\",\"name\":\"Tribunal Judicial da Comarca de Bragan\u00e7a\",\"url\":\"https:\/\/comarcas.csm.org.pt\/braganca\/\",\"logo\":{\"@type\":\"ImageObject\",\"inLanguage\":\"pt-PT\",\"@id\":\"https:\/\/comarcas.csm.org.pt\/braganca\/#\/schema\/logo\/image\/\",\"url\":\"https:\/\/comarcas.csm.org.pt\/braganca\/wp-content\/uploads\/sites\/10\/2024\/11\/Braganca_positivo-horizontal.png\",\"contentUrl\":\"https:\/\/comarcas.csm.org.pt\/braganca\/wp-content\/uploads\/sites\/10\/2024\/11\/Braganca_positivo-horizontal.png\",\"width\":4317,\"height\":971,\"caption\":\"Tribunal Judicial da Comarca de Bragan\u00e7a\"},\"image\":{\"@id\":\"https:\/\/comarcas.csm.org.pt\/braganca\/#\/schema\/logo\/image\/\"}},{\"@type\":\"Person\",\"@id\":\"https:\/\/comarcas.csm.org.pt\/braganca\/#\/schema\/person\/830e822f517a9c6a53780b64e418a648\",\"name\":\"braganca\",\"image\":{\"@type\":\"ImageObject\",\"inLanguage\":\"pt-PT\",\"@id\":\"https:\/\/comarcas.csm.org.pt\/braganca\/#\/schema\/person\/image\/\",\"url\":\"https:\/\/secure.gravatar.com\/avatar\/ad3f612555e18b96f5d4fcb2902d52bde29c4e9f9418a0745fd5f8f236399b1a?s=96&d=mm&r=g\",\"contentUrl\":\"https:\/\/secure.gravatar.com\/avatar\/ad3f612555e18b96f5d4fcb2902d52bde29c4e9f9418a0745fd5f8f236399b1a?s=96&d=mm&r=g\",\"caption\":\"braganca\"},\"url\":\"https:\/\/comarcas.csm.org.pt\/braganca\/blog\/author\/braganca\/\"}]}<\/script>\n<!-- \/ Yoast SEO plugin. -->","yoast_head_json":{"title":"Bragan\u00e7a: celebra\u00e7\u00e3o dos 562 anos como Cidade - Tribunal Judicial da Comarca de Bragan\u00e7a","robots":{"index":"index","follow":"follow","max-snippet":"max-snippet:-1","max-image-preview":"max-image-preview:large","max-video-preview":"max-video-preview:-1"},"canonical":"https:\/\/comarcas.csm.org.pt\/braganca\/blog\/2026\/03\/02\/braganca-celebracao-dos-561-anos-como-cidade\/","og_locale":"pt_PT","og_type":"article","og_title":"Bragan\u00e7a: celebra\u00e7\u00e3o dos 562 anos como Cidade - Tribunal Judicial da Comarca de Bragan\u00e7a","og_description":"As comemora\u00e7\u00f5es do 562.\u00ba anivers\u00e1rio da eleva\u00e7\u00e3o de Bragan\u00e7a a cidade, assinaladas no dia 20 de fevereiro, integraram um conjunto de iniciativas de natureza cultural e institucional, com destaque para a realiza\u00e7\u00e3o de uma Sess\u00e3o...","og_url":"https:\/\/comarcas.csm.org.pt\/braganca\/blog\/2026\/03\/02\/braganca-celebracao-dos-561-anos-como-cidade\/","og_site_name":"Tribunal Judicial da Comarca de Bragan\u00e7a","article_published_time":"2026-03-02T11:43:00+00:00","article_modified_time":"2026-03-17T14:33:45+00:00","og_image":[{"width":2400,"height":1600,"url":"https:\/\/comarcas.csm.org.pt\/braganca\/wp-content\/uploads\/sites\/10\/2026\/03\/Braganca_-652.jpg","type":"image\/jpeg"}],"author":"braganca","twitter_card":"summary_large_image","twitter_misc":{"Escrito por":"braganca","Tempo estimado de leitura":"1 minuto"},"schema":{"@context":"https:\/\/schema.org","@graph":[{"@type":"Article","@id":"https:\/\/comarcas.csm.org.pt\/braganca\/blog\/2026\/03\/02\/braganca-celebracao-dos-561-anos-como-cidade\/#article","isPartOf":{"@id":"https:\/\/comarcas.csm.org.pt\/braganca\/blog\/2026\/03\/02\/braganca-celebracao-dos-561-anos-como-cidade\/"},"author":{"name":"braganca","@id":"https:\/\/comarcas.csm.org.pt\/braganca\/#\/schema\/person\/830e822f517a9c6a53780b64e418a648"},"headline":"Bragan\u00e7a: celebra\u00e7\u00e3o dos 562 anos como Cidade","datePublished":"2026-03-02T11:43:00+00:00","dateModified":"2026-03-17T14:33:45+00:00","mainEntityOfPage":{"@id":"https:\/\/comarcas.csm.org.pt\/braganca\/blog\/2026\/03\/02\/braganca-celebracao-dos-561-anos-como-cidade\/"},"wordCount":172,"publisher":{"@id":"https:\/\/comarcas.csm.org.pt\/braganca\/#organization"},"image":{"@id":"https:\/\/comarcas.csm.org.pt\/braganca\/blog\/2026\/03\/02\/braganca-celebracao-dos-561-anos-como-cidade\/#primaryimage"},"thumbnailUrl":"https:\/\/comarcas.csm.org.pt\/braganca\/wp-content\/uploads\/sites\/10\/2026\/03\/Braganca_-652-1024x683.jpg","articleSection":["Geral"],"inLanguage":"pt-PT"},{"@type":"WebPage","@id":"https:\/\/comarcas.csm.org.pt\/braganca\/blog\/2026\/03\/02\/braganca-celebracao-dos-561-anos-como-cidade\/","url":"https:\/\/comarcas.csm.org.pt\/braganca\/blog\/2026\/03\/02\/braganca-celebracao-dos-561-anos-como-cidade\/","name":"Bragan\u00e7a: celebra\u00e7\u00e3o dos 562 anos como Cidade - Tribunal Judicial da Comarca de Bragan\u00e7a","isPartOf":{"@id":"https:\/\/comarcas.csm.org.pt\/braganca\/#website"},"primaryImageOfPage":{"@id":"https:\/\/comarcas.csm.org.pt\/braganca\/blog\/2026\/03\/02\/braganca-celebracao-dos-561-anos-como-cidade\/#primaryimage"},"image":{"@id":"https:\/\/comarcas.csm.org.pt\/braganca\/blog\/2026\/03\/02\/braganca-celebracao-dos-561-anos-como-cidade\/#primaryimage"},"thumbnailUrl":"https:\/\/comarcas.csm.org.pt\/braganca\/wp-content\/uploads\/sites\/10\/2026\/03\/Braganca_-652-1024x683.jpg","datePublished":"2026-03-02T11:43:00+00:00","dateModified":"2026-03-17T14:33:45+00:00","breadcrumb":{"@id":"https:\/\/comarcas.csm.org.pt\/braganca\/blog\/2026\/03\/02\/braganca-celebracao-dos-561-anos-como-cidade\/#breadcrumb"},"inLanguage":"pt-PT","potentialAction":[{"@type":"ReadAction","target":["https:\/\/comarcas.csm.org.pt\/braganca\/blog\/2026\/03\/02\/braganca-celebracao-dos-561-anos-como-cidade\/"]}]},{"@type":"ImageObject","inLanguage":"pt-PT","@id":"https:\/\/comarcas.csm.org.pt\/braganca\/blog\/2026\/03\/02\/braganca-celebracao-dos-561-anos-como-cidade\/#primaryimage","url":"https:\/\/comarcas.csm.org.pt\/braganca\/wp-content\/uploads\/sites\/10\/2026\/03\/Braganca_-652.jpg","contentUrl":"https:\/\/comarcas.csm.org.pt\/braganca\/wp-content\/uploads\/sites\/10\/2026\/03\/Braganca_-652.jpg","width":2400,"height":1600},{"@type":"BreadcrumbList","@id":"https:\/\/comarcas.csm.org.pt\/braganca\/blog\/2026\/03\/02\/braganca-celebracao-dos-561-anos-como-cidade\/#breadcrumb","itemListElement":[{"@type":"ListItem","position":1,"name":"In\u00edcio","item":"https:\/\/comarcas.csm.org.pt\/braganca\/"},{"@type":"ListItem","position":2,"name":"Bragan\u00e7a: celebra\u00e7\u00e3o dos 562 anos como Cidade"}]},{"@type":"WebSite","@id":"https:\/\/comarcas.csm.org.pt\/braganca\/#website","url":"https:\/\/comarcas.csm.org.pt\/braganca\/","name":"Tribunal Judicial da Comarca de Bragan\u00e7a","description":"Tribunal Judicial da Comarca de Bragan\u00e7a","publisher":{"@id":"https:\/\/comarcas.csm.org.pt\/braganca\/#organization"},"potentialAction":[{"@type":"SearchAction","target":{"@type":"EntryPoint","urlTemplate":"https:\/\/comarcas.csm.org.pt\/braganca\/?s={search_term_string}"},"query-input":{"@type":"PropertyValueSpecification","valueRequired":true,"valueName":"search_term_string"}}],"inLanguage":"pt-PT"},{"@type":"Organization","@id":"https:\/\/comarcas.csm.org.pt\/braganca\/#organization","name":"Tribunal Judicial da Comarca de Bragan\u00e7a","url":"https:\/\/comarcas.csm.org.pt\/braganca\/","logo":{"@type":"ImageObject","inLanguage":"pt-PT","@id":"https:\/\/comarcas.csm.org.pt\/braganca\/#\/schema\/logo\/image\/","url":"https:\/\/comarcas.csm.org.pt\/braganca\/wp-content\/uploads\/sites\/10\/2024\/11\/Braganca_positivo-horizontal.png","contentUrl":"https:\/\/comarcas.csm.org.pt\/braganca\/wp-content\/uploads\/sites\/10\/2024\/11\/Braganca_positivo-horizontal.png","width":4317,"height":971,"caption":"Tribunal Judicial da Comarca de Bragan\u00e7a"},"image":{"@id":"https:\/\/comarcas.csm.org.pt\/braganca\/#\/schema\/logo\/image\/"}},{"@type":"Person","@id":"https:\/\/comarcas.csm.org.pt\/braganca\/#\/schema\/person\/830e822f517a9c6a53780b64e418a648","name":"braganca","image":{"@type":"ImageObject","inLanguage":"pt-PT","@id":"https:\/\/comarcas.csm.org.pt\/braganca\/#\/schema\/person\/image\/","url":"https:\/\/secure.gravatar.com\/avatar\/ad3f612555e18b96f5d4fcb2902d52bde29c4e9f9418a0745fd5f8f236399b1a?s=96&d=mm&r=g","contentUrl":"https:\/\/secure.gravatar.com\/avatar\/ad3f612555e18b96f5d4fcb2902d52bde29c4e9f9418a0745fd5f8f236399b1a?s=96&d=mm&r=g","caption":"braganca"},"url":"https:\/\/comarcas.csm.org.pt\/braganca\/blog\/author\/braganca\/"}]}},"_links":{"self":[{"href":"https:\/\/comarcas.csm.org.pt\/braganca\/wp-json\/wp\/v2\/posts\/12879","targetHints":{"allow":["GET"]}}],"collection":[{"href":"https:\/\/comarcas.csm.org.pt\/braganca\/wp-json\/wp\/v2\/posts"}],"about":[{"href":"https:\/\/comarcas.csm.org.pt\/braganca\/wp-json\/wp\/v2\/types\/post"}],"author":[{"embeddable":true,"href":"https:\/\/comarcas.csm.org.pt\/braganca\/wp-json\/wp\/v2\/users\/10"}],"replies":[{"embeddable":true,"href":"https:\/\/comarcas.csm.org.pt\/braganca\/wp-json\/wp\/v2\/comments?post=12879"}],"version-history":[{"count":2,"href":"https:\/\/comarcas.csm.org.pt\/braganca\/wp-json\/wp\/v2\/posts\/12879\/revisions"}],"predecessor-version":[{"id":12896,"href":"https:\/\/comarcas.csm.org.pt\/braganca\/wp-json\/wp\/v2\/posts\/12879\/revisions\/12896"}],"wp:attachment":[{"href":"https:\/\/comarcas.csm.org.pt\/braganca\/wp-json\/wp\/v2\/media?parent=12879"}],"wp:term":[{"taxonomy":"category","embeddable":true,"href":"https:\/\/comarcas.csm.org.pt\/braganca\/wp-json\/wp\/v2\/categories?post=12879"},{"taxonomy":"post_tag","embeddable":true,"href":"https:\/\/comarcas.csm.org.pt\/braganca\/wp-json\/wp\/v2\/tags?post=12879"}],"curies":[{"name":"wp","href":"https:\/\/api.w.org\/{rel}","templated":true}]}}