{"id":12881,"date":"2026-03-12T12:04:00","date_gmt":"2026-03-12T12:04:00","guid":{"rendered":"https:\/\/comarcas.csm.org.pt\/braganca\/?p=12881"},"modified":"2026-03-17T14:19:26","modified_gmt":"2026-03-17T14:19:26","slug":"psp-de-braganca-150-o-aniversario","status":"publish","type":"post","link":"https:\/\/comarcas.csm.org.pt\/braganca\/blog\/2026\/03\/12\/psp-de-braganca-150-o-aniversario\/","title":{"rendered":"PSP DE BRAGAN\u00c7A: 150.\u00ba ANIVERS\u00c1RIO"},"content":{"rendered":"\n<p>O Comando Distrital da Pol\u00edcia de Seguran\u00e7a P\u00fablica de Bragan\u00e7a assinalou o seu 150.\u00ba anivers\u00e1rio, evocando um marco hist\u00f3rico relevante no servi\u00e7o prestado \u00e0 comunidade e na garantia da seguran\u00e7a p\u00fablica no distrito.<\/p>\n\n\n\n<p>As comemora\u00e7\u00f5es inclu\u00edram uma Sess\u00e3o Solene, integrada num programa oficial que contemplou igualmente momentos institucionais e simb\u00f3licos, bem como iniciativas de proximidade com a popula\u00e7\u00e3o ao longo do m\u00eas de mar\u00e7o.<\/p>\n\n\n\n<p>Na referida Sess\u00e3o Solene esteve presente a Senhora Juiz Presidente do Tribunal Judicial da Comarca de Bragan\u00e7a, assinalando institucionalmente a import\u00e2ncia da efem\u00e9ride e o reconhecimento do papel desempenhado pela PSP na administra\u00e7\u00e3o da justi\u00e7a e na promo\u00e7\u00e3o da seguran\u00e7a.<\/p>\n\n\n\n<figure class=\"wp-block-image size-full\"><img fetchpriority=\"high\" decoding=\"async\" width=\"871\" height=\"580\" src=\"https:\/\/comarcas.csm.org.pt\/braganca\/wp-content\/uploads\/sites\/10\/2026\/03\/braganaaaaaaaaaaaaaaaaaaaaaaaaaaaaaaaaaaaaaaaaaaaaaaaaa.png\" alt=\"\" class=\"wp-image-12893\" srcset=\"https:\/\/comarcas.csm.org.pt\/braganca\/wp-content\/uploads\/sites\/10\/2026\/03\/braganaaaaaaaaaaaaaaaaaaaaaaaaaaaaaaaaaaaaaaaaaaaaaaaaa.png 871w, https:\/\/comarcas.csm.org.pt\/braganca\/wp-content\/uploads\/sites\/10\/2026\/03\/braganaaaaaaaaaaaaaaaaaaaaaaaaaaaaaaaaaaaaaaaaaaaaaaaaa-300x200.png 300w, https:\/\/comarcas.csm.org.pt\/braganca\/wp-content\/uploads\/sites\/10\/2026\/03\/braganaaaaaaaaaaaaaaaaaaaaaaaaaaaaaaaaaaaaaaaaaaaaaaaaa-768x511.png 768w\" sizes=\"(max-width: 871px) 100vw, 871px\" \/><\/figure>\n","protected":false},"excerpt":{"rendered":"<p>O Comando Distrital da Pol\u00edcia de Seguran\u00e7a P\u00fablica de Bragan\u00e7a assinalou o seu 150.\u00ba anivers\u00e1rio, evocando um marco hist\u00f3rico relevante no servi\u00e7o prestado \u00e0 comunidade e na garantia da seguran\u00e7a p\u00fablica no distrito. As comemora\u00e7\u00f5es&#8230;<\/p>\n","protected":false},"author":10,"featured_media":0,"comment_status":"closed","ping_status":"open","sticky":false,"template":"","format":"standard","meta":{"_tbt_post_transparent":"","_tbt_post_title":"","_tbt_post_layout":"","_tbt_post_sidebar_id":"","_tbt_post_content_style":"","_tbt_post_vertical_padding":"","_tbt_post_feature":"","_tbt_post_feature_position":"","_tbt_post_header":false,"_tbt_post_footer":false},"categories":[1],"tags":[],"class_list":["post-12881","post","type-post","status-publish","format-standard","hentry","category-geral"],"yoast_head":"<!-- This site is optimized with the Yoast SEO plugin v25.6 - https:\/\/yoast.com\/wordpress\/plugins\/seo\/ -->\n<title>PSP DE BRAGAN\u00c7A: 150.\u00ba ANIVERS\u00c1RIO - Tribunal Judicial da Comarca de Bragan\u00e7a<\/title>\n<meta name=\"robots\" content=\"index, follow, max-snippet:-1, max-image-preview:large, max-video-preview:-1\" \/>\n<link rel=\"canonical\" href=\"https:\/\/comarcas.csm.org.pt\/braganca\/blog\/2026\/03\/12\/psp-de-braganca-150-o-aniversario\/\" \/>\n<meta property=\"og:locale\" content=\"pt_PT\" \/>\n<meta property=\"og:type\" content=\"article\" \/>\n<meta property=\"og:title\" content=\"PSP DE BRAGAN\u00c7A: 150.\u00ba ANIVERS\u00c1RIO - Tribunal Judicial da Comarca de Bragan\u00e7a\" \/>\n<meta property=\"og:description\" content=\"O Comando Distrital da Pol\u00edcia de Seguran\u00e7a P\u00fablica de Bragan\u00e7a assinalou o seu 150.\u00ba anivers\u00e1rio, evocando um marco hist\u00f3rico relevante no servi\u00e7o prestado \u00e0 comunidade e na garantia da seguran\u00e7a p\u00fablica no distrito. As comemora\u00e7\u00f5es...\" \/>\n<meta property=\"og:url\" content=\"https:\/\/comarcas.csm.org.pt\/braganca\/blog\/2026\/03\/12\/psp-de-braganca-150-o-aniversario\/\" \/>\n<meta property=\"og:site_name\" content=\"Tribunal Judicial da Comarca de Bragan\u00e7a\" \/>\n<meta property=\"article:published_time\" content=\"2026-03-12T12:04:00+00:00\" \/>\n<meta property=\"article:modified_time\" content=\"2026-03-17T14:19:26+00:00\" \/>\n<meta property=\"og:image\" content=\"https:\/\/comarcas.csm.org.pt\/braganca\/wp-content\/uploads\/sites\/10\/2026\/03\/braganaaaaaaaaaaaaaaaaaaaaaaaaaaaaaaaaaaaaaaaaaaaaaaaaa.png\" \/>\n\t<meta property=\"og:image:width\" content=\"871\" \/>\n\t<meta property=\"og:image:height\" content=\"580\" \/>\n\t<meta property=\"og:image:type\" content=\"image\/png\" \/>\n<meta name=\"author\" content=\"braganca\" \/>\n<meta name=\"twitter:card\" content=\"summary_large_image\" \/>\n<meta name=\"twitter:label1\" content=\"Escrito por\" \/>\n\t<meta name=\"twitter:data1\" content=\"braganca\" \/>\n\t<meta name=\"twitter:label2\" content=\"Tempo estimado de leitura\" \/>\n\t<meta name=\"twitter:data2\" content=\"1 minuto\" \/>\n<script type=\"application\/ld+json\" class=\"yoast-schema-graph\">{\"@context\":\"https:\/\/schema.org\",\"@graph\":[{\"@type\":\"Article\",\"@id\":\"https:\/\/comarcas.csm.org.pt\/braganca\/blog\/2026\/03\/12\/psp-de-braganca-150-o-aniversario\/#article\",\"isPartOf\":{\"@id\":\"https:\/\/comarcas.csm.org.pt\/braganca\/blog\/2026\/03\/12\/psp-de-braganca-150-o-aniversario\/\"},\"author\":{\"name\":\"braganca\",\"@id\":\"https:\/\/comarcas.csm.org.pt\/braganca\/#\/schema\/person\/830e822f517a9c6a53780b64e418a648\"},\"headline\":\"PSP DE BRAGAN\u00c7A: 150.\u00ba ANIVERS\u00c1RIO\",\"datePublished\":\"2026-03-12T12:04:00+00:00\",\"dateModified\":\"2026-03-17T14:19:26+00:00\",\"mainEntityOfPage\":{\"@id\":\"https:\/\/comarcas.csm.org.pt\/braganca\/blog\/2026\/03\/12\/psp-de-braganca-150-o-aniversario\/\"},\"wordCount\":132,\"publisher\":{\"@id\":\"https:\/\/comarcas.csm.org.pt\/braganca\/#organization\"},\"image\":{\"@id\":\"https:\/\/comarcas.csm.org.pt\/braganca\/blog\/2026\/03\/12\/psp-de-braganca-150-o-aniversario\/#primaryimage\"},\"thumbnailUrl\":\"https:\/\/comarcas.csm.org.pt\/braganca\/wp-content\/uploads\/sites\/10\/2026\/03\/braganaaaaaaaaaaaaaaaaaaaaaaaaaaaaaaaaaaaaaaaaaaaaaaaaa.png\",\"articleSection\":[\"Geral\"],\"inLanguage\":\"pt-PT\"},{\"@type\":\"WebPage\",\"@id\":\"https:\/\/comarcas.csm.org.pt\/braganca\/blog\/2026\/03\/12\/psp-de-braganca-150-o-aniversario\/\",\"url\":\"https:\/\/comarcas.csm.org.pt\/braganca\/blog\/2026\/03\/12\/psp-de-braganca-150-o-aniversario\/\",\"name\":\"PSP DE BRAGAN\u00c7A: 150.\u00ba ANIVERS\u00c1RIO - Tribunal Judicial da Comarca de Bragan\u00e7a\",\"isPartOf\":{\"@id\":\"https:\/\/comarcas.csm.org.pt\/braganca\/#website\"},\"primaryImageOfPage\":{\"@id\":\"https:\/\/comarcas.csm.org.pt\/braganca\/blog\/2026\/03\/12\/psp-de-braganca-150-o-aniversario\/#primaryimage\"},\"image\":{\"@id\":\"https:\/\/comarcas.csm.org.pt\/braganca\/blog\/2026\/03\/12\/psp-de-braganca-150-o-aniversario\/#primaryimage\"},\"thumbnailUrl\":\"https:\/\/comarcas.csm.org.pt\/braganca\/wp-content\/uploads\/sites\/10\/2026\/03\/braganaaaaaaaaaaaaaaaaaaaaaaaaaaaaaaaaaaaaaaaaaaaaaaaaa.png\",\"datePublished\":\"2026-03-12T12:04:00+00:00\",\"dateModified\":\"2026-03-17T14:19:26+00:00\",\"breadcrumb\":{\"@id\":\"https:\/\/comarcas.csm.org.pt\/braganca\/blog\/2026\/03\/12\/psp-de-braganca-150-o-aniversario\/#breadcrumb\"},\"inLanguage\":\"pt-PT\",\"potentialAction\":[{\"@type\":\"ReadAction\",\"target\":[\"https:\/\/comarcas.csm.org.pt\/braganca\/blog\/2026\/03\/12\/psp-de-braganca-150-o-aniversario\/\"]}]},{\"@type\":\"ImageObject\",\"inLanguage\":\"pt-PT\",\"@id\":\"https:\/\/comarcas.csm.org.pt\/braganca\/blog\/2026\/03\/12\/psp-de-braganca-150-o-aniversario\/#primaryimage\",\"url\":\"https:\/\/comarcas.csm.org.pt\/braganca\/wp-content\/uploads\/sites\/10\/2026\/03\/braganaaaaaaaaaaaaaaaaaaaaaaaaaaaaaaaaaaaaaaaaaaaaaaaaa.png\",\"contentUrl\":\"https:\/\/comarcas.csm.org.pt\/braganca\/wp-content\/uploads\/sites\/10\/2026\/03\/braganaaaaaaaaaaaaaaaaaaaaaaaaaaaaaaaaaaaaaaaaaaaaaaaaa.png\",\"width\":871,\"height\":580},{\"@type\":\"BreadcrumbList\",\"@id\":\"https:\/\/comarcas.csm.org.pt\/braganca\/blog\/2026\/03\/12\/psp-de-braganca-150-o-aniversario\/#breadcrumb\",\"itemListElement\":[{\"@type\":\"ListItem\",\"position\":1,\"name\":\"In\u00edcio\",\"item\":\"https:\/\/comarcas.csm.org.pt\/braganca\/\"},{\"@type\":\"ListItem\",\"position\":2,\"name\":\"PSP DE BRAGAN\u00c7A: 150.\u00ba ANIVERS\u00c1RIO\"}]},{\"@type\":\"WebSite\",\"@id\":\"https:\/\/comarcas.csm.org.pt\/braganca\/#website\",\"url\":\"https:\/\/comarcas.csm.org.pt\/braganca\/\",\"name\":\"Tribunal Judicial da Comarca de Bragan\u00e7a\",\"description\":\"Tribunal Judicial da Comarca de Bragan\u00e7a\",\"publisher\":{\"@id\":\"https:\/\/comarcas.csm.org.pt\/braganca\/#organization\"},\"potentialAction\":[{\"@type\":\"SearchAction\",\"target\":{\"@type\":\"EntryPoint\",\"urlTemplate\":\"https:\/\/comarcas.csm.org.pt\/braganca\/?s={search_term_string}\"},\"query-input\":{\"@type\":\"PropertyValueSpecification\",\"valueRequired\":true,\"valueName\":\"search_term_string\"}}],\"inLanguage\":\"pt-PT\"},{\"@type\":\"Organization\",\"@id\":\"https:\/\/comarcas.csm.org.pt\/braganca\/#organization\",\"name\":\"Tribunal Judicial da Comarca de Bragan\u00e7a\",\"url\":\"https:\/\/comarcas.csm.org.pt\/braganca\/\",\"logo\":{\"@type\":\"ImageObject\",\"inLanguage\":\"pt-PT\",\"@id\":\"https:\/\/comarcas.csm.org.pt\/braganca\/#\/schema\/logo\/image\/\",\"url\":\"https:\/\/comarcas.csm.org.pt\/braganca\/wp-content\/uploads\/sites\/10\/2024\/11\/Braganca_positivo-horizontal.png\",\"contentUrl\":\"https:\/\/comarcas.csm.org.pt\/braganca\/wp-content\/uploads\/sites\/10\/2024\/11\/Braganca_positivo-horizontal.png\",\"width\":4317,\"height\":971,\"caption\":\"Tribunal Judicial da Comarca de Bragan\u00e7a\"},\"image\":{\"@id\":\"https:\/\/comarcas.csm.org.pt\/braganca\/#\/schema\/logo\/image\/\"}},{\"@type\":\"Person\",\"@id\":\"https:\/\/comarcas.csm.org.pt\/braganca\/#\/schema\/person\/830e822f517a9c6a53780b64e418a648\",\"name\":\"braganca\",\"image\":{\"@type\":\"ImageObject\",\"inLanguage\":\"pt-PT\",\"@id\":\"https:\/\/comarcas.csm.org.pt\/braganca\/#\/schema\/person\/image\/\",\"url\":\"https:\/\/secure.gravatar.com\/avatar\/ad3f612555e18b96f5d4fcb2902d52bde29c4e9f9418a0745fd5f8f236399b1a?s=96&d=mm&r=g\",\"contentUrl\":\"https:\/\/secure.gravatar.com\/avatar\/ad3f612555e18b96f5d4fcb2902d52bde29c4e9f9418a0745fd5f8f236399b1a?s=96&d=mm&r=g\",\"caption\":\"braganca\"},\"url\":\"https:\/\/comarcas.csm.org.pt\/braganca\/blog\/author\/braganca\/\"}]}<\/script>\n<!-- \/ Yoast SEO plugin. -->","yoast_head_json":{"title":"PSP DE BRAGAN\u00c7A: 150.\u00ba ANIVERS\u00c1RIO - Tribunal Judicial da Comarca de Bragan\u00e7a","robots":{"index":"index","follow":"follow","max-snippet":"max-snippet:-1","max-image-preview":"max-image-preview:large","max-video-preview":"max-video-preview:-1"},"canonical":"https:\/\/comarcas.csm.org.pt\/braganca\/blog\/2026\/03\/12\/psp-de-braganca-150-o-aniversario\/","og_locale":"pt_PT","og_type":"article","og_title":"PSP DE BRAGAN\u00c7A: 150.\u00ba ANIVERS\u00c1RIO - Tribunal Judicial da Comarca de Bragan\u00e7a","og_description":"O Comando Distrital da Pol\u00edcia de Seguran\u00e7a P\u00fablica de Bragan\u00e7a assinalou o seu 150.\u00ba anivers\u00e1rio, evocando um marco hist\u00f3rico relevante no servi\u00e7o prestado \u00e0 comunidade e na garantia da seguran\u00e7a p\u00fablica no distrito. As comemora\u00e7\u00f5es...","og_url":"https:\/\/comarcas.csm.org.pt\/braganca\/blog\/2026\/03\/12\/psp-de-braganca-150-o-aniversario\/","og_site_name":"Tribunal Judicial da Comarca de Bragan\u00e7a","article_published_time":"2026-03-12T12:04:00+00:00","article_modified_time":"2026-03-17T14:19:26+00:00","og_image":[{"width":871,"height":580,"url":"https:\/\/comarcas.csm.org.pt\/braganca\/wp-content\/uploads\/sites\/10\/2026\/03\/braganaaaaaaaaaaaaaaaaaaaaaaaaaaaaaaaaaaaaaaaaaaaaaaaaa.png","type":"image\/png"}],"author":"braganca","twitter_card":"summary_large_image","twitter_misc":{"Escrito por":"braganca","Tempo estimado de leitura":"1 minuto"},"schema":{"@context":"https:\/\/schema.org","@graph":[{"@type":"Article","@id":"https:\/\/comarcas.csm.org.pt\/braganca\/blog\/2026\/03\/12\/psp-de-braganca-150-o-aniversario\/#article","isPartOf":{"@id":"https:\/\/comarcas.csm.org.pt\/braganca\/blog\/2026\/03\/12\/psp-de-braganca-150-o-aniversario\/"},"author":{"name":"braganca","@id":"https:\/\/comarcas.csm.org.pt\/braganca\/#\/schema\/person\/830e822f517a9c6a53780b64e418a648"},"headline":"PSP DE BRAGAN\u00c7A: 150.\u00ba ANIVERS\u00c1RIO","datePublished":"2026-03-12T12:04:00+00:00","dateModified":"2026-03-17T14:19:26+00:00","mainEntityOfPage":{"@id":"https:\/\/comarcas.csm.org.pt\/braganca\/blog\/2026\/03\/12\/psp-de-braganca-150-o-aniversario\/"},"wordCount":132,"publisher":{"@id":"https:\/\/comarcas.csm.org.pt\/braganca\/#organization"},"image":{"@id":"https:\/\/comarcas.csm.org.pt\/braganca\/blog\/2026\/03\/12\/psp-de-braganca-150-o-aniversario\/#primaryimage"},"thumbnailUrl":"https:\/\/comarcas.csm.org.pt\/braganca\/wp-content\/uploads\/sites\/10\/2026\/03\/braganaaaaaaaaaaaaaaaaaaaaaaaaaaaaaaaaaaaaaaaaaaaaaaaaa.png","articleSection":["Geral"],"inLanguage":"pt-PT"},{"@type":"WebPage","@id":"https:\/\/comarcas.csm.org.pt\/braganca\/blog\/2026\/03\/12\/psp-de-braganca-150-o-aniversario\/","url":"https:\/\/comarcas.csm.org.pt\/braganca\/blog\/2026\/03\/12\/psp-de-braganca-150-o-aniversario\/","name":"PSP DE BRAGAN\u00c7A: 150.\u00ba ANIVERS\u00c1RIO - Tribunal Judicial da Comarca de Bragan\u00e7a","isPartOf":{"@id":"https:\/\/comarcas.csm.org.pt\/braganca\/#website"},"primaryImageOfPage":{"@id":"https:\/\/comarcas.csm.org.pt\/braganca\/blog\/2026\/03\/12\/psp-de-braganca-150-o-aniversario\/#primaryimage"},"image":{"@id":"https:\/\/comarcas.csm.org.pt\/braganca\/blog\/2026\/03\/12\/psp-de-braganca-150-o-aniversario\/#primaryimage"},"thumbnailUrl":"https:\/\/comarcas.csm.org.pt\/braganca\/wp-content\/uploads\/sites\/10\/2026\/03\/braganaaaaaaaaaaaaaaaaaaaaaaaaaaaaaaaaaaaaaaaaaaaaaaaaa.png","datePublished":"2026-03-12T12:04:00+00:00","dateModified":"2026-03-17T14:19:26+00:00","breadcrumb":{"@id":"https:\/\/comarcas.csm.org.pt\/braganca\/blog\/2026\/03\/12\/psp-de-braganca-150-o-aniversario\/#breadcrumb"},"inLanguage":"pt-PT","potentialAction":[{"@type":"ReadAction","target":["https:\/\/comarcas.csm.org.pt\/braganca\/blog\/2026\/03\/12\/psp-de-braganca-150-o-aniversario\/"]}]},{"@type":"ImageObject","inLanguage":"pt-PT","@id":"https:\/\/comarcas.csm.org.pt\/braganca\/blog\/2026\/03\/12\/psp-de-braganca-150-o-aniversario\/#primaryimage","url":"https:\/\/comarcas.csm.org.pt\/braganca\/wp-content\/uploads\/sites\/10\/2026\/03\/braganaaaaaaaaaaaaaaaaaaaaaaaaaaaaaaaaaaaaaaaaaaaaaaaaa.png","contentUrl":"https:\/\/comarcas.csm.org.pt\/braganca\/wp-content\/uploads\/sites\/10\/2026\/03\/braganaaaaaaaaaaaaaaaaaaaaaaaaaaaaaaaaaaaaaaaaaaaaaaaaa.png","width":871,"height":580},{"@type":"BreadcrumbList","@id":"https:\/\/comarcas.csm.org.pt\/braganca\/blog\/2026\/03\/12\/psp-de-braganca-150-o-aniversario\/#breadcrumb","itemListElement":[{"@type":"ListItem","position":1,"name":"In\u00edcio","item":"https:\/\/comarcas.csm.org.pt\/braganca\/"},{"@type":"ListItem","position":2,"name":"PSP DE BRAGAN\u00c7A: 150.\u00ba ANIVERS\u00c1RIO"}]},{"@type":"WebSite","@id":"https:\/\/comarcas.csm.org.pt\/braganca\/#website","url":"https:\/\/comarcas.csm.org.pt\/braganca\/","name":"Tribunal Judicial da Comarca de Bragan\u00e7a","description":"Tribunal Judicial da Comarca de Bragan\u00e7a","publisher":{"@id":"https:\/\/comarcas.csm.org.pt\/braganca\/#organization"},"potentialAction":[{"@type":"SearchAction","target":{"@type":"EntryPoint","urlTemplate":"https:\/\/comarcas.csm.org.pt\/braganca\/?s={search_term_string}"},"query-input":{"@type":"PropertyValueSpecification","valueRequired":true,"valueName":"search_term_string"}}],"inLanguage":"pt-PT"},{"@type":"Organization","@id":"https:\/\/comarcas.csm.org.pt\/braganca\/#organization","name":"Tribunal Judicial da Comarca de Bragan\u00e7a","url":"https:\/\/comarcas.csm.org.pt\/braganca\/","logo":{"@type":"ImageObject","inLanguage":"pt-PT","@id":"https:\/\/comarcas.csm.org.pt\/braganca\/#\/schema\/logo\/image\/","url":"https:\/\/comarcas.csm.org.pt\/braganca\/wp-content\/uploads\/sites\/10\/2024\/11\/Braganca_positivo-horizontal.png","contentUrl":"https:\/\/comarcas.csm.org.pt\/braganca\/wp-content\/uploads\/sites\/10\/2024\/11\/Braganca_positivo-horizontal.png","width":4317,"height":971,"caption":"Tribunal Judicial da Comarca de Bragan\u00e7a"},"image":{"@id":"https:\/\/comarcas.csm.org.pt\/braganca\/#\/schema\/logo\/image\/"}},{"@type":"Person","@id":"https:\/\/comarcas.csm.org.pt\/braganca\/#\/schema\/person\/830e822f517a9c6a53780b64e418a648","name":"braganca","image":{"@type":"ImageObject","inLanguage":"pt-PT","@id":"https:\/\/comarcas.csm.org.pt\/braganca\/#\/schema\/person\/image\/","url":"https:\/\/secure.gravatar.com\/avatar\/ad3f612555e18b96f5d4fcb2902d52bde29c4e9f9418a0745fd5f8f236399b1a?s=96&d=mm&r=g","contentUrl":"https:\/\/secure.gravatar.com\/avatar\/ad3f612555e18b96f5d4fcb2902d52bde29c4e9f9418a0745fd5f8f236399b1a?s=96&d=mm&r=g","caption":"braganca"},"url":"https:\/\/comarcas.csm.org.pt\/braganca\/blog\/author\/braganca\/"}]}},"_links":{"self":[{"href":"https:\/\/comarcas.csm.org.pt\/braganca\/wp-json\/wp\/v2\/posts\/12881","targetHints":{"allow":["GET"]}}],"collection":[{"href":"https:\/\/comarcas.csm.org.pt\/braganca\/wp-json\/wp\/v2\/posts"}],"about":[{"href":"https:\/\/comarcas.csm.org.pt\/braganca\/wp-json\/wp\/v2\/types\/post"}],"author":[{"embeddable":true,"href":"https:\/\/comarcas.csm.org.pt\/braganca\/wp-json\/wp\/v2\/users\/10"}],"replies":[{"embeddable":true,"href":"https:\/\/comarcas.csm.org.pt\/braganca\/wp-json\/wp\/v2\/comments?post=12881"}],"version-history":[{"count":2,"href":"https:\/\/comarcas.csm.org.pt\/braganca\/wp-json\/wp\/v2\/posts\/12881\/revisions"}],"predecessor-version":[{"id":12894,"href":"https:\/\/comarcas.csm.org.pt\/braganca\/wp-json\/wp\/v2\/posts\/12881\/revisions\/12894"}],"wp:attachment":[{"href":"https:\/\/comarcas.csm.org.pt\/braganca\/wp-json\/wp\/v2\/media?parent=12881"}],"wp:term":[{"taxonomy":"category","embeddable":true,"href":"https:\/\/comarcas.csm.org.pt\/braganca\/wp-json\/wp\/v2\/categories?post=12881"},{"taxonomy":"post_tag","embeddable":true,"href":"https:\/\/comarcas.csm.org.pt\/braganca\/wp-json\/wp\/v2\/tags?post=12881"}],"curies":[{"name":"wp","href":"https:\/\/api.w.org\/{rel}","templated":true}]}}