{"id":12883,"date":"2026-03-13T12:16:03","date_gmt":"2026-03-13T12:16:03","guid":{"rendered":"https:\/\/comarcas.csm.org.pt\/braganca\/?p=12883"},"modified":"2026-03-17T12:20:53","modified_gmt":"2026-03-17T12:20:53","slug":"12883","status":"publish","type":"post","link":"https:\/\/comarcas.csm.org.pt\/braganca\/blog\/2026\/03\/13\/12883\/","title":{"rendered":"Confer\u00eancia &#8220;Intelig\u00eancia Artificial e Profiss\u00f5es Jur\u00eddicas: Potencialidades, Desafios e Riscos"},"content":{"rendered":"\n<p><\/p>\n\n\n\n<p>Realizou-se, no dia 10 de mar\u00e7o, em Penafiel, a Confer\u00eancia \u201cIntelig\u00eancia Artificial e Profiss\u00f5es Jur\u00eddicas: Potencialidades, Desafios e Riscos\u201d, organizada pelo Conselho Consultivo do Porto Este, reunindo diversos profissionais do setor jur\u00eddico para reflex\u00e3o sobre o impacto crescente das tecnologias de intelig\u00eancia artificial no exerc\u00edcio das profiss\u00f5es jur\u00eddicas.<\/p>\n\n\n\n<p>A iniciativa proporcionou um espa\u00e7o de an\u00e1lise e debate em torno das oportunidades, desafios e riscos associados \u00e0 integra\u00e7\u00e3o destas ferramentas no sistema de justi\u00e7a, com particular enfoque nas implica\u00e7\u00f5es \u00e9ticas, deontol\u00f3gicas e operacionais.<\/p>\n\n\n\n<p>A Senhora Juiz Presidente do Tribunal Judicial da Comarca de Bragan\u00e7a, Desembargadora, Dr.\u00aa Maria Herm\u00ednia N\u00e9ri de Oliveira,  esteve presente na referida confer\u00eancia, assinalando, assim, a relev\u00e2ncia institucional do tema e a import\u00e2ncia do acompanhamento destas mat\u00e9rias no contexto da atividade jurisdicional.<\/p>\n","protected":false},"excerpt":{"rendered":"<p>Realizou-se, no dia 10 de mar\u00e7o, em Penafiel, a Confer\u00eancia \u201cIntelig\u00eancia Artificial e Profiss\u00f5es Jur\u00eddicas: Potencialidades, Desafios e Riscos\u201d, organizada pelo Conselho Consultivo do Porto Este, reunindo diversos profissionais do setor jur\u00eddico para reflex\u00e3o sobre&#8230;<\/p>\n","protected":false},"author":10,"featured_media":0,"comment_status":"closed","ping_status":"open","sticky":false,"template":"","format":"standard","meta":{"_tbt_post_transparent":"","_tbt_post_title":"","_tbt_post_layout":"","_tbt_post_sidebar_id":"","_tbt_post_content_style":"","_tbt_post_vertical_padding":"","_tbt_post_feature":"","_tbt_post_feature_position":"","_tbt_post_header":false,"_tbt_post_footer":false},"categories":[1],"tags":[],"class_list":["post-12883","post","type-post","status-publish","format-standard","hentry","category-geral"],"yoast_head":"<!-- This site is optimized with the Yoast SEO plugin v25.6 - https:\/\/yoast.com\/wordpress\/plugins\/seo\/ -->\n<title>Confer\u00eancia &quot;Intelig\u00eancia Artificial e Profiss\u00f5es Jur\u00eddicas: Potencialidades, Desafios e Riscos - Tribunal Judicial da Comarca de Bragan\u00e7a<\/title>\n<meta name=\"robots\" content=\"index, follow, max-snippet:-1, max-image-preview:large, max-video-preview:-1\" \/>\n<link rel=\"canonical\" href=\"https:\/\/comarcas.csm.org.pt\/braganca\/blog\/2026\/03\/13\/12883\/\" \/>\n<meta property=\"og:locale\" content=\"pt_PT\" \/>\n<meta property=\"og:type\" content=\"article\" \/>\n<meta property=\"og:title\" content=\"Confer\u00eancia &quot;Intelig\u00eancia Artificial e Profiss\u00f5es Jur\u00eddicas: Potencialidades, Desafios e Riscos - Tribunal Judicial da Comarca de Bragan\u00e7a\" \/>\n<meta property=\"og:description\" content=\"Realizou-se, no dia 10 de mar\u00e7o, em Penafiel, a Confer\u00eancia \u201cIntelig\u00eancia Artificial e Profiss\u00f5es Jur\u00eddicas: Potencialidades, Desafios e Riscos\u201d, organizada pelo Conselho Consultivo do Porto Este, reunindo diversos profissionais do setor jur\u00eddico para reflex\u00e3o sobre...\" \/>\n<meta property=\"og:url\" content=\"https:\/\/comarcas.csm.org.pt\/braganca\/blog\/2026\/03\/13\/12883\/\" \/>\n<meta property=\"og:site_name\" content=\"Tribunal Judicial da Comarca de Bragan\u00e7a\" \/>\n<meta property=\"article:published_time\" content=\"2026-03-13T12:16:03+00:00\" \/>\n<meta property=\"article:modified_time\" content=\"2026-03-17T12:20:53+00:00\" \/>\n<meta name=\"author\" content=\"braganca\" \/>\n<meta name=\"twitter:card\" content=\"summary_large_image\" \/>\n<meta name=\"twitter:label1\" content=\"Escrito por\" \/>\n\t<meta name=\"twitter:data1\" content=\"braganca\" \/>\n\t<meta name=\"twitter:label2\" content=\"Tempo estimado de leitura\" \/>\n\t<meta name=\"twitter:data2\" content=\"1 minuto\" \/>\n<script type=\"application\/ld+json\" class=\"yoast-schema-graph\">{\"@context\":\"https:\/\/schema.org\",\"@graph\":[{\"@type\":\"Article\",\"@id\":\"https:\/\/comarcas.csm.org.pt\/braganca\/blog\/2026\/03\/13\/12883\/#article\",\"isPartOf\":{\"@id\":\"https:\/\/comarcas.csm.org.pt\/braganca\/blog\/2026\/03\/13\/12883\/\"},\"author\":{\"name\":\"braganca\",\"@id\":\"https:\/\/comarcas.csm.org.pt\/braganca\/#\/schema\/person\/830e822f517a9c6a53780b64e418a648\"},\"headline\":\"Confer\u00eancia &#8220;Intelig\u00eancia Artificial e Profiss\u00f5es Jur\u00eddicas: Potencialidades, Desafios e Riscos\",\"datePublished\":\"2026-03-13T12:16:03+00:00\",\"dateModified\":\"2026-03-17T12:20:53+00:00\",\"mainEntityOfPage\":{\"@id\":\"https:\/\/comarcas.csm.org.pt\/braganca\/blog\/2026\/03\/13\/12883\/\"},\"wordCount\":160,\"publisher\":{\"@id\":\"https:\/\/comarcas.csm.org.pt\/braganca\/#organization\"},\"articleSection\":[\"Geral\"],\"inLanguage\":\"pt-PT\"},{\"@type\":\"WebPage\",\"@id\":\"https:\/\/comarcas.csm.org.pt\/braganca\/blog\/2026\/03\/13\/12883\/\",\"url\":\"https:\/\/comarcas.csm.org.pt\/braganca\/blog\/2026\/03\/13\/12883\/\",\"name\":\"Confer\u00eancia \\\"Intelig\u00eancia Artificial e Profiss\u00f5es Jur\u00eddicas: Potencialidades, Desafios e Riscos - Tribunal Judicial da Comarca de Bragan\u00e7a\",\"isPartOf\":{\"@id\":\"https:\/\/comarcas.csm.org.pt\/braganca\/#website\"},\"datePublished\":\"2026-03-13T12:16:03+00:00\",\"dateModified\":\"2026-03-17T12:20:53+00:00\",\"breadcrumb\":{\"@id\":\"https:\/\/comarcas.csm.org.pt\/braganca\/blog\/2026\/03\/13\/12883\/#breadcrumb\"},\"inLanguage\":\"pt-PT\",\"potentialAction\":[{\"@type\":\"ReadAction\",\"target\":[\"https:\/\/comarcas.csm.org.pt\/braganca\/blog\/2026\/03\/13\/12883\/\"]}]},{\"@type\":\"BreadcrumbList\",\"@id\":\"https:\/\/comarcas.csm.org.pt\/braganca\/blog\/2026\/03\/13\/12883\/#breadcrumb\",\"itemListElement\":[{\"@type\":\"ListItem\",\"position\":1,\"name\":\"In\u00edcio\",\"item\":\"https:\/\/comarcas.csm.org.pt\/braganca\/\"},{\"@type\":\"ListItem\",\"position\":2,\"name\":\"Confer\u00eancia &#8220;Intelig\u00eancia Artificial e Profiss\u00f5es Jur\u00eddicas: Potencialidades, Desafios e Riscos\"}]},{\"@type\":\"WebSite\",\"@id\":\"https:\/\/comarcas.csm.org.pt\/braganca\/#website\",\"url\":\"https:\/\/comarcas.csm.org.pt\/braganca\/\",\"name\":\"Tribunal Judicial da Comarca de Bragan\u00e7a\",\"description\":\"Tribunal Judicial da Comarca de Bragan\u00e7a\",\"publisher\":{\"@id\":\"https:\/\/comarcas.csm.org.pt\/braganca\/#organization\"},\"potentialAction\":[{\"@type\":\"SearchAction\",\"target\":{\"@type\":\"EntryPoint\",\"urlTemplate\":\"https:\/\/comarcas.csm.org.pt\/braganca\/?s={search_term_string}\"},\"query-input\":{\"@type\":\"PropertyValueSpecification\",\"valueRequired\":true,\"valueName\":\"search_term_string\"}}],\"inLanguage\":\"pt-PT\"},{\"@type\":\"Organization\",\"@id\":\"https:\/\/comarcas.csm.org.pt\/braganca\/#organization\",\"name\":\"Tribunal Judicial da Comarca de Bragan\u00e7a\",\"url\":\"https:\/\/comarcas.csm.org.pt\/braganca\/\",\"logo\":{\"@type\":\"ImageObject\",\"inLanguage\":\"pt-PT\",\"@id\":\"https:\/\/comarcas.csm.org.pt\/braganca\/#\/schema\/logo\/image\/\",\"url\":\"https:\/\/comarcas.csm.org.pt\/braganca\/wp-content\/uploads\/sites\/10\/2024\/11\/Braganca_positivo-horizontal.png\",\"contentUrl\":\"https:\/\/comarcas.csm.org.pt\/braganca\/wp-content\/uploads\/sites\/10\/2024\/11\/Braganca_positivo-horizontal.png\",\"width\":4317,\"height\":971,\"caption\":\"Tribunal Judicial da Comarca de Bragan\u00e7a\"},\"image\":{\"@id\":\"https:\/\/comarcas.csm.org.pt\/braganca\/#\/schema\/logo\/image\/\"}},{\"@type\":\"Person\",\"@id\":\"https:\/\/comarcas.csm.org.pt\/braganca\/#\/schema\/person\/830e822f517a9c6a53780b64e418a648\",\"name\":\"braganca\",\"image\":{\"@type\":\"ImageObject\",\"inLanguage\":\"pt-PT\",\"@id\":\"https:\/\/comarcas.csm.org.pt\/braganca\/#\/schema\/person\/image\/\",\"url\":\"https:\/\/secure.gravatar.com\/avatar\/ad3f612555e18b96f5d4fcb2902d52bde29c4e9f9418a0745fd5f8f236399b1a?s=96&d=mm&r=g\",\"contentUrl\":\"https:\/\/secure.gravatar.com\/avatar\/ad3f612555e18b96f5d4fcb2902d52bde29c4e9f9418a0745fd5f8f236399b1a?s=96&d=mm&r=g\",\"caption\":\"braganca\"},\"url\":\"https:\/\/comarcas.csm.org.pt\/braganca\/blog\/author\/braganca\/\"}]}<\/script>\n<!-- \/ Yoast SEO plugin. -->","yoast_head_json":{"title":"Confer\u00eancia \"Intelig\u00eancia Artificial e Profiss\u00f5es Jur\u00eddicas: Potencialidades, Desafios e Riscos - Tribunal Judicial da Comarca de Bragan\u00e7a","robots":{"index":"index","follow":"follow","max-snippet":"max-snippet:-1","max-image-preview":"max-image-preview:large","max-video-preview":"max-video-preview:-1"},"canonical":"https:\/\/comarcas.csm.org.pt\/braganca\/blog\/2026\/03\/13\/12883\/","og_locale":"pt_PT","og_type":"article","og_title":"Confer\u00eancia \"Intelig\u00eancia Artificial e Profiss\u00f5es Jur\u00eddicas: Potencialidades, Desafios e Riscos - Tribunal Judicial da Comarca de Bragan\u00e7a","og_description":"Realizou-se, no dia 10 de mar\u00e7o, em Penafiel, a Confer\u00eancia \u201cIntelig\u00eancia Artificial e Profiss\u00f5es Jur\u00eddicas: Potencialidades, Desafios e Riscos\u201d, organizada pelo Conselho Consultivo do Porto Este, reunindo diversos profissionais do setor jur\u00eddico para reflex\u00e3o sobre...","og_url":"https:\/\/comarcas.csm.org.pt\/braganca\/blog\/2026\/03\/13\/12883\/","og_site_name":"Tribunal Judicial da Comarca de Bragan\u00e7a","article_published_time":"2026-03-13T12:16:03+00:00","article_modified_time":"2026-03-17T12:20:53+00:00","author":"braganca","twitter_card":"summary_large_image","twitter_misc":{"Escrito por":"braganca","Tempo estimado de leitura":"1 minuto"},"schema":{"@context":"https:\/\/schema.org","@graph":[{"@type":"Article","@id":"https:\/\/comarcas.csm.org.pt\/braganca\/blog\/2026\/03\/13\/12883\/#article","isPartOf":{"@id":"https:\/\/comarcas.csm.org.pt\/braganca\/blog\/2026\/03\/13\/12883\/"},"author":{"name":"braganca","@id":"https:\/\/comarcas.csm.org.pt\/braganca\/#\/schema\/person\/830e822f517a9c6a53780b64e418a648"},"headline":"Confer\u00eancia &#8220;Intelig\u00eancia Artificial e Profiss\u00f5es Jur\u00eddicas: Potencialidades, Desafios e Riscos","datePublished":"2026-03-13T12:16:03+00:00","dateModified":"2026-03-17T12:20:53+00:00","mainEntityOfPage":{"@id":"https:\/\/comarcas.csm.org.pt\/braganca\/blog\/2026\/03\/13\/12883\/"},"wordCount":160,"publisher":{"@id":"https:\/\/comarcas.csm.org.pt\/braganca\/#organization"},"articleSection":["Geral"],"inLanguage":"pt-PT"},{"@type":"WebPage","@id":"https:\/\/comarcas.csm.org.pt\/braganca\/blog\/2026\/03\/13\/12883\/","url":"https:\/\/comarcas.csm.org.pt\/braganca\/blog\/2026\/03\/13\/12883\/","name":"Confer\u00eancia \"Intelig\u00eancia Artificial e Profiss\u00f5es Jur\u00eddicas: Potencialidades, Desafios e Riscos - Tribunal Judicial da Comarca de Bragan\u00e7a","isPartOf":{"@id":"https:\/\/comarcas.csm.org.pt\/braganca\/#website"},"datePublished":"2026-03-13T12:16:03+00:00","dateModified":"2026-03-17T12:20:53+00:00","breadcrumb":{"@id":"https:\/\/comarcas.csm.org.pt\/braganca\/blog\/2026\/03\/13\/12883\/#breadcrumb"},"inLanguage":"pt-PT","potentialAction":[{"@type":"ReadAction","target":["https:\/\/comarcas.csm.org.pt\/braganca\/blog\/2026\/03\/13\/12883\/"]}]},{"@type":"BreadcrumbList","@id":"https:\/\/comarcas.csm.org.pt\/braganca\/blog\/2026\/03\/13\/12883\/#breadcrumb","itemListElement":[{"@type":"ListItem","position":1,"name":"In\u00edcio","item":"https:\/\/comarcas.csm.org.pt\/braganca\/"},{"@type":"ListItem","position":2,"name":"Confer\u00eancia &#8220;Intelig\u00eancia Artificial e Profiss\u00f5es Jur\u00eddicas: Potencialidades, Desafios e Riscos"}]},{"@type":"WebSite","@id":"https:\/\/comarcas.csm.org.pt\/braganca\/#website","url":"https:\/\/comarcas.csm.org.pt\/braganca\/","name":"Tribunal Judicial da Comarca de Bragan\u00e7a","description":"Tribunal Judicial da Comarca de Bragan\u00e7a","publisher":{"@id":"https:\/\/comarcas.csm.org.pt\/braganca\/#organization"},"potentialAction":[{"@type":"SearchAction","target":{"@type":"EntryPoint","urlTemplate":"https:\/\/comarcas.csm.org.pt\/braganca\/?s={search_term_string}"},"query-input":{"@type":"PropertyValueSpecification","valueRequired":true,"valueName":"search_term_string"}}],"inLanguage":"pt-PT"},{"@type":"Organization","@id":"https:\/\/comarcas.csm.org.pt\/braganca\/#organization","name":"Tribunal Judicial da Comarca de Bragan\u00e7a","url":"https:\/\/comarcas.csm.org.pt\/braganca\/","logo":{"@type":"ImageObject","inLanguage":"pt-PT","@id":"https:\/\/comarcas.csm.org.pt\/braganca\/#\/schema\/logo\/image\/","url":"https:\/\/comarcas.csm.org.pt\/braganca\/wp-content\/uploads\/sites\/10\/2024\/11\/Braganca_positivo-horizontal.png","contentUrl":"https:\/\/comarcas.csm.org.pt\/braganca\/wp-content\/uploads\/sites\/10\/2024\/11\/Braganca_positivo-horizontal.png","width":4317,"height":971,"caption":"Tribunal Judicial da Comarca de Bragan\u00e7a"},"image":{"@id":"https:\/\/comarcas.csm.org.pt\/braganca\/#\/schema\/logo\/image\/"}},{"@type":"Person","@id":"https:\/\/comarcas.csm.org.pt\/braganca\/#\/schema\/person\/830e822f517a9c6a53780b64e418a648","name":"braganca","image":{"@type":"ImageObject","inLanguage":"pt-PT","@id":"https:\/\/comarcas.csm.org.pt\/braganca\/#\/schema\/person\/image\/","url":"https:\/\/secure.gravatar.com\/avatar\/ad3f612555e18b96f5d4fcb2902d52bde29c4e9f9418a0745fd5f8f236399b1a?s=96&d=mm&r=g","contentUrl":"https:\/\/secure.gravatar.com\/avatar\/ad3f612555e18b96f5d4fcb2902d52bde29c4e9f9418a0745fd5f8f236399b1a?s=96&d=mm&r=g","caption":"braganca"},"url":"https:\/\/comarcas.csm.org.pt\/braganca\/blog\/author\/braganca\/"}]}},"_links":{"self":[{"href":"https:\/\/comarcas.csm.org.pt\/braganca\/wp-json\/wp\/v2\/posts\/12883","targetHints":{"allow":["GET"]}}],"collection":[{"href":"https:\/\/comarcas.csm.org.pt\/braganca\/wp-json\/wp\/v2\/posts"}],"about":[{"href":"https:\/\/comarcas.csm.org.pt\/braganca\/wp-json\/wp\/v2\/types\/post"}],"author":[{"embeddable":true,"href":"https:\/\/comarcas.csm.org.pt\/braganca\/wp-json\/wp\/v2\/users\/10"}],"replies":[{"embeddable":true,"href":"https:\/\/comarcas.csm.org.pt\/braganca\/wp-json\/wp\/v2\/comments?post=12883"}],"version-history":[{"count":2,"href":"https:\/\/comarcas.csm.org.pt\/braganca\/wp-json\/wp\/v2\/posts\/12883\/revisions"}],"predecessor-version":[{"id":12885,"href":"https:\/\/comarcas.csm.org.pt\/braganca\/wp-json\/wp\/v2\/posts\/12883\/revisions\/12885"}],"wp:attachment":[{"href":"https:\/\/comarcas.csm.org.pt\/braganca\/wp-json\/wp\/v2\/media?parent=12883"}],"wp:term":[{"taxonomy":"category","embeddable":true,"href":"https:\/\/comarcas.csm.org.pt\/braganca\/wp-json\/wp\/v2\/categories?post=12883"},{"taxonomy":"post_tag","embeddable":true,"href":"https:\/\/comarcas.csm.org.pt\/braganca\/wp-json\/wp\/v2\/tags?post=12883"}],"curies":[{"name":"wp","href":"https:\/\/api.w.org\/{rel}","templated":true}]}}