{"id":12886,"date":"2026-03-17T12:30:43","date_gmt":"2026-03-17T12:30:43","guid":{"rendered":"https:\/\/comarcas.csm.org.pt\/braganca\/?p=12886"},"modified":"2026-03-17T14:14:27","modified_gmt":"2026-03-17T14:14:27","slug":"conferencia-ciberseguranca-e-tranparencia-fraudes-digitais","status":"publish","type":"post","link":"https:\/\/comarcas.csm.org.pt\/braganca\/blog\/2026\/03\/17\/conferencia-ciberseguranca-e-tranparencia-fraudes-digitais\/","title":{"rendered":"Confer\u00eancia &#8220;Ciberseguran\u00e7a e Tranpar\u00eancia &#8211; Fraudes Digitais&#8221;"},"content":{"rendered":"\n<p>O Centro Nacional de Inova\u00e7\u00e3o Jur\u00eddica (CNIJ), em Bragan\u00e7a, acolheu, nos dias 12 e 13 de mar\u00e7o, a Confer\u00eancia \u201cCiberseguran\u00e7a e Transpar\u00eancia \u2013 Fraudes Digitais\u201d, iniciativa promovida em parceria com a Procuradoria-Geral da Rep\u00fablica, dedicada \u00e0 an\u00e1lise dos fen\u00f3menos emergentes da criminalidade digital e \u00e0 reflex\u00e3o sobre estrat\u00e9gias de preven\u00e7\u00e3o e combate.<\/p>\n\n\n\n<p>A sess\u00e3o de abertura contou com as interven\u00e7\u00f5es do Procurador-Geral da Rep\u00fablica, Amadeu Guerra, da Presidente da C\u00e2mara Municipal de Bragan\u00e7a, Isabel Ferreira, do Diretor da Faculdade de Direito da Universidade de Lisboa e coordenador do CNIJ, Eduardo Vera-Cruz Pinto, do Vice-presidente do Conselho Superior da Magistratura, Juiz Conselheiro Lu\u00eds Azevedo Mendes, e do Baston\u00e1rio da Ordem dos Advogados, Jo\u00e3o Massano.<\/p>\n\n\n\n<p>Os  tr\u00eas elementos do \u00f3rg\u00e3o de gest\u00e3o do Tribunal Judicial da Comarca de Bragan\u00e7a &#8211; Juiz Presidente, Magistrada Coordenadora do Minist\u00e9rio P\u00fablico e Administrador Judici\u00e1rio &#8211; estiveram presentes, assinalando a relev\u00e2ncia institucional da tem\u00e1tica e a necessidade de acompanhamento cont\u00ednuo dos desafios colocados pela crescente digitaliza\u00e7\u00e3o e pelas novas formas de criminalidade associadas.<\/p>\n\n\n\n<figure class=\"wp-block-image size-large\"><img fetchpriority=\"high\" decoding=\"async\" width=\"1024\" height=\"682\" src=\"https:\/\/comarcas.csm.org.pt\/braganca\/wp-content\/uploads\/sites\/10\/2026\/03\/WhatsApp-Image-2026-03-17-at-14.12.16-1024x682.jpeg\" alt=\"\" class=\"wp-image-12891\" srcset=\"https:\/\/comarcas.csm.org.pt\/braganca\/wp-content\/uploads\/sites\/10\/2026\/03\/WhatsApp-Image-2026-03-17-at-14.12.16-1024x682.jpeg 1024w, https:\/\/comarcas.csm.org.pt\/braganca\/wp-content\/uploads\/sites\/10\/2026\/03\/WhatsApp-Image-2026-03-17-at-14.12.16-300x200.jpeg 300w, https:\/\/comarcas.csm.org.pt\/braganca\/wp-content\/uploads\/sites\/10\/2026\/03\/WhatsApp-Image-2026-03-17-at-14.12.16-768x512.jpeg 768w, https:\/\/comarcas.csm.org.pt\/braganca\/wp-content\/uploads\/sites\/10\/2026\/03\/WhatsApp-Image-2026-03-17-at-14.12.16.jpeg 1079w\" sizes=\"(max-width: 1024px) 100vw, 1024px\" \/><\/figure>\n","protected":false},"excerpt":{"rendered":"<p>O Centro Nacional de Inova\u00e7\u00e3o Jur\u00eddica (CNIJ), em Bragan\u00e7a, acolheu, nos dias 12 e 13 de mar\u00e7o, a Confer\u00eancia \u201cCiberseguran\u00e7a e Transpar\u00eancia \u2013 Fraudes Digitais\u201d, iniciativa promovida em parceria com a Procuradoria-Geral da Rep\u00fablica, dedicada&#8230;<\/p>\n","protected":false},"author":10,"featured_media":0,"comment_status":"closed","ping_status":"open","sticky":false,"template":"","format":"standard","meta":{"_tbt_post_transparent":"","_tbt_post_title":"","_tbt_post_layout":"","_tbt_post_sidebar_id":"","_tbt_post_content_style":"","_tbt_post_vertical_padding":"","_tbt_post_feature":"","_tbt_post_feature_position":"","_tbt_post_header":false,"_tbt_post_footer":false},"categories":[1],"tags":[],"class_list":["post-12886","post","type-post","status-publish","format-standard","hentry","category-geral"],"yoast_head":"<!-- This site is optimized with the Yoast SEO plugin v25.6 - https:\/\/yoast.com\/wordpress\/plugins\/seo\/ -->\n<title>Confer\u00eancia &quot;Ciberseguran\u00e7a e Tranpar\u00eancia - Fraudes Digitais&quot; - Tribunal Judicial da Comarca de Bragan\u00e7a<\/title>\n<meta name=\"robots\" content=\"index, follow, max-snippet:-1, max-image-preview:large, max-video-preview:-1\" \/>\n<link rel=\"canonical\" href=\"https:\/\/comarcas.csm.org.pt\/braganca\/blog\/2026\/03\/17\/conferencia-ciberseguranca-e-tranparencia-fraudes-digitais\/\" \/>\n<meta property=\"og:locale\" content=\"pt_PT\" \/>\n<meta property=\"og:type\" content=\"article\" \/>\n<meta property=\"og:title\" content=\"Confer\u00eancia &quot;Ciberseguran\u00e7a e Tranpar\u00eancia - Fraudes Digitais&quot; - Tribunal Judicial da Comarca de Bragan\u00e7a\" \/>\n<meta property=\"og:description\" content=\"O Centro Nacional de Inova\u00e7\u00e3o Jur\u00eddica (CNIJ), em Bragan\u00e7a, acolheu, nos dias 12 e 13 de mar\u00e7o, a Confer\u00eancia \u201cCiberseguran\u00e7a e Transpar\u00eancia \u2013 Fraudes Digitais\u201d, iniciativa promovida em parceria com a Procuradoria-Geral da Rep\u00fablica, dedicada...\" \/>\n<meta property=\"og:url\" content=\"https:\/\/comarcas.csm.org.pt\/braganca\/blog\/2026\/03\/17\/conferencia-ciberseguranca-e-tranparencia-fraudes-digitais\/\" \/>\n<meta property=\"og:site_name\" content=\"Tribunal Judicial da Comarca de Bragan\u00e7a\" \/>\n<meta property=\"article:published_time\" content=\"2026-03-17T12:30:43+00:00\" \/>\n<meta property=\"article:modified_time\" content=\"2026-03-17T14:14:27+00:00\" \/>\n<meta property=\"og:image\" content=\"https:\/\/comarcas.csm.org.pt\/braganca\/wp-content\/uploads\/sites\/10\/2026\/03\/WhatsApp-Image-2026-03-17-at-14.12.16.jpeg\" \/>\n\t<meta property=\"og:image:width\" content=\"1079\" \/>\n\t<meta property=\"og:image:height\" content=\"719\" \/>\n\t<meta property=\"og:image:type\" content=\"image\/jpeg\" \/>\n<meta name=\"author\" content=\"braganca\" \/>\n<meta name=\"twitter:card\" content=\"summary_large_image\" \/>\n<meta name=\"twitter:label1\" content=\"Escrito por\" \/>\n\t<meta name=\"twitter:data1\" content=\"braganca\" \/>\n\t<meta name=\"twitter:label2\" content=\"Tempo estimado de leitura\" \/>\n\t<meta name=\"twitter:data2\" content=\"2 minutos\" \/>\n<script type=\"application\/ld+json\" class=\"yoast-schema-graph\">{\"@context\":\"https:\/\/schema.org\",\"@graph\":[{\"@type\":\"Article\",\"@id\":\"https:\/\/comarcas.csm.org.pt\/braganca\/blog\/2026\/03\/17\/conferencia-ciberseguranca-e-tranparencia-fraudes-digitais\/#article\",\"isPartOf\":{\"@id\":\"https:\/\/comarcas.csm.org.pt\/braganca\/blog\/2026\/03\/17\/conferencia-ciberseguranca-e-tranparencia-fraudes-digitais\/\"},\"author\":{\"name\":\"braganca\",\"@id\":\"https:\/\/comarcas.csm.org.pt\/braganca\/#\/schema\/person\/830e822f517a9c6a53780b64e418a648\"},\"headline\":\"Confer\u00eancia &#8220;Ciberseguran\u00e7a e Tranpar\u00eancia &#8211; Fraudes Digitais&#8221;\",\"datePublished\":\"2026-03-17T12:30:43+00:00\",\"dateModified\":\"2026-03-17T14:14:27+00:00\",\"mainEntityOfPage\":{\"@id\":\"https:\/\/comarcas.csm.org.pt\/braganca\/blog\/2026\/03\/17\/conferencia-ciberseguranca-e-tranparencia-fraudes-digitais\/\"},\"wordCount\":203,\"publisher\":{\"@id\":\"https:\/\/comarcas.csm.org.pt\/braganca\/#organization\"},\"image\":{\"@id\":\"https:\/\/comarcas.csm.org.pt\/braganca\/blog\/2026\/03\/17\/conferencia-ciberseguranca-e-tranparencia-fraudes-digitais\/#primaryimage\"},\"thumbnailUrl\":\"https:\/\/comarcas.csm.org.pt\/braganca\/wp-content\/uploads\/sites\/10\/2026\/03\/WhatsApp-Image-2026-03-17-at-14.12.16-1024x682.jpeg\",\"articleSection\":[\"Geral\"],\"inLanguage\":\"pt-PT\"},{\"@type\":\"WebPage\",\"@id\":\"https:\/\/comarcas.csm.org.pt\/braganca\/blog\/2026\/03\/17\/conferencia-ciberseguranca-e-tranparencia-fraudes-digitais\/\",\"url\":\"https:\/\/comarcas.csm.org.pt\/braganca\/blog\/2026\/03\/17\/conferencia-ciberseguranca-e-tranparencia-fraudes-digitais\/\",\"name\":\"Confer\u00eancia \\\"Ciberseguran\u00e7a e Tranpar\u00eancia - Fraudes Digitais\\\" - Tribunal Judicial da Comarca de Bragan\u00e7a\",\"isPartOf\":{\"@id\":\"https:\/\/comarcas.csm.org.pt\/braganca\/#website\"},\"primaryImageOfPage\":{\"@id\":\"https:\/\/comarcas.csm.org.pt\/braganca\/blog\/2026\/03\/17\/conferencia-ciberseguranca-e-tranparencia-fraudes-digitais\/#primaryimage\"},\"image\":{\"@id\":\"https:\/\/comarcas.csm.org.pt\/braganca\/blog\/2026\/03\/17\/conferencia-ciberseguranca-e-tranparencia-fraudes-digitais\/#primaryimage\"},\"thumbnailUrl\":\"https:\/\/comarcas.csm.org.pt\/braganca\/wp-content\/uploads\/sites\/10\/2026\/03\/WhatsApp-Image-2026-03-17-at-14.12.16-1024x682.jpeg\",\"datePublished\":\"2026-03-17T12:30:43+00:00\",\"dateModified\":\"2026-03-17T14:14:27+00:00\",\"breadcrumb\":{\"@id\":\"https:\/\/comarcas.csm.org.pt\/braganca\/blog\/2026\/03\/17\/conferencia-ciberseguranca-e-tranparencia-fraudes-digitais\/#breadcrumb\"},\"inLanguage\":\"pt-PT\",\"potentialAction\":[{\"@type\":\"ReadAction\",\"target\":[\"https:\/\/comarcas.csm.org.pt\/braganca\/blog\/2026\/03\/17\/conferencia-ciberseguranca-e-tranparencia-fraudes-digitais\/\"]}]},{\"@type\":\"ImageObject\",\"inLanguage\":\"pt-PT\",\"@id\":\"https:\/\/comarcas.csm.org.pt\/braganca\/blog\/2026\/03\/17\/conferencia-ciberseguranca-e-tranparencia-fraudes-digitais\/#primaryimage\",\"url\":\"https:\/\/comarcas.csm.org.pt\/braganca\/wp-content\/uploads\/sites\/10\/2026\/03\/WhatsApp-Image-2026-03-17-at-14.12.16.jpeg\",\"contentUrl\":\"https:\/\/comarcas.csm.org.pt\/braganca\/wp-content\/uploads\/sites\/10\/2026\/03\/WhatsApp-Image-2026-03-17-at-14.12.16.jpeg\",\"width\":1079,\"height\":719},{\"@type\":\"BreadcrumbList\",\"@id\":\"https:\/\/comarcas.csm.org.pt\/braganca\/blog\/2026\/03\/17\/conferencia-ciberseguranca-e-tranparencia-fraudes-digitais\/#breadcrumb\",\"itemListElement\":[{\"@type\":\"ListItem\",\"position\":1,\"name\":\"In\u00edcio\",\"item\":\"https:\/\/comarcas.csm.org.pt\/braganca\/\"},{\"@type\":\"ListItem\",\"position\":2,\"name\":\"Confer\u00eancia &#8220;Ciberseguran\u00e7a e Tranpar\u00eancia &#8211; Fraudes Digitais&#8221;\"}]},{\"@type\":\"WebSite\",\"@id\":\"https:\/\/comarcas.csm.org.pt\/braganca\/#website\",\"url\":\"https:\/\/comarcas.csm.org.pt\/braganca\/\",\"name\":\"Tribunal Judicial da Comarca de Bragan\u00e7a\",\"description\":\"Tribunal Judicial da Comarca de Bragan\u00e7a\",\"publisher\":{\"@id\":\"https:\/\/comarcas.csm.org.pt\/braganca\/#organization\"},\"potentialAction\":[{\"@type\":\"SearchAction\",\"target\":{\"@type\":\"EntryPoint\",\"urlTemplate\":\"https:\/\/comarcas.csm.org.pt\/braganca\/?s={search_term_string}\"},\"query-input\":{\"@type\":\"PropertyValueSpecification\",\"valueRequired\":true,\"valueName\":\"search_term_string\"}}],\"inLanguage\":\"pt-PT\"},{\"@type\":\"Organization\",\"@id\":\"https:\/\/comarcas.csm.org.pt\/braganca\/#organization\",\"name\":\"Tribunal Judicial da Comarca de Bragan\u00e7a\",\"url\":\"https:\/\/comarcas.csm.org.pt\/braganca\/\",\"logo\":{\"@type\":\"ImageObject\",\"inLanguage\":\"pt-PT\",\"@id\":\"https:\/\/comarcas.csm.org.pt\/braganca\/#\/schema\/logo\/image\/\",\"url\":\"https:\/\/comarcas.csm.org.pt\/braganca\/wp-content\/uploads\/sites\/10\/2024\/11\/Braganca_positivo-horizontal.png\",\"contentUrl\":\"https:\/\/comarcas.csm.org.pt\/braganca\/wp-content\/uploads\/sites\/10\/2024\/11\/Braganca_positivo-horizontal.png\",\"width\":4317,\"height\":971,\"caption\":\"Tribunal Judicial da Comarca de Bragan\u00e7a\"},\"image\":{\"@id\":\"https:\/\/comarcas.csm.org.pt\/braganca\/#\/schema\/logo\/image\/\"}},{\"@type\":\"Person\",\"@id\":\"https:\/\/comarcas.csm.org.pt\/braganca\/#\/schema\/person\/830e822f517a9c6a53780b64e418a648\",\"name\":\"braganca\",\"image\":{\"@type\":\"ImageObject\",\"inLanguage\":\"pt-PT\",\"@id\":\"https:\/\/comarcas.csm.org.pt\/braganca\/#\/schema\/person\/image\/\",\"url\":\"https:\/\/secure.gravatar.com\/avatar\/ad3f612555e18b96f5d4fcb2902d52bde29c4e9f9418a0745fd5f8f236399b1a?s=96&d=mm&r=g\",\"contentUrl\":\"https:\/\/secure.gravatar.com\/avatar\/ad3f612555e18b96f5d4fcb2902d52bde29c4e9f9418a0745fd5f8f236399b1a?s=96&d=mm&r=g\",\"caption\":\"braganca\"},\"url\":\"https:\/\/comarcas.csm.org.pt\/braganca\/blog\/author\/braganca\/\"}]}<\/script>\n<!-- \/ Yoast SEO plugin. -->","yoast_head_json":{"title":"Confer\u00eancia \"Ciberseguran\u00e7a e Tranpar\u00eancia - Fraudes Digitais\" - Tribunal Judicial da Comarca de Bragan\u00e7a","robots":{"index":"index","follow":"follow","max-snippet":"max-snippet:-1","max-image-preview":"max-image-preview:large","max-video-preview":"max-video-preview:-1"},"canonical":"https:\/\/comarcas.csm.org.pt\/braganca\/blog\/2026\/03\/17\/conferencia-ciberseguranca-e-tranparencia-fraudes-digitais\/","og_locale":"pt_PT","og_type":"article","og_title":"Confer\u00eancia \"Ciberseguran\u00e7a e Tranpar\u00eancia - Fraudes Digitais\" - Tribunal Judicial da Comarca de Bragan\u00e7a","og_description":"O Centro Nacional de Inova\u00e7\u00e3o Jur\u00eddica (CNIJ), em Bragan\u00e7a, acolheu, nos dias 12 e 13 de mar\u00e7o, a Confer\u00eancia \u201cCiberseguran\u00e7a e Transpar\u00eancia \u2013 Fraudes Digitais\u201d, iniciativa promovida em parceria com a Procuradoria-Geral da Rep\u00fablica, dedicada...","og_url":"https:\/\/comarcas.csm.org.pt\/braganca\/blog\/2026\/03\/17\/conferencia-ciberseguranca-e-tranparencia-fraudes-digitais\/","og_site_name":"Tribunal Judicial da Comarca de Bragan\u00e7a","article_published_time":"2026-03-17T12:30:43+00:00","article_modified_time":"2026-03-17T14:14:27+00:00","og_image":[{"width":1079,"height":719,"url":"https:\/\/comarcas.csm.org.pt\/braganca\/wp-content\/uploads\/sites\/10\/2026\/03\/WhatsApp-Image-2026-03-17-at-14.12.16.jpeg","type":"image\/jpeg"}],"author":"braganca","twitter_card":"summary_large_image","twitter_misc":{"Escrito por":"braganca","Tempo estimado de leitura":"2 minutos"},"schema":{"@context":"https:\/\/schema.org","@graph":[{"@type":"Article","@id":"https:\/\/comarcas.csm.org.pt\/braganca\/blog\/2026\/03\/17\/conferencia-ciberseguranca-e-tranparencia-fraudes-digitais\/#article","isPartOf":{"@id":"https:\/\/comarcas.csm.org.pt\/braganca\/blog\/2026\/03\/17\/conferencia-ciberseguranca-e-tranparencia-fraudes-digitais\/"},"author":{"name":"braganca","@id":"https:\/\/comarcas.csm.org.pt\/braganca\/#\/schema\/person\/830e822f517a9c6a53780b64e418a648"},"headline":"Confer\u00eancia &#8220;Ciberseguran\u00e7a e Tranpar\u00eancia &#8211; Fraudes Digitais&#8221;","datePublished":"2026-03-17T12:30:43+00:00","dateModified":"2026-03-17T14:14:27+00:00","mainEntityOfPage":{"@id":"https:\/\/comarcas.csm.org.pt\/braganca\/blog\/2026\/03\/17\/conferencia-ciberseguranca-e-tranparencia-fraudes-digitais\/"},"wordCount":203,"publisher":{"@id":"https:\/\/comarcas.csm.org.pt\/braganca\/#organization"},"image":{"@id":"https:\/\/comarcas.csm.org.pt\/braganca\/blog\/2026\/03\/17\/conferencia-ciberseguranca-e-tranparencia-fraudes-digitais\/#primaryimage"},"thumbnailUrl":"https:\/\/comarcas.csm.org.pt\/braganca\/wp-content\/uploads\/sites\/10\/2026\/03\/WhatsApp-Image-2026-03-17-at-14.12.16-1024x682.jpeg","articleSection":["Geral"],"inLanguage":"pt-PT"},{"@type":"WebPage","@id":"https:\/\/comarcas.csm.org.pt\/braganca\/blog\/2026\/03\/17\/conferencia-ciberseguranca-e-tranparencia-fraudes-digitais\/","url":"https:\/\/comarcas.csm.org.pt\/braganca\/blog\/2026\/03\/17\/conferencia-ciberseguranca-e-tranparencia-fraudes-digitais\/","name":"Confer\u00eancia \"Ciberseguran\u00e7a e Tranpar\u00eancia - Fraudes Digitais\" - Tribunal Judicial da Comarca de Bragan\u00e7a","isPartOf":{"@id":"https:\/\/comarcas.csm.org.pt\/braganca\/#website"},"primaryImageOfPage":{"@id":"https:\/\/comarcas.csm.org.pt\/braganca\/blog\/2026\/03\/17\/conferencia-ciberseguranca-e-tranparencia-fraudes-digitais\/#primaryimage"},"image":{"@id":"https:\/\/comarcas.csm.org.pt\/braganca\/blog\/2026\/03\/17\/conferencia-ciberseguranca-e-tranparencia-fraudes-digitais\/#primaryimage"},"thumbnailUrl":"https:\/\/comarcas.csm.org.pt\/braganca\/wp-content\/uploads\/sites\/10\/2026\/03\/WhatsApp-Image-2026-03-17-at-14.12.16-1024x682.jpeg","datePublished":"2026-03-17T12:30:43+00:00","dateModified":"2026-03-17T14:14:27+00:00","breadcrumb":{"@id":"https:\/\/comarcas.csm.org.pt\/braganca\/blog\/2026\/03\/17\/conferencia-ciberseguranca-e-tranparencia-fraudes-digitais\/#breadcrumb"},"inLanguage":"pt-PT","potentialAction":[{"@type":"ReadAction","target":["https:\/\/comarcas.csm.org.pt\/braganca\/blog\/2026\/03\/17\/conferencia-ciberseguranca-e-tranparencia-fraudes-digitais\/"]}]},{"@type":"ImageObject","inLanguage":"pt-PT","@id":"https:\/\/comarcas.csm.org.pt\/braganca\/blog\/2026\/03\/17\/conferencia-ciberseguranca-e-tranparencia-fraudes-digitais\/#primaryimage","url":"https:\/\/comarcas.csm.org.pt\/braganca\/wp-content\/uploads\/sites\/10\/2026\/03\/WhatsApp-Image-2026-03-17-at-14.12.16.jpeg","contentUrl":"https:\/\/comarcas.csm.org.pt\/braganca\/wp-content\/uploads\/sites\/10\/2026\/03\/WhatsApp-Image-2026-03-17-at-14.12.16.jpeg","width":1079,"height":719},{"@type":"BreadcrumbList","@id":"https:\/\/comarcas.csm.org.pt\/braganca\/blog\/2026\/03\/17\/conferencia-ciberseguranca-e-tranparencia-fraudes-digitais\/#breadcrumb","itemListElement":[{"@type":"ListItem","position":1,"name":"In\u00edcio","item":"https:\/\/comarcas.csm.org.pt\/braganca\/"},{"@type":"ListItem","position":2,"name":"Confer\u00eancia &#8220;Ciberseguran\u00e7a e Tranpar\u00eancia &#8211; Fraudes Digitais&#8221;"}]},{"@type":"WebSite","@id":"https:\/\/comarcas.csm.org.pt\/braganca\/#website","url":"https:\/\/comarcas.csm.org.pt\/braganca\/","name":"Tribunal Judicial da Comarca de Bragan\u00e7a","description":"Tribunal Judicial da Comarca de Bragan\u00e7a","publisher":{"@id":"https:\/\/comarcas.csm.org.pt\/braganca\/#organization"},"potentialAction":[{"@type":"SearchAction","target":{"@type":"EntryPoint","urlTemplate":"https:\/\/comarcas.csm.org.pt\/braganca\/?s={search_term_string}"},"query-input":{"@type":"PropertyValueSpecification","valueRequired":true,"valueName":"search_term_string"}}],"inLanguage":"pt-PT"},{"@type":"Organization","@id":"https:\/\/comarcas.csm.org.pt\/braganca\/#organization","name":"Tribunal Judicial da Comarca de Bragan\u00e7a","url":"https:\/\/comarcas.csm.org.pt\/braganca\/","logo":{"@type":"ImageObject","inLanguage":"pt-PT","@id":"https:\/\/comarcas.csm.org.pt\/braganca\/#\/schema\/logo\/image\/","url":"https:\/\/comarcas.csm.org.pt\/braganca\/wp-content\/uploads\/sites\/10\/2024\/11\/Braganca_positivo-horizontal.png","contentUrl":"https:\/\/comarcas.csm.org.pt\/braganca\/wp-content\/uploads\/sites\/10\/2024\/11\/Braganca_positivo-horizontal.png","width":4317,"height":971,"caption":"Tribunal Judicial da Comarca de Bragan\u00e7a"},"image":{"@id":"https:\/\/comarcas.csm.org.pt\/braganca\/#\/schema\/logo\/image\/"}},{"@type":"Person","@id":"https:\/\/comarcas.csm.org.pt\/braganca\/#\/schema\/person\/830e822f517a9c6a53780b64e418a648","name":"braganca","image":{"@type":"ImageObject","inLanguage":"pt-PT","@id":"https:\/\/comarcas.csm.org.pt\/braganca\/#\/schema\/person\/image\/","url":"https:\/\/secure.gravatar.com\/avatar\/ad3f612555e18b96f5d4fcb2902d52bde29c4e9f9418a0745fd5f8f236399b1a?s=96&d=mm&r=g","contentUrl":"https:\/\/secure.gravatar.com\/avatar\/ad3f612555e18b96f5d4fcb2902d52bde29c4e9f9418a0745fd5f8f236399b1a?s=96&d=mm&r=g","caption":"braganca"},"url":"https:\/\/comarcas.csm.org.pt\/braganca\/blog\/author\/braganca\/"}]}},"_links":{"self":[{"href":"https:\/\/comarcas.csm.org.pt\/braganca\/wp-json\/wp\/v2\/posts\/12886","targetHints":{"allow":["GET"]}}],"collection":[{"href":"https:\/\/comarcas.csm.org.pt\/braganca\/wp-json\/wp\/v2\/posts"}],"about":[{"href":"https:\/\/comarcas.csm.org.pt\/braganca\/wp-json\/wp\/v2\/types\/post"}],"author":[{"embeddable":true,"href":"https:\/\/comarcas.csm.org.pt\/braganca\/wp-json\/wp\/v2\/users\/10"}],"replies":[{"embeddable":true,"href":"https:\/\/comarcas.csm.org.pt\/braganca\/wp-json\/wp\/v2\/comments?post=12886"}],"version-history":[{"count":2,"href":"https:\/\/comarcas.csm.org.pt\/braganca\/wp-json\/wp\/v2\/posts\/12886\/revisions"}],"predecessor-version":[{"id":12892,"href":"https:\/\/comarcas.csm.org.pt\/braganca\/wp-json\/wp\/v2\/posts\/12886\/revisions\/12892"}],"wp:attachment":[{"href":"https:\/\/comarcas.csm.org.pt\/braganca\/wp-json\/wp\/v2\/media?parent=12886"}],"wp:term":[{"taxonomy":"category","embeddable":true,"href":"https:\/\/comarcas.csm.org.pt\/braganca\/wp-json\/wp\/v2\/categories?post=12886"},{"taxonomy":"post_tag","embeddable":true,"href":"https:\/\/comarcas.csm.org.pt\/braganca\/wp-json\/wp\/v2\/tags?post=12886"}],"curies":[{"name":"wp","href":"https:\/\/api.w.org\/{rel}","templated":true}]}}