{"id":12888,"date":"2026-03-17T13:36:38","date_gmt":"2026-03-17T13:36:38","guid":{"rendered":"https:\/\/comarcas.csm.org.pt\/braganca\/?p=12888"},"modified":"2026-03-17T13:36:40","modified_gmt":"2026-03-17T13:36:40","slug":"csm-reune-com-juizes-da-comarca","status":"publish","type":"post","link":"https:\/\/comarcas.csm.org.pt\/braganca\/blog\/2026\/03\/17\/csm-reune-com-juizes-da-comarca\/","title":{"rendered":"CSM re\u00fane com Ju\u00edzes da Comarca"},"content":{"rendered":"\n<p>O vice-presidente do Conselho Superior da Magistratura, Juiz Conselheiro Lu\u00eds Azevedo Mendes, reuniu-se com os ju\u00edzes da comarca de Bragan\u00e7a, no dia 12 de mar\u00e7o. Participaram tamb\u00e9m na reuni\u00e3o a chefe de gabinete do vice-presidente e membros, Juiz Desembargadora Catarina Escudeiro, a vogal da \u00e1rea, Ju\u00edza de Direito Rita Mota Soares, e a Juiz Presidente da Comarca, Juiz Desembargadora Maria Herm\u00ednia N\u00e9ri Oliveira.<\/p>\n\n\n\n<p>O encontro permitiu abordar um conjunto de mat\u00e9rias relacionadas com o funcionamento dos tribunais e com projetos em curso no CSM.<\/p>\n\n\n\n<p>Entre os temas discutidos esteve a nova vers\u00e3o do IUDEX, o sistema de gest\u00e3o documental do Conselho Superior da Magistratura e das comarcas. Foram ainda abordados projetos desenvolvidos em articula\u00e7\u00e3o com a Procuradoria-Geral da Rep\u00fablica e a Ordem dos Advogados, nomeadamente a possibilidade de acesso dos advogados ao SEGIP. Trata-se de uma ferramenta digital que facilita a organiza\u00e7\u00e3o, an\u00e1lise e apresenta\u00e7\u00e3o da prova em processos criminais complexos, permitindo integrar factos, provas e intervenientes de forma simples e assegurando uma gest\u00e3o mais \u00e1gil e estruturada da informa\u00e7\u00e3o ao longo de todas as fases do processo.<\/p>\n\n\n\n<p>Na reuni\u00e3o foram ainda debatidas quest\u00f5es relacionadas com o estado do edificado dos tribunais, a necessidade de substitui\u00e7\u00e3o dos computadores dos ju\u00edzes, assim como mat\u00e9rias relativas \u00e0 distribui\u00e7\u00e3o de lugares e de servi\u00e7os e \u00e0s condi\u00e7\u00f5es de equipamento dos tribunais.<\/p>\n\n\n\n<p>Em destaque esteve tamb\u00e9m o protocolo de autonomia financeira das comarcas, cuja assinatura est\u00e1 prevista para breve e que permitir\u00e1 \u00e0s comarcas resolver com maior celeridade alguns dos problemas identificados.<\/p>\n\n\n\n<figure class=\"wp-block-image size-large\"><img fetchpriority=\"high\" decoding=\"async\" width=\"1024\" height=\"768\" src=\"https:\/\/comarcas.csm.org.pt\/braganca\/wp-content\/uploads\/sites\/10\/2026\/03\/202603-braganca-1024x768.jpeg\" alt=\"\" class=\"wp-image-12889\" srcset=\"https:\/\/comarcas.csm.org.pt\/braganca\/wp-content\/uploads\/sites\/10\/2026\/03\/202603-braganca-1024x768.jpeg 1024w, https:\/\/comarcas.csm.org.pt\/braganca\/wp-content\/uploads\/sites\/10\/2026\/03\/202603-braganca-300x225.jpeg 300w, https:\/\/comarcas.csm.org.pt\/braganca\/wp-content\/uploads\/sites\/10\/2026\/03\/202603-braganca-768x576.jpeg 768w, https:\/\/comarcas.csm.org.pt\/braganca\/wp-content\/uploads\/sites\/10\/2026\/03\/202603-braganca-1536x1152.jpeg 1536w, https:\/\/comarcas.csm.org.pt\/braganca\/wp-content\/uploads\/sites\/10\/2026\/03\/202603-braganca.jpeg 2048w\" sizes=\"(max-width: 1024px) 100vw, 1024px\" \/><\/figure>\n","protected":false},"excerpt":{"rendered":"<p>O vice-presidente do Conselho Superior da Magistratura, Juiz Conselheiro Lu\u00eds Azevedo Mendes, reuniu-se com os ju\u00edzes da comarca de Bragan\u00e7a, no dia 12 de mar\u00e7o. Participaram tamb\u00e9m na reuni\u00e3o a chefe de gabinete do vice-presidente&#8230;<\/p>\n","protected":false},"author":10,"featured_media":0,"comment_status":"closed","ping_status":"open","sticky":false,"template":"","format":"standard","meta":{"_tbt_post_transparent":"","_tbt_post_title":"","_tbt_post_layout":"","_tbt_post_sidebar_id":"","_tbt_post_content_style":"","_tbt_post_vertical_padding":"","_tbt_post_feature":"","_tbt_post_feature_position":"","_tbt_post_header":false,"_tbt_post_footer":false},"categories":[1],"tags":[],"class_list":["post-12888","post","type-post","status-publish","format-standard","hentry","category-geral"],"yoast_head":"<!-- This site is optimized with the Yoast SEO plugin v25.6 - https:\/\/yoast.com\/wordpress\/plugins\/seo\/ -->\n<title>CSM re\u00fane com Ju\u00edzes da Comarca - Tribunal Judicial da Comarca de Bragan\u00e7a<\/title>\n<meta name=\"robots\" content=\"index, follow, max-snippet:-1, max-image-preview:large, max-video-preview:-1\" \/>\n<link rel=\"canonical\" href=\"https:\/\/comarcas.csm.org.pt\/braganca\/blog\/2026\/03\/17\/csm-reune-com-juizes-da-comarca\/\" \/>\n<meta property=\"og:locale\" content=\"pt_PT\" \/>\n<meta property=\"og:type\" content=\"article\" \/>\n<meta property=\"og:title\" content=\"CSM re\u00fane com Ju\u00edzes da Comarca - Tribunal Judicial da Comarca de Bragan\u00e7a\" \/>\n<meta property=\"og:description\" content=\"O vice-presidente do Conselho Superior da Magistratura, Juiz Conselheiro Lu\u00eds Azevedo Mendes, reuniu-se com os ju\u00edzes da comarca de Bragan\u00e7a, no dia 12 de mar\u00e7o. Participaram tamb\u00e9m na reuni\u00e3o a chefe de gabinete do vice-presidente...\" \/>\n<meta property=\"og:url\" content=\"https:\/\/comarcas.csm.org.pt\/braganca\/blog\/2026\/03\/17\/csm-reune-com-juizes-da-comarca\/\" \/>\n<meta property=\"og:site_name\" content=\"Tribunal Judicial da Comarca de Bragan\u00e7a\" \/>\n<meta property=\"article:published_time\" content=\"2026-03-17T13:36:38+00:00\" \/>\n<meta property=\"article:modified_time\" content=\"2026-03-17T13:36:40+00:00\" \/>\n<meta property=\"og:image\" content=\"https:\/\/comarcas.csm.org.pt\/braganca\/wp-content\/uploads\/sites\/10\/2026\/03\/202603-braganca.jpeg\" \/>\n\t<meta property=\"og:image:width\" content=\"2048\" \/>\n\t<meta property=\"og:image:height\" content=\"1536\" \/>\n\t<meta property=\"og:image:type\" content=\"image\/jpeg\" \/>\n<meta name=\"author\" content=\"braganca\" \/>\n<meta name=\"twitter:card\" content=\"summary_large_image\" \/>\n<meta name=\"twitter:label1\" content=\"Escrito por\" \/>\n\t<meta name=\"twitter:data1\" content=\"braganca\" \/>\n\t<meta name=\"twitter:label2\" content=\"Tempo estimado de leitura\" \/>\n\t<meta name=\"twitter:data2\" content=\"2 minutos\" \/>\n<script type=\"application\/ld+json\" class=\"yoast-schema-graph\">{\"@context\":\"https:\/\/schema.org\",\"@graph\":[{\"@type\":\"Article\",\"@id\":\"https:\/\/comarcas.csm.org.pt\/braganca\/blog\/2026\/03\/17\/csm-reune-com-juizes-da-comarca\/#article\",\"isPartOf\":{\"@id\":\"https:\/\/comarcas.csm.org.pt\/braganca\/blog\/2026\/03\/17\/csm-reune-com-juizes-da-comarca\/\"},\"author\":{\"name\":\"braganca\",\"@id\":\"https:\/\/comarcas.csm.org.pt\/braganca\/#\/schema\/person\/830e822f517a9c6a53780b64e418a648\"},\"headline\":\"CSM re\u00fane com Ju\u00edzes da Comarca\",\"datePublished\":\"2026-03-17T13:36:38+00:00\",\"dateModified\":\"2026-03-17T13:36:40+00:00\",\"mainEntityOfPage\":{\"@id\":\"https:\/\/comarcas.csm.org.pt\/braganca\/blog\/2026\/03\/17\/csm-reune-com-juizes-da-comarca\/\"},\"wordCount\":282,\"publisher\":{\"@id\":\"https:\/\/comarcas.csm.org.pt\/braganca\/#organization\"},\"image\":{\"@id\":\"https:\/\/comarcas.csm.org.pt\/braganca\/blog\/2026\/03\/17\/csm-reune-com-juizes-da-comarca\/#primaryimage\"},\"thumbnailUrl\":\"https:\/\/comarcas.csm.org.pt\/braganca\/wp-content\/uploads\/sites\/10\/2026\/03\/202603-braganca-1024x768.jpeg\",\"articleSection\":[\"Geral\"],\"inLanguage\":\"pt-PT\"},{\"@type\":\"WebPage\",\"@id\":\"https:\/\/comarcas.csm.org.pt\/braganca\/blog\/2026\/03\/17\/csm-reune-com-juizes-da-comarca\/\",\"url\":\"https:\/\/comarcas.csm.org.pt\/braganca\/blog\/2026\/03\/17\/csm-reune-com-juizes-da-comarca\/\",\"name\":\"CSM re\u00fane com Ju\u00edzes da Comarca - Tribunal Judicial da Comarca de Bragan\u00e7a\",\"isPartOf\":{\"@id\":\"https:\/\/comarcas.csm.org.pt\/braganca\/#website\"},\"primaryImageOfPage\":{\"@id\":\"https:\/\/comarcas.csm.org.pt\/braganca\/blog\/2026\/03\/17\/csm-reune-com-juizes-da-comarca\/#primaryimage\"},\"image\":{\"@id\":\"https:\/\/comarcas.csm.org.pt\/braganca\/blog\/2026\/03\/17\/csm-reune-com-juizes-da-comarca\/#primaryimage\"},\"thumbnailUrl\":\"https:\/\/comarcas.csm.org.pt\/braganca\/wp-content\/uploads\/sites\/10\/2026\/03\/202603-braganca-1024x768.jpeg\",\"datePublished\":\"2026-03-17T13:36:38+00:00\",\"dateModified\":\"2026-03-17T13:36:40+00:00\",\"breadcrumb\":{\"@id\":\"https:\/\/comarcas.csm.org.pt\/braganca\/blog\/2026\/03\/17\/csm-reune-com-juizes-da-comarca\/#breadcrumb\"},\"inLanguage\":\"pt-PT\",\"potentialAction\":[{\"@type\":\"ReadAction\",\"target\":[\"https:\/\/comarcas.csm.org.pt\/braganca\/blog\/2026\/03\/17\/csm-reune-com-juizes-da-comarca\/\"]}]},{\"@type\":\"ImageObject\",\"inLanguage\":\"pt-PT\",\"@id\":\"https:\/\/comarcas.csm.org.pt\/braganca\/blog\/2026\/03\/17\/csm-reune-com-juizes-da-comarca\/#primaryimage\",\"url\":\"https:\/\/comarcas.csm.org.pt\/braganca\/wp-content\/uploads\/sites\/10\/2026\/03\/202603-braganca.jpeg\",\"contentUrl\":\"https:\/\/comarcas.csm.org.pt\/braganca\/wp-content\/uploads\/sites\/10\/2026\/03\/202603-braganca.jpeg\",\"width\":2048,\"height\":1536},{\"@type\":\"BreadcrumbList\",\"@id\":\"https:\/\/comarcas.csm.org.pt\/braganca\/blog\/2026\/03\/17\/csm-reune-com-juizes-da-comarca\/#breadcrumb\",\"itemListElement\":[{\"@type\":\"ListItem\",\"position\":1,\"name\":\"In\u00edcio\",\"item\":\"https:\/\/comarcas.csm.org.pt\/braganca\/\"},{\"@type\":\"ListItem\",\"position\":2,\"name\":\"CSM re\u00fane com Ju\u00edzes da Comarca\"}]},{\"@type\":\"WebSite\",\"@id\":\"https:\/\/comarcas.csm.org.pt\/braganca\/#website\",\"url\":\"https:\/\/comarcas.csm.org.pt\/braganca\/\",\"name\":\"Tribunal Judicial da Comarca de Bragan\u00e7a\",\"description\":\"Tribunal Judicial da Comarca de Bragan\u00e7a\",\"publisher\":{\"@id\":\"https:\/\/comarcas.csm.org.pt\/braganca\/#organization\"},\"potentialAction\":[{\"@type\":\"SearchAction\",\"target\":{\"@type\":\"EntryPoint\",\"urlTemplate\":\"https:\/\/comarcas.csm.org.pt\/braganca\/?s={search_term_string}\"},\"query-input\":{\"@type\":\"PropertyValueSpecification\",\"valueRequired\":true,\"valueName\":\"search_term_string\"}}],\"inLanguage\":\"pt-PT\"},{\"@type\":\"Organization\",\"@id\":\"https:\/\/comarcas.csm.org.pt\/braganca\/#organization\",\"name\":\"Tribunal Judicial da Comarca de Bragan\u00e7a\",\"url\":\"https:\/\/comarcas.csm.org.pt\/braganca\/\",\"logo\":{\"@type\":\"ImageObject\",\"inLanguage\":\"pt-PT\",\"@id\":\"https:\/\/comarcas.csm.org.pt\/braganca\/#\/schema\/logo\/image\/\",\"url\":\"https:\/\/comarcas.csm.org.pt\/braganca\/wp-content\/uploads\/sites\/10\/2024\/11\/Braganca_positivo-horizontal.png\",\"contentUrl\":\"https:\/\/comarcas.csm.org.pt\/braganca\/wp-content\/uploads\/sites\/10\/2024\/11\/Braganca_positivo-horizontal.png\",\"width\":4317,\"height\":971,\"caption\":\"Tribunal Judicial da Comarca de Bragan\u00e7a\"},\"image\":{\"@id\":\"https:\/\/comarcas.csm.org.pt\/braganca\/#\/schema\/logo\/image\/\"}},{\"@type\":\"Person\",\"@id\":\"https:\/\/comarcas.csm.org.pt\/braganca\/#\/schema\/person\/830e822f517a9c6a53780b64e418a648\",\"name\":\"braganca\",\"image\":{\"@type\":\"ImageObject\",\"inLanguage\":\"pt-PT\",\"@id\":\"https:\/\/comarcas.csm.org.pt\/braganca\/#\/schema\/person\/image\/\",\"url\":\"https:\/\/secure.gravatar.com\/avatar\/ad3f612555e18b96f5d4fcb2902d52bde29c4e9f9418a0745fd5f8f236399b1a?s=96&d=mm&r=g\",\"contentUrl\":\"https:\/\/secure.gravatar.com\/avatar\/ad3f612555e18b96f5d4fcb2902d52bde29c4e9f9418a0745fd5f8f236399b1a?s=96&d=mm&r=g\",\"caption\":\"braganca\"},\"url\":\"https:\/\/comarcas.csm.org.pt\/braganca\/blog\/author\/braganca\/\"}]}<\/script>\n<!-- \/ Yoast SEO plugin. -->","yoast_head_json":{"title":"CSM re\u00fane com Ju\u00edzes da Comarca - Tribunal Judicial da Comarca de Bragan\u00e7a","robots":{"index":"index","follow":"follow","max-snippet":"max-snippet:-1","max-image-preview":"max-image-preview:large","max-video-preview":"max-video-preview:-1"},"canonical":"https:\/\/comarcas.csm.org.pt\/braganca\/blog\/2026\/03\/17\/csm-reune-com-juizes-da-comarca\/","og_locale":"pt_PT","og_type":"article","og_title":"CSM re\u00fane com Ju\u00edzes da Comarca - Tribunal Judicial da Comarca de Bragan\u00e7a","og_description":"O vice-presidente do Conselho Superior da Magistratura, Juiz Conselheiro Lu\u00eds Azevedo Mendes, reuniu-se com os ju\u00edzes da comarca de Bragan\u00e7a, no dia 12 de mar\u00e7o. Participaram tamb\u00e9m na reuni\u00e3o a chefe de gabinete do vice-presidente...","og_url":"https:\/\/comarcas.csm.org.pt\/braganca\/blog\/2026\/03\/17\/csm-reune-com-juizes-da-comarca\/","og_site_name":"Tribunal Judicial da Comarca de Bragan\u00e7a","article_published_time":"2026-03-17T13:36:38+00:00","article_modified_time":"2026-03-17T13:36:40+00:00","og_image":[{"width":2048,"height":1536,"url":"https:\/\/comarcas.csm.org.pt\/braganca\/wp-content\/uploads\/sites\/10\/2026\/03\/202603-braganca.jpeg","type":"image\/jpeg"}],"author":"braganca","twitter_card":"summary_large_image","twitter_misc":{"Escrito por":"braganca","Tempo estimado de leitura":"2 minutos"},"schema":{"@context":"https:\/\/schema.org","@graph":[{"@type":"Article","@id":"https:\/\/comarcas.csm.org.pt\/braganca\/blog\/2026\/03\/17\/csm-reune-com-juizes-da-comarca\/#article","isPartOf":{"@id":"https:\/\/comarcas.csm.org.pt\/braganca\/blog\/2026\/03\/17\/csm-reune-com-juizes-da-comarca\/"},"author":{"name":"braganca","@id":"https:\/\/comarcas.csm.org.pt\/braganca\/#\/schema\/person\/830e822f517a9c6a53780b64e418a648"},"headline":"CSM re\u00fane com Ju\u00edzes da Comarca","datePublished":"2026-03-17T13:36:38+00:00","dateModified":"2026-03-17T13:36:40+00:00","mainEntityOfPage":{"@id":"https:\/\/comarcas.csm.org.pt\/braganca\/blog\/2026\/03\/17\/csm-reune-com-juizes-da-comarca\/"},"wordCount":282,"publisher":{"@id":"https:\/\/comarcas.csm.org.pt\/braganca\/#organization"},"image":{"@id":"https:\/\/comarcas.csm.org.pt\/braganca\/blog\/2026\/03\/17\/csm-reune-com-juizes-da-comarca\/#primaryimage"},"thumbnailUrl":"https:\/\/comarcas.csm.org.pt\/braganca\/wp-content\/uploads\/sites\/10\/2026\/03\/202603-braganca-1024x768.jpeg","articleSection":["Geral"],"inLanguage":"pt-PT"},{"@type":"WebPage","@id":"https:\/\/comarcas.csm.org.pt\/braganca\/blog\/2026\/03\/17\/csm-reune-com-juizes-da-comarca\/","url":"https:\/\/comarcas.csm.org.pt\/braganca\/blog\/2026\/03\/17\/csm-reune-com-juizes-da-comarca\/","name":"CSM re\u00fane com Ju\u00edzes da Comarca - Tribunal Judicial da Comarca de Bragan\u00e7a","isPartOf":{"@id":"https:\/\/comarcas.csm.org.pt\/braganca\/#website"},"primaryImageOfPage":{"@id":"https:\/\/comarcas.csm.org.pt\/braganca\/blog\/2026\/03\/17\/csm-reune-com-juizes-da-comarca\/#primaryimage"},"image":{"@id":"https:\/\/comarcas.csm.org.pt\/braganca\/blog\/2026\/03\/17\/csm-reune-com-juizes-da-comarca\/#primaryimage"},"thumbnailUrl":"https:\/\/comarcas.csm.org.pt\/braganca\/wp-content\/uploads\/sites\/10\/2026\/03\/202603-braganca-1024x768.jpeg","datePublished":"2026-03-17T13:36:38+00:00","dateModified":"2026-03-17T13:36:40+00:00","breadcrumb":{"@id":"https:\/\/comarcas.csm.org.pt\/braganca\/blog\/2026\/03\/17\/csm-reune-com-juizes-da-comarca\/#breadcrumb"},"inLanguage":"pt-PT","potentialAction":[{"@type":"ReadAction","target":["https:\/\/comarcas.csm.org.pt\/braganca\/blog\/2026\/03\/17\/csm-reune-com-juizes-da-comarca\/"]}]},{"@type":"ImageObject","inLanguage":"pt-PT","@id":"https:\/\/comarcas.csm.org.pt\/braganca\/blog\/2026\/03\/17\/csm-reune-com-juizes-da-comarca\/#primaryimage","url":"https:\/\/comarcas.csm.org.pt\/braganca\/wp-content\/uploads\/sites\/10\/2026\/03\/202603-braganca.jpeg","contentUrl":"https:\/\/comarcas.csm.org.pt\/braganca\/wp-content\/uploads\/sites\/10\/2026\/03\/202603-braganca.jpeg","width":2048,"height":1536},{"@type":"BreadcrumbList","@id":"https:\/\/comarcas.csm.org.pt\/braganca\/blog\/2026\/03\/17\/csm-reune-com-juizes-da-comarca\/#breadcrumb","itemListElement":[{"@type":"ListItem","position":1,"name":"In\u00edcio","item":"https:\/\/comarcas.csm.org.pt\/braganca\/"},{"@type":"ListItem","position":2,"name":"CSM re\u00fane com Ju\u00edzes da Comarca"}]},{"@type":"WebSite","@id":"https:\/\/comarcas.csm.org.pt\/braganca\/#website","url":"https:\/\/comarcas.csm.org.pt\/braganca\/","name":"Tribunal Judicial da Comarca de Bragan\u00e7a","description":"Tribunal Judicial da Comarca de Bragan\u00e7a","publisher":{"@id":"https:\/\/comarcas.csm.org.pt\/braganca\/#organization"},"potentialAction":[{"@type":"SearchAction","target":{"@type":"EntryPoint","urlTemplate":"https:\/\/comarcas.csm.org.pt\/braganca\/?s={search_term_string}"},"query-input":{"@type":"PropertyValueSpecification","valueRequired":true,"valueName":"search_term_string"}}],"inLanguage":"pt-PT"},{"@type":"Organization","@id":"https:\/\/comarcas.csm.org.pt\/braganca\/#organization","name":"Tribunal Judicial da Comarca de Bragan\u00e7a","url":"https:\/\/comarcas.csm.org.pt\/braganca\/","logo":{"@type":"ImageObject","inLanguage":"pt-PT","@id":"https:\/\/comarcas.csm.org.pt\/braganca\/#\/schema\/logo\/image\/","url":"https:\/\/comarcas.csm.org.pt\/braganca\/wp-content\/uploads\/sites\/10\/2024\/11\/Braganca_positivo-horizontal.png","contentUrl":"https:\/\/comarcas.csm.org.pt\/braganca\/wp-content\/uploads\/sites\/10\/2024\/11\/Braganca_positivo-horizontal.png","width":4317,"height":971,"caption":"Tribunal Judicial da Comarca de Bragan\u00e7a"},"image":{"@id":"https:\/\/comarcas.csm.org.pt\/braganca\/#\/schema\/logo\/image\/"}},{"@type":"Person","@id":"https:\/\/comarcas.csm.org.pt\/braganca\/#\/schema\/person\/830e822f517a9c6a53780b64e418a648","name":"braganca","image":{"@type":"ImageObject","inLanguage":"pt-PT","@id":"https:\/\/comarcas.csm.org.pt\/braganca\/#\/schema\/person\/image\/","url":"https:\/\/secure.gravatar.com\/avatar\/ad3f612555e18b96f5d4fcb2902d52bde29c4e9f9418a0745fd5f8f236399b1a?s=96&d=mm&r=g","contentUrl":"https:\/\/secure.gravatar.com\/avatar\/ad3f612555e18b96f5d4fcb2902d52bde29c4e9f9418a0745fd5f8f236399b1a?s=96&d=mm&r=g","caption":"braganca"},"url":"https:\/\/comarcas.csm.org.pt\/braganca\/blog\/author\/braganca\/"}]}},"_links":{"self":[{"href":"https:\/\/comarcas.csm.org.pt\/braganca\/wp-json\/wp\/v2\/posts\/12888","targetHints":{"allow":["GET"]}}],"collection":[{"href":"https:\/\/comarcas.csm.org.pt\/braganca\/wp-json\/wp\/v2\/posts"}],"about":[{"href":"https:\/\/comarcas.csm.org.pt\/braganca\/wp-json\/wp\/v2\/types\/post"}],"author":[{"embeddable":true,"href":"https:\/\/comarcas.csm.org.pt\/braganca\/wp-json\/wp\/v2\/users\/10"}],"replies":[{"embeddable":true,"href":"https:\/\/comarcas.csm.org.pt\/braganca\/wp-json\/wp\/v2\/comments?post=12888"}],"version-history":[{"count":1,"href":"https:\/\/comarcas.csm.org.pt\/braganca\/wp-json\/wp\/v2\/posts\/12888\/revisions"}],"predecessor-version":[{"id":12890,"href":"https:\/\/comarcas.csm.org.pt\/braganca\/wp-json\/wp\/v2\/posts\/12888\/revisions\/12890"}],"wp:attachment":[{"href":"https:\/\/comarcas.csm.org.pt\/braganca\/wp-json\/wp\/v2\/media?parent=12888"}],"wp:term":[{"taxonomy":"category","embeddable":true,"href":"https:\/\/comarcas.csm.org.pt\/braganca\/wp-json\/wp\/v2\/categories?post=12888"},{"taxonomy":"post_tag","embeddable":true,"href":"https:\/\/comarcas.csm.org.pt\/braganca\/wp-json\/wp\/v2\/tags?post=12888"}],"curies":[{"name":"wp","href":"https:\/\/api.w.org\/{rel}","templated":true}]}}