{"id":12914,"date":"2026-04-16T21:50:24","date_gmt":"2026-04-16T21:50:24","guid":{"rendered":"https:\/\/comarcas.csm.org.pt\/braganca\/?p=12914"},"modified":"2026-04-21T00:09:15","modified_gmt":"2026-04-21T00:09:15","slug":"elementor-12914","status":"publish","type":"post","link":"https:\/\/comarcas.csm.org.pt\/braganca\/blog\/2026\/04\/16\/elementor-12914\/","title":{"rendered":"Sess\u00e3o Simb\u00f3lica de Reabertura do Pal\u00e1cio da Justi\u00e7a de Mogadouro"},"content":{"rendered":"<p>No passado dia 16 de abril de 2026, teve lugar a Sess\u00e3o Simb\u00f3lica de Reabertura do Pal\u00e1cio da Justi\u00e7a de Mogadouro, promovida pelos \u00d3rg\u00e3os de Gest\u00e3o do Tribunal Judicial da Comarca de Bragan\u00e7a, assinalando o retorno da concretiza\u00e7\u00e3o das dilig\u00eancias e audi\u00eancias de julgamento \u00e0 casa da Justi\u00e7a.<\/p>\n<p>A interven\u00e7\u00e3o realizada permitiu o restabelecimento pleno das condi\u00e7\u00f5es de funcionamento do Tribunal, refor\u00e7ando a qualidade das infraestruturas ao servi\u00e7o da justi\u00e7a e da comunidade.<\/p>\n<p>A cerim\u00f3nia contou com a presen\u00e7a dos elementos do Conselho de Gest\u00e3o da Comarca, da Senhora Juiz de Direito, do Senhor Procurador da Rep\u00fablica e de todos os Senhores Oficiais de Justi\u00e7a afetos ao Ju\u00edzo de Compet\u00eancia Gen\u00e9rica de Mogadouro, bem como da Senhora Juiz do Ju\u00edzo de Compet\u00eancia Gen\u00e9rica de Miranda do Douro e do Senhor Coordenador da Equipa de Apoio Inform\u00e1tico do IGFEJ.<\/p>\n<p>Estiveram igualmente presentes o Senhor Presidente e o Senhor Vice-Presidente da C\u00e2mara Municipal, representantes da classe dos Advogados e \u00f3rg\u00e3os de comunica\u00e7\u00e3o social, designadamente da ag\u00eancia noticiosa \u201cLusa\u201d, constituindo a cerim\u00f3nia um momento de especial significado para a comarca e para o concelho.<\/p>\n<p>Os \u00d3rg\u00e3os de Gest\u00e3o expressam o seu reconhecimento a todas as entidades e intervenientes que, ao longo do per\u00edodo das obras, colaboraram na minimiza\u00e7\u00e3o dos constrangimentos verificados na realiza\u00e7\u00e3o de dilig\u00eancias e demais atos processuais.<\/p>\n<p><img fetchpriority=\"high\" decoding=\"async\" src=\"https:\/\/comarcas.csm.org.pt\/braganca\/wp-content\/uploads\/sites\/10\/2026\/04\/Mogadouro_Reinauguracao_02.jpg\" alt=\"\" width=\"1024\" height=\"683\" \/><\/p>\n","protected":false},"excerpt":{"rendered":"<p>No passado dia 16 de abril de 2026, teve lugar a Sess\u00e3o Simb\u00f3lica de Reabertura do Pal\u00e1cio da Justi\u00e7a de Mogadouro, promovida pelos \u00d3rg\u00e3os de Gest\u00e3o do Tribunal Judicial da Comarca de Bragan\u00e7a, assinalando o retorno da concretiza\u00e7\u00e3o das dilig\u00eancias e audi\u00eancias de julgamento \u00e0 casa da Justi\u00e7a.<\/p>\n","protected":false},"author":10,"featured_media":12922,"comment_status":"open","ping_status":"open","sticky":false,"template":"","format":"standard","meta":{"_tbt_post_transparent":"","_tbt_post_title":"","_tbt_post_layout":"","_tbt_post_sidebar_id":"","_tbt_post_content_style":"","_tbt_post_vertical_padding":"","_tbt_post_feature":"","_tbt_post_feature_position":"","_tbt_post_header":false,"_tbt_post_footer":false},"categories":[2,5],"tags":[],"class_list":["post-12914","post","type-post","status-publish","format-standard","has-post-thumbnail","hentry","category-eventos","category-noticias"],"yoast_head":"<!-- This site is optimized with the Yoast SEO plugin v25.6 - https:\/\/yoast.com\/wordpress\/plugins\/seo\/ -->\n<title>Sess\u00e3o Simb\u00f3lica de Reabertura do Pal\u00e1cio da Justi\u00e7a de Mogadouro - Tribunal Judicial da Comarca de Bragan\u00e7a<\/title>\n<meta name=\"robots\" content=\"index, follow, max-snippet:-1, max-image-preview:large, max-video-preview:-1\" \/>\n<link rel=\"canonical\" href=\"https:\/\/comarcas.csm.org.pt\/braganca\/blog\/2026\/04\/16\/elementor-12914\/\" \/>\n<meta property=\"og:locale\" content=\"pt_PT\" \/>\n<meta property=\"og:type\" content=\"article\" \/>\n<meta property=\"og:title\" content=\"Sess\u00e3o Simb\u00f3lica de Reabertura do Pal\u00e1cio da Justi\u00e7a de Mogadouro - Tribunal Judicial da Comarca de Bragan\u00e7a\" \/>\n<meta property=\"og:description\" content=\"No passado dia 16 de abril de 2026, teve lugar a Sess\u00e3o Simb\u00f3lica de Reabertura do Pal\u00e1cio da Justi\u00e7a de Mogadouro, promovida pelos \u00d3rg\u00e3os de Gest\u00e3o do Tribunal Judicial da Comarca de Bragan\u00e7a, assinalando o retorno da concretiza\u00e7\u00e3o das dilig\u00eancias e audi\u00eancias de julgamento \u00e0 casa da Justi\u00e7a.\" \/>\n<meta property=\"og:url\" content=\"https:\/\/comarcas.csm.org.pt\/braganca\/blog\/2026\/04\/16\/elementor-12914\/\" \/>\n<meta property=\"og:site_name\" content=\"Tribunal Judicial da Comarca de Bragan\u00e7a\" \/>\n<meta property=\"article:published_time\" content=\"2026-04-16T21:50:24+00:00\" \/>\n<meta property=\"article:modified_time\" content=\"2026-04-21T00:09:15+00:00\" \/>\n<meta property=\"og:image\" content=\"https:\/\/comarcas.csm.org.pt\/braganca\/wp-content\/uploads\/sites\/10\/2026\/04\/Mogadouro_Reinauguracao_01.jpg\" \/>\n\t<meta property=\"og:image:width\" content=\"1024\" \/>\n\t<meta property=\"og:image:height\" content=\"429\" \/>\n\t<meta property=\"og:image:type\" content=\"image\/jpeg\" \/>\n<meta name=\"author\" content=\"braganca\" \/>\n<meta name=\"twitter:card\" content=\"summary_large_image\" \/>\n<meta name=\"twitter:label1\" content=\"Escrito por\" \/>\n\t<meta name=\"twitter:data1\" content=\"braganca\" \/>\n\t<meta name=\"twitter:label2\" content=\"Tempo estimado de leitura\" \/>\n\t<meta name=\"twitter:data2\" content=\"2 minutos\" \/>\n<script type=\"application\/ld+json\" class=\"yoast-schema-graph\">{\"@context\":\"https:\/\/schema.org\",\"@graph\":[{\"@type\":\"Article\",\"@id\":\"https:\/\/comarcas.csm.org.pt\/braganca\/blog\/2026\/04\/16\/elementor-12914\/#article\",\"isPartOf\":{\"@id\":\"https:\/\/comarcas.csm.org.pt\/braganca\/blog\/2026\/04\/16\/elementor-12914\/\"},\"author\":{\"name\":\"braganca\",\"@id\":\"https:\/\/comarcas.csm.org.pt\/braganca\/#\/schema\/person\/830e822f517a9c6a53780b64e418a648\"},\"headline\":\"Sess\u00e3o Simb\u00f3lica de Reabertura do Pal\u00e1cio da Justi\u00e7a de Mogadouro\",\"datePublished\":\"2026-04-16T21:50:24+00:00\",\"dateModified\":\"2026-04-21T00:09:15+00:00\",\"mainEntityOfPage\":{\"@id\":\"https:\/\/comarcas.csm.org.pt\/braganca\/blog\/2026\/04\/16\/elementor-12914\/\"},\"wordCount\":266,\"commentCount\":0,\"publisher\":{\"@id\":\"https:\/\/comarcas.csm.org.pt\/braganca\/#organization\"},\"image\":{\"@id\":\"https:\/\/comarcas.csm.org.pt\/braganca\/blog\/2026\/04\/16\/elementor-12914\/#primaryimage\"},\"thumbnailUrl\":\"https:\/\/comarcas.csm.org.pt\/braganca\/wp-content\/uploads\/sites\/10\/2026\/04\/Mogadouro_Reinauguracao_01.jpg\",\"articleSection\":[\"Eventos\",\"Not\u00edcias\"],\"inLanguage\":\"pt-PT\",\"potentialAction\":[{\"@type\":\"CommentAction\",\"name\":\"Comment\",\"target\":[\"https:\/\/comarcas.csm.org.pt\/braganca\/blog\/2026\/04\/16\/elementor-12914\/#respond\"]}]},{\"@type\":\"WebPage\",\"@id\":\"https:\/\/comarcas.csm.org.pt\/braganca\/blog\/2026\/04\/16\/elementor-12914\/\",\"url\":\"https:\/\/comarcas.csm.org.pt\/braganca\/blog\/2026\/04\/16\/elementor-12914\/\",\"name\":\"Sess\u00e3o Simb\u00f3lica de Reabertura do Pal\u00e1cio da Justi\u00e7a de Mogadouro - Tribunal Judicial da Comarca de Bragan\u00e7a\",\"isPartOf\":{\"@id\":\"https:\/\/comarcas.csm.org.pt\/braganca\/#website\"},\"primaryImageOfPage\":{\"@id\":\"https:\/\/comarcas.csm.org.pt\/braganca\/blog\/2026\/04\/16\/elementor-12914\/#primaryimage\"},\"image\":{\"@id\":\"https:\/\/comarcas.csm.org.pt\/braganca\/blog\/2026\/04\/16\/elementor-12914\/#primaryimage\"},\"thumbnailUrl\":\"https:\/\/comarcas.csm.org.pt\/braganca\/wp-content\/uploads\/sites\/10\/2026\/04\/Mogadouro_Reinauguracao_01.jpg\",\"datePublished\":\"2026-04-16T21:50:24+00:00\",\"dateModified\":\"2026-04-21T00:09:15+00:00\",\"breadcrumb\":{\"@id\":\"https:\/\/comarcas.csm.org.pt\/braganca\/blog\/2026\/04\/16\/elementor-12914\/#breadcrumb\"},\"inLanguage\":\"pt-PT\",\"potentialAction\":[{\"@type\":\"ReadAction\",\"target\":[\"https:\/\/comarcas.csm.org.pt\/braganca\/blog\/2026\/04\/16\/elementor-12914\/\"]}]},{\"@type\":\"ImageObject\",\"inLanguage\":\"pt-PT\",\"@id\":\"https:\/\/comarcas.csm.org.pt\/braganca\/blog\/2026\/04\/16\/elementor-12914\/#primaryimage\",\"url\":\"https:\/\/comarcas.csm.org.pt\/braganca\/wp-content\/uploads\/sites\/10\/2026\/04\/Mogadouro_Reinauguracao_01.jpg\",\"contentUrl\":\"https:\/\/comarcas.csm.org.pt\/braganca\/wp-content\/uploads\/sites\/10\/2026\/04\/Mogadouro_Reinauguracao_01.jpg\",\"width\":1024,\"height\":429},{\"@type\":\"BreadcrumbList\",\"@id\":\"https:\/\/comarcas.csm.org.pt\/braganca\/blog\/2026\/04\/16\/elementor-12914\/#breadcrumb\",\"itemListElement\":[{\"@type\":\"ListItem\",\"position\":1,\"name\":\"In\u00edcio\",\"item\":\"https:\/\/comarcas.csm.org.pt\/braganca\/\"},{\"@type\":\"ListItem\",\"position\":2,\"name\":\"Sess\u00e3o Simb\u00f3lica de Reabertura do Pal\u00e1cio da Justi\u00e7a de Mogadouro\"}]},{\"@type\":\"WebSite\",\"@id\":\"https:\/\/comarcas.csm.org.pt\/braganca\/#website\",\"url\":\"https:\/\/comarcas.csm.org.pt\/braganca\/\",\"name\":\"Tribunal Judicial da Comarca de Bragan\u00e7a\",\"description\":\"Tribunal Judicial da Comarca de Bragan\u00e7a\",\"publisher\":{\"@id\":\"https:\/\/comarcas.csm.org.pt\/braganca\/#organization\"},\"potentialAction\":[{\"@type\":\"SearchAction\",\"target\":{\"@type\":\"EntryPoint\",\"urlTemplate\":\"https:\/\/comarcas.csm.org.pt\/braganca\/?s={search_term_string}\"},\"query-input\":{\"@type\":\"PropertyValueSpecification\",\"valueRequired\":true,\"valueName\":\"search_term_string\"}}],\"inLanguage\":\"pt-PT\"},{\"@type\":\"Organization\",\"@id\":\"https:\/\/comarcas.csm.org.pt\/braganca\/#organization\",\"name\":\"Tribunal Judicial da Comarca de Bragan\u00e7a\",\"url\":\"https:\/\/comarcas.csm.org.pt\/braganca\/\",\"logo\":{\"@type\":\"ImageObject\",\"inLanguage\":\"pt-PT\",\"@id\":\"https:\/\/comarcas.csm.org.pt\/braganca\/#\/schema\/logo\/image\/\",\"url\":\"https:\/\/comarcas.csm.org.pt\/braganca\/wp-content\/uploads\/sites\/10\/2024\/11\/Braganca_positivo-horizontal.png\",\"contentUrl\":\"https:\/\/comarcas.csm.org.pt\/braganca\/wp-content\/uploads\/sites\/10\/2024\/11\/Braganca_positivo-horizontal.png\",\"width\":4317,\"height\":971,\"caption\":\"Tribunal Judicial da Comarca de Bragan\u00e7a\"},\"image\":{\"@id\":\"https:\/\/comarcas.csm.org.pt\/braganca\/#\/schema\/logo\/image\/\"}},{\"@type\":\"Person\",\"@id\":\"https:\/\/comarcas.csm.org.pt\/braganca\/#\/schema\/person\/830e822f517a9c6a53780b64e418a648\",\"name\":\"braganca\",\"image\":{\"@type\":\"ImageObject\",\"inLanguage\":\"pt-PT\",\"@id\":\"https:\/\/comarcas.csm.org.pt\/braganca\/#\/schema\/person\/image\/\",\"url\":\"https:\/\/secure.gravatar.com\/avatar\/ad3f612555e18b96f5d4fcb2902d52bde29c4e9f9418a0745fd5f8f236399b1a?s=96&d=mm&r=g\",\"contentUrl\":\"https:\/\/secure.gravatar.com\/avatar\/ad3f612555e18b96f5d4fcb2902d52bde29c4e9f9418a0745fd5f8f236399b1a?s=96&d=mm&r=g\",\"caption\":\"braganca\"},\"url\":\"https:\/\/comarcas.csm.org.pt\/braganca\/blog\/author\/braganca\/\"}]}<\/script>\n<!-- \/ Yoast SEO plugin. -->","yoast_head_json":{"title":"Sess\u00e3o Simb\u00f3lica de Reabertura do Pal\u00e1cio da Justi\u00e7a de Mogadouro - Tribunal Judicial da Comarca de Bragan\u00e7a","robots":{"index":"index","follow":"follow","max-snippet":"max-snippet:-1","max-image-preview":"max-image-preview:large","max-video-preview":"max-video-preview:-1"},"canonical":"https:\/\/comarcas.csm.org.pt\/braganca\/blog\/2026\/04\/16\/elementor-12914\/","og_locale":"pt_PT","og_type":"article","og_title":"Sess\u00e3o Simb\u00f3lica de Reabertura do Pal\u00e1cio da Justi\u00e7a de Mogadouro - Tribunal Judicial da Comarca de Bragan\u00e7a","og_description":"No passado dia 16 de abril de 2026, teve lugar a Sess\u00e3o Simb\u00f3lica de Reabertura do Pal\u00e1cio da Justi\u00e7a de Mogadouro, promovida pelos \u00d3rg\u00e3os de Gest\u00e3o do Tribunal Judicial da Comarca de Bragan\u00e7a, assinalando o retorno da concretiza\u00e7\u00e3o das dilig\u00eancias e audi\u00eancias de julgamento \u00e0 casa da Justi\u00e7a.","og_url":"https:\/\/comarcas.csm.org.pt\/braganca\/blog\/2026\/04\/16\/elementor-12914\/","og_site_name":"Tribunal Judicial da Comarca de Bragan\u00e7a","article_published_time":"2026-04-16T21:50:24+00:00","article_modified_time":"2026-04-21T00:09:15+00:00","og_image":[{"width":1024,"height":429,"url":"https:\/\/comarcas.csm.org.pt\/braganca\/wp-content\/uploads\/sites\/10\/2026\/04\/Mogadouro_Reinauguracao_01.jpg","type":"image\/jpeg"}],"author":"braganca","twitter_card":"summary_large_image","twitter_misc":{"Escrito por":"braganca","Tempo estimado de leitura":"2 minutos"},"schema":{"@context":"https:\/\/schema.org","@graph":[{"@type":"Article","@id":"https:\/\/comarcas.csm.org.pt\/braganca\/blog\/2026\/04\/16\/elementor-12914\/#article","isPartOf":{"@id":"https:\/\/comarcas.csm.org.pt\/braganca\/blog\/2026\/04\/16\/elementor-12914\/"},"author":{"name":"braganca","@id":"https:\/\/comarcas.csm.org.pt\/braganca\/#\/schema\/person\/830e822f517a9c6a53780b64e418a648"},"headline":"Sess\u00e3o Simb\u00f3lica de Reabertura do Pal\u00e1cio da Justi\u00e7a de Mogadouro","datePublished":"2026-04-16T21:50:24+00:00","dateModified":"2026-04-21T00:09:15+00:00","mainEntityOfPage":{"@id":"https:\/\/comarcas.csm.org.pt\/braganca\/blog\/2026\/04\/16\/elementor-12914\/"},"wordCount":266,"commentCount":0,"publisher":{"@id":"https:\/\/comarcas.csm.org.pt\/braganca\/#organization"},"image":{"@id":"https:\/\/comarcas.csm.org.pt\/braganca\/blog\/2026\/04\/16\/elementor-12914\/#primaryimage"},"thumbnailUrl":"https:\/\/comarcas.csm.org.pt\/braganca\/wp-content\/uploads\/sites\/10\/2026\/04\/Mogadouro_Reinauguracao_01.jpg","articleSection":["Eventos","Not\u00edcias"],"inLanguage":"pt-PT","potentialAction":[{"@type":"CommentAction","name":"Comment","target":["https:\/\/comarcas.csm.org.pt\/braganca\/blog\/2026\/04\/16\/elementor-12914\/#respond"]}]},{"@type":"WebPage","@id":"https:\/\/comarcas.csm.org.pt\/braganca\/blog\/2026\/04\/16\/elementor-12914\/","url":"https:\/\/comarcas.csm.org.pt\/braganca\/blog\/2026\/04\/16\/elementor-12914\/","name":"Sess\u00e3o Simb\u00f3lica de Reabertura do Pal\u00e1cio da Justi\u00e7a de Mogadouro - Tribunal Judicial da Comarca de Bragan\u00e7a","isPartOf":{"@id":"https:\/\/comarcas.csm.org.pt\/braganca\/#website"},"primaryImageOfPage":{"@id":"https:\/\/comarcas.csm.org.pt\/braganca\/blog\/2026\/04\/16\/elementor-12914\/#primaryimage"},"image":{"@id":"https:\/\/comarcas.csm.org.pt\/braganca\/blog\/2026\/04\/16\/elementor-12914\/#primaryimage"},"thumbnailUrl":"https:\/\/comarcas.csm.org.pt\/braganca\/wp-content\/uploads\/sites\/10\/2026\/04\/Mogadouro_Reinauguracao_01.jpg","datePublished":"2026-04-16T21:50:24+00:00","dateModified":"2026-04-21T00:09:15+00:00","breadcrumb":{"@id":"https:\/\/comarcas.csm.org.pt\/braganca\/blog\/2026\/04\/16\/elementor-12914\/#breadcrumb"},"inLanguage":"pt-PT","potentialAction":[{"@type":"ReadAction","target":["https:\/\/comarcas.csm.org.pt\/braganca\/blog\/2026\/04\/16\/elementor-12914\/"]}]},{"@type":"ImageObject","inLanguage":"pt-PT","@id":"https:\/\/comarcas.csm.org.pt\/braganca\/blog\/2026\/04\/16\/elementor-12914\/#primaryimage","url":"https:\/\/comarcas.csm.org.pt\/braganca\/wp-content\/uploads\/sites\/10\/2026\/04\/Mogadouro_Reinauguracao_01.jpg","contentUrl":"https:\/\/comarcas.csm.org.pt\/braganca\/wp-content\/uploads\/sites\/10\/2026\/04\/Mogadouro_Reinauguracao_01.jpg","width":1024,"height":429},{"@type":"BreadcrumbList","@id":"https:\/\/comarcas.csm.org.pt\/braganca\/blog\/2026\/04\/16\/elementor-12914\/#breadcrumb","itemListElement":[{"@type":"ListItem","position":1,"name":"In\u00edcio","item":"https:\/\/comarcas.csm.org.pt\/braganca\/"},{"@type":"ListItem","position":2,"name":"Sess\u00e3o Simb\u00f3lica de Reabertura do Pal\u00e1cio da Justi\u00e7a de Mogadouro"}]},{"@type":"WebSite","@id":"https:\/\/comarcas.csm.org.pt\/braganca\/#website","url":"https:\/\/comarcas.csm.org.pt\/braganca\/","name":"Tribunal Judicial da Comarca de Bragan\u00e7a","description":"Tribunal Judicial da Comarca de Bragan\u00e7a","publisher":{"@id":"https:\/\/comarcas.csm.org.pt\/braganca\/#organization"},"potentialAction":[{"@type":"SearchAction","target":{"@type":"EntryPoint","urlTemplate":"https:\/\/comarcas.csm.org.pt\/braganca\/?s={search_term_string}"},"query-input":{"@type":"PropertyValueSpecification","valueRequired":true,"valueName":"search_term_string"}}],"inLanguage":"pt-PT"},{"@type":"Organization","@id":"https:\/\/comarcas.csm.org.pt\/braganca\/#organization","name":"Tribunal Judicial da Comarca de Bragan\u00e7a","url":"https:\/\/comarcas.csm.org.pt\/braganca\/","logo":{"@type":"ImageObject","inLanguage":"pt-PT","@id":"https:\/\/comarcas.csm.org.pt\/braganca\/#\/schema\/logo\/image\/","url":"https:\/\/comarcas.csm.org.pt\/braganca\/wp-content\/uploads\/sites\/10\/2024\/11\/Braganca_positivo-horizontal.png","contentUrl":"https:\/\/comarcas.csm.org.pt\/braganca\/wp-content\/uploads\/sites\/10\/2024\/11\/Braganca_positivo-horizontal.png","width":4317,"height":971,"caption":"Tribunal Judicial da Comarca de Bragan\u00e7a"},"image":{"@id":"https:\/\/comarcas.csm.org.pt\/braganca\/#\/schema\/logo\/image\/"}},{"@type":"Person","@id":"https:\/\/comarcas.csm.org.pt\/braganca\/#\/schema\/person\/830e822f517a9c6a53780b64e418a648","name":"braganca","image":{"@type":"ImageObject","inLanguage":"pt-PT","@id":"https:\/\/comarcas.csm.org.pt\/braganca\/#\/schema\/person\/image\/","url":"https:\/\/secure.gravatar.com\/avatar\/ad3f612555e18b96f5d4fcb2902d52bde29c4e9f9418a0745fd5f8f236399b1a?s=96&d=mm&r=g","contentUrl":"https:\/\/secure.gravatar.com\/avatar\/ad3f612555e18b96f5d4fcb2902d52bde29c4e9f9418a0745fd5f8f236399b1a?s=96&d=mm&r=g","caption":"braganca"},"url":"https:\/\/comarcas.csm.org.pt\/braganca\/blog\/author\/braganca\/"}]}},"_links":{"self":[{"href":"https:\/\/comarcas.csm.org.pt\/braganca\/wp-json\/wp\/v2\/posts\/12914","targetHints":{"allow":["GET"]}}],"collection":[{"href":"https:\/\/comarcas.csm.org.pt\/braganca\/wp-json\/wp\/v2\/posts"}],"about":[{"href":"https:\/\/comarcas.csm.org.pt\/braganca\/wp-json\/wp\/v2\/types\/post"}],"author":[{"embeddable":true,"href":"https:\/\/comarcas.csm.org.pt\/braganca\/wp-json\/wp\/v2\/users\/10"}],"replies":[{"embeddable":true,"href":"https:\/\/comarcas.csm.org.pt\/braganca\/wp-json\/wp\/v2\/comments?post=12914"}],"version-history":[{"count":19,"href":"https:\/\/comarcas.csm.org.pt\/braganca\/wp-json\/wp\/v2\/posts\/12914\/revisions"}],"predecessor-version":[{"id":12959,"href":"https:\/\/comarcas.csm.org.pt\/braganca\/wp-json\/wp\/v2\/posts\/12914\/revisions\/12959"}],"wp:featuredmedia":[{"embeddable":true,"href":"https:\/\/comarcas.csm.org.pt\/braganca\/wp-json\/wp\/v2\/media\/12922"}],"wp:attachment":[{"href":"https:\/\/comarcas.csm.org.pt\/braganca\/wp-json\/wp\/v2\/media?parent=12914"}],"wp:term":[{"taxonomy":"category","embeddable":true,"href":"https:\/\/comarcas.csm.org.pt\/braganca\/wp-json\/wp\/v2\/categories?post=12914"},{"taxonomy":"post_tag","embeddable":true,"href":"https:\/\/comarcas.csm.org.pt\/braganca\/wp-json\/wp\/v2\/tags?post=12914"}],"curies":[{"name":"wp","href":"https:\/\/api.w.org\/{rel}","templated":true}]}}