{"id":13344,"date":"2025-06-18T11:19:05","date_gmt":"2025-06-18T10:19:05","guid":{"rendered":"https:\/\/comarcas.csm.org.pt\/castelo-branco\/?p=13344"},"modified":"2025-06-24T09:38:22","modified_gmt":"2025-06-24T08:38:22","slug":"presenca-do-juiz-presidente-da-comarca-de-castelo-branco-em-workshop","status":"publish","type":"post","link":"https:\/\/comarcas.csm.org.pt\/castelo-branco\/blog\/2025\/06\/18\/presenca-do-juiz-presidente-da-comarca-de-castelo-branco-em-workshop\/","title":{"rendered":"Presen\u00e7a do juiz presidente da Comarca de castelo branco em workshop:"},"content":{"rendered":"\n<figure class=\"wp-block-image size-full is-resized\"><img fetchpriority=\"high\" decoding=\"async\" width=\"592\" height=\"248\" src=\"https:\/\/comarcas.csm.org.pt\/castelo-branco\/wp-content\/uploads\/sites\/11\/2025\/06\/csm.png\" alt=\"\" class=\"wp-image-13341\" style=\"width:276px;height:auto\" srcset=\"https:\/\/comarcas.csm.org.pt\/castelo-branco\/wp-content\/uploads\/sites\/11\/2025\/06\/csm.png 592w, https:\/\/comarcas.csm.org.pt\/castelo-branco\/wp-content\/uploads\/sites\/11\/2025\/06\/csm-300x126.png 300w\" sizes=\"(max-width: 592px) 100vw, 592px\" \/><\/figure>\n\n\n\n<p><strong><mark style=\"background-color:#dbbd3f\" class=\"has-inline-color\">WorkShop Escrita jur\u00eddica clara: princ\u00edpios e T\u00e9cnicas<\/mark><\/strong><\/p>\n\n\n\n<p>Presen\u00e7a do Exmo. Juiz Presidente do tribunal Judicial da Comarca de Castelo Branco, Dr.\u00ba. Miguel Mauro Fernandes de Castro <\/p>\n\n\n\n<div class=\"wp-block-group\"><div class=\"wp-block-group__inner-container is-layout-constrained wp-block-group-is-layout-constrained\">\n<p>Em 16-06-2025 das 14h \u00e0s 17h<\/p>\n\n\n\n<p>em 17-06-2025 das 12h \u00e0s 14h<\/p>\n<\/div><\/div>\n\n\n\n<p><\/p>\n","protected":false},"excerpt":{"rendered":"<p>WorkShop Escrita jur\u00eddica clara: princ\u00edpios e T\u00e9cnicas Presen\u00e7a do Exmo. Juiz Presidente do tribunal Judicial da Comarca de Castelo Branco, Dr.\u00ba. Miguel Mauro Fernandes de Castro Em 16-06-2025 das 14h \u00e0s 17h em 17-06-2025 das&#8230;<\/p>\n","protected":false},"author":11,"featured_media":11987,"comment_status":"closed","ping_status":"open","sticky":false,"template":"","format":"standard","meta":{"_tbt_post_transparent":"","_tbt_post_title":"","_tbt_post_layout":"","_tbt_post_sidebar_id":"","_tbt_post_content_style":"","_tbt_post_vertical_padding":"","_tbt_post_feature":"","_tbt_post_feature_position":"","_tbt_post_header":false,"_tbt_post_footer":false},"categories":[36,1],"tags":[],"class_list":["post-13344","post","type-post","status-publish","format-standard","has-post-thumbnail","hentry","category-formacao-e-seminarios","category-geral"],"yoast_head":"<!-- This site is optimized with the Yoast SEO plugin v25.6 - https:\/\/yoast.com\/wordpress\/plugins\/seo\/ -->\n<title>Presen\u00e7a do juiz presidente da Comarca de castelo branco em workshop: - Tribunal Judicial da Comarca de Castelo Branco<\/title>\n<meta name=\"robots\" content=\"index, follow, max-snippet:-1, max-image-preview:large, max-video-preview:-1\" \/>\n<link rel=\"canonical\" href=\"https:\/\/comarcas.csm.org.pt\/castelo-branco\/blog\/2025\/06\/18\/presenca-do-juiz-presidente-da-comarca-de-castelo-branco-em-workshop\/\" \/>\n<meta property=\"og:locale\" content=\"pt_PT\" \/>\n<meta property=\"og:type\" content=\"article\" \/>\n<meta property=\"og:title\" content=\"Presen\u00e7a do juiz presidente da Comarca de castelo branco em workshop: - Tribunal Judicial da Comarca de Castelo Branco\" \/>\n<meta property=\"og:description\" content=\"WorkShop Escrita jur\u00eddica clara: princ\u00edpios e T\u00e9cnicas Presen\u00e7a do Exmo. Juiz Presidente do tribunal Judicial da Comarca de Castelo Branco, Dr.\u00ba. Miguel Mauro Fernandes de Castro Em 16-06-2025 das 14h \u00e0s 17h em 17-06-2025 das...\" \/>\n<meta property=\"og:url\" content=\"https:\/\/comarcas.csm.org.pt\/castelo-branco\/blog\/2025\/06\/18\/presenca-do-juiz-presidente-da-comarca-de-castelo-branco-em-workshop\/\" \/>\n<meta property=\"og:site_name\" content=\"Tribunal Judicial da Comarca de Castelo Branco\" \/>\n<meta property=\"article:published_time\" content=\"2025-06-18T10:19:05+00:00\" \/>\n<meta property=\"article:modified_time\" content=\"2025-06-24T08:38:22+00:00\" \/>\n<meta property=\"og:image\" content=\"https:\/\/comarcas.csm.org.pt\/castelo-branco\/wp-content\/uploads\/sites\/11\/2025\/03\/Tribunal_de_Castelo_Branco-2-1-e1750240845546.jpg\" \/>\n\t<meta property=\"og:image:width\" content=\"1610\" \/>\n\t<meta property=\"og:image:height\" content=\"816\" \/>\n\t<meta property=\"og:image:type\" content=\"image\/jpeg\" \/>\n<meta name=\"author\" content=\"castelobranco\" \/>\n<meta name=\"twitter:card\" content=\"summary_large_image\" \/>\n<meta name=\"twitter:label1\" content=\"Escrito por\" \/>\n\t<meta name=\"twitter:data1\" content=\"castelobranco\" \/>\n\t<meta name=\"twitter:label2\" content=\"Tempo estimado de leitura\" \/>\n\t<meta name=\"twitter:data2\" content=\"1 minuto\" \/>\n<script type=\"application\/ld+json\" class=\"yoast-schema-graph\">{\"@context\":\"https:\/\/schema.org\",\"@graph\":[{\"@type\":\"Article\",\"@id\":\"https:\/\/comarcas.csm.org.pt\/castelo-branco\/blog\/2025\/06\/18\/presenca-do-juiz-presidente-da-comarca-de-castelo-branco-em-workshop\/#article\",\"isPartOf\":{\"@id\":\"https:\/\/comarcas.csm.org.pt\/castelo-branco\/blog\/2025\/06\/18\/presenca-do-juiz-presidente-da-comarca-de-castelo-branco-em-workshop\/\"},\"author\":{\"name\":\"castelobranco\",\"@id\":\"https:\/\/comarcas.csm.org.pt\/castelo-branco\/#\/schema\/person\/24fa48095ce1c501bed655f4db842a35\"},\"headline\":\"Presen\u00e7a do juiz presidente da Comarca de castelo branco em workshop:\",\"datePublished\":\"2025-06-18T10:19:05+00:00\",\"dateModified\":\"2025-06-24T08:38:22+00:00\",\"mainEntityOfPage\":{\"@id\":\"https:\/\/comarcas.csm.org.pt\/castelo-branco\/blog\/2025\/06\/18\/presenca-do-juiz-presidente-da-comarca-de-castelo-branco-em-workshop\/\"},\"wordCount\":56,\"publisher\":{\"@id\":\"https:\/\/comarcas.csm.org.pt\/castelo-branco\/#organization\"},\"image\":{\"@id\":\"https:\/\/comarcas.csm.org.pt\/castelo-branco\/blog\/2025\/06\/18\/presenca-do-juiz-presidente-da-comarca-de-castelo-branco-em-workshop\/#primaryimage\"},\"thumbnailUrl\":\"https:\/\/comarcas.csm.org.pt\/castelo-branco\/wp-content\/uploads\/sites\/11\/2025\/03\/Tribunal_de_Castelo_Branco-2-1-e1750240845546.jpg\",\"articleSection\":[\"Forma\u00e7\u00e3o e Semin\u00e1rios\",\"Geral\"],\"inLanguage\":\"pt-PT\"},{\"@type\":\"WebPage\",\"@id\":\"https:\/\/comarcas.csm.org.pt\/castelo-branco\/blog\/2025\/06\/18\/presenca-do-juiz-presidente-da-comarca-de-castelo-branco-em-workshop\/\",\"url\":\"https:\/\/comarcas.csm.org.pt\/castelo-branco\/blog\/2025\/06\/18\/presenca-do-juiz-presidente-da-comarca-de-castelo-branco-em-workshop\/\",\"name\":\"Presen\u00e7a do juiz presidente da Comarca de castelo branco em workshop: - Tribunal Judicial da Comarca de Castelo Branco\",\"isPartOf\":{\"@id\":\"https:\/\/comarcas.csm.org.pt\/castelo-branco\/#website\"},\"primaryImageOfPage\":{\"@id\":\"https:\/\/comarcas.csm.org.pt\/castelo-branco\/blog\/2025\/06\/18\/presenca-do-juiz-presidente-da-comarca-de-castelo-branco-em-workshop\/#primaryimage\"},\"image\":{\"@id\":\"https:\/\/comarcas.csm.org.pt\/castelo-branco\/blog\/2025\/06\/18\/presenca-do-juiz-presidente-da-comarca-de-castelo-branco-em-workshop\/#primaryimage\"},\"thumbnailUrl\":\"https:\/\/comarcas.csm.org.pt\/castelo-branco\/wp-content\/uploads\/sites\/11\/2025\/03\/Tribunal_de_Castelo_Branco-2-1-e1750240845546.jpg\",\"datePublished\":\"2025-06-18T10:19:05+00:00\",\"dateModified\":\"2025-06-24T08:38:22+00:00\",\"breadcrumb\":{\"@id\":\"https:\/\/comarcas.csm.org.pt\/castelo-branco\/blog\/2025\/06\/18\/presenca-do-juiz-presidente-da-comarca-de-castelo-branco-em-workshop\/#breadcrumb\"},\"inLanguage\":\"pt-PT\",\"potentialAction\":[{\"@type\":\"ReadAction\",\"target\":[\"https:\/\/comarcas.csm.org.pt\/castelo-branco\/blog\/2025\/06\/18\/presenca-do-juiz-presidente-da-comarca-de-castelo-branco-em-workshop\/\"]}]},{\"@type\":\"ImageObject\",\"inLanguage\":\"pt-PT\",\"@id\":\"https:\/\/comarcas.csm.org.pt\/castelo-branco\/blog\/2025\/06\/18\/presenca-do-juiz-presidente-da-comarca-de-castelo-branco-em-workshop\/#primaryimage\",\"url\":\"https:\/\/comarcas.csm.org.pt\/castelo-branco\/wp-content\/uploads\/sites\/11\/2025\/03\/Tribunal_de_Castelo_Branco-2-1-e1750240845546.jpg\",\"contentUrl\":\"https:\/\/comarcas.csm.org.pt\/castelo-branco\/wp-content\/uploads\/sites\/11\/2025\/03\/Tribunal_de_Castelo_Branco-2-1-e1750240845546.jpg\",\"width\":1610,\"height\":816},{\"@type\":\"BreadcrumbList\",\"@id\":\"https:\/\/comarcas.csm.org.pt\/castelo-branco\/blog\/2025\/06\/18\/presenca-do-juiz-presidente-da-comarca-de-castelo-branco-em-workshop\/#breadcrumb\",\"itemListElement\":[{\"@type\":\"ListItem\",\"position\":1,\"name\":\"In\u00edcio\",\"item\":\"https:\/\/comarcas.csm.org.pt\/castelo-branco\/\"},{\"@type\":\"ListItem\",\"position\":2,\"name\":\"Presen\u00e7a do juiz presidente da Comarca de castelo branco em workshop:\"}]},{\"@type\":\"WebSite\",\"@id\":\"https:\/\/comarcas.csm.org.pt\/castelo-branco\/#website\",\"url\":\"https:\/\/comarcas.csm.org.pt\/castelo-branco\/\",\"name\":\"Tribunal Judicial da Comarca de Castelo Branco\",\"description\":\"Tribunal Judicial da Comarca de Aveiro\",\"publisher\":{\"@id\":\"https:\/\/comarcas.csm.org.pt\/castelo-branco\/#organization\"},\"potentialAction\":[{\"@type\":\"SearchAction\",\"target\":{\"@type\":\"EntryPoint\",\"urlTemplate\":\"https:\/\/comarcas.csm.org.pt\/castelo-branco\/?s={search_term_string}\"},\"query-input\":{\"@type\":\"PropertyValueSpecification\",\"valueRequired\":true,\"valueName\":\"search_term_string\"}}],\"inLanguage\":\"pt-PT\"},{\"@type\":\"Organization\",\"@id\":\"https:\/\/comarcas.csm.org.pt\/castelo-branco\/#organization\",\"name\":\"Tribunal Judicial da Comarca de Castelo Branco\",\"url\":\"https:\/\/comarcas.csm.org.pt\/castelo-branco\/\",\"logo\":{\"@type\":\"ImageObject\",\"inLanguage\":\"pt-PT\",\"@id\":\"https:\/\/comarcas.csm.org.pt\/castelo-branco\/#\/schema\/logo\/image\/\",\"url\":\"https:\/\/comarcas.csm.org.pt\/castelo-branco\/wp-content\/uploads\/sites\/11\/2024\/11\/C-Branco_positivo-horizontal.png\",\"contentUrl\":\"https:\/\/comarcas.csm.org.pt\/castelo-branco\/wp-content\/uploads\/sites\/11\/2024\/11\/C-Branco_positivo-horizontal.png\",\"width\":5388,\"height\":998,\"caption\":\"Tribunal Judicial da Comarca de Castelo Branco\"},\"image\":{\"@id\":\"https:\/\/comarcas.csm.org.pt\/castelo-branco\/#\/schema\/logo\/image\/\"}},{\"@type\":\"Person\",\"@id\":\"https:\/\/comarcas.csm.org.pt\/castelo-branco\/#\/schema\/person\/24fa48095ce1c501bed655f4db842a35\",\"name\":\"castelobranco\",\"image\":{\"@type\":\"ImageObject\",\"inLanguage\":\"pt-PT\",\"@id\":\"https:\/\/comarcas.csm.org.pt\/castelo-branco\/#\/schema\/person\/image\/\",\"url\":\"https:\/\/secure.gravatar.com\/avatar\/b65bed7dee19b9d42764d616ec14c665724bdb456f6a2e4dcf88731279b627b2?s=96&d=mm&r=g\",\"contentUrl\":\"https:\/\/secure.gravatar.com\/avatar\/b65bed7dee19b9d42764d616ec14c665724bdb456f6a2e4dcf88731279b627b2?s=96&d=mm&r=g\",\"caption\":\"castelobranco\"},\"url\":\"https:\/\/comarcas.csm.org.pt\/castelo-branco\/blog\/author\/castelobranco\/\"}]}<\/script>\n<!-- \/ Yoast SEO plugin. -->","yoast_head_json":{"title":"Presen\u00e7a do juiz presidente da Comarca de castelo branco em workshop: - Tribunal Judicial da Comarca de Castelo Branco","robots":{"index":"index","follow":"follow","max-snippet":"max-snippet:-1","max-image-preview":"max-image-preview:large","max-video-preview":"max-video-preview:-1"},"canonical":"https:\/\/comarcas.csm.org.pt\/castelo-branco\/blog\/2025\/06\/18\/presenca-do-juiz-presidente-da-comarca-de-castelo-branco-em-workshop\/","og_locale":"pt_PT","og_type":"article","og_title":"Presen\u00e7a do juiz presidente da Comarca de castelo branco em workshop: - Tribunal Judicial da Comarca de Castelo Branco","og_description":"WorkShop Escrita jur\u00eddica clara: princ\u00edpios e T\u00e9cnicas Presen\u00e7a do Exmo. Juiz Presidente do tribunal Judicial da Comarca de Castelo Branco, Dr.\u00ba. Miguel Mauro Fernandes de Castro Em 16-06-2025 das 14h \u00e0s 17h em 17-06-2025 das...","og_url":"https:\/\/comarcas.csm.org.pt\/castelo-branco\/blog\/2025\/06\/18\/presenca-do-juiz-presidente-da-comarca-de-castelo-branco-em-workshop\/","og_site_name":"Tribunal Judicial da Comarca de Castelo Branco","article_published_time":"2025-06-18T10:19:05+00:00","article_modified_time":"2025-06-24T08:38:22+00:00","og_image":[{"width":1610,"height":816,"url":"https:\/\/comarcas.csm.org.pt\/castelo-branco\/wp-content\/uploads\/sites\/11\/2025\/03\/Tribunal_de_Castelo_Branco-2-1-e1750240845546.jpg","type":"image\/jpeg"}],"author":"castelobranco","twitter_card":"summary_large_image","twitter_misc":{"Escrito por":"castelobranco","Tempo estimado de leitura":"1 minuto"},"schema":{"@context":"https:\/\/schema.org","@graph":[{"@type":"Article","@id":"https:\/\/comarcas.csm.org.pt\/castelo-branco\/blog\/2025\/06\/18\/presenca-do-juiz-presidente-da-comarca-de-castelo-branco-em-workshop\/#article","isPartOf":{"@id":"https:\/\/comarcas.csm.org.pt\/castelo-branco\/blog\/2025\/06\/18\/presenca-do-juiz-presidente-da-comarca-de-castelo-branco-em-workshop\/"},"author":{"name":"castelobranco","@id":"https:\/\/comarcas.csm.org.pt\/castelo-branco\/#\/schema\/person\/24fa48095ce1c501bed655f4db842a35"},"headline":"Presen\u00e7a do juiz presidente da Comarca de castelo branco em workshop:","datePublished":"2025-06-18T10:19:05+00:00","dateModified":"2025-06-24T08:38:22+00:00","mainEntityOfPage":{"@id":"https:\/\/comarcas.csm.org.pt\/castelo-branco\/blog\/2025\/06\/18\/presenca-do-juiz-presidente-da-comarca-de-castelo-branco-em-workshop\/"},"wordCount":56,"publisher":{"@id":"https:\/\/comarcas.csm.org.pt\/castelo-branco\/#organization"},"image":{"@id":"https:\/\/comarcas.csm.org.pt\/castelo-branco\/blog\/2025\/06\/18\/presenca-do-juiz-presidente-da-comarca-de-castelo-branco-em-workshop\/#primaryimage"},"thumbnailUrl":"https:\/\/comarcas.csm.org.pt\/castelo-branco\/wp-content\/uploads\/sites\/11\/2025\/03\/Tribunal_de_Castelo_Branco-2-1-e1750240845546.jpg","articleSection":["Forma\u00e7\u00e3o e Semin\u00e1rios","Geral"],"inLanguage":"pt-PT"},{"@type":"WebPage","@id":"https:\/\/comarcas.csm.org.pt\/castelo-branco\/blog\/2025\/06\/18\/presenca-do-juiz-presidente-da-comarca-de-castelo-branco-em-workshop\/","url":"https:\/\/comarcas.csm.org.pt\/castelo-branco\/blog\/2025\/06\/18\/presenca-do-juiz-presidente-da-comarca-de-castelo-branco-em-workshop\/","name":"Presen\u00e7a do juiz presidente da Comarca de castelo branco em workshop: - Tribunal Judicial da Comarca de Castelo Branco","isPartOf":{"@id":"https:\/\/comarcas.csm.org.pt\/castelo-branco\/#website"},"primaryImageOfPage":{"@id":"https:\/\/comarcas.csm.org.pt\/castelo-branco\/blog\/2025\/06\/18\/presenca-do-juiz-presidente-da-comarca-de-castelo-branco-em-workshop\/#primaryimage"},"image":{"@id":"https:\/\/comarcas.csm.org.pt\/castelo-branco\/blog\/2025\/06\/18\/presenca-do-juiz-presidente-da-comarca-de-castelo-branco-em-workshop\/#primaryimage"},"thumbnailUrl":"https:\/\/comarcas.csm.org.pt\/castelo-branco\/wp-content\/uploads\/sites\/11\/2025\/03\/Tribunal_de_Castelo_Branco-2-1-e1750240845546.jpg","datePublished":"2025-06-18T10:19:05+00:00","dateModified":"2025-06-24T08:38:22+00:00","breadcrumb":{"@id":"https:\/\/comarcas.csm.org.pt\/castelo-branco\/blog\/2025\/06\/18\/presenca-do-juiz-presidente-da-comarca-de-castelo-branco-em-workshop\/#breadcrumb"},"inLanguage":"pt-PT","potentialAction":[{"@type":"ReadAction","target":["https:\/\/comarcas.csm.org.pt\/castelo-branco\/blog\/2025\/06\/18\/presenca-do-juiz-presidente-da-comarca-de-castelo-branco-em-workshop\/"]}]},{"@type":"ImageObject","inLanguage":"pt-PT","@id":"https:\/\/comarcas.csm.org.pt\/castelo-branco\/blog\/2025\/06\/18\/presenca-do-juiz-presidente-da-comarca-de-castelo-branco-em-workshop\/#primaryimage","url":"https:\/\/comarcas.csm.org.pt\/castelo-branco\/wp-content\/uploads\/sites\/11\/2025\/03\/Tribunal_de_Castelo_Branco-2-1-e1750240845546.jpg","contentUrl":"https:\/\/comarcas.csm.org.pt\/castelo-branco\/wp-content\/uploads\/sites\/11\/2025\/03\/Tribunal_de_Castelo_Branco-2-1-e1750240845546.jpg","width":1610,"height":816},{"@type":"BreadcrumbList","@id":"https:\/\/comarcas.csm.org.pt\/castelo-branco\/blog\/2025\/06\/18\/presenca-do-juiz-presidente-da-comarca-de-castelo-branco-em-workshop\/#breadcrumb","itemListElement":[{"@type":"ListItem","position":1,"name":"In\u00edcio","item":"https:\/\/comarcas.csm.org.pt\/castelo-branco\/"},{"@type":"ListItem","position":2,"name":"Presen\u00e7a do juiz presidente da Comarca de castelo branco em workshop:"}]},{"@type":"WebSite","@id":"https:\/\/comarcas.csm.org.pt\/castelo-branco\/#website","url":"https:\/\/comarcas.csm.org.pt\/castelo-branco\/","name":"Tribunal Judicial da Comarca de Castelo Branco","description":"Tribunal Judicial da Comarca de Aveiro","publisher":{"@id":"https:\/\/comarcas.csm.org.pt\/castelo-branco\/#organization"},"potentialAction":[{"@type":"SearchAction","target":{"@type":"EntryPoint","urlTemplate":"https:\/\/comarcas.csm.org.pt\/castelo-branco\/?s={search_term_string}"},"query-input":{"@type":"PropertyValueSpecification","valueRequired":true,"valueName":"search_term_string"}}],"inLanguage":"pt-PT"},{"@type":"Organization","@id":"https:\/\/comarcas.csm.org.pt\/castelo-branco\/#organization","name":"Tribunal Judicial da Comarca de Castelo Branco","url":"https:\/\/comarcas.csm.org.pt\/castelo-branco\/","logo":{"@type":"ImageObject","inLanguage":"pt-PT","@id":"https:\/\/comarcas.csm.org.pt\/castelo-branco\/#\/schema\/logo\/image\/","url":"https:\/\/comarcas.csm.org.pt\/castelo-branco\/wp-content\/uploads\/sites\/11\/2024\/11\/C-Branco_positivo-horizontal.png","contentUrl":"https:\/\/comarcas.csm.org.pt\/castelo-branco\/wp-content\/uploads\/sites\/11\/2024\/11\/C-Branco_positivo-horizontal.png","width":5388,"height":998,"caption":"Tribunal Judicial da Comarca de Castelo Branco"},"image":{"@id":"https:\/\/comarcas.csm.org.pt\/castelo-branco\/#\/schema\/logo\/image\/"}},{"@type":"Person","@id":"https:\/\/comarcas.csm.org.pt\/castelo-branco\/#\/schema\/person\/24fa48095ce1c501bed655f4db842a35","name":"castelobranco","image":{"@type":"ImageObject","inLanguage":"pt-PT","@id":"https:\/\/comarcas.csm.org.pt\/castelo-branco\/#\/schema\/person\/image\/","url":"https:\/\/secure.gravatar.com\/avatar\/b65bed7dee19b9d42764d616ec14c665724bdb456f6a2e4dcf88731279b627b2?s=96&d=mm&r=g","contentUrl":"https:\/\/secure.gravatar.com\/avatar\/b65bed7dee19b9d42764d616ec14c665724bdb456f6a2e4dcf88731279b627b2?s=96&d=mm&r=g","caption":"castelobranco"},"url":"https:\/\/comarcas.csm.org.pt\/castelo-branco\/blog\/author\/castelobranco\/"}]}},"_links":{"self":[{"href":"https:\/\/comarcas.csm.org.pt\/castelo-branco\/wp-json\/wp\/v2\/posts\/13344","targetHints":{"allow":["GET"]}}],"collection":[{"href":"https:\/\/comarcas.csm.org.pt\/castelo-branco\/wp-json\/wp\/v2\/posts"}],"about":[{"href":"https:\/\/comarcas.csm.org.pt\/castelo-branco\/wp-json\/wp\/v2\/types\/post"}],"author":[{"embeddable":true,"href":"https:\/\/comarcas.csm.org.pt\/castelo-branco\/wp-json\/wp\/v2\/users\/11"}],"replies":[{"embeddable":true,"href":"https:\/\/comarcas.csm.org.pt\/castelo-branco\/wp-json\/wp\/v2\/comments?post=13344"}],"version-history":[{"count":4,"href":"https:\/\/comarcas.csm.org.pt\/castelo-branco\/wp-json\/wp\/v2\/posts\/13344\/revisions"}],"predecessor-version":[{"id":13419,"href":"https:\/\/comarcas.csm.org.pt\/castelo-branco\/wp-json\/wp\/v2\/posts\/13344\/revisions\/13419"}],"wp:featuredmedia":[{"embeddable":true,"href":"https:\/\/comarcas.csm.org.pt\/castelo-branco\/wp-json\/wp\/v2\/media\/11987"}],"wp:attachment":[{"href":"https:\/\/comarcas.csm.org.pt\/castelo-branco\/wp-json\/wp\/v2\/media?parent=13344"}],"wp:term":[{"taxonomy":"category","embeddable":true,"href":"https:\/\/comarcas.csm.org.pt\/castelo-branco\/wp-json\/wp\/v2\/categories?post=13344"},{"taxonomy":"post_tag","embeddable":true,"href":"https:\/\/comarcas.csm.org.pt\/castelo-branco\/wp-json\/wp\/v2\/tags?post=13344"}],"curies":[{"name":"wp","href":"https:\/\/api.w.org\/{rel}","templated":true}]}}