{"id":13401,"date":"2025-06-23T10:12:22","date_gmt":"2025-06-23T09:12:22","guid":{"rendered":"https:\/\/comarcas.csm.org.pt\/castelo-branco\/?p=13401"},"modified":"2025-06-24T09:31:19","modified_gmt":"2025-06-24T08:31:19","slug":"no-passado-dia-13-de-junho-visita-ao-tribunal-judicial-da-comarca-de-castelo-branco-de-alunos-do-3o-ano","status":"publish","type":"post","link":"https:\/\/comarcas.csm.org.pt\/castelo-branco\/blog\/2025\/06\/23\/no-passado-dia-13-de-junho-visita-ao-tribunal-judicial-da-comarca-de-castelo-branco-de-alunos-do-3o-ano\/","title":{"rendered":"No passado dia 13 de junho, Visita ao Tribunal Judicial da Comarca de Castelo Branco de alunos do 3\u00ba ano"},"content":{"rendered":"\n<p><strong><mark style=\"background-color:#dbbd3f\" class=\"has-inline-color\">Esta atividade integrou-se na\u00a0pr\u00e1tica pedag\u00f3gica &#8220;Contar com Pais&#8221;, inserida no Projeto Educativo do Centro Social Padres Redentoristas<\/mark><\/strong><\/p>\n\n\n\n<figure class=\"wp-block-image size-large is-resized is-style-default\"><img fetchpriority=\"high\" decoding=\"async\" width=\"1024\" height=\"819\" src=\"https:\/\/comarcas.csm.org.pt\/castelo-branco\/wp-content\/uploads\/sites\/11\/2025\/06\/vistia_criancas_3ciclo13de_junho_2000por1600-1-1024x819.png\" alt=\"\" class=\"wp-image-13406\" style=\"width:837px;height:auto\" srcset=\"https:\/\/comarcas.csm.org.pt\/castelo-branco\/wp-content\/uploads\/sites\/11\/2025\/06\/vistia_criancas_3ciclo13de_junho_2000por1600-1-1024x819.png 1024w, https:\/\/comarcas.csm.org.pt\/castelo-branco\/wp-content\/uploads\/sites\/11\/2025\/06\/vistia_criancas_3ciclo13de_junho_2000por1600-1-300x240.png 300w, https:\/\/comarcas.csm.org.pt\/castelo-branco\/wp-content\/uploads\/sites\/11\/2025\/06\/vistia_criancas_3ciclo13de_junho_2000por1600-1-768x614.png 768w, https:\/\/comarcas.csm.org.pt\/castelo-branco\/wp-content\/uploads\/sites\/11\/2025\/06\/vistia_criancas_3ciclo13de_junho_2000por1600-1-1536x1229.png 1536w, https:\/\/comarcas.csm.org.pt\/castelo-branco\/wp-content\/uploads\/sites\/11\/2025\/06\/vistia_criancas_3ciclo13de_junho_2000por1600-1.png 2000w\" sizes=\"(max-width: 1024px) 100vw, 1024px\" \/><\/figure>\n\n\n\n<p>No passado dia 13 de junho, os alunos do 3.\u00ba ano realizaram uma visita ao Tribunal Judicial da Comarca de Castelo Branco. <strong>Esta atividade integrou-se na&nbsp;pr\u00e1tica pedag\u00f3gica &#8220;Contar com Pais&#8221;, inserida no Projeto Educativo do Centro Social Padres Redentoristas<\/strong>.<\/p>\n\n\n\n<p>A iniciativa teve como principal objetivo proporcionar aos alunos um contacto direto com o mundo profissional dos pais, aproximando a escola da realidade laboral das fam\u00edlias. Durante a visita, os alunos tiveram a oportunidade de conhecer os diferentes espa\u00e7os do tribunal, perceber a import\u00e2ncia do papel dos profissionais da \u00e1rea da justi\u00e7a e compreender melhor o funcionamento desta institui\u00e7\u00e3o essencial \u00e0 vida em sociedade.<\/p>\n\n\n\n<p>A atividade revelou-se bastante enriquecedora, despertando a curiosidade dos alunos e permitindo-lhes valorizar o contributo dos pais e encarregados de educa\u00e7\u00e3o no desempenho das suas fun\u00e7\u00f5es. Este tipo de experi\u00eancias promove a articula\u00e7\u00e3o entre a escola, a fam\u00edlia e a comunidade, contribuindo para a forma\u00e7\u00e3o integral das crian\u00e7as enquanto cidad\u00e3os conscientes e participativos.<\/p>\n\n\n\n<div class=\"wp-block-group\"><div class=\"wp-block-group__inner-container is-layout-constrained wp-block-group-is-layout-constrained\">\n<p><\/p>\n<\/div><\/div>\n\n\n\n<p><\/p>\n","protected":false},"excerpt":{"rendered":"<p>Esta atividade integrou-se na\u00a0pr\u00e1tica pedag\u00f3gica &#8220;Contar com Pais&#8221;, inserida no Projeto Educativo do Centro Social Padres Redentoristas No passado dia 13 de junho, os alunos do 3.\u00ba ano realizaram uma visita ao Tribunal Judicial da&#8230;<\/p>\n","protected":false},"author":11,"featured_media":11987,"comment_status":"closed","ping_status":"open","sticky":false,"template":"","format":"standard","meta":{"_tbt_post_transparent":"","_tbt_post_title":"","_tbt_post_layout":"","_tbt_post_sidebar_id":"","_tbt_post_content_style":"","_tbt_post_vertical_padding":"","_tbt_post_feature":"","_tbt_post_feature_position":"","_tbt_post_header":false,"_tbt_post_footer":false},"categories":[37],"tags":[],"class_list":["post-13401","post","type-post","status-publish","format-standard","has-post-thumbnail","hentry","category-visitas"],"yoast_head":"<!-- This site is optimized with the Yoast SEO plugin v25.6 - https:\/\/yoast.com\/wordpress\/plugins\/seo\/ -->\n<title>No passado dia 13 de junho, Visita ao Tribunal Judicial da Comarca de Castelo Branco de alunos do 3\u00ba ano - Tribunal Judicial da Comarca de Castelo Branco<\/title>\n<meta name=\"robots\" content=\"index, follow, max-snippet:-1, max-image-preview:large, max-video-preview:-1\" \/>\n<link rel=\"canonical\" href=\"https:\/\/comarcas.csm.org.pt\/castelo-branco\/blog\/2025\/06\/23\/no-passado-dia-13-de-junho-visita-ao-tribunal-judicial-da-comarca-de-castelo-branco-de-alunos-do-3o-ano\/\" \/>\n<meta property=\"og:locale\" content=\"pt_PT\" \/>\n<meta property=\"og:type\" content=\"article\" \/>\n<meta property=\"og:title\" content=\"No passado dia 13 de junho, Visita ao Tribunal Judicial da Comarca de Castelo Branco de alunos do 3\u00ba ano - Tribunal Judicial da Comarca de Castelo Branco\" \/>\n<meta property=\"og:description\" content=\"Esta atividade integrou-se na\u00a0pr\u00e1tica pedag\u00f3gica &#8220;Contar com Pais&#8221;, inserida no Projeto Educativo do Centro Social Padres Redentoristas No passado dia 13 de junho, os alunos do 3.\u00ba ano realizaram uma visita ao Tribunal Judicial da...\" \/>\n<meta property=\"og:url\" content=\"https:\/\/comarcas.csm.org.pt\/castelo-branco\/blog\/2025\/06\/23\/no-passado-dia-13-de-junho-visita-ao-tribunal-judicial-da-comarca-de-castelo-branco-de-alunos-do-3o-ano\/\" \/>\n<meta property=\"og:site_name\" content=\"Tribunal Judicial da Comarca de Castelo Branco\" \/>\n<meta property=\"article:published_time\" content=\"2025-06-23T09:12:22+00:00\" \/>\n<meta property=\"article:modified_time\" content=\"2025-06-24T08:31:19+00:00\" \/>\n<meta property=\"og:image\" content=\"https:\/\/comarcas.csm.org.pt\/castelo-branco\/wp-content\/uploads\/sites\/11\/2025\/03\/Tribunal_de_Castelo_Branco-2-1-e1750240845546.jpg\" \/>\n\t<meta property=\"og:image:width\" content=\"1610\" \/>\n\t<meta property=\"og:image:height\" content=\"816\" \/>\n\t<meta property=\"og:image:type\" content=\"image\/jpeg\" \/>\n<meta name=\"author\" content=\"castelobranco\" \/>\n<meta name=\"twitter:card\" content=\"summary_large_image\" \/>\n<meta name=\"twitter:label1\" content=\"Escrito por\" \/>\n\t<meta name=\"twitter:data1\" content=\"castelobranco\" \/>\n\t<meta name=\"twitter:label2\" content=\"Tempo estimado de leitura\" \/>\n\t<meta name=\"twitter:data2\" content=\"2 minutos\" \/>\n<script type=\"application\/ld+json\" class=\"yoast-schema-graph\">{\"@context\":\"https:\/\/schema.org\",\"@graph\":[{\"@type\":\"Article\",\"@id\":\"https:\/\/comarcas.csm.org.pt\/castelo-branco\/blog\/2025\/06\/23\/no-passado-dia-13-de-junho-visita-ao-tribunal-judicial-da-comarca-de-castelo-branco-de-alunos-do-3o-ano\/#article\",\"isPartOf\":{\"@id\":\"https:\/\/comarcas.csm.org.pt\/castelo-branco\/blog\/2025\/06\/23\/no-passado-dia-13-de-junho-visita-ao-tribunal-judicial-da-comarca-de-castelo-branco-de-alunos-do-3o-ano\/\"},\"author\":{\"name\":\"castelobranco\",\"@id\":\"https:\/\/comarcas.csm.org.pt\/castelo-branco\/#\/schema\/person\/24fa48095ce1c501bed655f4db842a35\"},\"headline\":\"No passado dia 13 de junho, Visita ao Tribunal Judicial da Comarca de Castelo Branco de alunos do 3\u00ba ano\",\"datePublished\":\"2025-06-23T09:12:22+00:00\",\"dateModified\":\"2025-06-24T08:31:19+00:00\",\"mainEntityOfPage\":{\"@id\":\"https:\/\/comarcas.csm.org.pt\/castelo-branco\/blog\/2025\/06\/23\/no-passado-dia-13-de-junho-visita-ao-tribunal-judicial-da-comarca-de-castelo-branco-de-alunos-do-3o-ano\/\"},\"wordCount\":208,\"publisher\":{\"@id\":\"https:\/\/comarcas.csm.org.pt\/castelo-branco\/#organization\"},\"image\":{\"@id\":\"https:\/\/comarcas.csm.org.pt\/castelo-branco\/blog\/2025\/06\/23\/no-passado-dia-13-de-junho-visita-ao-tribunal-judicial-da-comarca-de-castelo-branco-de-alunos-do-3o-ano\/#primaryimage\"},\"thumbnailUrl\":\"https:\/\/comarcas.csm.org.pt\/castelo-branco\/wp-content\/uploads\/sites\/11\/2025\/03\/Tribunal_de_Castelo_Branco-2-1-e1750240845546.jpg\",\"articleSection\":[\"Visitas\"],\"inLanguage\":\"pt-PT\"},{\"@type\":\"WebPage\",\"@id\":\"https:\/\/comarcas.csm.org.pt\/castelo-branco\/blog\/2025\/06\/23\/no-passado-dia-13-de-junho-visita-ao-tribunal-judicial-da-comarca-de-castelo-branco-de-alunos-do-3o-ano\/\",\"url\":\"https:\/\/comarcas.csm.org.pt\/castelo-branco\/blog\/2025\/06\/23\/no-passado-dia-13-de-junho-visita-ao-tribunal-judicial-da-comarca-de-castelo-branco-de-alunos-do-3o-ano\/\",\"name\":\"No passado dia 13 de junho, Visita ao Tribunal Judicial da Comarca de Castelo Branco de alunos do 3\u00ba ano - Tribunal Judicial da Comarca de Castelo Branco\",\"isPartOf\":{\"@id\":\"https:\/\/comarcas.csm.org.pt\/castelo-branco\/#website\"},\"primaryImageOfPage\":{\"@id\":\"https:\/\/comarcas.csm.org.pt\/castelo-branco\/blog\/2025\/06\/23\/no-passado-dia-13-de-junho-visita-ao-tribunal-judicial-da-comarca-de-castelo-branco-de-alunos-do-3o-ano\/#primaryimage\"},\"image\":{\"@id\":\"https:\/\/comarcas.csm.org.pt\/castelo-branco\/blog\/2025\/06\/23\/no-passado-dia-13-de-junho-visita-ao-tribunal-judicial-da-comarca-de-castelo-branco-de-alunos-do-3o-ano\/#primaryimage\"},\"thumbnailUrl\":\"https:\/\/comarcas.csm.org.pt\/castelo-branco\/wp-content\/uploads\/sites\/11\/2025\/03\/Tribunal_de_Castelo_Branco-2-1-e1750240845546.jpg\",\"datePublished\":\"2025-06-23T09:12:22+00:00\",\"dateModified\":\"2025-06-24T08:31:19+00:00\",\"breadcrumb\":{\"@id\":\"https:\/\/comarcas.csm.org.pt\/castelo-branco\/blog\/2025\/06\/23\/no-passado-dia-13-de-junho-visita-ao-tribunal-judicial-da-comarca-de-castelo-branco-de-alunos-do-3o-ano\/#breadcrumb\"},\"inLanguage\":\"pt-PT\",\"potentialAction\":[{\"@type\":\"ReadAction\",\"target\":[\"https:\/\/comarcas.csm.org.pt\/castelo-branco\/blog\/2025\/06\/23\/no-passado-dia-13-de-junho-visita-ao-tribunal-judicial-da-comarca-de-castelo-branco-de-alunos-do-3o-ano\/\"]}]},{\"@type\":\"ImageObject\",\"inLanguage\":\"pt-PT\",\"@id\":\"https:\/\/comarcas.csm.org.pt\/castelo-branco\/blog\/2025\/06\/23\/no-passado-dia-13-de-junho-visita-ao-tribunal-judicial-da-comarca-de-castelo-branco-de-alunos-do-3o-ano\/#primaryimage\",\"url\":\"https:\/\/comarcas.csm.org.pt\/castelo-branco\/wp-content\/uploads\/sites\/11\/2025\/03\/Tribunal_de_Castelo_Branco-2-1-e1750240845546.jpg\",\"contentUrl\":\"https:\/\/comarcas.csm.org.pt\/castelo-branco\/wp-content\/uploads\/sites\/11\/2025\/03\/Tribunal_de_Castelo_Branco-2-1-e1750240845546.jpg\",\"width\":1610,\"height\":816},{\"@type\":\"BreadcrumbList\",\"@id\":\"https:\/\/comarcas.csm.org.pt\/castelo-branco\/blog\/2025\/06\/23\/no-passado-dia-13-de-junho-visita-ao-tribunal-judicial-da-comarca-de-castelo-branco-de-alunos-do-3o-ano\/#breadcrumb\",\"itemListElement\":[{\"@type\":\"ListItem\",\"position\":1,\"name\":\"In\u00edcio\",\"item\":\"https:\/\/comarcas.csm.org.pt\/castelo-branco\/\"},{\"@type\":\"ListItem\",\"position\":2,\"name\":\"No passado dia 13 de junho, Visita ao Tribunal Judicial da Comarca de Castelo Branco de alunos do 3\u00ba ano\"}]},{\"@type\":\"WebSite\",\"@id\":\"https:\/\/comarcas.csm.org.pt\/castelo-branco\/#website\",\"url\":\"https:\/\/comarcas.csm.org.pt\/castelo-branco\/\",\"name\":\"Tribunal Judicial da Comarca de Castelo Branco\",\"description\":\"Tribunal Judicial da Comarca de Aveiro\",\"publisher\":{\"@id\":\"https:\/\/comarcas.csm.org.pt\/castelo-branco\/#organization\"},\"potentialAction\":[{\"@type\":\"SearchAction\",\"target\":{\"@type\":\"EntryPoint\",\"urlTemplate\":\"https:\/\/comarcas.csm.org.pt\/castelo-branco\/?s={search_term_string}\"},\"query-input\":{\"@type\":\"PropertyValueSpecification\",\"valueRequired\":true,\"valueName\":\"search_term_string\"}}],\"inLanguage\":\"pt-PT\"},{\"@type\":\"Organization\",\"@id\":\"https:\/\/comarcas.csm.org.pt\/castelo-branco\/#organization\",\"name\":\"Tribunal Judicial da Comarca de Castelo Branco\",\"url\":\"https:\/\/comarcas.csm.org.pt\/castelo-branco\/\",\"logo\":{\"@type\":\"ImageObject\",\"inLanguage\":\"pt-PT\",\"@id\":\"https:\/\/comarcas.csm.org.pt\/castelo-branco\/#\/schema\/logo\/image\/\",\"url\":\"https:\/\/comarcas.csm.org.pt\/castelo-branco\/wp-content\/uploads\/sites\/11\/2024\/11\/C-Branco_positivo-horizontal.png\",\"contentUrl\":\"https:\/\/comarcas.csm.org.pt\/castelo-branco\/wp-content\/uploads\/sites\/11\/2024\/11\/C-Branco_positivo-horizontal.png\",\"width\":5388,\"height\":998,\"caption\":\"Tribunal Judicial da Comarca de Castelo Branco\"},\"image\":{\"@id\":\"https:\/\/comarcas.csm.org.pt\/castelo-branco\/#\/schema\/logo\/image\/\"}},{\"@type\":\"Person\",\"@id\":\"https:\/\/comarcas.csm.org.pt\/castelo-branco\/#\/schema\/person\/24fa48095ce1c501bed655f4db842a35\",\"name\":\"castelobranco\",\"image\":{\"@type\":\"ImageObject\",\"inLanguage\":\"pt-PT\",\"@id\":\"https:\/\/comarcas.csm.org.pt\/castelo-branco\/#\/schema\/person\/image\/\",\"url\":\"https:\/\/secure.gravatar.com\/avatar\/b65bed7dee19b9d42764d616ec14c665724bdb456f6a2e4dcf88731279b627b2?s=96&d=mm&r=g\",\"contentUrl\":\"https:\/\/secure.gravatar.com\/avatar\/b65bed7dee19b9d42764d616ec14c665724bdb456f6a2e4dcf88731279b627b2?s=96&d=mm&r=g\",\"caption\":\"castelobranco\"},\"url\":\"https:\/\/comarcas.csm.org.pt\/castelo-branco\/blog\/author\/castelobranco\/\"}]}<\/script>\n<!-- \/ Yoast SEO plugin. -->","yoast_head_json":{"title":"No passado dia 13 de junho, Visita ao Tribunal Judicial da Comarca de Castelo Branco de alunos do 3\u00ba ano - Tribunal Judicial da Comarca de Castelo Branco","robots":{"index":"index","follow":"follow","max-snippet":"max-snippet:-1","max-image-preview":"max-image-preview:large","max-video-preview":"max-video-preview:-1"},"canonical":"https:\/\/comarcas.csm.org.pt\/castelo-branco\/blog\/2025\/06\/23\/no-passado-dia-13-de-junho-visita-ao-tribunal-judicial-da-comarca-de-castelo-branco-de-alunos-do-3o-ano\/","og_locale":"pt_PT","og_type":"article","og_title":"No passado dia 13 de junho, Visita ao Tribunal Judicial da Comarca de Castelo Branco de alunos do 3\u00ba ano - Tribunal Judicial da Comarca de Castelo Branco","og_description":"Esta atividade integrou-se na\u00a0pr\u00e1tica pedag\u00f3gica &#8220;Contar com Pais&#8221;, inserida no Projeto Educativo do Centro Social Padres Redentoristas No passado dia 13 de junho, os alunos do 3.\u00ba ano realizaram uma visita ao Tribunal Judicial da...","og_url":"https:\/\/comarcas.csm.org.pt\/castelo-branco\/blog\/2025\/06\/23\/no-passado-dia-13-de-junho-visita-ao-tribunal-judicial-da-comarca-de-castelo-branco-de-alunos-do-3o-ano\/","og_site_name":"Tribunal Judicial da Comarca de Castelo Branco","article_published_time":"2025-06-23T09:12:22+00:00","article_modified_time":"2025-06-24T08:31:19+00:00","og_image":[{"width":1610,"height":816,"url":"https:\/\/comarcas.csm.org.pt\/castelo-branco\/wp-content\/uploads\/sites\/11\/2025\/03\/Tribunal_de_Castelo_Branco-2-1-e1750240845546.jpg","type":"image\/jpeg"}],"author":"castelobranco","twitter_card":"summary_large_image","twitter_misc":{"Escrito por":"castelobranco","Tempo estimado de leitura":"2 minutos"},"schema":{"@context":"https:\/\/schema.org","@graph":[{"@type":"Article","@id":"https:\/\/comarcas.csm.org.pt\/castelo-branco\/blog\/2025\/06\/23\/no-passado-dia-13-de-junho-visita-ao-tribunal-judicial-da-comarca-de-castelo-branco-de-alunos-do-3o-ano\/#article","isPartOf":{"@id":"https:\/\/comarcas.csm.org.pt\/castelo-branco\/blog\/2025\/06\/23\/no-passado-dia-13-de-junho-visita-ao-tribunal-judicial-da-comarca-de-castelo-branco-de-alunos-do-3o-ano\/"},"author":{"name":"castelobranco","@id":"https:\/\/comarcas.csm.org.pt\/castelo-branco\/#\/schema\/person\/24fa48095ce1c501bed655f4db842a35"},"headline":"No passado dia 13 de junho, Visita ao Tribunal Judicial da Comarca de Castelo Branco de alunos do 3\u00ba ano","datePublished":"2025-06-23T09:12:22+00:00","dateModified":"2025-06-24T08:31:19+00:00","mainEntityOfPage":{"@id":"https:\/\/comarcas.csm.org.pt\/castelo-branco\/blog\/2025\/06\/23\/no-passado-dia-13-de-junho-visita-ao-tribunal-judicial-da-comarca-de-castelo-branco-de-alunos-do-3o-ano\/"},"wordCount":208,"publisher":{"@id":"https:\/\/comarcas.csm.org.pt\/castelo-branco\/#organization"},"image":{"@id":"https:\/\/comarcas.csm.org.pt\/castelo-branco\/blog\/2025\/06\/23\/no-passado-dia-13-de-junho-visita-ao-tribunal-judicial-da-comarca-de-castelo-branco-de-alunos-do-3o-ano\/#primaryimage"},"thumbnailUrl":"https:\/\/comarcas.csm.org.pt\/castelo-branco\/wp-content\/uploads\/sites\/11\/2025\/03\/Tribunal_de_Castelo_Branco-2-1-e1750240845546.jpg","articleSection":["Visitas"],"inLanguage":"pt-PT"},{"@type":"WebPage","@id":"https:\/\/comarcas.csm.org.pt\/castelo-branco\/blog\/2025\/06\/23\/no-passado-dia-13-de-junho-visita-ao-tribunal-judicial-da-comarca-de-castelo-branco-de-alunos-do-3o-ano\/","url":"https:\/\/comarcas.csm.org.pt\/castelo-branco\/blog\/2025\/06\/23\/no-passado-dia-13-de-junho-visita-ao-tribunal-judicial-da-comarca-de-castelo-branco-de-alunos-do-3o-ano\/","name":"No passado dia 13 de junho, Visita ao Tribunal Judicial da Comarca de Castelo Branco de alunos do 3\u00ba ano - Tribunal Judicial da Comarca de Castelo Branco","isPartOf":{"@id":"https:\/\/comarcas.csm.org.pt\/castelo-branco\/#website"},"primaryImageOfPage":{"@id":"https:\/\/comarcas.csm.org.pt\/castelo-branco\/blog\/2025\/06\/23\/no-passado-dia-13-de-junho-visita-ao-tribunal-judicial-da-comarca-de-castelo-branco-de-alunos-do-3o-ano\/#primaryimage"},"image":{"@id":"https:\/\/comarcas.csm.org.pt\/castelo-branco\/blog\/2025\/06\/23\/no-passado-dia-13-de-junho-visita-ao-tribunal-judicial-da-comarca-de-castelo-branco-de-alunos-do-3o-ano\/#primaryimage"},"thumbnailUrl":"https:\/\/comarcas.csm.org.pt\/castelo-branco\/wp-content\/uploads\/sites\/11\/2025\/03\/Tribunal_de_Castelo_Branco-2-1-e1750240845546.jpg","datePublished":"2025-06-23T09:12:22+00:00","dateModified":"2025-06-24T08:31:19+00:00","breadcrumb":{"@id":"https:\/\/comarcas.csm.org.pt\/castelo-branco\/blog\/2025\/06\/23\/no-passado-dia-13-de-junho-visita-ao-tribunal-judicial-da-comarca-de-castelo-branco-de-alunos-do-3o-ano\/#breadcrumb"},"inLanguage":"pt-PT","potentialAction":[{"@type":"ReadAction","target":["https:\/\/comarcas.csm.org.pt\/castelo-branco\/blog\/2025\/06\/23\/no-passado-dia-13-de-junho-visita-ao-tribunal-judicial-da-comarca-de-castelo-branco-de-alunos-do-3o-ano\/"]}]},{"@type":"ImageObject","inLanguage":"pt-PT","@id":"https:\/\/comarcas.csm.org.pt\/castelo-branco\/blog\/2025\/06\/23\/no-passado-dia-13-de-junho-visita-ao-tribunal-judicial-da-comarca-de-castelo-branco-de-alunos-do-3o-ano\/#primaryimage","url":"https:\/\/comarcas.csm.org.pt\/castelo-branco\/wp-content\/uploads\/sites\/11\/2025\/03\/Tribunal_de_Castelo_Branco-2-1-e1750240845546.jpg","contentUrl":"https:\/\/comarcas.csm.org.pt\/castelo-branco\/wp-content\/uploads\/sites\/11\/2025\/03\/Tribunal_de_Castelo_Branco-2-1-e1750240845546.jpg","width":1610,"height":816},{"@type":"BreadcrumbList","@id":"https:\/\/comarcas.csm.org.pt\/castelo-branco\/blog\/2025\/06\/23\/no-passado-dia-13-de-junho-visita-ao-tribunal-judicial-da-comarca-de-castelo-branco-de-alunos-do-3o-ano\/#breadcrumb","itemListElement":[{"@type":"ListItem","position":1,"name":"In\u00edcio","item":"https:\/\/comarcas.csm.org.pt\/castelo-branco\/"},{"@type":"ListItem","position":2,"name":"No passado dia 13 de junho, Visita ao Tribunal Judicial da Comarca de Castelo Branco de alunos do 3\u00ba ano"}]},{"@type":"WebSite","@id":"https:\/\/comarcas.csm.org.pt\/castelo-branco\/#website","url":"https:\/\/comarcas.csm.org.pt\/castelo-branco\/","name":"Tribunal Judicial da Comarca de Castelo Branco","description":"Tribunal Judicial da Comarca de Aveiro","publisher":{"@id":"https:\/\/comarcas.csm.org.pt\/castelo-branco\/#organization"},"potentialAction":[{"@type":"SearchAction","target":{"@type":"EntryPoint","urlTemplate":"https:\/\/comarcas.csm.org.pt\/castelo-branco\/?s={search_term_string}"},"query-input":{"@type":"PropertyValueSpecification","valueRequired":true,"valueName":"search_term_string"}}],"inLanguage":"pt-PT"},{"@type":"Organization","@id":"https:\/\/comarcas.csm.org.pt\/castelo-branco\/#organization","name":"Tribunal Judicial da Comarca de Castelo Branco","url":"https:\/\/comarcas.csm.org.pt\/castelo-branco\/","logo":{"@type":"ImageObject","inLanguage":"pt-PT","@id":"https:\/\/comarcas.csm.org.pt\/castelo-branco\/#\/schema\/logo\/image\/","url":"https:\/\/comarcas.csm.org.pt\/castelo-branco\/wp-content\/uploads\/sites\/11\/2024\/11\/C-Branco_positivo-horizontal.png","contentUrl":"https:\/\/comarcas.csm.org.pt\/castelo-branco\/wp-content\/uploads\/sites\/11\/2024\/11\/C-Branco_positivo-horizontal.png","width":5388,"height":998,"caption":"Tribunal Judicial da Comarca de Castelo Branco"},"image":{"@id":"https:\/\/comarcas.csm.org.pt\/castelo-branco\/#\/schema\/logo\/image\/"}},{"@type":"Person","@id":"https:\/\/comarcas.csm.org.pt\/castelo-branco\/#\/schema\/person\/24fa48095ce1c501bed655f4db842a35","name":"castelobranco","image":{"@type":"ImageObject","inLanguage":"pt-PT","@id":"https:\/\/comarcas.csm.org.pt\/castelo-branco\/#\/schema\/person\/image\/","url":"https:\/\/secure.gravatar.com\/avatar\/b65bed7dee19b9d42764d616ec14c665724bdb456f6a2e4dcf88731279b627b2?s=96&d=mm&r=g","contentUrl":"https:\/\/secure.gravatar.com\/avatar\/b65bed7dee19b9d42764d616ec14c665724bdb456f6a2e4dcf88731279b627b2?s=96&d=mm&r=g","caption":"castelobranco"},"url":"https:\/\/comarcas.csm.org.pt\/castelo-branco\/blog\/author\/castelobranco\/"}]}},"_links":{"self":[{"href":"https:\/\/comarcas.csm.org.pt\/castelo-branco\/wp-json\/wp\/v2\/posts\/13401","targetHints":{"allow":["GET"]}}],"collection":[{"href":"https:\/\/comarcas.csm.org.pt\/castelo-branco\/wp-json\/wp\/v2\/posts"}],"about":[{"href":"https:\/\/comarcas.csm.org.pt\/castelo-branco\/wp-json\/wp\/v2\/types\/post"}],"author":[{"embeddable":true,"href":"https:\/\/comarcas.csm.org.pt\/castelo-branco\/wp-json\/wp\/v2\/users\/11"}],"replies":[{"embeddable":true,"href":"https:\/\/comarcas.csm.org.pt\/castelo-branco\/wp-json\/wp\/v2\/comments?post=13401"}],"version-history":[{"count":5,"href":"https:\/\/comarcas.csm.org.pt\/castelo-branco\/wp-json\/wp\/v2\/posts\/13401\/revisions"}],"predecessor-version":[{"id":13411,"href":"https:\/\/comarcas.csm.org.pt\/castelo-branco\/wp-json\/wp\/v2\/posts\/13401\/revisions\/13411"}],"wp:featuredmedia":[{"embeddable":true,"href":"https:\/\/comarcas.csm.org.pt\/castelo-branco\/wp-json\/wp\/v2\/media\/11987"}],"wp:attachment":[{"href":"https:\/\/comarcas.csm.org.pt\/castelo-branco\/wp-json\/wp\/v2\/media?parent=13401"}],"wp:term":[{"taxonomy":"category","embeddable":true,"href":"https:\/\/comarcas.csm.org.pt\/castelo-branco\/wp-json\/wp\/v2\/categories?post=13401"},{"taxonomy":"post_tag","embeddable":true,"href":"https:\/\/comarcas.csm.org.pt\/castelo-branco\/wp-json\/wp\/v2\/tags?post=13401"}],"curies":[{"name":"wp","href":"https:\/\/api.w.org\/{rel}","templated":true}]}}