{"id":12021,"date":"2025-05-15T14:42:28","date_gmt":"2025-05-15T14:42:28","guid":{"rendered":"https:\/\/comarcas.vvr.pt\/coimbra\/?p=12005"},"modified":"2025-05-15T14:42:28","modified_gmt":"2025-05-15T14:42:28","slug":"inauguracao-da-exposicao-manif","status":"publish","type":"post","link":"https:\/\/comarcas.csm.org.pt\/coimbra\/blog\/2025\/05\/15\/inauguracao-da-exposicao-manif\/","title":{"rendered":"inaugura\u00e7\u00e3o da exposi\u00e7\u00e3o MANIF"},"content":{"rendered":"\t\t<div data-elementor-type=\"wp-post\" data-elementor-id=\"12021\" class=\"elementor elementor-12021\" data-elementor-post-type=\"post\">\n\t\t\t\t<div class=\"elementor-element elementor-element-37efbc99 e-flex e-con-boxed e-con e-parent\" data-id=\"37efbc99\" data-element_type=\"container\">\n\t\t\t\t\t<div class=\"e-con-inner\">\n\t\t\t\t<div class=\"elementor-element elementor-element-736bc2db elementor-widget elementor-widget-text-editor\" data-id=\"736bc2db\" data-element_type=\"widget\" data-widget_type=\"text-editor.default\">\n\t\t\t\t<div class=\"elementor-widget-container\">\n\t\t\t\t\t\t\t\t\t\n<p>No dia <strong>16 de maio de 2025 das 14h00m \u00e0s 17h30m<\/strong> ser\u00e1 realizada a inaugura\u00e7\u00e3o da <strong>exposi\u00e7\u00e3o MANIF<\/strong> no Sal\u00e3o Nobre do Tribunal da Rela\u00e7\u00e3o de Coimbra. Haver\u00e1 ainda uma <strong>exposi\u00e7\u00e3o da obra \u201cVistas do Mondego\u201d (2025) de Pedro Vaz na sala de audi\u00eancias n\u00ba1 do Tribunal Judicial da Comarca de Coimbra.<\/strong> A apresenta\u00e7\u00e3o estar\u00e1 a cargo da diretora art\u00edstica Filipa Morgado, do Juiz Presidente do Tribunal da Rela\u00e7\u00e3o de Coimbra, Dr. Jorge Loureiro e do Juiz Presidente do Tribunal Judicial da Comarca de Coimbra, Dr. Carlos Oliveira.<\/p>\n<div class=\"wp-block-group alignwide\"><\/div>\n<!-- \/wp:group -->\t\t\t\t\t\t\t\t<\/div>\n\t\t\t\t<\/div>\n\t\t\t\t\t<\/div>\n\t\t\t\t<\/div>\n\t\t<div class=\"elementor-element elementor-element-0dd2822 e-flex e-con-boxed e-con e-parent\" data-id=\"0dd2822\" data-element_type=\"container\">\n\t\t\t\t\t<div class=\"e-con-inner\">\n\t\t<div class=\"elementor-element elementor-element-21ada18 e-con-full e-flex e-con e-child\" data-id=\"21ada18\" data-element_type=\"container\">\n\t\t\t\t<div class=\"elementor-element elementor-element-02cda01 elementor-widget elementor-widget-image\" data-id=\"02cda01\" data-element_type=\"widget\" data-widget_type=\"image.default\">\n\t\t\t\t<div class=\"elementor-widget-container\">\n\t\t\t\t\t\t\t\t\t\t\t\t\t\t\t<img fetchpriority=\"high\" decoding=\"async\" width=\"646\" height=\"939\" src=\"https:\/\/comarcas.csm.org.pt\/coimbra\/wp-content\/uploads\/sites\/12\/2025\/05\/1-1.jpg\" class=\"attachment-large size-large wp-image-12010\" alt=\"\" srcset=\"https:\/\/comarcas.csm.org.pt\/coimbra\/wp-content\/uploads\/sites\/12\/2025\/05\/1-1.jpg 646w, https:\/\/comarcas.csm.org.pt\/coimbra\/wp-content\/uploads\/sites\/12\/2025\/05\/1-1-206x300.jpg 206w\" sizes=\"(max-width: 646px) 100vw, 646px\" \/>\t\t\t\t\t\t\t\t\t\t\t\t\t\t\t<\/div>\n\t\t\t\t<\/div>\n\t\t\t\t<\/div>\n\t\t<div class=\"elementor-element elementor-element-2fd9a20 e-con-full e-flex e-con e-child\" data-id=\"2fd9a20\" data-element_type=\"container\">\n\t\t\t\t<div class=\"elementor-element elementor-element-b78eacf elementor-widget elementor-widget-image\" data-id=\"b78eacf\" data-element_type=\"widget\" data-widget_type=\"image.default\">\n\t\t\t\t<div class=\"elementor-widget-container\">\n\t\t\t\t\t\t\t\t\t\t\t\t\t\t\t<img decoding=\"async\" width=\"659\" height=\"909\" src=\"https:\/\/comarcas.csm.org.pt\/coimbra\/wp-content\/uploads\/sites\/12\/2025\/05\/2-2.jpg\" class=\"attachment-large size-large wp-image-12011\" alt=\"\" srcset=\"https:\/\/comarcas.csm.org.pt\/coimbra\/wp-content\/uploads\/sites\/12\/2025\/05\/2-2.jpg 659w, https:\/\/comarcas.csm.org.pt\/coimbra\/wp-content\/uploads\/sites\/12\/2025\/05\/2-2-217x300.jpg 217w\" sizes=\"(max-width: 659px) 100vw, 659px\" \/>\t\t\t\t\t\t\t\t\t\t\t\t\t\t\t<\/div>\n\t\t\t\t<\/div>\n\t\t\t\t<\/div>\n\t\t\t\t\t<\/div>\n\t\t\t\t<\/div>\n\t\t\t\t<\/div>\n\t\t","protected":false},"excerpt":{"rendered":"<p>No dia 16 de maio de 2025 das 14h00m \u00e0s 17h30m ser\u00e1 realizada a inaugura\u00e7\u00e3o da exposi\u00e7\u00e3o MANIF no Sal\u00e3o Nobre do Tribunal da Rela\u00e7\u00e3o de Coimbra. Haver\u00e1 ainda uma exposi\u00e7\u00e3o da obra \u201cVistas do&#8230;<\/p>\n","protected":false},"author":12,"featured_media":0,"comment_status":"closed","ping_status":"open","sticky":false,"template":"","format":"standard","meta":{"_tbt_post_transparent":"","_tbt_post_title":"","_tbt_post_layout":"","_tbt_post_sidebar_id":"","_tbt_post_content_style":"","_tbt_post_vertical_padding":"","_tbt_post_feature":"","_tbt_post_feature_position":"","_tbt_post_header":false,"_tbt_post_footer":false},"categories":[1],"tags":[],"class_list":["post-12021","post","type-post","status-publish","format-standard","hentry","category-geral"],"yoast_head":"<!-- This site is optimized with the Yoast SEO plugin v25.6 - https:\/\/yoast.com\/wordpress\/plugins\/seo\/ -->\n<title>inaugura\u00e7\u00e3o da exposi\u00e7\u00e3o MANIF - Tribunal Judicial da Comarca de Coimbra<\/title>\n<meta name=\"robots\" content=\"index, follow, max-snippet:-1, max-image-preview:large, max-video-preview:-1\" \/>\n<link rel=\"canonical\" href=\"https:\/\/comarcas.csm.org.pt\/coimbra\/blog\/2025\/05\/15\/inauguracao-da-exposicao-manif\/\" \/>\n<meta property=\"og:locale\" content=\"pt_PT\" \/>\n<meta property=\"og:type\" content=\"article\" \/>\n<meta property=\"og:title\" content=\"inaugura\u00e7\u00e3o da exposi\u00e7\u00e3o MANIF - Tribunal Judicial da Comarca de Coimbra\" \/>\n<meta property=\"og:description\" content=\"No dia 16 de maio de 2025 das 14h00m \u00e0s 17h30m ser\u00e1 realizada a inaugura\u00e7\u00e3o da exposi\u00e7\u00e3o MANIF no Sal\u00e3o Nobre do Tribunal da Rela\u00e7\u00e3o de Coimbra. Haver\u00e1 ainda uma exposi\u00e7\u00e3o da obra \u201cVistas do...\" \/>\n<meta property=\"og:url\" content=\"https:\/\/comarcas.csm.org.pt\/coimbra\/blog\/2025\/05\/15\/inauguracao-da-exposicao-manif\/\" \/>\n<meta property=\"og:site_name\" content=\"Tribunal Judicial da Comarca de Coimbra\" \/>\n<meta property=\"article:published_time\" content=\"2025-05-15T14:42:28+00:00\" \/>\n<meta property=\"og:image\" content=\"https:\/\/comarcas.csm.org.pt\/coimbra\/wp-content\/uploads\/sites\/12\/2025\/05\/1-1.jpg\" \/>\n<meta name=\"author\" content=\"coimbra\" \/>\n<meta name=\"twitter:card\" content=\"summary_large_image\" \/>\n<meta name=\"twitter:label1\" content=\"Escrito por\" \/>\n\t<meta name=\"twitter:data1\" content=\"coimbra\" \/>\n\t<meta name=\"twitter:label2\" content=\"Tempo estimado de leitura\" \/>\n\t<meta name=\"twitter:data2\" content=\"1 minuto\" \/>\n<script type=\"application\/ld+json\" class=\"yoast-schema-graph\">{\"@context\":\"https:\/\/schema.org\",\"@graph\":[{\"@type\":\"Article\",\"@id\":\"https:\/\/comarcas.csm.org.pt\/coimbra\/blog\/2025\/05\/15\/inauguracao-da-exposicao-manif\/#article\",\"isPartOf\":{\"@id\":\"https:\/\/comarcas.csm.org.pt\/coimbra\/blog\/2025\/05\/15\/inauguracao-da-exposicao-manif\/\"},\"author\":{\"name\":\"coimbra\",\"@id\":\"https:\/\/comarcas.csm.org.pt\/coimbra\/#\/schema\/person\/abdad74e1a92691f7c0a2d1dcbdd8845\"},\"headline\":\"inaugura\u00e7\u00e3o da exposi\u00e7\u00e3o MANIF\",\"datePublished\":\"2025-05-15T14:42:28+00:00\",\"mainEntityOfPage\":{\"@id\":\"https:\/\/comarcas.csm.org.pt\/coimbra\/blog\/2025\/05\/15\/inauguracao-da-exposicao-manif\/\"},\"wordCount\":102,\"publisher\":{\"@id\":\"https:\/\/comarcas.csm.org.pt\/coimbra\/#organization\"},\"image\":{\"@id\":\"https:\/\/comarcas.csm.org.pt\/coimbra\/blog\/2025\/05\/15\/inauguracao-da-exposicao-manif\/#primaryimage\"},\"thumbnailUrl\":\"https:\/\/comarcas.csm.org.pt\/coimbra\/wp-content\/uploads\/sites\/12\/2025\/05\/1-1.jpg\",\"articleSection\":[\"Geral\"],\"inLanguage\":\"pt-PT\"},{\"@type\":\"WebPage\",\"@id\":\"https:\/\/comarcas.csm.org.pt\/coimbra\/blog\/2025\/05\/15\/inauguracao-da-exposicao-manif\/\",\"url\":\"https:\/\/comarcas.csm.org.pt\/coimbra\/blog\/2025\/05\/15\/inauguracao-da-exposicao-manif\/\",\"name\":\"inaugura\u00e7\u00e3o da exposi\u00e7\u00e3o MANIF - Tribunal Judicial da Comarca de Coimbra\",\"isPartOf\":{\"@id\":\"https:\/\/comarcas.csm.org.pt\/coimbra\/#website\"},\"primaryImageOfPage\":{\"@id\":\"https:\/\/comarcas.csm.org.pt\/coimbra\/blog\/2025\/05\/15\/inauguracao-da-exposicao-manif\/#primaryimage\"},\"image\":{\"@id\":\"https:\/\/comarcas.csm.org.pt\/coimbra\/blog\/2025\/05\/15\/inauguracao-da-exposicao-manif\/#primaryimage\"},\"thumbnailUrl\":\"https:\/\/comarcas.csm.org.pt\/coimbra\/wp-content\/uploads\/sites\/12\/2025\/05\/1-1.jpg\",\"datePublished\":\"2025-05-15T14:42:28+00:00\",\"breadcrumb\":{\"@id\":\"https:\/\/comarcas.csm.org.pt\/coimbra\/blog\/2025\/05\/15\/inauguracao-da-exposicao-manif\/#breadcrumb\"},\"inLanguage\":\"pt-PT\",\"potentialAction\":[{\"@type\":\"ReadAction\",\"target\":[\"https:\/\/comarcas.csm.org.pt\/coimbra\/blog\/2025\/05\/15\/inauguracao-da-exposicao-manif\/\"]}]},{\"@type\":\"ImageObject\",\"inLanguage\":\"pt-PT\",\"@id\":\"https:\/\/comarcas.csm.org.pt\/coimbra\/blog\/2025\/05\/15\/inauguracao-da-exposicao-manif\/#primaryimage\",\"url\":\"https:\/\/comarcas.csm.org.pt\/coimbra\/wp-content\/uploads\/sites\/12\/2025\/05\/1-1.jpg\",\"contentUrl\":\"https:\/\/comarcas.csm.org.pt\/coimbra\/wp-content\/uploads\/sites\/12\/2025\/05\/1-1.jpg\",\"width\":646,\"height\":939},{\"@type\":\"BreadcrumbList\",\"@id\":\"https:\/\/comarcas.csm.org.pt\/coimbra\/blog\/2025\/05\/15\/inauguracao-da-exposicao-manif\/#breadcrumb\",\"itemListElement\":[{\"@type\":\"ListItem\",\"position\":1,\"name\":\"In\u00edcio\",\"item\":\"https:\/\/comarcas.csm.org.pt\/coimbra\/\"},{\"@type\":\"ListItem\",\"position\":2,\"name\":\"inaugura\u00e7\u00e3o da exposi\u00e7\u00e3o MANIF\"}]},{\"@type\":\"WebSite\",\"@id\":\"https:\/\/comarcas.csm.org.pt\/coimbra\/#website\",\"url\":\"https:\/\/comarcas.csm.org.pt\/coimbra\/\",\"name\":\"Tribunal Judicial da Comarca de Coimbra\",\"description\":\"Tribunal Judicial da Comarca de Aveiro\",\"publisher\":{\"@id\":\"https:\/\/comarcas.csm.org.pt\/coimbra\/#organization\"},\"potentialAction\":[{\"@type\":\"SearchAction\",\"target\":{\"@type\":\"EntryPoint\",\"urlTemplate\":\"https:\/\/comarcas.csm.org.pt\/coimbra\/?s={search_term_string}\"},\"query-input\":{\"@type\":\"PropertyValueSpecification\",\"valueRequired\":true,\"valueName\":\"search_term_string\"}}],\"inLanguage\":\"pt-PT\"},{\"@type\":\"Organization\",\"@id\":\"https:\/\/comarcas.csm.org.pt\/coimbra\/#organization\",\"name\":\"Tribunal Judicial da Comarca de Coimbra\",\"url\":\"https:\/\/comarcas.csm.org.pt\/coimbra\/\",\"logo\":{\"@type\":\"ImageObject\",\"inLanguage\":\"pt-PT\",\"@id\":\"https:\/\/comarcas.csm.org.pt\/coimbra\/#\/schema\/logo\/image\/\",\"url\":\"https:\/\/comarcas.csm.org.pt\/coimbra\/wp-content\/uploads\/sites\/12\/2024\/11\/Coimbra_positivo-horizontal.png\",\"contentUrl\":\"https:\/\/comarcas.csm.org.pt\/coimbra\/wp-content\/uploads\/sites\/12\/2024\/11\/Coimbra_positivo-horizontal.png\",\"width\":4163,\"height\":1224,\"caption\":\"Tribunal Judicial da Comarca de Coimbra\"},\"image\":{\"@id\":\"https:\/\/comarcas.csm.org.pt\/coimbra\/#\/schema\/logo\/image\/\"}},{\"@type\":\"Person\",\"@id\":\"https:\/\/comarcas.csm.org.pt\/coimbra\/#\/schema\/person\/abdad74e1a92691f7c0a2d1dcbdd8845\",\"name\":\"coimbra\",\"image\":{\"@type\":\"ImageObject\",\"inLanguage\":\"pt-PT\",\"@id\":\"https:\/\/comarcas.csm.org.pt\/coimbra\/#\/schema\/person\/image\/\",\"url\":\"https:\/\/secure.gravatar.com\/avatar\/6d4f74ba5cb7dcac2fc75554b5524f14438f2630a7d1bb4275b3f8934a51b904?s=96&d=mm&r=g\",\"contentUrl\":\"https:\/\/secure.gravatar.com\/avatar\/6d4f74ba5cb7dcac2fc75554b5524f14438f2630a7d1bb4275b3f8934a51b904?s=96&d=mm&r=g\",\"caption\":\"coimbra\"},\"url\":\"https:\/\/comarcas.csm.org.pt\/coimbra\/blog\/author\/coimbra\/\"}]}<\/script>\n<!-- \/ Yoast SEO plugin. -->","yoast_head_json":{"title":"inaugura\u00e7\u00e3o da exposi\u00e7\u00e3o MANIF - Tribunal Judicial da Comarca de Coimbra","robots":{"index":"index","follow":"follow","max-snippet":"max-snippet:-1","max-image-preview":"max-image-preview:large","max-video-preview":"max-video-preview:-1"},"canonical":"https:\/\/comarcas.csm.org.pt\/coimbra\/blog\/2025\/05\/15\/inauguracao-da-exposicao-manif\/","og_locale":"pt_PT","og_type":"article","og_title":"inaugura\u00e7\u00e3o da exposi\u00e7\u00e3o MANIF - Tribunal Judicial da Comarca de Coimbra","og_description":"No dia 16 de maio de 2025 das 14h00m \u00e0s 17h30m ser\u00e1 realizada a inaugura\u00e7\u00e3o da exposi\u00e7\u00e3o MANIF no Sal\u00e3o Nobre do Tribunal da Rela\u00e7\u00e3o de Coimbra. Haver\u00e1 ainda uma exposi\u00e7\u00e3o da obra \u201cVistas do...","og_url":"https:\/\/comarcas.csm.org.pt\/coimbra\/blog\/2025\/05\/15\/inauguracao-da-exposicao-manif\/","og_site_name":"Tribunal Judicial da Comarca de Coimbra","article_published_time":"2025-05-15T14:42:28+00:00","og_image":[{"url":"https:\/\/comarcas.csm.org.pt\/coimbra\/wp-content\/uploads\/sites\/12\/2025\/05\/1-1.jpg","type":"","width":"","height":""}],"author":"coimbra","twitter_card":"summary_large_image","twitter_misc":{"Escrito por":"coimbra","Tempo estimado de leitura":"1 minuto"},"schema":{"@context":"https:\/\/schema.org","@graph":[{"@type":"Article","@id":"https:\/\/comarcas.csm.org.pt\/coimbra\/blog\/2025\/05\/15\/inauguracao-da-exposicao-manif\/#article","isPartOf":{"@id":"https:\/\/comarcas.csm.org.pt\/coimbra\/blog\/2025\/05\/15\/inauguracao-da-exposicao-manif\/"},"author":{"name":"coimbra","@id":"https:\/\/comarcas.csm.org.pt\/coimbra\/#\/schema\/person\/abdad74e1a92691f7c0a2d1dcbdd8845"},"headline":"inaugura\u00e7\u00e3o da exposi\u00e7\u00e3o MANIF","datePublished":"2025-05-15T14:42:28+00:00","mainEntityOfPage":{"@id":"https:\/\/comarcas.csm.org.pt\/coimbra\/blog\/2025\/05\/15\/inauguracao-da-exposicao-manif\/"},"wordCount":102,"publisher":{"@id":"https:\/\/comarcas.csm.org.pt\/coimbra\/#organization"},"image":{"@id":"https:\/\/comarcas.csm.org.pt\/coimbra\/blog\/2025\/05\/15\/inauguracao-da-exposicao-manif\/#primaryimage"},"thumbnailUrl":"https:\/\/comarcas.csm.org.pt\/coimbra\/wp-content\/uploads\/sites\/12\/2025\/05\/1-1.jpg","articleSection":["Geral"],"inLanguage":"pt-PT"},{"@type":"WebPage","@id":"https:\/\/comarcas.csm.org.pt\/coimbra\/blog\/2025\/05\/15\/inauguracao-da-exposicao-manif\/","url":"https:\/\/comarcas.csm.org.pt\/coimbra\/blog\/2025\/05\/15\/inauguracao-da-exposicao-manif\/","name":"inaugura\u00e7\u00e3o da exposi\u00e7\u00e3o MANIF - Tribunal Judicial da Comarca de Coimbra","isPartOf":{"@id":"https:\/\/comarcas.csm.org.pt\/coimbra\/#website"},"primaryImageOfPage":{"@id":"https:\/\/comarcas.csm.org.pt\/coimbra\/blog\/2025\/05\/15\/inauguracao-da-exposicao-manif\/#primaryimage"},"image":{"@id":"https:\/\/comarcas.csm.org.pt\/coimbra\/blog\/2025\/05\/15\/inauguracao-da-exposicao-manif\/#primaryimage"},"thumbnailUrl":"https:\/\/comarcas.csm.org.pt\/coimbra\/wp-content\/uploads\/sites\/12\/2025\/05\/1-1.jpg","datePublished":"2025-05-15T14:42:28+00:00","breadcrumb":{"@id":"https:\/\/comarcas.csm.org.pt\/coimbra\/blog\/2025\/05\/15\/inauguracao-da-exposicao-manif\/#breadcrumb"},"inLanguage":"pt-PT","potentialAction":[{"@type":"ReadAction","target":["https:\/\/comarcas.csm.org.pt\/coimbra\/blog\/2025\/05\/15\/inauguracao-da-exposicao-manif\/"]}]},{"@type":"ImageObject","inLanguage":"pt-PT","@id":"https:\/\/comarcas.csm.org.pt\/coimbra\/blog\/2025\/05\/15\/inauguracao-da-exposicao-manif\/#primaryimage","url":"https:\/\/comarcas.csm.org.pt\/coimbra\/wp-content\/uploads\/sites\/12\/2025\/05\/1-1.jpg","contentUrl":"https:\/\/comarcas.csm.org.pt\/coimbra\/wp-content\/uploads\/sites\/12\/2025\/05\/1-1.jpg","width":646,"height":939},{"@type":"BreadcrumbList","@id":"https:\/\/comarcas.csm.org.pt\/coimbra\/blog\/2025\/05\/15\/inauguracao-da-exposicao-manif\/#breadcrumb","itemListElement":[{"@type":"ListItem","position":1,"name":"In\u00edcio","item":"https:\/\/comarcas.csm.org.pt\/coimbra\/"},{"@type":"ListItem","position":2,"name":"inaugura\u00e7\u00e3o da exposi\u00e7\u00e3o MANIF"}]},{"@type":"WebSite","@id":"https:\/\/comarcas.csm.org.pt\/coimbra\/#website","url":"https:\/\/comarcas.csm.org.pt\/coimbra\/","name":"Tribunal Judicial da Comarca de Coimbra","description":"Tribunal Judicial da Comarca de Aveiro","publisher":{"@id":"https:\/\/comarcas.csm.org.pt\/coimbra\/#organization"},"potentialAction":[{"@type":"SearchAction","target":{"@type":"EntryPoint","urlTemplate":"https:\/\/comarcas.csm.org.pt\/coimbra\/?s={search_term_string}"},"query-input":{"@type":"PropertyValueSpecification","valueRequired":true,"valueName":"search_term_string"}}],"inLanguage":"pt-PT"},{"@type":"Organization","@id":"https:\/\/comarcas.csm.org.pt\/coimbra\/#organization","name":"Tribunal Judicial da Comarca de Coimbra","url":"https:\/\/comarcas.csm.org.pt\/coimbra\/","logo":{"@type":"ImageObject","inLanguage":"pt-PT","@id":"https:\/\/comarcas.csm.org.pt\/coimbra\/#\/schema\/logo\/image\/","url":"https:\/\/comarcas.csm.org.pt\/coimbra\/wp-content\/uploads\/sites\/12\/2024\/11\/Coimbra_positivo-horizontal.png","contentUrl":"https:\/\/comarcas.csm.org.pt\/coimbra\/wp-content\/uploads\/sites\/12\/2024\/11\/Coimbra_positivo-horizontal.png","width":4163,"height":1224,"caption":"Tribunal Judicial da Comarca de Coimbra"},"image":{"@id":"https:\/\/comarcas.csm.org.pt\/coimbra\/#\/schema\/logo\/image\/"}},{"@type":"Person","@id":"https:\/\/comarcas.csm.org.pt\/coimbra\/#\/schema\/person\/abdad74e1a92691f7c0a2d1dcbdd8845","name":"coimbra","image":{"@type":"ImageObject","inLanguage":"pt-PT","@id":"https:\/\/comarcas.csm.org.pt\/coimbra\/#\/schema\/person\/image\/","url":"https:\/\/secure.gravatar.com\/avatar\/6d4f74ba5cb7dcac2fc75554b5524f14438f2630a7d1bb4275b3f8934a51b904?s=96&d=mm&r=g","contentUrl":"https:\/\/secure.gravatar.com\/avatar\/6d4f74ba5cb7dcac2fc75554b5524f14438f2630a7d1bb4275b3f8934a51b904?s=96&d=mm&r=g","caption":"coimbra"},"url":"https:\/\/comarcas.csm.org.pt\/coimbra\/blog\/author\/coimbra\/"}]}},"_links":{"self":[{"href":"https:\/\/comarcas.csm.org.pt\/coimbra\/wp-json\/wp\/v2\/posts\/12021","targetHints":{"allow":["GET"]}}],"collection":[{"href":"https:\/\/comarcas.csm.org.pt\/coimbra\/wp-json\/wp\/v2\/posts"}],"about":[{"href":"https:\/\/comarcas.csm.org.pt\/coimbra\/wp-json\/wp\/v2\/types\/post"}],"author":[{"embeddable":true,"href":"https:\/\/comarcas.csm.org.pt\/coimbra\/wp-json\/wp\/v2\/users\/12"}],"replies":[{"embeddable":true,"href":"https:\/\/comarcas.csm.org.pt\/coimbra\/wp-json\/wp\/v2\/comments?post=12021"}],"version-history":[{"count":0,"href":"https:\/\/comarcas.csm.org.pt\/coimbra\/wp-json\/wp\/v2\/posts\/12021\/revisions"}],"wp:attachment":[{"href":"https:\/\/comarcas.csm.org.pt\/coimbra\/wp-json\/wp\/v2\/media?parent=12021"}],"wp:term":[{"taxonomy":"category","embeddable":true,"href":"https:\/\/comarcas.csm.org.pt\/coimbra\/wp-json\/wp\/v2\/categories?post=12021"},{"taxonomy":"post_tag","embeddable":true,"href":"https:\/\/comarcas.csm.org.pt\/coimbra\/wp-json\/wp\/v2\/tags?post=12021"}],"curies":[{"name":"wp","href":"https:\/\/api.w.org\/{rel}","templated":true}]}}