{"id":41652,"date":"2025-06-26T09:00:51","date_gmt":"2025-06-26T09:00:51","guid":{"rendered":"https:\/\/comarcas.csm.org.pt\/coimbra\/?p=41652"},"modified":"2025-06-26T09:00:52","modified_gmt":"2025-06-26T09:00:52","slug":"ode-ao-novo-palacio-da-justica","status":"publish","type":"post","link":"https:\/\/comarcas.csm.org.pt\/coimbra\/blog\/2025\/06\/26\/ode-ao-novo-palacio-da-justica\/","title":{"rendered":"ODE AO NOVO PAL\u00c1CIO DA JUSTI\u00c7A"},"content":{"rendered":"\n<p>\u201cOs tribunais constituem um baluarte na defesa dos direitos e liberdades fundamentais das pessoas. Est\u00e3o sempre ao servi\u00e7o do cidad\u00e3o, no qual reside a raz\u00e3o da sua exist\u00eancia. Por isso, esta rela\u00e7\u00e3o entre os tribunais e o cidad\u00e3o \u00e9 muito cara a todos os profissionais da justi\u00e7a. Ora, a abertura dos tribunais \u00e0 sociedade e \u00e0 cultura fomentam a transpar\u00eancia e a confian\u00e7a dos cidad\u00e3os no nosso sistema de justi\u00e7a, e fortalece essa rela\u00e7\u00e3o.<br>Perseguindo esses desideratos, o Tribunal da Rela\u00e7\u00e3o de Coimbra, o Tribunal da Comarca de Coimbra e a Orquestra Cl\u00e1ssica do Centro t\u00eam organizado concertos de m\u00fasica cl\u00e1ssica, integrados no ciclo \u201cConcertos da Justi\u00e7a\u201d, na Rua da Sofia, na parte cont\u00edgua \u00e0 entrada do Pal\u00e1cio da Justi\u00e7a de Coimbra, oferecidos \u00e0 cidade e aos cidad\u00e3os.<br>No pr\u00f3ximo dia 28 de junho de 2025, s\u00e1bado, pelas 21 horas, realizar-se-\u00e1 mais um concerto integrado nesse ciclo, mas especialmente dedicado a evocar a mem\u00f3ria de um ilustre cidad\u00e3o de Coimbra, o m\u00fasico Carlos Paredes, e a celebrar o in\u00edcio do projeto conducente \u00e0 constru\u00e7\u00e3o do novo Pal\u00e1cio da Justi\u00e7a de Coimbra.<br>Assim, porque muito valiosa, contamos com a presen\u00e7a e participa\u00e7\u00e3o de todos!\u201d<br>O Juiz Presidente da Comarca de Coimbra, Carlos Oliveira.<\/p>\n\n\n\n<figure class=\"wp-block-gallery has-nested-images columns-default is-cropped wp-block-gallery-1 is-layout-flex wp-block-gallery-is-layout-flex\">\n<figure class=\"wp-block-image size-large\"><img fetchpriority=\"high\" decoding=\"async\" width=\"651\" height=\"873\" data-id=\"41653\" src=\"https:\/\/comarcas.csm.org.pt\/coimbra\/wp-content\/uploads\/sites\/12\/2025\/06\/concerto-1.jpg\" alt=\"\" class=\"wp-image-41653\" srcset=\"https:\/\/comarcas.csm.org.pt\/coimbra\/wp-content\/uploads\/sites\/12\/2025\/06\/concerto-1.jpg 651w, https:\/\/comarcas.csm.org.pt\/coimbra\/wp-content\/uploads\/sites\/12\/2025\/06\/concerto-1-224x300.jpg 224w\" sizes=\"(max-width: 651px) 100vw, 651px\" \/><\/figure>\n<\/figure>\n","protected":false},"excerpt":{"rendered":"<p>\u201cOs tribunais constituem um baluarte na defesa dos direitos e liberdades fundamentais das pessoas. Est\u00e3o sempre ao servi\u00e7o do cidad\u00e3o, no qual reside a raz\u00e3o da sua exist\u00eancia. Por isso, esta rela\u00e7\u00e3o entre os tribunais&#8230;<\/p>\n","protected":false},"author":12,"featured_media":0,"comment_status":"closed","ping_status":"open","sticky":false,"template":"","format":"standard","meta":{"_tbt_post_transparent":"","_tbt_post_title":"","_tbt_post_layout":"","_tbt_post_sidebar_id":"","_tbt_post_content_style":"","_tbt_post_vertical_padding":"","_tbt_post_feature":"","_tbt_post_feature_position":"","_tbt_post_header":false,"_tbt_post_footer":false},"categories":[1],"tags":[],"class_list":["post-41652","post","type-post","status-publish","format-standard","hentry","category-geral"],"yoast_head":"<!-- This site is optimized with the Yoast SEO plugin v25.6 - https:\/\/yoast.com\/wordpress\/plugins\/seo\/ -->\n<title>ODE AO NOVO PAL\u00c1CIO DA JUSTI\u00c7A - Tribunal Judicial da Comarca de Coimbra<\/title>\n<meta name=\"robots\" content=\"index, follow, max-snippet:-1, max-image-preview:large, max-video-preview:-1\" \/>\n<link rel=\"canonical\" href=\"https:\/\/comarcas.csm.org.pt\/coimbra\/blog\/2025\/06\/26\/ode-ao-novo-palacio-da-justica\/\" \/>\n<meta property=\"og:locale\" content=\"pt_PT\" \/>\n<meta property=\"og:type\" content=\"article\" \/>\n<meta property=\"og:title\" content=\"ODE AO NOVO PAL\u00c1CIO DA JUSTI\u00c7A - Tribunal Judicial da Comarca de Coimbra\" \/>\n<meta property=\"og:description\" content=\"\u201cOs tribunais constituem um baluarte na defesa dos direitos e liberdades fundamentais das pessoas. Est\u00e3o sempre ao servi\u00e7o do cidad\u00e3o, no qual reside a raz\u00e3o da sua exist\u00eancia. Por isso, esta rela\u00e7\u00e3o entre os tribunais...\" \/>\n<meta property=\"og:url\" content=\"https:\/\/comarcas.csm.org.pt\/coimbra\/blog\/2025\/06\/26\/ode-ao-novo-palacio-da-justica\/\" \/>\n<meta property=\"og:site_name\" content=\"Tribunal Judicial da Comarca de Coimbra\" \/>\n<meta property=\"article:published_time\" content=\"2025-06-26T09:00:51+00:00\" \/>\n<meta property=\"article:modified_time\" content=\"2025-06-26T09:00:52+00:00\" \/>\n<meta property=\"og:image\" content=\"https:\/\/comarcas.csm.org.pt\/coimbra\/wp-content\/uploads\/sites\/12\/2025\/06\/concerto-1.jpg\" \/>\n\t<meta property=\"og:image:width\" content=\"651\" \/>\n\t<meta property=\"og:image:height\" content=\"873\" \/>\n\t<meta property=\"og:image:type\" content=\"image\/jpeg\" \/>\n<meta name=\"author\" content=\"coimbra\" \/>\n<meta name=\"twitter:card\" content=\"summary_large_image\" \/>\n<meta name=\"twitter:label1\" content=\"Escrito por\" \/>\n\t<meta name=\"twitter:data1\" content=\"coimbra\" \/>\n\t<meta name=\"twitter:label2\" content=\"Tempo estimado de leitura\" \/>\n\t<meta name=\"twitter:data2\" content=\"2 minutos\" \/>\n<script type=\"application\/ld+json\" class=\"yoast-schema-graph\">{\"@context\":\"https:\/\/schema.org\",\"@graph\":[{\"@type\":\"Article\",\"@id\":\"https:\/\/comarcas.csm.org.pt\/coimbra\/blog\/2025\/06\/26\/ode-ao-novo-palacio-da-justica\/#article\",\"isPartOf\":{\"@id\":\"https:\/\/comarcas.csm.org.pt\/coimbra\/blog\/2025\/06\/26\/ode-ao-novo-palacio-da-justica\/\"},\"author\":{\"name\":\"coimbra\",\"@id\":\"https:\/\/comarcas.csm.org.pt\/coimbra\/#\/schema\/person\/abdad74e1a92691f7c0a2d1dcbdd8845\"},\"headline\":\"ODE AO NOVO PAL\u00c1CIO DA JUSTI\u00c7A\",\"datePublished\":\"2025-06-26T09:00:51+00:00\",\"dateModified\":\"2025-06-26T09:00:52+00:00\",\"mainEntityOfPage\":{\"@id\":\"https:\/\/comarcas.csm.org.pt\/coimbra\/blog\/2025\/06\/26\/ode-ao-novo-palacio-da-justica\/\"},\"wordCount\":235,\"publisher\":{\"@id\":\"https:\/\/comarcas.csm.org.pt\/coimbra\/#organization\"},\"image\":{\"@id\":\"https:\/\/comarcas.csm.org.pt\/coimbra\/blog\/2025\/06\/26\/ode-ao-novo-palacio-da-justica\/#primaryimage\"},\"thumbnailUrl\":\"https:\/\/comarcas.csm.org.pt\/coimbra\/wp-content\/uploads\/sites\/12\/2025\/06\/concerto-1.jpg\",\"articleSection\":[\"Geral\"],\"inLanguage\":\"pt-PT\"},{\"@type\":\"WebPage\",\"@id\":\"https:\/\/comarcas.csm.org.pt\/coimbra\/blog\/2025\/06\/26\/ode-ao-novo-palacio-da-justica\/\",\"url\":\"https:\/\/comarcas.csm.org.pt\/coimbra\/blog\/2025\/06\/26\/ode-ao-novo-palacio-da-justica\/\",\"name\":\"ODE AO NOVO PAL\u00c1CIO DA JUSTI\u00c7A - Tribunal Judicial da Comarca de Coimbra\",\"isPartOf\":{\"@id\":\"https:\/\/comarcas.csm.org.pt\/coimbra\/#website\"},\"primaryImageOfPage\":{\"@id\":\"https:\/\/comarcas.csm.org.pt\/coimbra\/blog\/2025\/06\/26\/ode-ao-novo-palacio-da-justica\/#primaryimage\"},\"image\":{\"@id\":\"https:\/\/comarcas.csm.org.pt\/coimbra\/blog\/2025\/06\/26\/ode-ao-novo-palacio-da-justica\/#primaryimage\"},\"thumbnailUrl\":\"https:\/\/comarcas.csm.org.pt\/coimbra\/wp-content\/uploads\/sites\/12\/2025\/06\/concerto-1.jpg\",\"datePublished\":\"2025-06-26T09:00:51+00:00\",\"dateModified\":\"2025-06-26T09:00:52+00:00\",\"breadcrumb\":{\"@id\":\"https:\/\/comarcas.csm.org.pt\/coimbra\/blog\/2025\/06\/26\/ode-ao-novo-palacio-da-justica\/#breadcrumb\"},\"inLanguage\":\"pt-PT\",\"potentialAction\":[{\"@type\":\"ReadAction\",\"target\":[\"https:\/\/comarcas.csm.org.pt\/coimbra\/blog\/2025\/06\/26\/ode-ao-novo-palacio-da-justica\/\"]}]},{\"@type\":\"ImageObject\",\"inLanguage\":\"pt-PT\",\"@id\":\"https:\/\/comarcas.csm.org.pt\/coimbra\/blog\/2025\/06\/26\/ode-ao-novo-palacio-da-justica\/#primaryimage\",\"url\":\"https:\/\/comarcas.csm.org.pt\/coimbra\/wp-content\/uploads\/sites\/12\/2025\/06\/concerto-1.jpg\",\"contentUrl\":\"https:\/\/comarcas.csm.org.pt\/coimbra\/wp-content\/uploads\/sites\/12\/2025\/06\/concerto-1.jpg\",\"width\":651,\"height\":873},{\"@type\":\"BreadcrumbList\",\"@id\":\"https:\/\/comarcas.csm.org.pt\/coimbra\/blog\/2025\/06\/26\/ode-ao-novo-palacio-da-justica\/#breadcrumb\",\"itemListElement\":[{\"@type\":\"ListItem\",\"position\":1,\"name\":\"In\u00edcio\",\"item\":\"https:\/\/comarcas.csm.org.pt\/coimbra\/\"},{\"@type\":\"ListItem\",\"position\":2,\"name\":\"ODE AO NOVO PAL\u00c1CIO DA JUSTI\u00c7A\"}]},{\"@type\":\"WebSite\",\"@id\":\"https:\/\/comarcas.csm.org.pt\/coimbra\/#website\",\"url\":\"https:\/\/comarcas.csm.org.pt\/coimbra\/\",\"name\":\"Tribunal Judicial da Comarca de Coimbra\",\"description\":\"Tribunal Judicial da Comarca de Aveiro\",\"publisher\":{\"@id\":\"https:\/\/comarcas.csm.org.pt\/coimbra\/#organization\"},\"potentialAction\":[{\"@type\":\"SearchAction\",\"target\":{\"@type\":\"EntryPoint\",\"urlTemplate\":\"https:\/\/comarcas.csm.org.pt\/coimbra\/?s={search_term_string}\"},\"query-input\":{\"@type\":\"PropertyValueSpecification\",\"valueRequired\":true,\"valueName\":\"search_term_string\"}}],\"inLanguage\":\"pt-PT\"},{\"@type\":\"Organization\",\"@id\":\"https:\/\/comarcas.csm.org.pt\/coimbra\/#organization\",\"name\":\"Tribunal Judicial da Comarca de Coimbra\",\"url\":\"https:\/\/comarcas.csm.org.pt\/coimbra\/\",\"logo\":{\"@type\":\"ImageObject\",\"inLanguage\":\"pt-PT\",\"@id\":\"https:\/\/comarcas.csm.org.pt\/coimbra\/#\/schema\/logo\/image\/\",\"url\":\"https:\/\/comarcas.csm.org.pt\/coimbra\/wp-content\/uploads\/sites\/12\/2024\/11\/Coimbra_positivo-horizontal.png\",\"contentUrl\":\"https:\/\/comarcas.csm.org.pt\/coimbra\/wp-content\/uploads\/sites\/12\/2024\/11\/Coimbra_positivo-horizontal.png\",\"width\":4163,\"height\":1224,\"caption\":\"Tribunal Judicial da Comarca de Coimbra\"},\"image\":{\"@id\":\"https:\/\/comarcas.csm.org.pt\/coimbra\/#\/schema\/logo\/image\/\"}},{\"@type\":\"Person\",\"@id\":\"https:\/\/comarcas.csm.org.pt\/coimbra\/#\/schema\/person\/abdad74e1a92691f7c0a2d1dcbdd8845\",\"name\":\"coimbra\",\"image\":{\"@type\":\"ImageObject\",\"inLanguage\":\"pt-PT\",\"@id\":\"https:\/\/comarcas.csm.org.pt\/coimbra\/#\/schema\/person\/image\/\",\"url\":\"https:\/\/secure.gravatar.com\/avatar\/6d4f74ba5cb7dcac2fc75554b5524f14438f2630a7d1bb4275b3f8934a51b904?s=96&d=mm&r=g\",\"contentUrl\":\"https:\/\/secure.gravatar.com\/avatar\/6d4f74ba5cb7dcac2fc75554b5524f14438f2630a7d1bb4275b3f8934a51b904?s=96&d=mm&r=g\",\"caption\":\"coimbra\"},\"url\":\"https:\/\/comarcas.csm.org.pt\/coimbra\/blog\/author\/coimbra\/\"}]}<\/script>\n<!-- \/ Yoast SEO plugin. -->","yoast_head_json":{"title":"ODE AO NOVO PAL\u00c1CIO DA JUSTI\u00c7A - Tribunal Judicial da Comarca de Coimbra","robots":{"index":"index","follow":"follow","max-snippet":"max-snippet:-1","max-image-preview":"max-image-preview:large","max-video-preview":"max-video-preview:-1"},"canonical":"https:\/\/comarcas.csm.org.pt\/coimbra\/blog\/2025\/06\/26\/ode-ao-novo-palacio-da-justica\/","og_locale":"pt_PT","og_type":"article","og_title":"ODE AO NOVO PAL\u00c1CIO DA JUSTI\u00c7A - Tribunal Judicial da Comarca de Coimbra","og_description":"\u201cOs tribunais constituem um baluarte na defesa dos direitos e liberdades fundamentais das pessoas. Est\u00e3o sempre ao servi\u00e7o do cidad\u00e3o, no qual reside a raz\u00e3o da sua exist\u00eancia. Por isso, esta rela\u00e7\u00e3o entre os tribunais...","og_url":"https:\/\/comarcas.csm.org.pt\/coimbra\/blog\/2025\/06\/26\/ode-ao-novo-palacio-da-justica\/","og_site_name":"Tribunal Judicial da Comarca de Coimbra","article_published_time":"2025-06-26T09:00:51+00:00","article_modified_time":"2025-06-26T09:00:52+00:00","og_image":[{"width":651,"height":873,"url":"https:\/\/comarcas.csm.org.pt\/coimbra\/wp-content\/uploads\/sites\/12\/2025\/06\/concerto-1.jpg","type":"image\/jpeg"}],"author":"coimbra","twitter_card":"summary_large_image","twitter_misc":{"Escrito por":"coimbra","Tempo estimado de leitura":"2 minutos"},"schema":{"@context":"https:\/\/schema.org","@graph":[{"@type":"Article","@id":"https:\/\/comarcas.csm.org.pt\/coimbra\/blog\/2025\/06\/26\/ode-ao-novo-palacio-da-justica\/#article","isPartOf":{"@id":"https:\/\/comarcas.csm.org.pt\/coimbra\/blog\/2025\/06\/26\/ode-ao-novo-palacio-da-justica\/"},"author":{"name":"coimbra","@id":"https:\/\/comarcas.csm.org.pt\/coimbra\/#\/schema\/person\/abdad74e1a92691f7c0a2d1dcbdd8845"},"headline":"ODE AO NOVO PAL\u00c1CIO DA JUSTI\u00c7A","datePublished":"2025-06-26T09:00:51+00:00","dateModified":"2025-06-26T09:00:52+00:00","mainEntityOfPage":{"@id":"https:\/\/comarcas.csm.org.pt\/coimbra\/blog\/2025\/06\/26\/ode-ao-novo-palacio-da-justica\/"},"wordCount":235,"publisher":{"@id":"https:\/\/comarcas.csm.org.pt\/coimbra\/#organization"},"image":{"@id":"https:\/\/comarcas.csm.org.pt\/coimbra\/blog\/2025\/06\/26\/ode-ao-novo-palacio-da-justica\/#primaryimage"},"thumbnailUrl":"https:\/\/comarcas.csm.org.pt\/coimbra\/wp-content\/uploads\/sites\/12\/2025\/06\/concerto-1.jpg","articleSection":["Geral"],"inLanguage":"pt-PT"},{"@type":"WebPage","@id":"https:\/\/comarcas.csm.org.pt\/coimbra\/blog\/2025\/06\/26\/ode-ao-novo-palacio-da-justica\/","url":"https:\/\/comarcas.csm.org.pt\/coimbra\/blog\/2025\/06\/26\/ode-ao-novo-palacio-da-justica\/","name":"ODE AO NOVO PAL\u00c1CIO DA JUSTI\u00c7A - Tribunal Judicial da Comarca de Coimbra","isPartOf":{"@id":"https:\/\/comarcas.csm.org.pt\/coimbra\/#website"},"primaryImageOfPage":{"@id":"https:\/\/comarcas.csm.org.pt\/coimbra\/blog\/2025\/06\/26\/ode-ao-novo-palacio-da-justica\/#primaryimage"},"image":{"@id":"https:\/\/comarcas.csm.org.pt\/coimbra\/blog\/2025\/06\/26\/ode-ao-novo-palacio-da-justica\/#primaryimage"},"thumbnailUrl":"https:\/\/comarcas.csm.org.pt\/coimbra\/wp-content\/uploads\/sites\/12\/2025\/06\/concerto-1.jpg","datePublished":"2025-06-26T09:00:51+00:00","dateModified":"2025-06-26T09:00:52+00:00","breadcrumb":{"@id":"https:\/\/comarcas.csm.org.pt\/coimbra\/blog\/2025\/06\/26\/ode-ao-novo-palacio-da-justica\/#breadcrumb"},"inLanguage":"pt-PT","potentialAction":[{"@type":"ReadAction","target":["https:\/\/comarcas.csm.org.pt\/coimbra\/blog\/2025\/06\/26\/ode-ao-novo-palacio-da-justica\/"]}]},{"@type":"ImageObject","inLanguage":"pt-PT","@id":"https:\/\/comarcas.csm.org.pt\/coimbra\/blog\/2025\/06\/26\/ode-ao-novo-palacio-da-justica\/#primaryimage","url":"https:\/\/comarcas.csm.org.pt\/coimbra\/wp-content\/uploads\/sites\/12\/2025\/06\/concerto-1.jpg","contentUrl":"https:\/\/comarcas.csm.org.pt\/coimbra\/wp-content\/uploads\/sites\/12\/2025\/06\/concerto-1.jpg","width":651,"height":873},{"@type":"BreadcrumbList","@id":"https:\/\/comarcas.csm.org.pt\/coimbra\/blog\/2025\/06\/26\/ode-ao-novo-palacio-da-justica\/#breadcrumb","itemListElement":[{"@type":"ListItem","position":1,"name":"In\u00edcio","item":"https:\/\/comarcas.csm.org.pt\/coimbra\/"},{"@type":"ListItem","position":2,"name":"ODE AO NOVO PAL\u00c1CIO DA JUSTI\u00c7A"}]},{"@type":"WebSite","@id":"https:\/\/comarcas.csm.org.pt\/coimbra\/#website","url":"https:\/\/comarcas.csm.org.pt\/coimbra\/","name":"Tribunal Judicial da Comarca de Coimbra","description":"Tribunal Judicial da Comarca de Aveiro","publisher":{"@id":"https:\/\/comarcas.csm.org.pt\/coimbra\/#organization"},"potentialAction":[{"@type":"SearchAction","target":{"@type":"EntryPoint","urlTemplate":"https:\/\/comarcas.csm.org.pt\/coimbra\/?s={search_term_string}"},"query-input":{"@type":"PropertyValueSpecification","valueRequired":true,"valueName":"search_term_string"}}],"inLanguage":"pt-PT"},{"@type":"Organization","@id":"https:\/\/comarcas.csm.org.pt\/coimbra\/#organization","name":"Tribunal Judicial da Comarca de Coimbra","url":"https:\/\/comarcas.csm.org.pt\/coimbra\/","logo":{"@type":"ImageObject","inLanguage":"pt-PT","@id":"https:\/\/comarcas.csm.org.pt\/coimbra\/#\/schema\/logo\/image\/","url":"https:\/\/comarcas.csm.org.pt\/coimbra\/wp-content\/uploads\/sites\/12\/2024\/11\/Coimbra_positivo-horizontal.png","contentUrl":"https:\/\/comarcas.csm.org.pt\/coimbra\/wp-content\/uploads\/sites\/12\/2024\/11\/Coimbra_positivo-horizontal.png","width":4163,"height":1224,"caption":"Tribunal Judicial da Comarca de Coimbra"},"image":{"@id":"https:\/\/comarcas.csm.org.pt\/coimbra\/#\/schema\/logo\/image\/"}},{"@type":"Person","@id":"https:\/\/comarcas.csm.org.pt\/coimbra\/#\/schema\/person\/abdad74e1a92691f7c0a2d1dcbdd8845","name":"coimbra","image":{"@type":"ImageObject","inLanguage":"pt-PT","@id":"https:\/\/comarcas.csm.org.pt\/coimbra\/#\/schema\/person\/image\/","url":"https:\/\/secure.gravatar.com\/avatar\/6d4f74ba5cb7dcac2fc75554b5524f14438f2630a7d1bb4275b3f8934a51b904?s=96&d=mm&r=g","contentUrl":"https:\/\/secure.gravatar.com\/avatar\/6d4f74ba5cb7dcac2fc75554b5524f14438f2630a7d1bb4275b3f8934a51b904?s=96&d=mm&r=g","caption":"coimbra"},"url":"https:\/\/comarcas.csm.org.pt\/coimbra\/blog\/author\/coimbra\/"}]}},"_links":{"self":[{"href":"https:\/\/comarcas.csm.org.pt\/coimbra\/wp-json\/wp\/v2\/posts\/41652","targetHints":{"allow":["GET"]}}],"collection":[{"href":"https:\/\/comarcas.csm.org.pt\/coimbra\/wp-json\/wp\/v2\/posts"}],"about":[{"href":"https:\/\/comarcas.csm.org.pt\/coimbra\/wp-json\/wp\/v2\/types\/post"}],"author":[{"embeddable":true,"href":"https:\/\/comarcas.csm.org.pt\/coimbra\/wp-json\/wp\/v2\/users\/12"}],"replies":[{"embeddable":true,"href":"https:\/\/comarcas.csm.org.pt\/coimbra\/wp-json\/wp\/v2\/comments?post=41652"}],"version-history":[{"count":1,"href":"https:\/\/comarcas.csm.org.pt\/coimbra\/wp-json\/wp\/v2\/posts\/41652\/revisions"}],"predecessor-version":[{"id":41654,"href":"https:\/\/comarcas.csm.org.pt\/coimbra\/wp-json\/wp\/v2\/posts\/41652\/revisions\/41654"}],"wp:attachment":[{"href":"https:\/\/comarcas.csm.org.pt\/coimbra\/wp-json\/wp\/v2\/media?parent=41652"}],"wp:term":[{"taxonomy":"category","embeddable":true,"href":"https:\/\/comarcas.csm.org.pt\/coimbra\/wp-json\/wp\/v2\/categories?post=41652"},{"taxonomy":"post_tag","embeddable":true,"href":"https:\/\/comarcas.csm.org.pt\/coimbra\/wp-json\/wp\/v2\/tags?post=41652"}],"curies":[{"name":"wp","href":"https:\/\/api.w.org\/{rel}","templated":true}]}}