{"id":41789,"date":"2025-07-01T16:08:12","date_gmt":"2025-07-01T16:08:12","guid":{"rendered":"https:\/\/comarcas.csm.org.pt\/coimbra\/?p=41789"},"modified":"2025-07-01T16:09:07","modified_gmt":"2025-07-01T16:09:07","slug":"registo-fotografico-ode-ao-novo-palacio-da-justica","status":"publish","type":"post","link":"https:\/\/comarcas.csm.org.pt\/coimbra\/blog\/2025\/07\/01\/registo-fotografico-ode-ao-novo-palacio-da-justica\/","title":{"rendered":"REGISTO FOTOGR\u00c1FICO &#8211; ODE AO NOVO PAL\u00c1CIO DA JUSTI\u00c7A &#8211; 28 DE JUNHO DE 2025"},"content":{"rendered":"\n<figure class=\"wp-block-gallery has-nested-images columns-default is-cropped wp-block-gallery-1 is-layout-flex wp-block-gallery-is-layout-flex\">\n<figure class=\"wp-block-image size-large\"><img fetchpriority=\"high\" decoding=\"async\" width=\"1024\" height=\"683\" data-id=\"41791\" src=\"https:\/\/comarcas.csm.org.pt\/coimbra\/wp-content\/uploads\/sites\/12\/2025\/07\/0-1024x683.jpg\" alt=\"\" class=\"wp-image-41791\" srcset=\"https:\/\/comarcas.csm.org.pt\/coimbra\/wp-content\/uploads\/sites\/12\/2025\/07\/0-1024x683.jpg 1024w, https:\/\/comarcas.csm.org.pt\/coimbra\/wp-content\/uploads\/sites\/12\/2025\/07\/0-300x200.jpg 300w, https:\/\/comarcas.csm.org.pt\/coimbra\/wp-content\/uploads\/sites\/12\/2025\/07\/0-768x512.jpg 768w, https:\/\/comarcas.csm.org.pt\/coimbra\/wp-content\/uploads\/sites\/12\/2025\/07\/0-1536x1024.jpg 1536w, https:\/\/comarcas.csm.org.pt\/coimbra\/wp-content\/uploads\/sites\/12\/2025\/07\/0.jpg 2048w\" sizes=\"(max-width: 1024px) 100vw, 1024px\" \/><\/figure>\n\n\n\n<figure class=\"wp-block-image size-large\"><img decoding=\"async\" width=\"1024\" height=\"683\" data-id=\"41798\" src=\"https:\/\/comarcas.csm.org.pt\/coimbra\/wp-content\/uploads\/sites\/12\/2025\/07\/1-1024x683.jpg\" alt=\"\" class=\"wp-image-41798\" srcset=\"https:\/\/comarcas.csm.org.pt\/coimbra\/wp-content\/uploads\/sites\/12\/2025\/07\/1-1024x683.jpg 1024w, https:\/\/comarcas.csm.org.pt\/coimbra\/wp-content\/uploads\/sites\/12\/2025\/07\/1-300x200.jpg 300w, https:\/\/comarcas.csm.org.pt\/coimbra\/wp-content\/uploads\/sites\/12\/2025\/07\/1-768x512.jpg 768w, https:\/\/comarcas.csm.org.pt\/coimbra\/wp-content\/uploads\/sites\/12\/2025\/07\/1-1536x1024.jpg 1536w, https:\/\/comarcas.csm.org.pt\/coimbra\/wp-content\/uploads\/sites\/12\/2025\/07\/1.jpg 2048w\" sizes=\"(max-width: 1024px) 100vw, 1024px\" \/><\/figure>\n\n\n\n<figure class=\"wp-block-image size-large\"><img decoding=\"async\" width=\"1024\" height=\"683\" data-id=\"41799\" src=\"https:\/\/comarcas.csm.org.pt\/coimbra\/wp-content\/uploads\/sites\/12\/2025\/07\/2-1024x683.jpg\" alt=\"\" class=\"wp-image-41799\" srcset=\"https:\/\/comarcas.csm.org.pt\/coimbra\/wp-content\/uploads\/sites\/12\/2025\/07\/2-1024x683.jpg 1024w, https:\/\/comarcas.csm.org.pt\/coimbra\/wp-content\/uploads\/sites\/12\/2025\/07\/2-300x200.jpg 300w, https:\/\/comarcas.csm.org.pt\/coimbra\/wp-content\/uploads\/sites\/12\/2025\/07\/2-768x512.jpg 768w, https:\/\/comarcas.csm.org.pt\/coimbra\/wp-content\/uploads\/sites\/12\/2025\/07\/2-1536x1024.jpg 1536w, https:\/\/comarcas.csm.org.pt\/coimbra\/wp-content\/uploads\/sites\/12\/2025\/07\/2.jpg 2048w\" sizes=\"(max-width: 1024px) 100vw, 1024px\" \/><\/figure>\n\n\n\n<figure class=\"wp-block-image size-large\"><img loading=\"lazy\" decoding=\"async\" width=\"2048\" height=\"1365\" data-id=\"41793\" src=\"https:\/\/comarcas.csm.org.pt\/coimbra\/wp-content\/uploads\/sites\/12\/2025\/07\/3-1024x683.jpg\" alt=\"\" class=\"wp-image-41793\" srcset=\"https:\/\/comarcas.csm.org.pt\/coimbra\/wp-content\/uploads\/sites\/12\/2025\/07\/3-1024x683.jpg 1024w, https:\/\/comarcas.csm.org.pt\/coimbra\/wp-content\/uploads\/sites\/12\/2025\/07\/3-300x200.jpg 300w, https:\/\/comarcas.csm.org.pt\/coimbra\/wp-content\/uploads\/sites\/12\/2025\/07\/3-768x512.jpg 768w, https:\/\/comarcas.csm.org.pt\/coimbra\/wp-content\/uploads\/sites\/12\/2025\/07\/3-1536x1024.jpg 1536w, https:\/\/comarcas.csm.org.pt\/coimbra\/wp-content\/uploads\/sites\/12\/2025\/07\/3.jpg 2048w\" sizes=\"(max-width: 2048px) 100vw, 2048px\" \/><\/figure>\n\n\n\n<figure class=\"wp-block-image size-large\"><img loading=\"lazy\" decoding=\"async\" width=\"1024\" height=\"683\" data-id=\"41794\" src=\"https:\/\/comarcas.csm.org.pt\/coimbra\/wp-content\/uploads\/sites\/12\/2025\/07\/4-1024x683.jpg\" alt=\"\" class=\"wp-image-41794\" srcset=\"https:\/\/comarcas.csm.org.pt\/coimbra\/wp-content\/uploads\/sites\/12\/2025\/07\/4-1024x683.jpg 1024w, https:\/\/comarcas.csm.org.pt\/coimbra\/wp-content\/uploads\/sites\/12\/2025\/07\/4-300x200.jpg 300w, https:\/\/comarcas.csm.org.pt\/coimbra\/wp-content\/uploads\/sites\/12\/2025\/07\/4-768x512.jpg 768w, https:\/\/comarcas.csm.org.pt\/coimbra\/wp-content\/uploads\/sites\/12\/2025\/07\/4-1536x1024.jpg 1536w, https:\/\/comarcas.csm.org.pt\/coimbra\/wp-content\/uploads\/sites\/12\/2025\/07\/4.jpg 2048w\" sizes=\"(max-width: 1024px) 100vw, 1024px\" \/><\/figure>\n\n\n\n<figure class=\"wp-block-image size-large\"><img loading=\"lazy\" decoding=\"async\" width=\"1024\" height=\"683\" data-id=\"41792\" src=\"https:\/\/comarcas.csm.org.pt\/coimbra\/wp-content\/uploads\/sites\/12\/2025\/07\/5-1024x683.jpg\" alt=\"\" class=\"wp-image-41792\" srcset=\"https:\/\/comarcas.csm.org.pt\/coimbra\/wp-content\/uploads\/sites\/12\/2025\/07\/5-1024x683.jpg 1024w, https:\/\/comarcas.csm.org.pt\/coimbra\/wp-content\/uploads\/sites\/12\/2025\/07\/5-300x200.jpg 300w, https:\/\/comarcas.csm.org.pt\/coimbra\/wp-content\/uploads\/sites\/12\/2025\/07\/5-768x512.jpg 768w, https:\/\/comarcas.csm.org.pt\/coimbra\/wp-content\/uploads\/sites\/12\/2025\/07\/5-1536x1024.jpg 1536w, https:\/\/comarcas.csm.org.pt\/coimbra\/wp-content\/uploads\/sites\/12\/2025\/07\/5.jpg 2048w\" sizes=\"(max-width: 1024px) 100vw, 1024px\" \/><\/figure>\n\n\n\n<figure class=\"wp-block-image size-large\"><img loading=\"lazy\" decoding=\"async\" width=\"1024\" height=\"683\" data-id=\"41795\" src=\"https:\/\/comarcas.csm.org.pt\/coimbra\/wp-content\/uploads\/sites\/12\/2025\/07\/6-1024x683.jpg\" alt=\"\" class=\"wp-image-41795\" srcset=\"https:\/\/comarcas.csm.org.pt\/coimbra\/wp-content\/uploads\/sites\/12\/2025\/07\/6-1024x683.jpg 1024w, https:\/\/comarcas.csm.org.pt\/coimbra\/wp-content\/uploads\/sites\/12\/2025\/07\/6-300x200.jpg 300w, https:\/\/comarcas.csm.org.pt\/coimbra\/wp-content\/uploads\/sites\/12\/2025\/07\/6-768x512.jpg 768w, https:\/\/comarcas.csm.org.pt\/coimbra\/wp-content\/uploads\/sites\/12\/2025\/07\/6-1536x1024.jpg 1536w, https:\/\/comarcas.csm.org.pt\/coimbra\/wp-content\/uploads\/sites\/12\/2025\/07\/6.jpg 2048w\" sizes=\"(max-width: 1024px) 100vw, 1024px\" \/><\/figure>\n\n\n\n<figure class=\"wp-block-image size-large\"><img loading=\"lazy\" decoding=\"async\" width=\"1024\" height=\"683\" data-id=\"41790\" src=\"https:\/\/comarcas.csm.org.pt\/coimbra\/wp-content\/uploads\/sites\/12\/2025\/07\/7-1024x683.jpg\" alt=\"\" class=\"wp-image-41790\" srcset=\"https:\/\/comarcas.csm.org.pt\/coimbra\/wp-content\/uploads\/sites\/12\/2025\/07\/7-1024x683.jpg 1024w, https:\/\/comarcas.csm.org.pt\/coimbra\/wp-content\/uploads\/sites\/12\/2025\/07\/7-300x200.jpg 300w, https:\/\/comarcas.csm.org.pt\/coimbra\/wp-content\/uploads\/sites\/12\/2025\/07\/7-768x512.jpg 768w, https:\/\/comarcas.csm.org.pt\/coimbra\/wp-content\/uploads\/sites\/12\/2025\/07\/7-1536x1024.jpg 1536w, https:\/\/comarcas.csm.org.pt\/coimbra\/wp-content\/uploads\/sites\/12\/2025\/07\/7.jpg 2048w\" sizes=\"(max-width: 1024px) 100vw, 1024px\" \/><\/figure>\n\n\n\n<figure class=\"wp-block-image size-large\"><img loading=\"lazy\" decoding=\"async\" width=\"1024\" height=\"683\" data-id=\"41797\" src=\"https:\/\/comarcas.csm.org.pt\/coimbra\/wp-content\/uploads\/sites\/12\/2025\/07\/8-1024x683.jpg\" alt=\"\" class=\"wp-image-41797\" srcset=\"https:\/\/comarcas.csm.org.pt\/coimbra\/wp-content\/uploads\/sites\/12\/2025\/07\/8-1024x683.jpg 1024w, https:\/\/comarcas.csm.org.pt\/coimbra\/wp-content\/uploads\/sites\/12\/2025\/07\/8-300x200.jpg 300w, https:\/\/comarcas.csm.org.pt\/coimbra\/wp-content\/uploads\/sites\/12\/2025\/07\/8-768x512.jpg 768w, https:\/\/comarcas.csm.org.pt\/coimbra\/wp-content\/uploads\/sites\/12\/2025\/07\/8-1536x1024.jpg 1536w, https:\/\/comarcas.csm.org.pt\/coimbra\/wp-content\/uploads\/sites\/12\/2025\/07\/8.jpg 2048w\" sizes=\"(max-width: 1024px) 100vw, 1024px\" \/><\/figure>\n\n\n\n<figure class=\"wp-block-image size-large\"><img loading=\"lazy\" decoding=\"async\" width=\"1024\" height=\"683\" data-id=\"41796\" src=\"https:\/\/comarcas.csm.org.pt\/coimbra\/wp-content\/uploads\/sites\/12\/2025\/07\/10-1024x683.jpg\" alt=\"\" class=\"wp-image-41796\" srcset=\"https:\/\/comarcas.csm.org.pt\/coimbra\/wp-content\/uploads\/sites\/12\/2025\/07\/10-1024x683.jpg 1024w, https:\/\/comarcas.csm.org.pt\/coimbra\/wp-content\/uploads\/sites\/12\/2025\/07\/10-300x200.jpg 300w, https:\/\/comarcas.csm.org.pt\/coimbra\/wp-content\/uploads\/sites\/12\/2025\/07\/10-768x512.jpg 768w, https:\/\/comarcas.csm.org.pt\/coimbra\/wp-content\/uploads\/sites\/12\/2025\/07\/10-1536x1024.jpg 1536w, https:\/\/comarcas.csm.org.pt\/coimbra\/wp-content\/uploads\/sites\/12\/2025\/07\/10.jpg 2048w\" sizes=\"(max-width: 1024px) 100vw, 1024px\" \/><\/figure>\n\n\n\n<figure class=\"wp-block-image size-large\"><img loading=\"lazy\" decoding=\"async\" width=\"1024\" height=\"397\" data-id=\"41800\" src=\"https:\/\/comarcas.csm.org.pt\/coimbra\/wp-content\/uploads\/sites\/12\/2025\/07\/11-1024x397.jpg\" alt=\"\" class=\"wp-image-41800\" srcset=\"https:\/\/comarcas.csm.org.pt\/coimbra\/wp-content\/uploads\/sites\/12\/2025\/07\/11-1024x397.jpg 1024w, https:\/\/comarcas.csm.org.pt\/coimbra\/wp-content\/uploads\/sites\/12\/2025\/07\/11-300x116.jpg 300w, https:\/\/comarcas.csm.org.pt\/coimbra\/wp-content\/uploads\/sites\/12\/2025\/07\/11-768x297.jpg 768w, https:\/\/comarcas.csm.org.pt\/coimbra\/wp-content\/uploads\/sites\/12\/2025\/07\/11-1536x595.jpg 1536w, https:\/\/comarcas.csm.org.pt\/coimbra\/wp-content\/uploads\/sites\/12\/2025\/07\/11.jpg 2048w\" sizes=\"(max-width: 1024px) 100vw, 1024px\" \/><\/figure>\n<\/figure>\n","protected":false},"excerpt":{"rendered":"","protected":false},"author":12,"featured_media":41798,"comment_status":"closed","ping_status":"open","sticky":false,"template":"","format":"standard","meta":{"_tbt_post_transparent":"","_tbt_post_title":"","_tbt_post_layout":"","_tbt_post_sidebar_id":"","_tbt_post_content_style":"","_tbt_post_vertical_padding":"","_tbt_post_feature":"","_tbt_post_feature_position":"","_tbt_post_header":false,"_tbt_post_footer":false},"categories":[1],"tags":[],"class_list":["post-41789","post","type-post","status-publish","format-standard","has-post-thumbnail","hentry","category-geral"],"yoast_head":"<!-- This site is optimized with the Yoast SEO plugin v25.6 - https:\/\/yoast.com\/wordpress\/plugins\/seo\/ -->\n<title>REGISTO FOTOGR\u00c1FICO - ODE AO NOVO PAL\u00c1CIO DA JUSTI\u00c7A - 28 DE JUNHO DE 2025 - Tribunal Judicial da Comarca de Coimbra<\/title>\n<meta name=\"robots\" content=\"index, follow, max-snippet:-1, max-image-preview:large, max-video-preview:-1\" \/>\n<link rel=\"canonical\" href=\"https:\/\/comarcas.csm.org.pt\/coimbra\/blog\/2025\/07\/01\/registo-fotografico-ode-ao-novo-palacio-da-justica\/\" \/>\n<meta property=\"og:locale\" content=\"pt_PT\" \/>\n<meta property=\"og:type\" content=\"article\" \/>\n<meta property=\"og:title\" content=\"REGISTO FOTOGR\u00c1FICO - ODE AO NOVO PAL\u00c1CIO DA JUSTI\u00c7A - 28 DE JUNHO DE 2025 - Tribunal Judicial da Comarca de Coimbra\" \/>\n<meta property=\"og:url\" content=\"https:\/\/comarcas.csm.org.pt\/coimbra\/blog\/2025\/07\/01\/registo-fotografico-ode-ao-novo-palacio-da-justica\/\" \/>\n<meta property=\"og:site_name\" content=\"Tribunal Judicial da Comarca de Coimbra\" \/>\n<meta property=\"article:published_time\" content=\"2025-07-01T16:08:12+00:00\" \/>\n<meta property=\"article:modified_time\" content=\"2025-07-01T16:09:07+00:00\" \/>\n<meta property=\"og:image\" content=\"https:\/\/comarcas.csm.org.pt\/coimbra\/wp-content\/uploads\/sites\/12\/2025\/07\/1.jpg\" \/>\n\t<meta property=\"og:image:width\" content=\"2048\" \/>\n\t<meta property=\"og:image:height\" content=\"1365\" \/>\n\t<meta property=\"og:image:type\" content=\"image\/jpeg\" \/>\n<meta name=\"author\" content=\"coimbra\" \/>\n<meta name=\"twitter:card\" content=\"summary_large_image\" \/>\n<meta name=\"twitter:label1\" content=\"Escrito por\" \/>\n\t<meta name=\"twitter:data1\" content=\"coimbra\" \/>\n\t<meta name=\"twitter:label2\" content=\"Tempo estimado de leitura\" \/>\n\t<meta name=\"twitter:data2\" content=\"3 minutos\" \/>\n<script type=\"application\/ld+json\" class=\"yoast-schema-graph\">{\"@context\":\"https:\/\/schema.org\",\"@graph\":[{\"@type\":\"Article\",\"@id\":\"https:\/\/comarcas.csm.org.pt\/coimbra\/blog\/2025\/07\/01\/registo-fotografico-ode-ao-novo-palacio-da-justica\/#article\",\"isPartOf\":{\"@id\":\"https:\/\/comarcas.csm.org.pt\/coimbra\/blog\/2025\/07\/01\/registo-fotografico-ode-ao-novo-palacio-da-justica\/\"},\"author\":{\"name\":\"coimbra\",\"@id\":\"https:\/\/comarcas.csm.org.pt\/coimbra\/#\/schema\/person\/abdad74e1a92691f7c0a2d1dcbdd8845\"},\"headline\":\"REGISTO FOTOGR\u00c1FICO &#8211; ODE AO NOVO PAL\u00c1CIO DA JUSTI\u00c7A &#8211; 28 DE JUNHO DE 2025\",\"datePublished\":\"2025-07-01T16:08:12+00:00\",\"dateModified\":\"2025-07-01T16:09:07+00:00\",\"mainEntityOfPage\":{\"@id\":\"https:\/\/comarcas.csm.org.pt\/coimbra\/blog\/2025\/07\/01\/registo-fotografico-ode-ao-novo-palacio-da-justica\/\"},\"wordCount\":16,\"publisher\":{\"@id\":\"https:\/\/comarcas.csm.org.pt\/coimbra\/#organization\"},\"image\":{\"@id\":\"https:\/\/comarcas.csm.org.pt\/coimbra\/blog\/2025\/07\/01\/registo-fotografico-ode-ao-novo-palacio-da-justica\/#primaryimage\"},\"thumbnailUrl\":\"https:\/\/comarcas.csm.org.pt\/coimbra\/wp-content\/uploads\/sites\/12\/2025\/07\/1.jpg\",\"articleSection\":[\"Geral\"],\"inLanguage\":\"pt-PT\"},{\"@type\":\"WebPage\",\"@id\":\"https:\/\/comarcas.csm.org.pt\/coimbra\/blog\/2025\/07\/01\/registo-fotografico-ode-ao-novo-palacio-da-justica\/\",\"url\":\"https:\/\/comarcas.csm.org.pt\/coimbra\/blog\/2025\/07\/01\/registo-fotografico-ode-ao-novo-palacio-da-justica\/\",\"name\":\"REGISTO FOTOGR\u00c1FICO - ODE AO NOVO PAL\u00c1CIO DA JUSTI\u00c7A - 28 DE JUNHO DE 2025 - Tribunal Judicial da Comarca de Coimbra\",\"isPartOf\":{\"@id\":\"https:\/\/comarcas.csm.org.pt\/coimbra\/#website\"},\"primaryImageOfPage\":{\"@id\":\"https:\/\/comarcas.csm.org.pt\/coimbra\/blog\/2025\/07\/01\/registo-fotografico-ode-ao-novo-palacio-da-justica\/#primaryimage\"},\"image\":{\"@id\":\"https:\/\/comarcas.csm.org.pt\/coimbra\/blog\/2025\/07\/01\/registo-fotografico-ode-ao-novo-palacio-da-justica\/#primaryimage\"},\"thumbnailUrl\":\"https:\/\/comarcas.csm.org.pt\/coimbra\/wp-content\/uploads\/sites\/12\/2025\/07\/1.jpg\",\"datePublished\":\"2025-07-01T16:08:12+00:00\",\"dateModified\":\"2025-07-01T16:09:07+00:00\",\"breadcrumb\":{\"@id\":\"https:\/\/comarcas.csm.org.pt\/coimbra\/blog\/2025\/07\/01\/registo-fotografico-ode-ao-novo-palacio-da-justica\/#breadcrumb\"},\"inLanguage\":\"pt-PT\",\"potentialAction\":[{\"@type\":\"ReadAction\",\"target\":[\"https:\/\/comarcas.csm.org.pt\/coimbra\/blog\/2025\/07\/01\/registo-fotografico-ode-ao-novo-palacio-da-justica\/\"]}]},{\"@type\":\"ImageObject\",\"inLanguage\":\"pt-PT\",\"@id\":\"https:\/\/comarcas.csm.org.pt\/coimbra\/blog\/2025\/07\/01\/registo-fotografico-ode-ao-novo-palacio-da-justica\/#primaryimage\",\"url\":\"https:\/\/comarcas.csm.org.pt\/coimbra\/wp-content\/uploads\/sites\/12\/2025\/07\/1.jpg\",\"contentUrl\":\"https:\/\/comarcas.csm.org.pt\/coimbra\/wp-content\/uploads\/sites\/12\/2025\/07\/1.jpg\",\"width\":2048,\"height\":1365},{\"@type\":\"BreadcrumbList\",\"@id\":\"https:\/\/comarcas.csm.org.pt\/coimbra\/blog\/2025\/07\/01\/registo-fotografico-ode-ao-novo-palacio-da-justica\/#breadcrumb\",\"itemListElement\":[{\"@type\":\"ListItem\",\"position\":1,\"name\":\"In\u00edcio\",\"item\":\"https:\/\/comarcas.csm.org.pt\/coimbra\/\"},{\"@type\":\"ListItem\",\"position\":2,\"name\":\"REGISTO FOTOGR\u00c1FICO &#8211; ODE AO NOVO PAL\u00c1CIO DA JUSTI\u00c7A &#8211; 28 DE JUNHO DE 2025\"}]},{\"@type\":\"WebSite\",\"@id\":\"https:\/\/comarcas.csm.org.pt\/coimbra\/#website\",\"url\":\"https:\/\/comarcas.csm.org.pt\/coimbra\/\",\"name\":\"Tribunal Judicial da Comarca de Coimbra\",\"description\":\"Tribunal Judicial da Comarca de Aveiro\",\"publisher\":{\"@id\":\"https:\/\/comarcas.csm.org.pt\/coimbra\/#organization\"},\"potentialAction\":[{\"@type\":\"SearchAction\",\"target\":{\"@type\":\"EntryPoint\",\"urlTemplate\":\"https:\/\/comarcas.csm.org.pt\/coimbra\/?s={search_term_string}\"},\"query-input\":{\"@type\":\"PropertyValueSpecification\",\"valueRequired\":true,\"valueName\":\"search_term_string\"}}],\"inLanguage\":\"pt-PT\"},{\"@type\":\"Organization\",\"@id\":\"https:\/\/comarcas.csm.org.pt\/coimbra\/#organization\",\"name\":\"Tribunal Judicial da Comarca de Coimbra\",\"url\":\"https:\/\/comarcas.csm.org.pt\/coimbra\/\",\"logo\":{\"@type\":\"ImageObject\",\"inLanguage\":\"pt-PT\",\"@id\":\"https:\/\/comarcas.csm.org.pt\/coimbra\/#\/schema\/logo\/image\/\",\"url\":\"https:\/\/comarcas.csm.org.pt\/coimbra\/wp-content\/uploads\/sites\/12\/2024\/11\/Coimbra_positivo-horizontal.png\",\"contentUrl\":\"https:\/\/comarcas.csm.org.pt\/coimbra\/wp-content\/uploads\/sites\/12\/2024\/11\/Coimbra_positivo-horizontal.png\",\"width\":4163,\"height\":1224,\"caption\":\"Tribunal Judicial da Comarca de Coimbra\"},\"image\":{\"@id\":\"https:\/\/comarcas.csm.org.pt\/coimbra\/#\/schema\/logo\/image\/\"}},{\"@type\":\"Person\",\"@id\":\"https:\/\/comarcas.csm.org.pt\/coimbra\/#\/schema\/person\/abdad74e1a92691f7c0a2d1dcbdd8845\",\"name\":\"coimbra\",\"image\":{\"@type\":\"ImageObject\",\"inLanguage\":\"pt-PT\",\"@id\":\"https:\/\/comarcas.csm.org.pt\/coimbra\/#\/schema\/person\/image\/\",\"url\":\"https:\/\/secure.gravatar.com\/avatar\/6d4f74ba5cb7dcac2fc75554b5524f14438f2630a7d1bb4275b3f8934a51b904?s=96&d=mm&r=g\",\"contentUrl\":\"https:\/\/secure.gravatar.com\/avatar\/6d4f74ba5cb7dcac2fc75554b5524f14438f2630a7d1bb4275b3f8934a51b904?s=96&d=mm&r=g\",\"caption\":\"coimbra\"},\"url\":\"https:\/\/comarcas.csm.org.pt\/coimbra\/blog\/author\/coimbra\/\"}]}<\/script>\n<!-- \/ Yoast SEO plugin. -->","yoast_head_json":{"title":"REGISTO FOTOGR\u00c1FICO - ODE AO NOVO PAL\u00c1CIO DA JUSTI\u00c7A - 28 DE JUNHO DE 2025 - Tribunal Judicial da Comarca de Coimbra","robots":{"index":"index","follow":"follow","max-snippet":"max-snippet:-1","max-image-preview":"max-image-preview:large","max-video-preview":"max-video-preview:-1"},"canonical":"https:\/\/comarcas.csm.org.pt\/coimbra\/blog\/2025\/07\/01\/registo-fotografico-ode-ao-novo-palacio-da-justica\/","og_locale":"pt_PT","og_type":"article","og_title":"REGISTO FOTOGR\u00c1FICO - ODE AO NOVO PAL\u00c1CIO DA JUSTI\u00c7A - 28 DE JUNHO DE 2025 - Tribunal Judicial da Comarca de Coimbra","og_url":"https:\/\/comarcas.csm.org.pt\/coimbra\/blog\/2025\/07\/01\/registo-fotografico-ode-ao-novo-palacio-da-justica\/","og_site_name":"Tribunal Judicial da Comarca de Coimbra","article_published_time":"2025-07-01T16:08:12+00:00","article_modified_time":"2025-07-01T16:09:07+00:00","og_image":[{"width":2048,"height":1365,"url":"https:\/\/comarcas.csm.org.pt\/coimbra\/wp-content\/uploads\/sites\/12\/2025\/07\/1.jpg","type":"image\/jpeg"}],"author":"coimbra","twitter_card":"summary_large_image","twitter_misc":{"Escrito por":"coimbra","Tempo estimado de leitura":"3 minutos"},"schema":{"@context":"https:\/\/schema.org","@graph":[{"@type":"Article","@id":"https:\/\/comarcas.csm.org.pt\/coimbra\/blog\/2025\/07\/01\/registo-fotografico-ode-ao-novo-palacio-da-justica\/#article","isPartOf":{"@id":"https:\/\/comarcas.csm.org.pt\/coimbra\/blog\/2025\/07\/01\/registo-fotografico-ode-ao-novo-palacio-da-justica\/"},"author":{"name":"coimbra","@id":"https:\/\/comarcas.csm.org.pt\/coimbra\/#\/schema\/person\/abdad74e1a92691f7c0a2d1dcbdd8845"},"headline":"REGISTO FOTOGR\u00c1FICO &#8211; ODE AO NOVO PAL\u00c1CIO DA JUSTI\u00c7A &#8211; 28 DE JUNHO DE 2025","datePublished":"2025-07-01T16:08:12+00:00","dateModified":"2025-07-01T16:09:07+00:00","mainEntityOfPage":{"@id":"https:\/\/comarcas.csm.org.pt\/coimbra\/blog\/2025\/07\/01\/registo-fotografico-ode-ao-novo-palacio-da-justica\/"},"wordCount":16,"publisher":{"@id":"https:\/\/comarcas.csm.org.pt\/coimbra\/#organization"},"image":{"@id":"https:\/\/comarcas.csm.org.pt\/coimbra\/blog\/2025\/07\/01\/registo-fotografico-ode-ao-novo-palacio-da-justica\/#primaryimage"},"thumbnailUrl":"https:\/\/comarcas.csm.org.pt\/coimbra\/wp-content\/uploads\/sites\/12\/2025\/07\/1.jpg","articleSection":["Geral"],"inLanguage":"pt-PT"},{"@type":"WebPage","@id":"https:\/\/comarcas.csm.org.pt\/coimbra\/blog\/2025\/07\/01\/registo-fotografico-ode-ao-novo-palacio-da-justica\/","url":"https:\/\/comarcas.csm.org.pt\/coimbra\/blog\/2025\/07\/01\/registo-fotografico-ode-ao-novo-palacio-da-justica\/","name":"REGISTO FOTOGR\u00c1FICO - ODE AO NOVO PAL\u00c1CIO DA JUSTI\u00c7A - 28 DE JUNHO DE 2025 - Tribunal Judicial da Comarca de Coimbra","isPartOf":{"@id":"https:\/\/comarcas.csm.org.pt\/coimbra\/#website"},"primaryImageOfPage":{"@id":"https:\/\/comarcas.csm.org.pt\/coimbra\/blog\/2025\/07\/01\/registo-fotografico-ode-ao-novo-palacio-da-justica\/#primaryimage"},"image":{"@id":"https:\/\/comarcas.csm.org.pt\/coimbra\/blog\/2025\/07\/01\/registo-fotografico-ode-ao-novo-palacio-da-justica\/#primaryimage"},"thumbnailUrl":"https:\/\/comarcas.csm.org.pt\/coimbra\/wp-content\/uploads\/sites\/12\/2025\/07\/1.jpg","datePublished":"2025-07-01T16:08:12+00:00","dateModified":"2025-07-01T16:09:07+00:00","breadcrumb":{"@id":"https:\/\/comarcas.csm.org.pt\/coimbra\/blog\/2025\/07\/01\/registo-fotografico-ode-ao-novo-palacio-da-justica\/#breadcrumb"},"inLanguage":"pt-PT","potentialAction":[{"@type":"ReadAction","target":["https:\/\/comarcas.csm.org.pt\/coimbra\/blog\/2025\/07\/01\/registo-fotografico-ode-ao-novo-palacio-da-justica\/"]}]},{"@type":"ImageObject","inLanguage":"pt-PT","@id":"https:\/\/comarcas.csm.org.pt\/coimbra\/blog\/2025\/07\/01\/registo-fotografico-ode-ao-novo-palacio-da-justica\/#primaryimage","url":"https:\/\/comarcas.csm.org.pt\/coimbra\/wp-content\/uploads\/sites\/12\/2025\/07\/1.jpg","contentUrl":"https:\/\/comarcas.csm.org.pt\/coimbra\/wp-content\/uploads\/sites\/12\/2025\/07\/1.jpg","width":2048,"height":1365},{"@type":"BreadcrumbList","@id":"https:\/\/comarcas.csm.org.pt\/coimbra\/blog\/2025\/07\/01\/registo-fotografico-ode-ao-novo-palacio-da-justica\/#breadcrumb","itemListElement":[{"@type":"ListItem","position":1,"name":"In\u00edcio","item":"https:\/\/comarcas.csm.org.pt\/coimbra\/"},{"@type":"ListItem","position":2,"name":"REGISTO FOTOGR\u00c1FICO &#8211; ODE AO NOVO PAL\u00c1CIO DA JUSTI\u00c7A &#8211; 28 DE JUNHO DE 2025"}]},{"@type":"WebSite","@id":"https:\/\/comarcas.csm.org.pt\/coimbra\/#website","url":"https:\/\/comarcas.csm.org.pt\/coimbra\/","name":"Tribunal Judicial da Comarca de Coimbra","description":"Tribunal Judicial da Comarca de Aveiro","publisher":{"@id":"https:\/\/comarcas.csm.org.pt\/coimbra\/#organization"},"potentialAction":[{"@type":"SearchAction","target":{"@type":"EntryPoint","urlTemplate":"https:\/\/comarcas.csm.org.pt\/coimbra\/?s={search_term_string}"},"query-input":{"@type":"PropertyValueSpecification","valueRequired":true,"valueName":"search_term_string"}}],"inLanguage":"pt-PT"},{"@type":"Organization","@id":"https:\/\/comarcas.csm.org.pt\/coimbra\/#organization","name":"Tribunal Judicial da Comarca de Coimbra","url":"https:\/\/comarcas.csm.org.pt\/coimbra\/","logo":{"@type":"ImageObject","inLanguage":"pt-PT","@id":"https:\/\/comarcas.csm.org.pt\/coimbra\/#\/schema\/logo\/image\/","url":"https:\/\/comarcas.csm.org.pt\/coimbra\/wp-content\/uploads\/sites\/12\/2024\/11\/Coimbra_positivo-horizontal.png","contentUrl":"https:\/\/comarcas.csm.org.pt\/coimbra\/wp-content\/uploads\/sites\/12\/2024\/11\/Coimbra_positivo-horizontal.png","width":4163,"height":1224,"caption":"Tribunal Judicial da Comarca de Coimbra"},"image":{"@id":"https:\/\/comarcas.csm.org.pt\/coimbra\/#\/schema\/logo\/image\/"}},{"@type":"Person","@id":"https:\/\/comarcas.csm.org.pt\/coimbra\/#\/schema\/person\/abdad74e1a92691f7c0a2d1dcbdd8845","name":"coimbra","image":{"@type":"ImageObject","inLanguage":"pt-PT","@id":"https:\/\/comarcas.csm.org.pt\/coimbra\/#\/schema\/person\/image\/","url":"https:\/\/secure.gravatar.com\/avatar\/6d4f74ba5cb7dcac2fc75554b5524f14438f2630a7d1bb4275b3f8934a51b904?s=96&d=mm&r=g","contentUrl":"https:\/\/secure.gravatar.com\/avatar\/6d4f74ba5cb7dcac2fc75554b5524f14438f2630a7d1bb4275b3f8934a51b904?s=96&d=mm&r=g","caption":"coimbra"},"url":"https:\/\/comarcas.csm.org.pt\/coimbra\/blog\/author\/coimbra\/"}]}},"_links":{"self":[{"href":"https:\/\/comarcas.csm.org.pt\/coimbra\/wp-json\/wp\/v2\/posts\/41789","targetHints":{"allow":["GET"]}}],"collection":[{"href":"https:\/\/comarcas.csm.org.pt\/coimbra\/wp-json\/wp\/v2\/posts"}],"about":[{"href":"https:\/\/comarcas.csm.org.pt\/coimbra\/wp-json\/wp\/v2\/types\/post"}],"author":[{"embeddable":true,"href":"https:\/\/comarcas.csm.org.pt\/coimbra\/wp-json\/wp\/v2\/users\/12"}],"replies":[{"embeddable":true,"href":"https:\/\/comarcas.csm.org.pt\/coimbra\/wp-json\/wp\/v2\/comments?post=41789"}],"version-history":[{"count":3,"href":"https:\/\/comarcas.csm.org.pt\/coimbra\/wp-json\/wp\/v2\/posts\/41789\/revisions"}],"predecessor-version":[{"id":41837,"href":"https:\/\/comarcas.csm.org.pt\/coimbra\/wp-json\/wp\/v2\/posts\/41789\/revisions\/41837"}],"wp:featuredmedia":[{"embeddable":true,"href":"https:\/\/comarcas.csm.org.pt\/coimbra\/wp-json\/wp\/v2\/media\/41798"}],"wp:attachment":[{"href":"https:\/\/comarcas.csm.org.pt\/coimbra\/wp-json\/wp\/v2\/media?parent=41789"}],"wp:term":[{"taxonomy":"category","embeddable":true,"href":"https:\/\/comarcas.csm.org.pt\/coimbra\/wp-json\/wp\/v2\/categories?post=41789"},{"taxonomy":"post_tag","embeddable":true,"href":"https:\/\/comarcas.csm.org.pt\/coimbra\/wp-json\/wp\/v2\/tags?post=41789"}],"curies":[{"name":"wp","href":"https:\/\/api.w.org\/{rel}","templated":true}]}}