{"id":42012,"date":"2026-03-06T11:09:15","date_gmt":"2026-03-06T11:09:15","guid":{"rendered":"https:\/\/comarcas.csm.org.pt\/coimbra\/?p=42012"},"modified":"2026-03-06T11:09:16","modified_gmt":"2026-03-06T11:09:16","slug":"restauracao-do-palacio-da-justica-de-oliveira-do-hospital","status":"publish","type":"post","link":"https:\/\/comarcas.csm.org.pt\/coimbra\/blog\/2026\/03\/06\/restauracao-do-palacio-da-justica-de-oliveira-do-hospital\/","title":{"rendered":"Restaura\u00e7\u00e3o do Pal\u00e1cio da Justica de Oliveira do Hospital"},"content":{"rendered":"\n<p>No passado dia 2 de mar\u00e7o, o Juiz Presidente do Tribunal Judicial da Comarca de Coimbra, Carlos Oliveira, acompanhado dos restantes membros do conselho de gest\u00e3o e equipa de apoio, reuniu com dirigentes do IGFEJ &#8211; Instituto de Gest\u00e3o Financeira e Equipamentos da Justi\u00e7a, I. P., e com o Presidente da C\u00e2mara Municipal de Oliveira do Hospital, Jos\u00e9 Francisco Rolo, nos Pa\u00e7os do Concelho desta cidade. Nessa ocasi\u00e3o, foi estabelecido um acordo de princ\u00edpio com vista \u00e0 celebra\u00e7\u00e3o de um contrato interadministrativo para a repara\u00e7\u00e3o dos danos na cobertura e interior do Pal\u00e1cio da Justi\u00e7a de Oliveira do Hospital provocados pela Tempestade Kristin. Seguiu-se uma visita ao edif\u00edcio para avaliar o respetivo estado e as obras de conserva\u00e7\u00e3o a realizar.<br>A C\u00e2mara Municipal, atrav\u00e9s da Divis\u00e3o de Infraestruturas e Obras Municipais, efetuar\u00e1 o levantamento das interven\u00e7\u00f5es de urg\u00eancia a realizar, bem como dos trabalhos complementares de conserva\u00e7\u00e3o do edif\u00edcio.<\/p>\n\n\n\n<figure class=\"wp-block-gallery has-nested-images columns-default is-cropped wp-block-gallery-1 is-layout-flex wp-block-gallery-is-layout-flex\">\n<figure class=\"wp-block-image size-large\"><img fetchpriority=\"high\" decoding=\"async\" width=\"1024\" height=\"683\" data-id=\"42015\" src=\"https:\/\/comarcas.csm.org.pt\/coimbra\/wp-content\/uploads\/sites\/12\/2026\/03\/645567293_1537165571778619_1561625655146006682_n-1024x683.jpg\" alt=\"\" class=\"wp-image-42015\" srcset=\"https:\/\/comarcas.csm.org.pt\/coimbra\/wp-content\/uploads\/sites\/12\/2026\/03\/645567293_1537165571778619_1561625655146006682_n-1024x683.jpg 1024w, https:\/\/comarcas.csm.org.pt\/coimbra\/wp-content\/uploads\/sites\/12\/2026\/03\/645567293_1537165571778619_1561625655146006682_n-300x200.jpg 300w, https:\/\/comarcas.csm.org.pt\/coimbra\/wp-content\/uploads\/sites\/12\/2026\/03\/645567293_1537165571778619_1561625655146006682_n-768x512.jpg 768w, https:\/\/comarcas.csm.org.pt\/coimbra\/wp-content\/uploads\/sites\/12\/2026\/03\/645567293_1537165571778619_1561625655146006682_n-1536x1024.jpg 1536w, https:\/\/comarcas.csm.org.pt\/coimbra\/wp-content\/uploads\/sites\/12\/2026\/03\/645567293_1537165571778619_1561625655146006682_n.jpg 2048w\" sizes=\"(max-width: 1024px) 100vw, 1024px\" \/><\/figure>\n\n\n\n<figure class=\"wp-block-image size-large\"><img decoding=\"async\" width=\"1024\" height=\"768\" data-id=\"42014\" src=\"https:\/\/comarcas.csm.org.pt\/coimbra\/wp-content\/uploads\/sites\/12\/2026\/03\/646344262_1537165545111955_2545084110355508994_n-1024x768.jpg\" alt=\"\" class=\"wp-image-42014\" srcset=\"https:\/\/comarcas.csm.org.pt\/coimbra\/wp-content\/uploads\/sites\/12\/2026\/03\/646344262_1537165545111955_2545084110355508994_n-1024x768.jpg 1024w, https:\/\/comarcas.csm.org.pt\/coimbra\/wp-content\/uploads\/sites\/12\/2026\/03\/646344262_1537165545111955_2545084110355508994_n-300x225.jpg 300w, https:\/\/comarcas.csm.org.pt\/coimbra\/wp-content\/uploads\/sites\/12\/2026\/03\/646344262_1537165545111955_2545084110355508994_n-768x576.jpg 768w, https:\/\/comarcas.csm.org.pt\/coimbra\/wp-content\/uploads\/sites\/12\/2026\/03\/646344262_1537165545111955_2545084110355508994_n-1536x1152.jpg 1536w, https:\/\/comarcas.csm.org.pt\/coimbra\/wp-content\/uploads\/sites\/12\/2026\/03\/646344262_1537165545111955_2545084110355508994_n.jpg 2048w\" sizes=\"(max-width: 1024px) 100vw, 1024px\" \/><\/figure>\n\n\n\n<figure class=\"wp-block-image size-large\"><img decoding=\"async\" width=\"1024\" height=\"768\" data-id=\"42013\" src=\"https:\/\/comarcas.csm.org.pt\/coimbra\/wp-content\/uploads\/sites\/12\/2026\/03\/647546718_1537173948444448_4203537697616676004_n-1024x768.jpg\" alt=\"\" class=\"wp-image-42013\" srcset=\"https:\/\/comarcas.csm.org.pt\/coimbra\/wp-content\/uploads\/sites\/12\/2026\/03\/647546718_1537173948444448_4203537697616676004_n-1024x768.jpg 1024w, https:\/\/comarcas.csm.org.pt\/coimbra\/wp-content\/uploads\/sites\/12\/2026\/03\/647546718_1537173948444448_4203537697616676004_n-300x225.jpg 300w, https:\/\/comarcas.csm.org.pt\/coimbra\/wp-content\/uploads\/sites\/12\/2026\/03\/647546718_1537173948444448_4203537697616676004_n-768x576.jpg 768w, https:\/\/comarcas.csm.org.pt\/coimbra\/wp-content\/uploads\/sites\/12\/2026\/03\/647546718_1537173948444448_4203537697616676004_n-1536x1152.jpg 1536w, https:\/\/comarcas.csm.org.pt\/coimbra\/wp-content\/uploads\/sites\/12\/2026\/03\/647546718_1537173948444448_4203537697616676004_n.jpg 2048w\" sizes=\"(max-width: 1024px) 100vw, 1024px\" \/><\/figure>\n<\/figure>\n\n\n\n<p><\/p>\n\n\n\n<p><\/p>\n","protected":false},"excerpt":{"rendered":"<p>No passado dia 2 de mar\u00e7o, o Juiz Presidente do Tribunal Judicial da Comarca de Coimbra, Carlos Oliveira, acompanhado dos restantes membros do conselho de gest\u00e3o e equipa de apoio, reuniu com dirigentes do IGFEJ&#8230;<\/p>\n","protected":false},"author":12,"featured_media":0,"comment_status":"closed","ping_status":"open","sticky":false,"template":"","format":"standard","meta":{"_tbt_post_transparent":"","_tbt_post_title":"","_tbt_post_layout":"","_tbt_post_sidebar_id":"","_tbt_post_content_style":"","_tbt_post_vertical_padding":"","_tbt_post_feature":"","_tbt_post_feature_position":"","_tbt_post_header":false,"_tbt_post_footer":false},"categories":[1],"tags":[],"class_list":["post-42012","post","type-post","status-publish","format-standard","hentry","category-geral"],"yoast_head":"<!-- This site is optimized with the Yoast SEO plugin v25.6 - https:\/\/yoast.com\/wordpress\/plugins\/seo\/ -->\n<title>Restaura\u00e7\u00e3o do Pal\u00e1cio da Justica de Oliveira do Hospital - Tribunal Judicial da Comarca de Coimbra<\/title>\n<meta name=\"robots\" content=\"index, follow, max-snippet:-1, max-image-preview:large, max-video-preview:-1\" \/>\n<link rel=\"canonical\" href=\"https:\/\/comarcas.csm.org.pt\/coimbra\/blog\/2026\/03\/06\/restauracao-do-palacio-da-justica-de-oliveira-do-hospital\/\" \/>\n<meta property=\"og:locale\" content=\"pt_PT\" \/>\n<meta property=\"og:type\" content=\"article\" \/>\n<meta property=\"og:title\" content=\"Restaura\u00e7\u00e3o do Pal\u00e1cio da Justica de Oliveira do Hospital - Tribunal Judicial da Comarca de Coimbra\" \/>\n<meta property=\"og:description\" content=\"No passado dia 2 de mar\u00e7o, o Juiz Presidente do Tribunal Judicial da Comarca de Coimbra, Carlos Oliveira, acompanhado dos restantes membros do conselho de gest\u00e3o e equipa de apoio, reuniu com dirigentes do IGFEJ...\" \/>\n<meta property=\"og:url\" content=\"https:\/\/comarcas.csm.org.pt\/coimbra\/blog\/2026\/03\/06\/restauracao-do-palacio-da-justica-de-oliveira-do-hospital\/\" \/>\n<meta property=\"og:site_name\" content=\"Tribunal Judicial da Comarca de Coimbra\" \/>\n<meta property=\"article:published_time\" content=\"2026-03-06T11:09:15+00:00\" \/>\n<meta property=\"article:modified_time\" content=\"2026-03-06T11:09:16+00:00\" \/>\n<meta property=\"og:image\" content=\"https:\/\/comarcas.csm.org.pt\/coimbra\/wp-content\/uploads\/sites\/12\/2026\/03\/645567293_1537165571778619_1561625655146006682_n.jpg\" \/>\n\t<meta property=\"og:image:width\" content=\"2048\" \/>\n\t<meta property=\"og:image:height\" content=\"1365\" \/>\n\t<meta property=\"og:image:type\" content=\"image\/jpeg\" \/>\n<meta name=\"author\" content=\"coimbra\" \/>\n<meta name=\"twitter:card\" content=\"summary_large_image\" \/>\n<meta name=\"twitter:label1\" content=\"Escrito por\" \/>\n\t<meta name=\"twitter:data1\" content=\"coimbra\" \/>\n\t<meta name=\"twitter:label2\" content=\"Tempo estimado de leitura\" \/>\n\t<meta name=\"twitter:data2\" content=\"2 minutos\" \/>\n<script type=\"application\/ld+json\" class=\"yoast-schema-graph\">{\"@context\":\"https:\/\/schema.org\",\"@graph\":[{\"@type\":\"Article\",\"@id\":\"https:\/\/comarcas.csm.org.pt\/coimbra\/blog\/2026\/03\/06\/restauracao-do-palacio-da-justica-de-oliveira-do-hospital\/#article\",\"isPartOf\":{\"@id\":\"https:\/\/comarcas.csm.org.pt\/coimbra\/blog\/2026\/03\/06\/restauracao-do-palacio-da-justica-de-oliveira-do-hospital\/\"},\"author\":{\"name\":\"coimbra\",\"@id\":\"https:\/\/comarcas.csm.org.pt\/coimbra\/#\/schema\/person\/abdad74e1a92691f7c0a2d1dcbdd8845\"},\"headline\":\"Restaura\u00e7\u00e3o do Pal\u00e1cio da Justica de Oliveira do Hospital\",\"datePublished\":\"2026-03-06T11:09:15+00:00\",\"dateModified\":\"2026-03-06T11:09:16+00:00\",\"mainEntityOfPage\":{\"@id\":\"https:\/\/comarcas.csm.org.pt\/coimbra\/blog\/2026\/03\/06\/restauracao-do-palacio-da-justica-de-oliveira-do-hospital\/\"},\"wordCount\":179,\"publisher\":{\"@id\":\"https:\/\/comarcas.csm.org.pt\/coimbra\/#organization\"},\"image\":{\"@id\":\"https:\/\/comarcas.csm.org.pt\/coimbra\/blog\/2026\/03\/06\/restauracao-do-palacio-da-justica-de-oliveira-do-hospital\/#primaryimage\"},\"thumbnailUrl\":\"https:\/\/comarcas.csm.org.pt\/coimbra\/wp-content\/uploads\/sites\/12\/2026\/03\/645567293_1537165571778619_1561625655146006682_n-1024x683.jpg\",\"articleSection\":[\"Geral\"],\"inLanguage\":\"pt-PT\"},{\"@type\":\"WebPage\",\"@id\":\"https:\/\/comarcas.csm.org.pt\/coimbra\/blog\/2026\/03\/06\/restauracao-do-palacio-da-justica-de-oliveira-do-hospital\/\",\"url\":\"https:\/\/comarcas.csm.org.pt\/coimbra\/blog\/2026\/03\/06\/restauracao-do-palacio-da-justica-de-oliveira-do-hospital\/\",\"name\":\"Restaura\u00e7\u00e3o do Pal\u00e1cio da Justica de Oliveira do Hospital - Tribunal Judicial da Comarca de Coimbra\",\"isPartOf\":{\"@id\":\"https:\/\/comarcas.csm.org.pt\/coimbra\/#website\"},\"primaryImageOfPage\":{\"@id\":\"https:\/\/comarcas.csm.org.pt\/coimbra\/blog\/2026\/03\/06\/restauracao-do-palacio-da-justica-de-oliveira-do-hospital\/#primaryimage\"},\"image\":{\"@id\":\"https:\/\/comarcas.csm.org.pt\/coimbra\/blog\/2026\/03\/06\/restauracao-do-palacio-da-justica-de-oliveira-do-hospital\/#primaryimage\"},\"thumbnailUrl\":\"https:\/\/comarcas.csm.org.pt\/coimbra\/wp-content\/uploads\/sites\/12\/2026\/03\/645567293_1537165571778619_1561625655146006682_n-1024x683.jpg\",\"datePublished\":\"2026-03-06T11:09:15+00:00\",\"dateModified\":\"2026-03-06T11:09:16+00:00\",\"breadcrumb\":{\"@id\":\"https:\/\/comarcas.csm.org.pt\/coimbra\/blog\/2026\/03\/06\/restauracao-do-palacio-da-justica-de-oliveira-do-hospital\/#breadcrumb\"},\"inLanguage\":\"pt-PT\",\"potentialAction\":[{\"@type\":\"ReadAction\",\"target\":[\"https:\/\/comarcas.csm.org.pt\/coimbra\/blog\/2026\/03\/06\/restauracao-do-palacio-da-justica-de-oliveira-do-hospital\/\"]}]},{\"@type\":\"ImageObject\",\"inLanguage\":\"pt-PT\",\"@id\":\"https:\/\/comarcas.csm.org.pt\/coimbra\/blog\/2026\/03\/06\/restauracao-do-palacio-da-justica-de-oliveira-do-hospital\/#primaryimage\",\"url\":\"https:\/\/comarcas.csm.org.pt\/coimbra\/wp-content\/uploads\/sites\/12\/2026\/03\/645567293_1537165571778619_1561625655146006682_n.jpg\",\"contentUrl\":\"https:\/\/comarcas.csm.org.pt\/coimbra\/wp-content\/uploads\/sites\/12\/2026\/03\/645567293_1537165571778619_1561625655146006682_n.jpg\",\"width\":2048,\"height\":1365},{\"@type\":\"BreadcrumbList\",\"@id\":\"https:\/\/comarcas.csm.org.pt\/coimbra\/blog\/2026\/03\/06\/restauracao-do-palacio-da-justica-de-oliveira-do-hospital\/#breadcrumb\",\"itemListElement\":[{\"@type\":\"ListItem\",\"position\":1,\"name\":\"In\u00edcio\",\"item\":\"https:\/\/comarcas.csm.org.pt\/coimbra\/\"},{\"@type\":\"ListItem\",\"position\":2,\"name\":\"Restaura\u00e7\u00e3o do Pal\u00e1cio da Justica de Oliveira do Hospital\"}]},{\"@type\":\"WebSite\",\"@id\":\"https:\/\/comarcas.csm.org.pt\/coimbra\/#website\",\"url\":\"https:\/\/comarcas.csm.org.pt\/coimbra\/\",\"name\":\"Tribunal Judicial da Comarca de Coimbra\",\"description\":\"Tribunal Judicial da Comarca de Aveiro\",\"publisher\":{\"@id\":\"https:\/\/comarcas.csm.org.pt\/coimbra\/#organization\"},\"potentialAction\":[{\"@type\":\"SearchAction\",\"target\":{\"@type\":\"EntryPoint\",\"urlTemplate\":\"https:\/\/comarcas.csm.org.pt\/coimbra\/?s={search_term_string}\"},\"query-input\":{\"@type\":\"PropertyValueSpecification\",\"valueRequired\":true,\"valueName\":\"search_term_string\"}}],\"inLanguage\":\"pt-PT\"},{\"@type\":\"Organization\",\"@id\":\"https:\/\/comarcas.csm.org.pt\/coimbra\/#organization\",\"name\":\"Tribunal Judicial da Comarca de Coimbra\",\"url\":\"https:\/\/comarcas.csm.org.pt\/coimbra\/\",\"logo\":{\"@type\":\"ImageObject\",\"inLanguage\":\"pt-PT\",\"@id\":\"https:\/\/comarcas.csm.org.pt\/coimbra\/#\/schema\/logo\/image\/\",\"url\":\"https:\/\/comarcas.csm.org.pt\/coimbra\/wp-content\/uploads\/sites\/12\/2024\/11\/Coimbra_positivo-horizontal.png\",\"contentUrl\":\"https:\/\/comarcas.csm.org.pt\/coimbra\/wp-content\/uploads\/sites\/12\/2024\/11\/Coimbra_positivo-horizontal.png\",\"width\":4163,\"height\":1224,\"caption\":\"Tribunal Judicial da Comarca de Coimbra\"},\"image\":{\"@id\":\"https:\/\/comarcas.csm.org.pt\/coimbra\/#\/schema\/logo\/image\/\"}},{\"@type\":\"Person\",\"@id\":\"https:\/\/comarcas.csm.org.pt\/coimbra\/#\/schema\/person\/abdad74e1a92691f7c0a2d1dcbdd8845\",\"name\":\"coimbra\",\"image\":{\"@type\":\"ImageObject\",\"inLanguage\":\"pt-PT\",\"@id\":\"https:\/\/comarcas.csm.org.pt\/coimbra\/#\/schema\/person\/image\/\",\"url\":\"https:\/\/secure.gravatar.com\/avatar\/6d4f74ba5cb7dcac2fc75554b5524f14438f2630a7d1bb4275b3f8934a51b904?s=96&d=mm&r=g\",\"contentUrl\":\"https:\/\/secure.gravatar.com\/avatar\/6d4f74ba5cb7dcac2fc75554b5524f14438f2630a7d1bb4275b3f8934a51b904?s=96&d=mm&r=g\",\"caption\":\"coimbra\"},\"url\":\"https:\/\/comarcas.csm.org.pt\/coimbra\/blog\/author\/coimbra\/\"}]}<\/script>\n<!-- \/ Yoast SEO plugin. -->","yoast_head_json":{"title":"Restaura\u00e7\u00e3o do Pal\u00e1cio da Justica de Oliveira do Hospital - Tribunal Judicial da Comarca de Coimbra","robots":{"index":"index","follow":"follow","max-snippet":"max-snippet:-1","max-image-preview":"max-image-preview:large","max-video-preview":"max-video-preview:-1"},"canonical":"https:\/\/comarcas.csm.org.pt\/coimbra\/blog\/2026\/03\/06\/restauracao-do-palacio-da-justica-de-oliveira-do-hospital\/","og_locale":"pt_PT","og_type":"article","og_title":"Restaura\u00e7\u00e3o do Pal\u00e1cio da Justica de Oliveira do Hospital - Tribunal Judicial da Comarca de Coimbra","og_description":"No passado dia 2 de mar\u00e7o, o Juiz Presidente do Tribunal Judicial da Comarca de Coimbra, Carlos Oliveira, acompanhado dos restantes membros do conselho de gest\u00e3o e equipa de apoio, reuniu com dirigentes do IGFEJ...","og_url":"https:\/\/comarcas.csm.org.pt\/coimbra\/blog\/2026\/03\/06\/restauracao-do-palacio-da-justica-de-oliveira-do-hospital\/","og_site_name":"Tribunal Judicial da Comarca de Coimbra","article_published_time":"2026-03-06T11:09:15+00:00","article_modified_time":"2026-03-06T11:09:16+00:00","og_image":[{"width":2048,"height":1365,"url":"https:\/\/comarcas.csm.org.pt\/coimbra\/wp-content\/uploads\/sites\/12\/2026\/03\/645567293_1537165571778619_1561625655146006682_n.jpg","type":"image\/jpeg"}],"author":"coimbra","twitter_card":"summary_large_image","twitter_misc":{"Escrito por":"coimbra","Tempo estimado de leitura":"2 minutos"},"schema":{"@context":"https:\/\/schema.org","@graph":[{"@type":"Article","@id":"https:\/\/comarcas.csm.org.pt\/coimbra\/blog\/2026\/03\/06\/restauracao-do-palacio-da-justica-de-oliveira-do-hospital\/#article","isPartOf":{"@id":"https:\/\/comarcas.csm.org.pt\/coimbra\/blog\/2026\/03\/06\/restauracao-do-palacio-da-justica-de-oliveira-do-hospital\/"},"author":{"name":"coimbra","@id":"https:\/\/comarcas.csm.org.pt\/coimbra\/#\/schema\/person\/abdad74e1a92691f7c0a2d1dcbdd8845"},"headline":"Restaura\u00e7\u00e3o do Pal\u00e1cio da Justica de Oliveira do Hospital","datePublished":"2026-03-06T11:09:15+00:00","dateModified":"2026-03-06T11:09:16+00:00","mainEntityOfPage":{"@id":"https:\/\/comarcas.csm.org.pt\/coimbra\/blog\/2026\/03\/06\/restauracao-do-palacio-da-justica-de-oliveira-do-hospital\/"},"wordCount":179,"publisher":{"@id":"https:\/\/comarcas.csm.org.pt\/coimbra\/#organization"},"image":{"@id":"https:\/\/comarcas.csm.org.pt\/coimbra\/blog\/2026\/03\/06\/restauracao-do-palacio-da-justica-de-oliveira-do-hospital\/#primaryimage"},"thumbnailUrl":"https:\/\/comarcas.csm.org.pt\/coimbra\/wp-content\/uploads\/sites\/12\/2026\/03\/645567293_1537165571778619_1561625655146006682_n-1024x683.jpg","articleSection":["Geral"],"inLanguage":"pt-PT"},{"@type":"WebPage","@id":"https:\/\/comarcas.csm.org.pt\/coimbra\/blog\/2026\/03\/06\/restauracao-do-palacio-da-justica-de-oliveira-do-hospital\/","url":"https:\/\/comarcas.csm.org.pt\/coimbra\/blog\/2026\/03\/06\/restauracao-do-palacio-da-justica-de-oliveira-do-hospital\/","name":"Restaura\u00e7\u00e3o do Pal\u00e1cio da Justica de Oliveira do Hospital - Tribunal Judicial da Comarca de Coimbra","isPartOf":{"@id":"https:\/\/comarcas.csm.org.pt\/coimbra\/#website"},"primaryImageOfPage":{"@id":"https:\/\/comarcas.csm.org.pt\/coimbra\/blog\/2026\/03\/06\/restauracao-do-palacio-da-justica-de-oliveira-do-hospital\/#primaryimage"},"image":{"@id":"https:\/\/comarcas.csm.org.pt\/coimbra\/blog\/2026\/03\/06\/restauracao-do-palacio-da-justica-de-oliveira-do-hospital\/#primaryimage"},"thumbnailUrl":"https:\/\/comarcas.csm.org.pt\/coimbra\/wp-content\/uploads\/sites\/12\/2026\/03\/645567293_1537165571778619_1561625655146006682_n-1024x683.jpg","datePublished":"2026-03-06T11:09:15+00:00","dateModified":"2026-03-06T11:09:16+00:00","breadcrumb":{"@id":"https:\/\/comarcas.csm.org.pt\/coimbra\/blog\/2026\/03\/06\/restauracao-do-palacio-da-justica-de-oliveira-do-hospital\/#breadcrumb"},"inLanguage":"pt-PT","potentialAction":[{"@type":"ReadAction","target":["https:\/\/comarcas.csm.org.pt\/coimbra\/blog\/2026\/03\/06\/restauracao-do-palacio-da-justica-de-oliveira-do-hospital\/"]}]},{"@type":"ImageObject","inLanguage":"pt-PT","@id":"https:\/\/comarcas.csm.org.pt\/coimbra\/blog\/2026\/03\/06\/restauracao-do-palacio-da-justica-de-oliveira-do-hospital\/#primaryimage","url":"https:\/\/comarcas.csm.org.pt\/coimbra\/wp-content\/uploads\/sites\/12\/2026\/03\/645567293_1537165571778619_1561625655146006682_n.jpg","contentUrl":"https:\/\/comarcas.csm.org.pt\/coimbra\/wp-content\/uploads\/sites\/12\/2026\/03\/645567293_1537165571778619_1561625655146006682_n.jpg","width":2048,"height":1365},{"@type":"BreadcrumbList","@id":"https:\/\/comarcas.csm.org.pt\/coimbra\/blog\/2026\/03\/06\/restauracao-do-palacio-da-justica-de-oliveira-do-hospital\/#breadcrumb","itemListElement":[{"@type":"ListItem","position":1,"name":"In\u00edcio","item":"https:\/\/comarcas.csm.org.pt\/coimbra\/"},{"@type":"ListItem","position":2,"name":"Restaura\u00e7\u00e3o do Pal\u00e1cio da Justica de Oliveira do Hospital"}]},{"@type":"WebSite","@id":"https:\/\/comarcas.csm.org.pt\/coimbra\/#website","url":"https:\/\/comarcas.csm.org.pt\/coimbra\/","name":"Tribunal Judicial da Comarca de Coimbra","description":"Tribunal Judicial da Comarca de Aveiro","publisher":{"@id":"https:\/\/comarcas.csm.org.pt\/coimbra\/#organization"},"potentialAction":[{"@type":"SearchAction","target":{"@type":"EntryPoint","urlTemplate":"https:\/\/comarcas.csm.org.pt\/coimbra\/?s={search_term_string}"},"query-input":{"@type":"PropertyValueSpecification","valueRequired":true,"valueName":"search_term_string"}}],"inLanguage":"pt-PT"},{"@type":"Organization","@id":"https:\/\/comarcas.csm.org.pt\/coimbra\/#organization","name":"Tribunal Judicial da Comarca de Coimbra","url":"https:\/\/comarcas.csm.org.pt\/coimbra\/","logo":{"@type":"ImageObject","inLanguage":"pt-PT","@id":"https:\/\/comarcas.csm.org.pt\/coimbra\/#\/schema\/logo\/image\/","url":"https:\/\/comarcas.csm.org.pt\/coimbra\/wp-content\/uploads\/sites\/12\/2024\/11\/Coimbra_positivo-horizontal.png","contentUrl":"https:\/\/comarcas.csm.org.pt\/coimbra\/wp-content\/uploads\/sites\/12\/2024\/11\/Coimbra_positivo-horizontal.png","width":4163,"height":1224,"caption":"Tribunal Judicial da Comarca de Coimbra"},"image":{"@id":"https:\/\/comarcas.csm.org.pt\/coimbra\/#\/schema\/logo\/image\/"}},{"@type":"Person","@id":"https:\/\/comarcas.csm.org.pt\/coimbra\/#\/schema\/person\/abdad74e1a92691f7c0a2d1dcbdd8845","name":"coimbra","image":{"@type":"ImageObject","inLanguage":"pt-PT","@id":"https:\/\/comarcas.csm.org.pt\/coimbra\/#\/schema\/person\/image\/","url":"https:\/\/secure.gravatar.com\/avatar\/6d4f74ba5cb7dcac2fc75554b5524f14438f2630a7d1bb4275b3f8934a51b904?s=96&d=mm&r=g","contentUrl":"https:\/\/secure.gravatar.com\/avatar\/6d4f74ba5cb7dcac2fc75554b5524f14438f2630a7d1bb4275b3f8934a51b904?s=96&d=mm&r=g","caption":"coimbra"},"url":"https:\/\/comarcas.csm.org.pt\/coimbra\/blog\/author\/coimbra\/"}]}},"_links":{"self":[{"href":"https:\/\/comarcas.csm.org.pt\/coimbra\/wp-json\/wp\/v2\/posts\/42012","targetHints":{"allow":["GET"]}}],"collection":[{"href":"https:\/\/comarcas.csm.org.pt\/coimbra\/wp-json\/wp\/v2\/posts"}],"about":[{"href":"https:\/\/comarcas.csm.org.pt\/coimbra\/wp-json\/wp\/v2\/types\/post"}],"author":[{"embeddable":true,"href":"https:\/\/comarcas.csm.org.pt\/coimbra\/wp-json\/wp\/v2\/users\/12"}],"replies":[{"embeddable":true,"href":"https:\/\/comarcas.csm.org.pt\/coimbra\/wp-json\/wp\/v2\/comments?post=42012"}],"version-history":[{"count":1,"href":"https:\/\/comarcas.csm.org.pt\/coimbra\/wp-json\/wp\/v2\/posts\/42012\/revisions"}],"predecessor-version":[{"id":42016,"href":"https:\/\/comarcas.csm.org.pt\/coimbra\/wp-json\/wp\/v2\/posts\/42012\/revisions\/42016"}],"wp:attachment":[{"href":"https:\/\/comarcas.csm.org.pt\/coimbra\/wp-json\/wp\/v2\/media?parent=42012"}],"wp:term":[{"taxonomy":"category","embeddable":true,"href":"https:\/\/comarcas.csm.org.pt\/coimbra\/wp-json\/wp\/v2\/categories?post=42012"},{"taxonomy":"post_tag","embeddable":true,"href":"https:\/\/comarcas.csm.org.pt\/coimbra\/wp-json\/wp\/v2\/tags?post=42012"}],"curies":[{"name":"wp","href":"https:\/\/api.w.org\/{rel}","templated":true}]}}