{"id":42032,"date":"2026-03-18T22:48:47","date_gmt":"2026-03-18T22:48:47","guid":{"rendered":"https:\/\/comarcas.csm.org.pt\/coimbra\/?p=42032"},"modified":"2026-03-18T22:48:49","modified_gmt":"2026-03-18T22:48:49","slug":"reuniao-do-conselho-consultivo-18-de-marco-de-2026","status":"publish","type":"post","link":"https:\/\/comarcas.csm.org.pt\/coimbra\/blog\/2026\/03\/18\/reuniao-do-conselho-consultivo-18-de-marco-de-2026\/","title":{"rendered":"Reuni\u00e3o do Conselho Consultivo &#8211; 18 de mar\u00e7o de 2026"},"content":{"rendered":"\n<p>No dia 18 de mar\u00e7o de 2026, realizou-se a reuni\u00e3o do Conselho Consultivo da Comarca de Coimbra na Casa do Pa\u00e7o &#8211; Figueira da Foz. A reuni\u00e3o contou com a presen\u00e7a do Exmo. Senhor Presidente da C\u00e2mara Municipal da Figueira da Foz, Dr. Pedro Santana Lopes. Na reuni\u00e3o, entre outros temas, foi debatido o relat\u00f3rio anual da Comarca e, no final, mereceu parecer favor\u00e1vel de todos os intervenientes.<img decoding=\"async\" class=\"wp-image-42033\" style=\"width: NaNpx\" src=\"https:\/\/comarcas.csm.org.pt\/coimbra\/wp-content\/uploads\/sites\/12\/2026\/03\/ea97ebbb-75a5-4a06-ab84-bcb968c6a19d.zip\" alt=\"\"><\/p>\n\n\n\n<figure class=\"wp-block-gallery has-nested-images columns-default is-cropped wp-block-gallery-1 is-layout-flex wp-block-gallery-is-layout-flex\">\n<figure class=\"wp-block-image size-large\"><img fetchpriority=\"high\" decoding=\"async\" width=\"1024\" height=\"682\" data-id=\"42039\" src=\"https:\/\/comarcas.csm.org.pt\/coimbra\/wp-content\/uploads\/sites\/12\/2026\/03\/beed06b9-1919-4f9b-a5ea-c05578e1f1d2-1024x682.jpg\" alt=\"\" class=\"wp-image-42039\" srcset=\"https:\/\/comarcas.csm.org.pt\/coimbra\/wp-content\/uploads\/sites\/12\/2026\/03\/beed06b9-1919-4f9b-a5ea-c05578e1f1d2-1024x682.jpg 1024w, https:\/\/comarcas.csm.org.pt\/coimbra\/wp-content\/uploads\/sites\/12\/2026\/03\/beed06b9-1919-4f9b-a5ea-c05578e1f1d2-300x200.jpg 300w, https:\/\/comarcas.csm.org.pt\/coimbra\/wp-content\/uploads\/sites\/12\/2026\/03\/beed06b9-1919-4f9b-a5ea-c05578e1f1d2-768x511.jpg 768w, https:\/\/comarcas.csm.org.pt\/coimbra\/wp-content\/uploads\/sites\/12\/2026\/03\/beed06b9-1919-4f9b-a5ea-c05578e1f1d2.jpg 1280w\" sizes=\"(max-width: 1024px) 100vw, 1024px\" \/><\/figure>\n\n\n\n<figure class=\"wp-block-image size-large\"><img decoding=\"async\" width=\"1024\" height=\"650\" data-id=\"42041\" src=\"https:\/\/comarcas.csm.org.pt\/coimbra\/wp-content\/uploads\/sites\/12\/2026\/03\/c156c591-29ca-4f33-bc0c-4b2074d35498-1024x650.jpg\" alt=\"\" class=\"wp-image-42041\" srcset=\"https:\/\/comarcas.csm.org.pt\/coimbra\/wp-content\/uploads\/sites\/12\/2026\/03\/c156c591-29ca-4f33-bc0c-4b2074d35498-1024x650.jpg 1024w, https:\/\/comarcas.csm.org.pt\/coimbra\/wp-content\/uploads\/sites\/12\/2026\/03\/c156c591-29ca-4f33-bc0c-4b2074d35498-300x191.jpg 300w, https:\/\/comarcas.csm.org.pt\/coimbra\/wp-content\/uploads\/sites\/12\/2026\/03\/c156c591-29ca-4f33-bc0c-4b2074d35498-768x488.jpg 768w, https:\/\/comarcas.csm.org.pt\/coimbra\/wp-content\/uploads\/sites\/12\/2026\/03\/c156c591-29ca-4f33-bc0c-4b2074d35498.jpg 1280w\" sizes=\"(max-width: 1024px) 100vw, 1024px\" \/><\/figure>\n<\/figure>\n","protected":false},"excerpt":{"rendered":"<p>No dia 18 de mar\u00e7o de 2026, realizou-se a reuni\u00e3o do Conselho Consultivo da Comarca de Coimbra na Casa do Pa\u00e7o &#8211; Figueira da Foz. A reuni\u00e3o contou com a presen\u00e7a do Exmo. Senhor Presidente&#8230;<\/p>\n","protected":false},"author":12,"featured_media":42040,"comment_status":"closed","ping_status":"open","sticky":false,"template":"","format":"standard","meta":{"_tbt_post_transparent":"","_tbt_post_title":"","_tbt_post_layout":"","_tbt_post_sidebar_id":"","_tbt_post_content_style":"","_tbt_post_vertical_padding":"","_tbt_post_feature":"","_tbt_post_feature_position":"","_tbt_post_header":false,"_tbt_post_footer":false},"categories":[1],"tags":[],"class_list":["post-42032","post","type-post","status-publish","format-standard","has-post-thumbnail","hentry","category-geral"],"yoast_head":"<!-- This site is optimized with the Yoast SEO plugin v25.6 - https:\/\/yoast.com\/wordpress\/plugins\/seo\/ -->\n<title>Reuni\u00e3o do Conselho Consultivo - 18 de mar\u00e7o de 2026 - Tribunal Judicial da Comarca de Coimbra<\/title>\n<meta name=\"robots\" content=\"index, follow, max-snippet:-1, max-image-preview:large, max-video-preview:-1\" \/>\n<link rel=\"canonical\" href=\"https:\/\/comarcas.csm.org.pt\/coimbra\/blog\/2026\/03\/18\/reuniao-do-conselho-consultivo-18-de-marco-de-2026\/\" \/>\n<meta property=\"og:locale\" content=\"pt_PT\" \/>\n<meta property=\"og:type\" content=\"article\" \/>\n<meta property=\"og:title\" content=\"Reuni\u00e3o do Conselho Consultivo - 18 de mar\u00e7o de 2026 - Tribunal Judicial da Comarca de Coimbra\" \/>\n<meta property=\"og:description\" content=\"No dia 18 de mar\u00e7o de 2026, realizou-se a reuni\u00e3o do Conselho Consultivo da Comarca de Coimbra na Casa do Pa\u00e7o &#8211; Figueira da Foz. A reuni\u00e3o contou com a presen\u00e7a do Exmo. Senhor Presidente...\" \/>\n<meta property=\"og:url\" content=\"https:\/\/comarcas.csm.org.pt\/coimbra\/blog\/2026\/03\/18\/reuniao-do-conselho-consultivo-18-de-marco-de-2026\/\" \/>\n<meta property=\"og:site_name\" content=\"Tribunal Judicial da Comarca de Coimbra\" \/>\n<meta property=\"article:published_time\" content=\"2026-03-18T22:48:47+00:00\" \/>\n<meta property=\"article:modified_time\" content=\"2026-03-18T22:48:49+00:00\" \/>\n<meta property=\"og:image\" content=\"https:\/\/comarcas.csm.org.pt\/coimbra\/wp-content\/uploads\/sites\/12\/2026\/03\/b6d129ec-e719-475a-80d6-d7d7568d9141.jpg\" \/>\n\t<meta property=\"og:image:width\" content=\"1600\" \/>\n\t<meta property=\"og:image:height\" content=\"1002\" \/>\n\t<meta property=\"og:image:type\" content=\"image\/jpeg\" \/>\n<meta name=\"author\" content=\"coimbra\" \/>\n<meta name=\"twitter:card\" content=\"summary_large_image\" \/>\n<meta name=\"twitter:label1\" content=\"Escrito por\" \/>\n\t<meta name=\"twitter:data1\" content=\"coimbra\" \/>\n\t<meta name=\"twitter:label2\" content=\"Tempo estimado de leitura\" \/>\n\t<meta name=\"twitter:data2\" content=\"2 minutos\" \/>\n<script type=\"application\/ld+json\" class=\"yoast-schema-graph\">{\"@context\":\"https:\/\/schema.org\",\"@graph\":[{\"@type\":\"Article\",\"@id\":\"https:\/\/comarcas.csm.org.pt\/coimbra\/blog\/2026\/03\/18\/reuniao-do-conselho-consultivo-18-de-marco-de-2026\/#article\",\"isPartOf\":{\"@id\":\"https:\/\/comarcas.csm.org.pt\/coimbra\/blog\/2026\/03\/18\/reuniao-do-conselho-consultivo-18-de-marco-de-2026\/\"},\"author\":{\"name\":\"coimbra\",\"@id\":\"https:\/\/comarcas.csm.org.pt\/coimbra\/#\/schema\/person\/abdad74e1a92691f7c0a2d1dcbdd8845\"},\"headline\":\"Reuni\u00e3o do Conselho Consultivo &#8211; 18 de mar\u00e7o de 2026\",\"datePublished\":\"2026-03-18T22:48:47+00:00\",\"dateModified\":\"2026-03-18T22:48:49+00:00\",\"mainEntityOfPage\":{\"@id\":\"https:\/\/comarcas.csm.org.pt\/coimbra\/blog\/2026\/03\/18\/reuniao-do-conselho-consultivo-18-de-marco-de-2026\/\"},\"wordCount\":85,\"publisher\":{\"@id\":\"https:\/\/comarcas.csm.org.pt\/coimbra\/#organization\"},\"image\":{\"@id\":\"https:\/\/comarcas.csm.org.pt\/coimbra\/blog\/2026\/03\/18\/reuniao-do-conselho-consultivo-18-de-marco-de-2026\/#primaryimage\"},\"thumbnailUrl\":\"https:\/\/comarcas.csm.org.pt\/coimbra\/wp-content\/uploads\/sites\/12\/2026\/03\/b6d129ec-e719-475a-80d6-d7d7568d9141.jpg\",\"articleSection\":[\"Geral\"],\"inLanguage\":\"pt-PT\"},{\"@type\":\"WebPage\",\"@id\":\"https:\/\/comarcas.csm.org.pt\/coimbra\/blog\/2026\/03\/18\/reuniao-do-conselho-consultivo-18-de-marco-de-2026\/\",\"url\":\"https:\/\/comarcas.csm.org.pt\/coimbra\/blog\/2026\/03\/18\/reuniao-do-conselho-consultivo-18-de-marco-de-2026\/\",\"name\":\"Reuni\u00e3o do Conselho Consultivo - 18 de mar\u00e7o de 2026 - Tribunal Judicial da Comarca de Coimbra\",\"isPartOf\":{\"@id\":\"https:\/\/comarcas.csm.org.pt\/coimbra\/#website\"},\"primaryImageOfPage\":{\"@id\":\"https:\/\/comarcas.csm.org.pt\/coimbra\/blog\/2026\/03\/18\/reuniao-do-conselho-consultivo-18-de-marco-de-2026\/#primaryimage\"},\"image\":{\"@id\":\"https:\/\/comarcas.csm.org.pt\/coimbra\/blog\/2026\/03\/18\/reuniao-do-conselho-consultivo-18-de-marco-de-2026\/#primaryimage\"},\"thumbnailUrl\":\"https:\/\/comarcas.csm.org.pt\/coimbra\/wp-content\/uploads\/sites\/12\/2026\/03\/b6d129ec-e719-475a-80d6-d7d7568d9141.jpg\",\"datePublished\":\"2026-03-18T22:48:47+00:00\",\"dateModified\":\"2026-03-18T22:48:49+00:00\",\"breadcrumb\":{\"@id\":\"https:\/\/comarcas.csm.org.pt\/coimbra\/blog\/2026\/03\/18\/reuniao-do-conselho-consultivo-18-de-marco-de-2026\/#breadcrumb\"},\"inLanguage\":\"pt-PT\",\"potentialAction\":[{\"@type\":\"ReadAction\",\"target\":[\"https:\/\/comarcas.csm.org.pt\/coimbra\/blog\/2026\/03\/18\/reuniao-do-conselho-consultivo-18-de-marco-de-2026\/\"]}]},{\"@type\":\"ImageObject\",\"inLanguage\":\"pt-PT\",\"@id\":\"https:\/\/comarcas.csm.org.pt\/coimbra\/blog\/2026\/03\/18\/reuniao-do-conselho-consultivo-18-de-marco-de-2026\/#primaryimage\",\"url\":\"https:\/\/comarcas.csm.org.pt\/coimbra\/wp-content\/uploads\/sites\/12\/2026\/03\/b6d129ec-e719-475a-80d6-d7d7568d9141.jpg\",\"contentUrl\":\"https:\/\/comarcas.csm.org.pt\/coimbra\/wp-content\/uploads\/sites\/12\/2026\/03\/b6d129ec-e719-475a-80d6-d7d7568d9141.jpg\",\"width\":1600,\"height\":1002},{\"@type\":\"BreadcrumbList\",\"@id\":\"https:\/\/comarcas.csm.org.pt\/coimbra\/blog\/2026\/03\/18\/reuniao-do-conselho-consultivo-18-de-marco-de-2026\/#breadcrumb\",\"itemListElement\":[{\"@type\":\"ListItem\",\"position\":1,\"name\":\"In\u00edcio\",\"item\":\"https:\/\/comarcas.csm.org.pt\/coimbra\/\"},{\"@type\":\"ListItem\",\"position\":2,\"name\":\"Reuni\u00e3o do Conselho Consultivo &#8211; 18 de mar\u00e7o de 2026\"}]},{\"@type\":\"WebSite\",\"@id\":\"https:\/\/comarcas.csm.org.pt\/coimbra\/#website\",\"url\":\"https:\/\/comarcas.csm.org.pt\/coimbra\/\",\"name\":\"Tribunal Judicial da Comarca de Coimbra\",\"description\":\"Tribunal Judicial da Comarca de Aveiro\",\"publisher\":{\"@id\":\"https:\/\/comarcas.csm.org.pt\/coimbra\/#organization\"},\"potentialAction\":[{\"@type\":\"SearchAction\",\"target\":{\"@type\":\"EntryPoint\",\"urlTemplate\":\"https:\/\/comarcas.csm.org.pt\/coimbra\/?s={search_term_string}\"},\"query-input\":{\"@type\":\"PropertyValueSpecification\",\"valueRequired\":true,\"valueName\":\"search_term_string\"}}],\"inLanguage\":\"pt-PT\"},{\"@type\":\"Organization\",\"@id\":\"https:\/\/comarcas.csm.org.pt\/coimbra\/#organization\",\"name\":\"Tribunal Judicial da Comarca de Coimbra\",\"url\":\"https:\/\/comarcas.csm.org.pt\/coimbra\/\",\"logo\":{\"@type\":\"ImageObject\",\"inLanguage\":\"pt-PT\",\"@id\":\"https:\/\/comarcas.csm.org.pt\/coimbra\/#\/schema\/logo\/image\/\",\"url\":\"https:\/\/comarcas.csm.org.pt\/coimbra\/wp-content\/uploads\/sites\/12\/2024\/11\/Coimbra_positivo-horizontal.png\",\"contentUrl\":\"https:\/\/comarcas.csm.org.pt\/coimbra\/wp-content\/uploads\/sites\/12\/2024\/11\/Coimbra_positivo-horizontal.png\",\"width\":4163,\"height\":1224,\"caption\":\"Tribunal Judicial da Comarca de Coimbra\"},\"image\":{\"@id\":\"https:\/\/comarcas.csm.org.pt\/coimbra\/#\/schema\/logo\/image\/\"}},{\"@type\":\"Person\",\"@id\":\"https:\/\/comarcas.csm.org.pt\/coimbra\/#\/schema\/person\/abdad74e1a92691f7c0a2d1dcbdd8845\",\"name\":\"coimbra\",\"image\":{\"@type\":\"ImageObject\",\"inLanguage\":\"pt-PT\",\"@id\":\"https:\/\/comarcas.csm.org.pt\/coimbra\/#\/schema\/person\/image\/\",\"url\":\"https:\/\/secure.gravatar.com\/avatar\/6d4f74ba5cb7dcac2fc75554b5524f14438f2630a7d1bb4275b3f8934a51b904?s=96&d=mm&r=g\",\"contentUrl\":\"https:\/\/secure.gravatar.com\/avatar\/6d4f74ba5cb7dcac2fc75554b5524f14438f2630a7d1bb4275b3f8934a51b904?s=96&d=mm&r=g\",\"caption\":\"coimbra\"},\"url\":\"https:\/\/comarcas.csm.org.pt\/coimbra\/blog\/author\/coimbra\/\"}]}<\/script>\n<!-- \/ Yoast SEO plugin. -->","yoast_head_json":{"title":"Reuni\u00e3o do Conselho Consultivo - 18 de mar\u00e7o de 2026 - Tribunal Judicial da Comarca de Coimbra","robots":{"index":"index","follow":"follow","max-snippet":"max-snippet:-1","max-image-preview":"max-image-preview:large","max-video-preview":"max-video-preview:-1"},"canonical":"https:\/\/comarcas.csm.org.pt\/coimbra\/blog\/2026\/03\/18\/reuniao-do-conselho-consultivo-18-de-marco-de-2026\/","og_locale":"pt_PT","og_type":"article","og_title":"Reuni\u00e3o do Conselho Consultivo - 18 de mar\u00e7o de 2026 - Tribunal Judicial da Comarca de Coimbra","og_description":"No dia 18 de mar\u00e7o de 2026, realizou-se a reuni\u00e3o do Conselho Consultivo da Comarca de Coimbra na Casa do Pa\u00e7o &#8211; Figueira da Foz. A reuni\u00e3o contou com a presen\u00e7a do Exmo. Senhor Presidente...","og_url":"https:\/\/comarcas.csm.org.pt\/coimbra\/blog\/2026\/03\/18\/reuniao-do-conselho-consultivo-18-de-marco-de-2026\/","og_site_name":"Tribunal Judicial da Comarca de Coimbra","article_published_time":"2026-03-18T22:48:47+00:00","article_modified_time":"2026-03-18T22:48:49+00:00","og_image":[{"width":1600,"height":1002,"url":"https:\/\/comarcas.csm.org.pt\/coimbra\/wp-content\/uploads\/sites\/12\/2026\/03\/b6d129ec-e719-475a-80d6-d7d7568d9141.jpg","type":"image\/jpeg"}],"author":"coimbra","twitter_card":"summary_large_image","twitter_misc":{"Escrito por":"coimbra","Tempo estimado de leitura":"2 minutos"},"schema":{"@context":"https:\/\/schema.org","@graph":[{"@type":"Article","@id":"https:\/\/comarcas.csm.org.pt\/coimbra\/blog\/2026\/03\/18\/reuniao-do-conselho-consultivo-18-de-marco-de-2026\/#article","isPartOf":{"@id":"https:\/\/comarcas.csm.org.pt\/coimbra\/blog\/2026\/03\/18\/reuniao-do-conselho-consultivo-18-de-marco-de-2026\/"},"author":{"name":"coimbra","@id":"https:\/\/comarcas.csm.org.pt\/coimbra\/#\/schema\/person\/abdad74e1a92691f7c0a2d1dcbdd8845"},"headline":"Reuni\u00e3o do Conselho Consultivo &#8211; 18 de mar\u00e7o de 2026","datePublished":"2026-03-18T22:48:47+00:00","dateModified":"2026-03-18T22:48:49+00:00","mainEntityOfPage":{"@id":"https:\/\/comarcas.csm.org.pt\/coimbra\/blog\/2026\/03\/18\/reuniao-do-conselho-consultivo-18-de-marco-de-2026\/"},"wordCount":85,"publisher":{"@id":"https:\/\/comarcas.csm.org.pt\/coimbra\/#organization"},"image":{"@id":"https:\/\/comarcas.csm.org.pt\/coimbra\/blog\/2026\/03\/18\/reuniao-do-conselho-consultivo-18-de-marco-de-2026\/#primaryimage"},"thumbnailUrl":"https:\/\/comarcas.csm.org.pt\/coimbra\/wp-content\/uploads\/sites\/12\/2026\/03\/b6d129ec-e719-475a-80d6-d7d7568d9141.jpg","articleSection":["Geral"],"inLanguage":"pt-PT"},{"@type":"WebPage","@id":"https:\/\/comarcas.csm.org.pt\/coimbra\/blog\/2026\/03\/18\/reuniao-do-conselho-consultivo-18-de-marco-de-2026\/","url":"https:\/\/comarcas.csm.org.pt\/coimbra\/blog\/2026\/03\/18\/reuniao-do-conselho-consultivo-18-de-marco-de-2026\/","name":"Reuni\u00e3o do Conselho Consultivo - 18 de mar\u00e7o de 2026 - Tribunal Judicial da Comarca de Coimbra","isPartOf":{"@id":"https:\/\/comarcas.csm.org.pt\/coimbra\/#website"},"primaryImageOfPage":{"@id":"https:\/\/comarcas.csm.org.pt\/coimbra\/blog\/2026\/03\/18\/reuniao-do-conselho-consultivo-18-de-marco-de-2026\/#primaryimage"},"image":{"@id":"https:\/\/comarcas.csm.org.pt\/coimbra\/blog\/2026\/03\/18\/reuniao-do-conselho-consultivo-18-de-marco-de-2026\/#primaryimage"},"thumbnailUrl":"https:\/\/comarcas.csm.org.pt\/coimbra\/wp-content\/uploads\/sites\/12\/2026\/03\/b6d129ec-e719-475a-80d6-d7d7568d9141.jpg","datePublished":"2026-03-18T22:48:47+00:00","dateModified":"2026-03-18T22:48:49+00:00","breadcrumb":{"@id":"https:\/\/comarcas.csm.org.pt\/coimbra\/blog\/2026\/03\/18\/reuniao-do-conselho-consultivo-18-de-marco-de-2026\/#breadcrumb"},"inLanguage":"pt-PT","potentialAction":[{"@type":"ReadAction","target":["https:\/\/comarcas.csm.org.pt\/coimbra\/blog\/2026\/03\/18\/reuniao-do-conselho-consultivo-18-de-marco-de-2026\/"]}]},{"@type":"ImageObject","inLanguage":"pt-PT","@id":"https:\/\/comarcas.csm.org.pt\/coimbra\/blog\/2026\/03\/18\/reuniao-do-conselho-consultivo-18-de-marco-de-2026\/#primaryimage","url":"https:\/\/comarcas.csm.org.pt\/coimbra\/wp-content\/uploads\/sites\/12\/2026\/03\/b6d129ec-e719-475a-80d6-d7d7568d9141.jpg","contentUrl":"https:\/\/comarcas.csm.org.pt\/coimbra\/wp-content\/uploads\/sites\/12\/2026\/03\/b6d129ec-e719-475a-80d6-d7d7568d9141.jpg","width":1600,"height":1002},{"@type":"BreadcrumbList","@id":"https:\/\/comarcas.csm.org.pt\/coimbra\/blog\/2026\/03\/18\/reuniao-do-conselho-consultivo-18-de-marco-de-2026\/#breadcrumb","itemListElement":[{"@type":"ListItem","position":1,"name":"In\u00edcio","item":"https:\/\/comarcas.csm.org.pt\/coimbra\/"},{"@type":"ListItem","position":2,"name":"Reuni\u00e3o do Conselho Consultivo &#8211; 18 de mar\u00e7o de 2026"}]},{"@type":"WebSite","@id":"https:\/\/comarcas.csm.org.pt\/coimbra\/#website","url":"https:\/\/comarcas.csm.org.pt\/coimbra\/","name":"Tribunal Judicial da Comarca de Coimbra","description":"Tribunal Judicial da Comarca de Aveiro","publisher":{"@id":"https:\/\/comarcas.csm.org.pt\/coimbra\/#organization"},"potentialAction":[{"@type":"SearchAction","target":{"@type":"EntryPoint","urlTemplate":"https:\/\/comarcas.csm.org.pt\/coimbra\/?s={search_term_string}"},"query-input":{"@type":"PropertyValueSpecification","valueRequired":true,"valueName":"search_term_string"}}],"inLanguage":"pt-PT"},{"@type":"Organization","@id":"https:\/\/comarcas.csm.org.pt\/coimbra\/#organization","name":"Tribunal Judicial da Comarca de Coimbra","url":"https:\/\/comarcas.csm.org.pt\/coimbra\/","logo":{"@type":"ImageObject","inLanguage":"pt-PT","@id":"https:\/\/comarcas.csm.org.pt\/coimbra\/#\/schema\/logo\/image\/","url":"https:\/\/comarcas.csm.org.pt\/coimbra\/wp-content\/uploads\/sites\/12\/2024\/11\/Coimbra_positivo-horizontal.png","contentUrl":"https:\/\/comarcas.csm.org.pt\/coimbra\/wp-content\/uploads\/sites\/12\/2024\/11\/Coimbra_positivo-horizontal.png","width":4163,"height":1224,"caption":"Tribunal Judicial da Comarca de Coimbra"},"image":{"@id":"https:\/\/comarcas.csm.org.pt\/coimbra\/#\/schema\/logo\/image\/"}},{"@type":"Person","@id":"https:\/\/comarcas.csm.org.pt\/coimbra\/#\/schema\/person\/abdad74e1a92691f7c0a2d1dcbdd8845","name":"coimbra","image":{"@type":"ImageObject","inLanguage":"pt-PT","@id":"https:\/\/comarcas.csm.org.pt\/coimbra\/#\/schema\/person\/image\/","url":"https:\/\/secure.gravatar.com\/avatar\/6d4f74ba5cb7dcac2fc75554b5524f14438f2630a7d1bb4275b3f8934a51b904?s=96&d=mm&r=g","contentUrl":"https:\/\/secure.gravatar.com\/avatar\/6d4f74ba5cb7dcac2fc75554b5524f14438f2630a7d1bb4275b3f8934a51b904?s=96&d=mm&r=g","caption":"coimbra"},"url":"https:\/\/comarcas.csm.org.pt\/coimbra\/blog\/author\/coimbra\/"}]}},"_links":{"self":[{"href":"https:\/\/comarcas.csm.org.pt\/coimbra\/wp-json\/wp\/v2\/posts\/42032","targetHints":{"allow":["GET"]}}],"collection":[{"href":"https:\/\/comarcas.csm.org.pt\/coimbra\/wp-json\/wp\/v2\/posts"}],"about":[{"href":"https:\/\/comarcas.csm.org.pt\/coimbra\/wp-json\/wp\/v2\/types\/post"}],"author":[{"embeddable":true,"href":"https:\/\/comarcas.csm.org.pt\/coimbra\/wp-json\/wp\/v2\/users\/12"}],"replies":[{"embeddable":true,"href":"https:\/\/comarcas.csm.org.pt\/coimbra\/wp-json\/wp\/v2\/comments?post=42032"}],"version-history":[{"count":1,"href":"https:\/\/comarcas.csm.org.pt\/coimbra\/wp-json\/wp\/v2\/posts\/42032\/revisions"}],"predecessor-version":[{"id":42042,"href":"https:\/\/comarcas.csm.org.pt\/coimbra\/wp-json\/wp\/v2\/posts\/42032\/revisions\/42042"}],"wp:featuredmedia":[{"embeddable":true,"href":"https:\/\/comarcas.csm.org.pt\/coimbra\/wp-json\/wp\/v2\/media\/42040"}],"wp:attachment":[{"href":"https:\/\/comarcas.csm.org.pt\/coimbra\/wp-json\/wp\/v2\/media?parent=42032"}],"wp:term":[{"taxonomy":"category","embeddable":true,"href":"https:\/\/comarcas.csm.org.pt\/coimbra\/wp-json\/wp\/v2\/categories?post=42032"},{"taxonomy":"post_tag","embeddable":true,"href":"https:\/\/comarcas.csm.org.pt\/coimbra\/wp-json\/wp\/v2\/tags?post=42032"}],"curies":[{"name":"wp","href":"https:\/\/api.w.org\/{rel}","templated":true}]}}