{"id":42043,"date":"2026-03-23T16:22:20","date_gmt":"2026-03-23T16:22:20","guid":{"rendered":"https:\/\/comarcas.csm.org.pt\/coimbra\/?p=42043"},"modified":"2026-03-23T16:22:21","modified_gmt":"2026-03-23T16:22:21","slug":"memorando-de-entendimento-protocolo-que-estende-o-projeto-piloto-de-ampliacao-da-autonomia-financeira-dos-tribunais-judiciais-de-comarca-aos-23-tribunais","status":"publish","type":"post","link":"https:\/\/comarcas.csm.org.pt\/coimbra\/blog\/2026\/03\/23\/memorando-de-entendimento-protocolo-que-estende-o-projeto-piloto-de-ampliacao-da-autonomia-financeira-dos-tribunais-judiciais-de-comarca-aos-23-tribunais\/","title":{"rendered":"memorando de entendimento &#8211; protocolo que estende o projeto piloto de amplia\u00e7\u00e3o da autonomia financeira dos tribunais judiciais de comarca aos 23 Tribunais"},"content":{"rendered":"\n<p>No dia 23 de mar\u00e7o de 2026, na Casa do Juiz, em Coimbra, foi assinado pelo Presidente do Supremo Tribunal de Justi\u00e7a, pela Ministra da Justi\u00e7a e pelo Procurador Geral da Rep\u00fablica o protocolo que estende o projeto piloto de amplia\u00e7\u00e3o da autonomia financeira dos tribunais judiciais de comarca aos 23 Tribunais de primeira inst\u00e2ncia. A comarca de Coimbra integrou o projeto piloto desde o in\u00edcio do ano de 2025, obtendo excelentes resultados de gest\u00e3o, reconhecidos pelo Conselho Superior da Magistratura e pelo Minist\u00e9rio da Justi\u00e7a. Na sequ\u00eancia, foi assinado pelo Juiz Presidente da Comarca de Coimbra e pela Diretora Geral da Administra\u00e7\u00e3o da Justi\u00e7a o memorando de entendimento que concretiza o referido protocolo, atribuindo maior autonomia de gest\u00e3o \u00e0 Comarca.<\/p>\n\n\n\n<figure class=\"wp-block-gallery has-nested-images columns-default is-cropped wp-block-gallery-1 is-layout-flex wp-block-gallery-is-layout-flex\">\n<figure class=\"wp-block-image size-large\"><img fetchpriority=\"high\" decoding=\"async\" width=\"768\" height=\"1024\" data-id=\"42044\" src=\"https:\/\/comarcas.csm.org.pt\/coimbra\/wp-content\/uploads\/sites\/12\/2026\/03\/2-768x1024.jpg\" alt=\"\" class=\"wp-image-42044\" srcset=\"https:\/\/comarcas.csm.org.pt\/coimbra\/wp-content\/uploads\/sites\/12\/2026\/03\/2-768x1024.jpg 768w, https:\/\/comarcas.csm.org.pt\/coimbra\/wp-content\/uploads\/sites\/12\/2026\/03\/2-225x300.jpg 225w, https:\/\/comarcas.csm.org.pt\/coimbra\/wp-content\/uploads\/sites\/12\/2026\/03\/2-1152x1536.jpg 1152w, https:\/\/comarcas.csm.org.pt\/coimbra\/wp-content\/uploads\/sites\/12\/2026\/03\/2-1536x2048.jpg 1536w, https:\/\/comarcas.csm.org.pt\/coimbra\/wp-content\/uploads\/sites\/12\/2026\/03\/2-scaled.jpg 1920w\" sizes=\"(max-width: 768px) 100vw, 768px\" \/><\/figure>\n\n\n\n<figure class=\"wp-block-image size-large\"><img decoding=\"async\" width=\"768\" height=\"1024\" data-id=\"42045\" src=\"https:\/\/comarcas.csm.org.pt\/coimbra\/wp-content\/uploads\/sites\/12\/2026\/03\/1-768x1024.jpg\" alt=\"\" class=\"wp-image-42045\" srcset=\"https:\/\/comarcas.csm.org.pt\/coimbra\/wp-content\/uploads\/sites\/12\/2026\/03\/1-768x1024.jpg 768w, https:\/\/comarcas.csm.org.pt\/coimbra\/wp-content\/uploads\/sites\/12\/2026\/03\/1-225x300.jpg 225w, https:\/\/comarcas.csm.org.pt\/coimbra\/wp-content\/uploads\/sites\/12\/2026\/03\/1-1152x1536.jpg 1152w, https:\/\/comarcas.csm.org.pt\/coimbra\/wp-content\/uploads\/sites\/12\/2026\/03\/1-1537x2048.jpg 1537w, https:\/\/comarcas.csm.org.pt\/coimbra\/wp-content\/uploads\/sites\/12\/2026\/03\/1-scaled.jpg 1921w\" sizes=\"(max-width: 768px) 100vw, 768px\" \/><\/figure>\n<\/figure>\n\n\n\n<p><\/p>\n","protected":false},"excerpt":{"rendered":"<p>No dia 23 de mar\u00e7o de 2026, na Casa do Juiz, em Coimbra, foi assinado pelo Presidente do Supremo Tribunal de Justi\u00e7a, pela Ministra da Justi\u00e7a e pelo Procurador Geral da Rep\u00fablica o protocolo que&#8230;<\/p>\n","protected":false},"author":12,"featured_media":42046,"comment_status":"closed","ping_status":"open","sticky":false,"template":"","format":"standard","meta":{"_tbt_post_transparent":"","_tbt_post_title":"","_tbt_post_layout":"","_tbt_post_sidebar_id":"","_tbt_post_content_style":"","_tbt_post_vertical_padding":"","_tbt_post_feature":"","_tbt_post_feature_position":"","_tbt_post_header":false,"_tbt_post_footer":false},"categories":[1],"tags":[],"class_list":["post-42043","post","type-post","status-publish","format-standard","has-post-thumbnail","hentry","category-geral"],"yoast_head":"<!-- This site is optimized with the Yoast SEO plugin v25.6 - https:\/\/yoast.com\/wordpress\/plugins\/seo\/ -->\n<title>memorando de entendimento - protocolo que estende o projeto piloto de amplia\u00e7\u00e3o da autonomia financeira dos tribunais judiciais de comarca aos 23 Tribunais - Tribunal Judicial da Comarca de Coimbra<\/title>\n<meta name=\"robots\" content=\"index, follow, max-snippet:-1, max-image-preview:large, max-video-preview:-1\" \/>\n<link rel=\"canonical\" href=\"https:\/\/comarcas.csm.org.pt\/coimbra\/blog\/2026\/03\/23\/memorando-de-entendimento-protocolo-que-estende-o-projeto-piloto-de-ampliacao-da-autonomia-financeira-dos-tribunais-judiciais-de-comarca-aos-23-tribunais\/\" \/>\n<meta property=\"og:locale\" content=\"pt_PT\" \/>\n<meta property=\"og:type\" content=\"article\" \/>\n<meta property=\"og:title\" content=\"memorando de entendimento - protocolo que estende o projeto piloto de amplia\u00e7\u00e3o da autonomia financeira dos tribunais judiciais de comarca aos 23 Tribunais - Tribunal Judicial da Comarca de Coimbra\" \/>\n<meta property=\"og:description\" content=\"No dia 23 de mar\u00e7o de 2026, na Casa do Juiz, em Coimbra, foi assinado pelo Presidente do Supremo Tribunal de Justi\u00e7a, pela Ministra da Justi\u00e7a e pelo Procurador Geral da Rep\u00fablica o protocolo que...\" \/>\n<meta property=\"og:url\" content=\"https:\/\/comarcas.csm.org.pt\/coimbra\/blog\/2026\/03\/23\/memorando-de-entendimento-protocolo-que-estende-o-projeto-piloto-de-ampliacao-da-autonomia-financeira-dos-tribunais-judiciais-de-comarca-aos-23-tribunais\/\" \/>\n<meta property=\"og:site_name\" content=\"Tribunal Judicial da Comarca de Coimbra\" \/>\n<meta property=\"article:published_time\" content=\"2026-03-23T16:22:20+00:00\" \/>\n<meta property=\"article:modified_time\" content=\"2026-03-23T16:22:21+00:00\" \/>\n<meta property=\"og:image\" content=\"https:\/\/comarcas.csm.org.pt\/coimbra\/wp-content\/uploads\/sites\/12\/2026\/03\/2-1-scaled.jpg\" \/>\n\t<meta property=\"og:image:width\" content=\"1920\" \/>\n\t<meta property=\"og:image:height\" content=\"2560\" \/>\n\t<meta property=\"og:image:type\" content=\"image\/jpeg\" \/>\n<meta name=\"author\" content=\"coimbra\" \/>\n<meta name=\"twitter:card\" content=\"summary_large_image\" \/>\n<meta name=\"twitter:label1\" content=\"Escrito por\" \/>\n\t<meta name=\"twitter:data1\" content=\"coimbra\" \/>\n\t<meta name=\"twitter:label2\" content=\"Tempo estimado de leitura\" \/>\n\t<meta name=\"twitter:data2\" content=\"2 minutos\" \/>\n<script type=\"application\/ld+json\" class=\"yoast-schema-graph\">{\"@context\":\"https:\/\/schema.org\",\"@graph\":[{\"@type\":\"Article\",\"@id\":\"https:\/\/comarcas.csm.org.pt\/coimbra\/blog\/2026\/03\/23\/memorando-de-entendimento-protocolo-que-estende-o-projeto-piloto-de-ampliacao-da-autonomia-financeira-dos-tribunais-judiciais-de-comarca-aos-23-tribunais\/#article\",\"isPartOf\":{\"@id\":\"https:\/\/comarcas.csm.org.pt\/coimbra\/blog\/2026\/03\/23\/memorando-de-entendimento-protocolo-que-estende-o-projeto-piloto-de-ampliacao-da-autonomia-financeira-dos-tribunais-judiciais-de-comarca-aos-23-tribunais\/\"},\"author\":{\"name\":\"coimbra\",\"@id\":\"https:\/\/comarcas.csm.org.pt\/coimbra\/#\/schema\/person\/abdad74e1a92691f7c0a2d1dcbdd8845\"},\"headline\":\"memorando de entendimento &#8211; protocolo que estende o projeto piloto de amplia\u00e7\u00e3o da autonomia financeira dos tribunais judiciais de comarca aos 23 Tribunais\",\"datePublished\":\"2026-03-23T16:22:20+00:00\",\"dateModified\":\"2026-03-23T16:22:21+00:00\",\"mainEntityOfPage\":{\"@id\":\"https:\/\/comarcas.csm.org.pt\/coimbra\/blog\/2026\/03\/23\/memorando-de-entendimento-protocolo-que-estende-o-projeto-piloto-de-ampliacao-da-autonomia-financeira-dos-tribunais-judiciais-de-comarca-aos-23-tribunais\/\"},\"wordCount\":153,\"publisher\":{\"@id\":\"https:\/\/comarcas.csm.org.pt\/coimbra\/#organization\"},\"image\":{\"@id\":\"https:\/\/comarcas.csm.org.pt\/coimbra\/blog\/2026\/03\/23\/memorando-de-entendimento-protocolo-que-estende-o-projeto-piloto-de-ampliacao-da-autonomia-financeira-dos-tribunais-judiciais-de-comarca-aos-23-tribunais\/#primaryimage\"},\"thumbnailUrl\":\"https:\/\/comarcas.csm.org.pt\/coimbra\/wp-content\/uploads\/sites\/12\/2026\/03\/2-1-scaled.jpg\",\"articleSection\":[\"Geral\"],\"inLanguage\":\"pt-PT\"},{\"@type\":\"WebPage\",\"@id\":\"https:\/\/comarcas.csm.org.pt\/coimbra\/blog\/2026\/03\/23\/memorando-de-entendimento-protocolo-que-estende-o-projeto-piloto-de-ampliacao-da-autonomia-financeira-dos-tribunais-judiciais-de-comarca-aos-23-tribunais\/\",\"url\":\"https:\/\/comarcas.csm.org.pt\/coimbra\/blog\/2026\/03\/23\/memorando-de-entendimento-protocolo-que-estende-o-projeto-piloto-de-ampliacao-da-autonomia-financeira-dos-tribunais-judiciais-de-comarca-aos-23-tribunais\/\",\"name\":\"memorando de entendimento - protocolo que estende o projeto piloto de amplia\u00e7\u00e3o da autonomia financeira dos tribunais judiciais de comarca aos 23 Tribunais - Tribunal Judicial da Comarca de Coimbra\",\"isPartOf\":{\"@id\":\"https:\/\/comarcas.csm.org.pt\/coimbra\/#website\"},\"primaryImageOfPage\":{\"@id\":\"https:\/\/comarcas.csm.org.pt\/coimbra\/blog\/2026\/03\/23\/memorando-de-entendimento-protocolo-que-estende-o-projeto-piloto-de-ampliacao-da-autonomia-financeira-dos-tribunais-judiciais-de-comarca-aos-23-tribunais\/#primaryimage\"},\"image\":{\"@id\":\"https:\/\/comarcas.csm.org.pt\/coimbra\/blog\/2026\/03\/23\/memorando-de-entendimento-protocolo-que-estende-o-projeto-piloto-de-ampliacao-da-autonomia-financeira-dos-tribunais-judiciais-de-comarca-aos-23-tribunais\/#primaryimage\"},\"thumbnailUrl\":\"https:\/\/comarcas.csm.org.pt\/coimbra\/wp-content\/uploads\/sites\/12\/2026\/03\/2-1-scaled.jpg\",\"datePublished\":\"2026-03-23T16:22:20+00:00\",\"dateModified\":\"2026-03-23T16:22:21+00:00\",\"breadcrumb\":{\"@id\":\"https:\/\/comarcas.csm.org.pt\/coimbra\/blog\/2026\/03\/23\/memorando-de-entendimento-protocolo-que-estende-o-projeto-piloto-de-ampliacao-da-autonomia-financeira-dos-tribunais-judiciais-de-comarca-aos-23-tribunais\/#breadcrumb\"},\"inLanguage\":\"pt-PT\",\"potentialAction\":[{\"@type\":\"ReadAction\",\"target\":[\"https:\/\/comarcas.csm.org.pt\/coimbra\/blog\/2026\/03\/23\/memorando-de-entendimento-protocolo-que-estende-o-projeto-piloto-de-ampliacao-da-autonomia-financeira-dos-tribunais-judiciais-de-comarca-aos-23-tribunais\/\"]}]},{\"@type\":\"ImageObject\",\"inLanguage\":\"pt-PT\",\"@id\":\"https:\/\/comarcas.csm.org.pt\/coimbra\/blog\/2026\/03\/23\/memorando-de-entendimento-protocolo-que-estende-o-projeto-piloto-de-ampliacao-da-autonomia-financeira-dos-tribunais-judiciais-de-comarca-aos-23-tribunais\/#primaryimage\",\"url\":\"https:\/\/comarcas.csm.org.pt\/coimbra\/wp-content\/uploads\/sites\/12\/2026\/03\/2-1-scaled.jpg\",\"contentUrl\":\"https:\/\/comarcas.csm.org.pt\/coimbra\/wp-content\/uploads\/sites\/12\/2026\/03\/2-1-scaled.jpg\",\"width\":1920,\"height\":2560},{\"@type\":\"BreadcrumbList\",\"@id\":\"https:\/\/comarcas.csm.org.pt\/coimbra\/blog\/2026\/03\/23\/memorando-de-entendimento-protocolo-que-estende-o-projeto-piloto-de-ampliacao-da-autonomia-financeira-dos-tribunais-judiciais-de-comarca-aos-23-tribunais\/#breadcrumb\",\"itemListElement\":[{\"@type\":\"ListItem\",\"position\":1,\"name\":\"In\u00edcio\",\"item\":\"https:\/\/comarcas.csm.org.pt\/coimbra\/\"},{\"@type\":\"ListItem\",\"position\":2,\"name\":\"memorando de entendimento &#8211; protocolo que estende o projeto piloto de amplia\u00e7\u00e3o da autonomia financeira dos tribunais judiciais de comarca aos 23 Tribunais\"}]},{\"@type\":\"WebSite\",\"@id\":\"https:\/\/comarcas.csm.org.pt\/coimbra\/#website\",\"url\":\"https:\/\/comarcas.csm.org.pt\/coimbra\/\",\"name\":\"Tribunal Judicial da Comarca de Coimbra\",\"description\":\"Tribunal Judicial da Comarca de Aveiro\",\"publisher\":{\"@id\":\"https:\/\/comarcas.csm.org.pt\/coimbra\/#organization\"},\"potentialAction\":[{\"@type\":\"SearchAction\",\"target\":{\"@type\":\"EntryPoint\",\"urlTemplate\":\"https:\/\/comarcas.csm.org.pt\/coimbra\/?s={search_term_string}\"},\"query-input\":{\"@type\":\"PropertyValueSpecification\",\"valueRequired\":true,\"valueName\":\"search_term_string\"}}],\"inLanguage\":\"pt-PT\"},{\"@type\":\"Organization\",\"@id\":\"https:\/\/comarcas.csm.org.pt\/coimbra\/#organization\",\"name\":\"Tribunal Judicial da Comarca de Coimbra\",\"url\":\"https:\/\/comarcas.csm.org.pt\/coimbra\/\",\"logo\":{\"@type\":\"ImageObject\",\"inLanguage\":\"pt-PT\",\"@id\":\"https:\/\/comarcas.csm.org.pt\/coimbra\/#\/schema\/logo\/image\/\",\"url\":\"https:\/\/comarcas.csm.org.pt\/coimbra\/wp-content\/uploads\/sites\/12\/2024\/11\/Coimbra_positivo-horizontal.png\",\"contentUrl\":\"https:\/\/comarcas.csm.org.pt\/coimbra\/wp-content\/uploads\/sites\/12\/2024\/11\/Coimbra_positivo-horizontal.png\",\"width\":4163,\"height\":1224,\"caption\":\"Tribunal Judicial da Comarca de Coimbra\"},\"image\":{\"@id\":\"https:\/\/comarcas.csm.org.pt\/coimbra\/#\/schema\/logo\/image\/\"}},{\"@type\":\"Person\",\"@id\":\"https:\/\/comarcas.csm.org.pt\/coimbra\/#\/schema\/person\/abdad74e1a92691f7c0a2d1dcbdd8845\",\"name\":\"coimbra\",\"image\":{\"@type\":\"ImageObject\",\"inLanguage\":\"pt-PT\",\"@id\":\"https:\/\/comarcas.csm.org.pt\/coimbra\/#\/schema\/person\/image\/\",\"url\":\"https:\/\/secure.gravatar.com\/avatar\/6d4f74ba5cb7dcac2fc75554b5524f14438f2630a7d1bb4275b3f8934a51b904?s=96&d=mm&r=g\",\"contentUrl\":\"https:\/\/secure.gravatar.com\/avatar\/6d4f74ba5cb7dcac2fc75554b5524f14438f2630a7d1bb4275b3f8934a51b904?s=96&d=mm&r=g\",\"caption\":\"coimbra\"},\"url\":\"https:\/\/comarcas.csm.org.pt\/coimbra\/blog\/author\/coimbra\/\"}]}<\/script>\n<!-- \/ Yoast SEO plugin. -->","yoast_head_json":{"title":"memorando de entendimento - protocolo que estende o projeto piloto de amplia\u00e7\u00e3o da autonomia financeira dos tribunais judiciais de comarca aos 23 Tribunais - Tribunal Judicial da Comarca de Coimbra","robots":{"index":"index","follow":"follow","max-snippet":"max-snippet:-1","max-image-preview":"max-image-preview:large","max-video-preview":"max-video-preview:-1"},"canonical":"https:\/\/comarcas.csm.org.pt\/coimbra\/blog\/2026\/03\/23\/memorando-de-entendimento-protocolo-que-estende-o-projeto-piloto-de-ampliacao-da-autonomia-financeira-dos-tribunais-judiciais-de-comarca-aos-23-tribunais\/","og_locale":"pt_PT","og_type":"article","og_title":"memorando de entendimento - protocolo que estende o projeto piloto de amplia\u00e7\u00e3o da autonomia financeira dos tribunais judiciais de comarca aos 23 Tribunais - Tribunal Judicial da Comarca de Coimbra","og_description":"No dia 23 de mar\u00e7o de 2026, na Casa do Juiz, em Coimbra, foi assinado pelo Presidente do Supremo Tribunal de Justi\u00e7a, pela Ministra da Justi\u00e7a e pelo Procurador Geral da Rep\u00fablica o protocolo que...","og_url":"https:\/\/comarcas.csm.org.pt\/coimbra\/blog\/2026\/03\/23\/memorando-de-entendimento-protocolo-que-estende-o-projeto-piloto-de-ampliacao-da-autonomia-financeira-dos-tribunais-judiciais-de-comarca-aos-23-tribunais\/","og_site_name":"Tribunal Judicial da Comarca de Coimbra","article_published_time":"2026-03-23T16:22:20+00:00","article_modified_time":"2026-03-23T16:22:21+00:00","og_image":[{"width":1920,"height":2560,"url":"https:\/\/comarcas.csm.org.pt\/coimbra\/wp-content\/uploads\/sites\/12\/2026\/03\/2-1-scaled.jpg","type":"image\/jpeg"}],"author":"coimbra","twitter_card":"summary_large_image","twitter_misc":{"Escrito por":"coimbra","Tempo estimado de leitura":"2 minutos"},"schema":{"@context":"https:\/\/schema.org","@graph":[{"@type":"Article","@id":"https:\/\/comarcas.csm.org.pt\/coimbra\/blog\/2026\/03\/23\/memorando-de-entendimento-protocolo-que-estende-o-projeto-piloto-de-ampliacao-da-autonomia-financeira-dos-tribunais-judiciais-de-comarca-aos-23-tribunais\/#article","isPartOf":{"@id":"https:\/\/comarcas.csm.org.pt\/coimbra\/blog\/2026\/03\/23\/memorando-de-entendimento-protocolo-que-estende-o-projeto-piloto-de-ampliacao-da-autonomia-financeira-dos-tribunais-judiciais-de-comarca-aos-23-tribunais\/"},"author":{"name":"coimbra","@id":"https:\/\/comarcas.csm.org.pt\/coimbra\/#\/schema\/person\/abdad74e1a92691f7c0a2d1dcbdd8845"},"headline":"memorando de entendimento &#8211; protocolo que estende o projeto piloto de amplia\u00e7\u00e3o da autonomia financeira dos tribunais judiciais de comarca aos 23 Tribunais","datePublished":"2026-03-23T16:22:20+00:00","dateModified":"2026-03-23T16:22:21+00:00","mainEntityOfPage":{"@id":"https:\/\/comarcas.csm.org.pt\/coimbra\/blog\/2026\/03\/23\/memorando-de-entendimento-protocolo-que-estende-o-projeto-piloto-de-ampliacao-da-autonomia-financeira-dos-tribunais-judiciais-de-comarca-aos-23-tribunais\/"},"wordCount":153,"publisher":{"@id":"https:\/\/comarcas.csm.org.pt\/coimbra\/#organization"},"image":{"@id":"https:\/\/comarcas.csm.org.pt\/coimbra\/blog\/2026\/03\/23\/memorando-de-entendimento-protocolo-que-estende-o-projeto-piloto-de-ampliacao-da-autonomia-financeira-dos-tribunais-judiciais-de-comarca-aos-23-tribunais\/#primaryimage"},"thumbnailUrl":"https:\/\/comarcas.csm.org.pt\/coimbra\/wp-content\/uploads\/sites\/12\/2026\/03\/2-1-scaled.jpg","articleSection":["Geral"],"inLanguage":"pt-PT"},{"@type":"WebPage","@id":"https:\/\/comarcas.csm.org.pt\/coimbra\/blog\/2026\/03\/23\/memorando-de-entendimento-protocolo-que-estende-o-projeto-piloto-de-ampliacao-da-autonomia-financeira-dos-tribunais-judiciais-de-comarca-aos-23-tribunais\/","url":"https:\/\/comarcas.csm.org.pt\/coimbra\/blog\/2026\/03\/23\/memorando-de-entendimento-protocolo-que-estende-o-projeto-piloto-de-ampliacao-da-autonomia-financeira-dos-tribunais-judiciais-de-comarca-aos-23-tribunais\/","name":"memorando de entendimento - protocolo que estende o projeto piloto de amplia\u00e7\u00e3o da autonomia financeira dos tribunais judiciais de comarca aos 23 Tribunais - Tribunal Judicial da Comarca de Coimbra","isPartOf":{"@id":"https:\/\/comarcas.csm.org.pt\/coimbra\/#website"},"primaryImageOfPage":{"@id":"https:\/\/comarcas.csm.org.pt\/coimbra\/blog\/2026\/03\/23\/memorando-de-entendimento-protocolo-que-estende-o-projeto-piloto-de-ampliacao-da-autonomia-financeira-dos-tribunais-judiciais-de-comarca-aos-23-tribunais\/#primaryimage"},"image":{"@id":"https:\/\/comarcas.csm.org.pt\/coimbra\/blog\/2026\/03\/23\/memorando-de-entendimento-protocolo-que-estende-o-projeto-piloto-de-ampliacao-da-autonomia-financeira-dos-tribunais-judiciais-de-comarca-aos-23-tribunais\/#primaryimage"},"thumbnailUrl":"https:\/\/comarcas.csm.org.pt\/coimbra\/wp-content\/uploads\/sites\/12\/2026\/03\/2-1-scaled.jpg","datePublished":"2026-03-23T16:22:20+00:00","dateModified":"2026-03-23T16:22:21+00:00","breadcrumb":{"@id":"https:\/\/comarcas.csm.org.pt\/coimbra\/blog\/2026\/03\/23\/memorando-de-entendimento-protocolo-que-estende-o-projeto-piloto-de-ampliacao-da-autonomia-financeira-dos-tribunais-judiciais-de-comarca-aos-23-tribunais\/#breadcrumb"},"inLanguage":"pt-PT","potentialAction":[{"@type":"ReadAction","target":["https:\/\/comarcas.csm.org.pt\/coimbra\/blog\/2026\/03\/23\/memorando-de-entendimento-protocolo-que-estende-o-projeto-piloto-de-ampliacao-da-autonomia-financeira-dos-tribunais-judiciais-de-comarca-aos-23-tribunais\/"]}]},{"@type":"ImageObject","inLanguage":"pt-PT","@id":"https:\/\/comarcas.csm.org.pt\/coimbra\/blog\/2026\/03\/23\/memorando-de-entendimento-protocolo-que-estende-o-projeto-piloto-de-ampliacao-da-autonomia-financeira-dos-tribunais-judiciais-de-comarca-aos-23-tribunais\/#primaryimage","url":"https:\/\/comarcas.csm.org.pt\/coimbra\/wp-content\/uploads\/sites\/12\/2026\/03\/2-1-scaled.jpg","contentUrl":"https:\/\/comarcas.csm.org.pt\/coimbra\/wp-content\/uploads\/sites\/12\/2026\/03\/2-1-scaled.jpg","width":1920,"height":2560},{"@type":"BreadcrumbList","@id":"https:\/\/comarcas.csm.org.pt\/coimbra\/blog\/2026\/03\/23\/memorando-de-entendimento-protocolo-que-estende-o-projeto-piloto-de-ampliacao-da-autonomia-financeira-dos-tribunais-judiciais-de-comarca-aos-23-tribunais\/#breadcrumb","itemListElement":[{"@type":"ListItem","position":1,"name":"In\u00edcio","item":"https:\/\/comarcas.csm.org.pt\/coimbra\/"},{"@type":"ListItem","position":2,"name":"memorando de entendimento &#8211; protocolo que estende o projeto piloto de amplia\u00e7\u00e3o da autonomia financeira dos tribunais judiciais de comarca aos 23 Tribunais"}]},{"@type":"WebSite","@id":"https:\/\/comarcas.csm.org.pt\/coimbra\/#website","url":"https:\/\/comarcas.csm.org.pt\/coimbra\/","name":"Tribunal Judicial da Comarca de Coimbra","description":"Tribunal Judicial da Comarca de Aveiro","publisher":{"@id":"https:\/\/comarcas.csm.org.pt\/coimbra\/#organization"},"potentialAction":[{"@type":"SearchAction","target":{"@type":"EntryPoint","urlTemplate":"https:\/\/comarcas.csm.org.pt\/coimbra\/?s={search_term_string}"},"query-input":{"@type":"PropertyValueSpecification","valueRequired":true,"valueName":"search_term_string"}}],"inLanguage":"pt-PT"},{"@type":"Organization","@id":"https:\/\/comarcas.csm.org.pt\/coimbra\/#organization","name":"Tribunal Judicial da Comarca de Coimbra","url":"https:\/\/comarcas.csm.org.pt\/coimbra\/","logo":{"@type":"ImageObject","inLanguage":"pt-PT","@id":"https:\/\/comarcas.csm.org.pt\/coimbra\/#\/schema\/logo\/image\/","url":"https:\/\/comarcas.csm.org.pt\/coimbra\/wp-content\/uploads\/sites\/12\/2024\/11\/Coimbra_positivo-horizontal.png","contentUrl":"https:\/\/comarcas.csm.org.pt\/coimbra\/wp-content\/uploads\/sites\/12\/2024\/11\/Coimbra_positivo-horizontal.png","width":4163,"height":1224,"caption":"Tribunal Judicial da Comarca de Coimbra"},"image":{"@id":"https:\/\/comarcas.csm.org.pt\/coimbra\/#\/schema\/logo\/image\/"}},{"@type":"Person","@id":"https:\/\/comarcas.csm.org.pt\/coimbra\/#\/schema\/person\/abdad74e1a92691f7c0a2d1dcbdd8845","name":"coimbra","image":{"@type":"ImageObject","inLanguage":"pt-PT","@id":"https:\/\/comarcas.csm.org.pt\/coimbra\/#\/schema\/person\/image\/","url":"https:\/\/secure.gravatar.com\/avatar\/6d4f74ba5cb7dcac2fc75554b5524f14438f2630a7d1bb4275b3f8934a51b904?s=96&d=mm&r=g","contentUrl":"https:\/\/secure.gravatar.com\/avatar\/6d4f74ba5cb7dcac2fc75554b5524f14438f2630a7d1bb4275b3f8934a51b904?s=96&d=mm&r=g","caption":"coimbra"},"url":"https:\/\/comarcas.csm.org.pt\/coimbra\/blog\/author\/coimbra\/"}]}},"_links":{"self":[{"href":"https:\/\/comarcas.csm.org.pt\/coimbra\/wp-json\/wp\/v2\/posts\/42043","targetHints":{"allow":["GET"]}}],"collection":[{"href":"https:\/\/comarcas.csm.org.pt\/coimbra\/wp-json\/wp\/v2\/posts"}],"about":[{"href":"https:\/\/comarcas.csm.org.pt\/coimbra\/wp-json\/wp\/v2\/types\/post"}],"author":[{"embeddable":true,"href":"https:\/\/comarcas.csm.org.pt\/coimbra\/wp-json\/wp\/v2\/users\/12"}],"replies":[{"embeddable":true,"href":"https:\/\/comarcas.csm.org.pt\/coimbra\/wp-json\/wp\/v2\/comments?post=42043"}],"version-history":[{"count":1,"href":"https:\/\/comarcas.csm.org.pt\/coimbra\/wp-json\/wp\/v2\/posts\/42043\/revisions"}],"predecessor-version":[{"id":42047,"href":"https:\/\/comarcas.csm.org.pt\/coimbra\/wp-json\/wp\/v2\/posts\/42043\/revisions\/42047"}],"wp:featuredmedia":[{"embeddable":true,"href":"https:\/\/comarcas.csm.org.pt\/coimbra\/wp-json\/wp\/v2\/media\/42046"}],"wp:attachment":[{"href":"https:\/\/comarcas.csm.org.pt\/coimbra\/wp-json\/wp\/v2\/media?parent=42043"}],"wp:term":[{"taxonomy":"category","embeddable":true,"href":"https:\/\/comarcas.csm.org.pt\/coimbra\/wp-json\/wp\/v2\/categories?post=42043"},{"taxonomy":"post_tag","embeddable":true,"href":"https:\/\/comarcas.csm.org.pt\/coimbra\/wp-json\/wp\/v2\/tags?post=42043"}],"curies":[{"name":"wp","href":"https:\/\/api.w.org\/{rel}","templated":true}]}}