{"id":42060,"date":"2026-04-20T08:54:11","date_gmt":"2026-04-20T08:54:11","guid":{"rendered":"https:\/\/comarcas.csm.org.pt\/coimbra\/?p=42060"},"modified":"2026-04-20T08:54:12","modified_gmt":"2026-04-20T08:54:12","slug":"2-a-edicao-do-seminario-novos-desafios-do-direito-e-da-justica","status":"publish","type":"post","link":"https:\/\/comarcas.csm.org.pt\/coimbra\/blog\/2026\/04\/20\/2-a-edicao-do-seminario-novos-desafios-do-direito-e-da-justica\/","title":{"rendered":"2.\u00aa edi\u00e7\u00e3o do Semin\u00e1rio NOVOS DESAFIOS DO DIREITO E DA JUSTI\u00c7A"},"content":{"rendered":"\n<div data-wp-interactive=\"core\/file\" class=\"wp-block-file\"><object data-wp-bind--hidden=\"!state.hasPdfPreview\" hidden class=\"wp-block-file__embed\" data=\"https:\/\/comarcas.csm.org.pt\/coimbra\/wp-content\/uploads\/sites\/12\/2026\/04\/SEMINARIO_23-24_04_2026.pdf\" type=\"application\/pdf\" style=\"width:100%;height:600px\" aria-label=\"Incorpora\u00e7\u00e3o de SEMINARIO_23-24_04_2026.\"><\/object><a id=\"wp-block-file--media-661dc1a4-a2ee-4ca0-b40f-7dfa1e684daf\" href=\"https:\/\/comarcas.csm.org.pt\/coimbra\/wp-content\/uploads\/sites\/12\/2026\/04\/SEMINARIO_23-24_04_2026.pdf\">SEMINARIO_23-24_04_2026<\/a><a href=\"https:\/\/comarcas.csm.org.pt\/coimbra\/wp-content\/uploads\/sites\/12\/2026\/04\/SEMINARIO_23-24_04_2026.pdf\" class=\"wp-block-file__button wp-element-button\" download aria-describedby=\"wp-block-file--media-661dc1a4-a2ee-4ca0-b40f-7dfa1e684daf\">Descarregar<\/a><\/div>\n","protected":false},"excerpt":{"rendered":"","protected":false},"author":12,"featured_media":0,"comment_status":"closed","ping_status":"open","sticky":false,"template":"","format":"standard","meta":{"_tbt_post_transparent":"","_tbt_post_title":"","_tbt_post_layout":"","_tbt_post_sidebar_id":"","_tbt_post_content_style":"","_tbt_post_vertical_padding":"","_tbt_post_feature":"","_tbt_post_feature_position":"","_tbt_post_header":false,"_tbt_post_footer":false},"categories":[1],"tags":[],"class_list":["post-42060","post","type-post","status-publish","format-standard","hentry","category-geral"],"yoast_head":"<!-- This site is optimized with the Yoast SEO plugin v25.6 - https:\/\/yoast.com\/wordpress\/plugins\/seo\/ -->\n<title>2.\u00aa edi\u00e7\u00e3o do Semin\u00e1rio NOVOS DESAFIOS DO DIREITO E DA JUSTI\u00c7A - Tribunal Judicial da Comarca de Coimbra<\/title>\n<meta name=\"robots\" content=\"index, follow, max-snippet:-1, max-image-preview:large, max-video-preview:-1\" \/>\n<link rel=\"canonical\" href=\"https:\/\/comarcas.csm.org.pt\/coimbra\/blog\/2026\/04\/20\/2-a-edicao-do-seminario-novos-desafios-do-direito-e-da-justica\/\" \/>\n<meta property=\"og:locale\" content=\"pt_PT\" \/>\n<meta property=\"og:type\" content=\"article\" \/>\n<meta property=\"og:title\" content=\"2.\u00aa edi\u00e7\u00e3o do Semin\u00e1rio NOVOS DESAFIOS DO DIREITO E DA JUSTI\u00c7A - Tribunal Judicial da Comarca de Coimbra\" \/>\n<meta property=\"og:url\" content=\"https:\/\/comarcas.csm.org.pt\/coimbra\/blog\/2026\/04\/20\/2-a-edicao-do-seminario-novos-desafios-do-direito-e-da-justica\/\" \/>\n<meta property=\"og:site_name\" content=\"Tribunal Judicial da Comarca de Coimbra\" \/>\n<meta property=\"article:published_time\" content=\"2026-04-20T08:54:11+00:00\" \/>\n<meta property=\"article:modified_time\" content=\"2026-04-20T08:54:12+00:00\" \/>\n<meta name=\"author\" content=\"coimbra\" \/>\n<meta name=\"twitter:card\" content=\"summary_large_image\" \/>\n<meta name=\"twitter:label1\" content=\"Escrito por\" \/>\n\t<meta name=\"twitter:data1\" content=\"coimbra\" \/>\n\t<meta name=\"twitter:label2\" content=\"Tempo estimado de leitura\" \/>\n\t<meta name=\"twitter:data2\" content=\"1 minuto\" \/>\n<script type=\"application\/ld+json\" class=\"yoast-schema-graph\">{\"@context\":\"https:\/\/schema.org\",\"@graph\":[{\"@type\":\"Article\",\"@id\":\"https:\/\/comarcas.csm.org.pt\/coimbra\/blog\/2026\/04\/20\/2-a-edicao-do-seminario-novos-desafios-do-direito-e-da-justica\/#article\",\"isPartOf\":{\"@id\":\"https:\/\/comarcas.csm.org.pt\/coimbra\/blog\/2026\/04\/20\/2-a-edicao-do-seminario-novos-desafios-do-direito-e-da-justica\/\"},\"author\":{\"name\":\"coimbra\",\"@id\":\"https:\/\/comarcas.csm.org.pt\/coimbra\/#\/schema\/person\/abdad74e1a92691f7c0a2d1dcbdd8845\"},\"headline\":\"2.\u00aa edi\u00e7\u00e3o do Semin\u00e1rio NOVOS DESAFIOS DO DIREITO E DA JUSTI\u00c7A\",\"datePublished\":\"2026-04-20T08:54:11+00:00\",\"dateModified\":\"2026-04-20T08:54:12+00:00\",\"mainEntityOfPage\":{\"@id\":\"https:\/\/comarcas.csm.org.pt\/coimbra\/blog\/2026\/04\/20\/2-a-edicao-do-seminario-novos-desafios-do-direito-e-da-justica\/\"},\"wordCount\":16,\"publisher\":{\"@id\":\"https:\/\/comarcas.csm.org.pt\/coimbra\/#organization\"},\"articleSection\":[\"Geral\"],\"inLanguage\":\"pt-PT\"},{\"@type\":\"WebPage\",\"@id\":\"https:\/\/comarcas.csm.org.pt\/coimbra\/blog\/2026\/04\/20\/2-a-edicao-do-seminario-novos-desafios-do-direito-e-da-justica\/\",\"url\":\"https:\/\/comarcas.csm.org.pt\/coimbra\/blog\/2026\/04\/20\/2-a-edicao-do-seminario-novos-desafios-do-direito-e-da-justica\/\",\"name\":\"2.\u00aa edi\u00e7\u00e3o do Semin\u00e1rio NOVOS DESAFIOS DO DIREITO E DA JUSTI\u00c7A - Tribunal Judicial da Comarca de Coimbra\",\"isPartOf\":{\"@id\":\"https:\/\/comarcas.csm.org.pt\/coimbra\/#website\"},\"datePublished\":\"2026-04-20T08:54:11+00:00\",\"dateModified\":\"2026-04-20T08:54:12+00:00\",\"breadcrumb\":{\"@id\":\"https:\/\/comarcas.csm.org.pt\/coimbra\/blog\/2026\/04\/20\/2-a-edicao-do-seminario-novos-desafios-do-direito-e-da-justica\/#breadcrumb\"},\"inLanguage\":\"pt-PT\",\"potentialAction\":[{\"@type\":\"ReadAction\",\"target\":[\"https:\/\/comarcas.csm.org.pt\/coimbra\/blog\/2026\/04\/20\/2-a-edicao-do-seminario-novos-desafios-do-direito-e-da-justica\/\"]}]},{\"@type\":\"BreadcrumbList\",\"@id\":\"https:\/\/comarcas.csm.org.pt\/coimbra\/blog\/2026\/04\/20\/2-a-edicao-do-seminario-novos-desafios-do-direito-e-da-justica\/#breadcrumb\",\"itemListElement\":[{\"@type\":\"ListItem\",\"position\":1,\"name\":\"In\u00edcio\",\"item\":\"https:\/\/comarcas.csm.org.pt\/coimbra\/\"},{\"@type\":\"ListItem\",\"position\":2,\"name\":\"2.\u00aa edi\u00e7\u00e3o do Semin\u00e1rio NOVOS DESAFIOS DO DIREITO E DA JUSTI\u00c7A\"}]},{\"@type\":\"WebSite\",\"@id\":\"https:\/\/comarcas.csm.org.pt\/coimbra\/#website\",\"url\":\"https:\/\/comarcas.csm.org.pt\/coimbra\/\",\"name\":\"Tribunal Judicial da Comarca de Coimbra\",\"description\":\"Tribunal Judicial da Comarca de Aveiro\",\"publisher\":{\"@id\":\"https:\/\/comarcas.csm.org.pt\/coimbra\/#organization\"},\"potentialAction\":[{\"@type\":\"SearchAction\",\"target\":{\"@type\":\"EntryPoint\",\"urlTemplate\":\"https:\/\/comarcas.csm.org.pt\/coimbra\/?s={search_term_string}\"},\"query-input\":{\"@type\":\"PropertyValueSpecification\",\"valueRequired\":true,\"valueName\":\"search_term_string\"}}],\"inLanguage\":\"pt-PT\"},{\"@type\":\"Organization\",\"@id\":\"https:\/\/comarcas.csm.org.pt\/coimbra\/#organization\",\"name\":\"Tribunal Judicial da Comarca de Coimbra\",\"url\":\"https:\/\/comarcas.csm.org.pt\/coimbra\/\",\"logo\":{\"@type\":\"ImageObject\",\"inLanguage\":\"pt-PT\",\"@id\":\"https:\/\/comarcas.csm.org.pt\/coimbra\/#\/schema\/logo\/image\/\",\"url\":\"https:\/\/comarcas.csm.org.pt\/coimbra\/wp-content\/uploads\/sites\/12\/2024\/11\/Coimbra_positivo-horizontal.png\",\"contentUrl\":\"https:\/\/comarcas.csm.org.pt\/coimbra\/wp-content\/uploads\/sites\/12\/2024\/11\/Coimbra_positivo-horizontal.png\",\"width\":4163,\"height\":1224,\"caption\":\"Tribunal Judicial da Comarca de Coimbra\"},\"image\":{\"@id\":\"https:\/\/comarcas.csm.org.pt\/coimbra\/#\/schema\/logo\/image\/\"}},{\"@type\":\"Person\",\"@id\":\"https:\/\/comarcas.csm.org.pt\/coimbra\/#\/schema\/person\/abdad74e1a92691f7c0a2d1dcbdd8845\",\"name\":\"coimbra\",\"image\":{\"@type\":\"ImageObject\",\"inLanguage\":\"pt-PT\",\"@id\":\"https:\/\/comarcas.csm.org.pt\/coimbra\/#\/schema\/person\/image\/\",\"url\":\"https:\/\/secure.gravatar.com\/avatar\/6d4f74ba5cb7dcac2fc75554b5524f14438f2630a7d1bb4275b3f8934a51b904?s=96&d=mm&r=g\",\"contentUrl\":\"https:\/\/secure.gravatar.com\/avatar\/6d4f74ba5cb7dcac2fc75554b5524f14438f2630a7d1bb4275b3f8934a51b904?s=96&d=mm&r=g\",\"caption\":\"coimbra\"},\"url\":\"https:\/\/comarcas.csm.org.pt\/coimbra\/blog\/author\/coimbra\/\"}]}<\/script>\n<!-- \/ Yoast SEO plugin. -->","yoast_head_json":{"title":"2.\u00aa edi\u00e7\u00e3o do Semin\u00e1rio NOVOS DESAFIOS DO DIREITO E DA JUSTI\u00c7A - Tribunal Judicial da Comarca de Coimbra","robots":{"index":"index","follow":"follow","max-snippet":"max-snippet:-1","max-image-preview":"max-image-preview:large","max-video-preview":"max-video-preview:-1"},"canonical":"https:\/\/comarcas.csm.org.pt\/coimbra\/blog\/2026\/04\/20\/2-a-edicao-do-seminario-novos-desafios-do-direito-e-da-justica\/","og_locale":"pt_PT","og_type":"article","og_title":"2.\u00aa edi\u00e7\u00e3o do Semin\u00e1rio NOVOS DESAFIOS DO DIREITO E DA JUSTI\u00c7A - Tribunal Judicial da Comarca de Coimbra","og_url":"https:\/\/comarcas.csm.org.pt\/coimbra\/blog\/2026\/04\/20\/2-a-edicao-do-seminario-novos-desafios-do-direito-e-da-justica\/","og_site_name":"Tribunal Judicial da Comarca de Coimbra","article_published_time":"2026-04-20T08:54:11+00:00","article_modified_time":"2026-04-20T08:54:12+00:00","author":"coimbra","twitter_card":"summary_large_image","twitter_misc":{"Escrito por":"coimbra","Tempo estimado de leitura":"1 minuto"},"schema":{"@context":"https:\/\/schema.org","@graph":[{"@type":"Article","@id":"https:\/\/comarcas.csm.org.pt\/coimbra\/blog\/2026\/04\/20\/2-a-edicao-do-seminario-novos-desafios-do-direito-e-da-justica\/#article","isPartOf":{"@id":"https:\/\/comarcas.csm.org.pt\/coimbra\/blog\/2026\/04\/20\/2-a-edicao-do-seminario-novos-desafios-do-direito-e-da-justica\/"},"author":{"name":"coimbra","@id":"https:\/\/comarcas.csm.org.pt\/coimbra\/#\/schema\/person\/abdad74e1a92691f7c0a2d1dcbdd8845"},"headline":"2.\u00aa edi\u00e7\u00e3o do Semin\u00e1rio NOVOS DESAFIOS DO DIREITO E DA JUSTI\u00c7A","datePublished":"2026-04-20T08:54:11+00:00","dateModified":"2026-04-20T08:54:12+00:00","mainEntityOfPage":{"@id":"https:\/\/comarcas.csm.org.pt\/coimbra\/blog\/2026\/04\/20\/2-a-edicao-do-seminario-novos-desafios-do-direito-e-da-justica\/"},"wordCount":16,"publisher":{"@id":"https:\/\/comarcas.csm.org.pt\/coimbra\/#organization"},"articleSection":["Geral"],"inLanguage":"pt-PT"},{"@type":"WebPage","@id":"https:\/\/comarcas.csm.org.pt\/coimbra\/blog\/2026\/04\/20\/2-a-edicao-do-seminario-novos-desafios-do-direito-e-da-justica\/","url":"https:\/\/comarcas.csm.org.pt\/coimbra\/blog\/2026\/04\/20\/2-a-edicao-do-seminario-novos-desafios-do-direito-e-da-justica\/","name":"2.\u00aa edi\u00e7\u00e3o do Semin\u00e1rio NOVOS DESAFIOS DO DIREITO E DA JUSTI\u00c7A - Tribunal Judicial da Comarca de Coimbra","isPartOf":{"@id":"https:\/\/comarcas.csm.org.pt\/coimbra\/#website"},"datePublished":"2026-04-20T08:54:11+00:00","dateModified":"2026-04-20T08:54:12+00:00","breadcrumb":{"@id":"https:\/\/comarcas.csm.org.pt\/coimbra\/blog\/2026\/04\/20\/2-a-edicao-do-seminario-novos-desafios-do-direito-e-da-justica\/#breadcrumb"},"inLanguage":"pt-PT","potentialAction":[{"@type":"ReadAction","target":["https:\/\/comarcas.csm.org.pt\/coimbra\/blog\/2026\/04\/20\/2-a-edicao-do-seminario-novos-desafios-do-direito-e-da-justica\/"]}]},{"@type":"BreadcrumbList","@id":"https:\/\/comarcas.csm.org.pt\/coimbra\/blog\/2026\/04\/20\/2-a-edicao-do-seminario-novos-desafios-do-direito-e-da-justica\/#breadcrumb","itemListElement":[{"@type":"ListItem","position":1,"name":"In\u00edcio","item":"https:\/\/comarcas.csm.org.pt\/coimbra\/"},{"@type":"ListItem","position":2,"name":"2.\u00aa edi\u00e7\u00e3o do Semin\u00e1rio NOVOS DESAFIOS DO DIREITO E DA JUSTI\u00c7A"}]},{"@type":"WebSite","@id":"https:\/\/comarcas.csm.org.pt\/coimbra\/#website","url":"https:\/\/comarcas.csm.org.pt\/coimbra\/","name":"Tribunal Judicial da Comarca de Coimbra","description":"Tribunal Judicial da Comarca de Aveiro","publisher":{"@id":"https:\/\/comarcas.csm.org.pt\/coimbra\/#organization"},"potentialAction":[{"@type":"SearchAction","target":{"@type":"EntryPoint","urlTemplate":"https:\/\/comarcas.csm.org.pt\/coimbra\/?s={search_term_string}"},"query-input":{"@type":"PropertyValueSpecification","valueRequired":true,"valueName":"search_term_string"}}],"inLanguage":"pt-PT"},{"@type":"Organization","@id":"https:\/\/comarcas.csm.org.pt\/coimbra\/#organization","name":"Tribunal Judicial da Comarca de Coimbra","url":"https:\/\/comarcas.csm.org.pt\/coimbra\/","logo":{"@type":"ImageObject","inLanguage":"pt-PT","@id":"https:\/\/comarcas.csm.org.pt\/coimbra\/#\/schema\/logo\/image\/","url":"https:\/\/comarcas.csm.org.pt\/coimbra\/wp-content\/uploads\/sites\/12\/2024\/11\/Coimbra_positivo-horizontal.png","contentUrl":"https:\/\/comarcas.csm.org.pt\/coimbra\/wp-content\/uploads\/sites\/12\/2024\/11\/Coimbra_positivo-horizontal.png","width":4163,"height":1224,"caption":"Tribunal Judicial da Comarca de Coimbra"},"image":{"@id":"https:\/\/comarcas.csm.org.pt\/coimbra\/#\/schema\/logo\/image\/"}},{"@type":"Person","@id":"https:\/\/comarcas.csm.org.pt\/coimbra\/#\/schema\/person\/abdad74e1a92691f7c0a2d1dcbdd8845","name":"coimbra","image":{"@type":"ImageObject","inLanguage":"pt-PT","@id":"https:\/\/comarcas.csm.org.pt\/coimbra\/#\/schema\/person\/image\/","url":"https:\/\/secure.gravatar.com\/avatar\/6d4f74ba5cb7dcac2fc75554b5524f14438f2630a7d1bb4275b3f8934a51b904?s=96&d=mm&r=g","contentUrl":"https:\/\/secure.gravatar.com\/avatar\/6d4f74ba5cb7dcac2fc75554b5524f14438f2630a7d1bb4275b3f8934a51b904?s=96&d=mm&r=g","caption":"coimbra"},"url":"https:\/\/comarcas.csm.org.pt\/coimbra\/blog\/author\/coimbra\/"}]}},"_links":{"self":[{"href":"https:\/\/comarcas.csm.org.pt\/coimbra\/wp-json\/wp\/v2\/posts\/42060","targetHints":{"allow":["GET"]}}],"collection":[{"href":"https:\/\/comarcas.csm.org.pt\/coimbra\/wp-json\/wp\/v2\/posts"}],"about":[{"href":"https:\/\/comarcas.csm.org.pt\/coimbra\/wp-json\/wp\/v2\/types\/post"}],"author":[{"embeddable":true,"href":"https:\/\/comarcas.csm.org.pt\/coimbra\/wp-json\/wp\/v2\/users\/12"}],"replies":[{"embeddable":true,"href":"https:\/\/comarcas.csm.org.pt\/coimbra\/wp-json\/wp\/v2\/comments?post=42060"}],"version-history":[{"count":1,"href":"https:\/\/comarcas.csm.org.pt\/coimbra\/wp-json\/wp\/v2\/posts\/42060\/revisions"}],"predecessor-version":[{"id":42062,"href":"https:\/\/comarcas.csm.org.pt\/coimbra\/wp-json\/wp\/v2\/posts\/42060\/revisions\/42062"}],"wp:attachment":[{"href":"https:\/\/comarcas.csm.org.pt\/coimbra\/wp-json\/wp\/v2\/media?parent=42060"}],"wp:term":[{"taxonomy":"category","embeddable":true,"href":"https:\/\/comarcas.csm.org.pt\/coimbra\/wp-json\/wp\/v2\/categories?post=42060"},{"taxonomy":"post_tag","embeddable":true,"href":"https:\/\/comarcas.csm.org.pt\/coimbra\/wp-json\/wp\/v2\/tags?post=42060"}],"curies":[{"name":"wp","href":"https:\/\/api.w.org\/{rel}","templated":true}]}}