{"id":12761,"date":"2025-12-05T09:40:23","date_gmt":"2025-12-05T09:40:23","guid":{"rendered":"https:\/\/comarcas.csm.org.pt\/evora\/?p=12761"},"modified":"2026-01-13T15:35:31","modified_gmt":"2026-01-13T15:35:31","slug":"instalacao-da-comissao-de-de-protecao-de-criancas-e-jovens-copcj-de-arraiolos","status":"publish","type":"post","link":"https:\/\/comarcas.csm.org.pt\/evora\/blog\/2025\/12\/05\/instalacao-da-comissao-de-de-protecao-de-criancas-e-jovens-copcj-de-arraiolos\/","title":{"rendered":"Instala\u00e7\u00e3o da Comiss\u00e3o De prote\u00e7\u00e3o de Crian\u00e7as e Jovens (CPCJ) de Arraiolos"},"content":{"rendered":"\t\t<div data-elementor-type=\"wp-post\" data-elementor-id=\"12761\" class=\"elementor elementor-12761\" data-elementor-post-type=\"post\">\n\t\t\t\t<div class=\"elementor-element elementor-element-78e2586 e-flex e-con-boxed e-con e-parent\" data-id=\"78e2586\" data-element_type=\"container\">\n\t\t\t\t\t<div class=\"e-con-inner\">\n\t\t\t\t<div class=\"elementor-element elementor-element-a67d488 elementor-widget elementor-widget-text-editor\" data-id=\"a67d488\" data-element_type=\"widget\" data-widget_type=\"text-editor.default\">\n\t\t\t\t<div class=\"elementor-widget-container\">\n\t\t\t\t\t\t\t\t\t<p>Realizou-se, no passado dia 15 de outubro, no Sal\u00e3o Nobre dos Pa\u00e7os do Concelho de Arraiolos, a Cerim\u00f3nia de Instala\u00e7\u00e3o da Comiss\u00e3o de Prote\u00e7\u00e3o de Crian\u00e7as e Jovens (CPCJ), onde marcaram presen\u00e7a os titulares dos \u00f3rg\u00e3os de gest\u00e3o da Comarca de \u00c9vora.<\/p><p>Com a instala\u00e7\u00e3o desta Comiss\u00e3o todo o territ\u00f3rio nacional passa a estar abrangido por uma CPCJ, n\u00e3o existindo nenhum munic\u00edpio sem esta resposta de interven\u00e7\u00e3o, fundamental para a defesa dos direitos das crian\u00e7as e jovens.<\/p><p>Em concreto, a CPCJ de Arraiolos ficar\u00e1 instalada no edif\u00edcio do Ju\u00edzo de Proximidade de Arraiolos, sito na Pra\u00e7a do Munic\u00edpio, n.\u00ba 1.<\/p><p>A mesma tem a seguinte composi\u00e7\u00e3o:<\/p><p>\u00a0&#8211; Representante do Munic\u00edpio;<\/p><p>\u2013 Representante da Seguran\u00e7a Social;<\/p><p>\u2013 Representante do Minist\u00e9rio da Educa\u00e7\u00e3o, Ci\u00eancia e Inova\u00e7\u00e3o;<\/p><p>\u2013 Representante do Minist\u00e9rio da Sa\u00fade;<\/p><p>\u2013 Representante das Institui\u00e7\u00f5es Particulares de Solidariedade Social no concelho de Arraiolos, com respostas sociais de car\u00e1ter n\u00e3o residencial destinadas a crian\u00e7as, jovens e suas fam\u00edlias ;<\/p><p>\u2013 Representante do Instituto do Emprego e Forma\u00e7\u00e3o Profissional;<\/p><p>\u2013 Representante\u00a0 das Associa\u00e7\u00f5es de Pais do concelho de Arraiolos;<\/p><p>\u2013 Representante das associa\u00e7\u00f5es desportivas, recreativas e culturais com atividades destinadas a crian\u00e7as e jovens;<\/p><p>\u2013 Representante das associa\u00e7\u00f5es de jovens do concelho de Arraiolos;<\/p><p>\u2013 Representa\u00e7\u00e3o da Guarda Nacional Republicana;<\/p><p>\u2013 Quatro representantes\u00a0 indicados pela Assembleia Municipal de Arraiolos<\/p>\t\t\t\t\t\t\t\t<\/div>\n\t\t\t\t<\/div>\n\t\t\t\t\t<\/div>\n\t\t\t\t<\/div>\n\t\t<div class=\"elementor-element elementor-element-2711058 e-flex e-con-boxed e-con e-parent\" data-id=\"2711058\" data-element_type=\"container\">\n\t\t\t\t\t<div class=\"e-con-inner\">\n\t\t<div class=\"elementor-element elementor-element-41382ff e-con-full e-flex e-con e-child\" data-id=\"41382ff\" data-element_type=\"container\">\n\t\t\t\t<\/div>\n\t\t\t\t\t<\/div>\n\t\t\t\t<\/div>\n\t\t<div class=\"elementor-element elementor-element-399fd90 e-flex e-con-boxed e-con e-parent\" data-id=\"399fd90\" data-element_type=\"container\">\n\t\t\t\t\t<div class=\"e-con-inner\">\n\t\t\t\t<div class=\"elementor-element elementor-element-7aa4a97 elementor-widget elementor-widget-image\" data-id=\"7aa4a97\" data-element_type=\"widget\" data-widget_type=\"image.default\">\n\t\t\t\t<div class=\"elementor-widget-container\">\n\t\t\t\t\t\t\t\t\t\t\t\t\t\t\t<img fetchpriority=\"high\" decoding=\"async\" width=\"768\" height=\"512\" src=\"https:\/\/comarcas.csm.org.pt\/evora\/wp-content\/uploads\/sites\/13\/2025\/12\/cccj-arraiolos-768x512.webp\" class=\"attachment-medium_large size-medium_large wp-image-12763\" alt=\"\" srcset=\"https:\/\/comarcas.csm.org.pt\/evora\/wp-content\/uploads\/sites\/13\/2025\/12\/cccj-arraiolos-768x512.webp 768w, https:\/\/comarcas.csm.org.pt\/evora\/wp-content\/uploads\/sites\/13\/2025\/12\/cccj-arraiolos-300x200.webp 300w, https:\/\/comarcas.csm.org.pt\/evora\/wp-content\/uploads\/sites\/13\/2025\/12\/cccj-arraiolos-1024x683.webp 1024w, https:\/\/comarcas.csm.org.pt\/evora\/wp-content\/uploads\/sites\/13\/2025\/12\/cccj-arraiolos-1536x1024.webp 1536w, https:\/\/comarcas.csm.org.pt\/evora\/wp-content\/uploads\/sites\/13\/2025\/12\/cccj-arraiolos.webp 1920w\" sizes=\"(max-width: 768px) 100vw, 768px\" \/>\t\t\t\t\t\t\t\t\t\t\t\t\t\t\t<\/div>\n\t\t\t\t<\/div>\n\t\t\t\t\t<\/div>\n\t\t\t\t<\/div>\n\t\t\t\t<\/div>\n\t\t","protected":false},"excerpt":{"rendered":"<p>Realizou-se, no passado dia 15 de outubro, no Sal\u00e3o Nobre dos Pa\u00e7os do Concelho de Arraiolos, a Cerim\u00f3nia de Instala\u00e7\u00e3o da Comiss\u00e3o de Prote\u00e7\u00e3o de Crian\u00e7as e Jovens (CPCJ), onde marcaram presen\u00e7a os titulares dos&#8230;<\/p>\n","protected":false},"author":13,"featured_media":0,"comment_status":"closed","ping_status":"open","sticky":false,"template":"","format":"standard","meta":{"_tbt_post_transparent":"","_tbt_post_title":"","_tbt_post_layout":"","_tbt_post_sidebar_id":"","_tbt_post_content_style":"","_tbt_post_vertical_padding":"","_tbt_post_feature":"","_tbt_post_feature_position":"","_tbt_post_header":false,"_tbt_post_footer":false},"categories":[1],"tags":[],"class_list":["post-12761","post","type-post","status-publish","format-standard","hentry","category-geral"],"yoast_head":"<!-- This site is optimized with the Yoast SEO plugin v25.6 - https:\/\/yoast.com\/wordpress\/plugins\/seo\/ -->\n<title>Instala\u00e7\u00e3o da Comiss\u00e3o De prote\u00e7\u00e3o de Crian\u00e7as e Jovens (CPCJ) de Arraiolos - Tribunal Judicial da Comarca de \u00c9vora<\/title>\n<meta name=\"robots\" content=\"index, follow, max-snippet:-1, max-image-preview:large, max-video-preview:-1\" \/>\n<link rel=\"canonical\" href=\"https:\/\/comarcas.csm.org.pt\/evora\/blog\/2025\/12\/05\/instalacao-da-comissao-de-de-protecao-de-criancas-e-jovens-copcj-de-arraiolos\/\" \/>\n<meta property=\"og:locale\" content=\"pt_PT\" \/>\n<meta property=\"og:type\" content=\"article\" \/>\n<meta property=\"og:title\" content=\"Instala\u00e7\u00e3o da Comiss\u00e3o De prote\u00e7\u00e3o de Crian\u00e7as e Jovens (CPCJ) de Arraiolos - Tribunal Judicial da Comarca de \u00c9vora\" \/>\n<meta property=\"og:description\" content=\"Realizou-se, no passado dia 15 de outubro, no Sal\u00e3o Nobre dos Pa\u00e7os do Concelho de Arraiolos, a Cerim\u00f3nia de Instala\u00e7\u00e3o da Comiss\u00e3o de Prote\u00e7\u00e3o de Crian\u00e7as e Jovens (CPCJ), onde marcaram presen\u00e7a os titulares dos...\" \/>\n<meta property=\"og:url\" content=\"https:\/\/comarcas.csm.org.pt\/evora\/blog\/2025\/12\/05\/instalacao-da-comissao-de-de-protecao-de-criancas-e-jovens-copcj-de-arraiolos\/\" \/>\n<meta property=\"og:site_name\" content=\"Tribunal Judicial da Comarca de \u00c9vora\" \/>\n<meta property=\"article:published_time\" content=\"2025-12-05T09:40:23+00:00\" \/>\n<meta property=\"article:modified_time\" content=\"2026-01-13T15:35:31+00:00\" \/>\n<meta property=\"og:image\" content=\"https:\/\/comarcas.csm.org.pt\/evora\/wp-content\/uploads\/sites\/13\/2025\/12\/cccj-arraiolos.webp\" \/>\n\t<meta property=\"og:image:width\" content=\"1920\" \/>\n\t<meta property=\"og:image:height\" content=\"1280\" \/>\n\t<meta property=\"og:image:type\" content=\"image\/webp\" \/>\n<meta name=\"author\" content=\"evora\" \/>\n<meta name=\"twitter:card\" content=\"summary_large_image\" \/>\n<meta name=\"twitter:label1\" content=\"Escrito por\" \/>\n\t<meta name=\"twitter:data1\" content=\"evora\" \/>\n\t<meta name=\"twitter:label2\" content=\"Tempo estimado de leitura\" \/>\n\t<meta name=\"twitter:data2\" content=\"2 minutos\" \/>\n<script type=\"application\/ld+json\" class=\"yoast-schema-graph\">{\"@context\":\"https:\/\/schema.org\",\"@graph\":[{\"@type\":\"Article\",\"@id\":\"https:\/\/comarcas.csm.org.pt\/evora\/blog\/2025\/12\/05\/instalacao-da-comissao-de-de-protecao-de-criancas-e-jovens-copcj-de-arraiolos\/#article\",\"isPartOf\":{\"@id\":\"https:\/\/comarcas.csm.org.pt\/evora\/blog\/2025\/12\/05\/instalacao-da-comissao-de-de-protecao-de-criancas-e-jovens-copcj-de-arraiolos\/\"},\"author\":{\"name\":\"evora\",\"@id\":\"https:\/\/comarcas.csm.org.pt\/evora\/#\/schema\/person\/468ff1b703c7a8094c2e0c1e7d2c2bee\"},\"headline\":\"Instala\u00e7\u00e3o da Comiss\u00e3o De prote\u00e7\u00e3o de Crian\u00e7as e Jovens (CPCJ) de Arraiolos\",\"datePublished\":\"2025-12-05T09:40:23+00:00\",\"dateModified\":\"2026-01-13T15:35:31+00:00\",\"mainEntityOfPage\":{\"@id\":\"https:\/\/comarcas.csm.org.pt\/evora\/blog\/2025\/12\/05\/instalacao-da-comissao-de-de-protecao-de-criancas-e-jovens-copcj-de-arraiolos\/\"},\"wordCount\":260,\"publisher\":{\"@id\":\"https:\/\/comarcas.csm.org.pt\/evora\/#organization\"},\"image\":{\"@id\":\"https:\/\/comarcas.csm.org.pt\/evora\/blog\/2025\/12\/05\/instalacao-da-comissao-de-de-protecao-de-criancas-e-jovens-copcj-de-arraiolos\/#primaryimage\"},\"thumbnailUrl\":\"https:\/\/comarcas.csm.org.pt\/evora\/wp-content\/uploads\/sites\/13\/2025\/12\/cccj-arraiolos-768x512.webp\",\"articleSection\":[\"Geral\"],\"inLanguage\":\"pt-PT\"},{\"@type\":\"WebPage\",\"@id\":\"https:\/\/comarcas.csm.org.pt\/evora\/blog\/2025\/12\/05\/instalacao-da-comissao-de-de-protecao-de-criancas-e-jovens-copcj-de-arraiolos\/\",\"url\":\"https:\/\/comarcas.csm.org.pt\/evora\/blog\/2025\/12\/05\/instalacao-da-comissao-de-de-protecao-de-criancas-e-jovens-copcj-de-arraiolos\/\",\"name\":\"Instala\u00e7\u00e3o da Comiss\u00e3o De prote\u00e7\u00e3o de Crian\u00e7as e Jovens (CPCJ) de Arraiolos - Tribunal Judicial da Comarca de \u00c9vora\",\"isPartOf\":{\"@id\":\"https:\/\/comarcas.csm.org.pt\/evora\/#website\"},\"primaryImageOfPage\":{\"@id\":\"https:\/\/comarcas.csm.org.pt\/evora\/blog\/2025\/12\/05\/instalacao-da-comissao-de-de-protecao-de-criancas-e-jovens-copcj-de-arraiolos\/#primaryimage\"},\"image\":{\"@id\":\"https:\/\/comarcas.csm.org.pt\/evora\/blog\/2025\/12\/05\/instalacao-da-comissao-de-de-protecao-de-criancas-e-jovens-copcj-de-arraiolos\/#primaryimage\"},\"thumbnailUrl\":\"https:\/\/comarcas.csm.org.pt\/evora\/wp-content\/uploads\/sites\/13\/2025\/12\/cccj-arraiolos-768x512.webp\",\"datePublished\":\"2025-12-05T09:40:23+00:00\",\"dateModified\":\"2026-01-13T15:35:31+00:00\",\"breadcrumb\":{\"@id\":\"https:\/\/comarcas.csm.org.pt\/evora\/blog\/2025\/12\/05\/instalacao-da-comissao-de-de-protecao-de-criancas-e-jovens-copcj-de-arraiolos\/#breadcrumb\"},\"inLanguage\":\"pt-PT\",\"potentialAction\":[{\"@type\":\"ReadAction\",\"target\":[\"https:\/\/comarcas.csm.org.pt\/evora\/blog\/2025\/12\/05\/instalacao-da-comissao-de-de-protecao-de-criancas-e-jovens-copcj-de-arraiolos\/\"]}]},{\"@type\":\"ImageObject\",\"inLanguage\":\"pt-PT\",\"@id\":\"https:\/\/comarcas.csm.org.pt\/evora\/blog\/2025\/12\/05\/instalacao-da-comissao-de-de-protecao-de-criancas-e-jovens-copcj-de-arraiolos\/#primaryimage\",\"url\":\"https:\/\/comarcas.csm.org.pt\/evora\/wp-content\/uploads\/sites\/13\/2025\/12\/cccj-arraiolos.webp\",\"contentUrl\":\"https:\/\/comarcas.csm.org.pt\/evora\/wp-content\/uploads\/sites\/13\/2025\/12\/cccj-arraiolos.webp\",\"width\":1920,\"height\":1280},{\"@type\":\"BreadcrumbList\",\"@id\":\"https:\/\/comarcas.csm.org.pt\/evora\/blog\/2025\/12\/05\/instalacao-da-comissao-de-de-protecao-de-criancas-e-jovens-copcj-de-arraiolos\/#breadcrumb\",\"itemListElement\":[{\"@type\":\"ListItem\",\"position\":1,\"name\":\"In\u00edcio\",\"item\":\"https:\/\/comarcas.csm.org.pt\/evora\/\"},{\"@type\":\"ListItem\",\"position\":2,\"name\":\"Instala\u00e7\u00e3o da Comiss\u00e3o De prote\u00e7\u00e3o de Crian\u00e7as e Jovens (CPCJ) de Arraiolos\"}]},{\"@type\":\"WebSite\",\"@id\":\"https:\/\/comarcas.csm.org.pt\/evora\/#website\",\"url\":\"https:\/\/comarcas.csm.org.pt\/evora\/\",\"name\":\"Tribunal Judicial da Comarca de \u00c9vora\",\"description\":\"Tribunal Judicial da Comarca de Aveiro\",\"publisher\":{\"@id\":\"https:\/\/comarcas.csm.org.pt\/evora\/#organization\"},\"potentialAction\":[{\"@type\":\"SearchAction\",\"target\":{\"@type\":\"EntryPoint\",\"urlTemplate\":\"https:\/\/comarcas.csm.org.pt\/evora\/?s={search_term_string}\"},\"query-input\":{\"@type\":\"PropertyValueSpecification\",\"valueRequired\":true,\"valueName\":\"search_term_string\"}}],\"inLanguage\":\"pt-PT\"},{\"@type\":\"Organization\",\"@id\":\"https:\/\/comarcas.csm.org.pt\/evora\/#organization\",\"name\":\"Tribunal Judicial da Comarca de \u00c9vora\",\"url\":\"https:\/\/comarcas.csm.org.pt\/evora\/\",\"logo\":{\"@type\":\"ImageObject\",\"inLanguage\":\"pt-PT\",\"@id\":\"https:\/\/comarcas.csm.org.pt\/evora\/#\/schema\/logo\/image\/\",\"url\":\"https:\/\/comarcas.csm.org.pt\/evora\/wp-content\/uploads\/sites\/13\/2024\/11\/Evora_positivo-horizontal.png\",\"contentUrl\":\"https:\/\/comarcas.csm.org.pt\/evora\/wp-content\/uploads\/sites\/13\/2024\/11\/Evora_positivo-horizontal.png\",\"width\":4790,\"height\":973,\"caption\":\"Tribunal Judicial da Comarca de \u00c9vora\"},\"image\":{\"@id\":\"https:\/\/comarcas.csm.org.pt\/evora\/#\/schema\/logo\/image\/\"}},{\"@type\":\"Person\",\"@id\":\"https:\/\/comarcas.csm.org.pt\/evora\/#\/schema\/person\/468ff1b703c7a8094c2e0c1e7d2c2bee\",\"name\":\"evora\",\"image\":{\"@type\":\"ImageObject\",\"inLanguage\":\"pt-PT\",\"@id\":\"https:\/\/comarcas.csm.org.pt\/evora\/#\/schema\/person\/image\/\",\"url\":\"https:\/\/secure.gravatar.com\/avatar\/ae5c10ad87163e45dde7f819e16bbdc167a152cb57fdc3734413626ae847e16f?s=96&d=mm&r=g\",\"contentUrl\":\"https:\/\/secure.gravatar.com\/avatar\/ae5c10ad87163e45dde7f819e16bbdc167a152cb57fdc3734413626ae847e16f?s=96&d=mm&r=g\",\"caption\":\"evora\"},\"url\":\"https:\/\/comarcas.csm.org.pt\/evora\/blog\/author\/evora\/\"}]}<\/script>\n<!-- \/ Yoast SEO plugin. -->","yoast_head_json":{"title":"Instala\u00e7\u00e3o da Comiss\u00e3o De prote\u00e7\u00e3o de Crian\u00e7as e Jovens (CPCJ) de Arraiolos - Tribunal Judicial da Comarca de \u00c9vora","robots":{"index":"index","follow":"follow","max-snippet":"max-snippet:-1","max-image-preview":"max-image-preview:large","max-video-preview":"max-video-preview:-1"},"canonical":"https:\/\/comarcas.csm.org.pt\/evora\/blog\/2025\/12\/05\/instalacao-da-comissao-de-de-protecao-de-criancas-e-jovens-copcj-de-arraiolos\/","og_locale":"pt_PT","og_type":"article","og_title":"Instala\u00e7\u00e3o da Comiss\u00e3o De prote\u00e7\u00e3o de Crian\u00e7as e Jovens (CPCJ) de Arraiolos - Tribunal Judicial da Comarca de \u00c9vora","og_description":"Realizou-se, no passado dia 15 de outubro, no Sal\u00e3o Nobre dos Pa\u00e7os do Concelho de Arraiolos, a Cerim\u00f3nia de Instala\u00e7\u00e3o da Comiss\u00e3o de Prote\u00e7\u00e3o de Crian\u00e7as e Jovens (CPCJ), onde marcaram presen\u00e7a os titulares dos...","og_url":"https:\/\/comarcas.csm.org.pt\/evora\/blog\/2025\/12\/05\/instalacao-da-comissao-de-de-protecao-de-criancas-e-jovens-copcj-de-arraiolos\/","og_site_name":"Tribunal Judicial da Comarca de \u00c9vora","article_published_time":"2025-12-05T09:40:23+00:00","article_modified_time":"2026-01-13T15:35:31+00:00","og_image":[{"width":1920,"height":1280,"url":"https:\/\/comarcas.csm.org.pt\/evora\/wp-content\/uploads\/sites\/13\/2025\/12\/cccj-arraiolos.webp","type":"image\/webp"}],"author":"evora","twitter_card":"summary_large_image","twitter_misc":{"Escrito por":"evora","Tempo estimado de leitura":"2 minutos"},"schema":{"@context":"https:\/\/schema.org","@graph":[{"@type":"Article","@id":"https:\/\/comarcas.csm.org.pt\/evora\/blog\/2025\/12\/05\/instalacao-da-comissao-de-de-protecao-de-criancas-e-jovens-copcj-de-arraiolos\/#article","isPartOf":{"@id":"https:\/\/comarcas.csm.org.pt\/evora\/blog\/2025\/12\/05\/instalacao-da-comissao-de-de-protecao-de-criancas-e-jovens-copcj-de-arraiolos\/"},"author":{"name":"evora","@id":"https:\/\/comarcas.csm.org.pt\/evora\/#\/schema\/person\/468ff1b703c7a8094c2e0c1e7d2c2bee"},"headline":"Instala\u00e7\u00e3o da Comiss\u00e3o De prote\u00e7\u00e3o de Crian\u00e7as e Jovens (CPCJ) de Arraiolos","datePublished":"2025-12-05T09:40:23+00:00","dateModified":"2026-01-13T15:35:31+00:00","mainEntityOfPage":{"@id":"https:\/\/comarcas.csm.org.pt\/evora\/blog\/2025\/12\/05\/instalacao-da-comissao-de-de-protecao-de-criancas-e-jovens-copcj-de-arraiolos\/"},"wordCount":260,"publisher":{"@id":"https:\/\/comarcas.csm.org.pt\/evora\/#organization"},"image":{"@id":"https:\/\/comarcas.csm.org.pt\/evora\/blog\/2025\/12\/05\/instalacao-da-comissao-de-de-protecao-de-criancas-e-jovens-copcj-de-arraiolos\/#primaryimage"},"thumbnailUrl":"https:\/\/comarcas.csm.org.pt\/evora\/wp-content\/uploads\/sites\/13\/2025\/12\/cccj-arraiolos-768x512.webp","articleSection":["Geral"],"inLanguage":"pt-PT"},{"@type":"WebPage","@id":"https:\/\/comarcas.csm.org.pt\/evora\/blog\/2025\/12\/05\/instalacao-da-comissao-de-de-protecao-de-criancas-e-jovens-copcj-de-arraiolos\/","url":"https:\/\/comarcas.csm.org.pt\/evora\/blog\/2025\/12\/05\/instalacao-da-comissao-de-de-protecao-de-criancas-e-jovens-copcj-de-arraiolos\/","name":"Instala\u00e7\u00e3o da Comiss\u00e3o De prote\u00e7\u00e3o de Crian\u00e7as e Jovens (CPCJ) de Arraiolos - Tribunal Judicial da Comarca de \u00c9vora","isPartOf":{"@id":"https:\/\/comarcas.csm.org.pt\/evora\/#website"},"primaryImageOfPage":{"@id":"https:\/\/comarcas.csm.org.pt\/evora\/blog\/2025\/12\/05\/instalacao-da-comissao-de-de-protecao-de-criancas-e-jovens-copcj-de-arraiolos\/#primaryimage"},"image":{"@id":"https:\/\/comarcas.csm.org.pt\/evora\/blog\/2025\/12\/05\/instalacao-da-comissao-de-de-protecao-de-criancas-e-jovens-copcj-de-arraiolos\/#primaryimage"},"thumbnailUrl":"https:\/\/comarcas.csm.org.pt\/evora\/wp-content\/uploads\/sites\/13\/2025\/12\/cccj-arraiolos-768x512.webp","datePublished":"2025-12-05T09:40:23+00:00","dateModified":"2026-01-13T15:35:31+00:00","breadcrumb":{"@id":"https:\/\/comarcas.csm.org.pt\/evora\/blog\/2025\/12\/05\/instalacao-da-comissao-de-de-protecao-de-criancas-e-jovens-copcj-de-arraiolos\/#breadcrumb"},"inLanguage":"pt-PT","potentialAction":[{"@type":"ReadAction","target":["https:\/\/comarcas.csm.org.pt\/evora\/blog\/2025\/12\/05\/instalacao-da-comissao-de-de-protecao-de-criancas-e-jovens-copcj-de-arraiolos\/"]}]},{"@type":"ImageObject","inLanguage":"pt-PT","@id":"https:\/\/comarcas.csm.org.pt\/evora\/blog\/2025\/12\/05\/instalacao-da-comissao-de-de-protecao-de-criancas-e-jovens-copcj-de-arraiolos\/#primaryimage","url":"https:\/\/comarcas.csm.org.pt\/evora\/wp-content\/uploads\/sites\/13\/2025\/12\/cccj-arraiolos.webp","contentUrl":"https:\/\/comarcas.csm.org.pt\/evora\/wp-content\/uploads\/sites\/13\/2025\/12\/cccj-arraiolos.webp","width":1920,"height":1280},{"@type":"BreadcrumbList","@id":"https:\/\/comarcas.csm.org.pt\/evora\/blog\/2025\/12\/05\/instalacao-da-comissao-de-de-protecao-de-criancas-e-jovens-copcj-de-arraiolos\/#breadcrumb","itemListElement":[{"@type":"ListItem","position":1,"name":"In\u00edcio","item":"https:\/\/comarcas.csm.org.pt\/evora\/"},{"@type":"ListItem","position":2,"name":"Instala\u00e7\u00e3o da Comiss\u00e3o De prote\u00e7\u00e3o de Crian\u00e7as e Jovens (CPCJ) de Arraiolos"}]},{"@type":"WebSite","@id":"https:\/\/comarcas.csm.org.pt\/evora\/#website","url":"https:\/\/comarcas.csm.org.pt\/evora\/","name":"Tribunal Judicial da Comarca de \u00c9vora","description":"Tribunal Judicial da Comarca de Aveiro","publisher":{"@id":"https:\/\/comarcas.csm.org.pt\/evora\/#organization"},"potentialAction":[{"@type":"SearchAction","target":{"@type":"EntryPoint","urlTemplate":"https:\/\/comarcas.csm.org.pt\/evora\/?s={search_term_string}"},"query-input":{"@type":"PropertyValueSpecification","valueRequired":true,"valueName":"search_term_string"}}],"inLanguage":"pt-PT"},{"@type":"Organization","@id":"https:\/\/comarcas.csm.org.pt\/evora\/#organization","name":"Tribunal Judicial da Comarca de \u00c9vora","url":"https:\/\/comarcas.csm.org.pt\/evora\/","logo":{"@type":"ImageObject","inLanguage":"pt-PT","@id":"https:\/\/comarcas.csm.org.pt\/evora\/#\/schema\/logo\/image\/","url":"https:\/\/comarcas.csm.org.pt\/evora\/wp-content\/uploads\/sites\/13\/2024\/11\/Evora_positivo-horizontal.png","contentUrl":"https:\/\/comarcas.csm.org.pt\/evora\/wp-content\/uploads\/sites\/13\/2024\/11\/Evora_positivo-horizontal.png","width":4790,"height":973,"caption":"Tribunal Judicial da Comarca de \u00c9vora"},"image":{"@id":"https:\/\/comarcas.csm.org.pt\/evora\/#\/schema\/logo\/image\/"}},{"@type":"Person","@id":"https:\/\/comarcas.csm.org.pt\/evora\/#\/schema\/person\/468ff1b703c7a8094c2e0c1e7d2c2bee","name":"evora","image":{"@type":"ImageObject","inLanguage":"pt-PT","@id":"https:\/\/comarcas.csm.org.pt\/evora\/#\/schema\/person\/image\/","url":"https:\/\/secure.gravatar.com\/avatar\/ae5c10ad87163e45dde7f819e16bbdc167a152cb57fdc3734413626ae847e16f?s=96&d=mm&r=g","contentUrl":"https:\/\/secure.gravatar.com\/avatar\/ae5c10ad87163e45dde7f819e16bbdc167a152cb57fdc3734413626ae847e16f?s=96&d=mm&r=g","caption":"evora"},"url":"https:\/\/comarcas.csm.org.pt\/evora\/blog\/author\/evora\/"}]}},"_links":{"self":[{"href":"https:\/\/comarcas.csm.org.pt\/evora\/wp-json\/wp\/v2\/posts\/12761","targetHints":{"allow":["GET"]}}],"collection":[{"href":"https:\/\/comarcas.csm.org.pt\/evora\/wp-json\/wp\/v2\/posts"}],"about":[{"href":"https:\/\/comarcas.csm.org.pt\/evora\/wp-json\/wp\/v2\/types\/post"}],"author":[{"embeddable":true,"href":"https:\/\/comarcas.csm.org.pt\/evora\/wp-json\/wp\/v2\/users\/13"}],"replies":[{"embeddable":true,"href":"https:\/\/comarcas.csm.org.pt\/evora\/wp-json\/wp\/v2\/comments?post=12761"}],"version-history":[{"count":13,"href":"https:\/\/comarcas.csm.org.pt\/evora\/wp-json\/wp\/v2\/posts\/12761\/revisions"}],"predecessor-version":[{"id":12790,"href":"https:\/\/comarcas.csm.org.pt\/evora\/wp-json\/wp\/v2\/posts\/12761\/revisions\/12790"}],"wp:attachment":[{"href":"https:\/\/comarcas.csm.org.pt\/evora\/wp-json\/wp\/v2\/media?parent=12761"}],"wp:term":[{"taxonomy":"category","embeddable":true,"href":"https:\/\/comarcas.csm.org.pt\/evora\/wp-json\/wp\/v2\/categories?post=12761"},{"taxonomy":"post_tag","embeddable":true,"href":"https:\/\/comarcas.csm.org.pt\/evora\/wp-json\/wp\/v2\/tags?post=12761"}],"curies":[{"name":"wp","href":"https:\/\/api.w.org\/{rel}","templated":true}]}}