{"id":12815,"date":"2026-01-23T14:57:25","date_gmt":"2026-01-23T14:57:25","guid":{"rendered":"https:\/\/comarcas.csm.org.pt\/evora\/?p=12815"},"modified":"2026-03-12T12:08:38","modified_gmt":"2026-03-12T12:08:38","slug":"assembleia-de-apuramento-distrital","status":"publish","type":"post","link":"https:\/\/comarcas.csm.org.pt\/evora\/blog\/2026\/01\/23\/assembleia-de-apuramento-distrital\/","title":{"rendered":"assembleia de Apuramento Distrital- Presidenciais 2026"},"content":{"rendered":"\t\t<div data-elementor-type=\"wp-post\" data-elementor-id=\"12815\" class=\"elementor elementor-12815\" data-elementor-post-type=\"post\">\n\t\t\t\t<div class=\"elementor-element elementor-element-d7916ed e-flex e-con-boxed e-con e-parent\" data-id=\"d7916ed\" data-element_type=\"container\">\n\t\t\t\t\t<div class=\"e-con-inner\">\n\t\t\t\t<div class=\"elementor-element elementor-element-5145280 elementor-widget elementor-widget-text-editor\" data-id=\"5145280\" data-element_type=\"widget\" data-widget_type=\"text-editor.default\">\n\t\t\t\t<div class=\"elementor-widget-container\">\n\t\t\t\t\t\t\t\t\t<p>&#8220;No passado dia 19 de Janeiro, decorreu a Assembleia de Apuramento Distrital de \u00c9vora no \u00e2mbito das elei\u00e7\u00f5es para o Presidente da Rep\u00fablica de dia 18 de janeiro, composta pela Senhora Ju\u00edza Presidente da Comarca, que presidiu &#8211; mediante designa\u00e7\u00e3o pela Senhora Presidente do Tribunal da Rela\u00e7\u00e3o de \u00c9vora -, dois juristas, dois professores de matem\u00e1tica, seis presidentes de sec\u00e7\u00e3o de voto e a chefe da secretaria judicial.Incumbem a esta assembleia:<\/p><ol><li>A verifica\u00e7\u00e3o do n\u00famero total de eleitores inscritos e de votantes no distrito;<\/li><li>A verifica\u00e7\u00e3o do n\u00famero total de votos obtidos por cada candidatura, do n\u00famero de votos em branco e do n\u00famero dos votos nulos e,<\/li><li>\u00a0Decidir sobre as reclama\u00e7\u00f5es, protestos e contraprotestos que tenham lugar no seu decurso<\/li><\/ol>\t\t\t\t\t\t\t\t<\/div>\n\t\t\t\t<\/div>\n\t\t\t\t\t<\/div>\n\t\t\t\t<\/div>\n\t\t\t\t<\/div>\n\t\t","protected":false},"excerpt":{"rendered":"<p>&#8220;No passado dia 19 de Janeiro, decorreu a Assembleia de Apuramento Distrital de \u00c9vora no \u00e2mbito das elei\u00e7\u00f5es para o Presidente da Rep\u00fablica de dia 18 de janeiro, composta pela Senhora Ju\u00edza Presidente da Comarca,&#8230;<\/p>\n","protected":false},"author":13,"featured_media":12364,"comment_status":"closed","ping_status":"open","sticky":false,"template":"","format":"standard","meta":{"_tbt_post_transparent":"","_tbt_post_title":"","_tbt_post_layout":"","_tbt_post_sidebar_id":"","_tbt_post_content_style":"","_tbt_post_vertical_padding":"","_tbt_post_feature":"","_tbt_post_feature_position":"","_tbt_post_header":false,"_tbt_post_footer":false},"categories":[1],"tags":[],"class_list":["post-12815","post","type-post","status-publish","format-standard","has-post-thumbnail","hentry","category-geral"],"yoast_head":"<!-- This site is optimized with the Yoast SEO plugin v25.6 - https:\/\/yoast.com\/wordpress\/plugins\/seo\/ -->\n<title>assembleia de Apuramento Distrital- Presidenciais 2026 - Tribunal Judicial da Comarca de \u00c9vora<\/title>\n<meta name=\"description\" content=\"No passado dia 19 de Janeiro, decorreu a Assembleia de Apuramento Distrital de \u00c9vora no \u00e2mbito das elei\u00e7\u00f5es para o Presidente da Rep\u00fablica de dia 18 de janeiro, composta pela Senhora Ju\u00edza Presidente da Comarca, que presidiu - mediante designa\u00e7\u00e3o pela Senhora Presidente do Tribunal da Rela\u00e7\u00e3o de \u00c9vora -, dois juristas, dois professores de matem\u00e1tica, seis presidentes de sec\u00e7\u00e3o de voto e a chefe da secretaria judicial. Incumbem a esta assembleia: 1) A verifica\u00e7\u00e3o do n\u00famero total de eleitores inscritos e de votantes no distrito;2) A verifica\u00e7\u00e3o do n\u00famero total de votos obtidos por cada candidatura, do n\u00famero de votos em branco e do n\u00famero dos votos nulos e,3) Decidir sobre as reclama\u00e7\u00f5es, protestos e contraprotestos que tenham lugar no seu decurso.\" \/>\n<meta name=\"robots\" content=\"index, follow, max-snippet:-1, max-image-preview:large, max-video-preview:-1\" \/>\n<link rel=\"canonical\" href=\"https:\/\/comarcas.csm.org.pt\/evora\/blog\/2026\/01\/23\/assembleia-de-apuramento-distrital\/\" \/>\n<meta property=\"og:locale\" content=\"pt_PT\" \/>\n<meta property=\"og:type\" content=\"article\" \/>\n<meta property=\"og:title\" content=\"assembleia de Apuramento Distrital- Presidenciais 2026 - Tribunal Judicial da Comarca de \u00c9vora\" \/>\n<meta property=\"og:description\" content=\"No passado dia 19 de Janeiro, decorreu a Assembleia de Apuramento Distrital de \u00c9vora no \u00e2mbito das elei\u00e7\u00f5es para o Presidente da Rep\u00fablica de dia 18 de janeiro, composta pela Senhora Ju\u00edza Presidente da Comarca, que presidiu - mediante designa\u00e7\u00e3o pela Senhora Presidente do Tribunal da Rela\u00e7\u00e3o de \u00c9vora -, dois juristas, dois professores de matem\u00e1tica, seis presidentes de sec\u00e7\u00e3o de voto e a chefe da secretaria judicial. Incumbem a esta assembleia: 1) A verifica\u00e7\u00e3o do n\u00famero total de eleitores inscritos e de votantes no distrito;2) A verifica\u00e7\u00e3o do n\u00famero total de votos obtidos por cada candidatura, do n\u00famero de votos em branco e do n\u00famero dos votos nulos e,3) Decidir sobre as reclama\u00e7\u00f5es, protestos e contraprotestos que tenham lugar no seu decurso.\" \/>\n<meta property=\"og:url\" content=\"https:\/\/comarcas.csm.org.pt\/evora\/blog\/2026\/01\/23\/assembleia-de-apuramento-distrital\/\" \/>\n<meta property=\"og:site_name\" content=\"Tribunal Judicial da Comarca de \u00c9vora\" \/>\n<meta property=\"article:published_time\" content=\"2026-01-23T14:57:25+00:00\" \/>\n<meta property=\"article:modified_time\" content=\"2026-03-12T12:08:38+00:00\" \/>\n<meta property=\"og:image\" content=\"https:\/\/comarcas.csm.org.pt\/evora\/wp-content\/uploads\/sites\/13\/2025\/06\/1748869864524-scaled.jpg\" \/>\n\t<meta property=\"og:image:width\" content=\"2560\" \/>\n\t<meta property=\"og:image:height\" content=\"666\" \/>\n\t<meta property=\"og:image:type\" content=\"image\/jpeg\" \/>\n<meta name=\"author\" content=\"evora\" \/>\n<meta name=\"twitter:card\" content=\"summary_large_image\" \/>\n<meta name=\"twitter:label1\" content=\"Escrito por\" \/>\n\t<meta name=\"twitter:data1\" content=\"evora\" \/>\n\t<meta name=\"twitter:label2\" content=\"Tempo estimado de leitura\" \/>\n\t<meta name=\"twitter:data2\" content=\"1 minuto\" \/>\n<script type=\"application\/ld+json\" class=\"yoast-schema-graph\">{\"@context\":\"https:\/\/schema.org\",\"@graph\":[{\"@type\":\"Article\",\"@id\":\"https:\/\/comarcas.csm.org.pt\/evora\/blog\/2026\/01\/23\/assembleia-de-apuramento-distrital\/#article\",\"isPartOf\":{\"@id\":\"https:\/\/comarcas.csm.org.pt\/evora\/blog\/2026\/01\/23\/assembleia-de-apuramento-distrital\/\"},\"author\":{\"name\":\"evora\",\"@id\":\"https:\/\/comarcas.csm.org.pt\/evora\/#\/schema\/person\/468ff1b703c7a8094c2e0c1e7d2c2bee\"},\"headline\":\"assembleia de Apuramento Distrital- Presidenciais 2026\",\"datePublished\":\"2026-01-23T14:57:25+00:00\",\"dateModified\":\"2026-03-12T12:08:38+00:00\",\"mainEntityOfPage\":{\"@id\":\"https:\/\/comarcas.csm.org.pt\/evora\/blog\/2026\/01\/23\/assembleia-de-apuramento-distrital\/\"},\"wordCount\":139,\"publisher\":{\"@id\":\"https:\/\/comarcas.csm.org.pt\/evora\/#organization\"},\"image\":{\"@id\":\"https:\/\/comarcas.csm.org.pt\/evora\/blog\/2026\/01\/23\/assembleia-de-apuramento-distrital\/#primaryimage\"},\"thumbnailUrl\":\"https:\/\/comarcas.csm.org.pt\/evora\/wp-content\/uploads\/sites\/13\/2025\/06\/1748869864524-scaled.jpg\",\"articleSection\":[\"Geral\"],\"inLanguage\":\"pt-PT\"},{\"@type\":\"WebPage\",\"@id\":\"https:\/\/comarcas.csm.org.pt\/evora\/blog\/2026\/01\/23\/assembleia-de-apuramento-distrital\/\",\"url\":\"https:\/\/comarcas.csm.org.pt\/evora\/blog\/2026\/01\/23\/assembleia-de-apuramento-distrital\/\",\"name\":\"assembleia de Apuramento Distrital- Presidenciais 2026 - Tribunal Judicial da Comarca de \u00c9vora\",\"isPartOf\":{\"@id\":\"https:\/\/comarcas.csm.org.pt\/evora\/#website\"},\"primaryImageOfPage\":{\"@id\":\"https:\/\/comarcas.csm.org.pt\/evora\/blog\/2026\/01\/23\/assembleia-de-apuramento-distrital\/#primaryimage\"},\"image\":{\"@id\":\"https:\/\/comarcas.csm.org.pt\/evora\/blog\/2026\/01\/23\/assembleia-de-apuramento-distrital\/#primaryimage\"},\"thumbnailUrl\":\"https:\/\/comarcas.csm.org.pt\/evora\/wp-content\/uploads\/sites\/13\/2025\/06\/1748869864524-scaled.jpg\",\"datePublished\":\"2026-01-23T14:57:25+00:00\",\"dateModified\":\"2026-03-12T12:08:38+00:00\",\"description\":\"No passado dia 19 de Janeiro, decorreu a Assembleia de Apuramento Distrital de \u00c9vora no \u00e2mbito das elei\u00e7\u00f5es para o Presidente da Rep\u00fablica de dia 18 de janeiro, composta pela Senhora Ju\u00edza Presidente da Comarca, que presidiu - mediante designa\u00e7\u00e3o pela Senhora Presidente do Tribunal da Rela\u00e7\u00e3o de \u00c9vora -, dois juristas, dois professores de matem\u00e1tica, seis presidentes de sec\u00e7\u00e3o de voto e a chefe da secretaria judicial. Incumbem a esta assembleia: 1) A verifica\u00e7\u00e3o do n\u00famero total de eleitores inscritos e de votantes no distrito;2) A verifica\u00e7\u00e3o do n\u00famero total de votos obtidos por cada candidatura, do n\u00famero de votos em branco e do n\u00famero dos votos nulos e,3) Decidir sobre as reclama\u00e7\u00f5es, protestos e contraprotestos que tenham lugar no seu decurso.\",\"breadcrumb\":{\"@id\":\"https:\/\/comarcas.csm.org.pt\/evora\/blog\/2026\/01\/23\/assembleia-de-apuramento-distrital\/#breadcrumb\"},\"inLanguage\":\"pt-PT\",\"potentialAction\":[{\"@type\":\"ReadAction\",\"target\":[\"https:\/\/comarcas.csm.org.pt\/evora\/blog\/2026\/01\/23\/assembleia-de-apuramento-distrital\/\"]}]},{\"@type\":\"ImageObject\",\"inLanguage\":\"pt-PT\",\"@id\":\"https:\/\/comarcas.csm.org.pt\/evora\/blog\/2026\/01\/23\/assembleia-de-apuramento-distrital\/#primaryimage\",\"url\":\"https:\/\/comarcas.csm.org.pt\/evora\/wp-content\/uploads\/sites\/13\/2025\/06\/1748869864524-scaled.jpg\",\"contentUrl\":\"https:\/\/comarcas.csm.org.pt\/evora\/wp-content\/uploads\/sites\/13\/2025\/06\/1748869864524-scaled.jpg\",\"width\":2560,\"height\":666},{\"@type\":\"BreadcrumbList\",\"@id\":\"https:\/\/comarcas.csm.org.pt\/evora\/blog\/2026\/01\/23\/assembleia-de-apuramento-distrital\/#breadcrumb\",\"itemListElement\":[{\"@type\":\"ListItem\",\"position\":1,\"name\":\"In\u00edcio\",\"item\":\"https:\/\/comarcas.csm.org.pt\/evora\/\"},{\"@type\":\"ListItem\",\"position\":2,\"name\":\"assembleia de Apuramento Distrital- Presidenciais 2026\"}]},{\"@type\":\"WebSite\",\"@id\":\"https:\/\/comarcas.csm.org.pt\/evora\/#website\",\"url\":\"https:\/\/comarcas.csm.org.pt\/evora\/\",\"name\":\"Tribunal Judicial da Comarca de \u00c9vora\",\"description\":\"Tribunal Judicial da Comarca de Aveiro\",\"publisher\":{\"@id\":\"https:\/\/comarcas.csm.org.pt\/evora\/#organization\"},\"potentialAction\":[{\"@type\":\"SearchAction\",\"target\":{\"@type\":\"EntryPoint\",\"urlTemplate\":\"https:\/\/comarcas.csm.org.pt\/evora\/?s={search_term_string}\"},\"query-input\":{\"@type\":\"PropertyValueSpecification\",\"valueRequired\":true,\"valueName\":\"search_term_string\"}}],\"inLanguage\":\"pt-PT\"},{\"@type\":\"Organization\",\"@id\":\"https:\/\/comarcas.csm.org.pt\/evora\/#organization\",\"name\":\"Tribunal Judicial da Comarca de \u00c9vora\",\"url\":\"https:\/\/comarcas.csm.org.pt\/evora\/\",\"logo\":{\"@type\":\"ImageObject\",\"inLanguage\":\"pt-PT\",\"@id\":\"https:\/\/comarcas.csm.org.pt\/evora\/#\/schema\/logo\/image\/\",\"url\":\"https:\/\/comarcas.csm.org.pt\/evora\/wp-content\/uploads\/sites\/13\/2024\/11\/Evora_positivo-horizontal.png\",\"contentUrl\":\"https:\/\/comarcas.csm.org.pt\/evora\/wp-content\/uploads\/sites\/13\/2024\/11\/Evora_positivo-horizontal.png\",\"width\":4790,\"height\":973,\"caption\":\"Tribunal Judicial da Comarca de \u00c9vora\"},\"image\":{\"@id\":\"https:\/\/comarcas.csm.org.pt\/evora\/#\/schema\/logo\/image\/\"}},{\"@type\":\"Person\",\"@id\":\"https:\/\/comarcas.csm.org.pt\/evora\/#\/schema\/person\/468ff1b703c7a8094c2e0c1e7d2c2bee\",\"name\":\"evora\",\"image\":{\"@type\":\"ImageObject\",\"inLanguage\":\"pt-PT\",\"@id\":\"https:\/\/comarcas.csm.org.pt\/evora\/#\/schema\/person\/image\/\",\"url\":\"https:\/\/secure.gravatar.com\/avatar\/ae5c10ad87163e45dde7f819e16bbdc167a152cb57fdc3734413626ae847e16f?s=96&d=mm&r=g\",\"contentUrl\":\"https:\/\/secure.gravatar.com\/avatar\/ae5c10ad87163e45dde7f819e16bbdc167a152cb57fdc3734413626ae847e16f?s=96&d=mm&r=g\",\"caption\":\"evora\"},\"url\":\"https:\/\/comarcas.csm.org.pt\/evora\/blog\/author\/evora\/\"}]}<\/script>\n<!-- \/ Yoast SEO plugin. -->","yoast_head_json":{"title":"assembleia de Apuramento Distrital- Presidenciais 2026 - Tribunal Judicial da Comarca de \u00c9vora","description":"No passado dia 19 de Janeiro, decorreu a Assembleia de Apuramento Distrital de \u00c9vora no \u00e2mbito das elei\u00e7\u00f5es para o Presidente da Rep\u00fablica de dia 18 de janeiro, composta pela Senhora Ju\u00edza Presidente da Comarca, que presidiu - mediante designa\u00e7\u00e3o pela Senhora Presidente do Tribunal da Rela\u00e7\u00e3o de \u00c9vora -, dois juristas, dois professores de matem\u00e1tica, seis presidentes de sec\u00e7\u00e3o de voto e a chefe da secretaria judicial. Incumbem a esta assembleia: 1) A verifica\u00e7\u00e3o do n\u00famero total de eleitores inscritos e de votantes no distrito;2) A verifica\u00e7\u00e3o do n\u00famero total de votos obtidos por cada candidatura, do n\u00famero de votos em branco e do n\u00famero dos votos nulos e,3) Decidir sobre as reclama\u00e7\u00f5es, protestos e contraprotestos que tenham lugar no seu decurso.","robots":{"index":"index","follow":"follow","max-snippet":"max-snippet:-1","max-image-preview":"max-image-preview:large","max-video-preview":"max-video-preview:-1"},"canonical":"https:\/\/comarcas.csm.org.pt\/evora\/blog\/2026\/01\/23\/assembleia-de-apuramento-distrital\/","og_locale":"pt_PT","og_type":"article","og_title":"assembleia de Apuramento Distrital- Presidenciais 2026 - Tribunal Judicial da Comarca de \u00c9vora","og_description":"No passado dia 19 de Janeiro, decorreu a Assembleia de Apuramento Distrital de \u00c9vora no \u00e2mbito das elei\u00e7\u00f5es para o Presidente da Rep\u00fablica de dia 18 de janeiro, composta pela Senhora Ju\u00edza Presidente da Comarca, que presidiu - mediante designa\u00e7\u00e3o pela Senhora Presidente do Tribunal da Rela\u00e7\u00e3o de \u00c9vora -, dois juristas, dois professores de matem\u00e1tica, seis presidentes de sec\u00e7\u00e3o de voto e a chefe da secretaria judicial. Incumbem a esta assembleia: 1) A verifica\u00e7\u00e3o do n\u00famero total de eleitores inscritos e de votantes no distrito;2) A verifica\u00e7\u00e3o do n\u00famero total de votos obtidos por cada candidatura, do n\u00famero de votos em branco e do n\u00famero dos votos nulos e,3) Decidir sobre as reclama\u00e7\u00f5es, protestos e contraprotestos que tenham lugar no seu decurso.","og_url":"https:\/\/comarcas.csm.org.pt\/evora\/blog\/2026\/01\/23\/assembleia-de-apuramento-distrital\/","og_site_name":"Tribunal Judicial da Comarca de \u00c9vora","article_published_time":"2026-01-23T14:57:25+00:00","article_modified_time":"2026-03-12T12:08:38+00:00","og_image":[{"width":2560,"height":666,"url":"https:\/\/comarcas.csm.org.pt\/evora\/wp-content\/uploads\/sites\/13\/2025\/06\/1748869864524-scaled.jpg","type":"image\/jpeg"}],"author":"evora","twitter_card":"summary_large_image","twitter_misc":{"Escrito por":"evora","Tempo estimado de leitura":"1 minuto"},"schema":{"@context":"https:\/\/schema.org","@graph":[{"@type":"Article","@id":"https:\/\/comarcas.csm.org.pt\/evora\/blog\/2026\/01\/23\/assembleia-de-apuramento-distrital\/#article","isPartOf":{"@id":"https:\/\/comarcas.csm.org.pt\/evora\/blog\/2026\/01\/23\/assembleia-de-apuramento-distrital\/"},"author":{"name":"evora","@id":"https:\/\/comarcas.csm.org.pt\/evora\/#\/schema\/person\/468ff1b703c7a8094c2e0c1e7d2c2bee"},"headline":"assembleia de Apuramento Distrital- Presidenciais 2026","datePublished":"2026-01-23T14:57:25+00:00","dateModified":"2026-03-12T12:08:38+00:00","mainEntityOfPage":{"@id":"https:\/\/comarcas.csm.org.pt\/evora\/blog\/2026\/01\/23\/assembleia-de-apuramento-distrital\/"},"wordCount":139,"publisher":{"@id":"https:\/\/comarcas.csm.org.pt\/evora\/#organization"},"image":{"@id":"https:\/\/comarcas.csm.org.pt\/evora\/blog\/2026\/01\/23\/assembleia-de-apuramento-distrital\/#primaryimage"},"thumbnailUrl":"https:\/\/comarcas.csm.org.pt\/evora\/wp-content\/uploads\/sites\/13\/2025\/06\/1748869864524-scaled.jpg","articleSection":["Geral"],"inLanguage":"pt-PT"},{"@type":"WebPage","@id":"https:\/\/comarcas.csm.org.pt\/evora\/blog\/2026\/01\/23\/assembleia-de-apuramento-distrital\/","url":"https:\/\/comarcas.csm.org.pt\/evora\/blog\/2026\/01\/23\/assembleia-de-apuramento-distrital\/","name":"assembleia de Apuramento Distrital- Presidenciais 2026 - Tribunal Judicial da Comarca de \u00c9vora","isPartOf":{"@id":"https:\/\/comarcas.csm.org.pt\/evora\/#website"},"primaryImageOfPage":{"@id":"https:\/\/comarcas.csm.org.pt\/evora\/blog\/2026\/01\/23\/assembleia-de-apuramento-distrital\/#primaryimage"},"image":{"@id":"https:\/\/comarcas.csm.org.pt\/evora\/blog\/2026\/01\/23\/assembleia-de-apuramento-distrital\/#primaryimage"},"thumbnailUrl":"https:\/\/comarcas.csm.org.pt\/evora\/wp-content\/uploads\/sites\/13\/2025\/06\/1748869864524-scaled.jpg","datePublished":"2026-01-23T14:57:25+00:00","dateModified":"2026-03-12T12:08:38+00:00","description":"No passado dia 19 de Janeiro, decorreu a Assembleia de Apuramento Distrital de \u00c9vora no \u00e2mbito das elei\u00e7\u00f5es para o Presidente da Rep\u00fablica de dia 18 de janeiro, composta pela Senhora Ju\u00edza Presidente da Comarca, que presidiu - mediante designa\u00e7\u00e3o pela Senhora Presidente do Tribunal da Rela\u00e7\u00e3o de \u00c9vora -, dois juristas, dois professores de matem\u00e1tica, seis presidentes de sec\u00e7\u00e3o de voto e a chefe da secretaria judicial. Incumbem a esta assembleia: 1) A verifica\u00e7\u00e3o do n\u00famero total de eleitores inscritos e de votantes no distrito;2) A verifica\u00e7\u00e3o do n\u00famero total de votos obtidos por cada candidatura, do n\u00famero de votos em branco e do n\u00famero dos votos nulos e,3) Decidir sobre as reclama\u00e7\u00f5es, protestos e contraprotestos que tenham lugar no seu decurso.","breadcrumb":{"@id":"https:\/\/comarcas.csm.org.pt\/evora\/blog\/2026\/01\/23\/assembleia-de-apuramento-distrital\/#breadcrumb"},"inLanguage":"pt-PT","potentialAction":[{"@type":"ReadAction","target":["https:\/\/comarcas.csm.org.pt\/evora\/blog\/2026\/01\/23\/assembleia-de-apuramento-distrital\/"]}]},{"@type":"ImageObject","inLanguage":"pt-PT","@id":"https:\/\/comarcas.csm.org.pt\/evora\/blog\/2026\/01\/23\/assembleia-de-apuramento-distrital\/#primaryimage","url":"https:\/\/comarcas.csm.org.pt\/evora\/wp-content\/uploads\/sites\/13\/2025\/06\/1748869864524-scaled.jpg","contentUrl":"https:\/\/comarcas.csm.org.pt\/evora\/wp-content\/uploads\/sites\/13\/2025\/06\/1748869864524-scaled.jpg","width":2560,"height":666},{"@type":"BreadcrumbList","@id":"https:\/\/comarcas.csm.org.pt\/evora\/blog\/2026\/01\/23\/assembleia-de-apuramento-distrital\/#breadcrumb","itemListElement":[{"@type":"ListItem","position":1,"name":"In\u00edcio","item":"https:\/\/comarcas.csm.org.pt\/evora\/"},{"@type":"ListItem","position":2,"name":"assembleia de Apuramento Distrital- Presidenciais 2026"}]},{"@type":"WebSite","@id":"https:\/\/comarcas.csm.org.pt\/evora\/#website","url":"https:\/\/comarcas.csm.org.pt\/evora\/","name":"Tribunal Judicial da Comarca de \u00c9vora","description":"Tribunal Judicial da Comarca de Aveiro","publisher":{"@id":"https:\/\/comarcas.csm.org.pt\/evora\/#organization"},"potentialAction":[{"@type":"SearchAction","target":{"@type":"EntryPoint","urlTemplate":"https:\/\/comarcas.csm.org.pt\/evora\/?s={search_term_string}"},"query-input":{"@type":"PropertyValueSpecification","valueRequired":true,"valueName":"search_term_string"}}],"inLanguage":"pt-PT"},{"@type":"Organization","@id":"https:\/\/comarcas.csm.org.pt\/evora\/#organization","name":"Tribunal Judicial da Comarca de \u00c9vora","url":"https:\/\/comarcas.csm.org.pt\/evora\/","logo":{"@type":"ImageObject","inLanguage":"pt-PT","@id":"https:\/\/comarcas.csm.org.pt\/evora\/#\/schema\/logo\/image\/","url":"https:\/\/comarcas.csm.org.pt\/evora\/wp-content\/uploads\/sites\/13\/2024\/11\/Evora_positivo-horizontal.png","contentUrl":"https:\/\/comarcas.csm.org.pt\/evora\/wp-content\/uploads\/sites\/13\/2024\/11\/Evora_positivo-horizontal.png","width":4790,"height":973,"caption":"Tribunal Judicial da Comarca de \u00c9vora"},"image":{"@id":"https:\/\/comarcas.csm.org.pt\/evora\/#\/schema\/logo\/image\/"}},{"@type":"Person","@id":"https:\/\/comarcas.csm.org.pt\/evora\/#\/schema\/person\/468ff1b703c7a8094c2e0c1e7d2c2bee","name":"evora","image":{"@type":"ImageObject","inLanguage":"pt-PT","@id":"https:\/\/comarcas.csm.org.pt\/evora\/#\/schema\/person\/image\/","url":"https:\/\/secure.gravatar.com\/avatar\/ae5c10ad87163e45dde7f819e16bbdc167a152cb57fdc3734413626ae847e16f?s=96&d=mm&r=g","contentUrl":"https:\/\/secure.gravatar.com\/avatar\/ae5c10ad87163e45dde7f819e16bbdc167a152cb57fdc3734413626ae847e16f?s=96&d=mm&r=g","caption":"evora"},"url":"https:\/\/comarcas.csm.org.pt\/evora\/blog\/author\/evora\/"}]}},"_links":{"self":[{"href":"https:\/\/comarcas.csm.org.pt\/evora\/wp-json\/wp\/v2\/posts\/12815","targetHints":{"allow":["GET"]}}],"collection":[{"href":"https:\/\/comarcas.csm.org.pt\/evora\/wp-json\/wp\/v2\/posts"}],"about":[{"href":"https:\/\/comarcas.csm.org.pt\/evora\/wp-json\/wp\/v2\/types\/post"}],"author":[{"embeddable":true,"href":"https:\/\/comarcas.csm.org.pt\/evora\/wp-json\/wp\/v2\/users\/13"}],"replies":[{"embeddable":true,"href":"https:\/\/comarcas.csm.org.pt\/evora\/wp-json\/wp\/v2\/comments?post=12815"}],"version-history":[{"count":8,"href":"https:\/\/comarcas.csm.org.pt\/evora\/wp-json\/wp\/v2\/posts\/12815\/revisions"}],"predecessor-version":[{"id":12847,"href":"https:\/\/comarcas.csm.org.pt\/evora\/wp-json\/wp\/v2\/posts\/12815\/revisions\/12847"}],"wp:featuredmedia":[{"embeddable":true,"href":"https:\/\/comarcas.csm.org.pt\/evora\/wp-json\/wp\/v2\/media\/12364"}],"wp:attachment":[{"href":"https:\/\/comarcas.csm.org.pt\/evora\/wp-json\/wp\/v2\/media?parent=12815"}],"wp:term":[{"taxonomy":"category","embeddable":true,"href":"https:\/\/comarcas.csm.org.pt\/evora\/wp-json\/wp\/v2\/categories?post=12815"},{"taxonomy":"post_tag","embeddable":true,"href":"https:\/\/comarcas.csm.org.pt\/evora\/wp-json\/wp\/v2\/tags?post=12815"}],"curies":[{"name":"wp","href":"https:\/\/api.w.org\/{rel}","templated":true}]}}