{"id":12850,"date":"2026-03-24T14:47:20","date_gmt":"2026-03-24T14:47:20","guid":{"rendered":"https:\/\/comarcas.csm.org.pt\/evora\/?p=12850"},"modified":"2026-03-24T15:00:26","modified_gmt":"2026-03-24T15:00:26","slug":"ii-sessao-de-trabalho-colaborativo","status":"publish","type":"post","link":"https:\/\/comarcas.csm.org.pt\/evora\/blog\/2026\/03\/24\/ii-sessao-de-trabalho-colaborativo\/","title":{"rendered":"II Sess\u00e3o de Trabalho Colaborativo"},"content":{"rendered":"\t\t<div data-elementor-type=\"wp-post\" data-elementor-id=\"12850\" class=\"elementor elementor-12850\" data-elementor-post-type=\"post\">\n\t\t\t\t<div class=\"elementor-element elementor-element-0ab74c7 e-flex e-con-boxed e-con e-parent\" data-id=\"0ab74c7\" data-element_type=\"container\">\n\t\t\t\t\t<div class=\"e-con-inner\">\n\t\t\t\t<div class=\"elementor-element elementor-element-5e0cbf3 elementor-widget elementor-widget-text-editor\" data-id=\"5e0cbf3\" data-element_type=\"widget\" data-widget_type=\"text-editor.default\">\n\t\t\t\t<div class=\"elementor-widget-container\">\n\t\t\t\t\t\t\t\t\t<p>No passado dia 10 de mar\u00e7o, decorreu a II Sess\u00e3o de Trabalho Colaborativo subordinada ao tema <u>\u00abA Interven\u00e7\u00e3o junto dos Agressores no Contexto de Viol\u00eancia Dom\u00e9stica<\/u>\u00bb, no Sal\u00e3o Nobre do Teatro Garcia de Resende.\u00a0<\/p><p>Estas sess\u00f5es colaborativas, impulsionadas e organizadas pelo Munic\u00edpio de \u00c9vora, pretendem reunir todas as entidades que atuam no Concelho no \u00e2mbito da viol\u00eancia dom\u00e9stica, visando clarificar procedimentos, agilizar a comunica\u00e7\u00e3o entre estas, compreender as possibilidades e compet\u00eancias de interven\u00e7\u00e3o das v\u00e1rias entidades envolvidas e propor medidas de melhor atua\u00e7\u00e3o junto da v\u00edtima e do agressor, bem como da comunidade em geral.\u00a0<\/p><p>Estiveram presentes as seguintes entidades:\u00a0\u00a0<\/p><p>Tribunal Judicial da Comarca de \u00c9vora<\/p><p>Minist\u00e9rio P\u00fablico &#8211; Procuradoria da Rep\u00fablica da Comarca de \u00c9vora<\/p><p>Munic\u00edpio de \u00c9vora<\/p><p>Associa\u00e7\u00e3o Ch\u00e3o dos Meninos<\/p><p>Associa\u00e7\u00e3o Ser Mulher<\/p><p>Centro de Respostas Integradas do Alentejo Central<\/p><p>CPCJ \u00c9vora<\/p><p>Dire\u00e7\u00e3o Geral de Reinser\u00e7\u00e3o e Servi\u00e7os Prisionais<\/p><p>Dire\u00e7\u00e3o-Geral da Sa\u00fade \u2013 Delega\u00e7\u00e3o Regional Sa\u00fade Alentejo<\/p><p>N\u00facleo de Apoio \u00e0 V\u00edtima \u2013 C\u00e1ritas Arquidiocesana de \u00c9vora;<\/p><p>Pol\u00edcia de Seguran\u00e7a P\u00fablica<\/p><p>Seguran\u00e7a Social \u2013 \u00c9vora<\/p><p>Unidade de Cuidados na Comunidade &#8211; Equipa para a Preven\u00e7\u00e3o da Viol\u00eancia em Adultos<\/p>\t\t\t\t\t\t\t\t<\/div>\n\t\t\t\t<\/div>\n\t\t\t\t\t<\/div>\n\t\t\t\t<\/div>\n\t\t<div class=\"elementor-element elementor-element-9272a25 e-flex e-con-boxed e-con e-parent\" data-id=\"9272a25\" data-element_type=\"container\">\n\t\t\t\t\t<div class=\"e-con-inner\">\n\t\t\t\t<div class=\"elementor-element elementor-element-d94fc1a elementor-widget elementor-widget-image\" data-id=\"d94fc1a\" data-element_type=\"widget\" data-widget_type=\"image.default\">\n\t\t\t\t<div class=\"elementor-widget-container\">\n\t\t\t\t\t\t\t\t\t\t\t\t\t\t\t<img fetchpriority=\"high\" decoding=\"async\" width=\"1024\" height=\"577\" src=\"https:\/\/comarcas.csm.org.pt\/evora\/wp-content\/uploads\/sites\/13\/2026\/03\/sessao_VDfoto-1024x577.jpg\" class=\"attachment-large size-large wp-image-12856\" alt=\"\" srcset=\"https:\/\/comarcas.csm.org.pt\/evora\/wp-content\/uploads\/sites\/13\/2026\/03\/sessao_VDfoto-1024x577.jpg 1024w, https:\/\/comarcas.csm.org.pt\/evora\/wp-content\/uploads\/sites\/13\/2026\/03\/sessao_VDfoto-300x169.jpg 300w, https:\/\/comarcas.csm.org.pt\/evora\/wp-content\/uploads\/sites\/13\/2026\/03\/sessao_VDfoto-768x432.jpg 768w, https:\/\/comarcas.csm.org.pt\/evora\/wp-content\/uploads\/sites\/13\/2026\/03\/sessao_VDfoto-1536x865.jpg 1536w, https:\/\/comarcas.csm.org.pt\/evora\/wp-content\/uploads\/sites\/13\/2026\/03\/sessao_VDfoto.jpg 2000w\" sizes=\"(max-width: 1024px) 100vw, 1024px\" \/>\t\t\t\t\t\t\t\t\t\t\t\t\t\t\t<\/div>\n\t\t\t\t<\/div>\n\t\t\t\t\t<\/div>\n\t\t\t\t<\/div>\n\t\t\t\t<\/div>\n\t\t","protected":false},"excerpt":{"rendered":"<p>No passado dia 10 de mar\u00e7o, decorreu a II Sess\u00e3o de Trabalho Colaborativo subordinada ao tema \u00abA Interven\u00e7\u00e3o junto dos Agressores no Contexto de Viol\u00eancia Dom\u00e9stica\u00bb, no Sal\u00e3o Nobre do Teatro Garcia de Resende.\u00a0 Estas&#8230;<\/p>\n","protected":false},"author":13,"featured_media":0,"comment_status":"closed","ping_status":"open","sticky":false,"template":"","format":"standard","meta":{"_tbt_post_transparent":"","_tbt_post_title":"","_tbt_post_layout":"","_tbt_post_sidebar_id":"","_tbt_post_content_style":"","_tbt_post_vertical_padding":"","_tbt_post_feature":"","_tbt_post_feature_position":"","_tbt_post_header":false,"_tbt_post_footer":false},"categories":[1],"tags":[],"class_list":["post-12850","post","type-post","status-publish","format-standard","hentry","category-geral"],"yoast_head":"<!-- This site is optimized with the Yoast SEO plugin v25.6 - https:\/\/yoast.com\/wordpress\/plugins\/seo\/ -->\n<title>II Sess\u00e3o de Trabalho Colaborativo - Tribunal Judicial da Comarca de \u00c9vora<\/title>\n<meta name=\"robots\" content=\"index, follow, max-snippet:-1, max-image-preview:large, max-video-preview:-1\" \/>\n<link rel=\"canonical\" href=\"https:\/\/comarcas.csm.org.pt\/evora\/blog\/2026\/03\/24\/ii-sessao-de-trabalho-colaborativo\/\" \/>\n<meta property=\"og:locale\" content=\"pt_PT\" \/>\n<meta property=\"og:type\" content=\"article\" \/>\n<meta property=\"og:title\" content=\"II Sess\u00e3o de Trabalho Colaborativo - Tribunal Judicial da Comarca de \u00c9vora\" \/>\n<meta property=\"og:description\" content=\"No passado dia 10 de mar\u00e7o, decorreu a II Sess\u00e3o de Trabalho Colaborativo subordinada ao tema \u00abA Interven\u00e7\u00e3o junto dos Agressores no Contexto de Viol\u00eancia Dom\u00e9stica\u00bb, no Sal\u00e3o Nobre do Teatro Garcia de Resende.\u00a0 Estas...\" \/>\n<meta property=\"og:url\" content=\"https:\/\/comarcas.csm.org.pt\/evora\/blog\/2026\/03\/24\/ii-sessao-de-trabalho-colaborativo\/\" \/>\n<meta property=\"og:site_name\" content=\"Tribunal Judicial da Comarca de \u00c9vora\" \/>\n<meta property=\"article:published_time\" content=\"2026-03-24T14:47:20+00:00\" \/>\n<meta property=\"article:modified_time\" content=\"2026-03-24T15:00:26+00:00\" \/>\n<meta property=\"og:image\" content=\"https:\/\/comarcas.csm.org.pt\/evora\/wp-content\/uploads\/sites\/13\/2026\/03\/sessao_VDfoto-1024x577.jpg\" \/>\n<meta name=\"author\" content=\"evora\" \/>\n<meta name=\"twitter:card\" content=\"summary_large_image\" \/>\n<meta name=\"twitter:label1\" content=\"Escrito por\" \/>\n\t<meta name=\"twitter:data1\" content=\"evora\" \/>\n\t<meta name=\"twitter:label2\" content=\"Tempo estimado de leitura\" \/>\n\t<meta name=\"twitter:data2\" content=\"2 minutos\" \/>\n<script type=\"application\/ld+json\" class=\"yoast-schema-graph\">{\"@context\":\"https:\/\/schema.org\",\"@graph\":[{\"@type\":\"Article\",\"@id\":\"https:\/\/comarcas.csm.org.pt\/evora\/blog\/2026\/03\/24\/ii-sessao-de-trabalho-colaborativo\/#article\",\"isPartOf\":{\"@id\":\"https:\/\/comarcas.csm.org.pt\/evora\/blog\/2026\/03\/24\/ii-sessao-de-trabalho-colaborativo\/\"},\"author\":{\"name\":\"evora\",\"@id\":\"https:\/\/comarcas.csm.org.pt\/evora\/#\/schema\/person\/468ff1b703c7a8094c2e0c1e7d2c2bee\"},\"headline\":\"II Sess\u00e3o de Trabalho Colaborativo\",\"datePublished\":\"2026-03-24T14:47:20+00:00\",\"dateModified\":\"2026-03-24T15:00:26+00:00\",\"mainEntityOfPage\":{\"@id\":\"https:\/\/comarcas.csm.org.pt\/evora\/blog\/2026\/03\/24\/ii-sessao-de-trabalho-colaborativo\/\"},\"wordCount\":222,\"publisher\":{\"@id\":\"https:\/\/comarcas.csm.org.pt\/evora\/#organization\"},\"image\":{\"@id\":\"https:\/\/comarcas.csm.org.pt\/evora\/blog\/2026\/03\/24\/ii-sessao-de-trabalho-colaborativo\/#primaryimage\"},\"thumbnailUrl\":\"https:\/\/comarcas.csm.org.pt\/evora\/wp-content\/uploads\/sites\/13\/2026\/03\/sessao_VDfoto-1024x577.jpg\",\"articleSection\":[\"Geral\"],\"inLanguage\":\"pt-PT\"},{\"@type\":\"WebPage\",\"@id\":\"https:\/\/comarcas.csm.org.pt\/evora\/blog\/2026\/03\/24\/ii-sessao-de-trabalho-colaborativo\/\",\"url\":\"https:\/\/comarcas.csm.org.pt\/evora\/blog\/2026\/03\/24\/ii-sessao-de-trabalho-colaborativo\/\",\"name\":\"II Sess\u00e3o de Trabalho Colaborativo - Tribunal Judicial da Comarca de \u00c9vora\",\"isPartOf\":{\"@id\":\"https:\/\/comarcas.csm.org.pt\/evora\/#website\"},\"primaryImageOfPage\":{\"@id\":\"https:\/\/comarcas.csm.org.pt\/evora\/blog\/2026\/03\/24\/ii-sessao-de-trabalho-colaborativo\/#primaryimage\"},\"image\":{\"@id\":\"https:\/\/comarcas.csm.org.pt\/evora\/blog\/2026\/03\/24\/ii-sessao-de-trabalho-colaborativo\/#primaryimage\"},\"thumbnailUrl\":\"https:\/\/comarcas.csm.org.pt\/evora\/wp-content\/uploads\/sites\/13\/2026\/03\/sessao_VDfoto-1024x577.jpg\",\"datePublished\":\"2026-03-24T14:47:20+00:00\",\"dateModified\":\"2026-03-24T15:00:26+00:00\",\"breadcrumb\":{\"@id\":\"https:\/\/comarcas.csm.org.pt\/evora\/blog\/2026\/03\/24\/ii-sessao-de-trabalho-colaborativo\/#breadcrumb\"},\"inLanguage\":\"pt-PT\",\"potentialAction\":[{\"@type\":\"ReadAction\",\"target\":[\"https:\/\/comarcas.csm.org.pt\/evora\/blog\/2026\/03\/24\/ii-sessao-de-trabalho-colaborativo\/\"]}]},{\"@type\":\"ImageObject\",\"inLanguage\":\"pt-PT\",\"@id\":\"https:\/\/comarcas.csm.org.pt\/evora\/blog\/2026\/03\/24\/ii-sessao-de-trabalho-colaborativo\/#primaryimage\",\"url\":\"https:\/\/comarcas.csm.org.pt\/evora\/wp-content\/uploads\/sites\/13\/2026\/03\/sessao_VDfoto.jpg\",\"contentUrl\":\"https:\/\/comarcas.csm.org.pt\/evora\/wp-content\/uploads\/sites\/13\/2026\/03\/sessao_VDfoto.jpg\",\"width\":2000,\"height\":1126},{\"@type\":\"BreadcrumbList\",\"@id\":\"https:\/\/comarcas.csm.org.pt\/evora\/blog\/2026\/03\/24\/ii-sessao-de-trabalho-colaborativo\/#breadcrumb\",\"itemListElement\":[{\"@type\":\"ListItem\",\"position\":1,\"name\":\"In\u00edcio\",\"item\":\"https:\/\/comarcas.csm.org.pt\/evora\/\"},{\"@type\":\"ListItem\",\"position\":2,\"name\":\"II Sess\u00e3o de Trabalho Colaborativo\"}]},{\"@type\":\"WebSite\",\"@id\":\"https:\/\/comarcas.csm.org.pt\/evora\/#website\",\"url\":\"https:\/\/comarcas.csm.org.pt\/evora\/\",\"name\":\"Tribunal Judicial da Comarca de \u00c9vora\",\"description\":\"Tribunal Judicial da Comarca de Aveiro\",\"publisher\":{\"@id\":\"https:\/\/comarcas.csm.org.pt\/evora\/#organization\"},\"potentialAction\":[{\"@type\":\"SearchAction\",\"target\":{\"@type\":\"EntryPoint\",\"urlTemplate\":\"https:\/\/comarcas.csm.org.pt\/evora\/?s={search_term_string}\"},\"query-input\":{\"@type\":\"PropertyValueSpecification\",\"valueRequired\":true,\"valueName\":\"search_term_string\"}}],\"inLanguage\":\"pt-PT\"},{\"@type\":\"Organization\",\"@id\":\"https:\/\/comarcas.csm.org.pt\/evora\/#organization\",\"name\":\"Tribunal Judicial da Comarca de \u00c9vora\",\"url\":\"https:\/\/comarcas.csm.org.pt\/evora\/\",\"logo\":{\"@type\":\"ImageObject\",\"inLanguage\":\"pt-PT\",\"@id\":\"https:\/\/comarcas.csm.org.pt\/evora\/#\/schema\/logo\/image\/\",\"url\":\"https:\/\/comarcas.csm.org.pt\/evora\/wp-content\/uploads\/sites\/13\/2024\/11\/Evora_positivo-horizontal.png\",\"contentUrl\":\"https:\/\/comarcas.csm.org.pt\/evora\/wp-content\/uploads\/sites\/13\/2024\/11\/Evora_positivo-horizontal.png\",\"width\":4790,\"height\":973,\"caption\":\"Tribunal Judicial da Comarca de \u00c9vora\"},\"image\":{\"@id\":\"https:\/\/comarcas.csm.org.pt\/evora\/#\/schema\/logo\/image\/\"}},{\"@type\":\"Person\",\"@id\":\"https:\/\/comarcas.csm.org.pt\/evora\/#\/schema\/person\/468ff1b703c7a8094c2e0c1e7d2c2bee\",\"name\":\"evora\",\"image\":{\"@type\":\"ImageObject\",\"inLanguage\":\"pt-PT\",\"@id\":\"https:\/\/comarcas.csm.org.pt\/evora\/#\/schema\/person\/image\/\",\"url\":\"https:\/\/secure.gravatar.com\/avatar\/ae5c10ad87163e45dde7f819e16bbdc167a152cb57fdc3734413626ae847e16f?s=96&d=mm&r=g\",\"contentUrl\":\"https:\/\/secure.gravatar.com\/avatar\/ae5c10ad87163e45dde7f819e16bbdc167a152cb57fdc3734413626ae847e16f?s=96&d=mm&r=g\",\"caption\":\"evora\"},\"url\":\"https:\/\/comarcas.csm.org.pt\/evora\/blog\/author\/evora\/\"}]}<\/script>\n<!-- \/ Yoast SEO plugin. -->","yoast_head_json":{"title":"II Sess\u00e3o de Trabalho Colaborativo - Tribunal Judicial da Comarca de \u00c9vora","robots":{"index":"index","follow":"follow","max-snippet":"max-snippet:-1","max-image-preview":"max-image-preview:large","max-video-preview":"max-video-preview:-1"},"canonical":"https:\/\/comarcas.csm.org.pt\/evora\/blog\/2026\/03\/24\/ii-sessao-de-trabalho-colaborativo\/","og_locale":"pt_PT","og_type":"article","og_title":"II Sess\u00e3o de Trabalho Colaborativo - Tribunal Judicial da Comarca de \u00c9vora","og_description":"No passado dia 10 de mar\u00e7o, decorreu a II Sess\u00e3o de Trabalho Colaborativo subordinada ao tema \u00abA Interven\u00e7\u00e3o junto dos Agressores no Contexto de Viol\u00eancia Dom\u00e9stica\u00bb, no Sal\u00e3o Nobre do Teatro Garcia de Resende.\u00a0 Estas...","og_url":"https:\/\/comarcas.csm.org.pt\/evora\/blog\/2026\/03\/24\/ii-sessao-de-trabalho-colaborativo\/","og_site_name":"Tribunal Judicial da Comarca de \u00c9vora","article_published_time":"2026-03-24T14:47:20+00:00","article_modified_time":"2026-03-24T15:00:26+00:00","og_image":[{"url":"https:\/\/comarcas.csm.org.pt\/evora\/wp-content\/uploads\/sites\/13\/2026\/03\/sessao_VDfoto-1024x577.jpg","type":"","width":"","height":""}],"author":"evora","twitter_card":"summary_large_image","twitter_misc":{"Escrito por":"evora","Tempo estimado de leitura":"2 minutos"},"schema":{"@context":"https:\/\/schema.org","@graph":[{"@type":"Article","@id":"https:\/\/comarcas.csm.org.pt\/evora\/blog\/2026\/03\/24\/ii-sessao-de-trabalho-colaborativo\/#article","isPartOf":{"@id":"https:\/\/comarcas.csm.org.pt\/evora\/blog\/2026\/03\/24\/ii-sessao-de-trabalho-colaborativo\/"},"author":{"name":"evora","@id":"https:\/\/comarcas.csm.org.pt\/evora\/#\/schema\/person\/468ff1b703c7a8094c2e0c1e7d2c2bee"},"headline":"II Sess\u00e3o de Trabalho Colaborativo","datePublished":"2026-03-24T14:47:20+00:00","dateModified":"2026-03-24T15:00:26+00:00","mainEntityOfPage":{"@id":"https:\/\/comarcas.csm.org.pt\/evora\/blog\/2026\/03\/24\/ii-sessao-de-trabalho-colaborativo\/"},"wordCount":222,"publisher":{"@id":"https:\/\/comarcas.csm.org.pt\/evora\/#organization"},"image":{"@id":"https:\/\/comarcas.csm.org.pt\/evora\/blog\/2026\/03\/24\/ii-sessao-de-trabalho-colaborativo\/#primaryimage"},"thumbnailUrl":"https:\/\/comarcas.csm.org.pt\/evora\/wp-content\/uploads\/sites\/13\/2026\/03\/sessao_VDfoto-1024x577.jpg","articleSection":["Geral"],"inLanguage":"pt-PT"},{"@type":"WebPage","@id":"https:\/\/comarcas.csm.org.pt\/evora\/blog\/2026\/03\/24\/ii-sessao-de-trabalho-colaborativo\/","url":"https:\/\/comarcas.csm.org.pt\/evora\/blog\/2026\/03\/24\/ii-sessao-de-trabalho-colaborativo\/","name":"II Sess\u00e3o de Trabalho Colaborativo - Tribunal Judicial da Comarca de \u00c9vora","isPartOf":{"@id":"https:\/\/comarcas.csm.org.pt\/evora\/#website"},"primaryImageOfPage":{"@id":"https:\/\/comarcas.csm.org.pt\/evora\/blog\/2026\/03\/24\/ii-sessao-de-trabalho-colaborativo\/#primaryimage"},"image":{"@id":"https:\/\/comarcas.csm.org.pt\/evora\/blog\/2026\/03\/24\/ii-sessao-de-trabalho-colaborativo\/#primaryimage"},"thumbnailUrl":"https:\/\/comarcas.csm.org.pt\/evora\/wp-content\/uploads\/sites\/13\/2026\/03\/sessao_VDfoto-1024x577.jpg","datePublished":"2026-03-24T14:47:20+00:00","dateModified":"2026-03-24T15:00:26+00:00","breadcrumb":{"@id":"https:\/\/comarcas.csm.org.pt\/evora\/blog\/2026\/03\/24\/ii-sessao-de-trabalho-colaborativo\/#breadcrumb"},"inLanguage":"pt-PT","potentialAction":[{"@type":"ReadAction","target":["https:\/\/comarcas.csm.org.pt\/evora\/blog\/2026\/03\/24\/ii-sessao-de-trabalho-colaborativo\/"]}]},{"@type":"ImageObject","inLanguage":"pt-PT","@id":"https:\/\/comarcas.csm.org.pt\/evora\/blog\/2026\/03\/24\/ii-sessao-de-trabalho-colaborativo\/#primaryimage","url":"https:\/\/comarcas.csm.org.pt\/evora\/wp-content\/uploads\/sites\/13\/2026\/03\/sessao_VDfoto.jpg","contentUrl":"https:\/\/comarcas.csm.org.pt\/evora\/wp-content\/uploads\/sites\/13\/2026\/03\/sessao_VDfoto.jpg","width":2000,"height":1126},{"@type":"BreadcrumbList","@id":"https:\/\/comarcas.csm.org.pt\/evora\/blog\/2026\/03\/24\/ii-sessao-de-trabalho-colaborativo\/#breadcrumb","itemListElement":[{"@type":"ListItem","position":1,"name":"In\u00edcio","item":"https:\/\/comarcas.csm.org.pt\/evora\/"},{"@type":"ListItem","position":2,"name":"II Sess\u00e3o de Trabalho Colaborativo"}]},{"@type":"WebSite","@id":"https:\/\/comarcas.csm.org.pt\/evora\/#website","url":"https:\/\/comarcas.csm.org.pt\/evora\/","name":"Tribunal Judicial da Comarca de \u00c9vora","description":"Tribunal Judicial da Comarca de Aveiro","publisher":{"@id":"https:\/\/comarcas.csm.org.pt\/evora\/#organization"},"potentialAction":[{"@type":"SearchAction","target":{"@type":"EntryPoint","urlTemplate":"https:\/\/comarcas.csm.org.pt\/evora\/?s={search_term_string}"},"query-input":{"@type":"PropertyValueSpecification","valueRequired":true,"valueName":"search_term_string"}}],"inLanguage":"pt-PT"},{"@type":"Organization","@id":"https:\/\/comarcas.csm.org.pt\/evora\/#organization","name":"Tribunal Judicial da Comarca de \u00c9vora","url":"https:\/\/comarcas.csm.org.pt\/evora\/","logo":{"@type":"ImageObject","inLanguage":"pt-PT","@id":"https:\/\/comarcas.csm.org.pt\/evora\/#\/schema\/logo\/image\/","url":"https:\/\/comarcas.csm.org.pt\/evora\/wp-content\/uploads\/sites\/13\/2024\/11\/Evora_positivo-horizontal.png","contentUrl":"https:\/\/comarcas.csm.org.pt\/evora\/wp-content\/uploads\/sites\/13\/2024\/11\/Evora_positivo-horizontal.png","width":4790,"height":973,"caption":"Tribunal Judicial da Comarca de \u00c9vora"},"image":{"@id":"https:\/\/comarcas.csm.org.pt\/evora\/#\/schema\/logo\/image\/"}},{"@type":"Person","@id":"https:\/\/comarcas.csm.org.pt\/evora\/#\/schema\/person\/468ff1b703c7a8094c2e0c1e7d2c2bee","name":"evora","image":{"@type":"ImageObject","inLanguage":"pt-PT","@id":"https:\/\/comarcas.csm.org.pt\/evora\/#\/schema\/person\/image\/","url":"https:\/\/secure.gravatar.com\/avatar\/ae5c10ad87163e45dde7f819e16bbdc167a152cb57fdc3734413626ae847e16f?s=96&d=mm&r=g","contentUrl":"https:\/\/secure.gravatar.com\/avatar\/ae5c10ad87163e45dde7f819e16bbdc167a152cb57fdc3734413626ae847e16f?s=96&d=mm&r=g","caption":"evora"},"url":"https:\/\/comarcas.csm.org.pt\/evora\/blog\/author\/evora\/"}]}},"_links":{"self":[{"href":"https:\/\/comarcas.csm.org.pt\/evora\/wp-json\/wp\/v2\/posts\/12850","targetHints":{"allow":["GET"]}}],"collection":[{"href":"https:\/\/comarcas.csm.org.pt\/evora\/wp-json\/wp\/v2\/posts"}],"about":[{"href":"https:\/\/comarcas.csm.org.pt\/evora\/wp-json\/wp\/v2\/types\/post"}],"author":[{"embeddable":true,"href":"https:\/\/comarcas.csm.org.pt\/evora\/wp-json\/wp\/v2\/users\/13"}],"replies":[{"embeddable":true,"href":"https:\/\/comarcas.csm.org.pt\/evora\/wp-json\/wp\/v2\/comments?post=12850"}],"version-history":[{"count":10,"href":"https:\/\/comarcas.csm.org.pt\/evora\/wp-json\/wp\/v2\/posts\/12850\/revisions"}],"predecessor-version":[{"id":12862,"href":"https:\/\/comarcas.csm.org.pt\/evora\/wp-json\/wp\/v2\/posts\/12850\/revisions\/12862"}],"wp:attachment":[{"href":"https:\/\/comarcas.csm.org.pt\/evora\/wp-json\/wp\/v2\/media?parent=12850"}],"wp:term":[{"taxonomy":"category","embeddable":true,"href":"https:\/\/comarcas.csm.org.pt\/evora\/wp-json\/wp\/v2\/categories?post=12850"},{"taxonomy":"post_tag","embeddable":true,"href":"https:\/\/comarcas.csm.org.pt\/evora\/wp-json\/wp\/v2\/tags?post=12850"}],"curies":[{"name":"wp","href":"https:\/\/api.w.org\/{rel}","templated":true}]}}