{"id":13605,"date":"2025-05-14T18:27:10","date_gmt":"2025-05-14T18:27:10","guid":{"rendered":"https:\/\/comarcas.csm.org.pt\/faro\/?p=13605"},"modified":"2025-05-15T14:00:48","modified_gmt":"2025-05-15T14:00:48","slug":"comunicado-a-imprensa-processo-591-23-8gbtvr-pn-processo-comum-tribunal-do-juri","status":"publish","type":"post","link":"https:\/\/comarcas.csm.org.pt\/faro\/blog\/2025\/05\/14\/comunicado-a-imprensa-processo-591-23-8gbtvr-pn-processo-comum-tribunal-do-juri\/","title":{"rendered":"Comunicado \u00e0 Imprensa &#8211; Processo: 591\/23.8GBTVR (pn) Processo Comum (Tribunal do J\u00fari)"},"content":{"rendered":"\t\t<div data-elementor-type=\"wp-post\" data-elementor-id=\"13605\" class=\"elementor elementor-13605\" data-elementor-post-type=\"post\">\n\t\t\t\t<div class=\"elementor-element elementor-element-94a7e3d e-flex e-con-boxed e-con e-parent\" data-id=\"94a7e3d\" data-element_type=\"container\">\n\t\t\t\t\t<div class=\"e-con-inner\">\n\t\t\t\t<div class=\"elementor-element elementor-element-c04a318 elementor-widget elementor-widget-heading\" data-id=\"c04a318\" data-element_type=\"widget\" data-widget_type=\"heading.default\">\n\t\t\t\t<div class=\"elementor-widget-container\">\n\t\t\t\t\t<h2 class=\"elementor-heading-title elementor-size-default\">COMUNICADO \u00e0 IMPRENSA<\/h2>\t\t\t\t<\/div>\n\t\t\t\t<\/div>\n\t\t\t\t<div class=\"elementor-element elementor-element-50689a6 elementor-widget-divider--view-line elementor-widget elementor-widget-divider\" data-id=\"50689a6\" data-element_type=\"widget\" data-widget_type=\"divider.default\">\n\t\t\t\t<div class=\"elementor-widget-container\">\n\t\t\t\t\t\t\t<div class=\"elementor-divider\">\n\t\t\t<span class=\"elementor-divider-separator\">\n\t\t\t\t\t\t<\/span>\n\t\t<\/div>\n\t\t\t\t\t\t<\/div>\n\t\t\t\t<\/div>\n\t\t\t\t<div class=\"elementor-element elementor-element-9419709 elementor-widget elementor-widget-heading\" data-id=\"9419709\" data-element_type=\"widget\" data-widget_type=\"heading.default\">\n\t\t\t\t<div class=\"elementor-widget-container\">\n\t\t\t\t\t<h2 class=\"elementor-heading-title elementor-size-default\">Tribunal Judicial da Comarca de Faro, Ju\u00edzo Central Criminal de Faro - Juiz 5 - <p>\nProcesso: 591\/23.8GBTVR (pn) Processo Comum (Tribunal do J\u00fari)<\/h2>\t\t\t\t<\/div>\n\t\t\t\t<\/div>\n\t\t\t\t<div class=\"elementor-element elementor-element-70bdd9e elementor-widget elementor-widget-text-editor\" data-id=\"70bdd9e\" data-element_type=\"widget\" data-widget_type=\"text-editor.default\">\n\t\t\t\t<div class=\"elementor-widget-container\">\n\t\t\t\t\t\t\t\t\t<p>Por determina\u00e7\u00e3o do Juiz Presidente do Tribunal Judicial da Comarca de Faro, Juiz Desembargador Henrique Pav\u00e3o, divulga-se o presente Comunicado \u00e0 Imprensa, (extrato) do Ac\u00f3rd\u00e3o, relativo ao processo, supra:<\/p>\n<p>\u201c(\u2026) Acordam os Ju\u00edzes e Jurados que integram este Tribunal de J\u00fari, em:<\/p>\n<p>a) Condenar o Arguido pela pr\u00e1tica de um crime de homic\u00eddio, p. e p. pelo artigo 131.\u00ba do C\u00f3digo Penal, na pena especialmente atenuada (artigos 72.\u00ba e 73.\u00ba, n.\u00ba 1, al. a) e b), do C\u00f3digo Penal, e o artigo 4.\u00ba do DL 401\/82, de 23\/09) de cinco anos de pris\u00e3o;<br><span style=\"letter-spacing: 0.3px\">b) Declarar a suspens\u00e3o da aludida pena de pris\u00e3o pelo per\u00edodo de cinco anos, acompanhada de regime de prova, (\u2026)\u201d.<\/span><\/p>\n<p style=\"text-align: right\">in Ac\u00f3rd\u00e3o de 14\/05\/2025<\/p>\t\t\t\t\t\t\t\t<\/div>\n\t\t\t\t<\/div>\n\t\t\t\t<div class=\"elementor-element elementor-element-251a575 elementor-widget-divider--view-line elementor-widget elementor-widget-divider\" data-id=\"251a575\" data-element_type=\"widget\" data-widget_type=\"divider.default\">\n\t\t\t\t<div class=\"elementor-widget-container\">\n\t\t\t\t\t\t\t<div class=\"elementor-divider\">\n\t\t\t<span class=\"elementor-divider-separator\">\n\t\t\t\t\t\t<\/span>\n\t\t<\/div>\n\t\t\t\t\t\t<\/div>\n\t\t\t\t<\/div>\n\t\t\t\t<div class=\"elementor-element elementor-element-e05bf0a elementor-widget elementor-widget-heading\" data-id=\"e05bf0a\" data-element_type=\"widget\" data-widget_type=\"heading.default\">\n\t\t\t\t<div class=\"elementor-widget-container\">\n\t\t\t\t\t<h2 class=\"elementor-heading-title elementor-size-default\"><a href=\"https:\/\/jurisprudencia.csm.org.pt\/ecli\/ECLI:PT:TJFAR:2025:591.23.8GBTVR\/\">ECLI \u00b7 European Case Law Identifier -  Ac\u00f3rd\u00e3o Publicado [15\/05\/2025]<\/a><\/h2>\t\t\t\t<\/div>\n\t\t\t\t<\/div>\n\t\t\t\t<div class=\"elementor-element elementor-element-84e599b elementor-widget elementor-widget-image\" data-id=\"84e599b\" data-element_type=\"widget\" data-widget_type=\"image.default\">\n\t\t\t\t<div class=\"elementor-widget-container\">\n\t\t\t\t\t\t\t\t\t\t\t\t\t\t\t<img fetchpriority=\"high\" decoding=\"async\" width=\"768\" height=\"768\" src=\"https:\/\/comarcas.csm.org.pt\/faro\/wp-content\/uploads\/sites\/14\/2025\/05\/Acordao-Prisao-Suspensa-768x768.png\" class=\"attachment-medium_large size-medium_large wp-image-13607\" alt=\"\" srcset=\"https:\/\/comarcas.csm.org.pt\/faro\/wp-content\/uploads\/sites\/14\/2025\/05\/Acordao-Prisao-Suspensa-768x768.png 768w, https:\/\/comarcas.csm.org.pt\/faro\/wp-content\/uploads\/sites\/14\/2025\/05\/Acordao-Prisao-Suspensa-300x300.png 300w, https:\/\/comarcas.csm.org.pt\/faro\/wp-content\/uploads\/sites\/14\/2025\/05\/Acordao-Prisao-Suspensa-150x150.png 150w, https:\/\/comarcas.csm.org.pt\/faro\/wp-content\/uploads\/sites\/14\/2025\/05\/Acordao-Prisao-Suspensa.png 1024w\" sizes=\"(max-width: 768px) 100vw, 768px\" \/>\t\t\t\t\t\t\t\t\t\t\t\t\t\t\t<\/div>\n\t\t\t\t<\/div>\n\t\t\t\t\t<\/div>\n\t\t\t\t<\/div>\n\t\t\t\t<\/div>\n\t\t","protected":false},"excerpt":{"rendered":"<p>COMUNICADO \u00e0 IMPRENSA Tribunal Judicial da Comarca de Faro, Ju\u00edzo Central Criminal de Faro &#8211; Juiz 5 &#8211; Processo: 591\/23.8GBTVR (pn) Processo Comum (Tribunal do J\u00fari) Por determina\u00e7\u00e3o do Juiz Presidente do Tribunal Judicial da&#8230;<\/p>\n","protected":false},"author":14,"featured_media":0,"comment_status":"closed","ping_status":"open","sticky":false,"template":"","format":"standard","meta":{"_tbt_post_transparent":"","_tbt_post_title":"hide","_tbt_post_layout":"default","_tbt_post_sidebar_id":"","_tbt_post_content_style":"","_tbt_post_vertical_padding":"","_tbt_post_feature":"","_tbt_post_feature_position":"","_tbt_post_header":false,"_tbt_post_footer":false},"categories":[62,61],"tags":[],"class_list":["post-13605","post","type-post","status-publish","format-standard","hentry","category-acordaos-sentencas-decisoes","category-comunicado-a-imprensa"],"yoast_head":"<!-- This site is optimized with the Yoast SEO plugin v25.6 - https:\/\/yoast.com\/wordpress\/plugins\/seo\/ -->\n<title>Comunicado \u00e0 Imprensa - Processo: 591\/23.8GBTVR (pn) Processo Comum (Tribunal do J\u00fari) - Tribunal Judicial da Comarca de Faro<\/title>\n<meta name=\"robots\" content=\"index, follow, max-snippet:-1, max-image-preview:large, max-video-preview:-1\" \/>\n<link rel=\"canonical\" href=\"https:\/\/comarcas.csm.org.pt\/faro\/blog\/2025\/05\/14\/comunicado-a-imprensa-processo-591-23-8gbtvr-pn-processo-comum-tribunal-do-juri\/\" \/>\n<meta property=\"og:locale\" content=\"pt_PT\" \/>\n<meta property=\"og:type\" content=\"article\" \/>\n<meta property=\"og:title\" content=\"Comunicado \u00e0 Imprensa - Processo: 591\/23.8GBTVR (pn) Processo Comum (Tribunal do J\u00fari) - Tribunal Judicial da Comarca de Faro\" \/>\n<meta property=\"og:description\" content=\"COMUNICADO \u00e0 IMPRENSA Tribunal Judicial da Comarca de Faro, Ju\u00edzo Central Criminal de Faro &#8211; Juiz 5 &#8211; Processo: 591\/23.8GBTVR (pn) Processo Comum (Tribunal do J\u00fari) Por determina\u00e7\u00e3o do Juiz Presidente do Tribunal Judicial da...\" \/>\n<meta property=\"og:url\" content=\"https:\/\/comarcas.csm.org.pt\/faro\/blog\/2025\/05\/14\/comunicado-a-imprensa-processo-591-23-8gbtvr-pn-processo-comum-tribunal-do-juri\/\" \/>\n<meta property=\"og:site_name\" content=\"Tribunal Judicial da Comarca de Faro\" \/>\n<meta property=\"article:published_time\" content=\"2025-05-14T18:27:10+00:00\" \/>\n<meta property=\"article:modified_time\" content=\"2025-05-15T14:00:48+00:00\" \/>\n<meta property=\"og:image\" content=\"https:\/\/comarcas.csm.org.pt\/faro\/wp-content\/uploads\/sites\/14\/2025\/05\/Acordao-Prisao-Suspensa.png\" \/>\n\t<meta property=\"og:image:width\" content=\"1024\" \/>\n\t<meta property=\"og:image:height\" content=\"1024\" \/>\n\t<meta property=\"og:image:type\" content=\"image\/png\" \/>\n<meta name=\"author\" content=\"faro\" \/>\n<meta name=\"twitter:card\" content=\"summary_large_image\" \/>\n<meta name=\"twitter:label1\" content=\"Escrito por\" \/>\n\t<meta name=\"twitter:data1\" content=\"faro\" \/>\n\t<meta name=\"twitter:label2\" content=\"Tempo estimado de leitura\" \/>\n\t<meta name=\"twitter:data2\" content=\"2 minutos\" \/>\n<script type=\"application\/ld+json\" class=\"yoast-schema-graph\">{\"@context\":\"https:\/\/schema.org\",\"@graph\":[{\"@type\":\"Article\",\"@id\":\"https:\/\/comarcas.csm.org.pt\/faro\/blog\/2025\/05\/14\/comunicado-a-imprensa-processo-591-23-8gbtvr-pn-processo-comum-tribunal-do-juri\/#article\",\"isPartOf\":{\"@id\":\"https:\/\/comarcas.csm.org.pt\/faro\/blog\/2025\/05\/14\/comunicado-a-imprensa-processo-591-23-8gbtvr-pn-processo-comum-tribunal-do-juri\/\"},\"author\":{\"name\":\"faro\",\"@id\":\"https:\/\/comarcas.csm.org.pt\/faro\/#\/schema\/person\/80181d144b1a338779e96e5c22041079\"},\"headline\":\"Comunicado \u00e0 Imprensa &#8211; Processo: 591\/23.8GBTVR (pn) Processo Comum (Tribunal do J\u00fari)\",\"datePublished\":\"2025-05-14T18:27:10+00:00\",\"dateModified\":\"2025-05-15T14:00:48+00:00\",\"mainEntityOfPage\":{\"@id\":\"https:\/\/comarcas.csm.org.pt\/faro\/blog\/2025\/05\/14\/comunicado-a-imprensa-processo-591-23-8gbtvr-pn-processo-comum-tribunal-do-juri\/\"},\"wordCount\":170,\"publisher\":{\"@id\":\"https:\/\/comarcas.csm.org.pt\/faro\/#organization\"},\"image\":{\"@id\":\"https:\/\/comarcas.csm.org.pt\/faro\/blog\/2025\/05\/14\/comunicado-a-imprensa-processo-591-23-8gbtvr-pn-processo-comum-tribunal-do-juri\/#primaryimage\"},\"thumbnailUrl\":\"https:\/\/comarcas.csm.org.pt\/faro\/wp-content\/uploads\/sites\/14\/2025\/05\/Acordao-Prisao-Suspensa-768x768.png\",\"articleSection\":[\"Ac\u00f3rd\u00e3os\/Senten\u00e7as\/Decis\u00f5es\",\"Comunicado \u00e0 Imprensa\"],\"inLanguage\":\"pt-PT\"},{\"@type\":\"WebPage\",\"@id\":\"https:\/\/comarcas.csm.org.pt\/faro\/blog\/2025\/05\/14\/comunicado-a-imprensa-processo-591-23-8gbtvr-pn-processo-comum-tribunal-do-juri\/\",\"url\":\"https:\/\/comarcas.csm.org.pt\/faro\/blog\/2025\/05\/14\/comunicado-a-imprensa-processo-591-23-8gbtvr-pn-processo-comum-tribunal-do-juri\/\",\"name\":\"Comunicado \u00e0 Imprensa - Processo: 591\/23.8GBTVR (pn) Processo Comum (Tribunal do J\u00fari) - Tribunal Judicial da Comarca de Faro\",\"isPartOf\":{\"@id\":\"https:\/\/comarcas.csm.org.pt\/faro\/#website\"},\"primaryImageOfPage\":{\"@id\":\"https:\/\/comarcas.csm.org.pt\/faro\/blog\/2025\/05\/14\/comunicado-a-imprensa-processo-591-23-8gbtvr-pn-processo-comum-tribunal-do-juri\/#primaryimage\"},\"image\":{\"@id\":\"https:\/\/comarcas.csm.org.pt\/faro\/blog\/2025\/05\/14\/comunicado-a-imprensa-processo-591-23-8gbtvr-pn-processo-comum-tribunal-do-juri\/#primaryimage\"},\"thumbnailUrl\":\"https:\/\/comarcas.csm.org.pt\/faro\/wp-content\/uploads\/sites\/14\/2025\/05\/Acordao-Prisao-Suspensa-768x768.png\",\"datePublished\":\"2025-05-14T18:27:10+00:00\",\"dateModified\":\"2025-05-15T14:00:48+00:00\",\"breadcrumb\":{\"@id\":\"https:\/\/comarcas.csm.org.pt\/faro\/blog\/2025\/05\/14\/comunicado-a-imprensa-processo-591-23-8gbtvr-pn-processo-comum-tribunal-do-juri\/#breadcrumb\"},\"inLanguage\":\"pt-PT\",\"potentialAction\":[{\"@type\":\"ReadAction\",\"target\":[\"https:\/\/comarcas.csm.org.pt\/faro\/blog\/2025\/05\/14\/comunicado-a-imprensa-processo-591-23-8gbtvr-pn-processo-comum-tribunal-do-juri\/\"]}]},{\"@type\":\"ImageObject\",\"inLanguage\":\"pt-PT\",\"@id\":\"https:\/\/comarcas.csm.org.pt\/faro\/blog\/2025\/05\/14\/comunicado-a-imprensa-processo-591-23-8gbtvr-pn-processo-comum-tribunal-do-juri\/#primaryimage\",\"url\":\"https:\/\/comarcas.csm.org.pt\/faro\/wp-content\/uploads\/sites\/14\/2025\/05\/Acordao-Prisao-Suspensa.png\",\"contentUrl\":\"https:\/\/comarcas.csm.org.pt\/faro\/wp-content\/uploads\/sites\/14\/2025\/05\/Acordao-Prisao-Suspensa.png\",\"width\":1024,\"height\":1024},{\"@type\":\"BreadcrumbList\",\"@id\":\"https:\/\/comarcas.csm.org.pt\/faro\/blog\/2025\/05\/14\/comunicado-a-imprensa-processo-591-23-8gbtvr-pn-processo-comum-tribunal-do-juri\/#breadcrumb\",\"itemListElement\":[{\"@type\":\"ListItem\",\"position\":1,\"name\":\"In\u00edcio\",\"item\":\"https:\/\/comarcas.csm.org.pt\/faro\/\"},{\"@type\":\"ListItem\",\"position\":2,\"name\":\"Comunicado \u00e0 Imprensa &#8211; Processo: 591\/23.8GBTVR (pn) Processo Comum (Tribunal do J\u00fari)\"}]},{\"@type\":\"WebSite\",\"@id\":\"https:\/\/comarcas.csm.org.pt\/faro\/#website\",\"url\":\"https:\/\/comarcas.csm.org.pt\/faro\/\",\"name\":\"Tribunal Judicial da Comarca de Faro\",\"description\":\"Tribunal Judicial da Comarca de Faro\",\"publisher\":{\"@id\":\"https:\/\/comarcas.csm.org.pt\/faro\/#organization\"},\"potentialAction\":[{\"@type\":\"SearchAction\",\"target\":{\"@type\":\"EntryPoint\",\"urlTemplate\":\"https:\/\/comarcas.csm.org.pt\/faro\/?s={search_term_string}\"},\"query-input\":{\"@type\":\"PropertyValueSpecification\",\"valueRequired\":true,\"valueName\":\"search_term_string\"}}],\"inLanguage\":\"pt-PT\"},{\"@type\":\"Organization\",\"@id\":\"https:\/\/comarcas.csm.org.pt\/faro\/#organization\",\"name\":\"Tribunal Judicial da Comarca de Faro\",\"url\":\"https:\/\/comarcas.csm.org.pt\/faro\/\",\"logo\":{\"@type\":\"ImageObject\",\"inLanguage\":\"pt-PT\",\"@id\":\"https:\/\/comarcas.csm.org.pt\/faro\/#\/schema\/logo\/image\/\",\"url\":\"https:\/\/comarcas.csm.org.pt\/faro\/wp-content\/uploads\/sites\/14\/2024\/11\/Faro_positivo-horizontal.png\",\"contentUrl\":\"https:\/\/comarcas.csm.org.pt\/faro\/wp-content\/uploads\/sites\/14\/2024\/11\/Faro_positivo-horizontal.png\",\"width\":4304,\"height\":1186,\"caption\":\"Tribunal Judicial da Comarca de Faro\"},\"image\":{\"@id\":\"https:\/\/comarcas.csm.org.pt\/faro\/#\/schema\/logo\/image\/\"}},{\"@type\":\"Person\",\"@id\":\"https:\/\/comarcas.csm.org.pt\/faro\/#\/schema\/person\/80181d144b1a338779e96e5c22041079\",\"name\":\"faro\",\"image\":{\"@type\":\"ImageObject\",\"inLanguage\":\"pt-PT\",\"@id\":\"https:\/\/comarcas.csm.org.pt\/faro\/#\/schema\/person\/image\/\",\"url\":\"https:\/\/secure.gravatar.com\/avatar\/7e7f8124f67ba1813b7fa4bfc90df55bd3a80988070fb20b5d815718c45ae0b0?s=96&d=mm&r=g\",\"contentUrl\":\"https:\/\/secure.gravatar.com\/avatar\/7e7f8124f67ba1813b7fa4bfc90df55bd3a80988070fb20b5d815718c45ae0b0?s=96&d=mm&r=g\",\"caption\":\"faro\"},\"url\":\"https:\/\/comarcas.csm.org.pt\/faro\/blog\/author\/faro\/\"}]}<\/script>\n<!-- \/ Yoast SEO plugin. -->","yoast_head_json":{"title":"Comunicado \u00e0 Imprensa - Processo: 591\/23.8GBTVR (pn) Processo Comum (Tribunal do J\u00fari) - Tribunal Judicial da Comarca de Faro","robots":{"index":"index","follow":"follow","max-snippet":"max-snippet:-1","max-image-preview":"max-image-preview:large","max-video-preview":"max-video-preview:-1"},"canonical":"https:\/\/comarcas.csm.org.pt\/faro\/blog\/2025\/05\/14\/comunicado-a-imprensa-processo-591-23-8gbtvr-pn-processo-comum-tribunal-do-juri\/","og_locale":"pt_PT","og_type":"article","og_title":"Comunicado \u00e0 Imprensa - Processo: 591\/23.8GBTVR (pn) Processo Comum (Tribunal do J\u00fari) - Tribunal Judicial da Comarca de Faro","og_description":"COMUNICADO \u00e0 IMPRENSA Tribunal Judicial da Comarca de Faro, Ju\u00edzo Central Criminal de Faro &#8211; Juiz 5 &#8211; Processo: 591\/23.8GBTVR (pn) Processo Comum (Tribunal do J\u00fari) Por determina\u00e7\u00e3o do Juiz Presidente do Tribunal Judicial da...","og_url":"https:\/\/comarcas.csm.org.pt\/faro\/blog\/2025\/05\/14\/comunicado-a-imprensa-processo-591-23-8gbtvr-pn-processo-comum-tribunal-do-juri\/","og_site_name":"Tribunal Judicial da Comarca de Faro","article_published_time":"2025-05-14T18:27:10+00:00","article_modified_time":"2025-05-15T14:00:48+00:00","og_image":[{"width":1024,"height":1024,"url":"https:\/\/comarcas.csm.org.pt\/faro\/wp-content\/uploads\/sites\/14\/2025\/05\/Acordao-Prisao-Suspensa.png","type":"image\/png"}],"author":"faro","twitter_card":"summary_large_image","twitter_misc":{"Escrito por":"faro","Tempo estimado de leitura":"2 minutos"},"schema":{"@context":"https:\/\/schema.org","@graph":[{"@type":"Article","@id":"https:\/\/comarcas.csm.org.pt\/faro\/blog\/2025\/05\/14\/comunicado-a-imprensa-processo-591-23-8gbtvr-pn-processo-comum-tribunal-do-juri\/#article","isPartOf":{"@id":"https:\/\/comarcas.csm.org.pt\/faro\/blog\/2025\/05\/14\/comunicado-a-imprensa-processo-591-23-8gbtvr-pn-processo-comum-tribunal-do-juri\/"},"author":{"name":"faro","@id":"https:\/\/comarcas.csm.org.pt\/faro\/#\/schema\/person\/80181d144b1a338779e96e5c22041079"},"headline":"Comunicado \u00e0 Imprensa &#8211; Processo: 591\/23.8GBTVR (pn) Processo Comum (Tribunal do J\u00fari)","datePublished":"2025-05-14T18:27:10+00:00","dateModified":"2025-05-15T14:00:48+00:00","mainEntityOfPage":{"@id":"https:\/\/comarcas.csm.org.pt\/faro\/blog\/2025\/05\/14\/comunicado-a-imprensa-processo-591-23-8gbtvr-pn-processo-comum-tribunal-do-juri\/"},"wordCount":170,"publisher":{"@id":"https:\/\/comarcas.csm.org.pt\/faro\/#organization"},"image":{"@id":"https:\/\/comarcas.csm.org.pt\/faro\/blog\/2025\/05\/14\/comunicado-a-imprensa-processo-591-23-8gbtvr-pn-processo-comum-tribunal-do-juri\/#primaryimage"},"thumbnailUrl":"https:\/\/comarcas.csm.org.pt\/faro\/wp-content\/uploads\/sites\/14\/2025\/05\/Acordao-Prisao-Suspensa-768x768.png","articleSection":["Ac\u00f3rd\u00e3os\/Senten\u00e7as\/Decis\u00f5es","Comunicado \u00e0 Imprensa"],"inLanguage":"pt-PT"},{"@type":"WebPage","@id":"https:\/\/comarcas.csm.org.pt\/faro\/blog\/2025\/05\/14\/comunicado-a-imprensa-processo-591-23-8gbtvr-pn-processo-comum-tribunal-do-juri\/","url":"https:\/\/comarcas.csm.org.pt\/faro\/blog\/2025\/05\/14\/comunicado-a-imprensa-processo-591-23-8gbtvr-pn-processo-comum-tribunal-do-juri\/","name":"Comunicado \u00e0 Imprensa - Processo: 591\/23.8GBTVR (pn) Processo Comum (Tribunal do J\u00fari) - Tribunal Judicial da Comarca de Faro","isPartOf":{"@id":"https:\/\/comarcas.csm.org.pt\/faro\/#website"},"primaryImageOfPage":{"@id":"https:\/\/comarcas.csm.org.pt\/faro\/blog\/2025\/05\/14\/comunicado-a-imprensa-processo-591-23-8gbtvr-pn-processo-comum-tribunal-do-juri\/#primaryimage"},"image":{"@id":"https:\/\/comarcas.csm.org.pt\/faro\/blog\/2025\/05\/14\/comunicado-a-imprensa-processo-591-23-8gbtvr-pn-processo-comum-tribunal-do-juri\/#primaryimage"},"thumbnailUrl":"https:\/\/comarcas.csm.org.pt\/faro\/wp-content\/uploads\/sites\/14\/2025\/05\/Acordao-Prisao-Suspensa-768x768.png","datePublished":"2025-05-14T18:27:10+00:00","dateModified":"2025-05-15T14:00:48+00:00","breadcrumb":{"@id":"https:\/\/comarcas.csm.org.pt\/faro\/blog\/2025\/05\/14\/comunicado-a-imprensa-processo-591-23-8gbtvr-pn-processo-comum-tribunal-do-juri\/#breadcrumb"},"inLanguage":"pt-PT","potentialAction":[{"@type":"ReadAction","target":["https:\/\/comarcas.csm.org.pt\/faro\/blog\/2025\/05\/14\/comunicado-a-imprensa-processo-591-23-8gbtvr-pn-processo-comum-tribunal-do-juri\/"]}]},{"@type":"ImageObject","inLanguage":"pt-PT","@id":"https:\/\/comarcas.csm.org.pt\/faro\/blog\/2025\/05\/14\/comunicado-a-imprensa-processo-591-23-8gbtvr-pn-processo-comum-tribunal-do-juri\/#primaryimage","url":"https:\/\/comarcas.csm.org.pt\/faro\/wp-content\/uploads\/sites\/14\/2025\/05\/Acordao-Prisao-Suspensa.png","contentUrl":"https:\/\/comarcas.csm.org.pt\/faro\/wp-content\/uploads\/sites\/14\/2025\/05\/Acordao-Prisao-Suspensa.png","width":1024,"height":1024},{"@type":"BreadcrumbList","@id":"https:\/\/comarcas.csm.org.pt\/faro\/blog\/2025\/05\/14\/comunicado-a-imprensa-processo-591-23-8gbtvr-pn-processo-comum-tribunal-do-juri\/#breadcrumb","itemListElement":[{"@type":"ListItem","position":1,"name":"In\u00edcio","item":"https:\/\/comarcas.csm.org.pt\/faro\/"},{"@type":"ListItem","position":2,"name":"Comunicado \u00e0 Imprensa &#8211; Processo: 591\/23.8GBTVR (pn) Processo Comum (Tribunal do J\u00fari)"}]},{"@type":"WebSite","@id":"https:\/\/comarcas.csm.org.pt\/faro\/#website","url":"https:\/\/comarcas.csm.org.pt\/faro\/","name":"Tribunal Judicial da Comarca de Faro","description":"Tribunal Judicial da Comarca de Faro","publisher":{"@id":"https:\/\/comarcas.csm.org.pt\/faro\/#organization"},"potentialAction":[{"@type":"SearchAction","target":{"@type":"EntryPoint","urlTemplate":"https:\/\/comarcas.csm.org.pt\/faro\/?s={search_term_string}"},"query-input":{"@type":"PropertyValueSpecification","valueRequired":true,"valueName":"search_term_string"}}],"inLanguage":"pt-PT"},{"@type":"Organization","@id":"https:\/\/comarcas.csm.org.pt\/faro\/#organization","name":"Tribunal Judicial da Comarca de Faro","url":"https:\/\/comarcas.csm.org.pt\/faro\/","logo":{"@type":"ImageObject","inLanguage":"pt-PT","@id":"https:\/\/comarcas.csm.org.pt\/faro\/#\/schema\/logo\/image\/","url":"https:\/\/comarcas.csm.org.pt\/faro\/wp-content\/uploads\/sites\/14\/2024\/11\/Faro_positivo-horizontal.png","contentUrl":"https:\/\/comarcas.csm.org.pt\/faro\/wp-content\/uploads\/sites\/14\/2024\/11\/Faro_positivo-horizontal.png","width":4304,"height":1186,"caption":"Tribunal Judicial da Comarca de Faro"},"image":{"@id":"https:\/\/comarcas.csm.org.pt\/faro\/#\/schema\/logo\/image\/"}},{"@type":"Person","@id":"https:\/\/comarcas.csm.org.pt\/faro\/#\/schema\/person\/80181d144b1a338779e96e5c22041079","name":"faro","image":{"@type":"ImageObject","inLanguage":"pt-PT","@id":"https:\/\/comarcas.csm.org.pt\/faro\/#\/schema\/person\/image\/","url":"https:\/\/secure.gravatar.com\/avatar\/7e7f8124f67ba1813b7fa4bfc90df55bd3a80988070fb20b5d815718c45ae0b0?s=96&d=mm&r=g","contentUrl":"https:\/\/secure.gravatar.com\/avatar\/7e7f8124f67ba1813b7fa4bfc90df55bd3a80988070fb20b5d815718c45ae0b0?s=96&d=mm&r=g","caption":"faro"},"url":"https:\/\/comarcas.csm.org.pt\/faro\/blog\/author\/faro\/"}]}},"_links":{"self":[{"href":"https:\/\/comarcas.csm.org.pt\/faro\/wp-json\/wp\/v2\/posts\/13605","targetHints":{"allow":["GET"]}}],"collection":[{"href":"https:\/\/comarcas.csm.org.pt\/faro\/wp-json\/wp\/v2\/posts"}],"about":[{"href":"https:\/\/comarcas.csm.org.pt\/faro\/wp-json\/wp\/v2\/types\/post"}],"author":[{"embeddable":true,"href":"https:\/\/comarcas.csm.org.pt\/faro\/wp-json\/wp\/v2\/users\/14"}],"replies":[{"embeddable":true,"href":"https:\/\/comarcas.csm.org.pt\/faro\/wp-json\/wp\/v2\/comments?post=13605"}],"version-history":[{"count":32,"href":"https:\/\/comarcas.csm.org.pt\/faro\/wp-json\/wp\/v2\/posts\/13605\/revisions"}],"predecessor-version":[{"id":13664,"href":"https:\/\/comarcas.csm.org.pt\/faro\/wp-json\/wp\/v2\/posts\/13605\/revisions\/13664"}],"wp:attachment":[{"href":"https:\/\/comarcas.csm.org.pt\/faro\/wp-json\/wp\/v2\/media?parent=13605"}],"wp:term":[{"taxonomy":"category","embeddable":true,"href":"https:\/\/comarcas.csm.org.pt\/faro\/wp-json\/wp\/v2\/categories?post=13605"},{"taxonomy":"post_tag","embeddable":true,"href":"https:\/\/comarcas.csm.org.pt\/faro\/wp-json\/wp\/v2\/tags?post=13605"}],"curies":[{"name":"wp","href":"https:\/\/api.w.org\/{rel}","templated":true}]}}