{"id":13686,"date":"2025-05-21T11:13:45","date_gmt":"2025-05-21T11:13:45","guid":{"rendered":"https:\/\/comarcas.csm.org.pt\/faro\/?p=13686"},"modified":"2025-05-21T12:17:47","modified_gmt":"2025-05-21T12:17:47","slug":"assembleia-de-apuramento-geral-aag-para-o-apuramento-dos-resultados-da-eleicao-no-distrito-de-faro-legislativas-2025","status":"publish","type":"post","link":"https:\/\/comarcas.csm.org.pt\/faro\/blog\/2025\/05\/21\/assembleia-de-apuramento-geral-aag-para-o-apuramento-dos-resultados-da-eleicao-no-distrito-de-faro-legislativas-2025\/","title":{"rendered":"Assembleia de Apuramento Geral (AAG) Para o Apuramento dos Resultados da Elei\u00e7\u00e3o no Distrito de Faro [Legislativas 2025]"},"content":{"rendered":"\t\t<div data-elementor-type=\"wp-post\" data-elementor-id=\"13686\" class=\"elementor elementor-13686\" data-elementor-post-type=\"post\">\n\t\t\t\t<div class=\"elementor-element elementor-element-963048d e-flex e-con-boxed e-con e-parent\" data-id=\"963048d\" data-element_type=\"container\">\n\t\t\t\t\t<div class=\"e-con-inner\">\n\t\t\t\t<div class=\"elementor-element elementor-element-b66798a elementor-widget elementor-widget-image\" data-id=\"b66798a\" data-element_type=\"widget\" data-widget_type=\"image.default\">\n\t\t\t\t<div class=\"elementor-widget-container\">\n\t\t\t\t\t\t\t\t\t\t\t\t\t\t\t<img fetchpriority=\"high\" decoding=\"async\" width=\"1024\" height=\"339\" src=\"https:\/\/comarcas.csm.org.pt\/faro\/wp-content\/uploads\/sites\/14\/2025\/05\/AAG-Legislativas-2025-1024x339.png\" class=\"attachment-large size-large wp-image-13688\" alt=\"\" srcset=\"https:\/\/comarcas.csm.org.pt\/faro\/wp-content\/uploads\/sites\/14\/2025\/05\/AAG-Legislativas-2025-1024x339.png 1024w, https:\/\/comarcas.csm.org.pt\/faro\/wp-content\/uploads\/sites\/14\/2025\/05\/AAG-Legislativas-2025-300x99.png 300w, https:\/\/comarcas.csm.org.pt\/faro\/wp-content\/uploads\/sites\/14\/2025\/05\/AAG-Legislativas-2025-768x254.png 768w, https:\/\/comarcas.csm.org.pt\/faro\/wp-content\/uploads\/sites\/14\/2025\/05\/AAG-Legislativas-2025.png 1125w\" sizes=\"(max-width: 1024px) 100vw, 1024px\" \/>\t\t\t\t\t\t\t\t\t\t\t\t\t\t\t<\/div>\n\t\t\t\t<\/div>\n\t\t\t\t\t<\/div>\n\t\t\t\t<\/div>\n\t\t<div class=\"elementor-element elementor-element-b0e6e22 e-flex e-con-boxed e-con e-parent\" data-id=\"b0e6e22\" data-element_type=\"container\">\n\t\t\t\t\t<div class=\"e-con-inner\">\n\t\t\t\t<div class=\"elementor-element elementor-element-58fbaeb elementor-widget elementor-widget-heading\" data-id=\"58fbaeb\" data-element_type=\"widget\" data-widget_type=\"heading.default\">\n\t\t\t\t<div class=\"elementor-widget-container\">\n\t\t\t\t\t<h2 class=\"elementor-heading-title elementor-size-default\">Ju\u00edzo Central C\u00edvel de Faro (J1) - 946\/25.3T8FAR (cv) Processo Eleitoral<\/h2>\t\t\t\t<\/div>\n\t\t\t\t<\/div>\n\t\t\t\t<div class=\"elementor-element elementor-element-a9e6367 elementor-widget-divider--view-line elementor-widget elementor-widget-divider\" data-id=\"a9e6367\" data-element_type=\"widget\" data-widget_type=\"divider.default\">\n\t\t\t\t<div class=\"elementor-widget-container\">\n\t\t\t\t\t\t\t<div class=\"elementor-divider\">\n\t\t\t<span class=\"elementor-divider-separator\">\n\t\t\t\t\t\t<\/span>\n\t\t<\/div>\n\t\t\t\t\t\t<\/div>\n\t\t\t\t<\/div>\n\t\t\t\t<div class=\"elementor-element elementor-element-110b1ed elementor-widget elementor-widget-text-editor\" data-id=\"110b1ed\" data-element_type=\"widget\" data-widget_type=\"text-editor.default\">\n\t\t\t\t<div class=\"elementor-widget-container\">\n\t\t\t\t\t\t\t\t\t<h4 style=\"text-align: center\">Assembleia de Apuramento Geral (AAG) Para o Apuramento dos Resultados da Elei\u00e7\u00e3o no Distrito de Faro<\/h4><p style=\"text-align: center\">20 de maio de 2025<\/p><p>\u00c0s 09:00 horas do dia 20 de maio de 2025, no Sala de Reuni\u00f5es da Comarca de Faro &#8211; Rua Antero de Quental, 9, 4\u00ba andar,- 8000-210 Faro, reuniu-se a Assembleia de Apuramento Geral [AAG], para proceder \u00e0s opera\u00e7\u00f5es decorrentes dos artigos 110\u00ba a 113\u00ba da Lei 14\/79, de 16 de maio.<\/p><p>Ap\u00f3s o escrut\u00ednio, foram apurados os resultados finais, que constam do edital afixado no Tribunal, e que se transp\u00f5e:<\/p><h3 style=\"text-align: center\"><a href=\"https:\/\/comarcas.csm.org.pt\/faro\/wp-content\/uploads\/sites\/14\/2025\/05\/Edital-de-Resultados.pdf\"><span style=\"color: #993300\"><strong>Edital de Resultados<\/strong><\/span><\/a><\/h3><p>Proclamados os resultados, o Senhor Presidente da Assembleia de Apuramento Geral [AAG] deu por encerrados os trabalhos \u00e0s 15:50 horas do dia 20 de maio de 2025.<\/p>\t\t\t\t\t\t\t\t<\/div>\n\t\t\t\t<\/div>\n\t\t\t\t\t<\/div>\n\t\t\t\t<\/div>\n\t\t\t\t<\/div>\n\t\t","protected":false},"excerpt":{"rendered":"<p>Ju\u00edzo Central C\u00edvel de Faro (J1) &#8211; 946\/25.3T8FAR (cv) Processo Eleitoral Assembleia de Apuramento Geral (AAG) Para o Apuramento dos Resultados da Elei\u00e7\u00e3o no Distrito de Faro 20 de maio de 2025 \u00c0s 09:00 horas&#8230;<\/p>\n","protected":false},"author":14,"featured_media":0,"comment_status":"closed","ping_status":"open","sticky":false,"template":"","format":"standard","meta":{"_tbt_post_transparent":"","_tbt_post_title":"","_tbt_post_layout":"","_tbt_post_sidebar_id":"","_tbt_post_content_style":"","_tbt_post_vertical_padding":"","_tbt_post_feature":"","_tbt_post_feature_position":"","_tbt_post_header":false,"_tbt_post_footer":false},"categories":[63,1],"tags":[],"class_list":["post-13686","post","type-post","status-publish","format-standard","hentry","category-divulgacoes","category-geral"],"yoast_head":"<!-- This site is optimized with the Yoast SEO plugin v25.6 - https:\/\/yoast.com\/wordpress\/plugins\/seo\/ -->\n<title>Assembleia de Apuramento Geral (AAG) Para o Apuramento dos Resultados da Elei\u00e7\u00e3o no Distrito de Faro [Legislativas 2025] - Tribunal Judicial da Comarca de Faro<\/title>\n<meta name=\"robots\" content=\"index, follow, max-snippet:-1, max-image-preview:large, max-video-preview:-1\" \/>\n<link rel=\"canonical\" href=\"https:\/\/comarcas.csm.org.pt\/faro\/blog\/2025\/05\/21\/assembleia-de-apuramento-geral-aag-para-o-apuramento-dos-resultados-da-eleicao-no-distrito-de-faro-legislativas-2025\/\" \/>\n<meta property=\"og:locale\" content=\"pt_PT\" \/>\n<meta property=\"og:type\" content=\"article\" \/>\n<meta property=\"og:title\" content=\"Assembleia de Apuramento Geral (AAG) Para o Apuramento dos Resultados da Elei\u00e7\u00e3o no Distrito de Faro [Legislativas 2025] - Tribunal Judicial da Comarca de Faro\" \/>\n<meta property=\"og:description\" content=\"Ju\u00edzo Central C\u00edvel de Faro (J1) &#8211; 946\/25.3T8FAR (cv) Processo Eleitoral Assembleia de Apuramento Geral (AAG) Para o Apuramento dos Resultados da Elei\u00e7\u00e3o no Distrito de Faro 20 de maio de 2025 \u00c0s 09:00 horas...\" \/>\n<meta property=\"og:url\" content=\"https:\/\/comarcas.csm.org.pt\/faro\/blog\/2025\/05\/21\/assembleia-de-apuramento-geral-aag-para-o-apuramento-dos-resultados-da-eleicao-no-distrito-de-faro-legislativas-2025\/\" \/>\n<meta property=\"og:site_name\" content=\"Tribunal Judicial da Comarca de Faro\" \/>\n<meta property=\"article:published_time\" content=\"2025-05-21T11:13:45+00:00\" \/>\n<meta property=\"article:modified_time\" content=\"2025-05-21T12:17:47+00:00\" \/>\n<meta property=\"og:image\" content=\"https:\/\/comarcas.csm.org.pt\/faro\/wp-content\/uploads\/sites\/14\/2025\/05\/AAG-Legislativas-2025.png\" \/>\n\t<meta property=\"og:image:width\" content=\"1125\" \/>\n\t<meta property=\"og:image:height\" content=\"372\" \/>\n\t<meta property=\"og:image:type\" content=\"image\/png\" \/>\n<meta name=\"author\" content=\"faro\" \/>\n<meta name=\"twitter:card\" content=\"summary_large_image\" \/>\n<meta name=\"twitter:label1\" content=\"Escrito por\" \/>\n\t<meta name=\"twitter:data1\" content=\"faro\" \/>\n\t<meta name=\"twitter:label2\" content=\"Tempo estimado de leitura\" \/>\n\t<meta name=\"twitter:data2\" content=\"1 minuto\" \/>\n<script type=\"application\/ld+json\" class=\"yoast-schema-graph\">{\"@context\":\"https:\/\/schema.org\",\"@graph\":[{\"@type\":\"Article\",\"@id\":\"https:\/\/comarcas.csm.org.pt\/faro\/blog\/2025\/05\/21\/assembleia-de-apuramento-geral-aag-para-o-apuramento-dos-resultados-da-eleicao-no-distrito-de-faro-legislativas-2025\/#article\",\"isPartOf\":{\"@id\":\"https:\/\/comarcas.csm.org.pt\/faro\/blog\/2025\/05\/21\/assembleia-de-apuramento-geral-aag-para-o-apuramento-dos-resultados-da-eleicao-no-distrito-de-faro-legislativas-2025\/\"},\"author\":{\"name\":\"faro\",\"@id\":\"https:\/\/comarcas.csm.org.pt\/faro\/#\/schema\/person\/80181d144b1a338779e96e5c22041079\"},\"headline\":\"Assembleia de Apuramento Geral (AAG) Para o Apuramento dos Resultados da Elei\u00e7\u00e3o no Distrito de Faro [Legislativas 2025]\",\"datePublished\":\"2025-05-21T11:13:45+00:00\",\"dateModified\":\"2025-05-21T12:17:47+00:00\",\"mainEntityOfPage\":{\"@id\":\"https:\/\/comarcas.csm.org.pt\/faro\/blog\/2025\/05\/21\/assembleia-de-apuramento-geral-aag-para-o-apuramento-dos-resultados-da-eleicao-no-distrito-de-faro-legislativas-2025\/\"},\"wordCount\":147,\"publisher\":{\"@id\":\"https:\/\/comarcas.csm.org.pt\/faro\/#organization\"},\"image\":{\"@id\":\"https:\/\/comarcas.csm.org.pt\/faro\/blog\/2025\/05\/21\/assembleia-de-apuramento-geral-aag-para-o-apuramento-dos-resultados-da-eleicao-no-distrito-de-faro-legislativas-2025\/#primaryimage\"},\"thumbnailUrl\":\"https:\/\/comarcas.csm.org.pt\/faro\/wp-content\/uploads\/sites\/14\/2025\/05\/AAG-Legislativas-2025-1024x339.png\",\"articleSection\":[\"Divulga\u00e7\u00f5es\",\"Geral\"],\"inLanguage\":\"pt-PT\"},{\"@type\":\"WebPage\",\"@id\":\"https:\/\/comarcas.csm.org.pt\/faro\/blog\/2025\/05\/21\/assembleia-de-apuramento-geral-aag-para-o-apuramento-dos-resultados-da-eleicao-no-distrito-de-faro-legislativas-2025\/\",\"url\":\"https:\/\/comarcas.csm.org.pt\/faro\/blog\/2025\/05\/21\/assembleia-de-apuramento-geral-aag-para-o-apuramento-dos-resultados-da-eleicao-no-distrito-de-faro-legislativas-2025\/\",\"name\":\"Assembleia de Apuramento Geral (AAG) Para o Apuramento dos Resultados da Elei\u00e7\u00e3o no Distrito de Faro [Legislativas 2025] - Tribunal Judicial da Comarca de Faro\",\"isPartOf\":{\"@id\":\"https:\/\/comarcas.csm.org.pt\/faro\/#website\"},\"primaryImageOfPage\":{\"@id\":\"https:\/\/comarcas.csm.org.pt\/faro\/blog\/2025\/05\/21\/assembleia-de-apuramento-geral-aag-para-o-apuramento-dos-resultados-da-eleicao-no-distrito-de-faro-legislativas-2025\/#primaryimage\"},\"image\":{\"@id\":\"https:\/\/comarcas.csm.org.pt\/faro\/blog\/2025\/05\/21\/assembleia-de-apuramento-geral-aag-para-o-apuramento-dos-resultados-da-eleicao-no-distrito-de-faro-legislativas-2025\/#primaryimage\"},\"thumbnailUrl\":\"https:\/\/comarcas.csm.org.pt\/faro\/wp-content\/uploads\/sites\/14\/2025\/05\/AAG-Legislativas-2025-1024x339.png\",\"datePublished\":\"2025-05-21T11:13:45+00:00\",\"dateModified\":\"2025-05-21T12:17:47+00:00\",\"breadcrumb\":{\"@id\":\"https:\/\/comarcas.csm.org.pt\/faro\/blog\/2025\/05\/21\/assembleia-de-apuramento-geral-aag-para-o-apuramento-dos-resultados-da-eleicao-no-distrito-de-faro-legislativas-2025\/#breadcrumb\"},\"inLanguage\":\"pt-PT\",\"potentialAction\":[{\"@type\":\"ReadAction\",\"target\":[\"https:\/\/comarcas.csm.org.pt\/faro\/blog\/2025\/05\/21\/assembleia-de-apuramento-geral-aag-para-o-apuramento-dos-resultados-da-eleicao-no-distrito-de-faro-legislativas-2025\/\"]}]},{\"@type\":\"ImageObject\",\"inLanguage\":\"pt-PT\",\"@id\":\"https:\/\/comarcas.csm.org.pt\/faro\/blog\/2025\/05\/21\/assembleia-de-apuramento-geral-aag-para-o-apuramento-dos-resultados-da-eleicao-no-distrito-de-faro-legislativas-2025\/#primaryimage\",\"url\":\"https:\/\/comarcas.csm.org.pt\/faro\/wp-content\/uploads\/sites\/14\/2025\/05\/AAG-Legislativas-2025.png\",\"contentUrl\":\"https:\/\/comarcas.csm.org.pt\/faro\/wp-content\/uploads\/sites\/14\/2025\/05\/AAG-Legislativas-2025.png\",\"width\":1125,\"height\":372},{\"@type\":\"BreadcrumbList\",\"@id\":\"https:\/\/comarcas.csm.org.pt\/faro\/blog\/2025\/05\/21\/assembleia-de-apuramento-geral-aag-para-o-apuramento-dos-resultados-da-eleicao-no-distrito-de-faro-legislativas-2025\/#breadcrumb\",\"itemListElement\":[{\"@type\":\"ListItem\",\"position\":1,\"name\":\"In\u00edcio\",\"item\":\"https:\/\/comarcas.csm.org.pt\/faro\/\"},{\"@type\":\"ListItem\",\"position\":2,\"name\":\"Assembleia de Apuramento Geral (AAG) Para o Apuramento dos Resultados da Elei\u00e7\u00e3o no Distrito de Faro [Legislativas 2025]\"}]},{\"@type\":\"WebSite\",\"@id\":\"https:\/\/comarcas.csm.org.pt\/faro\/#website\",\"url\":\"https:\/\/comarcas.csm.org.pt\/faro\/\",\"name\":\"Tribunal Judicial da Comarca de Faro\",\"description\":\"Tribunal Judicial da Comarca de Faro\",\"publisher\":{\"@id\":\"https:\/\/comarcas.csm.org.pt\/faro\/#organization\"},\"potentialAction\":[{\"@type\":\"SearchAction\",\"target\":{\"@type\":\"EntryPoint\",\"urlTemplate\":\"https:\/\/comarcas.csm.org.pt\/faro\/?s={search_term_string}\"},\"query-input\":{\"@type\":\"PropertyValueSpecification\",\"valueRequired\":true,\"valueName\":\"search_term_string\"}}],\"inLanguage\":\"pt-PT\"},{\"@type\":\"Organization\",\"@id\":\"https:\/\/comarcas.csm.org.pt\/faro\/#organization\",\"name\":\"Tribunal Judicial da Comarca de Faro\",\"url\":\"https:\/\/comarcas.csm.org.pt\/faro\/\",\"logo\":{\"@type\":\"ImageObject\",\"inLanguage\":\"pt-PT\",\"@id\":\"https:\/\/comarcas.csm.org.pt\/faro\/#\/schema\/logo\/image\/\",\"url\":\"https:\/\/comarcas.csm.org.pt\/faro\/wp-content\/uploads\/sites\/14\/2024\/11\/Faro_positivo-horizontal.png\",\"contentUrl\":\"https:\/\/comarcas.csm.org.pt\/faro\/wp-content\/uploads\/sites\/14\/2024\/11\/Faro_positivo-horizontal.png\",\"width\":4304,\"height\":1186,\"caption\":\"Tribunal Judicial da Comarca de Faro\"},\"image\":{\"@id\":\"https:\/\/comarcas.csm.org.pt\/faro\/#\/schema\/logo\/image\/\"}},{\"@type\":\"Person\",\"@id\":\"https:\/\/comarcas.csm.org.pt\/faro\/#\/schema\/person\/80181d144b1a338779e96e5c22041079\",\"name\":\"faro\",\"image\":{\"@type\":\"ImageObject\",\"inLanguage\":\"pt-PT\",\"@id\":\"https:\/\/comarcas.csm.org.pt\/faro\/#\/schema\/person\/image\/\",\"url\":\"https:\/\/secure.gravatar.com\/avatar\/7e7f8124f67ba1813b7fa4bfc90df55bd3a80988070fb20b5d815718c45ae0b0?s=96&d=mm&r=g\",\"contentUrl\":\"https:\/\/secure.gravatar.com\/avatar\/7e7f8124f67ba1813b7fa4bfc90df55bd3a80988070fb20b5d815718c45ae0b0?s=96&d=mm&r=g\",\"caption\":\"faro\"},\"url\":\"https:\/\/comarcas.csm.org.pt\/faro\/blog\/author\/faro\/\"}]}<\/script>\n<!-- \/ Yoast SEO plugin. -->","yoast_head_json":{"title":"Assembleia de Apuramento Geral (AAG) Para o Apuramento dos Resultados da Elei\u00e7\u00e3o no Distrito de Faro [Legislativas 2025] - Tribunal Judicial da Comarca de Faro","robots":{"index":"index","follow":"follow","max-snippet":"max-snippet:-1","max-image-preview":"max-image-preview:large","max-video-preview":"max-video-preview:-1"},"canonical":"https:\/\/comarcas.csm.org.pt\/faro\/blog\/2025\/05\/21\/assembleia-de-apuramento-geral-aag-para-o-apuramento-dos-resultados-da-eleicao-no-distrito-de-faro-legislativas-2025\/","og_locale":"pt_PT","og_type":"article","og_title":"Assembleia de Apuramento Geral (AAG) Para o Apuramento dos Resultados da Elei\u00e7\u00e3o no Distrito de Faro [Legislativas 2025] - Tribunal Judicial da Comarca de Faro","og_description":"Ju\u00edzo Central C\u00edvel de Faro (J1) &#8211; 946\/25.3T8FAR (cv) Processo Eleitoral Assembleia de Apuramento Geral (AAG) Para o Apuramento dos Resultados da Elei\u00e7\u00e3o no Distrito de Faro 20 de maio de 2025 \u00c0s 09:00 horas...","og_url":"https:\/\/comarcas.csm.org.pt\/faro\/blog\/2025\/05\/21\/assembleia-de-apuramento-geral-aag-para-o-apuramento-dos-resultados-da-eleicao-no-distrito-de-faro-legislativas-2025\/","og_site_name":"Tribunal Judicial da Comarca de Faro","article_published_time":"2025-05-21T11:13:45+00:00","article_modified_time":"2025-05-21T12:17:47+00:00","og_image":[{"width":1125,"height":372,"url":"https:\/\/comarcas.csm.org.pt\/faro\/wp-content\/uploads\/sites\/14\/2025\/05\/AAG-Legislativas-2025.png","type":"image\/png"}],"author":"faro","twitter_card":"summary_large_image","twitter_misc":{"Escrito por":"faro","Tempo estimado de leitura":"1 minuto"},"schema":{"@context":"https:\/\/schema.org","@graph":[{"@type":"Article","@id":"https:\/\/comarcas.csm.org.pt\/faro\/blog\/2025\/05\/21\/assembleia-de-apuramento-geral-aag-para-o-apuramento-dos-resultados-da-eleicao-no-distrito-de-faro-legislativas-2025\/#article","isPartOf":{"@id":"https:\/\/comarcas.csm.org.pt\/faro\/blog\/2025\/05\/21\/assembleia-de-apuramento-geral-aag-para-o-apuramento-dos-resultados-da-eleicao-no-distrito-de-faro-legislativas-2025\/"},"author":{"name":"faro","@id":"https:\/\/comarcas.csm.org.pt\/faro\/#\/schema\/person\/80181d144b1a338779e96e5c22041079"},"headline":"Assembleia de Apuramento Geral (AAG) Para o Apuramento dos Resultados da Elei\u00e7\u00e3o no Distrito de Faro [Legislativas 2025]","datePublished":"2025-05-21T11:13:45+00:00","dateModified":"2025-05-21T12:17:47+00:00","mainEntityOfPage":{"@id":"https:\/\/comarcas.csm.org.pt\/faro\/blog\/2025\/05\/21\/assembleia-de-apuramento-geral-aag-para-o-apuramento-dos-resultados-da-eleicao-no-distrito-de-faro-legislativas-2025\/"},"wordCount":147,"publisher":{"@id":"https:\/\/comarcas.csm.org.pt\/faro\/#organization"},"image":{"@id":"https:\/\/comarcas.csm.org.pt\/faro\/blog\/2025\/05\/21\/assembleia-de-apuramento-geral-aag-para-o-apuramento-dos-resultados-da-eleicao-no-distrito-de-faro-legislativas-2025\/#primaryimage"},"thumbnailUrl":"https:\/\/comarcas.csm.org.pt\/faro\/wp-content\/uploads\/sites\/14\/2025\/05\/AAG-Legislativas-2025-1024x339.png","articleSection":["Divulga\u00e7\u00f5es","Geral"],"inLanguage":"pt-PT"},{"@type":"WebPage","@id":"https:\/\/comarcas.csm.org.pt\/faro\/blog\/2025\/05\/21\/assembleia-de-apuramento-geral-aag-para-o-apuramento-dos-resultados-da-eleicao-no-distrito-de-faro-legislativas-2025\/","url":"https:\/\/comarcas.csm.org.pt\/faro\/blog\/2025\/05\/21\/assembleia-de-apuramento-geral-aag-para-o-apuramento-dos-resultados-da-eleicao-no-distrito-de-faro-legislativas-2025\/","name":"Assembleia de Apuramento Geral (AAG) Para o Apuramento dos Resultados da Elei\u00e7\u00e3o no Distrito de Faro [Legislativas 2025] - Tribunal Judicial da Comarca de Faro","isPartOf":{"@id":"https:\/\/comarcas.csm.org.pt\/faro\/#website"},"primaryImageOfPage":{"@id":"https:\/\/comarcas.csm.org.pt\/faro\/blog\/2025\/05\/21\/assembleia-de-apuramento-geral-aag-para-o-apuramento-dos-resultados-da-eleicao-no-distrito-de-faro-legislativas-2025\/#primaryimage"},"image":{"@id":"https:\/\/comarcas.csm.org.pt\/faro\/blog\/2025\/05\/21\/assembleia-de-apuramento-geral-aag-para-o-apuramento-dos-resultados-da-eleicao-no-distrito-de-faro-legislativas-2025\/#primaryimage"},"thumbnailUrl":"https:\/\/comarcas.csm.org.pt\/faro\/wp-content\/uploads\/sites\/14\/2025\/05\/AAG-Legislativas-2025-1024x339.png","datePublished":"2025-05-21T11:13:45+00:00","dateModified":"2025-05-21T12:17:47+00:00","breadcrumb":{"@id":"https:\/\/comarcas.csm.org.pt\/faro\/blog\/2025\/05\/21\/assembleia-de-apuramento-geral-aag-para-o-apuramento-dos-resultados-da-eleicao-no-distrito-de-faro-legislativas-2025\/#breadcrumb"},"inLanguage":"pt-PT","potentialAction":[{"@type":"ReadAction","target":["https:\/\/comarcas.csm.org.pt\/faro\/blog\/2025\/05\/21\/assembleia-de-apuramento-geral-aag-para-o-apuramento-dos-resultados-da-eleicao-no-distrito-de-faro-legislativas-2025\/"]}]},{"@type":"ImageObject","inLanguage":"pt-PT","@id":"https:\/\/comarcas.csm.org.pt\/faro\/blog\/2025\/05\/21\/assembleia-de-apuramento-geral-aag-para-o-apuramento-dos-resultados-da-eleicao-no-distrito-de-faro-legislativas-2025\/#primaryimage","url":"https:\/\/comarcas.csm.org.pt\/faro\/wp-content\/uploads\/sites\/14\/2025\/05\/AAG-Legislativas-2025.png","contentUrl":"https:\/\/comarcas.csm.org.pt\/faro\/wp-content\/uploads\/sites\/14\/2025\/05\/AAG-Legislativas-2025.png","width":1125,"height":372},{"@type":"BreadcrumbList","@id":"https:\/\/comarcas.csm.org.pt\/faro\/blog\/2025\/05\/21\/assembleia-de-apuramento-geral-aag-para-o-apuramento-dos-resultados-da-eleicao-no-distrito-de-faro-legislativas-2025\/#breadcrumb","itemListElement":[{"@type":"ListItem","position":1,"name":"In\u00edcio","item":"https:\/\/comarcas.csm.org.pt\/faro\/"},{"@type":"ListItem","position":2,"name":"Assembleia de Apuramento Geral (AAG) Para o Apuramento dos Resultados da Elei\u00e7\u00e3o no Distrito de Faro [Legislativas 2025]"}]},{"@type":"WebSite","@id":"https:\/\/comarcas.csm.org.pt\/faro\/#website","url":"https:\/\/comarcas.csm.org.pt\/faro\/","name":"Tribunal Judicial da Comarca de Faro","description":"Tribunal Judicial da Comarca de Faro","publisher":{"@id":"https:\/\/comarcas.csm.org.pt\/faro\/#organization"},"potentialAction":[{"@type":"SearchAction","target":{"@type":"EntryPoint","urlTemplate":"https:\/\/comarcas.csm.org.pt\/faro\/?s={search_term_string}"},"query-input":{"@type":"PropertyValueSpecification","valueRequired":true,"valueName":"search_term_string"}}],"inLanguage":"pt-PT"},{"@type":"Organization","@id":"https:\/\/comarcas.csm.org.pt\/faro\/#organization","name":"Tribunal Judicial da Comarca de Faro","url":"https:\/\/comarcas.csm.org.pt\/faro\/","logo":{"@type":"ImageObject","inLanguage":"pt-PT","@id":"https:\/\/comarcas.csm.org.pt\/faro\/#\/schema\/logo\/image\/","url":"https:\/\/comarcas.csm.org.pt\/faro\/wp-content\/uploads\/sites\/14\/2024\/11\/Faro_positivo-horizontal.png","contentUrl":"https:\/\/comarcas.csm.org.pt\/faro\/wp-content\/uploads\/sites\/14\/2024\/11\/Faro_positivo-horizontal.png","width":4304,"height":1186,"caption":"Tribunal Judicial da Comarca de Faro"},"image":{"@id":"https:\/\/comarcas.csm.org.pt\/faro\/#\/schema\/logo\/image\/"}},{"@type":"Person","@id":"https:\/\/comarcas.csm.org.pt\/faro\/#\/schema\/person\/80181d144b1a338779e96e5c22041079","name":"faro","image":{"@type":"ImageObject","inLanguage":"pt-PT","@id":"https:\/\/comarcas.csm.org.pt\/faro\/#\/schema\/person\/image\/","url":"https:\/\/secure.gravatar.com\/avatar\/7e7f8124f67ba1813b7fa4bfc90df55bd3a80988070fb20b5d815718c45ae0b0?s=96&d=mm&r=g","contentUrl":"https:\/\/secure.gravatar.com\/avatar\/7e7f8124f67ba1813b7fa4bfc90df55bd3a80988070fb20b5d815718c45ae0b0?s=96&d=mm&r=g","caption":"faro"},"url":"https:\/\/comarcas.csm.org.pt\/faro\/blog\/author\/faro\/"}]}},"_links":{"self":[{"href":"https:\/\/comarcas.csm.org.pt\/faro\/wp-json\/wp\/v2\/posts\/13686","targetHints":{"allow":["GET"]}}],"collection":[{"href":"https:\/\/comarcas.csm.org.pt\/faro\/wp-json\/wp\/v2\/posts"}],"about":[{"href":"https:\/\/comarcas.csm.org.pt\/faro\/wp-json\/wp\/v2\/types\/post"}],"author":[{"embeddable":true,"href":"https:\/\/comarcas.csm.org.pt\/faro\/wp-json\/wp\/v2\/users\/14"}],"replies":[{"embeddable":true,"href":"https:\/\/comarcas.csm.org.pt\/faro\/wp-json\/wp\/v2\/comments?post=13686"}],"version-history":[{"count":16,"href":"https:\/\/comarcas.csm.org.pt\/faro\/wp-json\/wp\/v2\/posts\/13686\/revisions"}],"predecessor-version":[{"id":13705,"href":"https:\/\/comarcas.csm.org.pt\/faro\/wp-json\/wp\/v2\/posts\/13686\/revisions\/13705"}],"wp:attachment":[{"href":"https:\/\/comarcas.csm.org.pt\/faro\/wp-json\/wp\/v2\/media?parent=13686"}],"wp:term":[{"taxonomy":"category","embeddable":true,"href":"https:\/\/comarcas.csm.org.pt\/faro\/wp-json\/wp\/v2\/categories?post=13686"},{"taxonomy":"post_tag","embeddable":true,"href":"https:\/\/comarcas.csm.org.pt\/faro\/wp-json\/wp\/v2\/tags?post=13686"}],"curies":[{"name":"wp","href":"https:\/\/api.w.org\/{rel}","templated":true}]}}