{"id":13720,"date":"2025-05-23T14:55:44","date_gmt":"2025-05-23T14:55:44","guid":{"rendered":"https:\/\/comarcas.csm.org.pt\/faro\/?p=13720"},"modified":"2025-05-23T15:01:35","modified_gmt":"2025-05-23T15:01:35","slug":"comunicado-a-imprensa-processo-301-24-2t9tvr-pn-inquerito-atos-jurisdicionais","status":"publish","type":"post","link":"https:\/\/comarcas.csm.org.pt\/faro\/blog\/2025\/05\/23\/comunicado-a-imprensa-processo-301-24-2t9tvr-pn-inquerito-atos-jurisdicionais\/","title":{"rendered":"Comunicado \u00e0 Imprensa &#8211; Processo: 301\/24.2T9TVR (pn) Inqu\u00e9rito (Atos jurisdicionais)"},"content":{"rendered":"\t\t<div data-elementor-type=\"wp-post\" data-elementor-id=\"13720\" class=\"elementor elementor-13720\" data-elementor-post-type=\"post\">\n\t\t\t\t<div class=\"elementor-element elementor-element-94a7e3d e-flex e-con-boxed e-con e-parent\" data-id=\"94a7e3d\" data-element_type=\"container\">\n\t\t\t\t\t<div class=\"e-con-inner\">\n\t\t\t\t<div class=\"elementor-element elementor-element-c04a318 elementor-widget elementor-widget-heading\" data-id=\"c04a318\" data-element_type=\"widget\" data-widget_type=\"heading.default\">\n\t\t\t\t<div class=\"elementor-widget-container\">\n\t\t\t\t\t<h2 class=\"elementor-heading-title elementor-size-default\">COMUNICADO \u00e0 IMPRENSA<\/h2>\t\t\t\t<\/div>\n\t\t\t\t<\/div>\n\t\t\t\t<div class=\"elementor-element elementor-element-50689a6 elementor-widget-divider--view-line elementor-widget elementor-widget-divider\" data-id=\"50689a6\" data-element_type=\"widget\" data-widget_type=\"divider.default\">\n\t\t\t\t<div class=\"elementor-widget-container\">\n\t\t\t\t\t\t\t<div class=\"elementor-divider\">\n\t\t\t<span class=\"elementor-divider-separator\">\n\t\t\t\t\t\t<\/span>\n\t\t<\/div>\n\t\t\t\t\t\t<\/div>\n\t\t\t\t<\/div>\n\t\t\t\t<div class=\"elementor-element elementor-element-9419709 elementor-widget elementor-widget-heading\" data-id=\"9419709\" data-element_type=\"widget\" data-widget_type=\"heading.default\">\n\t\t\t\t<div class=\"elementor-widget-container\">\n\t\t\t\t\t<h2 class=\"elementor-heading-title elementor-size-default\">Tribunal Judicial da Comarca de Faro, Ju\u00edzo de Instru\u00e7\u00e3o Criminal de Faro - Juiz 2 - <p>\nProcesso: 301\/24.2T9TVR (PN) INQU\u00c9RITO (ATOS JURISDICIONAIS)<\/p><\/h2>\t\t\t\t<\/div>\n\t\t\t\t<\/div>\n\t\t\t\t<div class=\"elementor-element elementor-element-70bdd9e elementor-widget elementor-widget-text-editor\" data-id=\"70bdd9e\" data-element_type=\"widget\" data-widget_type=\"text-editor.default\">\n\t\t\t\t<div class=\"elementor-widget-container\">\n\t\t\t\t\t\t\t\t\t<p>Por determina\u00e7\u00e3o do Juiz Presidente do Tribunal Judicial da Comarca de Faro, Juiz Desembargador Henrique Pav\u00e3o, divulga-se o presente Comunicado \u00e0 Imprensa:<\/p><h4 style=\"text-align: center\"><span style=\"color: #993300\"><strong><a style=\"color: #993300\" href=\"https:\/\/comarcas.csm.org.pt\/faro\/wp-content\/uploads\/sites\/14\/2025\/05\/20250523-Comunicado-301_24_2T9TVR.pdf\">20250523 &#8211; Comunicado 301\/24.2T9TVR<\/a><\/strong><\/span><\/h4><p style=\"text-align: right\">\u00a0<\/p>\t\t\t\t\t\t\t\t<\/div>\n\t\t\t\t<\/div>\n\t\t\t\t\t<\/div>\n\t\t\t\t<\/div>\n\t\t\t\t<\/div>\n\t\t","protected":false},"excerpt":{"rendered":"<p>COMUNICADO \u00e0 IMPRENSA Tribunal Judicial da Comarca de Faro, Ju\u00edzo de Instru\u00e7\u00e3o Criminal de Faro &#8211; Juiz 2 &#8211; Processo: 301\/24.2T9TVR (PN) INQU\u00c9RITO (ATOS JURISDICIONAIS) Por determina\u00e7\u00e3o do Juiz Presidente do Tribunal Judicial da Comarca&#8230;<\/p>\n","protected":false},"author":14,"featured_media":0,"comment_status":"closed","ping_status":"open","sticky":false,"template":"","format":"standard","meta":{"_tbt_post_transparent":"","_tbt_post_title":"hide","_tbt_post_layout":"default","_tbt_post_sidebar_id":"","_tbt_post_content_style":"","_tbt_post_vertical_padding":"","_tbt_post_feature":"","_tbt_post_feature_position":"","_tbt_post_header":false,"_tbt_post_footer":false},"categories":[62,61],"tags":[],"class_list":["post-13720","post","type-post","status-publish","format-standard","hentry","category-acordaos-sentencas-decisoes","category-comunicado-a-imprensa"],"yoast_head":"<!-- This site is optimized with the Yoast SEO plugin v25.6 - https:\/\/yoast.com\/wordpress\/plugins\/seo\/ -->\n<title>Comunicado \u00e0 Imprensa - Processo: 301\/24.2T9TVR (pn) Inqu\u00e9rito (Atos jurisdicionais) - Tribunal Judicial da Comarca de Faro<\/title>\n<meta name=\"robots\" content=\"index, follow, max-snippet:-1, max-image-preview:large, max-video-preview:-1\" \/>\n<link rel=\"canonical\" href=\"https:\/\/comarcas.csm.org.pt\/faro\/blog\/2025\/05\/23\/comunicado-a-imprensa-processo-301-24-2t9tvr-pn-inquerito-atos-jurisdicionais\/\" \/>\n<meta property=\"og:locale\" content=\"pt_PT\" \/>\n<meta property=\"og:type\" content=\"article\" \/>\n<meta property=\"og:title\" content=\"Comunicado \u00e0 Imprensa - Processo: 301\/24.2T9TVR (pn) Inqu\u00e9rito (Atos jurisdicionais) - Tribunal Judicial da Comarca de Faro\" \/>\n<meta property=\"og:description\" content=\"COMUNICADO \u00e0 IMPRENSA Tribunal Judicial da Comarca de Faro, Ju\u00edzo de Instru\u00e7\u00e3o Criminal de Faro &#8211; Juiz 2 &#8211; Processo: 301\/24.2T9TVR (PN) INQU\u00c9RITO (ATOS JURISDICIONAIS) Por determina\u00e7\u00e3o do Juiz Presidente do Tribunal Judicial da Comarca...\" \/>\n<meta property=\"og:url\" content=\"https:\/\/comarcas.csm.org.pt\/faro\/blog\/2025\/05\/23\/comunicado-a-imprensa-processo-301-24-2t9tvr-pn-inquerito-atos-jurisdicionais\/\" \/>\n<meta property=\"og:site_name\" content=\"Tribunal Judicial da Comarca de Faro\" \/>\n<meta property=\"article:published_time\" content=\"2025-05-23T14:55:44+00:00\" \/>\n<meta property=\"article:modified_time\" content=\"2025-05-23T15:01:35+00:00\" \/>\n<meta name=\"author\" content=\"faro\" \/>\n<meta name=\"twitter:card\" content=\"summary_large_image\" \/>\n<meta name=\"twitter:label1\" content=\"Escrito por\" \/>\n\t<meta name=\"twitter:data1\" content=\"faro\" \/>\n\t<meta name=\"twitter:label2\" content=\"Tempo estimado de leitura\" \/>\n\t<meta name=\"twitter:data2\" content=\"1 minuto\" \/>\n<script type=\"application\/ld+json\" class=\"yoast-schema-graph\">{\"@context\":\"https:\/\/schema.org\",\"@graph\":[{\"@type\":\"Article\",\"@id\":\"https:\/\/comarcas.csm.org.pt\/faro\/blog\/2025\/05\/23\/comunicado-a-imprensa-processo-301-24-2t9tvr-pn-inquerito-atos-jurisdicionais\/#article\",\"isPartOf\":{\"@id\":\"https:\/\/comarcas.csm.org.pt\/faro\/blog\/2025\/05\/23\/comunicado-a-imprensa-processo-301-24-2t9tvr-pn-inquerito-atos-jurisdicionais\/\"},\"author\":{\"name\":\"faro\",\"@id\":\"https:\/\/comarcas.csm.org.pt\/faro\/#\/schema\/person\/80181d144b1a338779e96e5c22041079\"},\"headline\":\"Comunicado \u00e0 Imprensa &#8211; Processo: 301\/24.2T9TVR (pn) Inqu\u00e9rito (Atos jurisdicionais)\",\"datePublished\":\"2025-05-23T14:55:44+00:00\",\"dateModified\":\"2025-05-23T15:01:35+00:00\",\"mainEntityOfPage\":{\"@id\":\"https:\/\/comarcas.csm.org.pt\/faro\/blog\/2025\/05\/23\/comunicado-a-imprensa-processo-301-24-2t9tvr-pn-inquerito-atos-jurisdicionais\/\"},\"wordCount\":65,\"publisher\":{\"@id\":\"https:\/\/comarcas.csm.org.pt\/faro\/#organization\"},\"articleSection\":[\"Ac\u00f3rd\u00e3os\/Senten\u00e7as\/Decis\u00f5es\",\"Comunicado \u00e0 Imprensa\"],\"inLanguage\":\"pt-PT\"},{\"@type\":\"WebPage\",\"@id\":\"https:\/\/comarcas.csm.org.pt\/faro\/blog\/2025\/05\/23\/comunicado-a-imprensa-processo-301-24-2t9tvr-pn-inquerito-atos-jurisdicionais\/\",\"url\":\"https:\/\/comarcas.csm.org.pt\/faro\/blog\/2025\/05\/23\/comunicado-a-imprensa-processo-301-24-2t9tvr-pn-inquerito-atos-jurisdicionais\/\",\"name\":\"Comunicado \u00e0 Imprensa - Processo: 301\/24.2T9TVR (pn) Inqu\u00e9rito (Atos jurisdicionais) - Tribunal Judicial da Comarca de Faro\",\"isPartOf\":{\"@id\":\"https:\/\/comarcas.csm.org.pt\/faro\/#website\"},\"datePublished\":\"2025-05-23T14:55:44+00:00\",\"dateModified\":\"2025-05-23T15:01:35+00:00\",\"breadcrumb\":{\"@id\":\"https:\/\/comarcas.csm.org.pt\/faro\/blog\/2025\/05\/23\/comunicado-a-imprensa-processo-301-24-2t9tvr-pn-inquerito-atos-jurisdicionais\/#breadcrumb\"},\"inLanguage\":\"pt-PT\",\"potentialAction\":[{\"@type\":\"ReadAction\",\"target\":[\"https:\/\/comarcas.csm.org.pt\/faro\/blog\/2025\/05\/23\/comunicado-a-imprensa-processo-301-24-2t9tvr-pn-inquerito-atos-jurisdicionais\/\"]}]},{\"@type\":\"BreadcrumbList\",\"@id\":\"https:\/\/comarcas.csm.org.pt\/faro\/blog\/2025\/05\/23\/comunicado-a-imprensa-processo-301-24-2t9tvr-pn-inquerito-atos-jurisdicionais\/#breadcrumb\",\"itemListElement\":[{\"@type\":\"ListItem\",\"position\":1,\"name\":\"In\u00edcio\",\"item\":\"https:\/\/comarcas.csm.org.pt\/faro\/\"},{\"@type\":\"ListItem\",\"position\":2,\"name\":\"Comunicado \u00e0 Imprensa &#8211; Processo: 301\/24.2T9TVR (pn) Inqu\u00e9rito (Atos jurisdicionais)\"}]},{\"@type\":\"WebSite\",\"@id\":\"https:\/\/comarcas.csm.org.pt\/faro\/#website\",\"url\":\"https:\/\/comarcas.csm.org.pt\/faro\/\",\"name\":\"Tribunal Judicial da Comarca de Faro\",\"description\":\"Tribunal Judicial da Comarca de Faro\",\"publisher\":{\"@id\":\"https:\/\/comarcas.csm.org.pt\/faro\/#organization\"},\"potentialAction\":[{\"@type\":\"SearchAction\",\"target\":{\"@type\":\"EntryPoint\",\"urlTemplate\":\"https:\/\/comarcas.csm.org.pt\/faro\/?s={search_term_string}\"},\"query-input\":{\"@type\":\"PropertyValueSpecification\",\"valueRequired\":true,\"valueName\":\"search_term_string\"}}],\"inLanguage\":\"pt-PT\"},{\"@type\":\"Organization\",\"@id\":\"https:\/\/comarcas.csm.org.pt\/faro\/#organization\",\"name\":\"Tribunal Judicial da Comarca de Faro\",\"url\":\"https:\/\/comarcas.csm.org.pt\/faro\/\",\"logo\":{\"@type\":\"ImageObject\",\"inLanguage\":\"pt-PT\",\"@id\":\"https:\/\/comarcas.csm.org.pt\/faro\/#\/schema\/logo\/image\/\",\"url\":\"https:\/\/comarcas.csm.org.pt\/faro\/wp-content\/uploads\/sites\/14\/2024\/11\/Faro_positivo-horizontal.png\",\"contentUrl\":\"https:\/\/comarcas.csm.org.pt\/faro\/wp-content\/uploads\/sites\/14\/2024\/11\/Faro_positivo-horizontal.png\",\"width\":4304,\"height\":1186,\"caption\":\"Tribunal Judicial da Comarca de Faro\"},\"image\":{\"@id\":\"https:\/\/comarcas.csm.org.pt\/faro\/#\/schema\/logo\/image\/\"}},{\"@type\":\"Person\",\"@id\":\"https:\/\/comarcas.csm.org.pt\/faro\/#\/schema\/person\/80181d144b1a338779e96e5c22041079\",\"name\":\"faro\",\"image\":{\"@type\":\"ImageObject\",\"inLanguage\":\"pt-PT\",\"@id\":\"https:\/\/comarcas.csm.org.pt\/faro\/#\/schema\/person\/image\/\",\"url\":\"https:\/\/secure.gravatar.com\/avatar\/7e7f8124f67ba1813b7fa4bfc90df55bd3a80988070fb20b5d815718c45ae0b0?s=96&d=mm&r=g\",\"contentUrl\":\"https:\/\/secure.gravatar.com\/avatar\/7e7f8124f67ba1813b7fa4bfc90df55bd3a80988070fb20b5d815718c45ae0b0?s=96&d=mm&r=g\",\"caption\":\"faro\"},\"url\":\"https:\/\/comarcas.csm.org.pt\/faro\/blog\/author\/faro\/\"}]}<\/script>\n<!-- \/ Yoast SEO plugin. -->","yoast_head_json":{"title":"Comunicado \u00e0 Imprensa - Processo: 301\/24.2T9TVR (pn) Inqu\u00e9rito (Atos jurisdicionais) - Tribunal Judicial da Comarca de Faro","robots":{"index":"index","follow":"follow","max-snippet":"max-snippet:-1","max-image-preview":"max-image-preview:large","max-video-preview":"max-video-preview:-1"},"canonical":"https:\/\/comarcas.csm.org.pt\/faro\/blog\/2025\/05\/23\/comunicado-a-imprensa-processo-301-24-2t9tvr-pn-inquerito-atos-jurisdicionais\/","og_locale":"pt_PT","og_type":"article","og_title":"Comunicado \u00e0 Imprensa - Processo: 301\/24.2T9TVR (pn) Inqu\u00e9rito (Atos jurisdicionais) - Tribunal Judicial da Comarca de Faro","og_description":"COMUNICADO \u00e0 IMPRENSA Tribunal Judicial da Comarca de Faro, Ju\u00edzo de Instru\u00e7\u00e3o Criminal de Faro &#8211; Juiz 2 &#8211; Processo: 301\/24.2T9TVR (PN) INQU\u00c9RITO (ATOS JURISDICIONAIS) Por determina\u00e7\u00e3o do Juiz Presidente do Tribunal Judicial da Comarca...","og_url":"https:\/\/comarcas.csm.org.pt\/faro\/blog\/2025\/05\/23\/comunicado-a-imprensa-processo-301-24-2t9tvr-pn-inquerito-atos-jurisdicionais\/","og_site_name":"Tribunal Judicial da Comarca de Faro","article_published_time":"2025-05-23T14:55:44+00:00","article_modified_time":"2025-05-23T15:01:35+00:00","author":"faro","twitter_card":"summary_large_image","twitter_misc":{"Escrito por":"faro","Tempo estimado de leitura":"1 minuto"},"schema":{"@context":"https:\/\/schema.org","@graph":[{"@type":"Article","@id":"https:\/\/comarcas.csm.org.pt\/faro\/blog\/2025\/05\/23\/comunicado-a-imprensa-processo-301-24-2t9tvr-pn-inquerito-atos-jurisdicionais\/#article","isPartOf":{"@id":"https:\/\/comarcas.csm.org.pt\/faro\/blog\/2025\/05\/23\/comunicado-a-imprensa-processo-301-24-2t9tvr-pn-inquerito-atos-jurisdicionais\/"},"author":{"name":"faro","@id":"https:\/\/comarcas.csm.org.pt\/faro\/#\/schema\/person\/80181d144b1a338779e96e5c22041079"},"headline":"Comunicado \u00e0 Imprensa &#8211; Processo: 301\/24.2T9TVR (pn) Inqu\u00e9rito (Atos jurisdicionais)","datePublished":"2025-05-23T14:55:44+00:00","dateModified":"2025-05-23T15:01:35+00:00","mainEntityOfPage":{"@id":"https:\/\/comarcas.csm.org.pt\/faro\/blog\/2025\/05\/23\/comunicado-a-imprensa-processo-301-24-2t9tvr-pn-inquerito-atos-jurisdicionais\/"},"wordCount":65,"publisher":{"@id":"https:\/\/comarcas.csm.org.pt\/faro\/#organization"},"articleSection":["Ac\u00f3rd\u00e3os\/Senten\u00e7as\/Decis\u00f5es","Comunicado \u00e0 Imprensa"],"inLanguage":"pt-PT"},{"@type":"WebPage","@id":"https:\/\/comarcas.csm.org.pt\/faro\/blog\/2025\/05\/23\/comunicado-a-imprensa-processo-301-24-2t9tvr-pn-inquerito-atos-jurisdicionais\/","url":"https:\/\/comarcas.csm.org.pt\/faro\/blog\/2025\/05\/23\/comunicado-a-imprensa-processo-301-24-2t9tvr-pn-inquerito-atos-jurisdicionais\/","name":"Comunicado \u00e0 Imprensa - Processo: 301\/24.2T9TVR (pn) Inqu\u00e9rito (Atos jurisdicionais) - Tribunal Judicial da Comarca de Faro","isPartOf":{"@id":"https:\/\/comarcas.csm.org.pt\/faro\/#website"},"datePublished":"2025-05-23T14:55:44+00:00","dateModified":"2025-05-23T15:01:35+00:00","breadcrumb":{"@id":"https:\/\/comarcas.csm.org.pt\/faro\/blog\/2025\/05\/23\/comunicado-a-imprensa-processo-301-24-2t9tvr-pn-inquerito-atos-jurisdicionais\/#breadcrumb"},"inLanguage":"pt-PT","potentialAction":[{"@type":"ReadAction","target":["https:\/\/comarcas.csm.org.pt\/faro\/blog\/2025\/05\/23\/comunicado-a-imprensa-processo-301-24-2t9tvr-pn-inquerito-atos-jurisdicionais\/"]}]},{"@type":"BreadcrumbList","@id":"https:\/\/comarcas.csm.org.pt\/faro\/blog\/2025\/05\/23\/comunicado-a-imprensa-processo-301-24-2t9tvr-pn-inquerito-atos-jurisdicionais\/#breadcrumb","itemListElement":[{"@type":"ListItem","position":1,"name":"In\u00edcio","item":"https:\/\/comarcas.csm.org.pt\/faro\/"},{"@type":"ListItem","position":2,"name":"Comunicado \u00e0 Imprensa &#8211; Processo: 301\/24.2T9TVR (pn) Inqu\u00e9rito (Atos jurisdicionais)"}]},{"@type":"WebSite","@id":"https:\/\/comarcas.csm.org.pt\/faro\/#website","url":"https:\/\/comarcas.csm.org.pt\/faro\/","name":"Tribunal Judicial da Comarca de Faro","description":"Tribunal Judicial da Comarca de Faro","publisher":{"@id":"https:\/\/comarcas.csm.org.pt\/faro\/#organization"},"potentialAction":[{"@type":"SearchAction","target":{"@type":"EntryPoint","urlTemplate":"https:\/\/comarcas.csm.org.pt\/faro\/?s={search_term_string}"},"query-input":{"@type":"PropertyValueSpecification","valueRequired":true,"valueName":"search_term_string"}}],"inLanguage":"pt-PT"},{"@type":"Organization","@id":"https:\/\/comarcas.csm.org.pt\/faro\/#organization","name":"Tribunal Judicial da Comarca de Faro","url":"https:\/\/comarcas.csm.org.pt\/faro\/","logo":{"@type":"ImageObject","inLanguage":"pt-PT","@id":"https:\/\/comarcas.csm.org.pt\/faro\/#\/schema\/logo\/image\/","url":"https:\/\/comarcas.csm.org.pt\/faro\/wp-content\/uploads\/sites\/14\/2024\/11\/Faro_positivo-horizontal.png","contentUrl":"https:\/\/comarcas.csm.org.pt\/faro\/wp-content\/uploads\/sites\/14\/2024\/11\/Faro_positivo-horizontal.png","width":4304,"height":1186,"caption":"Tribunal Judicial da Comarca de Faro"},"image":{"@id":"https:\/\/comarcas.csm.org.pt\/faro\/#\/schema\/logo\/image\/"}},{"@type":"Person","@id":"https:\/\/comarcas.csm.org.pt\/faro\/#\/schema\/person\/80181d144b1a338779e96e5c22041079","name":"faro","image":{"@type":"ImageObject","inLanguage":"pt-PT","@id":"https:\/\/comarcas.csm.org.pt\/faro\/#\/schema\/person\/image\/","url":"https:\/\/secure.gravatar.com\/avatar\/7e7f8124f67ba1813b7fa4bfc90df55bd3a80988070fb20b5d815718c45ae0b0?s=96&d=mm&r=g","contentUrl":"https:\/\/secure.gravatar.com\/avatar\/7e7f8124f67ba1813b7fa4bfc90df55bd3a80988070fb20b5d815718c45ae0b0?s=96&d=mm&r=g","caption":"faro"},"url":"https:\/\/comarcas.csm.org.pt\/faro\/blog\/author\/faro\/"}]}},"_links":{"self":[{"href":"https:\/\/comarcas.csm.org.pt\/faro\/wp-json\/wp\/v2\/posts\/13720","targetHints":{"allow":["GET"]}}],"collection":[{"href":"https:\/\/comarcas.csm.org.pt\/faro\/wp-json\/wp\/v2\/posts"}],"about":[{"href":"https:\/\/comarcas.csm.org.pt\/faro\/wp-json\/wp\/v2\/types\/post"}],"author":[{"embeddable":true,"href":"https:\/\/comarcas.csm.org.pt\/faro\/wp-json\/wp\/v2\/users\/14"}],"replies":[{"embeddable":true,"href":"https:\/\/comarcas.csm.org.pt\/faro\/wp-json\/wp\/v2\/comments?post=13720"}],"version-history":[{"count":7,"href":"https:\/\/comarcas.csm.org.pt\/faro\/wp-json\/wp\/v2\/posts\/13720\/revisions"}],"predecessor-version":[{"id":13728,"href":"https:\/\/comarcas.csm.org.pt\/faro\/wp-json\/wp\/v2\/posts\/13720\/revisions\/13728"}],"wp:attachment":[{"href":"https:\/\/comarcas.csm.org.pt\/faro\/wp-json\/wp\/v2\/media?parent=13720"}],"wp:term":[{"taxonomy":"category","embeddable":true,"href":"https:\/\/comarcas.csm.org.pt\/faro\/wp-json\/wp\/v2\/categories?post=13720"},{"taxonomy":"post_tag","embeddable":true,"href":"https:\/\/comarcas.csm.org.pt\/faro\/wp-json\/wp\/v2\/tags?post=13720"}],"curies":[{"name":"wp","href":"https:\/\/api.w.org\/{rel}","templated":true}]}}