{"id":13758,"date":"2025-05-27T11:27:38","date_gmt":"2025-05-27T11:27:38","guid":{"rendered":"https:\/\/comarcas.csm.org.pt\/faro\/?p=13758"},"modified":"2025-05-27T12:09:11","modified_gmt":"2025-05-27T12:09:11","slug":"grevio-primeiro-relatorio-de-avaliacao-tematica-portugal-27-05-2025","status":"publish","type":"post","link":"https:\/\/comarcas.csm.org.pt\/faro\/blog\/2025\/05\/27\/grevio-primeiro-relatorio-de-avaliacao-tematica-portugal-27-05-2025\/","title":{"rendered":"GREVIO &#8211; Primeiro Relat\u00f3rio de Avalia\u00e7\u00e3o Tem\u00e1tica [Portugal] 27\/05\/2025"},"content":{"rendered":"\t\t<div data-elementor-type=\"wp-post\" data-elementor-id=\"13758\" class=\"elementor elementor-13758\" data-elementor-post-type=\"post\">\n\t\t\t\t<div class=\"elementor-element elementor-element-fa51756 e-flex e-con-boxed e-con e-parent\" data-id=\"fa51756\" data-element_type=\"container\">\n\t\t\t\t\t<div class=\"e-con-inner\">\n\t\t\t\t<div class=\"elementor-element elementor-element-8208c32 elementor-widget elementor-widget-text-editor\" data-id=\"8208c32\" data-element_type=\"widget\" data-widget_type=\"text-editor.default\">\n\t\t\t\t<div class=\"elementor-widget-container\">\n\t\t\t\t\t\t\t\t\t<h1 style=\"text-align: center\"><strong>GREVIO<\/strong><\/h1><div>\u00a0<\/div><div>Grupo atualmente composto por dez peritos independentes, eleitos pelos Estados Membros, respons\u00e1vel pelo controlo da aplica\u00e7\u00e3o da <span style=\"color: #993300\"><strong><a style=\"color: #993300\" href=\"https:\/\/rm.coe.int\/168008482e\" target=\"_blank\" rel=\"noopener\">Conven\u00e7\u00e3o do Conselho da Europa para a Preven\u00e7\u00e3o e o Combate \u00e0 Viol\u00eancia contra as Mulheres e a Viol\u00eancia Dom\u00e9stica<\/a><\/strong><\/span> (Conven\u00e7\u00e3o de Istambul).<\/div><div>\u00a0<\/div><div>O GREVIO elabora e publica relat\u00f3rios avaliando as medidas legislativas e de outra natureza adotadas pelos Estados Membros para dar cumprimento \u00e0s disposi\u00e7\u00f5es da Conven\u00e7\u00e3o. Pode instaurar inqu\u00e9ritos especiais caso receba informa\u00e7\u00e3o fidedigna indicando a ocorr\u00eancia de um padr\u00e3o grave, massivo ou persistente de atos de viol\u00eancia abrangidos pela Conven\u00e7\u00e3o que exijam aten\u00e7\u00e3o imediata. Pode tamb\u00e9m adotar recomenda\u00e7\u00f5es gerais sobre temas e conceitos abrangidos pela Conven\u00e7\u00e3o.<\/div><div>\u00a0<\/div><div>P\u00e1gina oficial do GREVIO (<a href=\"https:\/\/www.coe.int\/en\/web\/istanbul-convention\/home\" target=\"_blank\" rel=\"noopener\"><span style=\"color: #993300\"><strong>Portal do CoE<\/strong><\/span><\/a>)<\/div>\t\t\t\t\t\t\t\t<\/div>\n\t\t\t\t<\/div>\n\t\t\t\t\t<\/div>\n\t\t\t\t<\/div>\n\t\t<div class=\"elementor-element elementor-element-569b510 e-flex e-con-boxed e-con e-parent\" data-id=\"569b510\" data-element_type=\"container\">\n\t\t\t\t\t<div class=\"e-con-inner\">\n\t\t\t\t<div class=\"elementor-element elementor-element-60737a9 elementor-widget elementor-widget-image\" data-id=\"60737a9\" data-element_type=\"widget\" data-widget_type=\"image.default\">\n\t\t\t\t<div class=\"elementor-widget-container\">\n\t\t\t\t\t\t\t\t\t\t\t\t\t\t\t\t<a href=\"https:\/\/rm.coe.int\/first-thematic-evaluation-report-building-trust-by-delivering-support-\/1680b607c7\" target=\"_blank\">\n\t\t\t\t\t\t\t<img fetchpriority=\"high\" decoding=\"async\" width=\"561\" height=\"636\" src=\"https:\/\/comarcas.csm.org.pt\/faro\/wp-content\/uploads\/sites\/14\/2025\/05\/GREVIO-Reporte-27_05_2025.png\" class=\"attachment-large size-large wp-image-13760\" alt=\"\" srcset=\"https:\/\/comarcas.csm.org.pt\/faro\/wp-content\/uploads\/sites\/14\/2025\/05\/GREVIO-Reporte-27_05_2025.png 561w, https:\/\/comarcas.csm.org.pt\/faro\/wp-content\/uploads\/sites\/14\/2025\/05\/GREVIO-Reporte-27_05_2025-265x300.png 265w\" sizes=\"(max-width: 561px) 100vw, 561px\" \/>\t\t\t\t\t\t\t\t<\/a>\n\t\t\t\t\t\t\t\t\t\t\t\t\t\t\t<\/div>\n\t\t\t\t<\/div>\n\t\t\t\t<div class=\"elementor-element elementor-element-ce203a0 elementor-widget-divider--view-line elementor-widget elementor-widget-divider\" data-id=\"ce203a0\" data-element_type=\"widget\" data-widget_type=\"divider.default\">\n\t\t\t\t<div class=\"elementor-widget-container\">\n\t\t\t\t\t\t\t<div class=\"elementor-divider\">\n\t\t\t<span class=\"elementor-divider-separator\">\n\t\t\t\t\t\t<\/span>\n\t\t<\/div>\n\t\t\t\t\t\t<\/div>\n\t\t\t\t<\/div>\n\t\t\t\t\t<\/div>\n\t\t\t\t<\/div>\n\t\t<div class=\"elementor-element elementor-element-310fe5c e-grid e-con-boxed e-con e-parent\" data-id=\"310fe5c\" data-element_type=\"container\">\n\t\t\t\t\t<div class=\"e-con-inner\">\n\t\t\t\t<div class=\"elementor-element elementor-element-388a312 elementor-align-center elementor-widget elementor-widget-button\" data-id=\"388a312\" data-element_type=\"widget\" data-widget_type=\"button.default\">\n\t\t\t\t<div class=\"elementor-widget-container\">\n\t\t\t\t\t\t\t\t\t<div class=\"elementor-button-wrapper\">\n\t\t\t\t\t<a class=\"elementor-button elementor-button-link elementor-size-sm\" href=\"https:\/\/rm.coe.int\/comments-submitted-by-portugal-on-grevio-s-first-thematic-evaluation\/1680b6072b\" target=\"_blank\">\n\t\t\t\t\t\t<span class=\"elementor-button-content-wrapper\">\n\t\t\t\t\t\t\t\t\t<span class=\"elementor-button-text\">Comments submitted by Portugal<\/span>\n\t\t\t\t\t<\/span>\n\t\t\t\t\t<\/a>\n\t\t\t\t<\/div>\n\t\t\t\t\t\t\t\t<\/div>\n\t\t\t\t<\/div>\n\t\t\t\t<div class=\"elementor-element elementor-element-183bb45 elementor-widget elementor-widget-text-editor\" data-id=\"183bb45\" data-element_type=\"widget\" data-widget_type=\"text-editor.default\">\n\t\t\t\t<div class=\"elementor-widget-container\">\n\t\t\t\t\t\t\t\t\t<h5 style=\"text-align: center\"><span style=\"color: #993300\"><strong><a style=\"color: #993300\" href=\"https:\/\/comarcas.csm.org.pt\/faro\/wp-content\/uploads\/sites\/14\/2025\/05\/GREVIO-Report-27_05_2025-Comentarios-das-Entidades-Portuguesas-Traduzido.pdf\" target=\"_blank\" rel=\"noopener\">Coment\u00e1rios da Entidade Portuguesa<\/a><\/strong><\/span><\/h5><h5 style=\"text-align: center\"><a href=\"https:\/\/comarcas.csm.org.pt\/faro\/wp-content\/uploads\/sites\/14\/2025\/05\/GREVIO-Report-27_05_2025-Comentarios-das-Entidades-Portuguesas-Traduzido.pdf\">Traduzido<\/a><\/h5>\t\t\t\t\t\t\t\t<\/div>\n\t\t\t\t<\/div>\n\t\t\t\t<div class=\"elementor-element elementor-element-c9440bf elementor-widget elementor-widget-text-editor\" data-id=\"c9440bf\" data-element_type=\"widget\" data-widget_type=\"text-editor.default\">\n\t\t\t\t<div class=\"elementor-widget-container\">\n\t\t\t\t\t\t\t\t\t<h5 style=\"text-align: center\"><span style=\"color: #993300\"><strong><a style=\"color: #993300\" href=\"https:\/\/comarcas.csm.org.pt\/faro\/wp-content\/uploads\/sites\/14\/2025\/05\/Crimes-Registados-Pelas-Autoridades-Policiais-27_05_2025.pdf\" target=\"_blank\" rel=\"noopener\">Crimes Registados Pelas Autoridades Policiais <\/a><\/strong><\/span><br \/>[<strong>Distrito Faro<\/strong>] Dados: 31\/03\/2025<br \/>Estat\u00edsticas da Justi\u00e7a [EJ]<\/h5>\t\t\t\t\t\t\t\t<\/div>\n\t\t\t\t<\/div>\n\t\t\t\t\t<\/div>\n\t\t\t\t<\/div>\n\t\t\t\t<\/div>\n\t\t","protected":false},"excerpt":{"rendered":"<p>GREVIO \u00a0Grupo atualmente composto por dez peritos independentes, eleitos pelos Estados Membros, respons\u00e1vel pelo controlo da aplica\u00e7\u00e3o da Conven\u00e7\u00e3o do Conselho da Europa para a Preven\u00e7\u00e3o e o Combate \u00e0 Viol\u00eancia contra as Mulheres e&#8230;<\/p>\n","protected":false},"author":14,"featured_media":0,"comment_status":"closed","ping_status":"open","sticky":false,"template":"","format":"standard","meta":{"_tbt_post_transparent":"","_tbt_post_title":"","_tbt_post_layout":"","_tbt_post_sidebar_id":"","_tbt_post_content_style":"","_tbt_post_vertical_padding":"","_tbt_post_feature":"","_tbt_post_feature_position":"","_tbt_post_header":false,"_tbt_post_footer":false},"categories":[65,63,66],"tags":[],"class_list":["post-13758","post","type-post","status-publish","format-standard","hentry","category-autoridades-europeias","category-divulgacoes","category-relatorios"],"yoast_head":"<!-- This site is optimized with the Yoast SEO plugin v25.6 - https:\/\/yoast.com\/wordpress\/plugins\/seo\/ -->\n<title>GREVIO - Primeiro Relat\u00f3rio de Avalia\u00e7\u00e3o Tem\u00e1tica [Portugal] 27\/05\/2025 - Tribunal Judicial da Comarca de Faro<\/title>\n<meta name=\"robots\" content=\"index, follow, max-snippet:-1, max-image-preview:large, max-video-preview:-1\" \/>\n<link rel=\"canonical\" href=\"https:\/\/comarcas.csm.org.pt\/faro\/blog\/2025\/05\/27\/grevio-primeiro-relatorio-de-avaliacao-tematica-portugal-27-05-2025\/\" \/>\n<meta property=\"og:locale\" content=\"pt_PT\" \/>\n<meta property=\"og:type\" content=\"article\" \/>\n<meta property=\"og:title\" content=\"GREVIO - Primeiro Relat\u00f3rio de Avalia\u00e7\u00e3o Tem\u00e1tica [Portugal] 27\/05\/2025 - Tribunal Judicial da Comarca de Faro\" \/>\n<meta property=\"og:description\" content=\"GREVIO \u00a0Grupo atualmente composto por dez peritos independentes, eleitos pelos Estados Membros, respons\u00e1vel pelo controlo da aplica\u00e7\u00e3o da Conven\u00e7\u00e3o do Conselho da Europa para a Preven\u00e7\u00e3o e o Combate \u00e0 Viol\u00eancia contra as Mulheres e...\" \/>\n<meta property=\"og:url\" content=\"https:\/\/comarcas.csm.org.pt\/faro\/blog\/2025\/05\/27\/grevio-primeiro-relatorio-de-avaliacao-tematica-portugal-27-05-2025\/\" \/>\n<meta property=\"og:site_name\" content=\"Tribunal Judicial da Comarca de Faro\" \/>\n<meta property=\"article:published_time\" content=\"2025-05-27T11:27:38+00:00\" \/>\n<meta property=\"article:modified_time\" content=\"2025-05-27T12:09:11+00:00\" \/>\n<meta property=\"og:image\" content=\"https:\/\/comarcas.csm.org.pt\/faro\/wp-content\/uploads\/sites\/14\/2025\/05\/GREVIO-Reporte-27_05_2025.png\" \/>\n\t<meta property=\"og:image:width\" content=\"561\" \/>\n\t<meta property=\"og:image:height\" content=\"636\" \/>\n\t<meta property=\"og:image:type\" content=\"image\/png\" \/>\n<meta name=\"author\" content=\"faro\" \/>\n<meta name=\"twitter:card\" content=\"summary_large_image\" \/>\n<meta name=\"twitter:label1\" content=\"Escrito por\" \/>\n\t<meta name=\"twitter:data1\" content=\"faro\" \/>\n\t<meta name=\"twitter:label2\" content=\"Tempo estimado de leitura\" \/>\n\t<meta name=\"twitter:data2\" content=\"1 minuto\" \/>\n<script type=\"application\/ld+json\" class=\"yoast-schema-graph\">{\"@context\":\"https:\/\/schema.org\",\"@graph\":[{\"@type\":\"Article\",\"@id\":\"https:\/\/comarcas.csm.org.pt\/faro\/blog\/2025\/05\/27\/grevio-primeiro-relatorio-de-avaliacao-tematica-portugal-27-05-2025\/#article\",\"isPartOf\":{\"@id\":\"https:\/\/comarcas.csm.org.pt\/faro\/blog\/2025\/05\/27\/grevio-primeiro-relatorio-de-avaliacao-tematica-portugal-27-05-2025\/\"},\"author\":{\"name\":\"faro\",\"@id\":\"https:\/\/comarcas.csm.org.pt\/faro\/#\/schema\/person\/80181d144b1a338779e96e5c22041079\"},\"headline\":\"GREVIO &#8211; Primeiro Relat\u00f3rio de Avalia\u00e7\u00e3o Tem\u00e1tica [Portugal] 27\/05\/2025\",\"datePublished\":\"2025-05-27T11:27:38+00:00\",\"dateModified\":\"2025-05-27T12:09:11+00:00\",\"mainEntityOfPage\":{\"@id\":\"https:\/\/comarcas.csm.org.pt\/faro\/blog\/2025\/05\/27\/grevio-primeiro-relatorio-de-avaliacao-tematica-portugal-27-05-2025\/\"},\"wordCount\":170,\"publisher\":{\"@id\":\"https:\/\/comarcas.csm.org.pt\/faro\/#organization\"},\"image\":{\"@id\":\"https:\/\/comarcas.csm.org.pt\/faro\/blog\/2025\/05\/27\/grevio-primeiro-relatorio-de-avaliacao-tematica-portugal-27-05-2025\/#primaryimage\"},\"thumbnailUrl\":\"https:\/\/comarcas.csm.org.pt\/faro\/wp-content\/uploads\/sites\/14\/2025\/05\/GREVIO-Reporte-27_05_2025.png\",\"articleSection\":[\"Autoridades Europeias\",\"Divulga\u00e7\u00f5es\",\"Relat\u00f3rios\"],\"inLanguage\":\"pt-PT\"},{\"@type\":\"WebPage\",\"@id\":\"https:\/\/comarcas.csm.org.pt\/faro\/blog\/2025\/05\/27\/grevio-primeiro-relatorio-de-avaliacao-tematica-portugal-27-05-2025\/\",\"url\":\"https:\/\/comarcas.csm.org.pt\/faro\/blog\/2025\/05\/27\/grevio-primeiro-relatorio-de-avaliacao-tematica-portugal-27-05-2025\/\",\"name\":\"GREVIO - Primeiro Relat\u00f3rio de Avalia\u00e7\u00e3o Tem\u00e1tica [Portugal] 27\/05\/2025 - Tribunal Judicial da Comarca de Faro\",\"isPartOf\":{\"@id\":\"https:\/\/comarcas.csm.org.pt\/faro\/#website\"},\"primaryImageOfPage\":{\"@id\":\"https:\/\/comarcas.csm.org.pt\/faro\/blog\/2025\/05\/27\/grevio-primeiro-relatorio-de-avaliacao-tematica-portugal-27-05-2025\/#primaryimage\"},\"image\":{\"@id\":\"https:\/\/comarcas.csm.org.pt\/faro\/blog\/2025\/05\/27\/grevio-primeiro-relatorio-de-avaliacao-tematica-portugal-27-05-2025\/#primaryimage\"},\"thumbnailUrl\":\"https:\/\/comarcas.csm.org.pt\/faro\/wp-content\/uploads\/sites\/14\/2025\/05\/GREVIO-Reporte-27_05_2025.png\",\"datePublished\":\"2025-05-27T11:27:38+00:00\",\"dateModified\":\"2025-05-27T12:09:11+00:00\",\"breadcrumb\":{\"@id\":\"https:\/\/comarcas.csm.org.pt\/faro\/blog\/2025\/05\/27\/grevio-primeiro-relatorio-de-avaliacao-tematica-portugal-27-05-2025\/#breadcrumb\"},\"inLanguage\":\"pt-PT\",\"potentialAction\":[{\"@type\":\"ReadAction\",\"target\":[\"https:\/\/comarcas.csm.org.pt\/faro\/blog\/2025\/05\/27\/grevio-primeiro-relatorio-de-avaliacao-tematica-portugal-27-05-2025\/\"]}]},{\"@type\":\"ImageObject\",\"inLanguage\":\"pt-PT\",\"@id\":\"https:\/\/comarcas.csm.org.pt\/faro\/blog\/2025\/05\/27\/grevio-primeiro-relatorio-de-avaliacao-tematica-portugal-27-05-2025\/#primaryimage\",\"url\":\"https:\/\/comarcas.csm.org.pt\/faro\/wp-content\/uploads\/sites\/14\/2025\/05\/GREVIO-Reporte-27_05_2025.png\",\"contentUrl\":\"https:\/\/comarcas.csm.org.pt\/faro\/wp-content\/uploads\/sites\/14\/2025\/05\/GREVIO-Reporte-27_05_2025.png\",\"width\":561,\"height\":636},{\"@type\":\"BreadcrumbList\",\"@id\":\"https:\/\/comarcas.csm.org.pt\/faro\/blog\/2025\/05\/27\/grevio-primeiro-relatorio-de-avaliacao-tematica-portugal-27-05-2025\/#breadcrumb\",\"itemListElement\":[{\"@type\":\"ListItem\",\"position\":1,\"name\":\"In\u00edcio\",\"item\":\"https:\/\/comarcas.csm.org.pt\/faro\/\"},{\"@type\":\"ListItem\",\"position\":2,\"name\":\"GREVIO &#8211; Primeiro Relat\u00f3rio de Avalia\u00e7\u00e3o Tem\u00e1tica [Portugal] 27\/05\/2025\"}]},{\"@type\":\"WebSite\",\"@id\":\"https:\/\/comarcas.csm.org.pt\/faro\/#website\",\"url\":\"https:\/\/comarcas.csm.org.pt\/faro\/\",\"name\":\"Tribunal Judicial da Comarca de Faro\",\"description\":\"Tribunal Judicial da Comarca de Faro\",\"publisher\":{\"@id\":\"https:\/\/comarcas.csm.org.pt\/faro\/#organization\"},\"potentialAction\":[{\"@type\":\"SearchAction\",\"target\":{\"@type\":\"EntryPoint\",\"urlTemplate\":\"https:\/\/comarcas.csm.org.pt\/faro\/?s={search_term_string}\"},\"query-input\":{\"@type\":\"PropertyValueSpecification\",\"valueRequired\":true,\"valueName\":\"search_term_string\"}}],\"inLanguage\":\"pt-PT\"},{\"@type\":\"Organization\",\"@id\":\"https:\/\/comarcas.csm.org.pt\/faro\/#organization\",\"name\":\"Tribunal Judicial da Comarca de Faro\",\"url\":\"https:\/\/comarcas.csm.org.pt\/faro\/\",\"logo\":{\"@type\":\"ImageObject\",\"inLanguage\":\"pt-PT\",\"@id\":\"https:\/\/comarcas.csm.org.pt\/faro\/#\/schema\/logo\/image\/\",\"url\":\"https:\/\/comarcas.csm.org.pt\/faro\/wp-content\/uploads\/sites\/14\/2024\/11\/Faro_positivo-horizontal.png\",\"contentUrl\":\"https:\/\/comarcas.csm.org.pt\/faro\/wp-content\/uploads\/sites\/14\/2024\/11\/Faro_positivo-horizontal.png\",\"width\":4304,\"height\":1186,\"caption\":\"Tribunal Judicial da Comarca de Faro\"},\"image\":{\"@id\":\"https:\/\/comarcas.csm.org.pt\/faro\/#\/schema\/logo\/image\/\"}},{\"@type\":\"Person\",\"@id\":\"https:\/\/comarcas.csm.org.pt\/faro\/#\/schema\/person\/80181d144b1a338779e96e5c22041079\",\"name\":\"faro\",\"image\":{\"@type\":\"ImageObject\",\"inLanguage\":\"pt-PT\",\"@id\":\"https:\/\/comarcas.csm.org.pt\/faro\/#\/schema\/person\/image\/\",\"url\":\"https:\/\/secure.gravatar.com\/avatar\/7e7f8124f67ba1813b7fa4bfc90df55bd3a80988070fb20b5d815718c45ae0b0?s=96&d=mm&r=g\",\"contentUrl\":\"https:\/\/secure.gravatar.com\/avatar\/7e7f8124f67ba1813b7fa4bfc90df55bd3a80988070fb20b5d815718c45ae0b0?s=96&d=mm&r=g\",\"caption\":\"faro\"},\"url\":\"https:\/\/comarcas.csm.org.pt\/faro\/blog\/author\/faro\/\"}]}<\/script>\n<!-- \/ Yoast SEO plugin. -->","yoast_head_json":{"title":"GREVIO - Primeiro Relat\u00f3rio de Avalia\u00e7\u00e3o Tem\u00e1tica [Portugal] 27\/05\/2025 - Tribunal Judicial da Comarca de Faro","robots":{"index":"index","follow":"follow","max-snippet":"max-snippet:-1","max-image-preview":"max-image-preview:large","max-video-preview":"max-video-preview:-1"},"canonical":"https:\/\/comarcas.csm.org.pt\/faro\/blog\/2025\/05\/27\/grevio-primeiro-relatorio-de-avaliacao-tematica-portugal-27-05-2025\/","og_locale":"pt_PT","og_type":"article","og_title":"GREVIO - Primeiro Relat\u00f3rio de Avalia\u00e7\u00e3o Tem\u00e1tica [Portugal] 27\/05\/2025 - Tribunal Judicial da Comarca de Faro","og_description":"GREVIO \u00a0Grupo atualmente composto por dez peritos independentes, eleitos pelos Estados Membros, respons\u00e1vel pelo controlo da aplica\u00e7\u00e3o da Conven\u00e7\u00e3o do Conselho da Europa para a Preven\u00e7\u00e3o e o Combate \u00e0 Viol\u00eancia contra as Mulheres e...","og_url":"https:\/\/comarcas.csm.org.pt\/faro\/blog\/2025\/05\/27\/grevio-primeiro-relatorio-de-avaliacao-tematica-portugal-27-05-2025\/","og_site_name":"Tribunal Judicial da Comarca de Faro","article_published_time":"2025-05-27T11:27:38+00:00","article_modified_time":"2025-05-27T12:09:11+00:00","og_image":[{"width":561,"height":636,"url":"https:\/\/comarcas.csm.org.pt\/faro\/wp-content\/uploads\/sites\/14\/2025\/05\/GREVIO-Reporte-27_05_2025.png","type":"image\/png"}],"author":"faro","twitter_card":"summary_large_image","twitter_misc":{"Escrito por":"faro","Tempo estimado de leitura":"1 minuto"},"schema":{"@context":"https:\/\/schema.org","@graph":[{"@type":"Article","@id":"https:\/\/comarcas.csm.org.pt\/faro\/blog\/2025\/05\/27\/grevio-primeiro-relatorio-de-avaliacao-tematica-portugal-27-05-2025\/#article","isPartOf":{"@id":"https:\/\/comarcas.csm.org.pt\/faro\/blog\/2025\/05\/27\/grevio-primeiro-relatorio-de-avaliacao-tematica-portugal-27-05-2025\/"},"author":{"name":"faro","@id":"https:\/\/comarcas.csm.org.pt\/faro\/#\/schema\/person\/80181d144b1a338779e96e5c22041079"},"headline":"GREVIO &#8211; Primeiro Relat\u00f3rio de Avalia\u00e7\u00e3o Tem\u00e1tica [Portugal] 27\/05\/2025","datePublished":"2025-05-27T11:27:38+00:00","dateModified":"2025-05-27T12:09:11+00:00","mainEntityOfPage":{"@id":"https:\/\/comarcas.csm.org.pt\/faro\/blog\/2025\/05\/27\/grevio-primeiro-relatorio-de-avaliacao-tematica-portugal-27-05-2025\/"},"wordCount":170,"publisher":{"@id":"https:\/\/comarcas.csm.org.pt\/faro\/#organization"},"image":{"@id":"https:\/\/comarcas.csm.org.pt\/faro\/blog\/2025\/05\/27\/grevio-primeiro-relatorio-de-avaliacao-tematica-portugal-27-05-2025\/#primaryimage"},"thumbnailUrl":"https:\/\/comarcas.csm.org.pt\/faro\/wp-content\/uploads\/sites\/14\/2025\/05\/GREVIO-Reporte-27_05_2025.png","articleSection":["Autoridades Europeias","Divulga\u00e7\u00f5es","Relat\u00f3rios"],"inLanguage":"pt-PT"},{"@type":"WebPage","@id":"https:\/\/comarcas.csm.org.pt\/faro\/blog\/2025\/05\/27\/grevio-primeiro-relatorio-de-avaliacao-tematica-portugal-27-05-2025\/","url":"https:\/\/comarcas.csm.org.pt\/faro\/blog\/2025\/05\/27\/grevio-primeiro-relatorio-de-avaliacao-tematica-portugal-27-05-2025\/","name":"GREVIO - Primeiro Relat\u00f3rio de Avalia\u00e7\u00e3o Tem\u00e1tica [Portugal] 27\/05\/2025 - Tribunal Judicial da Comarca de Faro","isPartOf":{"@id":"https:\/\/comarcas.csm.org.pt\/faro\/#website"},"primaryImageOfPage":{"@id":"https:\/\/comarcas.csm.org.pt\/faro\/blog\/2025\/05\/27\/grevio-primeiro-relatorio-de-avaliacao-tematica-portugal-27-05-2025\/#primaryimage"},"image":{"@id":"https:\/\/comarcas.csm.org.pt\/faro\/blog\/2025\/05\/27\/grevio-primeiro-relatorio-de-avaliacao-tematica-portugal-27-05-2025\/#primaryimage"},"thumbnailUrl":"https:\/\/comarcas.csm.org.pt\/faro\/wp-content\/uploads\/sites\/14\/2025\/05\/GREVIO-Reporte-27_05_2025.png","datePublished":"2025-05-27T11:27:38+00:00","dateModified":"2025-05-27T12:09:11+00:00","breadcrumb":{"@id":"https:\/\/comarcas.csm.org.pt\/faro\/blog\/2025\/05\/27\/grevio-primeiro-relatorio-de-avaliacao-tematica-portugal-27-05-2025\/#breadcrumb"},"inLanguage":"pt-PT","potentialAction":[{"@type":"ReadAction","target":["https:\/\/comarcas.csm.org.pt\/faro\/blog\/2025\/05\/27\/grevio-primeiro-relatorio-de-avaliacao-tematica-portugal-27-05-2025\/"]}]},{"@type":"ImageObject","inLanguage":"pt-PT","@id":"https:\/\/comarcas.csm.org.pt\/faro\/blog\/2025\/05\/27\/grevio-primeiro-relatorio-de-avaliacao-tematica-portugal-27-05-2025\/#primaryimage","url":"https:\/\/comarcas.csm.org.pt\/faro\/wp-content\/uploads\/sites\/14\/2025\/05\/GREVIO-Reporte-27_05_2025.png","contentUrl":"https:\/\/comarcas.csm.org.pt\/faro\/wp-content\/uploads\/sites\/14\/2025\/05\/GREVIO-Reporte-27_05_2025.png","width":561,"height":636},{"@type":"BreadcrumbList","@id":"https:\/\/comarcas.csm.org.pt\/faro\/blog\/2025\/05\/27\/grevio-primeiro-relatorio-de-avaliacao-tematica-portugal-27-05-2025\/#breadcrumb","itemListElement":[{"@type":"ListItem","position":1,"name":"In\u00edcio","item":"https:\/\/comarcas.csm.org.pt\/faro\/"},{"@type":"ListItem","position":2,"name":"GREVIO &#8211; Primeiro Relat\u00f3rio de Avalia\u00e7\u00e3o Tem\u00e1tica [Portugal] 27\/05\/2025"}]},{"@type":"WebSite","@id":"https:\/\/comarcas.csm.org.pt\/faro\/#website","url":"https:\/\/comarcas.csm.org.pt\/faro\/","name":"Tribunal Judicial da Comarca de Faro","description":"Tribunal Judicial da Comarca de Faro","publisher":{"@id":"https:\/\/comarcas.csm.org.pt\/faro\/#organization"},"potentialAction":[{"@type":"SearchAction","target":{"@type":"EntryPoint","urlTemplate":"https:\/\/comarcas.csm.org.pt\/faro\/?s={search_term_string}"},"query-input":{"@type":"PropertyValueSpecification","valueRequired":true,"valueName":"search_term_string"}}],"inLanguage":"pt-PT"},{"@type":"Organization","@id":"https:\/\/comarcas.csm.org.pt\/faro\/#organization","name":"Tribunal Judicial da Comarca de Faro","url":"https:\/\/comarcas.csm.org.pt\/faro\/","logo":{"@type":"ImageObject","inLanguage":"pt-PT","@id":"https:\/\/comarcas.csm.org.pt\/faro\/#\/schema\/logo\/image\/","url":"https:\/\/comarcas.csm.org.pt\/faro\/wp-content\/uploads\/sites\/14\/2024\/11\/Faro_positivo-horizontal.png","contentUrl":"https:\/\/comarcas.csm.org.pt\/faro\/wp-content\/uploads\/sites\/14\/2024\/11\/Faro_positivo-horizontal.png","width":4304,"height":1186,"caption":"Tribunal Judicial da Comarca de Faro"},"image":{"@id":"https:\/\/comarcas.csm.org.pt\/faro\/#\/schema\/logo\/image\/"}},{"@type":"Person","@id":"https:\/\/comarcas.csm.org.pt\/faro\/#\/schema\/person\/80181d144b1a338779e96e5c22041079","name":"faro","image":{"@type":"ImageObject","inLanguage":"pt-PT","@id":"https:\/\/comarcas.csm.org.pt\/faro\/#\/schema\/person\/image\/","url":"https:\/\/secure.gravatar.com\/avatar\/7e7f8124f67ba1813b7fa4bfc90df55bd3a80988070fb20b5d815718c45ae0b0?s=96&d=mm&r=g","contentUrl":"https:\/\/secure.gravatar.com\/avatar\/7e7f8124f67ba1813b7fa4bfc90df55bd3a80988070fb20b5d815718c45ae0b0?s=96&d=mm&r=g","caption":"faro"},"url":"https:\/\/comarcas.csm.org.pt\/faro\/blog\/author\/faro\/"}]}},"_links":{"self":[{"href":"https:\/\/comarcas.csm.org.pt\/faro\/wp-json\/wp\/v2\/posts\/13758","targetHints":{"allow":["GET"]}}],"collection":[{"href":"https:\/\/comarcas.csm.org.pt\/faro\/wp-json\/wp\/v2\/posts"}],"about":[{"href":"https:\/\/comarcas.csm.org.pt\/faro\/wp-json\/wp\/v2\/types\/post"}],"author":[{"embeddable":true,"href":"https:\/\/comarcas.csm.org.pt\/faro\/wp-json\/wp\/v2\/users\/14"}],"replies":[{"embeddable":true,"href":"https:\/\/comarcas.csm.org.pt\/faro\/wp-json\/wp\/v2\/comments?post=13758"}],"version-history":[{"count":7,"href":"https:\/\/comarcas.csm.org.pt\/faro\/wp-json\/wp\/v2\/posts\/13758\/revisions"}],"predecessor-version":[{"id":13769,"href":"https:\/\/comarcas.csm.org.pt\/faro\/wp-json\/wp\/v2\/posts\/13758\/revisions\/13769"}],"wp:attachment":[{"href":"https:\/\/comarcas.csm.org.pt\/faro\/wp-json\/wp\/v2\/media?parent=13758"}],"wp:term":[{"taxonomy":"category","embeddable":true,"href":"https:\/\/comarcas.csm.org.pt\/faro\/wp-json\/wp\/v2\/categories?post=13758"},{"taxonomy":"post_tag","embeddable":true,"href":"https:\/\/comarcas.csm.org.pt\/faro\/wp-json\/wp\/v2\/tags?post=13758"}],"curies":[{"name":"wp","href":"https:\/\/api.w.org\/{rel}","templated":true}]}}