{"id":14030,"date":"2025-06-27T14:13:37","date_gmt":"2025-06-27T14:13:37","guid":{"rendered":"https:\/\/comarcas.csm.org.pt\/faro\/?p=14030"},"modified":"2025-06-30T14:52:49","modified_gmt":"2025-06-30T14:52:49","slug":"comissao-apresenta-roteiro-para-o-acesso-efetivo-e-licito-aos-dados-parafins-de-aplicacao-da-lei-24-06-2025","status":"publish","type":"post","link":"https:\/\/comarcas.csm.org.pt\/faro\/blog\/2025\/06\/27\/comissao-apresenta-roteiro-para-o-acesso-efetivo-e-licito-aos-dados-parafins-de-aplicacao-da-lei-24-06-2025\/","title":{"rendered":"Comiss\u00e3o apresenta roteiro para o acesso efetivo e l\u00edcito aos dados para fins de aplica\u00e7\u00e3o da lei [24\/06\/2025]"},"content":{"rendered":"\t\t<div data-elementor-type=\"wp-post\" data-elementor-id=\"14030\" class=\"elementor elementor-14030\" data-elementor-post-type=\"post\">\n\t\t\t\t<div class=\"elementor-element elementor-element-a210226 e-flex e-con-boxed e-con e-parent\" data-id=\"a210226\" data-element_type=\"container\">\n\t\t\t\t\t<div class=\"e-con-inner\">\n\t\t\t\t<div class=\"elementor-element elementor-element-27a9117 elementor-widget elementor-widget-image\" data-id=\"27a9117\" data-element_type=\"widget\" data-widget_type=\"image.default\">\n\t\t\t\t<div class=\"elementor-widget-container\">\n\t\t\t\t\t\t\t\t\t\t\t\t\t\t\t\t<a href=\"https:\/\/ec.europa.eu\/commission\/presscorner\/api\/files\/document\/print\/pt\/ip_25_1599\/IP_25_1599_EN.pdf\" target=\"_blank\">\n\t\t\t\t\t\t\t<img fetchpriority=\"high\" decoding=\"async\" width=\"726\" height=\"134\" src=\"https:\/\/comarcas.csm.org.pt\/faro\/wp-content\/uploads\/sites\/14\/2025\/06\/Comissao-Europeia-Counicado-de-Imprensa.png\" class=\"attachment-large size-large wp-image-14032\" alt=\"\" srcset=\"https:\/\/comarcas.csm.org.pt\/faro\/wp-content\/uploads\/sites\/14\/2025\/06\/Comissao-Europeia-Counicado-de-Imprensa.png 726w, https:\/\/comarcas.csm.org.pt\/faro\/wp-content\/uploads\/sites\/14\/2025\/06\/Comissao-Europeia-Counicado-de-Imprensa-300x55.png 300w\" sizes=\"(max-width: 726px) 100vw, 726px\" \/>\t\t\t\t\t\t\t\t<\/a>\n\t\t\t\t\t\t\t\t\t\t\t\t\t\t\t<\/div>\n\t\t\t\t<\/div>\n\t\t\t\t\t<\/div>\n\t\t\t\t<\/div>\n\t\t<div class=\"elementor-element elementor-element-99f051c e-flex e-con-boxed e-con e-parent\" data-id=\"99f051c\" data-element_type=\"container\">\n\t\t\t\t\t<div class=\"e-con-inner\">\n\t\t\t\t<div class=\"elementor-element elementor-element-e7e2335 elementor-widget elementor-widget-text-editor\" data-id=\"e7e2335\" data-element_type=\"widget\" data-widget_type=\"text-editor.default\">\n\t\t\t\t<div class=\"elementor-widget-container\">\n\t\t\t\t\t\t\t\t\t<p>O Roteiro centra-se em seis dom\u00ednios fundamentais:<\/p><ul><li><strong>Conserva\u00e7\u00e3o de dados<\/strong>: Em 2025, a Comiss\u00e3o realizar\u00e1 uma avalia\u00e7\u00e3o de impacto com vista a atualizar as regras da UE em mat\u00e9ria de conserva\u00e7\u00e3o de dados. Al\u00e9m disso, a Europol e a Eurojust trabalhar\u00e3o no refor\u00e7o da coopera\u00e7\u00e3o entre as autoridades respons\u00e1veis pela aplica\u00e7\u00e3o da lei e os prestadores de servi\u00e7os no que diz respeito ao acesso a provas eletr\u00f3nicas.<\/li><li><strong>Interce\u00e7\u00e3o legal<\/strong>: A fim de permitir que as autoridades respons\u00e1veis pela aplica\u00e7\u00e3o da lei obtenham elementos de prova em todos os sistemas e jurisdi\u00e7\u00f5es, a Comiss\u00e3o explorar\u00e1 medidas para melhorar a coopera\u00e7\u00e3o transfronteiri\u00e7a para a interce\u00e7\u00e3o legal de dados at\u00e9 2027, tanto entre as autoridades como entre as autoridades e os prestadores de servi\u00e7os. As principais a\u00e7\u00f5es para os pr\u00f3ximos anos incluem a avalia\u00e7\u00e3o da necessidade de continuar a refor\u00e7ar a decis\u00e3o europeia de investiga\u00e7\u00e3o (at\u00e9 2027) e o apoio \u00e0 implanta\u00e7\u00e3o de capacidades seguras de partilha de informa\u00e7\u00f5es entre os Estados-Membros, a Europol e outras ag\u00eancias de seguran\u00e7a (2026-2028).<\/li><li><strong>Investiga\u00e7\u00e3o forense digital<\/strong>: As autoridades policiais e judiciais devem poder analisar e preservar as provas digitais armazenadas em dispositivos eletr\u00f3nicos. A Comiss\u00e3o, juntamente com a Europol, coordenar\u00e1 uma an\u00e1lise das lacunas e das necessidades em mat\u00e9ria de solu\u00e7\u00f5es t\u00e9cnicas no dom\u00ednio da investiga\u00e7\u00e3o forense digital e apoiar\u00e1 o desenvolvimento de ferramentas forenses com financiamento da UE e parcerias p\u00fablico-privadas. Convida-se a Europol a tornar-se um centro de excel\u00eancia para conhecimentos operacionais especializados no dom\u00ednio da inform\u00e1tica forense e a intensificar a coordena\u00e7\u00e3o com as autoridades nacionais e os organismos privados (a partir de 2026).<\/li><li><strong>Decifragem<\/strong>: Em 2026, a Comiss\u00e3o apresentar\u00e1 um roteiro tecnol\u00f3gico em mat\u00e9ria de cifragem para identificar e avaliar solu\u00e7\u00f5es que permitam o acesso l\u00edcito a dados cifrados por parte das autoridades policiais, salvaguardando simultaneamente a ciberseguran\u00e7a e os direitos fundamentais. A Comiss\u00e3o apoiar\u00e1 igualmente o desenvolvimento de novas tecnologias de decifragem para dotar a Europol de uma capacidade de decifragem da pr\u00f3xima gera\u00e7\u00e3o (a partir de 2030).<\/li><li><strong>Normaliza\u00e7\u00e3o<\/strong>: A Comiss\u00e3o trabalhar\u00e1 com a Europol, as partes interessadas do setor, os peritos e os profissionais respons\u00e1veis pela aplica\u00e7\u00e3o da lei para desenvolver e racionalizar uma abordagem da UE em mat\u00e9ria de normaliza\u00e7\u00e3o para a seguran\u00e7a interna, com destaque para a investiga\u00e7\u00e3o forense digital, a divulga\u00e7\u00e3o legal e a interce\u00e7\u00e3o legal.<\/li><li><strong>Solu\u00e7\u00f5es de IA para a aplica\u00e7\u00e3o da lei<\/strong>: At\u00e9 2028, a Comiss\u00e3o promover\u00e1 o desenvolvimento e a implanta\u00e7\u00e3o de ferramentas de IA que permitam \u00e0s autoridades tratar de forma l\u00edcita e eficaz grandes volumes de dados apreendidos, ajudando a filtrar e analisar as provas digitais de forma mais eficiente.<\/li><\/ul><p style=\"text-align: right\"><em>In <span style=\"color: #993300\"><strong><a style=\"color: #993300\" href=\"https:\/\/ec.europa.eu\/commission\/presscorner\/api\/files\/document\/print\/pt\/ip_25_1599\/IP_25_1599_EN.pdf\" target=\"_blank\" rel=\"noopener\">Comunicado de Imprensa<\/a><\/strong><\/span> da CE, 24\/06\/2027 <\/em><\/p>\t\t\t\t\t\t\t\t<\/div>\n\t\t\t\t<\/div>\n\t\t\t\t\t<\/div>\n\t\t\t\t<\/div>\n\t\t\t\t<\/div>\n\t\t","protected":false},"excerpt":{"rendered":"<p>O Roteiro centra-se em seis dom\u00ednios fundamentais: Conserva\u00e7\u00e3o de dados: Em 2025, a Comiss\u00e3o realizar\u00e1 uma avalia\u00e7\u00e3o de impacto com vista a atualizar as regras da UE em mat\u00e9ria de conserva\u00e7\u00e3o de dados. Al\u00e9m disso,&#8230;<\/p>\n","protected":false},"author":29,"featured_media":0,"comment_status":"closed","ping_status":"open","sticky":false,"template":"","format":"standard","meta":{"_tbt_post_transparent":"","_tbt_post_title":"","_tbt_post_layout":"","_tbt_post_sidebar_id":"","_tbt_post_content_style":"","_tbt_post_vertical_padding":"","_tbt_post_feature":"","_tbt_post_feature_position":"","_tbt_post_header":false,"_tbt_post_footer":false},"categories":[65,61,63],"tags":[],"class_list":["post-14030","post","type-post","status-publish","format-standard","hentry","category-autoridades-europeias","category-comunicado-a-imprensa","category-divulgacoes"],"yoast_head":"<!-- This site is optimized with the Yoast SEO plugin v25.6 - https:\/\/yoast.com\/wordpress\/plugins\/seo\/ -->\n<title>Comiss\u00e3o apresenta roteiro para o acesso efetivo e l\u00edcito aos dados para fins de aplica\u00e7\u00e3o da lei [24\/06\/2025] - Tribunal Judicial da Comarca de Faro<\/title>\n<meta name=\"robots\" content=\"index, follow, max-snippet:-1, max-image-preview:large, max-video-preview:-1\" \/>\n<link rel=\"canonical\" href=\"https:\/\/comarcas.csm.org.pt\/faro\/blog\/2025\/06\/27\/comissao-apresenta-roteiro-para-o-acesso-efetivo-e-licito-aos-dados-parafins-de-aplicacao-da-lei-24-06-2025\/\" \/>\n<meta property=\"og:locale\" content=\"pt_PT\" \/>\n<meta property=\"og:type\" content=\"article\" \/>\n<meta property=\"og:title\" content=\"Comiss\u00e3o apresenta roteiro para o acesso efetivo e l\u00edcito aos dados para fins de aplica\u00e7\u00e3o da lei [24\/06\/2025] - Tribunal Judicial da Comarca de Faro\" \/>\n<meta property=\"og:description\" content=\"O Roteiro centra-se em seis dom\u00ednios fundamentais: Conserva\u00e7\u00e3o de dados: Em 2025, a Comiss\u00e3o realizar\u00e1 uma avalia\u00e7\u00e3o de impacto com vista a atualizar as regras da UE em mat\u00e9ria de conserva\u00e7\u00e3o de dados. Al\u00e9m disso,...\" \/>\n<meta property=\"og:url\" content=\"https:\/\/comarcas.csm.org.pt\/faro\/blog\/2025\/06\/27\/comissao-apresenta-roteiro-para-o-acesso-efetivo-e-licito-aos-dados-parafins-de-aplicacao-da-lei-24-06-2025\/\" \/>\n<meta property=\"og:site_name\" content=\"Tribunal Judicial da Comarca de Faro\" \/>\n<meta property=\"article:published_time\" content=\"2025-06-27T14:13:37+00:00\" \/>\n<meta property=\"article:modified_time\" content=\"2025-06-30T14:52:49+00:00\" \/>\n<meta property=\"og:image\" content=\"https:\/\/comarcas.csm.org.pt\/faro\/wp-content\/uploads\/sites\/14\/2025\/06\/Comissao-Europeia-Counicado-de-Imprensa.png\" \/>\n<meta name=\"author\" content=\"servando\" \/>\n<meta name=\"twitter:card\" content=\"summary_large_image\" \/>\n<meta name=\"twitter:label1\" content=\"Escrito por\" \/>\n\t<meta name=\"twitter:data1\" content=\"servando\" \/>\n\t<meta name=\"twitter:label2\" content=\"Tempo estimado de leitura\" \/>\n\t<meta name=\"twitter:data2\" content=\"3 minutos\" \/>\n<script type=\"application\/ld+json\" class=\"yoast-schema-graph\">{\"@context\":\"https:\/\/schema.org\",\"@graph\":[{\"@type\":\"Article\",\"@id\":\"https:\/\/comarcas.csm.org.pt\/faro\/blog\/2025\/06\/27\/comissao-apresenta-roteiro-para-o-acesso-efetivo-e-licito-aos-dados-parafins-de-aplicacao-da-lei-24-06-2025\/#article\",\"isPartOf\":{\"@id\":\"https:\/\/comarcas.csm.org.pt\/faro\/blog\/2025\/06\/27\/comissao-apresenta-roteiro-para-o-acesso-efetivo-e-licito-aos-dados-parafins-de-aplicacao-da-lei-24-06-2025\/\"},\"author\":{\"name\":\"servando\",\"@id\":\"https:\/\/comarcas.csm.org.pt\/faro\/#\/schema\/person\/4b57476d02670c2c03cc696e0ae9f1d0\"},\"headline\":\"Comiss\u00e3o apresenta roteiro para o acesso efetivo e l\u00edcito aos dados para fins de aplica\u00e7\u00e3o da lei [24\/06\/2025]\",\"datePublished\":\"2025-06-27T14:13:37+00:00\",\"dateModified\":\"2025-06-30T14:52:49+00:00\",\"mainEntityOfPage\":{\"@id\":\"https:\/\/comarcas.csm.org.pt\/faro\/blog\/2025\/06\/27\/comissao-apresenta-roteiro-para-o-acesso-efetivo-e-licito-aos-dados-parafins-de-aplicacao-da-lei-24-06-2025\/\"},\"wordCount\":517,\"publisher\":{\"@id\":\"https:\/\/comarcas.csm.org.pt\/faro\/#organization\"},\"image\":{\"@id\":\"https:\/\/comarcas.csm.org.pt\/faro\/blog\/2025\/06\/27\/comissao-apresenta-roteiro-para-o-acesso-efetivo-e-licito-aos-dados-parafins-de-aplicacao-da-lei-24-06-2025\/#primaryimage\"},\"thumbnailUrl\":\"https:\/\/comarcas.csm.org.pt\/faro\/wp-content\/uploads\/sites\/14\/2025\/06\/Comissao-Europeia-Counicado-de-Imprensa.png\",\"articleSection\":[\"Autoridades Europeias\",\"Comunicado \u00e0 Imprensa\",\"Divulga\u00e7\u00f5es\"],\"inLanguage\":\"pt-PT\"},{\"@type\":\"WebPage\",\"@id\":\"https:\/\/comarcas.csm.org.pt\/faro\/blog\/2025\/06\/27\/comissao-apresenta-roteiro-para-o-acesso-efetivo-e-licito-aos-dados-parafins-de-aplicacao-da-lei-24-06-2025\/\",\"url\":\"https:\/\/comarcas.csm.org.pt\/faro\/blog\/2025\/06\/27\/comissao-apresenta-roteiro-para-o-acesso-efetivo-e-licito-aos-dados-parafins-de-aplicacao-da-lei-24-06-2025\/\",\"name\":\"Comiss\u00e3o apresenta roteiro para o acesso efetivo e l\u00edcito aos dados para fins de aplica\u00e7\u00e3o da lei [24\/06\/2025] - Tribunal Judicial da Comarca de Faro\",\"isPartOf\":{\"@id\":\"https:\/\/comarcas.csm.org.pt\/faro\/#website\"},\"primaryImageOfPage\":{\"@id\":\"https:\/\/comarcas.csm.org.pt\/faro\/blog\/2025\/06\/27\/comissao-apresenta-roteiro-para-o-acesso-efetivo-e-licito-aos-dados-parafins-de-aplicacao-da-lei-24-06-2025\/#primaryimage\"},\"image\":{\"@id\":\"https:\/\/comarcas.csm.org.pt\/faro\/blog\/2025\/06\/27\/comissao-apresenta-roteiro-para-o-acesso-efetivo-e-licito-aos-dados-parafins-de-aplicacao-da-lei-24-06-2025\/#primaryimage\"},\"thumbnailUrl\":\"https:\/\/comarcas.csm.org.pt\/faro\/wp-content\/uploads\/sites\/14\/2025\/06\/Comissao-Europeia-Counicado-de-Imprensa.png\",\"datePublished\":\"2025-06-27T14:13:37+00:00\",\"dateModified\":\"2025-06-30T14:52:49+00:00\",\"breadcrumb\":{\"@id\":\"https:\/\/comarcas.csm.org.pt\/faro\/blog\/2025\/06\/27\/comissao-apresenta-roteiro-para-o-acesso-efetivo-e-licito-aos-dados-parafins-de-aplicacao-da-lei-24-06-2025\/#breadcrumb\"},\"inLanguage\":\"pt-PT\",\"potentialAction\":[{\"@type\":\"ReadAction\",\"target\":[\"https:\/\/comarcas.csm.org.pt\/faro\/blog\/2025\/06\/27\/comissao-apresenta-roteiro-para-o-acesso-efetivo-e-licito-aos-dados-parafins-de-aplicacao-da-lei-24-06-2025\/\"]}]},{\"@type\":\"ImageObject\",\"inLanguage\":\"pt-PT\",\"@id\":\"https:\/\/comarcas.csm.org.pt\/faro\/blog\/2025\/06\/27\/comissao-apresenta-roteiro-para-o-acesso-efetivo-e-licito-aos-dados-parafins-de-aplicacao-da-lei-24-06-2025\/#primaryimage\",\"url\":\"https:\/\/comarcas.csm.org.pt\/faro\/wp-content\/uploads\/sites\/14\/2025\/06\/Comissao-Europeia-Counicado-de-Imprensa.png\",\"contentUrl\":\"https:\/\/comarcas.csm.org.pt\/faro\/wp-content\/uploads\/sites\/14\/2025\/06\/Comissao-Europeia-Counicado-de-Imprensa.png\",\"width\":726,\"height\":134},{\"@type\":\"BreadcrumbList\",\"@id\":\"https:\/\/comarcas.csm.org.pt\/faro\/blog\/2025\/06\/27\/comissao-apresenta-roteiro-para-o-acesso-efetivo-e-licito-aos-dados-parafins-de-aplicacao-da-lei-24-06-2025\/#breadcrumb\",\"itemListElement\":[{\"@type\":\"ListItem\",\"position\":1,\"name\":\"In\u00edcio\",\"item\":\"https:\/\/comarcas.csm.org.pt\/faro\/\"},{\"@type\":\"ListItem\",\"position\":2,\"name\":\"Comiss\u00e3o apresenta roteiro para o acesso efetivo e l\u00edcito aos dados para fins de aplica\u00e7\u00e3o da lei [24\/06\/2025]\"}]},{\"@type\":\"WebSite\",\"@id\":\"https:\/\/comarcas.csm.org.pt\/faro\/#website\",\"url\":\"https:\/\/comarcas.csm.org.pt\/faro\/\",\"name\":\"Tribunal Judicial da Comarca de Faro\",\"description\":\"Tribunal Judicial da Comarca de Faro\",\"publisher\":{\"@id\":\"https:\/\/comarcas.csm.org.pt\/faro\/#organization\"},\"potentialAction\":[{\"@type\":\"SearchAction\",\"target\":{\"@type\":\"EntryPoint\",\"urlTemplate\":\"https:\/\/comarcas.csm.org.pt\/faro\/?s={search_term_string}\"},\"query-input\":{\"@type\":\"PropertyValueSpecification\",\"valueRequired\":true,\"valueName\":\"search_term_string\"}}],\"inLanguage\":\"pt-PT\"},{\"@type\":\"Organization\",\"@id\":\"https:\/\/comarcas.csm.org.pt\/faro\/#organization\",\"name\":\"Tribunal Judicial da Comarca de Faro\",\"url\":\"https:\/\/comarcas.csm.org.pt\/faro\/\",\"logo\":{\"@type\":\"ImageObject\",\"inLanguage\":\"pt-PT\",\"@id\":\"https:\/\/comarcas.csm.org.pt\/faro\/#\/schema\/logo\/image\/\",\"url\":\"https:\/\/comarcas.csm.org.pt\/faro\/wp-content\/uploads\/sites\/14\/2024\/11\/Faro_positivo-horizontal.png\",\"contentUrl\":\"https:\/\/comarcas.csm.org.pt\/faro\/wp-content\/uploads\/sites\/14\/2024\/11\/Faro_positivo-horizontal.png\",\"width\":4304,\"height\":1186,\"caption\":\"Tribunal Judicial da Comarca de Faro\"},\"image\":{\"@id\":\"https:\/\/comarcas.csm.org.pt\/faro\/#\/schema\/logo\/image\/\"}},{\"@type\":\"Person\",\"@id\":\"https:\/\/comarcas.csm.org.pt\/faro\/#\/schema\/person\/4b57476d02670c2c03cc696e0ae9f1d0\",\"name\":\"servando\",\"image\":{\"@type\":\"ImageObject\",\"inLanguage\":\"pt-PT\",\"@id\":\"https:\/\/comarcas.csm.org.pt\/faro\/#\/schema\/person\/image\/\",\"url\":\"https:\/\/secure.gravatar.com\/avatar\/3bb57b07d435882f36052a526cf1fc8a355ca2f7e451c03f976820909a8410a9?s=96&d=mm&r=g\",\"contentUrl\":\"https:\/\/secure.gravatar.com\/avatar\/3bb57b07d435882f36052a526cf1fc8a355ca2f7e451c03f976820909a8410a9?s=96&d=mm&r=g\",\"caption\":\"servando\"},\"url\":\"https:\/\/comarcas.csm.org.pt\/faro\/blog\/author\/servando\/\"}]}<\/script>\n<!-- \/ Yoast SEO plugin. -->","yoast_head_json":{"title":"Comiss\u00e3o apresenta roteiro para o acesso efetivo e l\u00edcito aos dados para fins de aplica\u00e7\u00e3o da lei [24\/06\/2025] - Tribunal Judicial da Comarca de Faro","robots":{"index":"index","follow":"follow","max-snippet":"max-snippet:-1","max-image-preview":"max-image-preview:large","max-video-preview":"max-video-preview:-1"},"canonical":"https:\/\/comarcas.csm.org.pt\/faro\/blog\/2025\/06\/27\/comissao-apresenta-roteiro-para-o-acesso-efetivo-e-licito-aos-dados-parafins-de-aplicacao-da-lei-24-06-2025\/","og_locale":"pt_PT","og_type":"article","og_title":"Comiss\u00e3o apresenta roteiro para o acesso efetivo e l\u00edcito aos dados para fins de aplica\u00e7\u00e3o da lei [24\/06\/2025] - Tribunal Judicial da Comarca de Faro","og_description":"O Roteiro centra-se em seis dom\u00ednios fundamentais: Conserva\u00e7\u00e3o de dados: Em 2025, a Comiss\u00e3o realizar\u00e1 uma avalia\u00e7\u00e3o de impacto com vista a atualizar as regras da UE em mat\u00e9ria de conserva\u00e7\u00e3o de dados. Al\u00e9m disso,...","og_url":"https:\/\/comarcas.csm.org.pt\/faro\/blog\/2025\/06\/27\/comissao-apresenta-roteiro-para-o-acesso-efetivo-e-licito-aos-dados-parafins-de-aplicacao-da-lei-24-06-2025\/","og_site_name":"Tribunal Judicial da Comarca de Faro","article_published_time":"2025-06-27T14:13:37+00:00","article_modified_time":"2025-06-30T14:52:49+00:00","og_image":[{"url":"https:\/\/comarcas.csm.org.pt\/faro\/wp-content\/uploads\/sites\/14\/2025\/06\/Comissao-Europeia-Counicado-de-Imprensa.png","type":"","width":"","height":""}],"author":"servando","twitter_card":"summary_large_image","twitter_misc":{"Escrito por":"servando","Tempo estimado de leitura":"3 minutos"},"schema":{"@context":"https:\/\/schema.org","@graph":[{"@type":"Article","@id":"https:\/\/comarcas.csm.org.pt\/faro\/blog\/2025\/06\/27\/comissao-apresenta-roteiro-para-o-acesso-efetivo-e-licito-aos-dados-parafins-de-aplicacao-da-lei-24-06-2025\/#article","isPartOf":{"@id":"https:\/\/comarcas.csm.org.pt\/faro\/blog\/2025\/06\/27\/comissao-apresenta-roteiro-para-o-acesso-efetivo-e-licito-aos-dados-parafins-de-aplicacao-da-lei-24-06-2025\/"},"author":{"name":"servando","@id":"https:\/\/comarcas.csm.org.pt\/faro\/#\/schema\/person\/4b57476d02670c2c03cc696e0ae9f1d0"},"headline":"Comiss\u00e3o apresenta roteiro para o acesso efetivo e l\u00edcito aos dados para fins de aplica\u00e7\u00e3o da lei [24\/06\/2025]","datePublished":"2025-06-27T14:13:37+00:00","dateModified":"2025-06-30T14:52:49+00:00","mainEntityOfPage":{"@id":"https:\/\/comarcas.csm.org.pt\/faro\/blog\/2025\/06\/27\/comissao-apresenta-roteiro-para-o-acesso-efetivo-e-licito-aos-dados-parafins-de-aplicacao-da-lei-24-06-2025\/"},"wordCount":517,"publisher":{"@id":"https:\/\/comarcas.csm.org.pt\/faro\/#organization"},"image":{"@id":"https:\/\/comarcas.csm.org.pt\/faro\/blog\/2025\/06\/27\/comissao-apresenta-roteiro-para-o-acesso-efetivo-e-licito-aos-dados-parafins-de-aplicacao-da-lei-24-06-2025\/#primaryimage"},"thumbnailUrl":"https:\/\/comarcas.csm.org.pt\/faro\/wp-content\/uploads\/sites\/14\/2025\/06\/Comissao-Europeia-Counicado-de-Imprensa.png","articleSection":["Autoridades Europeias","Comunicado \u00e0 Imprensa","Divulga\u00e7\u00f5es"],"inLanguage":"pt-PT"},{"@type":"WebPage","@id":"https:\/\/comarcas.csm.org.pt\/faro\/blog\/2025\/06\/27\/comissao-apresenta-roteiro-para-o-acesso-efetivo-e-licito-aos-dados-parafins-de-aplicacao-da-lei-24-06-2025\/","url":"https:\/\/comarcas.csm.org.pt\/faro\/blog\/2025\/06\/27\/comissao-apresenta-roteiro-para-o-acesso-efetivo-e-licito-aos-dados-parafins-de-aplicacao-da-lei-24-06-2025\/","name":"Comiss\u00e3o apresenta roteiro para o acesso efetivo e l\u00edcito aos dados para fins de aplica\u00e7\u00e3o da lei [24\/06\/2025] - Tribunal Judicial da Comarca de Faro","isPartOf":{"@id":"https:\/\/comarcas.csm.org.pt\/faro\/#website"},"primaryImageOfPage":{"@id":"https:\/\/comarcas.csm.org.pt\/faro\/blog\/2025\/06\/27\/comissao-apresenta-roteiro-para-o-acesso-efetivo-e-licito-aos-dados-parafins-de-aplicacao-da-lei-24-06-2025\/#primaryimage"},"image":{"@id":"https:\/\/comarcas.csm.org.pt\/faro\/blog\/2025\/06\/27\/comissao-apresenta-roteiro-para-o-acesso-efetivo-e-licito-aos-dados-parafins-de-aplicacao-da-lei-24-06-2025\/#primaryimage"},"thumbnailUrl":"https:\/\/comarcas.csm.org.pt\/faro\/wp-content\/uploads\/sites\/14\/2025\/06\/Comissao-Europeia-Counicado-de-Imprensa.png","datePublished":"2025-06-27T14:13:37+00:00","dateModified":"2025-06-30T14:52:49+00:00","breadcrumb":{"@id":"https:\/\/comarcas.csm.org.pt\/faro\/blog\/2025\/06\/27\/comissao-apresenta-roteiro-para-o-acesso-efetivo-e-licito-aos-dados-parafins-de-aplicacao-da-lei-24-06-2025\/#breadcrumb"},"inLanguage":"pt-PT","potentialAction":[{"@type":"ReadAction","target":["https:\/\/comarcas.csm.org.pt\/faro\/blog\/2025\/06\/27\/comissao-apresenta-roteiro-para-o-acesso-efetivo-e-licito-aos-dados-parafins-de-aplicacao-da-lei-24-06-2025\/"]}]},{"@type":"ImageObject","inLanguage":"pt-PT","@id":"https:\/\/comarcas.csm.org.pt\/faro\/blog\/2025\/06\/27\/comissao-apresenta-roteiro-para-o-acesso-efetivo-e-licito-aos-dados-parafins-de-aplicacao-da-lei-24-06-2025\/#primaryimage","url":"https:\/\/comarcas.csm.org.pt\/faro\/wp-content\/uploads\/sites\/14\/2025\/06\/Comissao-Europeia-Counicado-de-Imprensa.png","contentUrl":"https:\/\/comarcas.csm.org.pt\/faro\/wp-content\/uploads\/sites\/14\/2025\/06\/Comissao-Europeia-Counicado-de-Imprensa.png","width":726,"height":134},{"@type":"BreadcrumbList","@id":"https:\/\/comarcas.csm.org.pt\/faro\/blog\/2025\/06\/27\/comissao-apresenta-roteiro-para-o-acesso-efetivo-e-licito-aos-dados-parafins-de-aplicacao-da-lei-24-06-2025\/#breadcrumb","itemListElement":[{"@type":"ListItem","position":1,"name":"In\u00edcio","item":"https:\/\/comarcas.csm.org.pt\/faro\/"},{"@type":"ListItem","position":2,"name":"Comiss\u00e3o apresenta roteiro para o acesso efetivo e l\u00edcito aos dados para fins de aplica\u00e7\u00e3o da lei [24\/06\/2025]"}]},{"@type":"WebSite","@id":"https:\/\/comarcas.csm.org.pt\/faro\/#website","url":"https:\/\/comarcas.csm.org.pt\/faro\/","name":"Tribunal Judicial da Comarca de Faro","description":"Tribunal Judicial da Comarca de Faro","publisher":{"@id":"https:\/\/comarcas.csm.org.pt\/faro\/#organization"},"potentialAction":[{"@type":"SearchAction","target":{"@type":"EntryPoint","urlTemplate":"https:\/\/comarcas.csm.org.pt\/faro\/?s={search_term_string}"},"query-input":{"@type":"PropertyValueSpecification","valueRequired":true,"valueName":"search_term_string"}}],"inLanguage":"pt-PT"},{"@type":"Organization","@id":"https:\/\/comarcas.csm.org.pt\/faro\/#organization","name":"Tribunal Judicial da Comarca de Faro","url":"https:\/\/comarcas.csm.org.pt\/faro\/","logo":{"@type":"ImageObject","inLanguage":"pt-PT","@id":"https:\/\/comarcas.csm.org.pt\/faro\/#\/schema\/logo\/image\/","url":"https:\/\/comarcas.csm.org.pt\/faro\/wp-content\/uploads\/sites\/14\/2024\/11\/Faro_positivo-horizontal.png","contentUrl":"https:\/\/comarcas.csm.org.pt\/faro\/wp-content\/uploads\/sites\/14\/2024\/11\/Faro_positivo-horizontal.png","width":4304,"height":1186,"caption":"Tribunal Judicial da Comarca de Faro"},"image":{"@id":"https:\/\/comarcas.csm.org.pt\/faro\/#\/schema\/logo\/image\/"}},{"@type":"Person","@id":"https:\/\/comarcas.csm.org.pt\/faro\/#\/schema\/person\/4b57476d02670c2c03cc696e0ae9f1d0","name":"servando","image":{"@type":"ImageObject","inLanguage":"pt-PT","@id":"https:\/\/comarcas.csm.org.pt\/faro\/#\/schema\/person\/image\/","url":"https:\/\/secure.gravatar.com\/avatar\/3bb57b07d435882f36052a526cf1fc8a355ca2f7e451c03f976820909a8410a9?s=96&d=mm&r=g","contentUrl":"https:\/\/secure.gravatar.com\/avatar\/3bb57b07d435882f36052a526cf1fc8a355ca2f7e451c03f976820909a8410a9?s=96&d=mm&r=g","caption":"servando"},"url":"https:\/\/comarcas.csm.org.pt\/faro\/blog\/author\/servando\/"}]}},"_links":{"self":[{"href":"https:\/\/comarcas.csm.org.pt\/faro\/wp-json\/wp\/v2\/posts\/14030","targetHints":{"allow":["GET"]}}],"collection":[{"href":"https:\/\/comarcas.csm.org.pt\/faro\/wp-json\/wp\/v2\/posts"}],"about":[{"href":"https:\/\/comarcas.csm.org.pt\/faro\/wp-json\/wp\/v2\/types\/post"}],"author":[{"embeddable":true,"href":"https:\/\/comarcas.csm.org.pt\/faro\/wp-json\/wp\/v2\/users\/29"}],"replies":[{"embeddable":true,"href":"https:\/\/comarcas.csm.org.pt\/faro\/wp-json\/wp\/v2\/comments?post=14030"}],"version-history":[{"count":8,"href":"https:\/\/comarcas.csm.org.pt\/faro\/wp-json\/wp\/v2\/posts\/14030\/revisions"}],"predecessor-version":[{"id":14050,"href":"https:\/\/comarcas.csm.org.pt\/faro\/wp-json\/wp\/v2\/posts\/14030\/revisions\/14050"}],"wp:attachment":[{"href":"https:\/\/comarcas.csm.org.pt\/faro\/wp-json\/wp\/v2\/media?parent=14030"}],"wp:term":[{"taxonomy":"category","embeddable":true,"href":"https:\/\/comarcas.csm.org.pt\/faro\/wp-json\/wp\/v2\/categories?post=14030"},{"taxonomy":"post_tag","embeddable":true,"href":"https:\/\/comarcas.csm.org.pt\/faro\/wp-json\/wp\/v2\/tags?post=14030"}],"curies":[{"name":"wp","href":"https:\/\/api.w.org\/{rel}","templated":true}]}}