{"id":14039,"date":"2025-06-28T21:29:59","date_gmt":"2025-06-28T21:29:59","guid":{"rendered":"https:\/\/comarcas.csm.org.pt\/faro\/?p=14039"},"modified":"2025-06-28T21:34:13","modified_gmt":"2025-06-28T21:34:13","slug":"almoco-de-homenagem-em-tavira-assinala-saida-do-juiz-desembargador-dr-henrique-pavao-da-presidencia-da-comarca-de-faro","status":"publish","type":"post","link":"https:\/\/comarcas.csm.org.pt\/faro\/blog\/2025\/06\/28\/almoco-de-homenagem-em-tavira-assinala-saida-do-juiz-desembargador-dr-henrique-pavao-da-presidencia-da-comarca-de-faro\/","title":{"rendered":"Almo\u00e7o de Homenagem em Tavira Assinala Sa\u00edda do Juiz Desembargador Dr. Henrique Pav\u00e3o da Presid\u00eancia da Comarca de Faro"},"content":{"rendered":"\t\t<div data-elementor-type=\"wp-post\" data-elementor-id=\"14039\" class=\"elementor elementor-14039\" data-elementor-post-type=\"post\">\n\t\t\t\t<div class=\"elementor-element elementor-element-12bc2e7 e-flex e-con-boxed e-con e-parent\" data-id=\"12bc2e7\" data-element_type=\"container\">\n\t\t\t\t\t<div class=\"e-con-inner\">\n\t\t\t\t<div class=\"elementor-element elementor-element-2e416a6 elementor-widget elementor-widget-text-editor\" data-id=\"2e416a6\" data-element_type=\"widget\" data-widget_type=\"text-editor.default\">\n\t\t\t\t<div class=\"elementor-widget-container\">\n\t\t\t\t\t\t\t\t\t<p>Num ambiente marcado pela emo\u00e7\u00e3o, pelo reconhecimento e pela uni\u00e3o institucional, os Operadores Judiciais da Comarca de Faro reuniram-se, no dia de hoje, num almo\u00e7o de confraterniza\u00e7\u00e3o que teve lugar no concelho de Tavira, com o objetivo de assinalar o t\u00e9rmino da comiss\u00e3o de servi\u00e7o do Senhor Juiz Desembargador Dr. <em><strong>Henrique Pav\u00e3o<\/strong><\/em> enquanto Presidente da Comarca de Faro.<\/p><p>O encontro, cuidadosamente preparado em regime de surpresa e sob o mais absoluto sigilo, contou com a presen\u00e7a de Magistrados Judiciais e do Minist\u00e9rio P\u00fablico, Advogados, Oficiais de Justi\u00e7a e diversos Magistrados com percurso na Comarca de Faro e que atualmente exercem fun\u00e7\u00f5es nos Tribunais superiores. Esta representatividade transversal da comunidade Judici\u00e1ria sublinhou o elevado apre\u00e7o e estima que o Dr. <strong><em>Henrique Pav\u00e3o<\/em><\/strong> granjeou ao longo do seu mandato.<\/p><p>O momento foi enriquecido por v\u00e1rias interven\u00e7\u00f5es espont\u00e2neas, nas quais se exaltaram as qualidades humanas, profissionais e institucionais do homenageado. Destacaram-se os elogios \u00e0 sua lideran\u00e7a serena, ao elevado sentido de justi\u00e7a, \u00e0 sua dedica\u00e7\u00e3o incondicional ao servi\u00e7o p\u00fablico e \u00e0 forma agregadora com que sempre procurou resolver os desafios colocados \u00e0 gest\u00e3o da Comarca.<\/p><p>Em todas as palavras dirigidas ao Senhor Juiz Desembargador foi un\u00e2nime o reconhecimento da sua integridade, compet\u00eancia t\u00e9cnica e exemplar postura \u00e9tica, atributos que, ao longo dos anos, contribu\u00edram de forma decisiva para o prest\u00edgio do Tribunal da Comarca de Faro de forma ampliada.<\/p><p>O almo\u00e7o, mais do que um ato simb\u00f3lico de despedida, constituiu um momento de celebra\u00e7\u00e3o do percurso de um Magistrado que deixa uma marca profunda na mem\u00f3ria institucional da Comarca e nos profissionais que com ele tiveram o privil\u00e9gio de trabalhar.<\/p>\t\t\t\t\t\t\t\t<\/div>\n\t\t\t\t<\/div>\n\t\t\t\t\t<\/div>\n\t\t\t\t<\/div>\n\t\t<div class=\"elementor-element elementor-element-bf74e10 e-grid e-con-boxed e-con e-parent\" data-id=\"bf74e10\" data-element_type=\"container\">\n\t\t\t\t\t<div class=\"e-con-inner\">\n\t\t\t\t<div class=\"elementor-element elementor-element-d119b88 elementor-widget elementor-widget-image\" data-id=\"d119b88\" data-element_type=\"widget\" data-widget_type=\"image.default\">\n\t\t\t\t<div class=\"elementor-widget-container\">\n\t\t\t\t\t\t\t\t\t\t\t\t\t\t\t<img fetchpriority=\"high\" decoding=\"async\" width=\"1024\" height=\"768\" src=\"https:\/\/comarcas.csm.org.pt\/faro\/wp-content\/uploads\/sites\/14\/2025\/06\/Almoco-28_06_2025-Foto-III-1024x768.jpg\" class=\"attachment-large size-large wp-image-14043\" alt=\"\" srcset=\"https:\/\/comarcas.csm.org.pt\/faro\/wp-content\/uploads\/sites\/14\/2025\/06\/Almoco-28_06_2025-Foto-III-1024x768.jpg 1024w, https:\/\/comarcas.csm.org.pt\/faro\/wp-content\/uploads\/sites\/14\/2025\/06\/Almoco-28_06_2025-Foto-III-300x225.jpg 300w, https:\/\/comarcas.csm.org.pt\/faro\/wp-content\/uploads\/sites\/14\/2025\/06\/Almoco-28_06_2025-Foto-III-768x576.jpg 768w, https:\/\/comarcas.csm.org.pt\/faro\/wp-content\/uploads\/sites\/14\/2025\/06\/Almoco-28_06_2025-Foto-III-1536x1152.jpg 1536w, https:\/\/comarcas.csm.org.pt\/faro\/wp-content\/uploads\/sites\/14\/2025\/06\/Almoco-28_06_2025-Foto-III.jpg 2016w\" sizes=\"(max-width: 1024px) 100vw, 1024px\" \/>\t\t\t\t\t\t\t\t\t\t\t\t\t\t\t<\/div>\n\t\t\t\t<\/div>\n\t\t\t\t<div class=\"elementor-element elementor-element-daa8d78 elementor-widget elementor-widget-image\" data-id=\"daa8d78\" data-element_type=\"widget\" data-widget_type=\"image.default\">\n\t\t\t\t<div class=\"elementor-widget-container\">\n\t\t\t\t\t\t\t\t\t\t\t\t\t\t\t<img decoding=\"async\" width=\"1024\" height=\"768\" src=\"https:\/\/comarcas.csm.org.pt\/faro\/wp-content\/uploads\/sites\/14\/2025\/06\/Almoco-28_06_2025-Foto-I-1024x768.jpg\" class=\"attachment-large size-large wp-image-14041\" alt=\"\" srcset=\"https:\/\/comarcas.csm.org.pt\/faro\/wp-content\/uploads\/sites\/14\/2025\/06\/Almoco-28_06_2025-Foto-I-1024x768.jpg 1024w, https:\/\/comarcas.csm.org.pt\/faro\/wp-content\/uploads\/sites\/14\/2025\/06\/Almoco-28_06_2025-Foto-I-300x225.jpg 300w, https:\/\/comarcas.csm.org.pt\/faro\/wp-content\/uploads\/sites\/14\/2025\/06\/Almoco-28_06_2025-Foto-I-768x576.jpg 768w, https:\/\/comarcas.csm.org.pt\/faro\/wp-content\/uploads\/sites\/14\/2025\/06\/Almoco-28_06_2025-Foto-I-1536x1152.jpg 1536w, https:\/\/comarcas.csm.org.pt\/faro\/wp-content\/uploads\/sites\/14\/2025\/06\/Almoco-28_06_2025-Foto-I.jpg 2016w\" sizes=\"(max-width: 1024px) 100vw, 1024px\" \/>\t\t\t\t\t\t\t\t\t\t\t\t\t\t\t<\/div>\n\t\t\t\t<\/div>\n\t\t\t\t<div class=\"elementor-element elementor-element-18fdc32 elementor-widget elementor-widget-image\" data-id=\"18fdc32\" data-element_type=\"widget\" data-widget_type=\"image.default\">\n\t\t\t\t<div class=\"elementor-widget-container\">\n\t\t\t\t\t\t\t\t\t\t\t\t\t\t\t<img decoding=\"async\" width=\"1024\" height=\"768\" src=\"https:\/\/comarcas.csm.org.pt\/faro\/wp-content\/uploads\/sites\/14\/2025\/06\/Almoco-28_06_2025-Foto-II-1024x768.jpg\" class=\"attachment-large size-large wp-image-14042\" alt=\"\" srcset=\"https:\/\/comarcas.csm.org.pt\/faro\/wp-content\/uploads\/sites\/14\/2025\/06\/Almoco-28_06_2025-Foto-II-1024x768.jpg 1024w, https:\/\/comarcas.csm.org.pt\/faro\/wp-content\/uploads\/sites\/14\/2025\/06\/Almoco-28_06_2025-Foto-II-300x225.jpg 300w, https:\/\/comarcas.csm.org.pt\/faro\/wp-content\/uploads\/sites\/14\/2025\/06\/Almoco-28_06_2025-Foto-II-768x576.jpg 768w, https:\/\/comarcas.csm.org.pt\/faro\/wp-content\/uploads\/sites\/14\/2025\/06\/Almoco-28_06_2025-Foto-II-1536x1152.jpg 1536w, https:\/\/comarcas.csm.org.pt\/faro\/wp-content\/uploads\/sites\/14\/2025\/06\/Almoco-28_06_2025-Foto-II.jpg 2016w\" sizes=\"(max-width: 1024px) 100vw, 1024px\" \/>\t\t\t\t\t\t\t\t\t\t\t\t\t\t\t<\/div>\n\t\t\t\t<\/div>\n\t\t\t\t\t<\/div>\n\t\t\t\t<\/div>\n\t\t\t\t<\/div>\n\t\t","protected":false},"excerpt":{"rendered":"<p>Num ambiente marcado pela emo\u00e7\u00e3o, pelo reconhecimento e pela uni\u00e3o institucional, os Operadores Judiciais da Comarca de Faro reuniram-se, no dia de hoje, num almo\u00e7o de confraterniza\u00e7\u00e3o que teve lugar no concelho de Tavira, com&#8230;<\/p>\n","protected":false},"author":29,"featured_media":0,"comment_status":"closed","ping_status":"open","sticky":false,"template":"","format":"standard","meta":{"_tbt_post_transparent":"","_tbt_post_title":"","_tbt_post_layout":"","_tbt_post_sidebar_id":"","_tbt_post_content_style":"","_tbt_post_vertical_padding":"","_tbt_post_feature":"","_tbt_post_feature_position":"","_tbt_post_header":false,"_tbt_post_footer":false},"categories":[2,6],"tags":[],"class_list":["post-14039","post","type-post","status-publish","format-standard","hentry","category-eventos","category-intervencoes-e-mensagens"],"yoast_head":"<!-- This site is optimized with the Yoast SEO plugin v25.6 - https:\/\/yoast.com\/wordpress\/plugins\/seo\/ -->\n<title>Almo\u00e7o de Homenagem em Tavira Assinala Sa\u00edda do Juiz Desembargador Dr. Henrique Pav\u00e3o da Presid\u00eancia da Comarca de Faro - Tribunal Judicial da Comarca de Faro<\/title>\n<meta name=\"robots\" content=\"index, follow, max-snippet:-1, max-image-preview:large, max-video-preview:-1\" \/>\n<link rel=\"canonical\" href=\"https:\/\/comarcas.csm.org.pt\/faro\/blog\/2025\/06\/28\/almoco-de-homenagem-em-tavira-assinala-saida-do-juiz-desembargador-dr-henrique-pavao-da-presidencia-da-comarca-de-faro\/\" \/>\n<meta property=\"og:locale\" content=\"pt_PT\" \/>\n<meta property=\"og:type\" content=\"article\" \/>\n<meta property=\"og:title\" content=\"Almo\u00e7o de Homenagem em Tavira Assinala Sa\u00edda do Juiz Desembargador Dr. Henrique Pav\u00e3o da Presid\u00eancia da Comarca de Faro - Tribunal Judicial da Comarca de Faro\" \/>\n<meta property=\"og:description\" content=\"Num ambiente marcado pela emo\u00e7\u00e3o, pelo reconhecimento e pela uni\u00e3o institucional, os Operadores Judiciais da Comarca de Faro reuniram-se, no dia de hoje, num almo\u00e7o de confraterniza\u00e7\u00e3o que teve lugar no concelho de Tavira, com...\" \/>\n<meta property=\"og:url\" content=\"https:\/\/comarcas.csm.org.pt\/faro\/blog\/2025\/06\/28\/almoco-de-homenagem-em-tavira-assinala-saida-do-juiz-desembargador-dr-henrique-pavao-da-presidencia-da-comarca-de-faro\/\" \/>\n<meta property=\"og:site_name\" content=\"Tribunal Judicial da Comarca de Faro\" \/>\n<meta property=\"article:published_time\" content=\"2025-06-28T21:29:59+00:00\" \/>\n<meta property=\"article:modified_time\" content=\"2025-06-28T21:34:13+00:00\" \/>\n<meta property=\"og:image\" content=\"https:\/\/comarcas.csm.org.pt\/faro\/wp-content\/uploads\/sites\/14\/2025\/06\/Almoco-28_06_2025-Foto-III.jpg\" \/>\n\t<meta property=\"og:image:width\" content=\"2016\" \/>\n\t<meta property=\"og:image:height\" content=\"1512\" \/>\n\t<meta property=\"og:image:type\" content=\"image\/jpeg\" \/>\n<meta name=\"author\" content=\"servando\" \/>\n<meta name=\"twitter:card\" content=\"summary_large_image\" \/>\n<meta name=\"twitter:label1\" content=\"Escrito por\" \/>\n\t<meta name=\"twitter:data1\" content=\"servando\" \/>\n\t<meta name=\"twitter:label2\" content=\"Tempo estimado de leitura\" \/>\n\t<meta name=\"twitter:data2\" content=\"3 minutos\" \/>\n<script type=\"application\/ld+json\" class=\"yoast-schema-graph\">{\"@context\":\"https:\/\/schema.org\",\"@graph\":[{\"@type\":\"Article\",\"@id\":\"https:\/\/comarcas.csm.org.pt\/faro\/blog\/2025\/06\/28\/almoco-de-homenagem-em-tavira-assinala-saida-do-juiz-desembargador-dr-henrique-pavao-da-presidencia-da-comarca-de-faro\/#article\",\"isPartOf\":{\"@id\":\"https:\/\/comarcas.csm.org.pt\/faro\/blog\/2025\/06\/28\/almoco-de-homenagem-em-tavira-assinala-saida-do-juiz-desembargador-dr-henrique-pavao-da-presidencia-da-comarca-de-faro\/\"},\"author\":{\"name\":\"servando\",\"@id\":\"https:\/\/comarcas.csm.org.pt\/faro\/#\/schema\/person\/4b57476d02670c2c03cc696e0ae9f1d0\"},\"headline\":\"Almo\u00e7o de Homenagem em Tavira Assinala Sa\u00edda do Juiz Desembargador Dr. Henrique Pav\u00e3o da Presid\u00eancia da Comarca de Faro\",\"datePublished\":\"2025-06-28T21:29:59+00:00\",\"dateModified\":\"2025-06-28T21:34:13+00:00\",\"mainEntityOfPage\":{\"@id\":\"https:\/\/comarcas.csm.org.pt\/faro\/blog\/2025\/06\/28\/almoco-de-homenagem-em-tavira-assinala-saida-do-juiz-desembargador-dr-henrique-pavao-da-presidencia-da-comarca-de-faro\/\"},\"wordCount\":321,\"publisher\":{\"@id\":\"https:\/\/comarcas.csm.org.pt\/faro\/#organization\"},\"image\":{\"@id\":\"https:\/\/comarcas.csm.org.pt\/faro\/blog\/2025\/06\/28\/almoco-de-homenagem-em-tavira-assinala-saida-do-juiz-desembargador-dr-henrique-pavao-da-presidencia-da-comarca-de-faro\/#primaryimage\"},\"thumbnailUrl\":\"https:\/\/comarcas.csm.org.pt\/faro\/wp-content\/uploads\/sites\/14\/2025\/06\/Almoco-28_06_2025-Foto-III-1024x768.jpg\",\"articleSection\":[\"Eventos\",\"Interven\u00e7\u00f5es e Mensagens\"],\"inLanguage\":\"pt-PT\"},{\"@type\":\"WebPage\",\"@id\":\"https:\/\/comarcas.csm.org.pt\/faro\/blog\/2025\/06\/28\/almoco-de-homenagem-em-tavira-assinala-saida-do-juiz-desembargador-dr-henrique-pavao-da-presidencia-da-comarca-de-faro\/\",\"url\":\"https:\/\/comarcas.csm.org.pt\/faro\/blog\/2025\/06\/28\/almoco-de-homenagem-em-tavira-assinala-saida-do-juiz-desembargador-dr-henrique-pavao-da-presidencia-da-comarca-de-faro\/\",\"name\":\"Almo\u00e7o de Homenagem em Tavira Assinala Sa\u00edda do Juiz Desembargador Dr. Henrique Pav\u00e3o da Presid\u00eancia da Comarca de Faro - Tribunal Judicial da Comarca de Faro\",\"isPartOf\":{\"@id\":\"https:\/\/comarcas.csm.org.pt\/faro\/#website\"},\"primaryImageOfPage\":{\"@id\":\"https:\/\/comarcas.csm.org.pt\/faro\/blog\/2025\/06\/28\/almoco-de-homenagem-em-tavira-assinala-saida-do-juiz-desembargador-dr-henrique-pavao-da-presidencia-da-comarca-de-faro\/#primaryimage\"},\"image\":{\"@id\":\"https:\/\/comarcas.csm.org.pt\/faro\/blog\/2025\/06\/28\/almoco-de-homenagem-em-tavira-assinala-saida-do-juiz-desembargador-dr-henrique-pavao-da-presidencia-da-comarca-de-faro\/#primaryimage\"},\"thumbnailUrl\":\"https:\/\/comarcas.csm.org.pt\/faro\/wp-content\/uploads\/sites\/14\/2025\/06\/Almoco-28_06_2025-Foto-III-1024x768.jpg\",\"datePublished\":\"2025-06-28T21:29:59+00:00\",\"dateModified\":\"2025-06-28T21:34:13+00:00\",\"breadcrumb\":{\"@id\":\"https:\/\/comarcas.csm.org.pt\/faro\/blog\/2025\/06\/28\/almoco-de-homenagem-em-tavira-assinala-saida-do-juiz-desembargador-dr-henrique-pavao-da-presidencia-da-comarca-de-faro\/#breadcrumb\"},\"inLanguage\":\"pt-PT\",\"potentialAction\":[{\"@type\":\"ReadAction\",\"target\":[\"https:\/\/comarcas.csm.org.pt\/faro\/blog\/2025\/06\/28\/almoco-de-homenagem-em-tavira-assinala-saida-do-juiz-desembargador-dr-henrique-pavao-da-presidencia-da-comarca-de-faro\/\"]}]},{\"@type\":\"ImageObject\",\"inLanguage\":\"pt-PT\",\"@id\":\"https:\/\/comarcas.csm.org.pt\/faro\/blog\/2025\/06\/28\/almoco-de-homenagem-em-tavira-assinala-saida-do-juiz-desembargador-dr-henrique-pavao-da-presidencia-da-comarca-de-faro\/#primaryimage\",\"url\":\"https:\/\/comarcas.csm.org.pt\/faro\/wp-content\/uploads\/sites\/14\/2025\/06\/Almoco-28_06_2025-Foto-III.jpg\",\"contentUrl\":\"https:\/\/comarcas.csm.org.pt\/faro\/wp-content\/uploads\/sites\/14\/2025\/06\/Almoco-28_06_2025-Foto-III.jpg\",\"width\":2016,\"height\":1512},{\"@type\":\"BreadcrumbList\",\"@id\":\"https:\/\/comarcas.csm.org.pt\/faro\/blog\/2025\/06\/28\/almoco-de-homenagem-em-tavira-assinala-saida-do-juiz-desembargador-dr-henrique-pavao-da-presidencia-da-comarca-de-faro\/#breadcrumb\",\"itemListElement\":[{\"@type\":\"ListItem\",\"position\":1,\"name\":\"In\u00edcio\",\"item\":\"https:\/\/comarcas.csm.org.pt\/faro\/\"},{\"@type\":\"ListItem\",\"position\":2,\"name\":\"Almo\u00e7o de Homenagem em Tavira Assinala Sa\u00edda do Juiz Desembargador Dr. Henrique Pav\u00e3o da Presid\u00eancia da Comarca de Faro\"}]},{\"@type\":\"WebSite\",\"@id\":\"https:\/\/comarcas.csm.org.pt\/faro\/#website\",\"url\":\"https:\/\/comarcas.csm.org.pt\/faro\/\",\"name\":\"Tribunal Judicial da Comarca de Faro\",\"description\":\"Tribunal Judicial da Comarca de Faro\",\"publisher\":{\"@id\":\"https:\/\/comarcas.csm.org.pt\/faro\/#organization\"},\"potentialAction\":[{\"@type\":\"SearchAction\",\"target\":{\"@type\":\"EntryPoint\",\"urlTemplate\":\"https:\/\/comarcas.csm.org.pt\/faro\/?s={search_term_string}\"},\"query-input\":{\"@type\":\"PropertyValueSpecification\",\"valueRequired\":true,\"valueName\":\"search_term_string\"}}],\"inLanguage\":\"pt-PT\"},{\"@type\":\"Organization\",\"@id\":\"https:\/\/comarcas.csm.org.pt\/faro\/#organization\",\"name\":\"Tribunal Judicial da Comarca de Faro\",\"url\":\"https:\/\/comarcas.csm.org.pt\/faro\/\",\"logo\":{\"@type\":\"ImageObject\",\"inLanguage\":\"pt-PT\",\"@id\":\"https:\/\/comarcas.csm.org.pt\/faro\/#\/schema\/logo\/image\/\",\"url\":\"https:\/\/comarcas.csm.org.pt\/faro\/wp-content\/uploads\/sites\/14\/2024\/11\/Faro_positivo-horizontal.png\",\"contentUrl\":\"https:\/\/comarcas.csm.org.pt\/faro\/wp-content\/uploads\/sites\/14\/2024\/11\/Faro_positivo-horizontal.png\",\"width\":4304,\"height\":1186,\"caption\":\"Tribunal Judicial da Comarca de Faro\"},\"image\":{\"@id\":\"https:\/\/comarcas.csm.org.pt\/faro\/#\/schema\/logo\/image\/\"}},{\"@type\":\"Person\",\"@id\":\"https:\/\/comarcas.csm.org.pt\/faro\/#\/schema\/person\/4b57476d02670c2c03cc696e0ae9f1d0\",\"name\":\"servando\",\"image\":{\"@type\":\"ImageObject\",\"inLanguage\":\"pt-PT\",\"@id\":\"https:\/\/comarcas.csm.org.pt\/faro\/#\/schema\/person\/image\/\",\"url\":\"https:\/\/secure.gravatar.com\/avatar\/3bb57b07d435882f36052a526cf1fc8a355ca2f7e451c03f976820909a8410a9?s=96&d=mm&r=g\",\"contentUrl\":\"https:\/\/secure.gravatar.com\/avatar\/3bb57b07d435882f36052a526cf1fc8a355ca2f7e451c03f976820909a8410a9?s=96&d=mm&r=g\",\"caption\":\"servando\"},\"url\":\"https:\/\/comarcas.csm.org.pt\/faro\/blog\/author\/servando\/\"}]}<\/script>\n<!-- \/ Yoast SEO plugin. -->","yoast_head_json":{"title":"Almo\u00e7o de Homenagem em Tavira Assinala Sa\u00edda do Juiz Desembargador Dr. Henrique Pav\u00e3o da Presid\u00eancia da Comarca de Faro - Tribunal Judicial da Comarca de Faro","robots":{"index":"index","follow":"follow","max-snippet":"max-snippet:-1","max-image-preview":"max-image-preview:large","max-video-preview":"max-video-preview:-1"},"canonical":"https:\/\/comarcas.csm.org.pt\/faro\/blog\/2025\/06\/28\/almoco-de-homenagem-em-tavira-assinala-saida-do-juiz-desembargador-dr-henrique-pavao-da-presidencia-da-comarca-de-faro\/","og_locale":"pt_PT","og_type":"article","og_title":"Almo\u00e7o de Homenagem em Tavira Assinala Sa\u00edda do Juiz Desembargador Dr. Henrique Pav\u00e3o da Presid\u00eancia da Comarca de Faro - Tribunal Judicial da Comarca de Faro","og_description":"Num ambiente marcado pela emo\u00e7\u00e3o, pelo reconhecimento e pela uni\u00e3o institucional, os Operadores Judiciais da Comarca de Faro reuniram-se, no dia de hoje, num almo\u00e7o de confraterniza\u00e7\u00e3o que teve lugar no concelho de Tavira, com...","og_url":"https:\/\/comarcas.csm.org.pt\/faro\/blog\/2025\/06\/28\/almoco-de-homenagem-em-tavira-assinala-saida-do-juiz-desembargador-dr-henrique-pavao-da-presidencia-da-comarca-de-faro\/","og_site_name":"Tribunal Judicial da Comarca de Faro","article_published_time":"2025-06-28T21:29:59+00:00","article_modified_time":"2025-06-28T21:34:13+00:00","og_image":[{"width":2016,"height":1512,"url":"https:\/\/comarcas.csm.org.pt\/faro\/wp-content\/uploads\/sites\/14\/2025\/06\/Almoco-28_06_2025-Foto-III.jpg","type":"image\/jpeg"}],"author":"servando","twitter_card":"summary_large_image","twitter_misc":{"Escrito por":"servando","Tempo estimado de leitura":"3 minutos"},"schema":{"@context":"https:\/\/schema.org","@graph":[{"@type":"Article","@id":"https:\/\/comarcas.csm.org.pt\/faro\/blog\/2025\/06\/28\/almoco-de-homenagem-em-tavira-assinala-saida-do-juiz-desembargador-dr-henrique-pavao-da-presidencia-da-comarca-de-faro\/#article","isPartOf":{"@id":"https:\/\/comarcas.csm.org.pt\/faro\/blog\/2025\/06\/28\/almoco-de-homenagem-em-tavira-assinala-saida-do-juiz-desembargador-dr-henrique-pavao-da-presidencia-da-comarca-de-faro\/"},"author":{"name":"servando","@id":"https:\/\/comarcas.csm.org.pt\/faro\/#\/schema\/person\/4b57476d02670c2c03cc696e0ae9f1d0"},"headline":"Almo\u00e7o de Homenagem em Tavira Assinala Sa\u00edda do Juiz Desembargador Dr. Henrique Pav\u00e3o da Presid\u00eancia da Comarca de Faro","datePublished":"2025-06-28T21:29:59+00:00","dateModified":"2025-06-28T21:34:13+00:00","mainEntityOfPage":{"@id":"https:\/\/comarcas.csm.org.pt\/faro\/blog\/2025\/06\/28\/almoco-de-homenagem-em-tavira-assinala-saida-do-juiz-desembargador-dr-henrique-pavao-da-presidencia-da-comarca-de-faro\/"},"wordCount":321,"publisher":{"@id":"https:\/\/comarcas.csm.org.pt\/faro\/#organization"},"image":{"@id":"https:\/\/comarcas.csm.org.pt\/faro\/blog\/2025\/06\/28\/almoco-de-homenagem-em-tavira-assinala-saida-do-juiz-desembargador-dr-henrique-pavao-da-presidencia-da-comarca-de-faro\/#primaryimage"},"thumbnailUrl":"https:\/\/comarcas.csm.org.pt\/faro\/wp-content\/uploads\/sites\/14\/2025\/06\/Almoco-28_06_2025-Foto-III-1024x768.jpg","articleSection":["Eventos","Interven\u00e7\u00f5es e Mensagens"],"inLanguage":"pt-PT"},{"@type":"WebPage","@id":"https:\/\/comarcas.csm.org.pt\/faro\/blog\/2025\/06\/28\/almoco-de-homenagem-em-tavira-assinala-saida-do-juiz-desembargador-dr-henrique-pavao-da-presidencia-da-comarca-de-faro\/","url":"https:\/\/comarcas.csm.org.pt\/faro\/blog\/2025\/06\/28\/almoco-de-homenagem-em-tavira-assinala-saida-do-juiz-desembargador-dr-henrique-pavao-da-presidencia-da-comarca-de-faro\/","name":"Almo\u00e7o de Homenagem em Tavira Assinala Sa\u00edda do Juiz Desembargador Dr. Henrique Pav\u00e3o da Presid\u00eancia da Comarca de Faro - Tribunal Judicial da Comarca de Faro","isPartOf":{"@id":"https:\/\/comarcas.csm.org.pt\/faro\/#website"},"primaryImageOfPage":{"@id":"https:\/\/comarcas.csm.org.pt\/faro\/blog\/2025\/06\/28\/almoco-de-homenagem-em-tavira-assinala-saida-do-juiz-desembargador-dr-henrique-pavao-da-presidencia-da-comarca-de-faro\/#primaryimage"},"image":{"@id":"https:\/\/comarcas.csm.org.pt\/faro\/blog\/2025\/06\/28\/almoco-de-homenagem-em-tavira-assinala-saida-do-juiz-desembargador-dr-henrique-pavao-da-presidencia-da-comarca-de-faro\/#primaryimage"},"thumbnailUrl":"https:\/\/comarcas.csm.org.pt\/faro\/wp-content\/uploads\/sites\/14\/2025\/06\/Almoco-28_06_2025-Foto-III-1024x768.jpg","datePublished":"2025-06-28T21:29:59+00:00","dateModified":"2025-06-28T21:34:13+00:00","breadcrumb":{"@id":"https:\/\/comarcas.csm.org.pt\/faro\/blog\/2025\/06\/28\/almoco-de-homenagem-em-tavira-assinala-saida-do-juiz-desembargador-dr-henrique-pavao-da-presidencia-da-comarca-de-faro\/#breadcrumb"},"inLanguage":"pt-PT","potentialAction":[{"@type":"ReadAction","target":["https:\/\/comarcas.csm.org.pt\/faro\/blog\/2025\/06\/28\/almoco-de-homenagem-em-tavira-assinala-saida-do-juiz-desembargador-dr-henrique-pavao-da-presidencia-da-comarca-de-faro\/"]}]},{"@type":"ImageObject","inLanguage":"pt-PT","@id":"https:\/\/comarcas.csm.org.pt\/faro\/blog\/2025\/06\/28\/almoco-de-homenagem-em-tavira-assinala-saida-do-juiz-desembargador-dr-henrique-pavao-da-presidencia-da-comarca-de-faro\/#primaryimage","url":"https:\/\/comarcas.csm.org.pt\/faro\/wp-content\/uploads\/sites\/14\/2025\/06\/Almoco-28_06_2025-Foto-III.jpg","contentUrl":"https:\/\/comarcas.csm.org.pt\/faro\/wp-content\/uploads\/sites\/14\/2025\/06\/Almoco-28_06_2025-Foto-III.jpg","width":2016,"height":1512},{"@type":"BreadcrumbList","@id":"https:\/\/comarcas.csm.org.pt\/faro\/blog\/2025\/06\/28\/almoco-de-homenagem-em-tavira-assinala-saida-do-juiz-desembargador-dr-henrique-pavao-da-presidencia-da-comarca-de-faro\/#breadcrumb","itemListElement":[{"@type":"ListItem","position":1,"name":"In\u00edcio","item":"https:\/\/comarcas.csm.org.pt\/faro\/"},{"@type":"ListItem","position":2,"name":"Almo\u00e7o de Homenagem em Tavira Assinala Sa\u00edda do Juiz Desembargador Dr. Henrique Pav\u00e3o da Presid\u00eancia da Comarca de Faro"}]},{"@type":"WebSite","@id":"https:\/\/comarcas.csm.org.pt\/faro\/#website","url":"https:\/\/comarcas.csm.org.pt\/faro\/","name":"Tribunal Judicial da Comarca de Faro","description":"Tribunal Judicial da Comarca de Faro","publisher":{"@id":"https:\/\/comarcas.csm.org.pt\/faro\/#organization"},"potentialAction":[{"@type":"SearchAction","target":{"@type":"EntryPoint","urlTemplate":"https:\/\/comarcas.csm.org.pt\/faro\/?s={search_term_string}"},"query-input":{"@type":"PropertyValueSpecification","valueRequired":true,"valueName":"search_term_string"}}],"inLanguage":"pt-PT"},{"@type":"Organization","@id":"https:\/\/comarcas.csm.org.pt\/faro\/#organization","name":"Tribunal Judicial da Comarca de Faro","url":"https:\/\/comarcas.csm.org.pt\/faro\/","logo":{"@type":"ImageObject","inLanguage":"pt-PT","@id":"https:\/\/comarcas.csm.org.pt\/faro\/#\/schema\/logo\/image\/","url":"https:\/\/comarcas.csm.org.pt\/faro\/wp-content\/uploads\/sites\/14\/2024\/11\/Faro_positivo-horizontal.png","contentUrl":"https:\/\/comarcas.csm.org.pt\/faro\/wp-content\/uploads\/sites\/14\/2024\/11\/Faro_positivo-horizontal.png","width":4304,"height":1186,"caption":"Tribunal Judicial da Comarca de Faro"},"image":{"@id":"https:\/\/comarcas.csm.org.pt\/faro\/#\/schema\/logo\/image\/"}},{"@type":"Person","@id":"https:\/\/comarcas.csm.org.pt\/faro\/#\/schema\/person\/4b57476d02670c2c03cc696e0ae9f1d0","name":"servando","image":{"@type":"ImageObject","inLanguage":"pt-PT","@id":"https:\/\/comarcas.csm.org.pt\/faro\/#\/schema\/person\/image\/","url":"https:\/\/secure.gravatar.com\/avatar\/3bb57b07d435882f36052a526cf1fc8a355ca2f7e451c03f976820909a8410a9?s=96&d=mm&r=g","contentUrl":"https:\/\/secure.gravatar.com\/avatar\/3bb57b07d435882f36052a526cf1fc8a355ca2f7e451c03f976820909a8410a9?s=96&d=mm&r=g","caption":"servando"},"url":"https:\/\/comarcas.csm.org.pt\/faro\/blog\/author\/servando\/"}]}},"_links":{"self":[{"href":"https:\/\/comarcas.csm.org.pt\/faro\/wp-json\/wp\/v2\/posts\/14039","targetHints":{"allow":["GET"]}}],"collection":[{"href":"https:\/\/comarcas.csm.org.pt\/faro\/wp-json\/wp\/v2\/posts"}],"about":[{"href":"https:\/\/comarcas.csm.org.pt\/faro\/wp-json\/wp\/v2\/types\/post"}],"author":[{"embeddable":true,"href":"https:\/\/comarcas.csm.org.pt\/faro\/wp-json\/wp\/v2\/users\/29"}],"replies":[{"embeddable":true,"href":"https:\/\/comarcas.csm.org.pt\/faro\/wp-json\/wp\/v2\/comments?post=14039"}],"version-history":[{"count":7,"href":"https:\/\/comarcas.csm.org.pt\/faro\/wp-json\/wp\/v2\/posts\/14039\/revisions"}],"predecessor-version":[{"id":14049,"href":"https:\/\/comarcas.csm.org.pt\/faro\/wp-json\/wp\/v2\/posts\/14039\/revisions\/14049"}],"wp:attachment":[{"href":"https:\/\/comarcas.csm.org.pt\/faro\/wp-json\/wp\/v2\/media?parent=14039"}],"wp:term":[{"taxonomy":"category","embeddable":true,"href":"https:\/\/comarcas.csm.org.pt\/faro\/wp-json\/wp\/v2\/categories?post=14039"},{"taxonomy":"post_tag","embeddable":true,"href":"https:\/\/comarcas.csm.org.pt\/faro\/wp-json\/wp\/v2\/tags?post=14039"}],"curies":[{"name":"wp","href":"https:\/\/api.w.org\/{rel}","templated":true}]}}