{"id":14445,"date":"2025-09-22T15:51:04","date_gmt":"2025-09-22T15:51:04","guid":{"rendered":"https:\/\/comarcas.csm.org.pt\/faro\/?p=14445"},"modified":"2025-09-29T18:23:09","modified_gmt":"2025-09-29T18:23:09","slug":"mesa-redonda-meenos-conversa","status":"publish","type":"post","link":"https:\/\/comarcas.csm.org.pt\/faro\/blog\/2025\/09\/22\/mesa-redonda-meenos-conversa\/","title":{"rendered":"Mesa Redonda \u201cMeenos Conversa&#8221;"},"content":{"rendered":"\t\t<div data-elementor-type=\"wp-post\" data-elementor-id=\"14445\" class=\"elementor elementor-14445\" data-elementor-post-type=\"post\">\n\t\t\t\t<div class=\"elementor-element elementor-element-54400e7 e-flex e-con-boxed e-con e-parent\" data-id=\"54400e7\" data-element_type=\"container\">\n\t\t\t\t\t<div class=\"e-con-inner\">\n\t\t<div class=\"elementor-element elementor-element-19cf423 e-con-full e-flex e-con e-child\" data-id=\"19cf423\" data-element_type=\"container\">\n\t\t\t\t<div class=\"elementor-element elementor-element-107ae92 elementor-widget elementor-widget-image\" data-id=\"107ae92\" data-element_type=\"widget\" data-widget_type=\"image.default\">\n\t\t\t\t<div class=\"elementor-widget-container\">\n\t\t\t\t\t\t\t\t\t\t\t\t\t\t\t<img fetchpriority=\"high\" decoding=\"async\" width=\"677\" height=\"452\" src=\"https:\/\/comarcas.csm.org.pt\/faro\/wp-content\/uploads\/sites\/14\/2025\/09\/MEENOS.png\" class=\"attachment-large size-large wp-image-14447\" alt=\"\" srcset=\"https:\/\/comarcas.csm.org.pt\/faro\/wp-content\/uploads\/sites\/14\/2025\/09\/MEENOS.png 677w, https:\/\/comarcas.csm.org.pt\/faro\/wp-content\/uploads\/sites\/14\/2025\/09\/MEENOS-300x200.png 300w\" sizes=\"(max-width: 677px) 100vw, 677px\" \/>\t\t\t\t\t\t\t\t\t\t\t\t\t\t\t<\/div>\n\t\t\t\t<\/div>\n\t\t\t\t<\/div>\n\t\t<div class=\"elementor-element elementor-element-85bedf9 e-con-full e-flex e-con e-child\" data-id=\"85bedf9\" data-element_type=\"container\">\n\t\t\t\t<div class=\"elementor-element elementor-element-f4e4786 elementor-widget elementor-widget-text-editor\" data-id=\"f4e4786\" data-element_type=\"widget\" data-widget_type=\"text-editor.default\">\n\t\t\t\t<div class=\"elementor-widget-container\">\n\t\t\t\t\t\t\t\t\t<p>Decorreu, no passado dia 19 de setembro de 2025, pelas 14:30 horas, nas instala\u00e7\u00f5es da Diretoria do Sul da Pol\u00edcia Judici\u00e1ria, Mesa-redonda no \u00e2mbito do projeto \u201cMeenos Conversa\u201d, uma iniciativa do Conselho Superior da Magistratura (CSM) dedicada \u00e0 promo\u00e7\u00e3o de uma linguagem mais clara e eficaz na justi\u00e7a, com especial orienta\u00e7\u00e3o para a comunica\u00e7\u00e3o com crian\u00e7as, jovens e cidad\u00e3os em contexto judicial.<\/p><p>O evento contou com a participa\u00e7\u00e3o de prestigiados oradores, nomeadamente:<\/p><p>&#8211; Exma. Senhora Ju\u00edza Desembargadora <em><strong>Esperan\u00e7a da Concei\u00e7\u00e3o Pereira Mealha<\/strong><\/em>, Referend\u00e1ria no Tribunal Geral da Uni\u00e3o Europeia (TGE);<br \/>&#8211; Exma. Senhora Ju\u00edza<em><strong> Anabela Silveira Duarte Pedroso Nunes<\/strong><\/em>, representante do CSM no Projeto \u201cChild Friendly Justice\u201d;<br \/>&#8211; Exmo. Senhor Juiz Desembargador <em><strong>Jo\u00e3o Pedro Nunes Maldonado<\/strong><\/em>, Inspetor Judicial.<\/p><p>A Mesa-redonda registou a ades\u00e3o de cerca de metade dos Magistrados Judiciais em exerc\u00edcio de fun\u00e7\u00f5es na Comarca de Faro, proporcionando um espa\u00e7o de di\u00e1logo e partilha de experi\u00eancias sobre as melhores pr\u00e1ticas na comunica\u00e7\u00e3o judicial, contribuindo para a promo\u00e7\u00e3o de uma justi\u00e7a mais pr\u00f3xima, compreens\u00edvel e inclusiva.<\/p>\t\t\t\t\t\t\t\t<\/div>\n\t\t\t\t<\/div>\n\t\t\t\t<\/div>\n\t\t\t\t\t<\/div>\n\t\t\t\t<\/div>\n\t\t<div class=\"elementor-element elementor-element-52bb5cc e-grid e-con-boxed e-con e-parent\" data-id=\"52bb5cc\" data-element_type=\"container\">\n\t\t\t\t\t<div class=\"e-con-inner\">\n\t\t\t\t<div class=\"elementor-element elementor-element-d224146 elementor-widget elementor-widget-video\" data-id=\"d224146\" data-element_type=\"widget\" data-settings=\"{&quot;youtube_url&quot;:&quot;https:\\\/\\\/youtu.be\\\/pRl9BJ6sbbg&quot;,&quot;autoplay&quot;:&quot;yes&quot;,&quot;video_type&quot;:&quot;youtube&quot;,&quot;controls&quot;:&quot;yes&quot;}\" data-widget_type=\"video.default\">\n\t\t\t\t<div class=\"elementor-widget-container\">\n\t\t\t\t\t\t\t<div class=\"elementor-wrapper elementor-open-inline\">\n\t\t\t<div class=\"elementor-video\"><\/div>\t\t<\/div>\n\t\t\t\t\t\t<\/div>\n\t\t\t\t<\/div>\n\t\t\t\t<div class=\"elementor-element elementor-element-c536c8c elementor-widget elementor-widget-video\" data-id=\"c536c8c\" data-element_type=\"widget\" data-settings=\"{&quot;youtube_url&quot;:&quot;https:\\\/\\\/youtu.be\\\/GHOJcDNovXk&quot;,&quot;video_type&quot;:&quot;youtube&quot;,&quot;controls&quot;:&quot;yes&quot;}\" data-widget_type=\"video.default\">\n\t\t\t\t<div class=\"elementor-widget-container\">\n\t\t\t\t\t\t\t<div class=\"elementor-wrapper elementor-open-inline\">\n\t\t\t<div class=\"elementor-video\"><\/div>\t\t<\/div>\n\t\t\t\t\t\t<\/div>\n\t\t\t\t<\/div>\n\t\t\t\t\t<\/div>\n\t\t\t\t<\/div>\n\t\t\t\t<\/div>\n\t\t","protected":false},"excerpt":{"rendered":"<p>Decorreu, no passado dia 19 de setembro de 2025, pelas 14:30 horas, nas instala\u00e7\u00f5es da Diretoria do Sul da Pol\u00edcia Judici\u00e1ria, Mesa-redonda no \u00e2mbito do projeto \u201cMeenos Conversa\u201d, uma iniciativa do Conselho Superior da Magistratura&#8230;<\/p>\n","protected":false},"author":29,"featured_media":0,"comment_status":"closed","ping_status":"open","sticky":false,"template":"","format":"standard","meta":{"_tbt_post_transparent":"","_tbt_post_title":"","_tbt_post_layout":"","_tbt_post_sidebar_id":"","_tbt_post_content_style":"","_tbt_post_vertical_padding":"","_tbt_post_feature":"","_tbt_post_feature_position":"","_tbt_post_header":false,"_tbt_post_footer":false},"categories":[64,57,2],"tags":[],"class_list":["post-14445","post","type-post","status-publish","format-standard","hentry","category-autoridades-judicarias","category-conselho-superior-da-magistratura-csm","category-eventos"],"yoast_head":"<!-- This site is optimized with the Yoast SEO plugin v25.6 - https:\/\/yoast.com\/wordpress\/plugins\/seo\/ -->\n<title>Mesa Redonda \u201cMeenos Conversa&quot; - Tribunal Judicial da Comarca de Faro<\/title>\n<meta name=\"robots\" content=\"index, follow, max-snippet:-1, max-image-preview:large, max-video-preview:-1\" \/>\n<link rel=\"canonical\" href=\"https:\/\/comarcas.csm.org.pt\/faro\/blog\/2025\/09\/22\/mesa-redonda-meenos-conversa\/\" \/>\n<meta property=\"og:locale\" content=\"pt_PT\" \/>\n<meta property=\"og:type\" content=\"article\" \/>\n<meta property=\"og:title\" content=\"Mesa Redonda \u201cMeenos Conversa&quot; - Tribunal Judicial da Comarca de Faro\" \/>\n<meta property=\"og:description\" content=\"Decorreu, no passado dia 19 de setembro de 2025, pelas 14:30 horas, nas instala\u00e7\u00f5es da Diretoria do Sul da Pol\u00edcia Judici\u00e1ria, Mesa-redonda no \u00e2mbito do projeto \u201cMeenos Conversa\u201d, uma iniciativa do Conselho Superior da Magistratura...\" \/>\n<meta property=\"og:url\" content=\"https:\/\/comarcas.csm.org.pt\/faro\/blog\/2025\/09\/22\/mesa-redonda-meenos-conversa\/\" \/>\n<meta property=\"og:site_name\" content=\"Tribunal Judicial da Comarca de Faro\" \/>\n<meta property=\"article:published_time\" content=\"2025-09-22T15:51:04+00:00\" \/>\n<meta property=\"article:modified_time\" content=\"2025-09-29T18:23:09+00:00\" \/>\n<meta property=\"og:image\" content=\"https:\/\/comarcas.csm.org.pt\/faro\/wp-content\/uploads\/sites\/14\/2025\/09\/MEENOS.png\" \/>\n\t<meta property=\"og:image:width\" content=\"677\" \/>\n\t<meta property=\"og:image:height\" content=\"452\" \/>\n\t<meta property=\"og:image:type\" content=\"image\/png\" \/>\n<meta name=\"author\" content=\"servando\" \/>\n<meta name=\"twitter:card\" content=\"summary_large_image\" \/>\n<meta name=\"twitter:label1\" content=\"Escrito por\" \/>\n\t<meta name=\"twitter:data1\" content=\"servando\" \/>\n\t<meta name=\"twitter:label2\" content=\"Tempo estimado de leitura\" \/>\n\t<meta name=\"twitter:data2\" content=\"2 minutos\" \/>\n<script type=\"application\/ld+json\" class=\"yoast-schema-graph\">{\"@context\":\"https:\/\/schema.org\",\"@graph\":[{\"@type\":\"Article\",\"@id\":\"https:\/\/comarcas.csm.org.pt\/faro\/blog\/2025\/09\/22\/mesa-redonda-meenos-conversa\/#article\",\"isPartOf\":{\"@id\":\"https:\/\/comarcas.csm.org.pt\/faro\/blog\/2025\/09\/22\/mesa-redonda-meenos-conversa\/\"},\"author\":{\"name\":\"servando\",\"@id\":\"https:\/\/comarcas.csm.org.pt\/faro\/#\/schema\/person\/4b57476d02670c2c03cc696e0ae9f1d0\"},\"headline\":\"Mesa Redonda \u201cMeenos Conversa&#8221;\",\"datePublished\":\"2025-09-22T15:51:04+00:00\",\"dateModified\":\"2025-09-29T18:23:09+00:00\",\"mainEntityOfPage\":{\"@id\":\"https:\/\/comarcas.csm.org.pt\/faro\/blog\/2025\/09\/22\/mesa-redonda-meenos-conversa\/\"},\"wordCount\":204,\"publisher\":{\"@id\":\"https:\/\/comarcas.csm.org.pt\/faro\/#organization\"},\"image\":{\"@id\":\"https:\/\/comarcas.csm.org.pt\/faro\/blog\/2025\/09\/22\/mesa-redonda-meenos-conversa\/#primaryimage\"},\"thumbnailUrl\":\"https:\/\/comarcas.csm.org.pt\/faro\/wp-content\/uploads\/sites\/14\/2025\/09\/MEENOS.png\",\"articleSection\":[\"Autoridades Judic\u00e1rias\",\"Conselho Superior da Magistratura (CSM)\",\"Eventos\"],\"inLanguage\":\"pt-PT\"},{\"@type\":\"WebPage\",\"@id\":\"https:\/\/comarcas.csm.org.pt\/faro\/blog\/2025\/09\/22\/mesa-redonda-meenos-conversa\/\",\"url\":\"https:\/\/comarcas.csm.org.pt\/faro\/blog\/2025\/09\/22\/mesa-redonda-meenos-conversa\/\",\"name\":\"Mesa Redonda \u201cMeenos Conversa\\\" - Tribunal Judicial da Comarca de Faro\",\"isPartOf\":{\"@id\":\"https:\/\/comarcas.csm.org.pt\/faro\/#website\"},\"primaryImageOfPage\":{\"@id\":\"https:\/\/comarcas.csm.org.pt\/faro\/blog\/2025\/09\/22\/mesa-redonda-meenos-conversa\/#primaryimage\"},\"image\":{\"@id\":\"https:\/\/comarcas.csm.org.pt\/faro\/blog\/2025\/09\/22\/mesa-redonda-meenos-conversa\/#primaryimage\"},\"thumbnailUrl\":\"https:\/\/comarcas.csm.org.pt\/faro\/wp-content\/uploads\/sites\/14\/2025\/09\/MEENOS.png\",\"datePublished\":\"2025-09-22T15:51:04+00:00\",\"dateModified\":\"2025-09-29T18:23:09+00:00\",\"breadcrumb\":{\"@id\":\"https:\/\/comarcas.csm.org.pt\/faro\/blog\/2025\/09\/22\/mesa-redonda-meenos-conversa\/#breadcrumb\"},\"inLanguage\":\"pt-PT\",\"potentialAction\":[{\"@type\":\"ReadAction\",\"target\":[\"https:\/\/comarcas.csm.org.pt\/faro\/blog\/2025\/09\/22\/mesa-redonda-meenos-conversa\/\"]}]},{\"@type\":\"ImageObject\",\"inLanguage\":\"pt-PT\",\"@id\":\"https:\/\/comarcas.csm.org.pt\/faro\/blog\/2025\/09\/22\/mesa-redonda-meenos-conversa\/#primaryimage\",\"url\":\"https:\/\/comarcas.csm.org.pt\/faro\/wp-content\/uploads\/sites\/14\/2025\/09\/MEENOS.png\",\"contentUrl\":\"https:\/\/comarcas.csm.org.pt\/faro\/wp-content\/uploads\/sites\/14\/2025\/09\/MEENOS.png\",\"width\":677,\"height\":452},{\"@type\":\"BreadcrumbList\",\"@id\":\"https:\/\/comarcas.csm.org.pt\/faro\/blog\/2025\/09\/22\/mesa-redonda-meenos-conversa\/#breadcrumb\",\"itemListElement\":[{\"@type\":\"ListItem\",\"position\":1,\"name\":\"In\u00edcio\",\"item\":\"https:\/\/comarcas.csm.org.pt\/faro\/\"},{\"@type\":\"ListItem\",\"position\":2,\"name\":\"Mesa Redonda \u201cMeenos Conversa&#8221;\"}]},{\"@type\":\"WebSite\",\"@id\":\"https:\/\/comarcas.csm.org.pt\/faro\/#website\",\"url\":\"https:\/\/comarcas.csm.org.pt\/faro\/\",\"name\":\"Tribunal Judicial da Comarca de Faro\",\"description\":\"Tribunal Judicial da Comarca de Faro\",\"publisher\":{\"@id\":\"https:\/\/comarcas.csm.org.pt\/faro\/#organization\"},\"potentialAction\":[{\"@type\":\"SearchAction\",\"target\":{\"@type\":\"EntryPoint\",\"urlTemplate\":\"https:\/\/comarcas.csm.org.pt\/faro\/?s={search_term_string}\"},\"query-input\":{\"@type\":\"PropertyValueSpecification\",\"valueRequired\":true,\"valueName\":\"search_term_string\"}}],\"inLanguage\":\"pt-PT\"},{\"@type\":\"Organization\",\"@id\":\"https:\/\/comarcas.csm.org.pt\/faro\/#organization\",\"name\":\"Tribunal Judicial da Comarca de Faro\",\"url\":\"https:\/\/comarcas.csm.org.pt\/faro\/\",\"logo\":{\"@type\":\"ImageObject\",\"inLanguage\":\"pt-PT\",\"@id\":\"https:\/\/comarcas.csm.org.pt\/faro\/#\/schema\/logo\/image\/\",\"url\":\"https:\/\/comarcas.csm.org.pt\/faro\/wp-content\/uploads\/sites\/14\/2024\/11\/Faro_positivo-horizontal.png\",\"contentUrl\":\"https:\/\/comarcas.csm.org.pt\/faro\/wp-content\/uploads\/sites\/14\/2024\/11\/Faro_positivo-horizontal.png\",\"width\":4304,\"height\":1186,\"caption\":\"Tribunal Judicial da Comarca de Faro\"},\"image\":{\"@id\":\"https:\/\/comarcas.csm.org.pt\/faro\/#\/schema\/logo\/image\/\"}},{\"@type\":\"Person\",\"@id\":\"https:\/\/comarcas.csm.org.pt\/faro\/#\/schema\/person\/4b57476d02670c2c03cc696e0ae9f1d0\",\"name\":\"servando\",\"image\":{\"@type\":\"ImageObject\",\"inLanguage\":\"pt-PT\",\"@id\":\"https:\/\/comarcas.csm.org.pt\/faro\/#\/schema\/person\/image\/\",\"url\":\"https:\/\/secure.gravatar.com\/avatar\/3bb57b07d435882f36052a526cf1fc8a355ca2f7e451c03f976820909a8410a9?s=96&d=mm&r=g\",\"contentUrl\":\"https:\/\/secure.gravatar.com\/avatar\/3bb57b07d435882f36052a526cf1fc8a355ca2f7e451c03f976820909a8410a9?s=96&d=mm&r=g\",\"caption\":\"servando\"},\"url\":\"https:\/\/comarcas.csm.org.pt\/faro\/blog\/author\/servando\/\"}]}<\/script>\n<!-- \/ Yoast SEO plugin. -->","yoast_head_json":{"title":"Mesa Redonda \u201cMeenos Conversa\" - Tribunal Judicial da Comarca de Faro","robots":{"index":"index","follow":"follow","max-snippet":"max-snippet:-1","max-image-preview":"max-image-preview:large","max-video-preview":"max-video-preview:-1"},"canonical":"https:\/\/comarcas.csm.org.pt\/faro\/blog\/2025\/09\/22\/mesa-redonda-meenos-conversa\/","og_locale":"pt_PT","og_type":"article","og_title":"Mesa Redonda \u201cMeenos Conversa\" - Tribunal Judicial da Comarca de Faro","og_description":"Decorreu, no passado dia 19 de setembro de 2025, pelas 14:30 horas, nas instala\u00e7\u00f5es da Diretoria do Sul da Pol\u00edcia Judici\u00e1ria, Mesa-redonda no \u00e2mbito do projeto \u201cMeenos Conversa\u201d, uma iniciativa do Conselho Superior da Magistratura...","og_url":"https:\/\/comarcas.csm.org.pt\/faro\/blog\/2025\/09\/22\/mesa-redonda-meenos-conversa\/","og_site_name":"Tribunal Judicial da Comarca de Faro","article_published_time":"2025-09-22T15:51:04+00:00","article_modified_time":"2025-09-29T18:23:09+00:00","og_image":[{"width":677,"height":452,"url":"https:\/\/comarcas.csm.org.pt\/faro\/wp-content\/uploads\/sites\/14\/2025\/09\/MEENOS.png","type":"image\/png"}],"author":"servando","twitter_card":"summary_large_image","twitter_misc":{"Escrito por":"servando","Tempo estimado de leitura":"2 minutos"},"schema":{"@context":"https:\/\/schema.org","@graph":[{"@type":"Article","@id":"https:\/\/comarcas.csm.org.pt\/faro\/blog\/2025\/09\/22\/mesa-redonda-meenos-conversa\/#article","isPartOf":{"@id":"https:\/\/comarcas.csm.org.pt\/faro\/blog\/2025\/09\/22\/mesa-redonda-meenos-conversa\/"},"author":{"name":"servando","@id":"https:\/\/comarcas.csm.org.pt\/faro\/#\/schema\/person\/4b57476d02670c2c03cc696e0ae9f1d0"},"headline":"Mesa Redonda \u201cMeenos Conversa&#8221;","datePublished":"2025-09-22T15:51:04+00:00","dateModified":"2025-09-29T18:23:09+00:00","mainEntityOfPage":{"@id":"https:\/\/comarcas.csm.org.pt\/faro\/blog\/2025\/09\/22\/mesa-redonda-meenos-conversa\/"},"wordCount":204,"publisher":{"@id":"https:\/\/comarcas.csm.org.pt\/faro\/#organization"},"image":{"@id":"https:\/\/comarcas.csm.org.pt\/faro\/blog\/2025\/09\/22\/mesa-redonda-meenos-conversa\/#primaryimage"},"thumbnailUrl":"https:\/\/comarcas.csm.org.pt\/faro\/wp-content\/uploads\/sites\/14\/2025\/09\/MEENOS.png","articleSection":["Autoridades Judic\u00e1rias","Conselho Superior da Magistratura (CSM)","Eventos"],"inLanguage":"pt-PT"},{"@type":"WebPage","@id":"https:\/\/comarcas.csm.org.pt\/faro\/blog\/2025\/09\/22\/mesa-redonda-meenos-conversa\/","url":"https:\/\/comarcas.csm.org.pt\/faro\/blog\/2025\/09\/22\/mesa-redonda-meenos-conversa\/","name":"Mesa Redonda \u201cMeenos Conversa\" - Tribunal Judicial da Comarca de Faro","isPartOf":{"@id":"https:\/\/comarcas.csm.org.pt\/faro\/#website"},"primaryImageOfPage":{"@id":"https:\/\/comarcas.csm.org.pt\/faro\/blog\/2025\/09\/22\/mesa-redonda-meenos-conversa\/#primaryimage"},"image":{"@id":"https:\/\/comarcas.csm.org.pt\/faro\/blog\/2025\/09\/22\/mesa-redonda-meenos-conversa\/#primaryimage"},"thumbnailUrl":"https:\/\/comarcas.csm.org.pt\/faro\/wp-content\/uploads\/sites\/14\/2025\/09\/MEENOS.png","datePublished":"2025-09-22T15:51:04+00:00","dateModified":"2025-09-29T18:23:09+00:00","breadcrumb":{"@id":"https:\/\/comarcas.csm.org.pt\/faro\/blog\/2025\/09\/22\/mesa-redonda-meenos-conversa\/#breadcrumb"},"inLanguage":"pt-PT","potentialAction":[{"@type":"ReadAction","target":["https:\/\/comarcas.csm.org.pt\/faro\/blog\/2025\/09\/22\/mesa-redonda-meenos-conversa\/"]}]},{"@type":"ImageObject","inLanguage":"pt-PT","@id":"https:\/\/comarcas.csm.org.pt\/faro\/blog\/2025\/09\/22\/mesa-redonda-meenos-conversa\/#primaryimage","url":"https:\/\/comarcas.csm.org.pt\/faro\/wp-content\/uploads\/sites\/14\/2025\/09\/MEENOS.png","contentUrl":"https:\/\/comarcas.csm.org.pt\/faro\/wp-content\/uploads\/sites\/14\/2025\/09\/MEENOS.png","width":677,"height":452},{"@type":"BreadcrumbList","@id":"https:\/\/comarcas.csm.org.pt\/faro\/blog\/2025\/09\/22\/mesa-redonda-meenos-conversa\/#breadcrumb","itemListElement":[{"@type":"ListItem","position":1,"name":"In\u00edcio","item":"https:\/\/comarcas.csm.org.pt\/faro\/"},{"@type":"ListItem","position":2,"name":"Mesa Redonda \u201cMeenos Conversa&#8221;"}]},{"@type":"WebSite","@id":"https:\/\/comarcas.csm.org.pt\/faro\/#website","url":"https:\/\/comarcas.csm.org.pt\/faro\/","name":"Tribunal Judicial da Comarca de Faro","description":"Tribunal Judicial da Comarca de Faro","publisher":{"@id":"https:\/\/comarcas.csm.org.pt\/faro\/#organization"},"potentialAction":[{"@type":"SearchAction","target":{"@type":"EntryPoint","urlTemplate":"https:\/\/comarcas.csm.org.pt\/faro\/?s={search_term_string}"},"query-input":{"@type":"PropertyValueSpecification","valueRequired":true,"valueName":"search_term_string"}}],"inLanguage":"pt-PT"},{"@type":"Organization","@id":"https:\/\/comarcas.csm.org.pt\/faro\/#organization","name":"Tribunal Judicial da Comarca de Faro","url":"https:\/\/comarcas.csm.org.pt\/faro\/","logo":{"@type":"ImageObject","inLanguage":"pt-PT","@id":"https:\/\/comarcas.csm.org.pt\/faro\/#\/schema\/logo\/image\/","url":"https:\/\/comarcas.csm.org.pt\/faro\/wp-content\/uploads\/sites\/14\/2024\/11\/Faro_positivo-horizontal.png","contentUrl":"https:\/\/comarcas.csm.org.pt\/faro\/wp-content\/uploads\/sites\/14\/2024\/11\/Faro_positivo-horizontal.png","width":4304,"height":1186,"caption":"Tribunal Judicial da Comarca de Faro"},"image":{"@id":"https:\/\/comarcas.csm.org.pt\/faro\/#\/schema\/logo\/image\/"}},{"@type":"Person","@id":"https:\/\/comarcas.csm.org.pt\/faro\/#\/schema\/person\/4b57476d02670c2c03cc696e0ae9f1d0","name":"servando","image":{"@type":"ImageObject","inLanguage":"pt-PT","@id":"https:\/\/comarcas.csm.org.pt\/faro\/#\/schema\/person\/image\/","url":"https:\/\/secure.gravatar.com\/avatar\/3bb57b07d435882f36052a526cf1fc8a355ca2f7e451c03f976820909a8410a9?s=96&d=mm&r=g","contentUrl":"https:\/\/secure.gravatar.com\/avatar\/3bb57b07d435882f36052a526cf1fc8a355ca2f7e451c03f976820909a8410a9?s=96&d=mm&r=g","caption":"servando"},"url":"https:\/\/comarcas.csm.org.pt\/faro\/blog\/author\/servando\/"}]}},"_links":{"self":[{"href":"https:\/\/comarcas.csm.org.pt\/faro\/wp-json\/wp\/v2\/posts\/14445","targetHints":{"allow":["GET"]}}],"collection":[{"href":"https:\/\/comarcas.csm.org.pt\/faro\/wp-json\/wp\/v2\/posts"}],"about":[{"href":"https:\/\/comarcas.csm.org.pt\/faro\/wp-json\/wp\/v2\/types\/post"}],"author":[{"embeddable":true,"href":"https:\/\/comarcas.csm.org.pt\/faro\/wp-json\/wp\/v2\/users\/29"}],"replies":[{"embeddable":true,"href":"https:\/\/comarcas.csm.org.pt\/faro\/wp-json\/wp\/v2\/comments?post=14445"}],"version-history":[{"count":25,"href":"https:\/\/comarcas.csm.org.pt\/faro\/wp-json\/wp\/v2\/posts\/14445\/revisions"}],"predecessor-version":[{"id":14487,"href":"https:\/\/comarcas.csm.org.pt\/faro\/wp-json\/wp\/v2\/posts\/14445\/revisions\/14487"}],"wp:attachment":[{"href":"https:\/\/comarcas.csm.org.pt\/faro\/wp-json\/wp\/v2\/media?parent=14445"}],"wp:term":[{"taxonomy":"category","embeddable":true,"href":"https:\/\/comarcas.csm.org.pt\/faro\/wp-json\/wp\/v2\/categories?post=14445"},{"taxonomy":"post_tag","embeddable":true,"href":"https:\/\/comarcas.csm.org.pt\/faro\/wp-json\/wp\/v2\/tags?post=14445"}],"curies":[{"name":"wp","href":"https:\/\/api.w.org\/{rel}","templated":true}]}}