{"id":14533,"date":"2025-10-08T16:09:25","date_gmt":"2025-10-08T16:09:25","guid":{"rendered":"https:\/\/comarcas.csm.org.pt\/faro\/?p=14533"},"modified":"2025-10-09T16:37:17","modified_gmt":"2025-10-09T16:37:17","slug":"interrogatorio-judicial-de-arguido-detido-nuipc-2272-25-9pbfar","status":"publish","type":"post","link":"https:\/\/comarcas.csm.org.pt\/faro\/blog\/2025\/10\/08\/interrogatorio-judicial-de-arguido-detido-nuipc-2272-25-9pbfar\/","title":{"rendered":"Interrogat\u00f3rio judicial de arguido detido \u2013 NUIPC 2272\/25.9PBFAR"},"content":{"rendered":"\t\t<div data-elementor-type=\"wp-post\" data-elementor-id=\"14533\" class=\"elementor elementor-14533\" data-elementor-post-type=\"post\">\n\t\t\t\t<div class=\"elementor-element elementor-element-7875880 e-flex e-con-boxed e-con e-parent\" data-id=\"7875880\" data-element_type=\"container\">\n\t\t\t\t\t<div class=\"e-con-inner\">\n\t\t\t\t<div class=\"elementor-element elementor-element-c9cdd3f elementor-widget elementor-widget-text-editor\" data-id=\"c9cdd3f\" data-element_type=\"widget\" data-widget_type=\"text-editor.default\">\n\t\t\t\t<div class=\"elementor-widget-container\">\n\t\t\t\t\t\t\t\t\t<p>Face \u00e0 repercuss\u00e3o p\u00fablica, d\u00e1-se a conhecer que:<\/p><ol><li>No dia 7 de outubro de 2025, foi apresentado ao ju\u00edzo de instru\u00e7\u00e3o criminal de Faro arguido a quem foi imputada a pr\u00e1tica de factos cometidos contra jovem na cidade de Faro, preliminarmente enquadrados como de crime de sequestro.<\/li><li>Tendo sido sujeito a primeiro interrogat\u00f3rio judicial de arguido detido, foi considerado que o mesmo est\u00e1 fortemente indiciado de todos os factos constantes da apresenta\u00e7\u00e3o do Minist\u00e9rio P\u00fablico, enquadr\u00e1veis antes num crime de coa\u00e7\u00e3o.<\/li><li>O crime de coa\u00e7\u00e3o, p.p. pelo artigo 154.\u00ba do C\u00f3digo Penal, \u00e9 punido com pena de pris\u00e3o at\u00e9 tr\u00eas anos ou com pena de multa, sendo a sua tentativa \u00e9 pun\u00edvel (ao contr\u00e1rio da tentativa do crime de sequestro).<\/li><li>No caso de penas de pris\u00e3o at\u00e9 tr\u00eas anos apenas s\u00e3o aplic\u00e1veis as medidas de coa\u00e7\u00e3o previstas nos artigos 197.\u00ba (cau\u00e7\u00e3o), 198.\u00ba (obriga\u00e7\u00e3o de apresenta\u00e7\u00f5es peri\u00f3dicas) e 199.\u00ba (suspens\u00e3o do exerc\u00edcio de profiss\u00e3o, de fun\u00e7\u00e3o de atividade e de direitos) do C\u00f3digo de Processo Penal.<\/li><li>Na sequ\u00eancia do referido interrogat\u00f3rio, a medida de coa\u00e7\u00e3o concretamente aplicada ao arguido foi a de apresenta\u00e7\u00f5es peri\u00f3dicas bissemanais.<\/li><\/ol><p>Faro,\u00a0<\/p>\t\t\t\t\t\t\t\t<\/div>\n\t\t\t\t<\/div>\n\t\t\t\t\t<\/div>\n\t\t\t\t<\/div>\n\t\t\t\t<\/div>\n\t\t","protected":false},"excerpt":{"rendered":"<p>Face \u00e0 repercuss\u00e3o p\u00fablica, d\u00e1-se a conhecer que: No dia 7 de outubro de 2025, foi apresentado ao ju\u00edzo de instru\u00e7\u00e3o criminal de Faro arguido a quem foi imputada a pr\u00e1tica de factos cometidos contra&#8230;<\/p>\n","protected":false},"author":34,"featured_media":0,"comment_status":"closed","ping_status":"open","sticky":false,"template":"","format":"standard","meta":{"_tbt_post_transparent":"","_tbt_post_title":"","_tbt_post_layout":"","_tbt_post_sidebar_id":"","_tbt_post_content_style":"","_tbt_post_vertical_padding":"","_tbt_post_feature":"","_tbt_post_feature_position":"","_tbt_post_header":false,"_tbt_post_footer":false},"categories":[61,57,5],"tags":[],"class_list":["post-14533","post","type-post","status-publish","format-standard","hentry","category-comunicado-a-imprensa","category-conselho-superior-da-magistratura-csm","category-noticias"],"yoast_head":"<!-- This site is optimized with the Yoast SEO plugin v25.6 - https:\/\/yoast.com\/wordpress\/plugins\/seo\/ -->\n<title>Interrogat\u00f3rio judicial de arguido detido \u2013 NUIPC 2272\/25.9PBFAR - Tribunal Judicial da Comarca de Faro<\/title>\n<meta name=\"robots\" content=\"index, follow, max-snippet:-1, max-image-preview:large, max-video-preview:-1\" \/>\n<link rel=\"canonical\" href=\"https:\/\/comarcas.csm.org.pt\/faro\/blog\/2025\/10\/08\/interrogatorio-judicial-de-arguido-detido-nuipc-2272-25-9pbfar\/\" \/>\n<meta property=\"og:locale\" content=\"pt_PT\" \/>\n<meta property=\"og:type\" content=\"article\" \/>\n<meta property=\"og:title\" content=\"Interrogat\u00f3rio judicial de arguido detido \u2013 NUIPC 2272\/25.9PBFAR - Tribunal Judicial da Comarca de Faro\" \/>\n<meta property=\"og:description\" content=\"Face \u00e0 repercuss\u00e3o p\u00fablica, d\u00e1-se a conhecer que: No dia 7 de outubro de 2025, foi apresentado ao ju\u00edzo de instru\u00e7\u00e3o criminal de Faro arguido a quem foi imputada a pr\u00e1tica de factos cometidos contra...\" \/>\n<meta property=\"og:url\" content=\"https:\/\/comarcas.csm.org.pt\/faro\/blog\/2025\/10\/08\/interrogatorio-judicial-de-arguido-detido-nuipc-2272-25-9pbfar\/\" \/>\n<meta property=\"og:site_name\" content=\"Tribunal Judicial da Comarca de Faro\" \/>\n<meta property=\"article:published_time\" content=\"2025-10-08T16:09:25+00:00\" \/>\n<meta property=\"article:modified_time\" content=\"2025-10-09T16:37:17+00:00\" \/>\n<meta name=\"author\" content=\"susana\" \/>\n<meta name=\"twitter:card\" content=\"summary_large_image\" \/>\n<meta name=\"twitter:label1\" content=\"Escrito por\" \/>\n\t<meta name=\"twitter:data1\" content=\"susana\" \/>\n\t<meta name=\"twitter:label2\" content=\"Tempo estimado de leitura\" \/>\n\t<meta name=\"twitter:data2\" content=\"2 minutos\" \/>\n<script type=\"application\/ld+json\" class=\"yoast-schema-graph\">{\"@context\":\"https:\/\/schema.org\",\"@graph\":[{\"@type\":\"Article\",\"@id\":\"https:\/\/comarcas.csm.org.pt\/faro\/blog\/2025\/10\/08\/interrogatorio-judicial-de-arguido-detido-nuipc-2272-25-9pbfar\/#article\",\"isPartOf\":{\"@id\":\"https:\/\/comarcas.csm.org.pt\/faro\/blog\/2025\/10\/08\/interrogatorio-judicial-de-arguido-detido-nuipc-2272-25-9pbfar\/\"},\"author\":{\"name\":\"susana\",\"@id\":\"https:\/\/comarcas.csm.org.pt\/faro\/#\/schema\/person\/753caeccc573d9ba0b0cdeafbb717413\"},\"headline\":\"Interrogat\u00f3rio judicial de arguido detido \u2013 NUIPC 2272\/25.9PBFAR\",\"datePublished\":\"2025-10-08T16:09:25+00:00\",\"dateModified\":\"2025-10-09T16:37:17+00:00\",\"mainEntityOfPage\":{\"@id\":\"https:\/\/comarcas.csm.org.pt\/faro\/blog\/2025\/10\/08\/interrogatorio-judicial-de-arguido-detido-nuipc-2272-25-9pbfar\/\"},\"wordCount\":222,\"publisher\":{\"@id\":\"https:\/\/comarcas.csm.org.pt\/faro\/#organization\"},\"articleSection\":[\"Comunicado \u00e0 Imprensa\",\"Conselho Superior da Magistratura (CSM)\",\"Not\u00edcias\"],\"inLanguage\":\"pt-PT\"},{\"@type\":\"WebPage\",\"@id\":\"https:\/\/comarcas.csm.org.pt\/faro\/blog\/2025\/10\/08\/interrogatorio-judicial-de-arguido-detido-nuipc-2272-25-9pbfar\/\",\"url\":\"https:\/\/comarcas.csm.org.pt\/faro\/blog\/2025\/10\/08\/interrogatorio-judicial-de-arguido-detido-nuipc-2272-25-9pbfar\/\",\"name\":\"Interrogat\u00f3rio judicial de arguido detido \u2013 NUIPC 2272\/25.9PBFAR - Tribunal Judicial da Comarca de Faro\",\"isPartOf\":{\"@id\":\"https:\/\/comarcas.csm.org.pt\/faro\/#website\"},\"datePublished\":\"2025-10-08T16:09:25+00:00\",\"dateModified\":\"2025-10-09T16:37:17+00:00\",\"breadcrumb\":{\"@id\":\"https:\/\/comarcas.csm.org.pt\/faro\/blog\/2025\/10\/08\/interrogatorio-judicial-de-arguido-detido-nuipc-2272-25-9pbfar\/#breadcrumb\"},\"inLanguage\":\"pt-PT\",\"potentialAction\":[{\"@type\":\"ReadAction\",\"target\":[\"https:\/\/comarcas.csm.org.pt\/faro\/blog\/2025\/10\/08\/interrogatorio-judicial-de-arguido-detido-nuipc-2272-25-9pbfar\/\"]}]},{\"@type\":\"BreadcrumbList\",\"@id\":\"https:\/\/comarcas.csm.org.pt\/faro\/blog\/2025\/10\/08\/interrogatorio-judicial-de-arguido-detido-nuipc-2272-25-9pbfar\/#breadcrumb\",\"itemListElement\":[{\"@type\":\"ListItem\",\"position\":1,\"name\":\"In\u00edcio\",\"item\":\"https:\/\/comarcas.csm.org.pt\/faro\/\"},{\"@type\":\"ListItem\",\"position\":2,\"name\":\"Interrogat\u00f3rio judicial de arguido detido \u2013 NUIPC 2272\/25.9PBFAR\"}]},{\"@type\":\"WebSite\",\"@id\":\"https:\/\/comarcas.csm.org.pt\/faro\/#website\",\"url\":\"https:\/\/comarcas.csm.org.pt\/faro\/\",\"name\":\"Tribunal Judicial da Comarca de Faro\",\"description\":\"Tribunal Judicial da Comarca de Faro\",\"publisher\":{\"@id\":\"https:\/\/comarcas.csm.org.pt\/faro\/#organization\"},\"potentialAction\":[{\"@type\":\"SearchAction\",\"target\":{\"@type\":\"EntryPoint\",\"urlTemplate\":\"https:\/\/comarcas.csm.org.pt\/faro\/?s={search_term_string}\"},\"query-input\":{\"@type\":\"PropertyValueSpecification\",\"valueRequired\":true,\"valueName\":\"search_term_string\"}}],\"inLanguage\":\"pt-PT\"},{\"@type\":\"Organization\",\"@id\":\"https:\/\/comarcas.csm.org.pt\/faro\/#organization\",\"name\":\"Tribunal Judicial da Comarca de Faro\",\"url\":\"https:\/\/comarcas.csm.org.pt\/faro\/\",\"logo\":{\"@type\":\"ImageObject\",\"inLanguage\":\"pt-PT\",\"@id\":\"https:\/\/comarcas.csm.org.pt\/faro\/#\/schema\/logo\/image\/\",\"url\":\"https:\/\/comarcas.csm.org.pt\/faro\/wp-content\/uploads\/sites\/14\/2024\/11\/Faro_positivo-horizontal.png\",\"contentUrl\":\"https:\/\/comarcas.csm.org.pt\/faro\/wp-content\/uploads\/sites\/14\/2024\/11\/Faro_positivo-horizontal.png\",\"width\":4304,\"height\":1186,\"caption\":\"Tribunal Judicial da Comarca de Faro\"},\"image\":{\"@id\":\"https:\/\/comarcas.csm.org.pt\/faro\/#\/schema\/logo\/image\/\"}},{\"@type\":\"Person\",\"@id\":\"https:\/\/comarcas.csm.org.pt\/faro\/#\/schema\/person\/753caeccc573d9ba0b0cdeafbb717413\",\"name\":\"susana\",\"image\":{\"@type\":\"ImageObject\",\"inLanguage\":\"pt-PT\",\"@id\":\"https:\/\/comarcas.csm.org.pt\/faro\/#\/schema\/person\/image\/\",\"url\":\"https:\/\/secure.gravatar.com\/avatar\/9cd607c2b955ef290b5bde9998795403a2d1e324c0908df2bc5800c765f46ef9?s=96&d=mm&r=g\",\"contentUrl\":\"https:\/\/secure.gravatar.com\/avatar\/9cd607c2b955ef290b5bde9998795403a2d1e324c0908df2bc5800c765f46ef9?s=96&d=mm&r=g\",\"caption\":\"susana\"},\"url\":\"https:\/\/comarcas.csm.org.pt\/faro\/blog\/author\/susana\/\"}]}<\/script>\n<!-- \/ Yoast SEO plugin. -->","yoast_head_json":{"title":"Interrogat\u00f3rio judicial de arguido detido \u2013 NUIPC 2272\/25.9PBFAR - Tribunal Judicial da Comarca de Faro","robots":{"index":"index","follow":"follow","max-snippet":"max-snippet:-1","max-image-preview":"max-image-preview:large","max-video-preview":"max-video-preview:-1"},"canonical":"https:\/\/comarcas.csm.org.pt\/faro\/blog\/2025\/10\/08\/interrogatorio-judicial-de-arguido-detido-nuipc-2272-25-9pbfar\/","og_locale":"pt_PT","og_type":"article","og_title":"Interrogat\u00f3rio judicial de arguido detido \u2013 NUIPC 2272\/25.9PBFAR - Tribunal Judicial da Comarca de Faro","og_description":"Face \u00e0 repercuss\u00e3o p\u00fablica, d\u00e1-se a conhecer que: No dia 7 de outubro de 2025, foi apresentado ao ju\u00edzo de instru\u00e7\u00e3o criminal de Faro arguido a quem foi imputada a pr\u00e1tica de factos cometidos contra...","og_url":"https:\/\/comarcas.csm.org.pt\/faro\/blog\/2025\/10\/08\/interrogatorio-judicial-de-arguido-detido-nuipc-2272-25-9pbfar\/","og_site_name":"Tribunal Judicial da Comarca de Faro","article_published_time":"2025-10-08T16:09:25+00:00","article_modified_time":"2025-10-09T16:37:17+00:00","author":"susana","twitter_card":"summary_large_image","twitter_misc":{"Escrito por":"susana","Tempo estimado de leitura":"2 minutos"},"schema":{"@context":"https:\/\/schema.org","@graph":[{"@type":"Article","@id":"https:\/\/comarcas.csm.org.pt\/faro\/blog\/2025\/10\/08\/interrogatorio-judicial-de-arguido-detido-nuipc-2272-25-9pbfar\/#article","isPartOf":{"@id":"https:\/\/comarcas.csm.org.pt\/faro\/blog\/2025\/10\/08\/interrogatorio-judicial-de-arguido-detido-nuipc-2272-25-9pbfar\/"},"author":{"name":"susana","@id":"https:\/\/comarcas.csm.org.pt\/faro\/#\/schema\/person\/753caeccc573d9ba0b0cdeafbb717413"},"headline":"Interrogat\u00f3rio judicial de arguido detido \u2013 NUIPC 2272\/25.9PBFAR","datePublished":"2025-10-08T16:09:25+00:00","dateModified":"2025-10-09T16:37:17+00:00","mainEntityOfPage":{"@id":"https:\/\/comarcas.csm.org.pt\/faro\/blog\/2025\/10\/08\/interrogatorio-judicial-de-arguido-detido-nuipc-2272-25-9pbfar\/"},"wordCount":222,"publisher":{"@id":"https:\/\/comarcas.csm.org.pt\/faro\/#organization"},"articleSection":["Comunicado \u00e0 Imprensa","Conselho Superior da Magistratura (CSM)","Not\u00edcias"],"inLanguage":"pt-PT"},{"@type":"WebPage","@id":"https:\/\/comarcas.csm.org.pt\/faro\/blog\/2025\/10\/08\/interrogatorio-judicial-de-arguido-detido-nuipc-2272-25-9pbfar\/","url":"https:\/\/comarcas.csm.org.pt\/faro\/blog\/2025\/10\/08\/interrogatorio-judicial-de-arguido-detido-nuipc-2272-25-9pbfar\/","name":"Interrogat\u00f3rio judicial de arguido detido \u2013 NUIPC 2272\/25.9PBFAR - Tribunal Judicial da Comarca de Faro","isPartOf":{"@id":"https:\/\/comarcas.csm.org.pt\/faro\/#website"},"datePublished":"2025-10-08T16:09:25+00:00","dateModified":"2025-10-09T16:37:17+00:00","breadcrumb":{"@id":"https:\/\/comarcas.csm.org.pt\/faro\/blog\/2025\/10\/08\/interrogatorio-judicial-de-arguido-detido-nuipc-2272-25-9pbfar\/#breadcrumb"},"inLanguage":"pt-PT","potentialAction":[{"@type":"ReadAction","target":["https:\/\/comarcas.csm.org.pt\/faro\/blog\/2025\/10\/08\/interrogatorio-judicial-de-arguido-detido-nuipc-2272-25-9pbfar\/"]}]},{"@type":"BreadcrumbList","@id":"https:\/\/comarcas.csm.org.pt\/faro\/blog\/2025\/10\/08\/interrogatorio-judicial-de-arguido-detido-nuipc-2272-25-9pbfar\/#breadcrumb","itemListElement":[{"@type":"ListItem","position":1,"name":"In\u00edcio","item":"https:\/\/comarcas.csm.org.pt\/faro\/"},{"@type":"ListItem","position":2,"name":"Interrogat\u00f3rio judicial de arguido detido \u2013 NUIPC 2272\/25.9PBFAR"}]},{"@type":"WebSite","@id":"https:\/\/comarcas.csm.org.pt\/faro\/#website","url":"https:\/\/comarcas.csm.org.pt\/faro\/","name":"Tribunal Judicial da Comarca de Faro","description":"Tribunal Judicial da Comarca de Faro","publisher":{"@id":"https:\/\/comarcas.csm.org.pt\/faro\/#organization"},"potentialAction":[{"@type":"SearchAction","target":{"@type":"EntryPoint","urlTemplate":"https:\/\/comarcas.csm.org.pt\/faro\/?s={search_term_string}"},"query-input":{"@type":"PropertyValueSpecification","valueRequired":true,"valueName":"search_term_string"}}],"inLanguage":"pt-PT"},{"@type":"Organization","@id":"https:\/\/comarcas.csm.org.pt\/faro\/#organization","name":"Tribunal Judicial da Comarca de Faro","url":"https:\/\/comarcas.csm.org.pt\/faro\/","logo":{"@type":"ImageObject","inLanguage":"pt-PT","@id":"https:\/\/comarcas.csm.org.pt\/faro\/#\/schema\/logo\/image\/","url":"https:\/\/comarcas.csm.org.pt\/faro\/wp-content\/uploads\/sites\/14\/2024\/11\/Faro_positivo-horizontal.png","contentUrl":"https:\/\/comarcas.csm.org.pt\/faro\/wp-content\/uploads\/sites\/14\/2024\/11\/Faro_positivo-horizontal.png","width":4304,"height":1186,"caption":"Tribunal Judicial da Comarca de Faro"},"image":{"@id":"https:\/\/comarcas.csm.org.pt\/faro\/#\/schema\/logo\/image\/"}},{"@type":"Person","@id":"https:\/\/comarcas.csm.org.pt\/faro\/#\/schema\/person\/753caeccc573d9ba0b0cdeafbb717413","name":"susana","image":{"@type":"ImageObject","inLanguage":"pt-PT","@id":"https:\/\/comarcas.csm.org.pt\/faro\/#\/schema\/person\/image\/","url":"https:\/\/secure.gravatar.com\/avatar\/9cd607c2b955ef290b5bde9998795403a2d1e324c0908df2bc5800c765f46ef9?s=96&d=mm&r=g","contentUrl":"https:\/\/secure.gravatar.com\/avatar\/9cd607c2b955ef290b5bde9998795403a2d1e324c0908df2bc5800c765f46ef9?s=96&d=mm&r=g","caption":"susana"},"url":"https:\/\/comarcas.csm.org.pt\/faro\/blog\/author\/susana\/"}]}},"_links":{"self":[{"href":"https:\/\/comarcas.csm.org.pt\/faro\/wp-json\/wp\/v2\/posts\/14533","targetHints":{"allow":["GET"]}}],"collection":[{"href":"https:\/\/comarcas.csm.org.pt\/faro\/wp-json\/wp\/v2\/posts"}],"about":[{"href":"https:\/\/comarcas.csm.org.pt\/faro\/wp-json\/wp\/v2\/types\/post"}],"author":[{"embeddable":true,"href":"https:\/\/comarcas.csm.org.pt\/faro\/wp-json\/wp\/v2\/users\/34"}],"replies":[{"embeddable":true,"href":"https:\/\/comarcas.csm.org.pt\/faro\/wp-json\/wp\/v2\/comments?post=14533"}],"version-history":[{"count":10,"href":"https:\/\/comarcas.csm.org.pt\/faro\/wp-json\/wp\/v2\/posts\/14533\/revisions"}],"predecessor-version":[{"id":14555,"href":"https:\/\/comarcas.csm.org.pt\/faro\/wp-json\/wp\/v2\/posts\/14533\/revisions\/14555"}],"wp:attachment":[{"href":"https:\/\/comarcas.csm.org.pt\/faro\/wp-json\/wp\/v2\/media?parent=14533"}],"wp:term":[{"taxonomy":"category","embeddable":true,"href":"https:\/\/comarcas.csm.org.pt\/faro\/wp-json\/wp\/v2\/categories?post=14533"},{"taxonomy":"post_tag","embeddable":true,"href":"https:\/\/comarcas.csm.org.pt\/faro\/wp-json\/wp\/v2\/tags?post=14533"}],"curies":[{"name":"wp","href":"https:\/\/api.w.org\/{rel}","templated":true}]}}