{"id":14703,"date":"2025-12-11T11:22:36","date_gmt":"2025-12-11T11:22:36","guid":{"rendered":"https:\/\/comarcas.csm.org.pt\/faro\/?p=14703"},"modified":"2025-12-13T15:00:55","modified_gmt":"2025-12-13T15:00:55","slug":"processo-880-22-9gelle-processo-comum-tribunal-do-juri","status":"publish","type":"post","link":"https:\/\/comarcas.csm.org.pt\/faro\/blog\/2025\/12\/11\/processo-880-22-9gelle-processo-comum-tribunal-do-juri\/","title":{"rendered":"Processo: 880\/22.9GELLE &#8211; Processo Comum (Tribunal do J\u00fari)"},"content":{"rendered":"\t\t<div data-elementor-type=\"wp-post\" data-elementor-id=\"14703\" class=\"elementor elementor-14703\" data-elementor-post-type=\"post\">\n\t\t\t\t<div class=\"elementor-element elementor-element-ae36de3 e-flex e-con-boxed e-con e-parent\" data-id=\"ae36de3\" data-element_type=\"container\">\n\t\t\t\t\t<div class=\"e-con-inner\">\n\t\t\t\t<div class=\"elementor-element elementor-element-1f53b38 elementor-widget elementor-widget-heading\" data-id=\"1f53b38\" data-element_type=\"widget\" data-widget_type=\"heading.default\">\n\t\t\t\t<div class=\"elementor-widget-container\">\n\t\t\t\t\t<h2 class=\"elementor-heading-title elementor-size-default\">COMUNICADO \u00e0 IMPRENSA<\/h2>\t\t\t\t<\/div>\n\t\t\t\t<\/div>\n\t\t\t\t\t<\/div>\n\t\t\t\t<\/div>\n\t\t<div class=\"elementor-element elementor-element-bbdc23d e-flex e-con-boxed e-con e-parent\" data-id=\"bbdc23d\" data-element_type=\"container\">\n\t\t\t\t\t<div class=\"e-con-inner\">\n\t\t\t\t<div class=\"elementor-element elementor-element-afeecea elementor-widget elementor-widget-heading\" data-id=\"afeecea\" data-element_type=\"widget\" data-widget_type=\"heading.default\">\n\t\t\t\t<div class=\"elementor-widget-container\">\n\t\t\t\t\t<h2 class=\"elementor-heading-title elementor-size-default\">Tribunal Judicial da Comarca de Faro, Ju\u00edzo Central Criminal de Faro - Juiz 4 \n\nProcesso: 880\/22.9GELLE - Processo Comum (Tribunal do J\u00fari)<\/h2>\t\t\t\t<\/div>\n\t\t\t\t<\/div>\n\t\t\t\t\t<\/div>\n\t\t\t\t<\/div>\n\t\t<div class=\"elementor-element elementor-element-3736104 e-flex e-con-boxed e-con e-parent\" data-id=\"3736104\" data-element_type=\"container\">\n\t\t\t\t\t<div class=\"e-con-inner\">\n\t\t\t\t<div class=\"elementor-element elementor-element-3d813b7 elementor-widget elementor-widget-text-editor\" data-id=\"3d813b7\" data-element_type=\"widget\" data-widget_type=\"text-editor.default\">\n\t\t\t\t<div class=\"elementor-widget-container\">\n\t\t\t\t\t\t\t\t\t<pre>Face \u00e0 repercuss\u00e3o e ao interesse p\u00fablico suscitado, d\u00e1-se a conhecer que, por Ac\u00f3rd\u00e3o do Tribunal de J\u00fari:<\/pre><p>a) O arguido foi absolvido da pr\u00e1tica de um crime de sequestro, previsto e punido pelo artigo 158.\u00ba do C\u00f3digo Penal;<\/p><p>b) O arguido foi absolvido da qualifica\u00e7\u00e3o prevista nas al\u00edneas e) e g) do n.\u00ba 2 do artigo 132.\u00ba, mas condenado, como autor material, de um crime de homic\u00eddio qualificado, previsto e punido pelos artigos 131.\u00ba e 132.\u00ba, n.\u00ba 1 e 2, do C\u00f3digo Penal (por actua\u00e7\u00e3o em especial censurabilidade), na pena de 22 (vinte e dois) anos de pris\u00e3o;<\/p><p>c) O arguido foi absolvido da pr\u00e1tica de um crime de roubo, previsto e punido pelo artigo 210.\u00ba, n.\u00ba 1, do C\u00f3digo Penal;<\/p><p>d) O arguido foi condenado, pela pr\u00e1tica de um crime de furto, previsto e punido pelo artigo 203.\u00ba, n.\u00ba 1, do C\u00f3digo Penal, na pena de 1 (um) ano e dois (dois) meses de pris\u00e3o;<\/p><p>e) O arguido foi condenado, pela pr\u00e1tica de um crime de profana\u00e7\u00e3o de cad\u00e1ver, previsto e punido pelo artigo 254.\u00ba, n.\u00ba 1, al\u00ednea b), do C\u00f3digo Penal, na pena de 1 (um) ano e 6 (seis) meses de pris\u00e3o;<\/p><p>f) O arguido foi absolvido da pr\u00e1tica de tr\u00eas crimes de burla inform\u00e1tica, na forma tentada, previstos e punidos pelos artigos 22.\u00ba, 23.\u00ba e 221.\u00ba, n.\u00ba 1, do C\u00f3digo Penal;<\/p><p>g) O arguido foi condenado, pela pr\u00e1tica de 3 (tr\u00eas) crimes de abuso de cart\u00e3o de garantia ou de cart\u00e3o, dispositivo ou dados de pagamento, previstos e punidos pelo artigo 225.\u00ba, n.\u00ba 1, al\u00ednea b), do C\u00f3digo Penal, na forma tentada, nas penas individuais de 8 (oito), 10 (dez) e 12 (doze) meses de pris\u00e3o;<\/p><p>h) O arguido foi condenado, pela pr\u00e1tica de um crime de falsidade inform\u00e1tica, previsto e punido pelo artigo 3.\u00ba, n.\u00ba 1, da Lei n.\u00ba 109\/2009, de 15\/09, na pena de 3 (tr\u00eas) anos de pris\u00e3o;<\/p><p>i) Em c\u00famulo jur\u00eddico das penas individuais anteriormente referidas, o arguido foi condenado na pena \u00fanica de 25 (vinte cinco) anos de pris\u00e3o.<\/p><p style=\"text-align: right\">Faro, 11 de dezembro de 2025<\/p><p style=\"text-align: center\">O Juiz Presidente da Comarca de Faro<br \/>Juiz Desembargador <em><strong>Paulo Belo<\/strong><\/em><\/p>\t\t\t\t\t\t\t\t<\/div>\n\t\t\t\t<\/div>\n\t\t\t\t\t<\/div>\n\t\t\t\t<\/div>\n\t\t\t\t<\/div>\n\t\t","protected":false},"excerpt":{"rendered":"<p>COMUNICADO \u00e0 IMPRENSA Tribunal Judicial da Comarca de Faro, Ju\u00edzo Central Criminal de Faro &#8211; Juiz 4 Processo: 880\/22.9GELLE &#8211; Processo Comum (Tribunal do J\u00fari) Face \u00e0 repercuss\u00e3o e ao interesse p\u00fablico suscitado, d\u00e1-se a&#8230;<\/p>\n","protected":false},"author":29,"featured_media":0,"comment_status":"closed","ping_status":"open","sticky":false,"template":"","format":"standard","meta":{"_tbt_post_transparent":"","_tbt_post_title":"","_tbt_post_layout":"","_tbt_post_sidebar_id":"","_tbt_post_content_style":"","_tbt_post_vertical_padding":"","_tbt_post_feature":"","_tbt_post_feature_position":"","_tbt_post_header":false,"_tbt_post_footer":false},"categories":[62,61],"tags":[],"class_list":["post-14703","post","type-post","status-publish","format-standard","hentry","category-acordaos-sentencas-decisoes","category-comunicado-a-imprensa"],"yoast_head":"<!-- This site is optimized with the Yoast SEO plugin v25.6 - https:\/\/yoast.com\/wordpress\/plugins\/seo\/ -->\n<title>Processo: 880\/22.9GELLE - Processo Comum (Tribunal do J\u00fari) - Tribunal Judicial da Comarca de Faro<\/title>\n<meta name=\"robots\" content=\"index, follow, max-snippet:-1, max-image-preview:large, max-video-preview:-1\" \/>\n<link rel=\"canonical\" href=\"https:\/\/comarcas.csm.org.pt\/faro\/blog\/2025\/12\/11\/processo-880-22-9gelle-processo-comum-tribunal-do-juri\/\" \/>\n<meta property=\"og:locale\" content=\"pt_PT\" \/>\n<meta property=\"og:type\" content=\"article\" \/>\n<meta property=\"og:title\" content=\"Processo: 880\/22.9GELLE - Processo Comum (Tribunal do J\u00fari) - Tribunal Judicial da Comarca de Faro\" \/>\n<meta property=\"og:description\" content=\"COMUNICADO \u00e0 IMPRENSA Tribunal Judicial da Comarca de Faro, Ju\u00edzo Central Criminal de Faro &#8211; Juiz 4 Processo: 880\/22.9GELLE &#8211; Processo Comum (Tribunal do J\u00fari) Face \u00e0 repercuss\u00e3o e ao interesse p\u00fablico suscitado, d\u00e1-se a...\" \/>\n<meta property=\"og:url\" content=\"https:\/\/comarcas.csm.org.pt\/faro\/blog\/2025\/12\/11\/processo-880-22-9gelle-processo-comum-tribunal-do-juri\/\" \/>\n<meta property=\"og:site_name\" content=\"Tribunal Judicial da Comarca de Faro\" \/>\n<meta property=\"article:published_time\" content=\"2025-12-11T11:22:36+00:00\" \/>\n<meta property=\"article:modified_time\" content=\"2025-12-13T15:00:55+00:00\" \/>\n<meta name=\"author\" content=\"servando\" \/>\n<meta name=\"twitter:card\" content=\"summary_large_image\" \/>\n<meta name=\"twitter:label1\" content=\"Escrito por\" \/>\n\t<meta name=\"twitter:data1\" content=\"servando\" \/>\n\t<meta name=\"twitter:label2\" content=\"Tempo estimado de leitura\" \/>\n\t<meta name=\"twitter:data2\" content=\"2 minutos\" \/>\n<script type=\"application\/ld+json\" class=\"yoast-schema-graph\">{\"@context\":\"https:\/\/schema.org\",\"@graph\":[{\"@type\":\"Article\",\"@id\":\"https:\/\/comarcas.csm.org.pt\/faro\/blog\/2025\/12\/11\/processo-880-22-9gelle-processo-comum-tribunal-do-juri\/#article\",\"isPartOf\":{\"@id\":\"https:\/\/comarcas.csm.org.pt\/faro\/blog\/2025\/12\/11\/processo-880-22-9gelle-processo-comum-tribunal-do-juri\/\"},\"author\":{\"name\":\"servando\",\"@id\":\"https:\/\/comarcas.csm.org.pt\/faro\/#\/schema\/person\/4b57476d02670c2c03cc696e0ae9f1d0\"},\"headline\":\"Processo: 880\/22.9GELLE &#8211; Processo Comum (Tribunal do J\u00fari)\",\"datePublished\":\"2025-12-11T11:22:36+00:00\",\"dateModified\":\"2025-12-13T15:00:55+00:00\",\"mainEntityOfPage\":{\"@id\":\"https:\/\/comarcas.csm.org.pt\/faro\/blog\/2025\/12\/11\/processo-880-22-9gelle-processo-comum-tribunal-do-juri\/\"},\"wordCount\":373,\"publisher\":{\"@id\":\"https:\/\/comarcas.csm.org.pt\/faro\/#organization\"},\"articleSection\":[\"Ac\u00f3rd\u00e3os\/Senten\u00e7as\/Decis\u00f5es\",\"Comunicado \u00e0 Imprensa\"],\"inLanguage\":\"pt-PT\"},{\"@type\":\"WebPage\",\"@id\":\"https:\/\/comarcas.csm.org.pt\/faro\/blog\/2025\/12\/11\/processo-880-22-9gelle-processo-comum-tribunal-do-juri\/\",\"url\":\"https:\/\/comarcas.csm.org.pt\/faro\/blog\/2025\/12\/11\/processo-880-22-9gelle-processo-comum-tribunal-do-juri\/\",\"name\":\"Processo: 880\/22.9GELLE - Processo Comum (Tribunal do J\u00fari) - Tribunal Judicial da Comarca de Faro\",\"isPartOf\":{\"@id\":\"https:\/\/comarcas.csm.org.pt\/faro\/#website\"},\"datePublished\":\"2025-12-11T11:22:36+00:00\",\"dateModified\":\"2025-12-13T15:00:55+00:00\",\"breadcrumb\":{\"@id\":\"https:\/\/comarcas.csm.org.pt\/faro\/blog\/2025\/12\/11\/processo-880-22-9gelle-processo-comum-tribunal-do-juri\/#breadcrumb\"},\"inLanguage\":\"pt-PT\",\"potentialAction\":[{\"@type\":\"ReadAction\",\"target\":[\"https:\/\/comarcas.csm.org.pt\/faro\/blog\/2025\/12\/11\/processo-880-22-9gelle-processo-comum-tribunal-do-juri\/\"]}]},{\"@type\":\"BreadcrumbList\",\"@id\":\"https:\/\/comarcas.csm.org.pt\/faro\/blog\/2025\/12\/11\/processo-880-22-9gelle-processo-comum-tribunal-do-juri\/#breadcrumb\",\"itemListElement\":[{\"@type\":\"ListItem\",\"position\":1,\"name\":\"In\u00edcio\",\"item\":\"https:\/\/comarcas.csm.org.pt\/faro\/\"},{\"@type\":\"ListItem\",\"position\":2,\"name\":\"Processo: 880\/22.9GELLE &#8211; Processo Comum (Tribunal do J\u00fari)\"}]},{\"@type\":\"WebSite\",\"@id\":\"https:\/\/comarcas.csm.org.pt\/faro\/#website\",\"url\":\"https:\/\/comarcas.csm.org.pt\/faro\/\",\"name\":\"Tribunal Judicial da Comarca de Faro\",\"description\":\"Tribunal Judicial da Comarca de Faro\",\"publisher\":{\"@id\":\"https:\/\/comarcas.csm.org.pt\/faro\/#organization\"},\"potentialAction\":[{\"@type\":\"SearchAction\",\"target\":{\"@type\":\"EntryPoint\",\"urlTemplate\":\"https:\/\/comarcas.csm.org.pt\/faro\/?s={search_term_string}\"},\"query-input\":{\"@type\":\"PropertyValueSpecification\",\"valueRequired\":true,\"valueName\":\"search_term_string\"}}],\"inLanguage\":\"pt-PT\"},{\"@type\":\"Organization\",\"@id\":\"https:\/\/comarcas.csm.org.pt\/faro\/#organization\",\"name\":\"Tribunal Judicial da Comarca de Faro\",\"url\":\"https:\/\/comarcas.csm.org.pt\/faro\/\",\"logo\":{\"@type\":\"ImageObject\",\"inLanguage\":\"pt-PT\",\"@id\":\"https:\/\/comarcas.csm.org.pt\/faro\/#\/schema\/logo\/image\/\",\"url\":\"https:\/\/comarcas.csm.org.pt\/faro\/wp-content\/uploads\/sites\/14\/2024\/11\/Faro_positivo-horizontal.png\",\"contentUrl\":\"https:\/\/comarcas.csm.org.pt\/faro\/wp-content\/uploads\/sites\/14\/2024\/11\/Faro_positivo-horizontal.png\",\"width\":4304,\"height\":1186,\"caption\":\"Tribunal Judicial da Comarca de Faro\"},\"image\":{\"@id\":\"https:\/\/comarcas.csm.org.pt\/faro\/#\/schema\/logo\/image\/\"}},{\"@type\":\"Person\",\"@id\":\"https:\/\/comarcas.csm.org.pt\/faro\/#\/schema\/person\/4b57476d02670c2c03cc696e0ae9f1d0\",\"name\":\"servando\",\"image\":{\"@type\":\"ImageObject\",\"inLanguage\":\"pt-PT\",\"@id\":\"https:\/\/comarcas.csm.org.pt\/faro\/#\/schema\/person\/image\/\",\"url\":\"https:\/\/secure.gravatar.com\/avatar\/3bb57b07d435882f36052a526cf1fc8a355ca2f7e451c03f976820909a8410a9?s=96&d=mm&r=g\",\"contentUrl\":\"https:\/\/secure.gravatar.com\/avatar\/3bb57b07d435882f36052a526cf1fc8a355ca2f7e451c03f976820909a8410a9?s=96&d=mm&r=g\",\"caption\":\"servando\"},\"url\":\"https:\/\/comarcas.csm.org.pt\/faro\/blog\/author\/servando\/\"}]}<\/script>\n<!-- \/ Yoast SEO plugin. -->","yoast_head_json":{"title":"Processo: 880\/22.9GELLE - Processo Comum (Tribunal do J\u00fari) - Tribunal Judicial da Comarca de Faro","robots":{"index":"index","follow":"follow","max-snippet":"max-snippet:-1","max-image-preview":"max-image-preview:large","max-video-preview":"max-video-preview:-1"},"canonical":"https:\/\/comarcas.csm.org.pt\/faro\/blog\/2025\/12\/11\/processo-880-22-9gelle-processo-comum-tribunal-do-juri\/","og_locale":"pt_PT","og_type":"article","og_title":"Processo: 880\/22.9GELLE - Processo Comum (Tribunal do J\u00fari) - Tribunal Judicial da Comarca de Faro","og_description":"COMUNICADO \u00e0 IMPRENSA Tribunal Judicial da Comarca de Faro, Ju\u00edzo Central Criminal de Faro &#8211; Juiz 4 Processo: 880\/22.9GELLE &#8211; Processo Comum (Tribunal do J\u00fari) Face \u00e0 repercuss\u00e3o e ao interesse p\u00fablico suscitado, d\u00e1-se a...","og_url":"https:\/\/comarcas.csm.org.pt\/faro\/blog\/2025\/12\/11\/processo-880-22-9gelle-processo-comum-tribunal-do-juri\/","og_site_name":"Tribunal Judicial da Comarca de Faro","article_published_time":"2025-12-11T11:22:36+00:00","article_modified_time":"2025-12-13T15:00:55+00:00","author":"servando","twitter_card":"summary_large_image","twitter_misc":{"Escrito por":"servando","Tempo estimado de leitura":"2 minutos"},"schema":{"@context":"https:\/\/schema.org","@graph":[{"@type":"Article","@id":"https:\/\/comarcas.csm.org.pt\/faro\/blog\/2025\/12\/11\/processo-880-22-9gelle-processo-comum-tribunal-do-juri\/#article","isPartOf":{"@id":"https:\/\/comarcas.csm.org.pt\/faro\/blog\/2025\/12\/11\/processo-880-22-9gelle-processo-comum-tribunal-do-juri\/"},"author":{"name":"servando","@id":"https:\/\/comarcas.csm.org.pt\/faro\/#\/schema\/person\/4b57476d02670c2c03cc696e0ae9f1d0"},"headline":"Processo: 880\/22.9GELLE &#8211; Processo Comum (Tribunal do J\u00fari)","datePublished":"2025-12-11T11:22:36+00:00","dateModified":"2025-12-13T15:00:55+00:00","mainEntityOfPage":{"@id":"https:\/\/comarcas.csm.org.pt\/faro\/blog\/2025\/12\/11\/processo-880-22-9gelle-processo-comum-tribunal-do-juri\/"},"wordCount":373,"publisher":{"@id":"https:\/\/comarcas.csm.org.pt\/faro\/#organization"},"articleSection":["Ac\u00f3rd\u00e3os\/Senten\u00e7as\/Decis\u00f5es","Comunicado \u00e0 Imprensa"],"inLanguage":"pt-PT"},{"@type":"WebPage","@id":"https:\/\/comarcas.csm.org.pt\/faro\/blog\/2025\/12\/11\/processo-880-22-9gelle-processo-comum-tribunal-do-juri\/","url":"https:\/\/comarcas.csm.org.pt\/faro\/blog\/2025\/12\/11\/processo-880-22-9gelle-processo-comum-tribunal-do-juri\/","name":"Processo: 880\/22.9GELLE - Processo Comum (Tribunal do J\u00fari) - Tribunal Judicial da Comarca de Faro","isPartOf":{"@id":"https:\/\/comarcas.csm.org.pt\/faro\/#website"},"datePublished":"2025-12-11T11:22:36+00:00","dateModified":"2025-12-13T15:00:55+00:00","breadcrumb":{"@id":"https:\/\/comarcas.csm.org.pt\/faro\/blog\/2025\/12\/11\/processo-880-22-9gelle-processo-comum-tribunal-do-juri\/#breadcrumb"},"inLanguage":"pt-PT","potentialAction":[{"@type":"ReadAction","target":["https:\/\/comarcas.csm.org.pt\/faro\/blog\/2025\/12\/11\/processo-880-22-9gelle-processo-comum-tribunal-do-juri\/"]}]},{"@type":"BreadcrumbList","@id":"https:\/\/comarcas.csm.org.pt\/faro\/blog\/2025\/12\/11\/processo-880-22-9gelle-processo-comum-tribunal-do-juri\/#breadcrumb","itemListElement":[{"@type":"ListItem","position":1,"name":"In\u00edcio","item":"https:\/\/comarcas.csm.org.pt\/faro\/"},{"@type":"ListItem","position":2,"name":"Processo: 880\/22.9GELLE &#8211; Processo Comum (Tribunal do J\u00fari)"}]},{"@type":"WebSite","@id":"https:\/\/comarcas.csm.org.pt\/faro\/#website","url":"https:\/\/comarcas.csm.org.pt\/faro\/","name":"Tribunal Judicial da Comarca de Faro","description":"Tribunal Judicial da Comarca de Faro","publisher":{"@id":"https:\/\/comarcas.csm.org.pt\/faro\/#organization"},"potentialAction":[{"@type":"SearchAction","target":{"@type":"EntryPoint","urlTemplate":"https:\/\/comarcas.csm.org.pt\/faro\/?s={search_term_string}"},"query-input":{"@type":"PropertyValueSpecification","valueRequired":true,"valueName":"search_term_string"}}],"inLanguage":"pt-PT"},{"@type":"Organization","@id":"https:\/\/comarcas.csm.org.pt\/faro\/#organization","name":"Tribunal Judicial da Comarca de Faro","url":"https:\/\/comarcas.csm.org.pt\/faro\/","logo":{"@type":"ImageObject","inLanguage":"pt-PT","@id":"https:\/\/comarcas.csm.org.pt\/faro\/#\/schema\/logo\/image\/","url":"https:\/\/comarcas.csm.org.pt\/faro\/wp-content\/uploads\/sites\/14\/2024\/11\/Faro_positivo-horizontal.png","contentUrl":"https:\/\/comarcas.csm.org.pt\/faro\/wp-content\/uploads\/sites\/14\/2024\/11\/Faro_positivo-horizontal.png","width":4304,"height":1186,"caption":"Tribunal Judicial da Comarca de Faro"},"image":{"@id":"https:\/\/comarcas.csm.org.pt\/faro\/#\/schema\/logo\/image\/"}},{"@type":"Person","@id":"https:\/\/comarcas.csm.org.pt\/faro\/#\/schema\/person\/4b57476d02670c2c03cc696e0ae9f1d0","name":"servando","image":{"@type":"ImageObject","inLanguage":"pt-PT","@id":"https:\/\/comarcas.csm.org.pt\/faro\/#\/schema\/person\/image\/","url":"https:\/\/secure.gravatar.com\/avatar\/3bb57b07d435882f36052a526cf1fc8a355ca2f7e451c03f976820909a8410a9?s=96&d=mm&r=g","contentUrl":"https:\/\/secure.gravatar.com\/avatar\/3bb57b07d435882f36052a526cf1fc8a355ca2f7e451c03f976820909a8410a9?s=96&d=mm&r=g","caption":"servando"},"url":"https:\/\/comarcas.csm.org.pt\/faro\/blog\/author\/servando\/"}]}},"_links":{"self":[{"href":"https:\/\/comarcas.csm.org.pt\/faro\/wp-json\/wp\/v2\/posts\/14703","targetHints":{"allow":["GET"]}}],"collection":[{"href":"https:\/\/comarcas.csm.org.pt\/faro\/wp-json\/wp\/v2\/posts"}],"about":[{"href":"https:\/\/comarcas.csm.org.pt\/faro\/wp-json\/wp\/v2\/types\/post"}],"author":[{"embeddable":true,"href":"https:\/\/comarcas.csm.org.pt\/faro\/wp-json\/wp\/v2\/users\/29"}],"replies":[{"embeddable":true,"href":"https:\/\/comarcas.csm.org.pt\/faro\/wp-json\/wp\/v2\/comments?post=14703"}],"version-history":[{"count":13,"href":"https:\/\/comarcas.csm.org.pt\/faro\/wp-json\/wp\/v2\/posts\/14703\/revisions"}],"predecessor-version":[{"id":14730,"href":"https:\/\/comarcas.csm.org.pt\/faro\/wp-json\/wp\/v2\/posts\/14703\/revisions\/14730"}],"wp:attachment":[{"href":"https:\/\/comarcas.csm.org.pt\/faro\/wp-json\/wp\/v2\/media?parent=14703"}],"wp:term":[{"taxonomy":"category","embeddable":true,"href":"https:\/\/comarcas.csm.org.pt\/faro\/wp-json\/wp\/v2\/categories?post=14703"},{"taxonomy":"post_tag","embeddable":true,"href":"https:\/\/comarcas.csm.org.pt\/faro\/wp-json\/wp\/v2\/tags?post=14703"}],"curies":[{"name":"wp","href":"https:\/\/api.w.org\/{rel}","templated":true}]}}