{"id":14722,"date":"2025-12-13T14:52:41","date_gmt":"2025-12-13T14:52:41","guid":{"rendered":"https:\/\/comarcas.csm.org.pt\/faro\/?p=14722"},"modified":"2025-12-13T15:05:21","modified_gmt":"2025-12-13T15:05:21","slug":"processo-3446-24-5t8far-processo-comum-tribunal-coletivo","status":"publish","type":"post","link":"https:\/\/comarcas.csm.org.pt\/faro\/blog\/2025\/12\/13\/processo-3446-24-5t8far-processo-comum-tribunal-coletivo\/","title":{"rendered":"Processo: 3446\/24.5T8FAR Processo Comum (Tribunal Coletivo)"},"content":{"rendered":"\t\t<div data-elementor-type=\"wp-post\" data-elementor-id=\"14722\" class=\"elementor elementor-14722\" data-elementor-post-type=\"post\">\n\t\t\t\t<div class=\"elementor-element elementor-element-85ecdb0 e-flex e-con-boxed e-con e-parent\" data-id=\"85ecdb0\" data-element_type=\"container\">\n\t\t\t\t\t<div class=\"e-con-inner\">\n\t\t\t\t<div class=\"elementor-element elementor-element-30672de elementor-widget elementor-widget-heading\" data-id=\"30672de\" data-element_type=\"widget\" data-widget_type=\"heading.default\">\n\t\t\t\t<div class=\"elementor-widget-container\">\n\t\t\t\t\t<h2 class=\"elementor-heading-title elementor-size-default\">COMUNICADO \u00e0 IMPRENSA<\/h2>\t\t\t\t<\/div>\n\t\t\t\t<\/div>\n\t\t\t\t\t<\/div>\n\t\t\t\t<\/div>\n\t\t<div class=\"elementor-element elementor-element-0888caf e-flex e-con-boxed e-con e-parent\" data-id=\"0888caf\" data-element_type=\"container\">\n\t\t\t\t\t<div class=\"e-con-inner\">\n\t\t\t\t<div class=\"elementor-element elementor-element-9607659 elementor-widget elementor-widget-heading\" data-id=\"9607659\" data-element_type=\"widget\" data-widget_type=\"heading.default\">\n\t\t\t\t<div class=\"elementor-widget-container\">\n\t\t\t\t\t<h2 class=\"elementor-heading-title elementor-size-default\">Tribunal Judicial da Comarca de Faro, Ju\u00edzo Central C\u00edvel de Faro - Juiz 2 <p>\nProcesso: 3446\/24.5T8FAR Processo Comum (Tribunal Coletivo)<\/h2>\t\t\t\t<\/div>\n\t\t\t\t<\/div>\n\t\t\t\t\t<\/div>\n\t\t\t\t<\/div>\n\t\t<div class=\"elementor-element elementor-element-6fab3f5 e-flex e-con-boxed e-con e-parent\" data-id=\"6fab3f5\" data-element_type=\"container\">\n\t\t\t\t\t<div class=\"e-con-inner\">\n\t\t\t\t<div class=\"elementor-element elementor-element-dbe9e14 elementor-widget elementor-widget-text-editor\" data-id=\"dbe9e14\" data-element_type=\"widget\" data-widget_type=\"text-editor.default\">\n\t\t\t\t<div class=\"elementor-widget-container\">\n\t\t\t\t\t\t\t\t\t<pre>Face \u00e0 repercuss\u00e3o e ao interesse p\u00fablico suscitado, d\u00e1-se a conhecer que:<\/pre><p>No processo publicamente conhecido como da <em>\u00abm\u00e9dica que denunciou situa\u00e7\u00f5es de neglig\u00eancia m\u00e9dica no Hospital de Faro\u00bb<\/em> foi hoje proferida senten\u00e7a que julgou a ac\u00e7\u00e3o totalmente improcedente e absolveu a r\u00e9 (m\u00e9dica interna) do pedido de pagamento de uma indemniza\u00e7\u00e3o, por ter difamado um m\u00e9dico especialista nas redes sociais e em meios de comunica\u00e7\u00e3o social, por pr\u00e1ticas m\u00e9dicas desadequadas e m\u00e1 supervis\u00e3o do servi\u00e7o.<\/p><p>Na sua defesa, a r\u00e9 invocou o estatuto de denunciante de infra\u00e7\u00f5es e alegou que apenas atuou na defesa do interesse dos utentes do hospital e na convic\u00e7\u00e3o de que todos os factos imputados eram verdeiros.<\/p><p>O tribunal considerou inaplic\u00e1vel o estatuto de denunciante previsto no artigo 5.\u00ba, n.\u00ba 1, da Lei n.\u00ba 93\/2021, de 20 de Dezembro, mas decidiu que a r\u00e9 n\u00e3o praticou qualquer facto il\u00edcito ao recorrer \u00e0 den\u00fancia de viola\u00e7\u00e3o da <em>leges artis<\/em> por meios externos ao hospital por estar convicta da veridicidade dos factos e por ter fundado receio de que a den\u00fancia n\u00e3o produzia qualquer efeito se fosse realizada internamente.<\/p><p style=\"text-align: right\">Faro, 11 de dezembro de 2025<\/p><p style=\"text-align: center\">O Juiz Presidente da Comarca de Faro<br \/>Juiz Desembargador <em><strong>Paulo Belo<\/strong><\/em><\/p>\t\t\t\t\t\t\t\t<\/div>\n\t\t\t\t<\/div>\n\t\t\t\t\t<\/div>\n\t\t\t\t<\/div>\n\t\t\t\t<\/div>\n\t\t","protected":false},"excerpt":{"rendered":"<p>COMUNICADO \u00e0 IMPRENSA Tribunal Judicial da Comarca de Faro, Ju\u00edzo Central C\u00edvel de Faro &#8211; Juiz 2 Processo: 3446\/24.5T8FAR Processo Comum (Tribunal Coletivo) Face \u00e0 repercuss\u00e3o e ao interesse p\u00fablico suscitado, d\u00e1-se a conhecer que:&#8230;<\/p>\n","protected":false},"author":29,"featured_media":0,"comment_status":"closed","ping_status":"open","sticky":false,"template":"","format":"standard","meta":{"_tbt_post_transparent":"","_tbt_post_title":"","_tbt_post_layout":"","_tbt_post_sidebar_id":"","_tbt_post_content_style":"","_tbt_post_vertical_padding":"","_tbt_post_feature":"","_tbt_post_feature_position":"","_tbt_post_header":false,"_tbt_post_footer":false},"categories":[62,61],"tags":[],"class_list":["post-14722","post","type-post","status-publish","format-standard","hentry","category-acordaos-sentencas-decisoes","category-comunicado-a-imprensa"],"yoast_head":"<!-- This site is optimized with the Yoast SEO plugin v25.6 - https:\/\/yoast.com\/wordpress\/plugins\/seo\/ -->\n<title>Processo: 3446\/24.5T8FAR Processo Comum (Tribunal Coletivo) - Tribunal Judicial da Comarca de Faro<\/title>\n<meta name=\"robots\" content=\"index, follow, max-snippet:-1, max-image-preview:large, max-video-preview:-1\" \/>\n<link rel=\"canonical\" href=\"https:\/\/comarcas.csm.org.pt\/faro\/blog\/2025\/12\/13\/processo-3446-24-5t8far-processo-comum-tribunal-coletivo\/\" \/>\n<meta property=\"og:locale\" content=\"pt_PT\" \/>\n<meta property=\"og:type\" content=\"article\" \/>\n<meta property=\"og:title\" content=\"Processo: 3446\/24.5T8FAR Processo Comum (Tribunal Coletivo) - Tribunal Judicial da Comarca de Faro\" \/>\n<meta property=\"og:description\" content=\"COMUNICADO \u00e0 IMPRENSA Tribunal Judicial da Comarca de Faro, Ju\u00edzo Central C\u00edvel de Faro &#8211; Juiz 2 Processo: 3446\/24.5T8FAR Processo Comum (Tribunal Coletivo) Face \u00e0 repercuss\u00e3o e ao interesse p\u00fablico suscitado, d\u00e1-se a conhecer que:...\" \/>\n<meta property=\"og:url\" content=\"https:\/\/comarcas.csm.org.pt\/faro\/blog\/2025\/12\/13\/processo-3446-24-5t8far-processo-comum-tribunal-coletivo\/\" \/>\n<meta property=\"og:site_name\" content=\"Tribunal Judicial da Comarca de Faro\" \/>\n<meta property=\"article:published_time\" content=\"2025-12-13T14:52:41+00:00\" \/>\n<meta property=\"article:modified_time\" content=\"2025-12-13T15:05:21+00:00\" \/>\n<meta name=\"author\" content=\"servando\" \/>\n<meta name=\"twitter:card\" content=\"summary_large_image\" \/>\n<meta name=\"twitter:label1\" content=\"Escrito por\" \/>\n\t<meta name=\"twitter:data1\" content=\"servando\" \/>\n\t<meta name=\"twitter:label2\" content=\"Tempo estimado de leitura\" \/>\n\t<meta name=\"twitter:data2\" content=\"2 minutos\" \/>\n<script type=\"application\/ld+json\" class=\"yoast-schema-graph\">{\"@context\":\"https:\/\/schema.org\",\"@graph\":[{\"@type\":\"Article\",\"@id\":\"https:\/\/comarcas.csm.org.pt\/faro\/blog\/2025\/12\/13\/processo-3446-24-5t8far-processo-comum-tribunal-coletivo\/#article\",\"isPartOf\":{\"@id\":\"https:\/\/comarcas.csm.org.pt\/faro\/blog\/2025\/12\/13\/processo-3446-24-5t8far-processo-comum-tribunal-coletivo\/\"},\"author\":{\"name\":\"servando\",\"@id\":\"https:\/\/comarcas.csm.org.pt\/faro\/#\/schema\/person\/4b57476d02670c2c03cc696e0ae9f1d0\"},\"headline\":\"Processo: 3446\/24.5T8FAR Processo Comum (Tribunal Coletivo)\",\"datePublished\":\"2025-12-13T14:52:41+00:00\",\"dateModified\":\"2025-12-13T15:05:21+00:00\",\"mainEntityOfPage\":{\"@id\":\"https:\/\/comarcas.csm.org.pt\/faro\/blog\/2025\/12\/13\/processo-3446-24-5t8far-processo-comum-tribunal-coletivo\/\"},\"wordCount\":233,\"publisher\":{\"@id\":\"https:\/\/comarcas.csm.org.pt\/faro\/#organization\"},\"articleSection\":[\"Ac\u00f3rd\u00e3os\/Senten\u00e7as\/Decis\u00f5es\",\"Comunicado \u00e0 Imprensa\"],\"inLanguage\":\"pt-PT\"},{\"@type\":\"WebPage\",\"@id\":\"https:\/\/comarcas.csm.org.pt\/faro\/blog\/2025\/12\/13\/processo-3446-24-5t8far-processo-comum-tribunal-coletivo\/\",\"url\":\"https:\/\/comarcas.csm.org.pt\/faro\/blog\/2025\/12\/13\/processo-3446-24-5t8far-processo-comum-tribunal-coletivo\/\",\"name\":\"Processo: 3446\/24.5T8FAR Processo Comum (Tribunal Coletivo) - Tribunal Judicial da Comarca de Faro\",\"isPartOf\":{\"@id\":\"https:\/\/comarcas.csm.org.pt\/faro\/#website\"},\"datePublished\":\"2025-12-13T14:52:41+00:00\",\"dateModified\":\"2025-12-13T15:05:21+00:00\",\"breadcrumb\":{\"@id\":\"https:\/\/comarcas.csm.org.pt\/faro\/blog\/2025\/12\/13\/processo-3446-24-5t8far-processo-comum-tribunal-coletivo\/#breadcrumb\"},\"inLanguage\":\"pt-PT\",\"potentialAction\":[{\"@type\":\"ReadAction\",\"target\":[\"https:\/\/comarcas.csm.org.pt\/faro\/blog\/2025\/12\/13\/processo-3446-24-5t8far-processo-comum-tribunal-coletivo\/\"]}]},{\"@type\":\"BreadcrumbList\",\"@id\":\"https:\/\/comarcas.csm.org.pt\/faro\/blog\/2025\/12\/13\/processo-3446-24-5t8far-processo-comum-tribunal-coletivo\/#breadcrumb\",\"itemListElement\":[{\"@type\":\"ListItem\",\"position\":1,\"name\":\"In\u00edcio\",\"item\":\"https:\/\/comarcas.csm.org.pt\/faro\/\"},{\"@type\":\"ListItem\",\"position\":2,\"name\":\"Processo: 3446\/24.5T8FAR Processo Comum (Tribunal Coletivo)\"}]},{\"@type\":\"WebSite\",\"@id\":\"https:\/\/comarcas.csm.org.pt\/faro\/#website\",\"url\":\"https:\/\/comarcas.csm.org.pt\/faro\/\",\"name\":\"Tribunal Judicial da Comarca de Faro\",\"description\":\"Tribunal Judicial da Comarca de Faro\",\"publisher\":{\"@id\":\"https:\/\/comarcas.csm.org.pt\/faro\/#organization\"},\"potentialAction\":[{\"@type\":\"SearchAction\",\"target\":{\"@type\":\"EntryPoint\",\"urlTemplate\":\"https:\/\/comarcas.csm.org.pt\/faro\/?s={search_term_string}\"},\"query-input\":{\"@type\":\"PropertyValueSpecification\",\"valueRequired\":true,\"valueName\":\"search_term_string\"}}],\"inLanguage\":\"pt-PT\"},{\"@type\":\"Organization\",\"@id\":\"https:\/\/comarcas.csm.org.pt\/faro\/#organization\",\"name\":\"Tribunal Judicial da Comarca de Faro\",\"url\":\"https:\/\/comarcas.csm.org.pt\/faro\/\",\"logo\":{\"@type\":\"ImageObject\",\"inLanguage\":\"pt-PT\",\"@id\":\"https:\/\/comarcas.csm.org.pt\/faro\/#\/schema\/logo\/image\/\",\"url\":\"https:\/\/comarcas.csm.org.pt\/faro\/wp-content\/uploads\/sites\/14\/2024\/11\/Faro_positivo-horizontal.png\",\"contentUrl\":\"https:\/\/comarcas.csm.org.pt\/faro\/wp-content\/uploads\/sites\/14\/2024\/11\/Faro_positivo-horizontal.png\",\"width\":4304,\"height\":1186,\"caption\":\"Tribunal Judicial da Comarca de Faro\"},\"image\":{\"@id\":\"https:\/\/comarcas.csm.org.pt\/faro\/#\/schema\/logo\/image\/\"}},{\"@type\":\"Person\",\"@id\":\"https:\/\/comarcas.csm.org.pt\/faro\/#\/schema\/person\/4b57476d02670c2c03cc696e0ae9f1d0\",\"name\":\"servando\",\"image\":{\"@type\":\"ImageObject\",\"inLanguage\":\"pt-PT\",\"@id\":\"https:\/\/comarcas.csm.org.pt\/faro\/#\/schema\/person\/image\/\",\"url\":\"https:\/\/secure.gravatar.com\/avatar\/3bb57b07d435882f36052a526cf1fc8a355ca2f7e451c03f976820909a8410a9?s=96&d=mm&r=g\",\"contentUrl\":\"https:\/\/secure.gravatar.com\/avatar\/3bb57b07d435882f36052a526cf1fc8a355ca2f7e451c03f976820909a8410a9?s=96&d=mm&r=g\",\"caption\":\"servando\"},\"url\":\"https:\/\/comarcas.csm.org.pt\/faro\/blog\/author\/servando\/\"}]}<\/script>\n<!-- \/ Yoast SEO plugin. -->","yoast_head_json":{"title":"Processo: 3446\/24.5T8FAR Processo Comum (Tribunal Coletivo) - Tribunal Judicial da Comarca de Faro","robots":{"index":"index","follow":"follow","max-snippet":"max-snippet:-1","max-image-preview":"max-image-preview:large","max-video-preview":"max-video-preview:-1"},"canonical":"https:\/\/comarcas.csm.org.pt\/faro\/blog\/2025\/12\/13\/processo-3446-24-5t8far-processo-comum-tribunal-coletivo\/","og_locale":"pt_PT","og_type":"article","og_title":"Processo: 3446\/24.5T8FAR Processo Comum (Tribunal Coletivo) - Tribunal Judicial da Comarca de Faro","og_description":"COMUNICADO \u00e0 IMPRENSA Tribunal Judicial da Comarca de Faro, Ju\u00edzo Central C\u00edvel de Faro &#8211; Juiz 2 Processo: 3446\/24.5T8FAR Processo Comum (Tribunal Coletivo) Face \u00e0 repercuss\u00e3o e ao interesse p\u00fablico suscitado, d\u00e1-se a conhecer que:...","og_url":"https:\/\/comarcas.csm.org.pt\/faro\/blog\/2025\/12\/13\/processo-3446-24-5t8far-processo-comum-tribunal-coletivo\/","og_site_name":"Tribunal Judicial da Comarca de Faro","article_published_time":"2025-12-13T14:52:41+00:00","article_modified_time":"2025-12-13T15:05:21+00:00","author":"servando","twitter_card":"summary_large_image","twitter_misc":{"Escrito por":"servando","Tempo estimado de leitura":"2 minutos"},"schema":{"@context":"https:\/\/schema.org","@graph":[{"@type":"Article","@id":"https:\/\/comarcas.csm.org.pt\/faro\/blog\/2025\/12\/13\/processo-3446-24-5t8far-processo-comum-tribunal-coletivo\/#article","isPartOf":{"@id":"https:\/\/comarcas.csm.org.pt\/faro\/blog\/2025\/12\/13\/processo-3446-24-5t8far-processo-comum-tribunal-coletivo\/"},"author":{"name":"servando","@id":"https:\/\/comarcas.csm.org.pt\/faro\/#\/schema\/person\/4b57476d02670c2c03cc696e0ae9f1d0"},"headline":"Processo: 3446\/24.5T8FAR Processo Comum (Tribunal Coletivo)","datePublished":"2025-12-13T14:52:41+00:00","dateModified":"2025-12-13T15:05:21+00:00","mainEntityOfPage":{"@id":"https:\/\/comarcas.csm.org.pt\/faro\/blog\/2025\/12\/13\/processo-3446-24-5t8far-processo-comum-tribunal-coletivo\/"},"wordCount":233,"publisher":{"@id":"https:\/\/comarcas.csm.org.pt\/faro\/#organization"},"articleSection":["Ac\u00f3rd\u00e3os\/Senten\u00e7as\/Decis\u00f5es","Comunicado \u00e0 Imprensa"],"inLanguage":"pt-PT"},{"@type":"WebPage","@id":"https:\/\/comarcas.csm.org.pt\/faro\/blog\/2025\/12\/13\/processo-3446-24-5t8far-processo-comum-tribunal-coletivo\/","url":"https:\/\/comarcas.csm.org.pt\/faro\/blog\/2025\/12\/13\/processo-3446-24-5t8far-processo-comum-tribunal-coletivo\/","name":"Processo: 3446\/24.5T8FAR Processo Comum (Tribunal Coletivo) - Tribunal Judicial da Comarca de Faro","isPartOf":{"@id":"https:\/\/comarcas.csm.org.pt\/faro\/#website"},"datePublished":"2025-12-13T14:52:41+00:00","dateModified":"2025-12-13T15:05:21+00:00","breadcrumb":{"@id":"https:\/\/comarcas.csm.org.pt\/faro\/blog\/2025\/12\/13\/processo-3446-24-5t8far-processo-comum-tribunal-coletivo\/#breadcrumb"},"inLanguage":"pt-PT","potentialAction":[{"@type":"ReadAction","target":["https:\/\/comarcas.csm.org.pt\/faro\/blog\/2025\/12\/13\/processo-3446-24-5t8far-processo-comum-tribunal-coletivo\/"]}]},{"@type":"BreadcrumbList","@id":"https:\/\/comarcas.csm.org.pt\/faro\/blog\/2025\/12\/13\/processo-3446-24-5t8far-processo-comum-tribunal-coletivo\/#breadcrumb","itemListElement":[{"@type":"ListItem","position":1,"name":"In\u00edcio","item":"https:\/\/comarcas.csm.org.pt\/faro\/"},{"@type":"ListItem","position":2,"name":"Processo: 3446\/24.5T8FAR Processo Comum (Tribunal Coletivo)"}]},{"@type":"WebSite","@id":"https:\/\/comarcas.csm.org.pt\/faro\/#website","url":"https:\/\/comarcas.csm.org.pt\/faro\/","name":"Tribunal Judicial da Comarca de Faro","description":"Tribunal Judicial da Comarca de Faro","publisher":{"@id":"https:\/\/comarcas.csm.org.pt\/faro\/#organization"},"potentialAction":[{"@type":"SearchAction","target":{"@type":"EntryPoint","urlTemplate":"https:\/\/comarcas.csm.org.pt\/faro\/?s={search_term_string}"},"query-input":{"@type":"PropertyValueSpecification","valueRequired":true,"valueName":"search_term_string"}}],"inLanguage":"pt-PT"},{"@type":"Organization","@id":"https:\/\/comarcas.csm.org.pt\/faro\/#organization","name":"Tribunal Judicial da Comarca de Faro","url":"https:\/\/comarcas.csm.org.pt\/faro\/","logo":{"@type":"ImageObject","inLanguage":"pt-PT","@id":"https:\/\/comarcas.csm.org.pt\/faro\/#\/schema\/logo\/image\/","url":"https:\/\/comarcas.csm.org.pt\/faro\/wp-content\/uploads\/sites\/14\/2024\/11\/Faro_positivo-horizontal.png","contentUrl":"https:\/\/comarcas.csm.org.pt\/faro\/wp-content\/uploads\/sites\/14\/2024\/11\/Faro_positivo-horizontal.png","width":4304,"height":1186,"caption":"Tribunal Judicial da Comarca de Faro"},"image":{"@id":"https:\/\/comarcas.csm.org.pt\/faro\/#\/schema\/logo\/image\/"}},{"@type":"Person","@id":"https:\/\/comarcas.csm.org.pt\/faro\/#\/schema\/person\/4b57476d02670c2c03cc696e0ae9f1d0","name":"servando","image":{"@type":"ImageObject","inLanguage":"pt-PT","@id":"https:\/\/comarcas.csm.org.pt\/faro\/#\/schema\/person\/image\/","url":"https:\/\/secure.gravatar.com\/avatar\/3bb57b07d435882f36052a526cf1fc8a355ca2f7e451c03f976820909a8410a9?s=96&d=mm&r=g","contentUrl":"https:\/\/secure.gravatar.com\/avatar\/3bb57b07d435882f36052a526cf1fc8a355ca2f7e451c03f976820909a8410a9?s=96&d=mm&r=g","caption":"servando"},"url":"https:\/\/comarcas.csm.org.pt\/faro\/blog\/author\/servando\/"}]}},"_links":{"self":[{"href":"https:\/\/comarcas.csm.org.pt\/faro\/wp-json\/wp\/v2\/posts\/14722","targetHints":{"allow":["GET"]}}],"collection":[{"href":"https:\/\/comarcas.csm.org.pt\/faro\/wp-json\/wp\/v2\/posts"}],"about":[{"href":"https:\/\/comarcas.csm.org.pt\/faro\/wp-json\/wp\/v2\/types\/post"}],"author":[{"embeddable":true,"href":"https:\/\/comarcas.csm.org.pt\/faro\/wp-json\/wp\/v2\/users\/29"}],"replies":[{"embeddable":true,"href":"https:\/\/comarcas.csm.org.pt\/faro\/wp-json\/wp\/v2\/comments?post=14722"}],"version-history":[{"count":4,"href":"https:\/\/comarcas.csm.org.pt\/faro\/wp-json\/wp\/v2\/posts\/14722\/revisions"}],"predecessor-version":[{"id":14733,"href":"https:\/\/comarcas.csm.org.pt\/faro\/wp-json\/wp\/v2\/posts\/14722\/revisions\/14733"}],"wp:attachment":[{"href":"https:\/\/comarcas.csm.org.pt\/faro\/wp-json\/wp\/v2\/media?parent=14722"}],"wp:term":[{"taxonomy":"category","embeddable":true,"href":"https:\/\/comarcas.csm.org.pt\/faro\/wp-json\/wp\/v2\/categories?post=14722"},{"taxonomy":"post_tag","embeddable":true,"href":"https:\/\/comarcas.csm.org.pt\/faro\/wp-json\/wp\/v2\/tags?post=14722"}],"curies":[{"name":"wp","href":"https:\/\/api.w.org\/{rel}","templated":true}]}}