{"id":14739,"date":"2025-12-19T10:01:25","date_gmt":"2025-12-19T10:01:25","guid":{"rendered":"https:\/\/comarcas.csm.org.pt\/faro\/?p=14739"},"modified":"2025-12-19T10:24:33","modified_gmt":"2025-12-19T10:24:33","slug":"sessao-de-direito-comunitario-instrumentos-de-cooperacao-judiciaria-europeia-em-materia-civil-e-comercial","status":"publish","type":"post","link":"https:\/\/comarcas.csm.org.pt\/faro\/blog\/2025\/12\/19\/sessao-de-direito-comunitario-instrumentos-de-cooperacao-judiciaria-europeia-em-materia-civil-e-comercial\/","title":{"rendered":"\u201cSess\u00e3o de Direito Comunit\u00e1rio \u2013 Instrumentos de Coopera\u00e7\u00e3o Judici\u00e1ria Europeia em mat\u00e9ria civil e comercial\u201d"},"content":{"rendered":"\t\t<div data-elementor-type=\"wp-post\" data-elementor-id=\"14739\" class=\"elementor elementor-14739\" data-elementor-post-type=\"post\">\n\t\t\t\t<div class=\"elementor-element elementor-element-0a55ba5 e-flex e-con-boxed e-con e-parent\" data-id=\"0a55ba5\" data-element_type=\"container\">\n\t\t\t\t\t<div class=\"e-con-inner\">\n\t\t\t\t<div class=\"elementor-element elementor-element-af80019 elementor-widget elementor-widget-text-editor\" data-id=\"af80019\" data-element_type=\"widget\" data-widget_type=\"text-editor.default\">\n\t\t\t\t<div class=\"elementor-widget-container\">\n\t\t\t\t\t\t\t\t\t<h6>Decorreu ontem 18\/12\/2025, no Audit\u00f3rio da Pol\u00edcia Judici\u00e1ria de Faro a \u201c<strong>Sess\u00e3o de Direito Comunit\u00e1rio \u2013 Instrumentos de Coopera\u00e7\u00e3o Judici\u00e1ria Europeia em mat\u00e9ria civil e comercial<\/strong>\u201d<\/h6><p>Formadores(as):<\/p><ul><li>Ponto de Contacto da RJE Civil e Comercial, Ju\u00edza Desembargadora <em><strong>Rosa Lima<\/strong><\/em><\/li><li>Professora Doutora<em><strong> Anabela Gon\u00e7alves<\/strong><\/em>, Escola de Direito da Universidade do Minho<\/li><li>Chefe de Divis\u00e3o da Coopera\u00e7\u00e3o Internacional da DGAJ, Dr. <em><strong>Miguel Vara<\/strong><\/em><\/li><li>Assessor Jur\u00eddico da RJE Civil e Comercial, Dr. <em><strong>Carlos Rosado<\/strong><\/em><\/li><li>Assessor Jur\u00eddico da RJE Civil e Comercial, Dr. <em><strong>Tiago Silva<\/strong><\/em><\/li><\/ul><p>Conte\u00fados:<\/p><ul><li>Exposi\u00e7\u00e3o sobre o funcionamento do Ponto de Contacto da RJECC e entrega de material formativo<\/li><li>Exposi\u00e7\u00e3o sobre o funcionamento do Regulamento Bruxelas I-Bis<\/li><li>Exposi\u00e7\u00e3o sobre o funcionamento do Regulamento Roma I<\/li><li>Exposi\u00e7\u00e3o sobre o Regulamento das Cita\u00e7\u00f5es e Notifica\u00e7\u00f5es<\/li><li>Exposi\u00e7\u00e3o sobre o Regulamento de Obten\u00e7\u00e3o de Prova<\/li><\/ul>\t\t\t\t\t\t\t\t<\/div>\n\t\t\t\t<\/div>\n\t\t\t\t\t<\/div>\n\t\t\t\t<\/div>\n\t\t<div class=\"elementor-element elementor-element-4492d50 e-flex e-con-boxed e-con e-parent\" data-id=\"4492d50\" data-element_type=\"container\">\n\t\t\t\t\t<div class=\"e-con-inner\">\n\t\t\t\t<div class=\"elementor-element elementor-element-8743450 elementor-widget elementor-widget-video\" data-id=\"8743450\" data-element_type=\"widget\" data-settings=\"{&quot;youtube_url&quot;:&quot;https:\\\/\\\/youtube.com\\\/shorts\\\/GdOBRq0pvyc?feature=share&quot;,&quot;loop&quot;:&quot;yes&quot;,&quot;video_type&quot;:&quot;youtube&quot;,&quot;controls&quot;:&quot;yes&quot;}\" data-widget_type=\"video.default\">\n\t\t\t\t<div class=\"elementor-widget-container\">\n\t\t\t\t\t\t\t<div class=\"elementor-wrapper elementor-open-inline\">\n\t\t\t<div class=\"elementor-video\"><\/div>\t\t<\/div>\n\t\t\t\t\t\t<\/div>\n\t\t\t\t<\/div>\n\t\t\t\t\t<\/div>\n\t\t\t\t<\/div>\n\t\t<div class=\"elementor-element elementor-element-710fc30 e-flex e-con-boxed e-con e-parent\" data-id=\"710fc30\" data-element_type=\"container\">\n\t\t\t\t\t<div class=\"e-con-inner\">\n\t\t\t\t<div class=\"elementor-element elementor-element-0b76591 elementor-widget elementor-widget-image\" data-id=\"0b76591\" data-element_type=\"widget\" data-widget_type=\"image.default\">\n\t\t\t\t<div class=\"elementor-widget-container\">\n\t\t\t\t\t\t\t\t\t\t\t\t\t\t\t<img fetchpriority=\"high\" decoding=\"async\" width=\"598\" height=\"809\" src=\"https:\/\/comarcas.csm.org.pt\/faro\/wp-content\/uploads\/sites\/14\/2025\/12\/Poster-Final.png\" class=\"attachment-large size-large wp-image-14742\" alt=\"\" srcset=\"https:\/\/comarcas.csm.org.pt\/faro\/wp-content\/uploads\/sites\/14\/2025\/12\/Poster-Final.png 598w, https:\/\/comarcas.csm.org.pt\/faro\/wp-content\/uploads\/sites\/14\/2025\/12\/Poster-Final-222x300.png 222w\" sizes=\"(max-width: 598px) 100vw, 598px\" \/>\t\t\t\t\t\t\t\t\t\t\t\t\t\t\t<\/div>\n\t\t\t\t<\/div>\n\t\t\t\t\t<\/div>\n\t\t\t\t<\/div>\n\t\t<div class=\"elementor-element elementor-element-88bf14c e-flex e-con-boxed e-con e-parent\" data-id=\"88bf14c\" data-element_type=\"container\">\n\t\t\t\t\t<div class=\"e-con-inner\">\n\t\t\t\t<div class=\"elementor-element elementor-element-dccc01a elementor-widget elementor-widget-image-carousel\" data-id=\"dccc01a\" data-element_type=\"widget\" data-settings=\"{&quot;slides_to_show&quot;:&quot;4&quot;,&quot;navigation&quot;:&quot;none&quot;,&quot;autoplay&quot;:&quot;yes&quot;,&quot;pause_on_hover&quot;:&quot;yes&quot;,&quot;pause_on_interaction&quot;:&quot;yes&quot;,&quot;autoplay_speed&quot;:5000,&quot;infinite&quot;:&quot;yes&quot;,&quot;speed&quot;:500}\" data-widget_type=\"image-carousel.default\">\n\t\t\t\t<div class=\"elementor-widget-container\">\n\t\t\t\t\t\t\t<div class=\"elementor-image-carousel-wrapper swiper\" role=\"region\" aria-roledescription=\"carousel\" aria-label=\"Carrossel de imagens\" dir=\"ltr\">\n\t\t\t<div class=\"elementor-image-carousel swiper-wrapper\" aria-live=\"off\">\n\t\t\t\t\t\t\t\t<div class=\"swiper-slide\" role=\"group\" aria-roledescription=\"slide\" aria-label=\"1 of 8\"><figure class=\"swiper-slide-inner\"><img decoding=\"async\" class=\"swiper-slide-image\" src=\"https:\/\/comarcas.csm.org.pt\/faro\/wp-content\/uploads\/sites\/14\/2025\/12\/Encarte-BB01-207x300.png\" alt=\"Encarte BB01\" \/><\/figure><\/div><div class=\"swiper-slide\" role=\"group\" aria-roledescription=\"slide\" aria-label=\"2 of 8\"><figure class=\"swiper-slide-inner\"><img decoding=\"async\" class=\"swiper-slide-image\" src=\"https:\/\/comarcas.csm.org.pt\/faro\/wp-content\/uploads\/sites\/14\/2025\/12\/Encarte-BB02-216x300.png\" alt=\"Encarte BB02\" \/><\/figure><\/div><div class=\"swiper-slide\" role=\"group\" aria-roledescription=\"slide\" aria-label=\"3 of 8\"><figure class=\"swiper-slide-inner\"><img decoding=\"async\" class=\"swiper-slide-image\" src=\"https:\/\/comarcas.csm.org.pt\/faro\/wp-content\/uploads\/sites\/14\/2025\/12\/Encarte-BB03-211x300.png\" alt=\"Encarte BB03\" \/><\/figure><\/div><div class=\"swiper-slide\" role=\"group\" aria-roledescription=\"slide\" aria-label=\"4 of 8\"><figure class=\"swiper-slide-inner\"><img decoding=\"async\" class=\"swiper-slide-image\" src=\"https:\/\/comarcas.csm.org.pt\/faro\/wp-content\/uploads\/sites\/14\/2025\/12\/Encarte-BB04-212x300.png\" alt=\"Encarte BB04\" \/><\/figure><\/div><div class=\"swiper-slide\" role=\"group\" aria-roledescription=\"slide\" aria-label=\"5 of 8\"><figure class=\"swiper-slide-inner\"><img decoding=\"async\" class=\"swiper-slide-image\" src=\"https:\/\/comarcas.csm.org.pt\/faro\/wp-content\/uploads\/sites\/14\/2025\/12\/Encarte-CC01-300x213.png\" alt=\"Encarte CC01\" \/><\/figure><\/div><div class=\"swiper-slide\" role=\"group\" aria-roledescription=\"slide\" aria-label=\"6 of 8\"><figure class=\"swiper-slide-inner\"><img decoding=\"async\" class=\"swiper-slide-image\" src=\"https:\/\/comarcas.csm.org.pt\/faro\/wp-content\/uploads\/sites\/14\/2025\/12\/Encarte-CC02-300x213.png\" alt=\"Encarte CC02\" \/><\/figure><\/div><div class=\"swiper-slide\" role=\"group\" aria-roledescription=\"slide\" aria-label=\"7 of 8\"><figure class=\"swiper-slide-inner\"><img decoding=\"async\" class=\"swiper-slide-image\" src=\"https:\/\/comarcas.csm.org.pt\/faro\/wp-content\/uploads\/sites\/14\/2025\/12\/Encarte-DD01-300x210.png\" alt=\"Encarte DD01\" \/><\/figure><\/div><div class=\"swiper-slide\" role=\"group\" aria-roledescription=\"slide\" aria-label=\"8 of 8\"><figure class=\"swiper-slide-inner\"><img decoding=\"async\" class=\"swiper-slide-image\" src=\"https:\/\/comarcas.csm.org.pt\/faro\/wp-content\/uploads\/sites\/14\/2025\/12\/Encarte-DD02-300x207.png\" alt=\"Encarte DD02\" \/><\/figure><\/div>\t\t\t<\/div>\n\t\t\t\t\t\t\t\n\t\t\t\t\t\t\t\t\t<\/div>\n\t\t\t\t\t\t<\/div>\n\t\t\t\t<\/div>\n\t\t\t\t\t<\/div>\n\t\t\t\t<\/div>\n\t\t\t\t<\/div>\n\t\t","protected":false},"excerpt":{"rendered":"<p>Decorreu ontem 18\/12\/2025, no Audit\u00f3rio da Pol\u00edcia Judici\u00e1ria de Faro a \u201cSess\u00e3o de Direito Comunit\u00e1rio \u2013 Instrumentos de Coopera\u00e7\u00e3o Judici\u00e1ria Europeia em mat\u00e9ria civil e comercial\u201d Formadores(as): Ponto de Contacto da RJE Civil e Comercial,&#8230;<\/p>\n","protected":false},"author":29,"featured_media":0,"comment_status":"closed","ping_status":"open","sticky":false,"template":"","format":"standard","meta":{"_tbt_post_transparent":"","_tbt_post_title":"","_tbt_post_layout":"","_tbt_post_sidebar_id":"","_tbt_post_content_style":"","_tbt_post_vertical_padding":"","_tbt_post_feature":"","_tbt_post_feature_position":"","_tbt_post_header":false,"_tbt_post_footer":false},"categories":[1],"tags":[],"class_list":["post-14739","post","type-post","status-publish","format-standard","hentry","category-geral"],"yoast_head":"<!-- This site is optimized with the Yoast SEO plugin v25.6 - https:\/\/yoast.com\/wordpress\/plugins\/seo\/ -->\n<title>\u201cSess\u00e3o de Direito Comunit\u00e1rio \u2013 Instrumentos de Coopera\u00e7\u00e3o Judici\u00e1ria Europeia em mat\u00e9ria civil e comercial\u201d - Tribunal Judicial da Comarca de Faro<\/title>\n<meta name=\"robots\" content=\"index, follow, max-snippet:-1, max-image-preview:large, max-video-preview:-1\" \/>\n<link rel=\"canonical\" href=\"https:\/\/comarcas.csm.org.pt\/faro\/blog\/2025\/12\/19\/sessao-de-direito-comunitario-instrumentos-de-cooperacao-judiciaria-europeia-em-materia-civil-e-comercial\/\" \/>\n<meta property=\"og:locale\" content=\"pt_PT\" \/>\n<meta property=\"og:type\" content=\"article\" \/>\n<meta property=\"og:title\" content=\"\u201cSess\u00e3o de Direito Comunit\u00e1rio \u2013 Instrumentos de Coopera\u00e7\u00e3o Judici\u00e1ria Europeia em mat\u00e9ria civil e comercial\u201d - Tribunal Judicial da Comarca de Faro\" \/>\n<meta property=\"og:description\" content=\"Decorreu ontem 18\/12\/2025, no Audit\u00f3rio da Pol\u00edcia Judici\u00e1ria de Faro a \u201cSess\u00e3o de Direito Comunit\u00e1rio \u2013 Instrumentos de Coopera\u00e7\u00e3o Judici\u00e1ria Europeia em mat\u00e9ria civil e comercial\u201d Formadores(as): Ponto de Contacto da RJE Civil e Comercial,...\" \/>\n<meta property=\"og:url\" content=\"https:\/\/comarcas.csm.org.pt\/faro\/blog\/2025\/12\/19\/sessao-de-direito-comunitario-instrumentos-de-cooperacao-judiciaria-europeia-em-materia-civil-e-comercial\/\" \/>\n<meta property=\"og:site_name\" content=\"Tribunal Judicial da Comarca de Faro\" \/>\n<meta property=\"article:published_time\" content=\"2025-12-19T10:01:25+00:00\" \/>\n<meta property=\"article:modified_time\" content=\"2025-12-19T10:24:33+00:00\" \/>\n<meta property=\"og:image\" content=\"https:\/\/comarcas.csm.org.pt\/faro\/wp-content\/uploads\/sites\/14\/2025\/12\/Poster-Final.png\" \/>\n\t<meta property=\"og:image:width\" content=\"598\" \/>\n\t<meta property=\"og:image:height\" content=\"809\" \/>\n\t<meta property=\"og:image:type\" content=\"image\/png\" \/>\n<meta name=\"author\" content=\"servando\" \/>\n<meta name=\"twitter:card\" content=\"summary_large_image\" \/>\n<meta name=\"twitter:label1\" content=\"Escrito por\" \/>\n\t<meta name=\"twitter:data1\" content=\"servando\" \/>\n\t<meta name=\"twitter:label2\" content=\"Tempo estimado de leitura\" \/>\n\t<meta name=\"twitter:data2\" content=\"3 minutos\" \/>\n<script type=\"application\/ld+json\" class=\"yoast-schema-graph\">{\"@context\":\"https:\/\/schema.org\",\"@graph\":[{\"@type\":\"Article\",\"@id\":\"https:\/\/comarcas.csm.org.pt\/faro\/blog\/2025\/12\/19\/sessao-de-direito-comunitario-instrumentos-de-cooperacao-judiciaria-europeia-em-materia-civil-e-comercial\/#article\",\"isPartOf\":{\"@id\":\"https:\/\/comarcas.csm.org.pt\/faro\/blog\/2025\/12\/19\/sessao-de-direito-comunitario-instrumentos-de-cooperacao-judiciaria-europeia-em-materia-civil-e-comercial\/\"},\"author\":{\"name\":\"servando\",\"@id\":\"https:\/\/comarcas.csm.org.pt\/faro\/#\/schema\/person\/4b57476d02670c2c03cc696e0ae9f1d0\"},\"headline\":\"\u201cSess\u00e3o de Direito Comunit\u00e1rio \u2013 Instrumentos de Coopera\u00e7\u00e3o Judici\u00e1ria Europeia em mat\u00e9ria civil e comercial\u201d\",\"datePublished\":\"2025-12-19T10:01:25+00:00\",\"dateModified\":\"2025-12-19T10:24:33+00:00\",\"mainEntityOfPage\":{\"@id\":\"https:\/\/comarcas.csm.org.pt\/faro\/blog\/2025\/12\/19\/sessao-de-direito-comunitario-instrumentos-de-cooperacao-judiciaria-europeia-em-materia-civil-e-comercial\/\"},\"wordCount\":178,\"publisher\":{\"@id\":\"https:\/\/comarcas.csm.org.pt\/faro\/#organization\"},\"image\":{\"@id\":\"https:\/\/comarcas.csm.org.pt\/faro\/blog\/2025\/12\/19\/sessao-de-direito-comunitario-instrumentos-de-cooperacao-judiciaria-europeia-em-materia-civil-e-comercial\/#primaryimage\"},\"thumbnailUrl\":\"https:\/\/comarcas.csm.org.pt\/faro\/wp-content\/uploads\/sites\/14\/2025\/12\/Poster-Final.png\",\"articleSection\":[\"Geral\"],\"inLanguage\":\"pt-PT\"},{\"@type\":\"WebPage\",\"@id\":\"https:\/\/comarcas.csm.org.pt\/faro\/blog\/2025\/12\/19\/sessao-de-direito-comunitario-instrumentos-de-cooperacao-judiciaria-europeia-em-materia-civil-e-comercial\/\",\"url\":\"https:\/\/comarcas.csm.org.pt\/faro\/blog\/2025\/12\/19\/sessao-de-direito-comunitario-instrumentos-de-cooperacao-judiciaria-europeia-em-materia-civil-e-comercial\/\",\"name\":\"\u201cSess\u00e3o de Direito Comunit\u00e1rio \u2013 Instrumentos de Coopera\u00e7\u00e3o Judici\u00e1ria Europeia em mat\u00e9ria civil e comercial\u201d - Tribunal Judicial da Comarca de Faro\",\"isPartOf\":{\"@id\":\"https:\/\/comarcas.csm.org.pt\/faro\/#website\"},\"primaryImageOfPage\":{\"@id\":\"https:\/\/comarcas.csm.org.pt\/faro\/blog\/2025\/12\/19\/sessao-de-direito-comunitario-instrumentos-de-cooperacao-judiciaria-europeia-em-materia-civil-e-comercial\/#primaryimage\"},\"image\":{\"@id\":\"https:\/\/comarcas.csm.org.pt\/faro\/blog\/2025\/12\/19\/sessao-de-direito-comunitario-instrumentos-de-cooperacao-judiciaria-europeia-em-materia-civil-e-comercial\/#primaryimage\"},\"thumbnailUrl\":\"https:\/\/comarcas.csm.org.pt\/faro\/wp-content\/uploads\/sites\/14\/2025\/12\/Poster-Final.png\",\"datePublished\":\"2025-12-19T10:01:25+00:00\",\"dateModified\":\"2025-12-19T10:24:33+00:00\",\"breadcrumb\":{\"@id\":\"https:\/\/comarcas.csm.org.pt\/faro\/blog\/2025\/12\/19\/sessao-de-direito-comunitario-instrumentos-de-cooperacao-judiciaria-europeia-em-materia-civil-e-comercial\/#breadcrumb\"},\"inLanguage\":\"pt-PT\",\"potentialAction\":[{\"@type\":\"ReadAction\",\"target\":[\"https:\/\/comarcas.csm.org.pt\/faro\/blog\/2025\/12\/19\/sessao-de-direito-comunitario-instrumentos-de-cooperacao-judiciaria-europeia-em-materia-civil-e-comercial\/\"]}]},{\"@type\":\"ImageObject\",\"inLanguage\":\"pt-PT\",\"@id\":\"https:\/\/comarcas.csm.org.pt\/faro\/blog\/2025\/12\/19\/sessao-de-direito-comunitario-instrumentos-de-cooperacao-judiciaria-europeia-em-materia-civil-e-comercial\/#primaryimage\",\"url\":\"https:\/\/comarcas.csm.org.pt\/faro\/wp-content\/uploads\/sites\/14\/2025\/12\/Poster-Final.png\",\"contentUrl\":\"https:\/\/comarcas.csm.org.pt\/faro\/wp-content\/uploads\/sites\/14\/2025\/12\/Poster-Final.png\",\"width\":598,\"height\":809},{\"@type\":\"BreadcrumbList\",\"@id\":\"https:\/\/comarcas.csm.org.pt\/faro\/blog\/2025\/12\/19\/sessao-de-direito-comunitario-instrumentos-de-cooperacao-judiciaria-europeia-em-materia-civil-e-comercial\/#breadcrumb\",\"itemListElement\":[{\"@type\":\"ListItem\",\"position\":1,\"name\":\"In\u00edcio\",\"item\":\"https:\/\/comarcas.csm.org.pt\/faro\/\"},{\"@type\":\"ListItem\",\"position\":2,\"name\":\"\u201cSess\u00e3o de Direito Comunit\u00e1rio \u2013 Instrumentos de Coopera\u00e7\u00e3o Judici\u00e1ria Europeia em mat\u00e9ria civil e comercial\u201d\"}]},{\"@type\":\"WebSite\",\"@id\":\"https:\/\/comarcas.csm.org.pt\/faro\/#website\",\"url\":\"https:\/\/comarcas.csm.org.pt\/faro\/\",\"name\":\"Tribunal Judicial da Comarca de Faro\",\"description\":\"Tribunal Judicial da Comarca de Faro\",\"publisher\":{\"@id\":\"https:\/\/comarcas.csm.org.pt\/faro\/#organization\"},\"potentialAction\":[{\"@type\":\"SearchAction\",\"target\":{\"@type\":\"EntryPoint\",\"urlTemplate\":\"https:\/\/comarcas.csm.org.pt\/faro\/?s={search_term_string}\"},\"query-input\":{\"@type\":\"PropertyValueSpecification\",\"valueRequired\":true,\"valueName\":\"search_term_string\"}}],\"inLanguage\":\"pt-PT\"},{\"@type\":\"Organization\",\"@id\":\"https:\/\/comarcas.csm.org.pt\/faro\/#organization\",\"name\":\"Tribunal Judicial da Comarca de Faro\",\"url\":\"https:\/\/comarcas.csm.org.pt\/faro\/\",\"logo\":{\"@type\":\"ImageObject\",\"inLanguage\":\"pt-PT\",\"@id\":\"https:\/\/comarcas.csm.org.pt\/faro\/#\/schema\/logo\/image\/\",\"url\":\"https:\/\/comarcas.csm.org.pt\/faro\/wp-content\/uploads\/sites\/14\/2024\/11\/Faro_positivo-horizontal.png\",\"contentUrl\":\"https:\/\/comarcas.csm.org.pt\/faro\/wp-content\/uploads\/sites\/14\/2024\/11\/Faro_positivo-horizontal.png\",\"width\":4304,\"height\":1186,\"caption\":\"Tribunal Judicial da Comarca de Faro\"},\"image\":{\"@id\":\"https:\/\/comarcas.csm.org.pt\/faro\/#\/schema\/logo\/image\/\"}},{\"@type\":\"Person\",\"@id\":\"https:\/\/comarcas.csm.org.pt\/faro\/#\/schema\/person\/4b57476d02670c2c03cc696e0ae9f1d0\",\"name\":\"servando\",\"image\":{\"@type\":\"ImageObject\",\"inLanguage\":\"pt-PT\",\"@id\":\"https:\/\/comarcas.csm.org.pt\/faro\/#\/schema\/person\/image\/\",\"url\":\"https:\/\/secure.gravatar.com\/avatar\/3bb57b07d435882f36052a526cf1fc8a355ca2f7e451c03f976820909a8410a9?s=96&d=mm&r=g\",\"contentUrl\":\"https:\/\/secure.gravatar.com\/avatar\/3bb57b07d435882f36052a526cf1fc8a355ca2f7e451c03f976820909a8410a9?s=96&d=mm&r=g\",\"caption\":\"servando\"},\"url\":\"https:\/\/comarcas.csm.org.pt\/faro\/blog\/author\/servando\/\"}]}<\/script>\n<!-- \/ Yoast SEO plugin. -->","yoast_head_json":{"title":"\u201cSess\u00e3o de Direito Comunit\u00e1rio \u2013 Instrumentos de Coopera\u00e7\u00e3o Judici\u00e1ria Europeia em mat\u00e9ria civil e comercial\u201d - Tribunal Judicial da Comarca de Faro","robots":{"index":"index","follow":"follow","max-snippet":"max-snippet:-1","max-image-preview":"max-image-preview:large","max-video-preview":"max-video-preview:-1"},"canonical":"https:\/\/comarcas.csm.org.pt\/faro\/blog\/2025\/12\/19\/sessao-de-direito-comunitario-instrumentos-de-cooperacao-judiciaria-europeia-em-materia-civil-e-comercial\/","og_locale":"pt_PT","og_type":"article","og_title":"\u201cSess\u00e3o de Direito Comunit\u00e1rio \u2013 Instrumentos de Coopera\u00e7\u00e3o Judici\u00e1ria Europeia em mat\u00e9ria civil e comercial\u201d - Tribunal Judicial da Comarca de Faro","og_description":"Decorreu ontem 18\/12\/2025, no Audit\u00f3rio da Pol\u00edcia Judici\u00e1ria de Faro a \u201cSess\u00e3o de Direito Comunit\u00e1rio \u2013 Instrumentos de Coopera\u00e7\u00e3o Judici\u00e1ria Europeia em mat\u00e9ria civil e comercial\u201d Formadores(as): Ponto de Contacto da RJE Civil e Comercial,...","og_url":"https:\/\/comarcas.csm.org.pt\/faro\/blog\/2025\/12\/19\/sessao-de-direito-comunitario-instrumentos-de-cooperacao-judiciaria-europeia-em-materia-civil-e-comercial\/","og_site_name":"Tribunal Judicial da Comarca de Faro","article_published_time":"2025-12-19T10:01:25+00:00","article_modified_time":"2025-12-19T10:24:33+00:00","og_image":[{"width":598,"height":809,"url":"https:\/\/comarcas.csm.org.pt\/faro\/wp-content\/uploads\/sites\/14\/2025\/12\/Poster-Final.png","type":"image\/png"}],"author":"servando","twitter_card":"summary_large_image","twitter_misc":{"Escrito por":"servando","Tempo estimado de leitura":"3 minutos"},"schema":{"@context":"https:\/\/schema.org","@graph":[{"@type":"Article","@id":"https:\/\/comarcas.csm.org.pt\/faro\/blog\/2025\/12\/19\/sessao-de-direito-comunitario-instrumentos-de-cooperacao-judiciaria-europeia-em-materia-civil-e-comercial\/#article","isPartOf":{"@id":"https:\/\/comarcas.csm.org.pt\/faro\/blog\/2025\/12\/19\/sessao-de-direito-comunitario-instrumentos-de-cooperacao-judiciaria-europeia-em-materia-civil-e-comercial\/"},"author":{"name":"servando","@id":"https:\/\/comarcas.csm.org.pt\/faro\/#\/schema\/person\/4b57476d02670c2c03cc696e0ae9f1d0"},"headline":"\u201cSess\u00e3o de Direito Comunit\u00e1rio \u2013 Instrumentos de Coopera\u00e7\u00e3o Judici\u00e1ria Europeia em mat\u00e9ria civil e comercial\u201d","datePublished":"2025-12-19T10:01:25+00:00","dateModified":"2025-12-19T10:24:33+00:00","mainEntityOfPage":{"@id":"https:\/\/comarcas.csm.org.pt\/faro\/blog\/2025\/12\/19\/sessao-de-direito-comunitario-instrumentos-de-cooperacao-judiciaria-europeia-em-materia-civil-e-comercial\/"},"wordCount":178,"publisher":{"@id":"https:\/\/comarcas.csm.org.pt\/faro\/#organization"},"image":{"@id":"https:\/\/comarcas.csm.org.pt\/faro\/blog\/2025\/12\/19\/sessao-de-direito-comunitario-instrumentos-de-cooperacao-judiciaria-europeia-em-materia-civil-e-comercial\/#primaryimage"},"thumbnailUrl":"https:\/\/comarcas.csm.org.pt\/faro\/wp-content\/uploads\/sites\/14\/2025\/12\/Poster-Final.png","articleSection":["Geral"],"inLanguage":"pt-PT"},{"@type":"WebPage","@id":"https:\/\/comarcas.csm.org.pt\/faro\/blog\/2025\/12\/19\/sessao-de-direito-comunitario-instrumentos-de-cooperacao-judiciaria-europeia-em-materia-civil-e-comercial\/","url":"https:\/\/comarcas.csm.org.pt\/faro\/blog\/2025\/12\/19\/sessao-de-direito-comunitario-instrumentos-de-cooperacao-judiciaria-europeia-em-materia-civil-e-comercial\/","name":"\u201cSess\u00e3o de Direito Comunit\u00e1rio \u2013 Instrumentos de Coopera\u00e7\u00e3o Judici\u00e1ria Europeia em mat\u00e9ria civil e comercial\u201d - Tribunal Judicial da Comarca de Faro","isPartOf":{"@id":"https:\/\/comarcas.csm.org.pt\/faro\/#website"},"primaryImageOfPage":{"@id":"https:\/\/comarcas.csm.org.pt\/faro\/blog\/2025\/12\/19\/sessao-de-direito-comunitario-instrumentos-de-cooperacao-judiciaria-europeia-em-materia-civil-e-comercial\/#primaryimage"},"image":{"@id":"https:\/\/comarcas.csm.org.pt\/faro\/blog\/2025\/12\/19\/sessao-de-direito-comunitario-instrumentos-de-cooperacao-judiciaria-europeia-em-materia-civil-e-comercial\/#primaryimage"},"thumbnailUrl":"https:\/\/comarcas.csm.org.pt\/faro\/wp-content\/uploads\/sites\/14\/2025\/12\/Poster-Final.png","datePublished":"2025-12-19T10:01:25+00:00","dateModified":"2025-12-19T10:24:33+00:00","breadcrumb":{"@id":"https:\/\/comarcas.csm.org.pt\/faro\/blog\/2025\/12\/19\/sessao-de-direito-comunitario-instrumentos-de-cooperacao-judiciaria-europeia-em-materia-civil-e-comercial\/#breadcrumb"},"inLanguage":"pt-PT","potentialAction":[{"@type":"ReadAction","target":["https:\/\/comarcas.csm.org.pt\/faro\/blog\/2025\/12\/19\/sessao-de-direito-comunitario-instrumentos-de-cooperacao-judiciaria-europeia-em-materia-civil-e-comercial\/"]}]},{"@type":"ImageObject","inLanguage":"pt-PT","@id":"https:\/\/comarcas.csm.org.pt\/faro\/blog\/2025\/12\/19\/sessao-de-direito-comunitario-instrumentos-de-cooperacao-judiciaria-europeia-em-materia-civil-e-comercial\/#primaryimage","url":"https:\/\/comarcas.csm.org.pt\/faro\/wp-content\/uploads\/sites\/14\/2025\/12\/Poster-Final.png","contentUrl":"https:\/\/comarcas.csm.org.pt\/faro\/wp-content\/uploads\/sites\/14\/2025\/12\/Poster-Final.png","width":598,"height":809},{"@type":"BreadcrumbList","@id":"https:\/\/comarcas.csm.org.pt\/faro\/blog\/2025\/12\/19\/sessao-de-direito-comunitario-instrumentos-de-cooperacao-judiciaria-europeia-em-materia-civil-e-comercial\/#breadcrumb","itemListElement":[{"@type":"ListItem","position":1,"name":"In\u00edcio","item":"https:\/\/comarcas.csm.org.pt\/faro\/"},{"@type":"ListItem","position":2,"name":"\u201cSess\u00e3o de Direito Comunit\u00e1rio \u2013 Instrumentos de Coopera\u00e7\u00e3o Judici\u00e1ria Europeia em mat\u00e9ria civil e comercial\u201d"}]},{"@type":"WebSite","@id":"https:\/\/comarcas.csm.org.pt\/faro\/#website","url":"https:\/\/comarcas.csm.org.pt\/faro\/","name":"Tribunal Judicial da Comarca de Faro","description":"Tribunal Judicial da Comarca de Faro","publisher":{"@id":"https:\/\/comarcas.csm.org.pt\/faro\/#organization"},"potentialAction":[{"@type":"SearchAction","target":{"@type":"EntryPoint","urlTemplate":"https:\/\/comarcas.csm.org.pt\/faro\/?s={search_term_string}"},"query-input":{"@type":"PropertyValueSpecification","valueRequired":true,"valueName":"search_term_string"}}],"inLanguage":"pt-PT"},{"@type":"Organization","@id":"https:\/\/comarcas.csm.org.pt\/faro\/#organization","name":"Tribunal Judicial da Comarca de Faro","url":"https:\/\/comarcas.csm.org.pt\/faro\/","logo":{"@type":"ImageObject","inLanguage":"pt-PT","@id":"https:\/\/comarcas.csm.org.pt\/faro\/#\/schema\/logo\/image\/","url":"https:\/\/comarcas.csm.org.pt\/faro\/wp-content\/uploads\/sites\/14\/2024\/11\/Faro_positivo-horizontal.png","contentUrl":"https:\/\/comarcas.csm.org.pt\/faro\/wp-content\/uploads\/sites\/14\/2024\/11\/Faro_positivo-horizontal.png","width":4304,"height":1186,"caption":"Tribunal Judicial da Comarca de Faro"},"image":{"@id":"https:\/\/comarcas.csm.org.pt\/faro\/#\/schema\/logo\/image\/"}},{"@type":"Person","@id":"https:\/\/comarcas.csm.org.pt\/faro\/#\/schema\/person\/4b57476d02670c2c03cc696e0ae9f1d0","name":"servando","image":{"@type":"ImageObject","inLanguage":"pt-PT","@id":"https:\/\/comarcas.csm.org.pt\/faro\/#\/schema\/person\/image\/","url":"https:\/\/secure.gravatar.com\/avatar\/3bb57b07d435882f36052a526cf1fc8a355ca2f7e451c03f976820909a8410a9?s=96&d=mm&r=g","contentUrl":"https:\/\/secure.gravatar.com\/avatar\/3bb57b07d435882f36052a526cf1fc8a355ca2f7e451c03f976820909a8410a9?s=96&d=mm&r=g","caption":"servando"},"url":"https:\/\/comarcas.csm.org.pt\/faro\/blog\/author\/servando\/"}]}},"_links":{"self":[{"href":"https:\/\/comarcas.csm.org.pt\/faro\/wp-json\/wp\/v2\/posts\/14739","targetHints":{"allow":["GET"]}}],"collection":[{"href":"https:\/\/comarcas.csm.org.pt\/faro\/wp-json\/wp\/v2\/posts"}],"about":[{"href":"https:\/\/comarcas.csm.org.pt\/faro\/wp-json\/wp\/v2\/types\/post"}],"author":[{"embeddable":true,"href":"https:\/\/comarcas.csm.org.pt\/faro\/wp-json\/wp\/v2\/users\/29"}],"replies":[{"embeddable":true,"href":"https:\/\/comarcas.csm.org.pt\/faro\/wp-json\/wp\/v2\/comments?post=14739"}],"version-history":[{"count":22,"href":"https:\/\/comarcas.csm.org.pt\/faro\/wp-json\/wp\/v2\/posts\/14739\/revisions"}],"predecessor-version":[{"id":14786,"href":"https:\/\/comarcas.csm.org.pt\/faro\/wp-json\/wp\/v2\/posts\/14739\/revisions\/14786"}],"wp:attachment":[{"href":"https:\/\/comarcas.csm.org.pt\/faro\/wp-json\/wp\/v2\/media?parent=14739"}],"wp:term":[{"taxonomy":"category","embeddable":true,"href":"https:\/\/comarcas.csm.org.pt\/faro\/wp-json\/wp\/v2\/categories?post=14739"},{"taxonomy":"post_tag","embeddable":true,"href":"https:\/\/comarcas.csm.org.pt\/faro\/wp-json\/wp\/v2\/tags?post=14739"}],"curies":[{"name":"wp","href":"https:\/\/api.w.org\/{rel}","templated":true}]}}