{"id":14992,"date":"2026-03-20T12:10:19","date_gmt":"2026-03-20T12:10:19","guid":{"rendered":"https:\/\/comarcas.csm.org.pt\/faro\/?p=14992"},"modified":"2026-03-23T14:06:50","modified_gmt":"2026-03-23T14:06:50","slug":"com-a-justica-nao-se-brinca-parte-i","status":"publish","type":"post","link":"https:\/\/comarcas.csm.org.pt\/faro\/blog\/2026\/03\/20\/com-a-justica-nao-se-brinca-parte-i\/","title":{"rendered":"Com a Justi\u00e7a n\u00e3o se Brinca!"},"content":{"rendered":"\t\t<div data-elementor-type=\"wp-post\" data-elementor-id=\"14992\" class=\"elementor elementor-14992\" data-elementor-post-type=\"post\">\n\t\t\t\t<div class=\"elementor-element elementor-element-b4689dd e-flex e-con-boxed e-con e-parent\" data-id=\"b4689dd\" data-element_type=\"container\">\n\t\t\t\t\t<div class=\"e-con-inner\">\n\t\t\t\t<div class=\"elementor-element elementor-element-7cbb2ef elementor-widget elementor-widget-text-editor\" data-id=\"7cbb2ef\" data-element_type=\"widget\" data-widget_type=\"text-editor.default\">\n\t\t\t\t<div class=\"elementor-widget-container\">\n\t\t\t\t\t\t\t\t\t<h3 style=\"text-align: center\"><strong><span style=\"color: #993300\">\u00a0Pal\u00e1cio da Justi\u00e7a de Faro<\/span><\/strong><\/h3><h6 style=\"text-align: center\"><strong>Coordena\u00e7\u00e3o Vanda Lisa de Oliveira Matos Sousa, Ju\u00edza de Direito, no Ju\u00edzo Local C\u00edvel de Faro &#8211; Juiz 1<\/strong><\/h6><h3 style=\"text-align: center\"><strong><span style=\"color: #993300\">Escola B\u00e1sica 2, 3 Dr. Joaquim Rocha Peixoto Magalh\u00e3es<\/span><\/strong><\/h3><h3 style=\"text-align: center\"><strong><span style=\"color: #993300\">Turmas 8\u00ba B e 9\u00ba f<\/span><\/strong><\/h3><p>Os Tribunais s\u00e3o um dos pilares do funcionamento da sociedade, pilar que ser\u00e1 t\u00e3o forte quanto maior for a consci\u00eancia, esclarecimento e respeito por parte dos cidad\u00e3os.<\/p><p>Os jovens de hoje s\u00e3o os adultos de amanh\u00e3 sendo, por isso, fundamental que saibam como se processam as coisas quando somos v\u00edtimas de um crime ou quando cometemos um crime ou quando presenciamos um crime\u2026 e como o Tribunal, sem uma bola de cristal que revele o que realmente aconteceu, consegue descobrir a verdade.<\/p><p>Lan\u00e7\u00e1mos aos alunos o desafio de apresentarem um conjunto de factos que, com a nossa ajuda, foram vertidos em Acusa\u00e7\u00e3o e Pedidos de Indemniza\u00e7\u00e3o Civil, numa sess\u00e3o de trabalho conjunto que teve lugar no espa\u00e7o escolar, com qualifica\u00e7\u00e3o jur\u00eddica dos factos apresentados e transmiss\u00e3o de conhecimento relevante (idade dos arguidos, moldura penal, pena de multa\/pena de pris\u00e3o, medida concreta da pena, regras de funcionamento da audi\u00eancia de julgamento e seus intervenientes).<\/p><p>Ap\u00f3s esse trabalho, chegou a hora de os factos serem objeto de prova, numa simula\u00e7\u00e3o de Audi\u00eancia de Julgamento, na qual todos os alunos tiveram um papel a desempenhar: ju\u00edzes, procuradores da rep\u00fablica, advogados, arguidos, ofendidos e testemunhas, e que teve lugar no Pal\u00e1cio da Justi\u00e7a (Tribunal de Faro).<\/p><p>Escola B\u00e1sica 2, 3 Dr. Joaquim Rocha Peixoto Magalh\u00e3es, turmas 8.\u00ba B e 9.\u00ba F<\/p><hr \/><p style=\"text-align: left\">\u00a7 NOTA da COORDENA\u00c7\u00c3O:<em><span style=\"color: #0000ff\"> F<span style=\"font-size: 9.5pt\">ico muito grata aos meus extraordin\u00e1rios colegas e senhores auditores que me t\u00eam acompanhado, ano ap\u00f3s ano, na concretiza\u00e7\u00e3o deste projecto e sem os quais era imposs\u00edvel fazer uma simula\u00e7\u00e3o de julgamento t\u00e3o pr\u00f3xima da realidade.<\/span><\/span><\/em><\/p>\t\t\t\t\t\t\t\t<\/div>\n\t\t\t\t<\/div>\n\t\t\t\t\t<\/div>\n\t\t\t\t<\/div>\n\t\t<div class=\"elementor-element elementor-element-4e3641c e-grid e-con-boxed e-con e-parent\" data-id=\"4e3641c\" data-element_type=\"container\">\n\t\t\t\t\t<div class=\"e-con-inner\">\n\t\t\t\t<div class=\"elementor-element elementor-element-6225b8f elementor-widget elementor-widget-image\" data-id=\"6225b8f\" data-element_type=\"widget\" data-widget_type=\"image.default\">\n\t\t\t\t<div class=\"elementor-widget-container\">\n\t\t\t\t\t\t\t\t\t\t\t\t\t\t\t<img fetchpriority=\"high\" decoding=\"async\" width=\"768\" height=\"1024\" src=\"https:\/\/comarcas.csm.org.pt\/faro\/wp-content\/uploads\/sites\/14\/2026\/03\/WhatsApp-Image-2026-03-20-at-09.52.02-2-768x1024.jpeg\" class=\"attachment-large size-large wp-image-14998\" alt=\"\" srcset=\"https:\/\/comarcas.csm.org.pt\/faro\/wp-content\/uploads\/sites\/14\/2026\/03\/WhatsApp-Image-2026-03-20-at-09.52.02-2-768x1024.jpeg 768w, https:\/\/comarcas.csm.org.pt\/faro\/wp-content\/uploads\/sites\/14\/2026\/03\/WhatsApp-Image-2026-03-20-at-09.52.02-2-225x300.jpeg 225w, https:\/\/comarcas.csm.org.pt\/faro\/wp-content\/uploads\/sites\/14\/2026\/03\/WhatsApp-Image-2026-03-20-at-09.52.02-2-1152x1536.jpeg 1152w, https:\/\/comarcas.csm.org.pt\/faro\/wp-content\/uploads\/sites\/14\/2026\/03\/WhatsApp-Image-2026-03-20-at-09.52.02-2.jpeg 1500w\" sizes=\"(max-width: 768px) 100vw, 768px\" \/>\t\t\t\t\t\t\t\t\t\t\t\t\t\t\t<\/div>\n\t\t\t\t<\/div>\n\t\t\t\t<div class=\"elementor-element elementor-element-cfd525d elementor-widget elementor-widget-image\" data-id=\"cfd525d\" data-element_type=\"widget\" data-widget_type=\"image.default\">\n\t\t\t\t<div class=\"elementor-widget-container\">\n\t\t\t\t\t\t\t\t\t\t\t\t\t\t\t<img decoding=\"async\" width=\"768\" height=\"1024\" src=\"https:\/\/comarcas.csm.org.pt\/faro\/wp-content\/uploads\/sites\/14\/2026\/03\/WhatsApp-Image-2026-03-20-at-15.19.25-768x1024.jpeg\" class=\"attachment-large size-large wp-image-15041\" alt=\"\" srcset=\"https:\/\/comarcas.csm.org.pt\/faro\/wp-content\/uploads\/sites\/14\/2026\/03\/WhatsApp-Image-2026-03-20-at-15.19.25-768x1024.jpeg 768w, https:\/\/comarcas.csm.org.pt\/faro\/wp-content\/uploads\/sites\/14\/2026\/03\/WhatsApp-Image-2026-03-20-at-15.19.25-225x300.jpeg 225w, https:\/\/comarcas.csm.org.pt\/faro\/wp-content\/uploads\/sites\/14\/2026\/03\/WhatsApp-Image-2026-03-20-at-15.19.25-1152x1536.jpeg 1152w, https:\/\/comarcas.csm.org.pt\/faro\/wp-content\/uploads\/sites\/14\/2026\/03\/WhatsApp-Image-2026-03-20-at-15.19.25-1536x2048.jpeg 1536w, https:\/\/comarcas.csm.org.pt\/faro\/wp-content\/uploads\/sites\/14\/2026\/03\/WhatsApp-Image-2026-03-20-at-15.19.25-scaled.jpeg 1920w\" sizes=\"(max-width: 768px) 100vw, 768px\" \/>\t\t\t\t\t\t\t\t\t\t\t\t\t\t\t<\/div>\n\t\t\t\t<\/div>\n\t\t\t\t<div class=\"elementor-element elementor-element-e861cae elementor-widget elementor-widget-image\" data-id=\"e861cae\" data-element_type=\"widget\" data-widget_type=\"image.default\">\n\t\t\t\t<div class=\"elementor-widget-container\">\n\t\t\t\t\t\t\t\t\t\t\t\t\t\t\t<img decoding=\"async\" width=\"1152\" height=\"1536\" src=\"https:\/\/comarcas.csm.org.pt\/faro\/wp-content\/uploads\/sites\/14\/2026\/03\/WhatsApp-Image-2026-03-20-at-09.51.59-1-1152x1536.jpeg\" class=\"attachment-1536x1536 size-1536x1536 wp-image-15006\" alt=\"\" srcset=\"https:\/\/comarcas.csm.org.pt\/faro\/wp-content\/uploads\/sites\/14\/2026\/03\/WhatsApp-Image-2026-03-20-at-09.51.59-1-1152x1536.jpeg 1152w, https:\/\/comarcas.csm.org.pt\/faro\/wp-content\/uploads\/sites\/14\/2026\/03\/WhatsApp-Image-2026-03-20-at-09.51.59-1-225x300.jpeg 225w, https:\/\/comarcas.csm.org.pt\/faro\/wp-content\/uploads\/sites\/14\/2026\/03\/WhatsApp-Image-2026-03-20-at-09.51.59-1-768x1024.jpeg 768w, https:\/\/comarcas.csm.org.pt\/faro\/wp-content\/uploads\/sites\/14\/2026\/03\/WhatsApp-Image-2026-03-20-at-09.51.59-1.jpeg 1500w\" sizes=\"(max-width: 1152px) 100vw, 1152px\" \/>\t\t\t\t\t\t\t\t\t\t\t\t\t\t\t<\/div>\n\t\t\t\t<\/div>\n\t\t\t\t<div class=\"elementor-element elementor-element-706d32a elementor-widget elementor-widget-image\" data-id=\"706d32a\" data-element_type=\"widget\" data-widget_type=\"image.default\">\n\t\t\t\t<div class=\"elementor-widget-container\">\n\t\t\t\t\t\t\t\t\t\t\t\t\t\t\t<img loading=\"lazy\" decoding=\"async\" width=\"768\" height=\"1024\" src=\"https:\/\/comarcas.csm.org.pt\/faro\/wp-content\/uploads\/sites\/14\/2026\/03\/WhatsApp-Image-2026-03-20-at-15.09.16-768x1024.jpeg\" class=\"attachment-large size-large wp-image-15058\" alt=\"\" srcset=\"https:\/\/comarcas.csm.org.pt\/faro\/wp-content\/uploads\/sites\/14\/2026\/03\/WhatsApp-Image-2026-03-20-at-15.09.16-768x1024.jpeg 768w, https:\/\/comarcas.csm.org.pt\/faro\/wp-content\/uploads\/sites\/14\/2026\/03\/WhatsApp-Image-2026-03-20-at-15.09.16-225x300.jpeg 225w, https:\/\/comarcas.csm.org.pt\/faro\/wp-content\/uploads\/sites\/14\/2026\/03\/WhatsApp-Image-2026-03-20-at-15.09.16-1152x1536.jpeg 1152w, https:\/\/comarcas.csm.org.pt\/faro\/wp-content\/uploads\/sites\/14\/2026\/03\/WhatsApp-Image-2026-03-20-at-15.09.16-1536x2048.jpeg 1536w, https:\/\/comarcas.csm.org.pt\/faro\/wp-content\/uploads\/sites\/14\/2026\/03\/WhatsApp-Image-2026-03-20-at-15.09.16-scaled.jpeg 1920w\" sizes=\"(max-width: 768px) 100vw, 768px\" \/>\t\t\t\t\t\t\t\t\t\t\t\t\t\t\t<\/div>\n\t\t\t\t<\/div>\n\t\t\t\t<div class=\"elementor-element elementor-element-b1f51f8 elementor-widget elementor-widget-image\" data-id=\"b1f51f8\" data-element_type=\"widget\" data-widget_type=\"image.default\">\n\t\t\t\t<div class=\"elementor-widget-container\">\n\t\t\t\t\t\t\t\t\t\t\t\t\t\t\t<img loading=\"lazy\" decoding=\"async\" width=\"768\" height=\"1024\" src=\"https:\/\/comarcas.csm.org.pt\/faro\/wp-content\/uploads\/sites\/14\/2026\/03\/WhatsApp-Image-2026-03-20-at-15.19.25-1-768x1024.jpeg\" class=\"attachment-large size-large wp-image-15042\" alt=\"\" srcset=\"https:\/\/comarcas.csm.org.pt\/faro\/wp-content\/uploads\/sites\/14\/2026\/03\/WhatsApp-Image-2026-03-20-at-15.19.25-1-768x1024.jpeg 768w, https:\/\/comarcas.csm.org.pt\/faro\/wp-content\/uploads\/sites\/14\/2026\/03\/WhatsApp-Image-2026-03-20-at-15.19.25-1-225x300.jpeg 225w, https:\/\/comarcas.csm.org.pt\/faro\/wp-content\/uploads\/sites\/14\/2026\/03\/WhatsApp-Image-2026-03-20-at-15.19.25-1-1152x1536.jpeg 1152w, https:\/\/comarcas.csm.org.pt\/faro\/wp-content\/uploads\/sites\/14\/2026\/03\/WhatsApp-Image-2026-03-20-at-15.19.25-1-1536x2048.jpeg 1536w, https:\/\/comarcas.csm.org.pt\/faro\/wp-content\/uploads\/sites\/14\/2026\/03\/WhatsApp-Image-2026-03-20-at-15.19.25-1-scaled.jpeg 1920w\" sizes=\"(max-width: 768px) 100vw, 768px\" \/>\t\t\t\t\t\t\t\t\t\t\t\t\t\t\t<\/div>\n\t\t\t\t<\/div>\n\t\t\t\t<div class=\"elementor-element elementor-element-215633e elementor-widget elementor-widget-image\" data-id=\"215633e\" data-element_type=\"widget\" data-widget_type=\"image.default\">\n\t\t\t\t<div class=\"elementor-widget-container\">\n\t\t\t\t\t\t\t\t\t\t\t\t\t\t\t<img loading=\"lazy\" decoding=\"async\" width=\"768\" height=\"1024\" src=\"https:\/\/comarcas.csm.org.pt\/faro\/wp-content\/uploads\/sites\/14\/2026\/03\/WhatsApp-Image-2026-03-20-at-16.08.55-768x1024.jpeg\" class=\"attachment-large size-large wp-image-15047\" alt=\"\" srcset=\"https:\/\/comarcas.csm.org.pt\/faro\/wp-content\/uploads\/sites\/14\/2026\/03\/WhatsApp-Image-2026-03-20-at-16.08.55-768x1024.jpeg 768w, https:\/\/comarcas.csm.org.pt\/faro\/wp-content\/uploads\/sites\/14\/2026\/03\/WhatsApp-Image-2026-03-20-at-16.08.55-225x300.jpeg 225w, https:\/\/comarcas.csm.org.pt\/faro\/wp-content\/uploads\/sites\/14\/2026\/03\/WhatsApp-Image-2026-03-20-at-16.08.55-1152x1536.jpeg 1152w, https:\/\/comarcas.csm.org.pt\/faro\/wp-content\/uploads\/sites\/14\/2026\/03\/WhatsApp-Image-2026-03-20-at-16.08.55-1536x2048.jpeg 1536w, https:\/\/comarcas.csm.org.pt\/faro\/wp-content\/uploads\/sites\/14\/2026\/03\/WhatsApp-Image-2026-03-20-at-16.08.55-scaled.jpeg 1920w\" sizes=\"(max-width: 768px) 100vw, 768px\" \/>\t\t\t\t\t\t\t\t\t\t\t\t\t\t\t<\/div>\n\t\t\t\t<\/div>\n\t\t\t\t\t<\/div>\n\t\t\t\t<\/div>\n\t\t\t\t<\/div>\n\t\t","protected":false},"excerpt":{"rendered":"<p>\u00a0Pal\u00e1cio da Justi\u00e7a de Faro Coordena\u00e7\u00e3o Vanda Lisa de Oliveira Matos Sousa, Ju\u00edza de Direito, no Ju\u00edzo Local C\u00edvel de Faro &#8211; Juiz 1 Escola B\u00e1sica 2, 3 Dr. Joaquim Rocha Peixoto Magalh\u00e3es Turmas 8\u00ba&#8230;<\/p>\n","protected":false},"author":29,"featured_media":14983,"comment_status":"closed","ping_status":"open","sticky":false,"template":"","format":"standard","meta":{"_tbt_post_transparent":"","_tbt_post_title":"","_tbt_post_layout":"","_tbt_post_sidebar_id":"","_tbt_post_content_style":"","_tbt_post_vertical_padding":"","_tbt_post_feature":"","_tbt_post_feature_position":"","_tbt_post_header":false,"_tbt_post_footer":false},"categories":[74,2,73],"tags":[],"class_list":["post-14992","post","type-post","status-publish","format-standard","has-post-thumbnail","hentry","category-comunidade","category-eventos","category-magistradosas"],"yoast_head":"<!-- This site is optimized with the Yoast SEO plugin v25.6 - https:\/\/yoast.com\/wordpress\/plugins\/seo\/ -->\n<title>Com a Justi\u00e7a n\u00e3o se Brinca! - Tribunal Judicial da Comarca de Faro<\/title>\n<meta name=\"robots\" content=\"index, follow, max-snippet:-1, max-image-preview:large, max-video-preview:-1\" \/>\n<link rel=\"canonical\" href=\"https:\/\/comarcas.csm.org.pt\/faro\/blog\/2026\/03\/20\/com-a-justica-nao-se-brinca-parte-i\/\" \/>\n<meta property=\"og:locale\" content=\"pt_PT\" \/>\n<meta property=\"og:type\" content=\"article\" \/>\n<meta property=\"og:title\" content=\"Com a Justi\u00e7a n\u00e3o se Brinca! - Tribunal Judicial da Comarca de Faro\" \/>\n<meta property=\"og:description\" content=\"\u00a0Pal\u00e1cio da Justi\u00e7a de Faro Coordena\u00e7\u00e3o Vanda Lisa de Oliveira Matos Sousa, Ju\u00edza de Direito, no Ju\u00edzo Local C\u00edvel de Faro &#8211; Juiz 1 Escola B\u00e1sica 2, 3 Dr. Joaquim Rocha Peixoto Magalh\u00e3es Turmas 8\u00ba...\" \/>\n<meta property=\"og:url\" content=\"https:\/\/comarcas.csm.org.pt\/faro\/blog\/2026\/03\/20\/com-a-justica-nao-se-brinca-parte-i\/\" \/>\n<meta property=\"og:site_name\" content=\"Tribunal Judicial da Comarca de Faro\" \/>\n<meta property=\"article:published_time\" content=\"2026-03-20T12:10:19+00:00\" \/>\n<meta property=\"article:modified_time\" content=\"2026-03-23T14:06:50+00:00\" \/>\n<meta property=\"og:image\" content=\"https:\/\/comarcas.csm.org.pt\/faro\/wp-content\/uploads\/sites\/14\/2026\/03\/Com-a-Justica-nao-se-Brinca.png\" \/>\n\t<meta property=\"og:image:width\" content=\"1200\" \/>\n\t<meta property=\"og:image:height\" content=\"628\" \/>\n\t<meta property=\"og:image:type\" content=\"image\/png\" \/>\n<meta name=\"author\" content=\"servando\" \/>\n<meta name=\"twitter:card\" content=\"summary_large_image\" \/>\n<meta name=\"twitter:label1\" content=\"Escrito por\" \/>\n\t<meta name=\"twitter:data1\" content=\"servando\" \/>\n\t<meta name=\"twitter:label2\" content=\"Tempo estimado de leitura\" \/>\n\t<meta name=\"twitter:data2\" content=\"3 minutos\" \/>\n<script type=\"application\/ld+json\" class=\"yoast-schema-graph\">{\"@context\":\"https:\/\/schema.org\",\"@graph\":[{\"@type\":\"Article\",\"@id\":\"https:\/\/comarcas.csm.org.pt\/faro\/blog\/2026\/03\/20\/com-a-justica-nao-se-brinca-parte-i\/#article\",\"isPartOf\":{\"@id\":\"https:\/\/comarcas.csm.org.pt\/faro\/blog\/2026\/03\/20\/com-a-justica-nao-se-brinca-parte-i\/\"},\"author\":{\"name\":\"servando\",\"@id\":\"https:\/\/comarcas.csm.org.pt\/faro\/#\/schema\/person\/4b57476d02670c2c03cc696e0ae9f1d0\"},\"headline\":\"Com a Justi\u00e7a n\u00e3o se Brinca!\",\"datePublished\":\"2026-03-20T12:10:19+00:00\",\"dateModified\":\"2026-03-23T14:06:50+00:00\",\"mainEntityOfPage\":{\"@id\":\"https:\/\/comarcas.csm.org.pt\/faro\/blog\/2026\/03\/20\/com-a-justica-nao-se-brinca-parte-i\/\"},\"wordCount\":337,\"publisher\":{\"@id\":\"https:\/\/comarcas.csm.org.pt\/faro\/#organization\"},\"image\":{\"@id\":\"https:\/\/comarcas.csm.org.pt\/faro\/blog\/2026\/03\/20\/com-a-justica-nao-se-brinca-parte-i\/#primaryimage\"},\"thumbnailUrl\":\"https:\/\/comarcas.csm.org.pt\/faro\/wp-content\/uploads\/sites\/14\/2026\/03\/Com-a-Justica-nao-se-Brinca.png\",\"articleSection\":[\"Comunidade\",\"Eventos\",\"Magistrados(as)\"],\"inLanguage\":\"pt-PT\"},{\"@type\":\"WebPage\",\"@id\":\"https:\/\/comarcas.csm.org.pt\/faro\/blog\/2026\/03\/20\/com-a-justica-nao-se-brinca-parte-i\/\",\"url\":\"https:\/\/comarcas.csm.org.pt\/faro\/blog\/2026\/03\/20\/com-a-justica-nao-se-brinca-parte-i\/\",\"name\":\"Com a Justi\u00e7a n\u00e3o se Brinca! - Tribunal Judicial da Comarca de Faro\",\"isPartOf\":{\"@id\":\"https:\/\/comarcas.csm.org.pt\/faro\/#website\"},\"primaryImageOfPage\":{\"@id\":\"https:\/\/comarcas.csm.org.pt\/faro\/blog\/2026\/03\/20\/com-a-justica-nao-se-brinca-parte-i\/#primaryimage\"},\"image\":{\"@id\":\"https:\/\/comarcas.csm.org.pt\/faro\/blog\/2026\/03\/20\/com-a-justica-nao-se-brinca-parte-i\/#primaryimage\"},\"thumbnailUrl\":\"https:\/\/comarcas.csm.org.pt\/faro\/wp-content\/uploads\/sites\/14\/2026\/03\/Com-a-Justica-nao-se-Brinca.png\",\"datePublished\":\"2026-03-20T12:10:19+00:00\",\"dateModified\":\"2026-03-23T14:06:50+00:00\",\"breadcrumb\":{\"@id\":\"https:\/\/comarcas.csm.org.pt\/faro\/blog\/2026\/03\/20\/com-a-justica-nao-se-brinca-parte-i\/#breadcrumb\"},\"inLanguage\":\"pt-PT\",\"potentialAction\":[{\"@type\":\"ReadAction\",\"target\":[\"https:\/\/comarcas.csm.org.pt\/faro\/blog\/2026\/03\/20\/com-a-justica-nao-se-brinca-parte-i\/\"]}]},{\"@type\":\"ImageObject\",\"inLanguage\":\"pt-PT\",\"@id\":\"https:\/\/comarcas.csm.org.pt\/faro\/blog\/2026\/03\/20\/com-a-justica-nao-se-brinca-parte-i\/#primaryimage\",\"url\":\"https:\/\/comarcas.csm.org.pt\/faro\/wp-content\/uploads\/sites\/14\/2026\/03\/Com-a-Justica-nao-se-Brinca.png\",\"contentUrl\":\"https:\/\/comarcas.csm.org.pt\/faro\/wp-content\/uploads\/sites\/14\/2026\/03\/Com-a-Justica-nao-se-Brinca.png\",\"width\":1200,\"height\":628},{\"@type\":\"BreadcrumbList\",\"@id\":\"https:\/\/comarcas.csm.org.pt\/faro\/blog\/2026\/03\/20\/com-a-justica-nao-se-brinca-parte-i\/#breadcrumb\",\"itemListElement\":[{\"@type\":\"ListItem\",\"position\":1,\"name\":\"In\u00edcio\",\"item\":\"https:\/\/comarcas.csm.org.pt\/faro\/\"},{\"@type\":\"ListItem\",\"position\":2,\"name\":\"Com a Justi\u00e7a n\u00e3o se Brinca!\"}]},{\"@type\":\"WebSite\",\"@id\":\"https:\/\/comarcas.csm.org.pt\/faro\/#website\",\"url\":\"https:\/\/comarcas.csm.org.pt\/faro\/\",\"name\":\"Tribunal Judicial da Comarca de Faro\",\"description\":\"Tribunal Judicial da Comarca de Faro\",\"publisher\":{\"@id\":\"https:\/\/comarcas.csm.org.pt\/faro\/#organization\"},\"potentialAction\":[{\"@type\":\"SearchAction\",\"target\":{\"@type\":\"EntryPoint\",\"urlTemplate\":\"https:\/\/comarcas.csm.org.pt\/faro\/?s={search_term_string}\"},\"query-input\":{\"@type\":\"PropertyValueSpecification\",\"valueRequired\":true,\"valueName\":\"search_term_string\"}}],\"inLanguage\":\"pt-PT\"},{\"@type\":\"Organization\",\"@id\":\"https:\/\/comarcas.csm.org.pt\/faro\/#organization\",\"name\":\"Tribunal Judicial da Comarca de Faro\",\"url\":\"https:\/\/comarcas.csm.org.pt\/faro\/\",\"logo\":{\"@type\":\"ImageObject\",\"inLanguage\":\"pt-PT\",\"@id\":\"https:\/\/comarcas.csm.org.pt\/faro\/#\/schema\/logo\/image\/\",\"url\":\"https:\/\/comarcas.csm.org.pt\/faro\/wp-content\/uploads\/sites\/14\/2024\/11\/Faro_positivo-horizontal.png\",\"contentUrl\":\"https:\/\/comarcas.csm.org.pt\/faro\/wp-content\/uploads\/sites\/14\/2024\/11\/Faro_positivo-horizontal.png\",\"width\":4304,\"height\":1186,\"caption\":\"Tribunal Judicial da Comarca de Faro\"},\"image\":{\"@id\":\"https:\/\/comarcas.csm.org.pt\/faro\/#\/schema\/logo\/image\/\"}},{\"@type\":\"Person\",\"@id\":\"https:\/\/comarcas.csm.org.pt\/faro\/#\/schema\/person\/4b57476d02670c2c03cc696e0ae9f1d0\",\"name\":\"servando\",\"image\":{\"@type\":\"ImageObject\",\"inLanguage\":\"pt-PT\",\"@id\":\"https:\/\/comarcas.csm.org.pt\/faro\/#\/schema\/person\/image\/\",\"url\":\"https:\/\/secure.gravatar.com\/avatar\/3bb57b07d435882f36052a526cf1fc8a355ca2f7e451c03f976820909a8410a9?s=96&d=mm&r=g\",\"contentUrl\":\"https:\/\/secure.gravatar.com\/avatar\/3bb57b07d435882f36052a526cf1fc8a355ca2f7e451c03f976820909a8410a9?s=96&d=mm&r=g\",\"caption\":\"servando\"},\"url\":\"https:\/\/comarcas.csm.org.pt\/faro\/blog\/author\/servando\/\"}]}<\/script>\n<!-- \/ Yoast SEO plugin. -->","yoast_head_json":{"title":"Com a Justi\u00e7a n\u00e3o se Brinca! - Tribunal Judicial da Comarca de Faro","robots":{"index":"index","follow":"follow","max-snippet":"max-snippet:-1","max-image-preview":"max-image-preview:large","max-video-preview":"max-video-preview:-1"},"canonical":"https:\/\/comarcas.csm.org.pt\/faro\/blog\/2026\/03\/20\/com-a-justica-nao-se-brinca-parte-i\/","og_locale":"pt_PT","og_type":"article","og_title":"Com a Justi\u00e7a n\u00e3o se Brinca! - Tribunal Judicial da Comarca de Faro","og_description":"\u00a0Pal\u00e1cio da Justi\u00e7a de Faro Coordena\u00e7\u00e3o Vanda Lisa de Oliveira Matos Sousa, Ju\u00edza de Direito, no Ju\u00edzo Local C\u00edvel de Faro &#8211; Juiz 1 Escola B\u00e1sica 2, 3 Dr. Joaquim Rocha Peixoto Magalh\u00e3es Turmas 8\u00ba...","og_url":"https:\/\/comarcas.csm.org.pt\/faro\/blog\/2026\/03\/20\/com-a-justica-nao-se-brinca-parte-i\/","og_site_name":"Tribunal Judicial da Comarca de Faro","article_published_time":"2026-03-20T12:10:19+00:00","article_modified_time":"2026-03-23T14:06:50+00:00","og_image":[{"width":1200,"height":628,"url":"https:\/\/comarcas.csm.org.pt\/faro\/wp-content\/uploads\/sites\/14\/2026\/03\/Com-a-Justica-nao-se-Brinca.png","type":"image\/png"}],"author":"servando","twitter_card":"summary_large_image","twitter_misc":{"Escrito por":"servando","Tempo estimado de leitura":"3 minutos"},"schema":{"@context":"https:\/\/schema.org","@graph":[{"@type":"Article","@id":"https:\/\/comarcas.csm.org.pt\/faro\/blog\/2026\/03\/20\/com-a-justica-nao-se-brinca-parte-i\/#article","isPartOf":{"@id":"https:\/\/comarcas.csm.org.pt\/faro\/blog\/2026\/03\/20\/com-a-justica-nao-se-brinca-parte-i\/"},"author":{"name":"servando","@id":"https:\/\/comarcas.csm.org.pt\/faro\/#\/schema\/person\/4b57476d02670c2c03cc696e0ae9f1d0"},"headline":"Com a Justi\u00e7a n\u00e3o se Brinca!","datePublished":"2026-03-20T12:10:19+00:00","dateModified":"2026-03-23T14:06:50+00:00","mainEntityOfPage":{"@id":"https:\/\/comarcas.csm.org.pt\/faro\/blog\/2026\/03\/20\/com-a-justica-nao-se-brinca-parte-i\/"},"wordCount":337,"publisher":{"@id":"https:\/\/comarcas.csm.org.pt\/faro\/#organization"},"image":{"@id":"https:\/\/comarcas.csm.org.pt\/faro\/blog\/2026\/03\/20\/com-a-justica-nao-se-brinca-parte-i\/#primaryimage"},"thumbnailUrl":"https:\/\/comarcas.csm.org.pt\/faro\/wp-content\/uploads\/sites\/14\/2026\/03\/Com-a-Justica-nao-se-Brinca.png","articleSection":["Comunidade","Eventos","Magistrados(as)"],"inLanguage":"pt-PT"},{"@type":"WebPage","@id":"https:\/\/comarcas.csm.org.pt\/faro\/blog\/2026\/03\/20\/com-a-justica-nao-se-brinca-parte-i\/","url":"https:\/\/comarcas.csm.org.pt\/faro\/blog\/2026\/03\/20\/com-a-justica-nao-se-brinca-parte-i\/","name":"Com a Justi\u00e7a n\u00e3o se Brinca! - Tribunal Judicial da Comarca de Faro","isPartOf":{"@id":"https:\/\/comarcas.csm.org.pt\/faro\/#website"},"primaryImageOfPage":{"@id":"https:\/\/comarcas.csm.org.pt\/faro\/blog\/2026\/03\/20\/com-a-justica-nao-se-brinca-parte-i\/#primaryimage"},"image":{"@id":"https:\/\/comarcas.csm.org.pt\/faro\/blog\/2026\/03\/20\/com-a-justica-nao-se-brinca-parte-i\/#primaryimage"},"thumbnailUrl":"https:\/\/comarcas.csm.org.pt\/faro\/wp-content\/uploads\/sites\/14\/2026\/03\/Com-a-Justica-nao-se-Brinca.png","datePublished":"2026-03-20T12:10:19+00:00","dateModified":"2026-03-23T14:06:50+00:00","breadcrumb":{"@id":"https:\/\/comarcas.csm.org.pt\/faro\/blog\/2026\/03\/20\/com-a-justica-nao-se-brinca-parte-i\/#breadcrumb"},"inLanguage":"pt-PT","potentialAction":[{"@type":"ReadAction","target":["https:\/\/comarcas.csm.org.pt\/faro\/blog\/2026\/03\/20\/com-a-justica-nao-se-brinca-parte-i\/"]}]},{"@type":"ImageObject","inLanguage":"pt-PT","@id":"https:\/\/comarcas.csm.org.pt\/faro\/blog\/2026\/03\/20\/com-a-justica-nao-se-brinca-parte-i\/#primaryimage","url":"https:\/\/comarcas.csm.org.pt\/faro\/wp-content\/uploads\/sites\/14\/2026\/03\/Com-a-Justica-nao-se-Brinca.png","contentUrl":"https:\/\/comarcas.csm.org.pt\/faro\/wp-content\/uploads\/sites\/14\/2026\/03\/Com-a-Justica-nao-se-Brinca.png","width":1200,"height":628},{"@type":"BreadcrumbList","@id":"https:\/\/comarcas.csm.org.pt\/faro\/blog\/2026\/03\/20\/com-a-justica-nao-se-brinca-parte-i\/#breadcrumb","itemListElement":[{"@type":"ListItem","position":1,"name":"In\u00edcio","item":"https:\/\/comarcas.csm.org.pt\/faro\/"},{"@type":"ListItem","position":2,"name":"Com a Justi\u00e7a n\u00e3o se Brinca!"}]},{"@type":"WebSite","@id":"https:\/\/comarcas.csm.org.pt\/faro\/#website","url":"https:\/\/comarcas.csm.org.pt\/faro\/","name":"Tribunal Judicial da Comarca de Faro","description":"Tribunal Judicial da Comarca de Faro","publisher":{"@id":"https:\/\/comarcas.csm.org.pt\/faro\/#organization"},"potentialAction":[{"@type":"SearchAction","target":{"@type":"EntryPoint","urlTemplate":"https:\/\/comarcas.csm.org.pt\/faro\/?s={search_term_string}"},"query-input":{"@type":"PropertyValueSpecification","valueRequired":true,"valueName":"search_term_string"}}],"inLanguage":"pt-PT"},{"@type":"Organization","@id":"https:\/\/comarcas.csm.org.pt\/faro\/#organization","name":"Tribunal Judicial da Comarca de Faro","url":"https:\/\/comarcas.csm.org.pt\/faro\/","logo":{"@type":"ImageObject","inLanguage":"pt-PT","@id":"https:\/\/comarcas.csm.org.pt\/faro\/#\/schema\/logo\/image\/","url":"https:\/\/comarcas.csm.org.pt\/faro\/wp-content\/uploads\/sites\/14\/2024\/11\/Faro_positivo-horizontal.png","contentUrl":"https:\/\/comarcas.csm.org.pt\/faro\/wp-content\/uploads\/sites\/14\/2024\/11\/Faro_positivo-horizontal.png","width":4304,"height":1186,"caption":"Tribunal Judicial da Comarca de Faro"},"image":{"@id":"https:\/\/comarcas.csm.org.pt\/faro\/#\/schema\/logo\/image\/"}},{"@type":"Person","@id":"https:\/\/comarcas.csm.org.pt\/faro\/#\/schema\/person\/4b57476d02670c2c03cc696e0ae9f1d0","name":"servando","image":{"@type":"ImageObject","inLanguage":"pt-PT","@id":"https:\/\/comarcas.csm.org.pt\/faro\/#\/schema\/person\/image\/","url":"https:\/\/secure.gravatar.com\/avatar\/3bb57b07d435882f36052a526cf1fc8a355ca2f7e451c03f976820909a8410a9?s=96&d=mm&r=g","contentUrl":"https:\/\/secure.gravatar.com\/avatar\/3bb57b07d435882f36052a526cf1fc8a355ca2f7e451c03f976820909a8410a9?s=96&d=mm&r=g","caption":"servando"},"url":"https:\/\/comarcas.csm.org.pt\/faro\/blog\/author\/servando\/"}]}},"_links":{"self":[{"href":"https:\/\/comarcas.csm.org.pt\/faro\/wp-json\/wp\/v2\/posts\/14992","targetHints":{"allow":["GET"]}}],"collection":[{"href":"https:\/\/comarcas.csm.org.pt\/faro\/wp-json\/wp\/v2\/posts"}],"about":[{"href":"https:\/\/comarcas.csm.org.pt\/faro\/wp-json\/wp\/v2\/types\/post"}],"author":[{"embeddable":true,"href":"https:\/\/comarcas.csm.org.pt\/faro\/wp-json\/wp\/v2\/users\/29"}],"replies":[{"embeddable":true,"href":"https:\/\/comarcas.csm.org.pt\/faro\/wp-json\/wp\/v2\/comments?post=14992"}],"version-history":[{"count":52,"href":"https:\/\/comarcas.csm.org.pt\/faro\/wp-json\/wp\/v2\/posts\/14992\/revisions"}],"predecessor-version":[{"id":15083,"href":"https:\/\/comarcas.csm.org.pt\/faro\/wp-json\/wp\/v2\/posts\/14992\/revisions\/15083"}],"wp:featuredmedia":[{"embeddable":true,"href":"https:\/\/comarcas.csm.org.pt\/faro\/wp-json\/wp\/v2\/media\/14983"}],"wp:attachment":[{"href":"https:\/\/comarcas.csm.org.pt\/faro\/wp-json\/wp\/v2\/media?parent=14992"}],"wp:term":[{"taxonomy":"category","embeddable":true,"href":"https:\/\/comarcas.csm.org.pt\/faro\/wp-json\/wp\/v2\/categories?post=14992"},{"taxonomy":"post_tag","embeddable":true,"href":"https:\/\/comarcas.csm.org.pt\/faro\/wp-json\/wp\/v2\/tags?post=14992"}],"curies":[{"name":"wp","href":"https:\/\/api.w.org\/{rel}","templated":true}]}}